{"id":119501,"date":"2025-09-09T18:09:48","date_gmt":"2025-09-09T15:09:48","guid":{"rendered":"https:\/\/urbeamea.ro\/albaiulia\/?p=119501"},"modified":"2025-09-09T18:09:50","modified_gmt":"2025-09-09T15:09:50","slug":"%f0%9d%97%a2-%f0%9d%97%bb%f0%9d%97%bc%f0%9d%98%82%f0%9d%97%ae-%f0%9d%97%b2%f0%9d%97%b1%f0%9d%97%b6%f0%9d%98%81%f0%9d%97%b6%f0%9d%97%b2-%f0%9d%97%ae-%f0%9d%97%bd%f0%9d%97%bf%f0%9d%97%bc%f0%9d%97%b6","status":"publish","type":"post","link":"https:\/\/urbeamea.ro\/albaiulia\/%f0%9d%97%a2-%f0%9d%97%bb%f0%9d%97%bc%f0%9d%98%82%f0%9d%97%ae-%f0%9d%97%b2%f0%9d%97%b1%f0%9d%97%b6%f0%9d%98%81%f0%9d%97%b6%f0%9d%97%b2-%f0%9d%97%ae-%f0%9d%97%bd%f0%9d%97%bf%f0%9d%97%bc%f0%9d%97%b6\/","title":{"rendered":"\ud835\udde2 \ud835\uddfb\ud835\uddfc\ud835\ude02\ud835\uddee \ud835\uddf2\ud835\uddf1\ud835\uddf6\ud835\ude01\ud835\uddf6\ud835\uddf2 \ud835\uddee \ud835\uddfd\ud835\uddff\ud835\uddfc\ud835\uddf6\ud835\uddf2\ud835\uddf0\ud835\ude01\ud835\ude02\ud835\uddf9\ud835\ude02\ud835\uddf6 \u201e\ud835\uddda\ud835\uddf5\ud835\uddf6\ud835\uddfc\ud835\ude07\ud835\uddf1\ud835\uddee\ud835\uddfb\ud835\uddf2\ud835\uddf9\ud835\ude02\ud835\uddf9 \ud835\uddfa\ud835\uddf2\ud835\ude02\u201d, \ud835\uddf1\ud835\uddf2\ud835\uddff\ud835\ude02\ud835\uddf9\ud835\uddee\ud835\ude01\ud835\uddee \ud835\uddf1\ud835\uddf2 \ud835\udde6\ud835\uddfc\ud835\uddf0\ud835\uddf6\ud835\uddf2\ud835\ude01\ud835\uddee\ud835\ude01\ud835\uddf2\ud835\uddee \ud835\uddd9\ud835\uddf2\ud835\uddfa\ud835\uddf2\ud835\uddf6\ud835\uddf9\ud835\uddfc\ud835\uddff \ud835\udde2\ud835\uddff\ud835\ude01\ud835\uddfc\ud835\uddf1\ud835\uddfc\ud835\ude05\ud835\uddf2 \ud835\uddf1\ud835\uddf6\ud835\uddfb \ud835\uddd4\ud835\uddff\ud835\uddf5\ud835\uddf6\ud835\uddf2\ud835\uddfd\ud835\uddf6\ud835\ude00\ud835\uddf0\ud835\uddfc\ud835\uddfd\ud835\uddf6\ud835\uddee \ud835\uddd4\ud835\uddf9\ud835\uddef\ud835\uddee"},"content":{"rendered":"\n<p><strong>An de an, \u00een cadrul proiectului \u201eGhiozd\u0103nelul meu\u201d, Societatea Femeilor Ortodoxe din Arhiepiscopia Alba Iuliei, cu binecuv\u00e2ntarea \u00cenaltpreasfin\u021bitului P\u0103rinte Arhiepiscop Irineu, ofer\u0103 rechizite \u0219colare elevilor ciclului primar din \u0219colile aflate \u00een zone defavorizate din jude\u021bul Alba.<\/strong><\/p>\n\n\n\n<p>Astfel, continu\u00e2nd tradi\u021bia, la \u00eenceputul acestui an \u0219colar au fost oferite 21 de ghiozdane \u0219i rechizitele necesare, conform disciplinelor prev\u0103zute spre studiu, elevilor ciclului primar de la \u0218coala Gimnazial\u0103 \u201eDemetriu Radu\u201d din R\u0103de\u0219ti.<\/p>\n\n\n\n<p>D\u0103m slav\u0103 lui Dumnezeu c\u0103 am reu\u0219it, \u0219i anul acesta, s\u0103 aducem z\u00e2mbete pe chipurile unor \u0219colari, la acest nou \u00eenceput. <\/p>\n\n\n\n<p>Pe aceast\u0103 cale, dorim elevilor, cadrelor didactice \u0219i p\u0103rin\u021bilor un an \u0219colar frumos, cu lini\u0219te sufleteasc\u0103 \u0219i binecuv\u00e2ntat de Dumnezeu.<\/p>\n\n\n\n<p>Consiliul Director al Societ\u0103\u021bii Femeilor Ortodoxe din Arhiepiscopia Alba Iuliei<\/p>\n\n\n\n<figure class=\"wp-block-image size-large\"><img loading=\"lazy\" decoding=\"async\" width=\"1280\" height=\"959\" src=\"https:\/\/urbeamea.ro\/albaiulia\/wp-content\/uploads\/2025\/09\/1000048360-1280x959.jpg\" alt=\"\" class=\"wp-image-119502\" srcset=\"https:\/\/urbeamea.ro\/albaiulia\/wp-content\/uploads\/2025\/09\/1000048360-1280x959.jpg 1280w, https:\/\/urbeamea.ro\/albaiulia\/wp-content\/uploads\/2025\/09\/1000048360-640x480.jpg 640w, https:\/\/urbeamea.ro\/albaiulia\/wp-content\/uploads\/2025\/09\/1000048360-150x112.jpg 150w, https:\/\/urbeamea.ro\/albaiulia\/wp-content\/uploads\/2025\/09\/1000048360-768x576.jpg 768w, https:\/\/urbeamea.ro\/albaiulia\/wp-content\/uploads\/2025\/09\/1000048360-1536x1151.jpg 1536w, https:\/\/urbeamea.ro\/albaiulia\/wp-content\/uploads\/2025\/09\/1000048360.jpg 1881w\" sizes=\"auto, (max-width: 1280px) 100vw, 1280px\" \/><\/figure>\n\n\n\n<figure class=\"wp-block-gallery has-nested-images columns-default is-cropped wp-block-gallery-1 is-layout-flex wp-block-gallery-is-layout-flex\">\n<figure class=\"wp-block-image size-large\"><img loading=\"lazy\" decoding=\"async\" width=\"960\" height=\"1280\" data-id=\"119503\" src=\"https:\/\/urbeamea.ro\/albaiulia\/wp-content\/uploads\/2025\/09\/1000048361-960x1280.jpg\" alt=\"\" class=\"wp-image-119503\" srcset=\"https:\/\/urbeamea.ro\/albaiulia\/wp-content\/uploads\/2025\/09\/1000048361-960x1280.jpg 960w, https:\/\/urbeamea.ro\/albaiulia\/wp-content\/uploads\/2025\/09\/1000048361-480x640.jpg 480w, https:\/\/urbeamea.ro\/albaiulia\/wp-content\/uploads\/2025\/09\/1000048361-113x150.jpg 113w, https:\/\/urbeamea.ro\/albaiulia\/wp-content\/uploads\/2025\/09\/1000048361-768x1024.jpg 768w, https:\/\/urbeamea.ro\/albaiulia\/wp-content\/uploads\/2025\/09\/1000048361-1152x1536.jpg 1152w, https:\/\/urbeamea.ro\/albaiulia\/wp-content\/uploads\/2025\/09\/1000048361.jpg 1500w\" sizes=\"auto, (max-width: 960px) 100vw, 960px\" \/><\/figure>\n\n\n\n<figure class=\"wp-block-image size-large\"><img loading=\"lazy\" decoding=\"async\" width=\"1280\" height=\"960\" data-id=\"119504\" src=\"https:\/\/urbeamea.ro\/albaiulia\/wp-content\/uploads\/2025\/09\/1000048362-1280x960.jpg\" alt=\"\" class=\"wp-image-119504\" srcset=\"https:\/\/urbeamea.ro\/albaiulia\/wp-content\/uploads\/2025\/09\/1000048362-1280x960.jpg 1280w, https:\/\/urbeamea.ro\/albaiulia\/wp-content\/uploads\/2025\/09\/1000048362-640x480.jpg 640w, https:\/\/urbeamea.ro\/albaiulia\/wp-content\/uploads\/2025\/09\/1000048362-150x113.jpg 150w, https:\/\/urbeamea.ro\/albaiulia\/wp-content\/uploads\/2025\/09\/1000048362-768x576.jpg 768w, https:\/\/urbeamea.ro\/albaiulia\/wp-content\/uploads\/2025\/09\/1000048362-1536x1152.jpg 1536w, https:\/\/urbeamea.ro\/albaiulia\/wp-content\/uploads\/2025\/09\/1000048362.jpg 1973w\" sizes=\"auto, (max-width: 1280px) 100vw, 1280px\" \/><\/figure>\n\n\n\n<figure class=\"wp-block-image size-large\"><img loading=\"lazy\" decoding=\"async\" width=\"1280\" height=\"960\" data-id=\"119505\" src=\"https:\/\/urbeamea.ro\/albaiulia\/wp-content\/uploads\/2025\/09\/1000048363-1280x960.jpg\" alt=\"\" class=\"wp-image-119505\" srcset=\"https:\/\/urbeamea.ro\/albaiulia\/wp-content\/uploads\/2025\/09\/1000048363-1280x960.jpg 1280w, https:\/\/urbeamea.ro\/albaiulia\/wp-content\/uploads\/2025\/09\/1000048363-640x480.jpg 640w, https:\/\/urbeamea.ro\/albaiulia\/wp-content\/uploads\/2025\/09\/1000048363-150x113.jpg 150w, https:\/\/urbeamea.ro\/albaiulia\/wp-content\/uploads\/2025\/09\/1000048363-768x576.jpg 768w, https:\/\/urbeamea.ro\/albaiulia\/wp-content\/uploads\/2025\/09\/1000048363-1536x1152.jpg 1536w, https:\/\/urbeamea.ro\/albaiulia\/wp-content\/uploads\/2025\/09\/1000048363.jpg 2048w\" sizes=\"auto, (max-width: 1280px) 100vw, 1280px\" \/><\/figure>\n\n\n\n<figure class=\"wp-block-image size-large\"><img loading=\"lazy\" decoding=\"async\" width=\"960\" height=\"1280\" data-id=\"119507\" src=\"https:\/\/urbeamea.ro\/albaiulia\/wp-content\/uploads\/2025\/09\/1000048366-960x1280.jpg\" alt=\"\" class=\"wp-image-119507\" srcset=\"https:\/\/urbeamea.ro\/albaiulia\/wp-content\/uploads\/2025\/09\/1000048366-960x1280.jpg 960w, https:\/\/urbeamea.ro\/albaiulia\/wp-content\/uploads\/2025\/09\/1000048366-480x640.jpg 480w, https:\/\/urbeamea.ro\/albaiulia\/wp-content\/uploads\/2025\/09\/1000048366-113x150.jpg 113w, https:\/\/urbeamea.ro\/albaiulia\/wp-content\/uploads\/2025\/09\/1000048366-768x1024.jpg 768w, https:\/\/urbeamea.ro\/albaiulia\/wp-content\/uploads\/2025\/09\/1000048366-1152x1536.jpg 1152w, https:\/\/urbeamea.ro\/albaiulia\/wp-content\/uploads\/2025\/09\/1000048366.jpg 1536w\" sizes=\"auto, (max-width: 960px) 100vw, 960px\" \/><\/figure>\n\n\n\n<figure class=\"wp-block-image size-large\"><img loading=\"lazy\" decoding=\"async\" width=\"1280\" height=\"960\" data-id=\"119508\" src=\"https:\/\/urbeamea.ro\/albaiulia\/wp-content\/uploads\/2025\/09\/1000048365-1280x960.jpg\" alt=\"\" class=\"wp-image-119508\" srcset=\"https:\/\/urbeamea.ro\/albaiulia\/wp-content\/uploads\/2025\/09\/1000048365-1280x960.jpg 1280w, https:\/\/urbeamea.ro\/albaiulia\/wp-content\/uploads\/2025\/09\/1000048365-640x480.jpg 640w, https:\/\/urbeamea.ro\/albaiulia\/wp-content\/uploads\/2025\/09\/1000048365-150x113.jpg 150w, https:\/\/urbeamea.ro\/albaiulia\/wp-content\/uploads\/2025\/09\/1000048365-768x576.jpg 768w, https:\/\/urbeamea.ro\/albaiulia\/wp-content\/uploads\/2025\/09\/1000048365-1536x1152.jpg 1536w, https:\/\/urbeamea.ro\/albaiulia\/wp-content\/uploads\/2025\/09\/1000048365.jpg 2048w\" sizes=\"auto, (max-width: 1280px) 100vw, 1280px\" \/><\/figure>\n\n\n\n<figure class=\"wp-block-image size-large\"><img loading=\"lazy\" decoding=\"async\" width=\"712\" height=\"1280\" data-id=\"119506\" src=\"https:\/\/urbeamea.ro\/albaiulia\/wp-content\/uploads\/2025\/09\/1000048364-712x1280.jpg\" alt=\"\" class=\"wp-image-119506\" srcset=\"https:\/\/urbeamea.ro\/albaiulia\/wp-content\/uploads\/2025\/09\/1000048364-712x1280.jpg 712w, https:\/\/urbeamea.ro\/albaiulia\/wp-content\/uploads\/2025\/09\/1000048364-356x640.jpg 356w, https:\/\/urbeamea.ro\/albaiulia\/wp-content\/uploads\/2025\/09\/1000048364-83x150.jpg 83w, https:\/\/urbeamea.ro\/albaiulia\/wp-content\/uploads\/2025\/09\/1000048364-768x1381.jpg 768w, https:\/\/urbeamea.ro\/albaiulia\/wp-content\/uploads\/2025\/09\/1000048364-854x1536.jpg 854w, https:\/\/urbeamea.ro\/albaiulia\/wp-content\/uploads\/2025\/09\/1000048364.jpg 1112w\" sizes=\"auto, (max-width: 712px) 100vw, 712px\" \/><\/figure>\n\n\n\n<figure class=\"wp-block-image size-large\"><img loading=\"lazy\" decoding=\"async\" width=\"960\" height=\"1280\" data-id=\"119510\" src=\"https:\/\/urbeamea.ro\/albaiulia\/wp-content\/uploads\/2025\/09\/1000048367-960x1280.jpg\" alt=\"\" class=\"wp-image-119510\" srcset=\"https:\/\/urbeamea.ro\/albaiulia\/wp-content\/uploads\/2025\/09\/1000048367-960x1280.jpg 960w, https:\/\/urbeamea.ro\/albaiulia\/wp-content\/uploads\/2025\/09\/1000048367-480x640.jpg 480w, https:\/\/urbeamea.ro\/albaiulia\/wp-content\/uploads\/2025\/09\/1000048367-113x150.jpg 113w, https:\/\/urbeamea.ro\/albaiulia\/wp-content\/uploads\/2025\/09\/1000048367-768x1024.jpg 768w, https:\/\/urbeamea.ro\/albaiulia\/wp-content\/uploads\/2025\/09\/1000048367-1152x1536.jpg 1152w, https:\/\/urbeamea.ro\/albaiulia\/wp-content\/uploads\/2025\/09\/1000048367.jpg 1536w\" sizes=\"auto, (max-width: 960px) 100vw, 960px\" \/><\/figure>\n\n\n\n<figure class=\"wp-block-image size-large\"><img loading=\"lazy\" decoding=\"async\" width=\"960\" height=\"1280\" data-id=\"119509\" src=\"https:\/\/urbeamea.ro\/albaiulia\/wp-content\/uploads\/2025\/09\/1000048369-960x1280.jpg\" alt=\"\" class=\"wp-image-119509\" srcset=\"https:\/\/urbeamea.ro\/albaiulia\/wp-content\/uploads\/2025\/09\/1000048369-960x1280.jpg 960w, https:\/\/urbeamea.ro\/albaiulia\/wp-content\/uploads\/2025\/09\/1000048369-480x640.jpg 480w, https:\/\/urbeamea.ro\/albaiulia\/wp-content\/uploads\/2025\/09\/1000048369-112x150.jpg 112w, https:\/\/urbeamea.ro\/albaiulia\/wp-content\/uploads\/2025\/09\/1000048369-768x1024.jpg 768w, https:\/\/urbeamea.ro\/albaiulia\/wp-content\/uploads\/2025\/09\/1000048369-1152x1536.jpg 1152w, https:\/\/urbeamea.ro\/albaiulia\/wp-content\/uploads\/2025\/09\/1000048369.jpg 1319w\" sizes=\"auto, (max-width: 960px) 100vw, 960px\" \/><\/figure>\n\n\n\n<figure class=\"wp-block-image size-large\"><img loading=\"lazy\" decoding=\"async\" width=\"1078\" height=\"1280\" data-id=\"119511\" src=\"https:\/\/urbeamea.ro\/albaiulia\/wp-content\/uploads\/2025\/09\/1000048368-1078x1280.jpg\" alt=\"\" class=\"wp-image-119511\" srcset=\"https:\/\/urbeamea.ro\/albaiulia\/wp-content\/uploads\/2025\/09\/1000048368-1078x1280.jpg 1078w, https:\/\/urbeamea.ro\/albaiulia\/wp-content\/uploads\/2025\/09\/1000048368-539x640.jpg 539w, https:\/\/urbeamea.ro\/albaiulia\/wp-content\/uploads\/2025\/09\/1000048368-126x150.jpg 126w, https:\/\/urbeamea.ro\/albaiulia\/wp-content\/uploads\/2025\/09\/1000048368-768x912.jpg 768w, https:\/\/urbeamea.ro\/albaiulia\/wp-content\/uploads\/2025\/09\/1000048368-1294x1536.jpg 1294w, https:\/\/urbeamea.ro\/albaiulia\/wp-content\/uploads\/2025\/09\/1000048368.jpg 1422w\" sizes=\"auto, (max-width: 1078px) 100vw, 1078px\" \/><\/figure>\n<\/figure>\n","protected":false},"excerpt":{"rendered":"<p>An de an, \u00een cadrul proiectului \u201eGhiozd\u0103nelul meu\u201d, Societatea Femeilor Ortodoxe din Arhiepiscopia Alba Iuliei, cu binecuv\u00e2ntarea \u00cenaltpreasfin\u021bitului P\u0103rinte Arhiepiscop Irineu, ofer\u0103 rechizite \u0219colare elevilor ciclului primar din \u0219colile aflate \u00een zone defavorizate din jude\u021bul Alba. Astfel, continu\u00e2nd tradi\u021bia, la \u00eenceputul acestui an \u0219colar au fost oferite 21 de ghiozdane \u0219i rechizitele necesare, conform disciplinelor &hellip;<\/p>\n","protected":false},"author":28,"featured_media":119503,"comment_status":"open","ping_status":"open","sticky":false,"template":"","format":"standard","meta":{"inline_featured_image":false,"footnotes":""},"categories":[2039,4,2034,1,16344],"tags":[25411],"class_list":["post-119501","post","type-post","status-publish","format-standard","has-post-thumbnail","hentry","category-educatie","category-eveniment","category-social","category-stiri-urbane","category-urbea-mea","tag-ghizdonelul-meu"],"yoast_head":"<!-- This site is optimized with the Yoast SEO plugin v27.4 - https:\/\/yoast.com\/product\/yoast-seo-wordpress\/ -->\n<title>\ud835\udde2 \ud835\uddfb\ud835\uddfc\ud835\ude02\ud835\uddee \ud835\uddf2\ud835\uddf1\ud835\uddf6\ud835\ude01\ud835\uddf6\ud835\uddf2 \ud835\uddee \ud835\uddfd\ud835\uddff\ud835\uddfc\ud835\uddf6\ud835\uddf2\ud835\uddf0\ud835\ude01\ud835\ude02\ud835\uddf9\ud835\ude02\ud835\uddf6 \u201e\ud835\uddda\ud835\uddf5\ud835\uddf6\ud835\uddfc\ud835\ude07\ud835\uddf1\ud835\uddee\ud835\uddfb\ud835\uddf2\ud835\uddf9\ud835\ude02\ud835\uddf9 \ud835\uddfa\ud835\uddf2\ud835\ude02\u201d, \ud835\uddf1\ud835\uddf2\ud835\uddff\ud835\ude02\ud835\uddf9\ud835\uddee\ud835\ude01\ud835\uddee \ud835\uddf1\ud835\uddf2 \ud835\udde6\ud835\uddfc\ud835\uddf0\ud835\uddf6\ud835\uddf2\ud835\ude01\ud835\uddee\ud835\ude01\ud835\uddf2\ud835\uddee \ud835\uddd9\ud835\uddf2\ud835\uddfa\ud835\uddf2\ud835\uddf6\ud835\uddf9\ud835\uddfc\ud835\uddff \ud835\udde2\ud835\uddff\ud835\ude01\ud835\uddfc\ud835\uddf1\ud835\uddfc\ud835\ude05\ud835\uddf2 \ud835\uddf1\ud835\uddf6\ud835\uddfb \ud835\uddd4\ud835\uddff\ud835\uddf5\ud835\uddf6\ud835\uddf2\ud835\uddfd\ud835\uddf6\ud835\ude00\ud835\uddf0\ud835\uddfc\ud835\uddfd\ud835\uddf6\ud835\uddee \ud835\uddd4\ud835\uddf9\ud835\uddef\ud835\uddee - Revista Urbea Mea - Revista de Alba<\/title>\n<meta name=\"description\" content=\"An de an, \u00een cadrul proiectului \u201eGhiozd\u0103nelul meu\u201d, Societatea Femeilor Ortodoxe din Arhiepiscopia Alba Iuliei, cu binecuv\u00e2ntarea \u00cenaltpreasfin\u021bitului\" \/>\n<meta name=\"robots\" content=\"index, follow, max-snippet:-1, max-image-preview:large, max-video-preview:-1\" \/>\n<link rel=\"canonical\" href=\"https:\/\/urbeamea.ro\/albaiulia\/\ud835\udde2-\ud835\uddfb\ud835\uddfc\ud835\ude02\ud835\uddee-\ud835\uddf2\ud835\uddf1\ud835\uddf6\ud835\ude01\ud835\uddf6\ud835\uddf2-\ud835\uddee-\ud835\uddfd\ud835\uddff\ud835\uddfc\ud835\uddf6\/\" \/>\n<meta name=\"twitter:card\" content=\"summary_large_image\" \/>\n<meta name=\"twitter:title\" content=\"\ud835\udde2 \ud835\uddfb\ud835\uddfc\ud835\ude02\ud835\uddee \ud835\uddf2\ud835\uddf1\ud835\uddf6\ud835\ude01\ud835\uddf6\ud835\uddf2 \ud835\uddee \ud835\uddfd\ud835\uddff\ud835\uddfc\ud835\uddf6\ud835\uddf2\ud835\uddf0\ud835\ude01\ud835\ude02\ud835\uddf9\ud835\ude02\ud835\uddf6 \u201e\ud835\uddda\ud835\uddf5\ud835\uddf6\ud835\uddfc\ud835\ude07\ud835\uddf1\ud835\uddee\ud835\uddfb\ud835\uddf2\ud835\uddf9\ud835\ude02\ud835\uddf9 \ud835\uddfa\ud835\uddf2\ud835\ude02\u201d, \ud835\uddf1\ud835\uddf2\ud835\uddff\ud835\ude02\ud835\uddf9\ud835\uddee\ud835\ude01\ud835\uddee \ud835\uddf1\ud835\uddf2 \ud835\udde6\ud835\uddfc\ud835\uddf0\ud835\uddf6\ud835\uddf2\ud835\ude01\ud835\uddee\ud835\ude01\ud835\uddf2\ud835\uddee \ud835\uddd9\ud835\uddf2\ud835\uddfa\ud835\uddf2\ud835\uddf6\ud835\uddf9\ud835\uddfc\ud835\uddff \ud835\udde2\ud835\uddff\ud835\ude01\ud835\uddfc\ud835\uddf1\ud835\uddfc\ud835\ude05\ud835\uddf2 \ud835\uddf1\ud835\uddf6\ud835\uddfb \ud835\uddd4\ud835\uddff\ud835\uddf5\ud835\uddf6\ud835\uddf2\ud835\uddfd\ud835\uddf6\ud835\ude00\ud835\uddf0\ud835\uddfc\ud835\uddfd\ud835\uddf6\ud835\uddee \ud835\uddd4\ud835\uddf9\ud835\uddef\ud835\uddee - Revista Urbea Mea - Revista de Alba\" \/>\n<meta name=\"twitter:description\" content=\"An de an, \u00een cadrul proiectului \u201eGhiozd\u0103nelul meu\u201d, Societatea Femeilor Ortodoxe din Arhiepiscopia Alba Iuliei, cu binecuv\u00e2ntarea \u00cenaltpreasfin\u021bitului\" \/>\n<meta name=\"twitter:image\" content=\"https:\/\/urbeamea.ro\/albaiulia\/wp-content\/uploads\/2025\/09\/1000048361.jpg\" \/>\n<meta name=\"twitter:creator\" content=\"@urbeameaweb\" \/>\n<meta name=\"twitter:site\" content=\"@urbeameaweb\" \/>\n<script type=\"application\/ld+json\" class=\"yoast-schema-graph\">{\"@context\":\"https:\\\/\\\/schema.org\",\"@graph\":[{\"@type\":\"Article\",\"@id\":\"https:\\\/\\\/urbeamea.ro\\\/albaiulia\\\/%f0%9d%97%a2-%f0%9d%97%bb%f0%9d%97%bc%f0%9d%98%82%f0%9d%97%ae-%f0%9d%97%b2%f0%9d%97%b1%f0%9d%97%b6%f0%9d%98%81%f0%9d%97%b6%f0%9d%97%b2-%f0%9d%97%ae-%f0%9d%97%bd%f0%9d%97%bf%f0%9d%97%bc%f0%9d%97%b6\\\/#article\",\"isPartOf\":{\"@id\":\"https:\\\/\\\/urbeamea.ro\\\/albaiulia\\\/%f0%9d%97%a2-%f0%9d%97%bb%f0%9d%97%bc%f0%9d%98%82%f0%9d%97%ae-%f0%9d%97%b2%f0%9d%97%b1%f0%9d%97%b6%f0%9d%98%81%f0%9d%97%b6%f0%9d%97%b2-%f0%9d%97%ae-%f0%9d%97%bd%f0%9d%97%bf%f0%9d%97%bc%f0%9d%97%b6\\\/\"},\"author\":{\"name\":\"Giurca Sorin\",\"@id\":\"https:\\\/\\\/urbeamea.ro\\\/albaiulia\\\/#\\\/schema\\\/person\\\/5db3854ac38c1cc9f0ab4092d6a20f02\"},\"headline\":\"\ud835\udde2 \ud835\uddfb\ud835\uddfc\ud835\ude02\ud835\uddee \ud835\uddf2\ud835\uddf1\ud835\uddf6\ud835\ude01\ud835\uddf6\ud835\uddf2 \ud835\uddee \ud835\uddfd\ud835\uddff\ud835\uddfc\ud835\uddf6\ud835\uddf2\ud835\uddf0\ud835\ude01\ud835\ude02\ud835\uddf9\ud835\ude02\ud835\uddf6 \u201e\ud835\uddda\ud835\uddf5\ud835\uddf6\ud835\uddfc\ud835\ude07\ud835\uddf1\ud835\uddee\ud835\uddfb\ud835\uddf2\ud835\uddf9\ud835\ude02\ud835\uddf9 \ud835\uddfa\ud835\uddf2\ud835\ude02\u201d, \ud835\uddf1\ud835\uddf2\ud835\uddff\ud835\ude02\ud835\uddf9\ud835\uddee\ud835\ude01\ud835\uddee \ud835\uddf1\ud835\uddf2 \ud835\udde6\ud835\uddfc\ud835\uddf0\ud835\uddf6\ud835\uddf2\ud835\ude01\ud835\uddee\ud835\ude01\ud835\uddf2\ud835\uddee \ud835\uddd9\ud835\uddf2\ud835\uddfa\ud835\uddf2\ud835\uddf6\ud835\uddf9\ud835\uddfc\ud835\uddff \ud835\udde2\ud835\uddff\ud835\ude01\ud835\uddfc\ud835\uddf1\ud835\uddfc\ud835\ude05\ud835\uddf2 \ud835\uddf1\ud835\uddf6\ud835\uddfb \ud835\uddd4\ud835\uddff\ud835\uddf5\ud835\uddf6\ud835\uddf2\ud835\uddfd\ud835\uddf6\ud835\ude00\ud835\uddf0\ud835\uddfc\ud835\uddfd\ud835\uddf6\ud835\uddee \ud835\uddd4\ud835\uddf9\ud835\uddef\ud835\uddee\",\"datePublished\":\"2025-09-09T15:09:48+00:00\",\"dateModified\":\"2025-09-09T15:09:50+00:00\",\"mainEntityOfPage\":{\"@id\":\"https:\\\/\\\/urbeamea.ro\\\/albaiulia\\\/%f0%9d%97%a2-%f0%9d%97%bb%f0%9d%97%bc%f0%9d%98%82%f0%9d%97%ae-%f0%9d%97%b2%f0%9d%97%b1%f0%9d%97%b6%f0%9d%98%81%f0%9d%97%b6%f0%9d%97%b2-%f0%9d%97%ae-%f0%9d%97%bd%f0%9d%97%bf%f0%9d%97%bc%f0%9d%97%b6\\\/\"},\"wordCount\":137,\"commentCount\":0,\"image\":{\"@id\":\"https:\\\/\\\/urbeamea.ro\\\/albaiulia\\\/%f0%9d%97%a2-%f0%9d%97%bb%f0%9d%97%bc%f0%9d%98%82%f0%9d%97%ae-%f0%9d%97%b2%f0%9d%97%b1%f0%9d%97%b6%f0%9d%98%81%f0%9d%97%b6%f0%9d%97%b2-%f0%9d%97%ae-%f0%9d%97%bd%f0%9d%97%bf%f0%9d%97%bc%f0%9d%97%b6\\\/#primaryimage\"},\"thumbnailUrl\":\"https:\\\/\\\/urbeamea.ro\\\/albaiulia\\\/wp-content\\\/uploads\\\/2025\\\/09\\\/1000048361.jpg\",\"keywords\":[\"Ghizdonelul meu\"],\"articleSection\":[\"Educa\u021bie\",\"Evenimente\",\"Social\",\"\u015etiri Urbane\",\"Urbea Mea\"],\"inLanguage\":\"ro-RO\",\"potentialAction\":[{\"@type\":\"CommentAction\",\"name\":\"Comment\",\"target\":[\"https:\\\/\\\/urbeamea.ro\\\/albaiulia\\\/%f0%9d%97%a2-%f0%9d%97%bb%f0%9d%97%bc%f0%9d%98%82%f0%9d%97%ae-%f0%9d%97%b2%f0%9d%97%b1%f0%9d%97%b6%f0%9d%98%81%f0%9d%97%b6%f0%9d%97%b2-%f0%9d%97%ae-%f0%9d%97%bd%f0%9d%97%bf%f0%9d%97%bc%f0%9d%97%b6\\\/#respond\"]}]},{\"@type\":\"WebPage\",\"@id\":\"https:\\\/\\\/urbeamea.ro\\\/albaiulia\\\/%f0%9d%97%a2-%f0%9d%97%bb%f0%9d%97%bc%f0%9d%98%82%f0%9d%97%ae-%f0%9d%97%b2%f0%9d%97%b1%f0%9d%97%b6%f0%9d%98%81%f0%9d%97%b6%f0%9d%97%b2-%f0%9d%97%ae-%f0%9d%97%bd%f0%9d%97%bf%f0%9d%97%bc%f0%9d%97%b6\\\/\",\"url\":\"https:\\\/\\\/urbeamea.ro\\\/albaiulia\\\/%f0%9d%97%a2-%f0%9d%97%bb%f0%9d%97%bc%f0%9d%98%82%f0%9d%97%ae-%f0%9d%97%b2%f0%9d%97%b1%f0%9d%97%b6%f0%9d%98%81%f0%9d%97%b6%f0%9d%97%b2-%f0%9d%97%ae-%f0%9d%97%bd%f0%9d%97%bf%f0%9d%97%bc%f0%9d%97%b6\\\/\",\"name\":\"\ud835\udde2 \ud835\uddfb\ud835\uddfc\ud835\ude02\ud835\uddee \ud835\uddf2\ud835\uddf1\ud835\uddf6\ud835\ude01\ud835\uddf6\ud835\uddf2 \ud835\uddee \ud835\uddfd\ud835\uddff\ud835\uddfc\ud835\uddf6\ud835\uddf2\ud835\uddf0\ud835\ude01\ud835\ude02\ud835\uddf9\ud835\ude02\ud835\uddf6 \u201e\ud835\uddda\ud835\uddf5\ud835\uddf6\ud835\uddfc\ud835\ude07\ud835\uddf1\ud835\uddee\ud835\uddfb\ud835\uddf2\ud835\uddf9\ud835\ude02\ud835\uddf9 \ud835\uddfa\ud835\uddf2\ud835\ude02\u201d, \ud835\uddf1\ud835\uddf2\ud835\uddff\ud835\ude02\ud835\uddf9\ud835\uddee\ud835\ude01\ud835\uddee \ud835\uddf1\ud835\uddf2 \ud835\udde6\ud835\uddfc\ud835\uddf0\ud835\uddf6\ud835\uddf2\ud835\ude01\ud835\uddee\ud835\ude01\ud835\uddf2\ud835\uddee \ud835\uddd9\ud835\uddf2\ud835\uddfa\ud835\uddf2\ud835\uddf6\ud835\uddf9\ud835\uddfc\ud835\uddff \ud835\udde2\ud835\uddff\ud835\ude01\ud835\uddfc\ud835\uddf1\ud835\uddfc\ud835\ude05\ud835\uddf2 \ud835\uddf1\ud835\uddf6\ud835\uddfb \ud835\uddd4\ud835\uddff\ud835\uddf5\ud835\uddf6\ud835\uddf2\ud835\uddfd\ud835\uddf6\ud835\ude00\ud835\uddf0\ud835\uddfc\ud835\uddfd\ud835\uddf6\ud835\uddee \ud835\uddd4\ud835\uddf9\ud835\uddef\ud835\uddee - Revista Urbea Mea - Revista de Alba\",\"isPartOf\":{\"@id\":\"https:\\\/\\\/urbeamea.ro\\\/albaiulia\\\/#website\"},\"primaryImageOfPage\":{\"@id\":\"https:\\\/\\\/urbeamea.ro\\\/albaiulia\\\/%f0%9d%97%a2-%f0%9d%97%bb%f0%9d%97%bc%f0%9d%98%82%f0%9d%97%ae-%f0%9d%97%b2%f0%9d%97%b1%f0%9d%97%b6%f0%9d%98%81%f0%9d%97%b6%f0%9d%97%b2-%f0%9d%97%ae-%f0%9d%97%bd%f0%9d%97%bf%f0%9d%97%bc%f0%9d%97%b6\\\/#primaryimage\"},\"image\":{\"@id\":\"https:\\\/\\\/urbeamea.ro\\\/albaiulia\\\/%f0%9d%97%a2-%f0%9d%97%bb%f0%9d%97%bc%f0%9d%98%82%f0%9d%97%ae-%f0%9d%97%b2%f0%9d%97%b1%f0%9d%97%b6%f0%9d%98%81%f0%9d%97%b6%f0%9d%97%b2-%f0%9d%97%ae-%f0%9d%97%bd%f0%9d%97%bf%f0%9d%97%bc%f0%9d%97%b6\\\/#primaryimage\"},\"thumbnailUrl\":\"https:\\\/\\\/urbeamea.ro\\\/albaiulia\\\/wp-content\\\/uploads\\\/2025\\\/09\\\/1000048361.jpg\",\"datePublished\":\"2025-09-09T15:09:48+00:00\",\"dateModified\":\"2025-09-09T15:09:50+00:00\",\"author\":{\"@id\":\"https:\\\/\\\/urbeamea.ro\\\/albaiulia\\\/#\\\/schema\\\/person\\\/5db3854ac38c1cc9f0ab4092d6a20f02\"},\"description\":\"An de an, \u00een cadrul proiectului \u201eGhiozd\u0103nelul meu\u201d, Societatea Femeilor Ortodoxe din Arhiepiscopia Alba Iuliei, cu binecuv\u00e2ntarea \u00cenaltpreasfin\u021bitului\",\"breadcrumb\":{\"@id\":\"https:\\\/\\\/urbeamea.ro\\\/albaiulia\\\/%f0%9d%97%a2-%f0%9d%97%bb%f0%9d%97%bc%f0%9d%98%82%f0%9d%97%ae-%f0%9d%97%b2%f0%9d%97%b1%f0%9d%97%b6%f0%9d%98%81%f0%9d%97%b6%f0%9d%97%b2-%f0%9d%97%ae-%f0%9d%97%bd%f0%9d%97%bf%f0%9d%97%bc%f0%9d%97%b6\\\/#breadcrumb\"},\"inLanguage\":\"ro-RO\",\"potentialAction\":[{\"@type\":\"ReadAction\",\"target\":[\"https:\\\/\\\/urbeamea.ro\\\/albaiulia\\\/%f0%9d%97%a2-%f0%9d%97%bb%f0%9d%97%bc%f0%9d%98%82%f0%9d%97%ae-%f0%9d%97%b2%f0%9d%97%b1%f0%9d%97%b6%f0%9d%98%81%f0%9d%97%b6%f0%9d%97%b2-%f0%9d%97%ae-%f0%9d%97%bd%f0%9d%97%bf%f0%9d%97%bc%f0%9d%97%b6\\\/\"]}]},{\"@type\":\"ImageObject\",\"inLanguage\":\"ro-RO\",\"@id\":\"https:\\\/\\\/urbeamea.ro\\\/albaiulia\\\/%f0%9d%97%a2-%f0%9d%97%bb%f0%9d%97%bc%f0%9d%98%82%f0%9d%97%ae-%f0%9d%97%b2%f0%9d%97%b1%f0%9d%97%b6%f0%9d%98%81%f0%9d%97%b6%f0%9d%97%b2-%f0%9d%97%ae-%f0%9d%97%bd%f0%9d%97%bf%f0%9d%97%bc%f0%9d%97%b6\\\/#primaryimage\",\"url\":\"https:\\\/\\\/urbeamea.ro\\\/albaiulia\\\/wp-content\\\/uploads\\\/2025\\\/09\\\/1000048361.jpg\",\"contentUrl\":\"https:\\\/\\\/urbeamea.ro\\\/albaiulia\\\/wp-content\\\/uploads\\\/2025\\\/09\\\/1000048361.jpg\",\"width\":1500,\"height\":2000},{\"@type\":\"BreadcrumbList\",\"@id\":\"https:\\\/\\\/urbeamea.ro\\\/albaiulia\\\/%f0%9d%97%a2-%f0%9d%97%bb%f0%9d%97%bc%f0%9d%98%82%f0%9d%97%ae-%f0%9d%97%b2%f0%9d%97%b1%f0%9d%97%b6%f0%9d%98%81%f0%9d%97%b6%f0%9d%97%b2-%f0%9d%97%ae-%f0%9d%97%bd%f0%9d%97%bf%f0%9d%97%bc%f0%9d%97%b6\\\/#breadcrumb\",\"itemListElement\":[{\"@type\":\"ListItem\",\"position\":1,\"name\":\"Prima pagin\u0103\",\"item\":\"https:\\\/\\\/urbeamea.ro\\\/albaiulia\\\/\"},{\"@type\":\"ListItem\",\"position\":2,\"name\":\"\ud835\udde2 \ud835\uddfb\ud835\uddfc\ud835\ude02\ud835\uddee \ud835\uddf2\ud835\uddf1\ud835\uddf6\ud835\ude01\ud835\uddf6\ud835\uddf2 \ud835\uddee \ud835\uddfd\ud835\uddff\ud835\uddfc\ud835\uddf6\ud835\uddf2\ud835\uddf0\ud835\ude01\ud835\ude02\ud835\uddf9\ud835\ude02\ud835\uddf6 \u201e\ud835\uddda\ud835\uddf5\ud835\uddf6\ud835\uddfc\ud835\ude07\ud835\uddf1\ud835\uddee\ud835\uddfb\ud835\uddf2\ud835\uddf9\ud835\ude02\ud835\uddf9 \ud835\uddfa\ud835\uddf2\ud835\ude02\u201d, \ud835\uddf1\ud835\uddf2\ud835\uddff\ud835\ude02\ud835\uddf9\ud835\uddee\ud835\ude01\ud835\uddee \ud835\uddf1\ud835\uddf2 \ud835\udde6\ud835\uddfc\ud835\uddf0\ud835\uddf6\ud835\uddf2\ud835\ude01\ud835\uddee\ud835\ude01\ud835\uddf2\ud835\uddee \ud835\uddd9\ud835\uddf2\ud835\uddfa\ud835\uddf2\ud835\uddf6\ud835\uddf9\ud835\uddfc\ud835\uddff \ud835\udde2\ud835\uddff\ud835\ude01\ud835\uddfc\ud835\uddf1\ud835\uddfc\ud835\ude05\ud835\uddf2 \ud835\uddf1\ud835\uddf6\ud835\uddfb \ud835\uddd4\ud835\uddff\ud835\uddf5\ud835\uddf6\ud835\uddf2\ud835\uddfd\ud835\uddf6\ud835\ude00\ud835\uddf0\ud835\uddfc\ud835\uddfd\ud835\uddf6\ud835\uddee \ud835\uddd4\ud835\uddf9\ud835\uddef\ud835\uddee\"}]},{\"@type\":\"WebSite\",\"@id\":\"https:\\\/\\\/urbeamea.ro\\\/albaiulia\\\/#website\",\"url\":\"https:\\\/\\\/urbeamea.ro\\\/albaiulia\\\/\",\"name\":\"Revista Urbea Mea, Stiri urbane\",\"description\":\"Evenimente \u0219i \u0219tiri din Alba Iulia, Sebe\u0219, Aiud, Blaj\",\"potentialAction\":[{\"@type\":\"SearchAction\",\"target\":{\"@type\":\"EntryPoint\",\"urlTemplate\":\"https:\\\/\\\/urbeamea.ro\\\/albaiulia\\\/?s={search_term_string}\"},\"query-input\":{\"@type\":\"PropertyValueSpecification\",\"valueRequired\":true,\"valueName\":\"search_term_string\"}}],\"inLanguage\":\"ro-RO\"},{\"@type\":\"Person\",\"@id\":\"https:\\\/\\\/urbeamea.ro\\\/albaiulia\\\/#\\\/schema\\\/person\\\/5db3854ac38c1cc9f0ab4092d6a20f02\",\"name\":\"Giurca Sorin\",\"image\":{\"@type\":\"ImageObject\",\"inLanguage\":\"ro-RO\",\"@id\":\"https:\\\/\\\/secure.gravatar.com\\\/avatar\\\/120f6fcae7b3b47a7730cb9943f612f4909f68ac5284b5f40ac1c4615fd70576?s=96&d=mm&r=g\",\"url\":\"https:\\\/\\\/secure.gravatar.com\\\/avatar\\\/120f6fcae7b3b47a7730cb9943f612f4909f68ac5284b5f40ac1c4615fd70576?s=96&d=mm&r=g\",\"contentUrl\":\"https:\\\/\\\/secure.gravatar.com\\\/avatar\\\/120f6fcae7b3b47a7730cb9943f612f4909f68ac5284b5f40ac1c4615fd70576?s=96&d=mm&r=g\",\"caption\":\"Giurca Sorin\"},\"url\":\"https:\\\/\\\/urbeamea.ro\\\/albaiulia\\\/author\\\/sorin\\\/\"}]}<\/script>\n<!-- \/ Yoast SEO plugin. -->","yoast_head_json":{"title":"\ud835\udde2 \ud835\uddfb\ud835\uddfc\ud835\ude02\ud835\uddee \ud835\uddf2\ud835\uddf1\ud835\uddf6\ud835\ude01\ud835\uddf6\ud835\uddf2 \ud835\uddee \ud835\uddfd\ud835\uddff\ud835\uddfc\ud835\uddf6\ud835\uddf2\ud835\uddf0\ud835\ude01\ud835\ude02\ud835\uddf9\ud835\ude02\ud835\uddf6 \u201e\ud835\uddda\ud835\uddf5\ud835\uddf6\ud835\uddfc\ud835\ude07\ud835\uddf1\ud835\uddee\ud835\uddfb\ud835\uddf2\ud835\uddf9\ud835\ude02\ud835\uddf9 \ud835\uddfa\ud835\uddf2\ud835\ude02\u201d, \ud835\uddf1\ud835\uddf2\ud835\uddff\ud835\ude02\ud835\uddf9\ud835\uddee\ud835\ude01\ud835\uddee \ud835\uddf1\ud835\uddf2 \ud835\udde6\ud835\uddfc\ud835\uddf0\ud835\uddf6\ud835\uddf2\ud835\ude01\ud835\uddee\ud835\ude01\ud835\uddf2\ud835\uddee \ud835\uddd9\ud835\uddf2\ud835\uddfa\ud835\uddf2\ud835\uddf6\ud835\uddf9\ud835\uddfc\ud835\uddff \ud835\udde2\ud835\uddff\ud835\ude01\ud835\uddfc\ud835\uddf1\ud835\uddfc\ud835\ude05\ud835\uddf2 \ud835\uddf1\ud835\uddf6\ud835\uddfb \ud835\uddd4\ud835\uddff\ud835\uddf5\ud835\uddf6\ud835\uddf2\ud835\uddfd\ud835\uddf6\ud835\ude00\ud835\uddf0\ud835\uddfc\ud835\uddfd\ud835\uddf6\ud835\uddee \ud835\uddd4\ud835\uddf9\ud835\uddef\ud835\uddee - Revista Urbea Mea - Revista de Alba","description":"An de an, \u00een cadrul proiectului \u201eGhiozd\u0103nelul meu\u201d, Societatea Femeilor Ortodoxe din Arhiepiscopia Alba Iuliei, cu binecuv\u00e2ntarea \u00cenaltpreasfin\u021bitului","robots":{"index":"index","follow":"follow","max-snippet":"max-snippet:-1","max-image-preview":"max-image-preview:large","max-video-preview":"max-video-preview:-1"},"canonical":"https:\/\/urbeamea.ro\/albaiulia\/\ud835\udde2-\ud835\uddfb\ud835\uddfc\ud835\ude02\ud835\uddee-\ud835\uddf2\ud835\uddf1\ud835\uddf6\ud835\ude01\ud835\uddf6\ud835\uddf2-\ud835\uddee-\ud835\uddfd\ud835\uddff\ud835\uddfc\ud835\uddf6\/","twitter_card":"summary_large_image","twitter_title":"\ud835\udde2 \ud835\uddfb\ud835\uddfc\ud835\ude02\ud835\uddee \ud835\uddf2\ud835\uddf1\ud835\uddf6\ud835\ude01\ud835\uddf6\ud835\uddf2 \ud835\uddee \ud835\uddfd\ud835\uddff\ud835\uddfc\ud835\uddf6\ud835\uddf2\ud835\uddf0\ud835\ude01\ud835\ude02\ud835\uddf9\ud835\ude02\ud835\uddf6 \u201e\ud835\uddda\ud835\uddf5\ud835\uddf6\ud835\uddfc\ud835\ude07\ud835\uddf1\ud835\uddee\ud835\uddfb\ud835\uddf2\ud835\uddf9\ud835\ude02\ud835\uddf9 \ud835\uddfa\ud835\uddf2\ud835\ude02\u201d, \ud835\uddf1\ud835\uddf2\ud835\uddff\ud835\ude02\ud835\uddf9\ud835\uddee\ud835\ude01\ud835\uddee \ud835\uddf1\ud835\uddf2 \ud835\udde6\ud835\uddfc\ud835\uddf0\ud835\uddf6\ud835\uddf2\ud835\ude01\ud835\uddee\ud835\ude01\ud835\uddf2\ud835\uddee \ud835\uddd9\ud835\uddf2\ud835\uddfa\ud835\uddf2\ud835\uddf6\ud835\uddf9\ud835\uddfc\ud835\uddff \ud835\udde2\ud835\uddff\ud835\ude01\ud835\uddfc\ud835\uddf1\ud835\uddfc\ud835\ude05\ud835\uddf2 \ud835\uddf1\ud835\uddf6\ud835\uddfb \ud835\uddd4\ud835\uddff\ud835\uddf5\ud835\uddf6\ud835\uddf2\ud835\uddfd\ud835\uddf6\ud835\ude00\ud835\uddf0\ud835\uddfc\ud835\uddfd\ud835\uddf6\ud835\uddee \ud835\uddd4\ud835\uddf9\ud835\uddef\ud835\uddee - Revista Urbea Mea - Revista de Alba","twitter_description":"An de an, \u00een cadrul proiectului \u201eGhiozd\u0103nelul meu\u201d, Societatea Femeilor Ortodoxe din Arhiepiscopia Alba Iuliei, cu binecuv\u00e2ntarea \u00cenaltpreasfin\u021bitului","twitter_image":"https:\/\/urbeamea.ro\/albaiulia\/wp-content\/uploads\/2025\/09\/1000048361.jpg","twitter_creator":"@urbeameaweb","twitter_site":"@urbeameaweb","schema":{"@context":"https:\/\/schema.org","@graph":[{"@type":"Article","@id":"https:\/\/urbeamea.ro\/albaiulia\/%f0%9d%97%a2-%f0%9d%97%bb%f0%9d%97%bc%f0%9d%98%82%f0%9d%97%ae-%f0%9d%97%b2%f0%9d%97%b1%f0%9d%97%b6%f0%9d%98%81%f0%9d%97%b6%f0%9d%97%b2-%f0%9d%97%ae-%f0%9d%97%bd%f0%9d%97%bf%f0%9d%97%bc%f0%9d%97%b6\/#article","isPartOf":{"@id":"https:\/\/urbeamea.ro\/albaiulia\/%f0%9d%97%a2-%f0%9d%97%bb%f0%9d%97%bc%f0%9d%98%82%f0%9d%97%ae-%f0%9d%97%b2%f0%9d%97%b1%f0%9d%97%b6%f0%9d%98%81%f0%9d%97%b6%f0%9d%97%b2-%f0%9d%97%ae-%f0%9d%97%bd%f0%9d%97%bf%f0%9d%97%bc%f0%9d%97%b6\/"},"author":{"name":"Giurca Sorin","@id":"https:\/\/urbeamea.ro\/albaiulia\/#\/schema\/person\/5db3854ac38c1cc9f0ab4092d6a20f02"},"headline":"\ud835\udde2 \ud835\uddfb\ud835\uddfc\ud835\ude02\ud835\uddee \ud835\uddf2\ud835\uddf1\ud835\uddf6\ud835\ude01\ud835\uddf6\ud835\uddf2 \ud835\uddee \ud835\uddfd\ud835\uddff\ud835\uddfc\ud835\uddf6\ud835\uddf2\ud835\uddf0\ud835\ude01\ud835\ude02\ud835\uddf9\ud835\ude02\ud835\uddf6 \u201e\ud835\uddda\ud835\uddf5\ud835\uddf6\ud835\uddfc\ud835\ude07\ud835\uddf1\ud835\uddee\ud835\uddfb\ud835\uddf2\ud835\uddf9\ud835\ude02\ud835\uddf9 \ud835\uddfa\ud835\uddf2\ud835\ude02\u201d, \ud835\uddf1\ud835\uddf2\ud835\uddff\ud835\ude02\ud835\uddf9\ud835\uddee\ud835\ude01\ud835\uddee \ud835\uddf1\ud835\uddf2 \ud835\udde6\ud835\uddfc\ud835\uddf0\ud835\uddf6\ud835\uddf2\ud835\ude01\ud835\uddee\ud835\ude01\ud835\uddf2\ud835\uddee \ud835\uddd9\ud835\uddf2\ud835\uddfa\ud835\uddf2\ud835\uddf6\ud835\uddf9\ud835\uddfc\ud835\uddff \ud835\udde2\ud835\uddff\ud835\ude01\ud835\uddfc\ud835\uddf1\ud835\uddfc\ud835\ude05\ud835\uddf2 \ud835\uddf1\ud835\uddf6\ud835\uddfb \ud835\uddd4\ud835\uddff\ud835\uddf5\ud835\uddf6\ud835\uddf2\ud835\uddfd\ud835\uddf6\ud835\ude00\ud835\uddf0\ud835\uddfc\ud835\uddfd\ud835\uddf6\ud835\uddee \ud835\uddd4\ud835\uddf9\ud835\uddef\ud835\uddee","datePublished":"2025-09-09T15:09:48+00:00","dateModified":"2025-09-09T15:09:50+00:00","mainEntityOfPage":{"@id":"https:\/\/urbeamea.ro\/albaiulia\/%f0%9d%97%a2-%f0%9d%97%bb%f0%9d%97%bc%f0%9d%98%82%f0%9d%97%ae-%f0%9d%97%b2%f0%9d%97%b1%f0%9d%97%b6%f0%9d%98%81%f0%9d%97%b6%f0%9d%97%b2-%f0%9d%97%ae-%f0%9d%97%bd%f0%9d%97%bf%f0%9d%97%bc%f0%9d%97%b6\/"},"wordCount":137,"commentCount":0,"image":{"@id":"https:\/\/urbeamea.ro\/albaiulia\/%f0%9d%97%a2-%f0%9d%97%bb%f0%9d%97%bc%f0%9d%98%82%f0%9d%97%ae-%f0%9d%97%b2%f0%9d%97%b1%f0%9d%97%b6%f0%9d%98%81%f0%9d%97%b6%f0%9d%97%b2-%f0%9d%97%ae-%f0%9d%97%bd%f0%9d%97%bf%f0%9d%97%bc%f0%9d%97%b6\/#primaryimage"},"thumbnailUrl":"https:\/\/urbeamea.ro\/albaiulia\/wp-content\/uploads\/2025\/09\/1000048361.jpg","keywords":["Ghizdonelul meu"],"articleSection":["Educa\u021bie","Evenimente","Social","\u015etiri Urbane","Urbea Mea"],"inLanguage":"ro-RO","potentialAction":[{"@type":"CommentAction","name":"Comment","target":["https:\/\/urbeamea.ro\/albaiulia\/%f0%9d%97%a2-%f0%9d%97%bb%f0%9d%97%bc%f0%9d%98%82%f0%9d%97%ae-%f0%9d%97%b2%f0%9d%97%b1%f0%9d%97%b6%f0%9d%98%81%f0%9d%97%b6%f0%9d%97%b2-%f0%9d%97%ae-%f0%9d%97%bd%f0%9d%97%bf%f0%9d%97%bc%f0%9d%97%b6\/#respond"]}]},{"@type":"WebPage","@id":"https:\/\/urbeamea.ro\/albaiulia\/%f0%9d%97%a2-%f0%9d%97%bb%f0%9d%97%bc%f0%9d%98%82%f0%9d%97%ae-%f0%9d%97%b2%f0%9d%97%b1%f0%9d%97%b6%f0%9d%98%81%f0%9d%97%b6%f0%9d%97%b2-%f0%9d%97%ae-%f0%9d%97%bd%f0%9d%97%bf%f0%9d%97%bc%f0%9d%97%b6\/","url":"https:\/\/urbeamea.ro\/albaiulia\/%f0%9d%97%a2-%f0%9d%97%bb%f0%9d%97%bc%f0%9d%98%82%f0%9d%97%ae-%f0%9d%97%b2%f0%9d%97%b1%f0%9d%97%b6%f0%9d%98%81%f0%9d%97%b6%f0%9d%97%b2-%f0%9d%97%ae-%f0%9d%97%bd%f0%9d%97%bf%f0%9d%97%bc%f0%9d%97%b6\/","name":"\ud835\udde2 \ud835\uddfb\ud835\uddfc\ud835\ude02\ud835\uddee \ud835\uddf2\ud835\uddf1\ud835\uddf6\ud835\ude01\ud835\uddf6\ud835\uddf2 \ud835\uddee \ud835\uddfd\ud835\uddff\ud835\uddfc\ud835\uddf6\ud835\uddf2\ud835\uddf0\ud835\ude01\ud835\ude02\ud835\uddf9\ud835\ude02\ud835\uddf6 \u201e\ud835\uddda\ud835\uddf5\ud835\uddf6\ud835\uddfc\ud835\ude07\ud835\uddf1\ud835\uddee\ud835\uddfb\ud835\uddf2\ud835\uddf9\ud835\ude02\ud835\uddf9 \ud835\uddfa\ud835\uddf2\ud835\ude02\u201d, \ud835\uddf1\ud835\uddf2\ud835\uddff\ud835\ude02\ud835\uddf9\ud835\uddee\ud835\ude01\ud835\uddee \ud835\uddf1\ud835\uddf2 \ud835\udde6\ud835\uddfc\ud835\uddf0\ud835\uddf6\ud835\uddf2\ud835\ude01\ud835\uddee\ud835\ude01\ud835\uddf2\ud835\uddee \ud835\uddd9\ud835\uddf2\ud835\uddfa\ud835\uddf2\ud835\uddf6\ud835\uddf9\ud835\uddfc\ud835\uddff \ud835\udde2\ud835\uddff\ud835\ude01\ud835\uddfc\ud835\uddf1\ud835\uddfc\ud835\ude05\ud835\uddf2 \ud835\uddf1\ud835\uddf6\ud835\uddfb \ud835\uddd4\ud835\uddff\ud835\uddf5\ud835\uddf6\ud835\uddf2\ud835\uddfd\ud835\uddf6\ud835\ude00\ud835\uddf0\ud835\uddfc\ud835\uddfd\ud835\uddf6\ud835\uddee \ud835\uddd4\ud835\uddf9\ud835\uddef\ud835\uddee - Revista Urbea Mea - Revista de Alba","isPartOf":{"@id":"https:\/\/urbeamea.ro\/albaiulia\/#website"},"primaryImageOfPage":{"@id":"https:\/\/urbeamea.ro\/albaiulia\/%f0%9d%97%a2-%f0%9d%97%bb%f0%9d%97%bc%f0%9d%98%82%f0%9d%97%ae-%f0%9d%97%b2%f0%9d%97%b1%f0%9d%97%b6%f0%9d%98%81%f0%9d%97%b6%f0%9d%97%b2-%f0%9d%97%ae-%f0%9d%97%bd%f0%9d%97%bf%f0%9d%97%bc%f0%9d%97%b6\/#primaryimage"},"image":{"@id":"https:\/\/urbeamea.ro\/albaiulia\/%f0%9d%97%a2-%f0%9d%97%bb%f0%9d%97%bc%f0%9d%98%82%f0%9d%97%ae-%f0%9d%97%b2%f0%9d%97%b1%f0%9d%97%b6%f0%9d%98%81%f0%9d%97%b6%f0%9d%97%b2-%f0%9d%97%ae-%f0%9d%97%bd%f0%9d%97%bf%f0%9d%97%bc%f0%9d%97%b6\/#primaryimage"},"thumbnailUrl":"https:\/\/urbeamea.ro\/albaiulia\/wp-content\/uploads\/2025\/09\/1000048361.jpg","datePublished":"2025-09-09T15:09:48+00:00","dateModified":"2025-09-09T15:09:50+00:00","author":{"@id":"https:\/\/urbeamea.ro\/albaiulia\/#\/schema\/person\/5db3854ac38c1cc9f0ab4092d6a20f02"},"description":"An de an, \u00een cadrul proiectului \u201eGhiozd\u0103nelul meu\u201d, Societatea Femeilor Ortodoxe din Arhiepiscopia Alba Iuliei, cu binecuv\u00e2ntarea \u00cenaltpreasfin\u021bitului","breadcrumb":{"@id":"https:\/\/urbeamea.ro\/albaiulia\/%f0%9d%97%a2-%f0%9d%97%bb%f0%9d%97%bc%f0%9d%98%82%f0%9d%97%ae-%f0%9d%97%b2%f0%9d%97%b1%f0%9d%97%b6%f0%9d%98%81%f0%9d%97%b6%f0%9d%97%b2-%f0%9d%97%ae-%f0%9d%97%bd%f0%9d%97%bf%f0%9d%97%bc%f0%9d%97%b6\/#breadcrumb"},"inLanguage":"ro-RO","potentialAction":[{"@type":"ReadAction","target":["https:\/\/urbeamea.ro\/albaiulia\/%f0%9d%97%a2-%f0%9d%97%bb%f0%9d%97%bc%f0%9d%98%82%f0%9d%97%ae-%f0%9d%97%b2%f0%9d%97%b1%f0%9d%97%b6%f0%9d%98%81%f0%9d%97%b6%f0%9d%97%b2-%f0%9d%97%ae-%f0%9d%97%bd%f0%9d%97%bf%f0%9d%97%bc%f0%9d%97%b6\/"]}]},{"@type":"ImageObject","inLanguage":"ro-RO","@id":"https:\/\/urbeamea.ro\/albaiulia\/%f0%9d%97%a2-%f0%9d%97%bb%f0%9d%97%bc%f0%9d%98%82%f0%9d%97%ae-%f0%9d%97%b2%f0%9d%97%b1%f0%9d%97%b6%f0%9d%98%81%f0%9d%97%b6%f0%9d%97%b2-%f0%9d%97%ae-%f0%9d%97%bd%f0%9d%97%bf%f0%9d%97%bc%f0%9d%97%b6\/#primaryimage","url":"https:\/\/urbeamea.ro\/albaiulia\/wp-content\/uploads\/2025\/09\/1000048361.jpg","contentUrl":"https:\/\/urbeamea.ro\/albaiulia\/wp-content\/uploads\/2025\/09\/1000048361.jpg","width":1500,"height":2000},{"@type":"BreadcrumbList","@id":"https:\/\/urbeamea.ro\/albaiulia\/%f0%9d%97%a2-%f0%9d%97%bb%f0%9d%97%bc%f0%9d%98%82%f0%9d%97%ae-%f0%9d%97%b2%f0%9d%97%b1%f0%9d%97%b6%f0%9d%98%81%f0%9d%97%b6%f0%9d%97%b2-%f0%9d%97%ae-%f0%9d%97%bd%f0%9d%97%bf%f0%9d%97%bc%f0%9d%97%b6\/#breadcrumb","itemListElement":[{"@type":"ListItem","position":1,"name":"Prima pagin\u0103","item":"https:\/\/urbeamea.ro\/albaiulia\/"},{"@type":"ListItem","position":2,"name":"\ud835\udde2 \ud835\uddfb\ud835\uddfc\ud835\ude02\ud835\uddee \ud835\uddf2\ud835\uddf1\ud835\uddf6\ud835\ude01\ud835\uddf6\ud835\uddf2 \ud835\uddee \ud835\uddfd\ud835\uddff\ud835\uddfc\ud835\uddf6\ud835\uddf2\ud835\uddf0\ud835\ude01\ud835\ude02\ud835\uddf9\ud835\ude02\ud835\uddf6 \u201e\ud835\uddda\ud835\uddf5\ud835\uddf6\ud835\uddfc\ud835\ude07\ud835\uddf1\ud835\uddee\ud835\uddfb\ud835\uddf2\ud835\uddf9\ud835\ude02\ud835\uddf9 \ud835\uddfa\ud835\uddf2\ud835\ude02\u201d, \ud835\uddf1\ud835\uddf2\ud835\uddff\ud835\ude02\ud835\uddf9\ud835\uddee\ud835\ude01\ud835\uddee \ud835\uddf1\ud835\uddf2 \ud835\udde6\ud835\uddfc\ud835\uddf0\ud835\uddf6\ud835\uddf2\ud835\ude01\ud835\uddee\ud835\ude01\ud835\uddf2\ud835\uddee \ud835\uddd9\ud835\uddf2\ud835\uddfa\ud835\uddf2\ud835\uddf6\ud835\uddf9\ud835\uddfc\ud835\uddff \ud835\udde2\ud835\uddff\ud835\ude01\ud835\uddfc\ud835\uddf1\ud835\uddfc\ud835\ude05\ud835\uddf2 \ud835\uddf1\ud835\uddf6\ud835\uddfb \ud835\uddd4\ud835\uddff\ud835\uddf5\ud835\uddf6\ud835\uddf2\ud835\uddfd\ud835\uddf6\ud835\ude00\ud835\uddf0\ud835\uddfc\ud835\uddfd\ud835\uddf6\ud835\uddee \ud835\uddd4\ud835\uddf9\ud835\uddef\ud835\uddee"}]},{"@type":"WebSite","@id":"https:\/\/urbeamea.ro\/albaiulia\/#website","url":"https:\/\/urbeamea.ro\/albaiulia\/","name":"Revista Urbea Mea, Stiri urbane","description":"Evenimente \u0219i \u0219tiri din Alba Iulia, Sebe\u0219, Aiud, Blaj","potentialAction":[{"@type":"SearchAction","target":{"@type":"EntryPoint","urlTemplate":"https:\/\/urbeamea.ro\/albaiulia\/?s={search_term_string}"},"query-input":{"@type":"PropertyValueSpecification","valueRequired":true,"valueName":"search_term_string"}}],"inLanguage":"ro-RO"},{"@type":"Person","@id":"https:\/\/urbeamea.ro\/albaiulia\/#\/schema\/person\/5db3854ac38c1cc9f0ab4092d6a20f02","name":"Giurca Sorin","image":{"@type":"ImageObject","inLanguage":"ro-RO","@id":"https:\/\/secure.gravatar.com\/avatar\/120f6fcae7b3b47a7730cb9943f612f4909f68ac5284b5f40ac1c4615fd70576?s=96&d=mm&r=g","url":"https:\/\/secure.gravatar.com\/avatar\/120f6fcae7b3b47a7730cb9943f612f4909f68ac5284b5f40ac1c4615fd70576?s=96&d=mm&r=g","contentUrl":"https:\/\/secure.gravatar.com\/avatar\/120f6fcae7b3b47a7730cb9943f612f4909f68ac5284b5f40ac1c4615fd70576?s=96&d=mm&r=g","caption":"Giurca Sorin"},"url":"https:\/\/urbeamea.ro\/albaiulia\/author\/sorin\/"}]}},"_links":{"self":[{"href":"https:\/\/urbeamea.ro\/albaiulia\/wp-json\/wp\/v2\/posts\/119501","targetHints":{"allow":["GET"]}}],"collection":[{"href":"https:\/\/urbeamea.ro\/albaiulia\/wp-json\/wp\/v2\/posts"}],"about":[{"href":"https:\/\/urbeamea.ro\/albaiulia\/wp-json\/wp\/v2\/types\/post"}],"author":[{"embeddable":true,"href":"https:\/\/urbeamea.ro\/albaiulia\/wp-json\/wp\/v2\/users\/28"}],"replies":[{"embeddable":true,"href":"https:\/\/urbeamea.ro\/albaiulia\/wp-json\/wp\/v2\/comments?post=119501"}],"version-history":[{"count":1,"href":"https:\/\/urbeamea.ro\/albaiulia\/wp-json\/wp\/v2\/posts\/119501\/revisions"}],"predecessor-version":[{"id":119512,"href":"https:\/\/urbeamea.ro\/albaiulia\/wp-json\/wp\/v2\/posts\/119501\/revisions\/119512"}],"wp:featuredmedia":[{"embeddable":true,"href":"https:\/\/urbeamea.ro\/albaiulia\/wp-json\/wp\/v2\/media\/119503"}],"wp:attachment":[{"href":"https:\/\/urbeamea.ro\/albaiulia\/wp-json\/wp\/v2\/media?parent=119501"}],"wp:term":[{"taxonomy":"category","embeddable":true,"href":"https:\/\/urbeamea.ro\/albaiulia\/wp-json\/wp\/v2\/categories?post=119501"},{"taxonomy":"post_tag","embeddable":true,"href":"https:\/\/urbeamea.ro\/albaiulia\/wp-json\/wp\/v2\/tags?post=119501"}],"curies":[{"name":"wp","href":"https:\/\/api.w.org\/{rel}","templated":true}]}}