{"id":119585,"date":"2025-09-17T20:09:44","date_gmt":"2025-09-17T17:09:44","guid":{"rendered":"https:\/\/urbeamea.ro\/albaiulia\/?p=119585"},"modified":"2025-09-17T20:09:46","modified_gmt":"2025-09-17T17:09:46","slug":"vineri-ora-1730-atelier-de-sah-la-biblioteca-judeteana-lucian-blaga-alba-va-fi-prezent-maestrul-international-mihnea-costachi","status":"publish","type":"post","link":"https:\/\/urbeamea.ro\/albaiulia\/vineri-ora-1730-atelier-de-sah-la-biblioteca-judeteana-lucian-blaga-alba-va-fi-prezent-maestrul-international-mihnea-costachi\/","title":{"rendered":"Vineri, ora 17:30 Atelier de \u0219ah la Biblioteca Jude\u021bean\u0103 &#8222;Lucian Blaga&#8221; Alba. Va fi prezent maestrul interna\u021bional, Mihnea Costachi"},"content":{"rendered":"\n<p>\u201e<strong>Mic \u0219i mare, aceea\u0219i mutare\u201d este titlul sub care Biblioteca Jude\u021bean\u0103 \u201eLucian Blaga\u201d Alba le d\u0103 \u00eent\u00e2lnire tuturor iubitorilor de \u0219ah, pentru a participa la o \u00eent\u00e2lnire sportiv\u0103 cu Mihnea Costachi, maestru interna\u021bional de \u0219ah \u0219i instructor la academia de \u0219ah care \u00eei poart\u0103 numele.<\/strong><\/p>\n\n\n\n<p>\u00cent\u00e2lnirea va avea loc vineri, 19 septembrie 2005, la Biblioteca Jude\u021bean\u0103 \u201eLucian Blaga\u201d Alba, de la ora 17:30 \u0219i va include prezentarea volumelor tematice aflate \u00een colec\u021bia bibliotecii, datorit\u0103 generoasei dona\u021bii f\u0103cute de domnul Marius Cetera\u0219, maestru interna\u021bional de \u0219ah, urmat\u0103 de jocuri de \u0219ah \u00eentre participan\u021bi \u0219i invitatul special Mihnea Costachi.<\/p>\n\n\n\n<p>\u201eProiectul se adreseaz\u0103 tuturor categoriilor de v\u00e2rst\u0103, iar participan\u021bii pot fi \u00eencep\u0103tori sauavansa\u021bi \u0219i se dore\u0219te a fi o incursiune captivant\u0103 \u00een universul \u0219ahului, dezv\u0103luind subtilit\u0103\u021bi strategice \u0219i frumuse\u021bea acestui sport al min\u021bii.\u201d a declarat Anca Iacob, responsabil\u0103 de proiect din partea Bibliotecii Jude\u021bene \u201eLucian Blaga\u201d Alba.<\/p>\n\n\n\n<p>Activitatea face parte din proiectul 3.26 \u0218ah-Mat! \u0219i este organizat\u0103 de Consiliul Jude\u021bean Alba \u0219i Biblioteca Jude\u021bean\u0103 \u201eLucian Blaga\u201d Alba.<\/p>\n\n\n\n<figure class=\"wp-block-image size-large\"><img loading=\"lazy\" decoding=\"async\" width=\"905\" height=\"1280\" src=\"https:\/\/urbeamea.ro\/albaiulia\/wp-content\/uploads\/2025\/09\/1000049197-905x1280.jpg\" alt=\"\" class=\"wp-image-119586\" srcset=\"https:\/\/urbeamea.ro\/albaiulia\/wp-content\/uploads\/2025\/09\/1000049197-905x1280.jpg 905w, https:\/\/urbeamea.ro\/albaiulia\/wp-content\/uploads\/2025\/09\/1000049197-453x640.jpg 453w, https:\/\/urbeamea.ro\/albaiulia\/wp-content\/uploads\/2025\/09\/1000049197-106x150.jpg 106w, https:\/\/urbeamea.ro\/albaiulia\/wp-content\/uploads\/2025\/09\/1000049197-768x1086.jpg 768w, https:\/\/urbeamea.ro\/albaiulia\/wp-content\/uploads\/2025\/09\/1000049197-1086x1536.jpg 1086w, https:\/\/urbeamea.ro\/albaiulia\/wp-content\/uploads\/2025\/09\/1000049197.jpg 1448w\" sizes=\"auto, (max-width: 905px) 100vw, 905px\" \/><\/figure>\n","protected":false},"excerpt":{"rendered":"<p>\u201eMic \u0219i mare, aceea\u0219i mutare\u201d este titlul sub care Biblioteca Jude\u021bean\u0103 \u201eLucian Blaga\u201d Alba le d\u0103 \u00eent\u00e2lnire tuturor iubitorilor de \u0219ah, pentru a participa la o \u00eent\u00e2lnire sportiv\u0103 cu Mihnea Costachi, maestru interna\u021bional de \u0219ah \u0219i instructor la academia de \u0219ah care \u00eei poart\u0103 numele. \u00cent\u00e2lnirea va avea loc vineri, 19 septembrie 2005, la Biblioteca &hellip;<\/p>\n","protected":false},"author":28,"featured_media":119586,"comment_status":"open","ping_status":"open","sticky":false,"template":"","format":"standard","meta":{"inline_featured_image":false,"footnotes":""},"categories":[2038,2039,4,2034,1,16344],"tags":[25416,828],"class_list":["post-119585","post","type-post","status-publish","format-standard","has-post-thumbnail","hentry","category-cultura","category-educatie","category-eveniment","category-social","category-stiri-urbane","category-urbea-mea","tag-atelier-de-sah","tag-mihnea-costachi"],"yoast_head":"<!-- This site is optimized with the Yoast SEO plugin v27.4 - https:\/\/yoast.com\/product\/yoast-seo-wordpress\/ -->\n<title>Vineri, ora 17:30 Atelier de \u0219ah la Biblioteca Jude\u021bean\u0103 &quot;Lucian Blaga&quot; Alba. Va fi prezent maestrul interna\u021bional, Mihnea Costachi - Revista Urbea Mea - Revista de Alba<\/title>\n<meta name=\"description\" content=\"\u201eMic \u0219i mare, aceea\u0219i mutare\u201d este titlul sub care Biblioteca Jude\u021bean\u0103 \u201eLucian Blaga\u201d Alba le d\u0103 \u00eent\u00e2lnire tuturor iubitorilor de \u0219ah, pentru a participa\" \/>\n<meta name=\"robots\" content=\"index, follow, max-snippet:-1, max-image-preview:large, max-video-preview:-1\" \/>\n<link rel=\"canonical\" href=\"https:\/\/urbeamea.ro\/albaiulia\/vineri-ora-1730-atelier-de-sah-la-biblioteca-judeteana-lucian-blaga-alba-va-fi-prezent-maestrul-international-mihnea-costachi\/\" \/>\n<meta name=\"twitter:card\" content=\"summary_large_image\" \/>\n<meta name=\"twitter:title\" content=\"Vineri, ora 17:30 Atelier de \u0219ah la Biblioteca Jude\u021bean\u0103 &quot;Lucian Blaga&quot; Alba. Va fi prezent maestrul interna\u021bional, Mihnea Costachi - Revista Urbea Mea - Revista de Alba\" \/>\n<meta name=\"twitter:description\" content=\"\u201eMic \u0219i mare, aceea\u0219i mutare\u201d este titlul sub care Biblioteca Jude\u021bean\u0103 \u201eLucian Blaga\u201d Alba le d\u0103 \u00eent\u00e2lnire tuturor iubitorilor de \u0219ah, pentru a participa\" \/>\n<meta name=\"twitter:image\" content=\"https:\/\/urbeamea.ro\/albaiulia\/wp-content\/uploads\/2025\/09\/1000049197.jpg\" \/>\n<meta name=\"twitter:creator\" content=\"@urbeameaweb\" \/>\n<meta name=\"twitter:site\" content=\"@urbeameaweb\" \/>\n<script type=\"application\/ld+json\" class=\"yoast-schema-graph\">{\"@context\":\"https:\\\/\\\/schema.org\",\"@graph\":[{\"@type\":\"Article\",\"@id\":\"https:\\\/\\\/urbeamea.ro\\\/albaiulia\\\/vineri-ora-1730-atelier-de-sah-la-biblioteca-judeteana-lucian-blaga-alba-va-fi-prezent-maestrul-international-mihnea-costachi\\\/#article\",\"isPartOf\":{\"@id\":\"https:\\\/\\\/urbeamea.ro\\\/albaiulia\\\/vineri-ora-1730-atelier-de-sah-la-biblioteca-judeteana-lucian-blaga-alba-va-fi-prezent-maestrul-international-mihnea-costachi\\\/\"},\"author\":{\"name\":\"Giurca Sorin\",\"@id\":\"https:\\\/\\\/urbeamea.ro\\\/albaiulia\\\/#\\\/schema\\\/person\\\/5db3854ac38c1cc9f0ab4092d6a20f02\"},\"headline\":\"Vineri, ora 17:30 Atelier de \u0219ah la Biblioteca Jude\u021bean\u0103 &#8222;Lucian Blaga&#8221; Alba. Va fi prezent maestrul interna\u021bional, Mihnea Costachi\",\"datePublished\":\"2025-09-17T17:09:44+00:00\",\"dateModified\":\"2025-09-17T17:09:46+00:00\",\"mainEntityOfPage\":{\"@id\":\"https:\\\/\\\/urbeamea.ro\\\/albaiulia\\\/vineri-ora-1730-atelier-de-sah-la-biblioteca-judeteana-lucian-blaga-alba-va-fi-prezent-maestrul-international-mihnea-costachi\\\/\"},\"wordCount\":204,\"commentCount\":0,\"image\":{\"@id\":\"https:\\\/\\\/urbeamea.ro\\\/albaiulia\\\/vineri-ora-1730-atelier-de-sah-la-biblioteca-judeteana-lucian-blaga-alba-va-fi-prezent-maestrul-international-mihnea-costachi\\\/#primaryimage\"},\"thumbnailUrl\":\"https:\\\/\\\/urbeamea.ro\\\/albaiulia\\\/wp-content\\\/uploads\\\/2025\\\/09\\\/1000049197.jpg\",\"keywords\":[\"Atelier de sah\",\"mihnea costachi\"],\"articleSection\":[\"Cultur\u0103\",\"Educa\u021bie\",\"Evenimente\",\"Social\",\"\u015etiri Urbane\",\"Urbea Mea\"],\"inLanguage\":\"ro-RO\",\"potentialAction\":[{\"@type\":\"CommentAction\",\"name\":\"Comment\",\"target\":[\"https:\\\/\\\/urbeamea.ro\\\/albaiulia\\\/vineri-ora-1730-atelier-de-sah-la-biblioteca-judeteana-lucian-blaga-alba-va-fi-prezent-maestrul-international-mihnea-costachi\\\/#respond\"]}]},{\"@type\":\"WebPage\",\"@id\":\"https:\\\/\\\/urbeamea.ro\\\/albaiulia\\\/vineri-ora-1730-atelier-de-sah-la-biblioteca-judeteana-lucian-blaga-alba-va-fi-prezent-maestrul-international-mihnea-costachi\\\/\",\"url\":\"https:\\\/\\\/urbeamea.ro\\\/albaiulia\\\/vineri-ora-1730-atelier-de-sah-la-biblioteca-judeteana-lucian-blaga-alba-va-fi-prezent-maestrul-international-mihnea-costachi\\\/\",\"name\":\"Vineri, ora 17:30 Atelier de \u0219ah la Biblioteca Jude\u021bean\u0103 \\\"Lucian Blaga\\\" Alba. Va fi prezent maestrul interna\u021bional, Mihnea Costachi - Revista Urbea Mea - Revista de Alba\",\"isPartOf\":{\"@id\":\"https:\\\/\\\/urbeamea.ro\\\/albaiulia\\\/#website\"},\"primaryImageOfPage\":{\"@id\":\"https:\\\/\\\/urbeamea.ro\\\/albaiulia\\\/vineri-ora-1730-atelier-de-sah-la-biblioteca-judeteana-lucian-blaga-alba-va-fi-prezent-maestrul-international-mihnea-costachi\\\/#primaryimage\"},\"image\":{\"@id\":\"https:\\\/\\\/urbeamea.ro\\\/albaiulia\\\/vineri-ora-1730-atelier-de-sah-la-biblioteca-judeteana-lucian-blaga-alba-va-fi-prezent-maestrul-international-mihnea-costachi\\\/#primaryimage\"},\"thumbnailUrl\":\"https:\\\/\\\/urbeamea.ro\\\/albaiulia\\\/wp-content\\\/uploads\\\/2025\\\/09\\\/1000049197.jpg\",\"datePublished\":\"2025-09-17T17:09:44+00:00\",\"dateModified\":\"2025-09-17T17:09:46+00:00\",\"author\":{\"@id\":\"https:\\\/\\\/urbeamea.ro\\\/albaiulia\\\/#\\\/schema\\\/person\\\/5db3854ac38c1cc9f0ab4092d6a20f02\"},\"description\":\"\u201eMic \u0219i mare, aceea\u0219i mutare\u201d este titlul sub care Biblioteca Jude\u021bean\u0103 \u201eLucian Blaga\u201d Alba le d\u0103 \u00eent\u00e2lnire tuturor iubitorilor de \u0219ah, pentru a participa\",\"breadcrumb\":{\"@id\":\"https:\\\/\\\/urbeamea.ro\\\/albaiulia\\\/vineri-ora-1730-atelier-de-sah-la-biblioteca-judeteana-lucian-blaga-alba-va-fi-prezent-maestrul-international-mihnea-costachi\\\/#breadcrumb\"},\"inLanguage\":\"ro-RO\",\"potentialAction\":[{\"@type\":\"ReadAction\",\"target\":[\"https:\\\/\\\/urbeamea.ro\\\/albaiulia\\\/vineri-ora-1730-atelier-de-sah-la-biblioteca-judeteana-lucian-blaga-alba-va-fi-prezent-maestrul-international-mihnea-costachi\\\/\"]}]},{\"@type\":\"ImageObject\",\"inLanguage\":\"ro-RO\",\"@id\":\"https:\\\/\\\/urbeamea.ro\\\/albaiulia\\\/vineri-ora-1730-atelier-de-sah-la-biblioteca-judeteana-lucian-blaga-alba-va-fi-prezent-maestrul-international-mihnea-costachi\\\/#primaryimage\",\"url\":\"https:\\\/\\\/urbeamea.ro\\\/albaiulia\\\/wp-content\\\/uploads\\\/2025\\\/09\\\/1000049197.jpg\",\"contentUrl\":\"https:\\\/\\\/urbeamea.ro\\\/albaiulia\\\/wp-content\\\/uploads\\\/2025\\\/09\\\/1000049197.jpg\",\"width\":1448,\"height\":2048},{\"@type\":\"BreadcrumbList\",\"@id\":\"https:\\\/\\\/urbeamea.ro\\\/albaiulia\\\/vineri-ora-1730-atelier-de-sah-la-biblioteca-judeteana-lucian-blaga-alba-va-fi-prezent-maestrul-international-mihnea-costachi\\\/#breadcrumb\",\"itemListElement\":[{\"@type\":\"ListItem\",\"position\":1,\"name\":\"Prima pagin\u0103\",\"item\":\"https:\\\/\\\/urbeamea.ro\\\/albaiulia\\\/\"},{\"@type\":\"ListItem\",\"position\":2,\"name\":\"Vineri, ora 17:30 Atelier de \u0219ah la Biblioteca Jude\u021bean\u0103 &#8222;Lucian Blaga&#8221; Alba. Va fi prezent maestrul interna\u021bional, Mihnea Costachi\"}]},{\"@type\":\"WebSite\",\"@id\":\"https:\\\/\\\/urbeamea.ro\\\/albaiulia\\\/#website\",\"url\":\"https:\\\/\\\/urbeamea.ro\\\/albaiulia\\\/\",\"name\":\"Revista Urbea Mea, Stiri urbane\",\"description\":\"Evenimente \u0219i \u0219tiri din Alba Iulia, Sebe\u0219, Aiud, Blaj\",\"potentialAction\":[{\"@type\":\"SearchAction\",\"target\":{\"@type\":\"EntryPoint\",\"urlTemplate\":\"https:\\\/\\\/urbeamea.ro\\\/albaiulia\\\/?s={search_term_string}\"},\"query-input\":{\"@type\":\"PropertyValueSpecification\",\"valueRequired\":true,\"valueName\":\"search_term_string\"}}],\"inLanguage\":\"ro-RO\"},{\"@type\":\"Person\",\"@id\":\"https:\\\/\\\/urbeamea.ro\\\/albaiulia\\\/#\\\/schema\\\/person\\\/5db3854ac38c1cc9f0ab4092d6a20f02\",\"name\":\"Giurca Sorin\",\"image\":{\"@type\":\"ImageObject\",\"inLanguage\":\"ro-RO\",\"@id\":\"https:\\\/\\\/secure.gravatar.com\\\/avatar\\\/120f6fcae7b3b47a7730cb9943f612f4909f68ac5284b5f40ac1c4615fd70576?s=96&d=mm&r=g\",\"url\":\"https:\\\/\\\/secure.gravatar.com\\\/avatar\\\/120f6fcae7b3b47a7730cb9943f612f4909f68ac5284b5f40ac1c4615fd70576?s=96&d=mm&r=g\",\"contentUrl\":\"https:\\\/\\\/secure.gravatar.com\\\/avatar\\\/120f6fcae7b3b47a7730cb9943f612f4909f68ac5284b5f40ac1c4615fd70576?s=96&d=mm&r=g\",\"caption\":\"Giurca Sorin\"},\"url\":\"https:\\\/\\\/urbeamea.ro\\\/albaiulia\\\/author\\\/sorin\\\/\"}]}<\/script>\n<!-- \/ Yoast SEO plugin. -->","yoast_head_json":{"title":"Vineri, ora 17:30 Atelier de \u0219ah la Biblioteca Jude\u021bean\u0103 \"Lucian Blaga\" Alba. Va fi prezent maestrul interna\u021bional, Mihnea Costachi - Revista Urbea Mea - Revista de Alba","description":"\u201eMic \u0219i mare, aceea\u0219i mutare\u201d este titlul sub care Biblioteca Jude\u021bean\u0103 \u201eLucian Blaga\u201d Alba le d\u0103 \u00eent\u00e2lnire tuturor iubitorilor de \u0219ah, pentru a participa","robots":{"index":"index","follow":"follow","max-snippet":"max-snippet:-1","max-image-preview":"max-image-preview:large","max-video-preview":"max-video-preview:-1"},"canonical":"https:\/\/urbeamea.ro\/albaiulia\/vineri-ora-1730-atelier-de-sah-la-biblioteca-judeteana-lucian-blaga-alba-va-fi-prezent-maestrul-international-mihnea-costachi\/","twitter_card":"summary_large_image","twitter_title":"Vineri, ora 17:30 Atelier de \u0219ah la Biblioteca Jude\u021bean\u0103 \"Lucian Blaga\" Alba. Va fi prezent maestrul interna\u021bional, Mihnea Costachi - Revista Urbea Mea - Revista de Alba","twitter_description":"\u201eMic \u0219i mare, aceea\u0219i mutare\u201d este titlul sub care Biblioteca Jude\u021bean\u0103 \u201eLucian Blaga\u201d Alba le d\u0103 \u00eent\u00e2lnire tuturor iubitorilor de \u0219ah, pentru a participa","twitter_image":"https:\/\/urbeamea.ro\/albaiulia\/wp-content\/uploads\/2025\/09\/1000049197.jpg","twitter_creator":"@urbeameaweb","twitter_site":"@urbeameaweb","schema":{"@context":"https:\/\/schema.org","@graph":[{"@type":"Article","@id":"https:\/\/urbeamea.ro\/albaiulia\/vineri-ora-1730-atelier-de-sah-la-biblioteca-judeteana-lucian-blaga-alba-va-fi-prezent-maestrul-international-mihnea-costachi\/#article","isPartOf":{"@id":"https:\/\/urbeamea.ro\/albaiulia\/vineri-ora-1730-atelier-de-sah-la-biblioteca-judeteana-lucian-blaga-alba-va-fi-prezent-maestrul-international-mihnea-costachi\/"},"author":{"name":"Giurca Sorin","@id":"https:\/\/urbeamea.ro\/albaiulia\/#\/schema\/person\/5db3854ac38c1cc9f0ab4092d6a20f02"},"headline":"Vineri, ora 17:30 Atelier de \u0219ah la Biblioteca Jude\u021bean\u0103 &#8222;Lucian Blaga&#8221; Alba. Va fi prezent maestrul interna\u021bional, Mihnea Costachi","datePublished":"2025-09-17T17:09:44+00:00","dateModified":"2025-09-17T17:09:46+00:00","mainEntityOfPage":{"@id":"https:\/\/urbeamea.ro\/albaiulia\/vineri-ora-1730-atelier-de-sah-la-biblioteca-judeteana-lucian-blaga-alba-va-fi-prezent-maestrul-international-mihnea-costachi\/"},"wordCount":204,"commentCount":0,"image":{"@id":"https:\/\/urbeamea.ro\/albaiulia\/vineri-ora-1730-atelier-de-sah-la-biblioteca-judeteana-lucian-blaga-alba-va-fi-prezent-maestrul-international-mihnea-costachi\/#primaryimage"},"thumbnailUrl":"https:\/\/urbeamea.ro\/albaiulia\/wp-content\/uploads\/2025\/09\/1000049197.jpg","keywords":["Atelier de sah","mihnea costachi"],"articleSection":["Cultur\u0103","Educa\u021bie","Evenimente","Social","\u015etiri Urbane","Urbea Mea"],"inLanguage":"ro-RO","potentialAction":[{"@type":"CommentAction","name":"Comment","target":["https:\/\/urbeamea.ro\/albaiulia\/vineri-ora-1730-atelier-de-sah-la-biblioteca-judeteana-lucian-blaga-alba-va-fi-prezent-maestrul-international-mihnea-costachi\/#respond"]}]},{"@type":"WebPage","@id":"https:\/\/urbeamea.ro\/albaiulia\/vineri-ora-1730-atelier-de-sah-la-biblioteca-judeteana-lucian-blaga-alba-va-fi-prezent-maestrul-international-mihnea-costachi\/","url":"https:\/\/urbeamea.ro\/albaiulia\/vineri-ora-1730-atelier-de-sah-la-biblioteca-judeteana-lucian-blaga-alba-va-fi-prezent-maestrul-international-mihnea-costachi\/","name":"Vineri, ora 17:30 Atelier de \u0219ah la Biblioteca Jude\u021bean\u0103 \"Lucian Blaga\" Alba. Va fi prezent maestrul interna\u021bional, Mihnea Costachi - Revista Urbea Mea - Revista de Alba","isPartOf":{"@id":"https:\/\/urbeamea.ro\/albaiulia\/#website"},"primaryImageOfPage":{"@id":"https:\/\/urbeamea.ro\/albaiulia\/vineri-ora-1730-atelier-de-sah-la-biblioteca-judeteana-lucian-blaga-alba-va-fi-prezent-maestrul-international-mihnea-costachi\/#primaryimage"},"image":{"@id":"https:\/\/urbeamea.ro\/albaiulia\/vineri-ora-1730-atelier-de-sah-la-biblioteca-judeteana-lucian-blaga-alba-va-fi-prezent-maestrul-international-mihnea-costachi\/#primaryimage"},"thumbnailUrl":"https:\/\/urbeamea.ro\/albaiulia\/wp-content\/uploads\/2025\/09\/1000049197.jpg","datePublished":"2025-09-17T17:09:44+00:00","dateModified":"2025-09-17T17:09:46+00:00","author":{"@id":"https:\/\/urbeamea.ro\/albaiulia\/#\/schema\/person\/5db3854ac38c1cc9f0ab4092d6a20f02"},"description":"\u201eMic \u0219i mare, aceea\u0219i mutare\u201d este titlul sub care Biblioteca Jude\u021bean\u0103 \u201eLucian Blaga\u201d Alba le d\u0103 \u00eent\u00e2lnire tuturor iubitorilor de \u0219ah, pentru a participa","breadcrumb":{"@id":"https:\/\/urbeamea.ro\/albaiulia\/vineri-ora-1730-atelier-de-sah-la-biblioteca-judeteana-lucian-blaga-alba-va-fi-prezent-maestrul-international-mihnea-costachi\/#breadcrumb"},"inLanguage":"ro-RO","potentialAction":[{"@type":"ReadAction","target":["https:\/\/urbeamea.ro\/albaiulia\/vineri-ora-1730-atelier-de-sah-la-biblioteca-judeteana-lucian-blaga-alba-va-fi-prezent-maestrul-international-mihnea-costachi\/"]}]},{"@type":"ImageObject","inLanguage":"ro-RO","@id":"https:\/\/urbeamea.ro\/albaiulia\/vineri-ora-1730-atelier-de-sah-la-biblioteca-judeteana-lucian-blaga-alba-va-fi-prezent-maestrul-international-mihnea-costachi\/#primaryimage","url":"https:\/\/urbeamea.ro\/albaiulia\/wp-content\/uploads\/2025\/09\/1000049197.jpg","contentUrl":"https:\/\/urbeamea.ro\/albaiulia\/wp-content\/uploads\/2025\/09\/1000049197.jpg","width":1448,"height":2048},{"@type":"BreadcrumbList","@id":"https:\/\/urbeamea.ro\/albaiulia\/vineri-ora-1730-atelier-de-sah-la-biblioteca-judeteana-lucian-blaga-alba-va-fi-prezent-maestrul-international-mihnea-costachi\/#breadcrumb","itemListElement":[{"@type":"ListItem","position":1,"name":"Prima pagin\u0103","item":"https:\/\/urbeamea.ro\/albaiulia\/"},{"@type":"ListItem","position":2,"name":"Vineri, ora 17:30 Atelier de \u0219ah la Biblioteca Jude\u021bean\u0103 &#8222;Lucian Blaga&#8221; Alba. Va fi prezent maestrul interna\u021bional, Mihnea Costachi"}]},{"@type":"WebSite","@id":"https:\/\/urbeamea.ro\/albaiulia\/#website","url":"https:\/\/urbeamea.ro\/albaiulia\/","name":"Revista Urbea Mea, Stiri urbane","description":"Evenimente \u0219i \u0219tiri din Alba Iulia, Sebe\u0219, Aiud, Blaj","potentialAction":[{"@type":"SearchAction","target":{"@type":"EntryPoint","urlTemplate":"https:\/\/urbeamea.ro\/albaiulia\/?s={search_term_string}"},"query-input":{"@type":"PropertyValueSpecification","valueRequired":true,"valueName":"search_term_string"}}],"inLanguage":"ro-RO"},{"@type":"Person","@id":"https:\/\/urbeamea.ro\/albaiulia\/#\/schema\/person\/5db3854ac38c1cc9f0ab4092d6a20f02","name":"Giurca Sorin","image":{"@type":"ImageObject","inLanguage":"ro-RO","@id":"https:\/\/secure.gravatar.com\/avatar\/120f6fcae7b3b47a7730cb9943f612f4909f68ac5284b5f40ac1c4615fd70576?s=96&d=mm&r=g","url":"https:\/\/secure.gravatar.com\/avatar\/120f6fcae7b3b47a7730cb9943f612f4909f68ac5284b5f40ac1c4615fd70576?s=96&d=mm&r=g","contentUrl":"https:\/\/secure.gravatar.com\/avatar\/120f6fcae7b3b47a7730cb9943f612f4909f68ac5284b5f40ac1c4615fd70576?s=96&d=mm&r=g","caption":"Giurca Sorin"},"url":"https:\/\/urbeamea.ro\/albaiulia\/author\/sorin\/"}]}},"_links":{"self":[{"href":"https:\/\/urbeamea.ro\/albaiulia\/wp-json\/wp\/v2\/posts\/119585","targetHints":{"allow":["GET"]}}],"collection":[{"href":"https:\/\/urbeamea.ro\/albaiulia\/wp-json\/wp\/v2\/posts"}],"about":[{"href":"https:\/\/urbeamea.ro\/albaiulia\/wp-json\/wp\/v2\/types\/post"}],"author":[{"embeddable":true,"href":"https:\/\/urbeamea.ro\/albaiulia\/wp-json\/wp\/v2\/users\/28"}],"replies":[{"embeddable":true,"href":"https:\/\/urbeamea.ro\/albaiulia\/wp-json\/wp\/v2\/comments?post=119585"}],"version-history":[{"count":1,"href":"https:\/\/urbeamea.ro\/albaiulia\/wp-json\/wp\/v2\/posts\/119585\/revisions"}],"predecessor-version":[{"id":119587,"href":"https:\/\/urbeamea.ro\/albaiulia\/wp-json\/wp\/v2\/posts\/119585\/revisions\/119587"}],"wp:featuredmedia":[{"embeddable":true,"href":"https:\/\/urbeamea.ro\/albaiulia\/wp-json\/wp\/v2\/media\/119586"}],"wp:attachment":[{"href":"https:\/\/urbeamea.ro\/albaiulia\/wp-json\/wp\/v2\/media?parent=119585"}],"wp:term":[{"taxonomy":"category","embeddable":true,"href":"https:\/\/urbeamea.ro\/albaiulia\/wp-json\/wp\/v2\/categories?post=119585"},{"taxonomy":"post_tag","embeddable":true,"href":"https:\/\/urbeamea.ro\/albaiulia\/wp-json\/wp\/v2\/tags?post=119585"}],"curies":[{"name":"wp","href":"https:\/\/api.w.org\/{rel}","templated":true}]}}