{"id":119614,"date":"2025-09-18T16:25:46","date_gmt":"2025-09-18T13:25:46","guid":{"rendered":"https:\/\/urbeamea.ro\/albaiulia\/?p=119614"},"modified":"2025-09-18T16:25:48","modified_gmt":"2025-09-18T13:25:48","slug":"poetul-george-cosbuc-omagiat-la-biblioteca-judeteana-lucian-blaga-alba-la-159-ani-de-la-nastere","status":"publish","type":"post","link":"https:\/\/urbeamea.ro\/albaiulia\/poetul-george-cosbuc-omagiat-la-biblioteca-judeteana-lucian-blaga-alba-la-159-ani-de-la-nastere\/","title":{"rendered":"Poetul George Co\u0219buc, omagiat la Biblioteca Jude\u021bean\u0103 &#8222;Lucian Blaga&#8221; Alba, la 159 ani de la na\u0219tere"},"content":{"rendered":"\n<p><strong>S\u00e2mb\u0103t\u0103, 20 septembrie 2025, se \u00eemplinesc 159 de ani de la na\u0219terea poetului George Co\u0219buc, prilej cu care Consiliul Jude\u021bean Alba \u0219i Biblioteca Jude\u021bean\u0103 \u201eLucian Blaga\u201d Alba organizeaz\u0103 o serie de activit\u0103\u021bi menite s\u0103 elogieze via\u021ba \u0219i opera acestui mare poet transilv\u0103nean.<\/strong><\/p>\n\n\n\n<p>Activit\u0103\u021bile se vor desf\u0103\u0219ura at\u00e2t \u00een mediul online, c\u00e2t \u0219i pe Aleea Scriitorilor din Alba Iulia, dup\u0103 urm\u0103torul program:<\/p>\n\n\n\n<p>Ora 9:00 George Co\u0219buc \u00een colec\u021biile Bibliotecii Jude\u021bene \u201eLucian Blaga\u201d Alba, expozi\u021bie de carte: online<\/p>\n\n\n\n<p>Ora 10:00 Recomandare carte pentru adul\u021bi: online<\/p>\n\n\n\n<p>Ora 11:00 Recomandare carte pentru copii: online<\/p>\n\n\n\n<p>12:00 George Co\u0219buc: medalion literar: online<\/p>\n\n\n\n<p>13:00 Depunere de jerb\u0103 de flori, prezentare medalion bibliografic \u0219i moment omagial la bustul lui George Co\u0219buc de pe Aleea Scriitorilor din Alba Iulia<\/p>\n\n\n\n<p>Activitatea face parte din proiectul 4.2 Monumentele Literaturii Rom\u00e2ne, proiect cultural destinat promov\u0103rii operelor \u0219i scriitorilor rom\u00e2ni care au amplasate busturi pe Aleea Scriitorilor din Alba Iulia.<\/p>\n\n\n\n<p> Proiectul este organizat de Consiliul Jude\u021bean Alba \u0219i de Biblioteca Jude\u021bean\u0103 \u201eLucian Blaga\u201d Alba, \u00een colaborare cu asocia\u021biile \u0219i funda\u021biile cultural \u2013 patriotice din Alba Iulia.<\/p>\n\n\n\n<p>George Co\u0219buc s-a n\u0103scut la 20 septembrie 1866 \u00een satul Hordou din jude\u021bul Bistri\u021ba-N\u0103s\u0103ud (azi se nume\u0219te Co\u0219buc \u00een onoarea marelui poet). Tat\u0103l s\u0103u, preot greco-catolic, a studiat la \u0219colile Blajului, transmi\u021b\u00e2ndu-i dragostea pentru \u00eenv\u0103\u021b\u0103tur\u0103 \u00een general, \u0219i pentru literatur\u0103, \u00een mod special. <\/p>\n\n\n\n<p>Dup\u0103 ce \u00ee\u0219i definitiveaz\u0103 studiile liceale se \u00eenscrie la Facultatea de Filosofie \u0219i Litere din Cluj, pe care nu o finalizeaz\u0103, fiind tot mai interesat de folclor \u0219i de trecutul istoric al poporului rom\u00e2n. <\/p>\n\n\n\n<p>De-a lungul timpului va publica poezie, literatur\u0103 pentru copii, publicistic\u0103, critic\u0103 \u0219i va face traduceri, fiind un adept al curentului s\u0103m\u0103n\u0103torist. <\/p>\n\n\n\n<p>Spre deosebire de mul\u021bi dintre predecesorii s\u0103i, Co\u0219buc a scos \u00een eviden\u021b\u0103 partea solar\u0103, idilic\u0103, a sufletului \u021b\u0103ranului rom\u00e2n, zugr\u0103vindu-l \u00een poezii de o frumuse\u021be \u0219i un ritm deosebit de frumos.<\/p>\n\n\n\n<p> Pentru activitatea sa literar\u0103 a fost ales membru al Academiei Rom\u00e2ne. <\/p>\n\n\n\n<p>George Co\u0219buc a poposit la Alba Iulia, \u00een casa cu nr. 18 de pe actuala strad\u0103 George Co\u0219buc, unde \u00een 1923, elevii de la Liceul \u201eMihai Viteazul\u201d i-au dezvelit o plac\u0103 cu urm\u0103torul text: \u201eGeorge Co\u0219buc (1866-1918). <\/p>\n\n\n\n<p>Poetul \u021b\u0103r\u0103nimii a stat \u00een aceast\u0103 cas\u0103 dou\u0103 zile. Societatea de Lectur\u0103 \u201eG. Co\u0219buc\u201d a elevilor de la Liceul \u201eMihai Viteazul\u201d. Iunie 1923\u201d. <\/p>\n\n\n\n<p>\u00cen 2003 Funda\u021bia \u201eAlba Iulia 1918 pentru Unitatea \u0219i Integritatea Rom\u00e2niei\u201d dezvele\u0219te o nou\u0103 plac\u0103 memorial\u0103, iar sculptorul Dumitru Pasima l-a nemurit \u00eentr-un bust de bronz amplasat pe Aleea Scriitorilor din Alba Iulia.<\/p>\n\n\n\n<figure class=\"wp-block-image size-large\"><img loading=\"lazy\" decoding=\"async\" width=\"1280\" height=\"905\" src=\"https:\/\/urbeamea.ro\/albaiulia\/wp-content\/uploads\/2025\/09\/1000049250-1280x905.jpg\" alt=\"\" class=\"wp-image-119615\" srcset=\"https:\/\/urbeamea.ro\/albaiulia\/wp-content\/uploads\/2025\/09\/1000049250-1280x905.jpg 1280w, https:\/\/urbeamea.ro\/albaiulia\/wp-content\/uploads\/2025\/09\/1000049250-640x452.jpg 640w, https:\/\/urbeamea.ro\/albaiulia\/wp-content\/uploads\/2025\/09\/1000049250-150x106.jpg 150w, https:\/\/urbeamea.ro\/albaiulia\/wp-content\/uploads\/2025\/09\/1000049250-768x543.jpg 768w, https:\/\/urbeamea.ro\/albaiulia\/wp-content\/uploads\/2025\/09\/1000049250-1536x1086.jpg 1536w, https:\/\/urbeamea.ro\/albaiulia\/wp-content\/uploads\/2025\/09\/1000049250.jpg 2000w\" sizes=\"auto, (max-width: 1280px) 100vw, 1280px\" \/><\/figure>\n","protected":false},"excerpt":{"rendered":"<p>S\u00e2mb\u0103t\u0103, 20 septembrie 2025, se \u00eemplinesc 159 de ani de la na\u0219terea poetului George Co\u0219buc, prilej cu care Consiliul Jude\u021bean Alba \u0219i Biblioteca Jude\u021bean\u0103 \u201eLucian Blaga\u201d Alba organizeaz\u0103 o serie de activit\u0103\u021bi menite s\u0103 elogieze via\u021ba \u0219i opera acestui mare poet transilv\u0103nean. Activit\u0103\u021bile se vor desf\u0103\u0219ura at\u00e2t \u00een mediul online, c\u00e2t \u0219i pe Aleea Scriitorilor &hellip;<\/p>\n","protected":false},"author":28,"featured_media":119615,"comment_status":"open","ping_status":"open","sticky":false,"template":"","format":"standard","meta":{"inline_featured_image":false,"footnotes":""},"categories":[2038,2039,4,2034,1,16344],"tags":[25294,25418],"class_list":["post-119614","post","type-post","status-publish","format-standard","has-post-thumbnail","hentry","category-cultura","category-educatie","category-eveniment","category-social","category-stiri-urbane","category-urbea-mea","tag-biblioteca-judeteana-lucian-blaga-2","tag-george-cosbuc-2"],"yoast_head":"<!-- This site is optimized with the Yoast SEO plugin v27.4 - https:\/\/yoast.com\/product\/yoast-seo-wordpress\/ -->\n<title>Poetul George Co\u0219buc, omagiat la Biblioteca Jude\u021bean\u0103 &quot;Lucian Blaga&quot; Alba, la 159 ani de la na\u0219tere - Revista Urbea Mea - Revista de Alba<\/title>\n<meta name=\"description\" content=\"S\u00e2mb\u0103t\u0103, 20 septembrie 2025, se \u00eemplinesc 159 de ani de la na\u0219terea poetului George Co\u0219buc, prilej cu care Consiliul Jude\u021bean Alba \u0219i Biblioteca Jude\u021bean\u0103\" \/>\n<meta name=\"robots\" content=\"index, follow, max-snippet:-1, max-image-preview:large, max-video-preview:-1\" \/>\n<link rel=\"canonical\" href=\"https:\/\/urbeamea.ro\/albaiulia\/poetul-george-cosbuc-omagiat-la-biblioteca-judeteana-lucian-blaga-alba-la-159-ani-de-la-nastere\/\" \/>\n<meta name=\"twitter:card\" content=\"summary_large_image\" \/>\n<meta name=\"twitter:title\" content=\"Poetul George Co\u0219buc, omagiat la Biblioteca Jude\u021bean\u0103 &quot;Lucian Blaga&quot; Alba, la 159 ani de la na\u0219tere - Revista Urbea Mea - Revista de Alba\" \/>\n<meta name=\"twitter:description\" content=\"S\u00e2mb\u0103t\u0103, 20 septembrie 2025, se \u00eemplinesc 159 de ani de la na\u0219terea poetului George Co\u0219buc, prilej cu care Consiliul Jude\u021bean Alba \u0219i Biblioteca Jude\u021bean\u0103\" \/>\n<meta name=\"twitter:image\" content=\"https:\/\/urbeamea.ro\/albaiulia\/wp-content\/uploads\/2025\/09\/1000049250.jpg\" \/>\n<meta name=\"twitter:creator\" content=\"@urbeameaweb\" \/>\n<meta name=\"twitter:site\" content=\"@urbeameaweb\" \/>\n<script type=\"application\/ld+json\" class=\"yoast-schema-graph\">{\"@context\":\"https:\\\/\\\/schema.org\",\"@graph\":[{\"@type\":\"Article\",\"@id\":\"https:\\\/\\\/urbeamea.ro\\\/albaiulia\\\/poetul-george-cosbuc-omagiat-la-biblioteca-judeteana-lucian-blaga-alba-la-159-ani-de-la-nastere\\\/#article\",\"isPartOf\":{\"@id\":\"https:\\\/\\\/urbeamea.ro\\\/albaiulia\\\/poetul-george-cosbuc-omagiat-la-biblioteca-judeteana-lucian-blaga-alba-la-159-ani-de-la-nastere\\\/\"},\"author\":{\"name\":\"Giurca Sorin\",\"@id\":\"https:\\\/\\\/urbeamea.ro\\\/albaiulia\\\/#\\\/schema\\\/person\\\/5db3854ac38c1cc9f0ab4092d6a20f02\"},\"headline\":\"Poetul George Co\u0219buc, omagiat la Biblioteca Jude\u021bean\u0103 &#8222;Lucian Blaga&#8221; Alba, la 159 ani de la na\u0219tere\",\"datePublished\":\"2025-09-18T13:25:46+00:00\",\"dateModified\":\"2025-09-18T13:25:48+00:00\",\"mainEntityOfPage\":{\"@id\":\"https:\\\/\\\/urbeamea.ro\\\/albaiulia\\\/poetul-george-cosbuc-omagiat-la-biblioteca-judeteana-lucian-blaga-alba-la-159-ani-de-la-nastere\\\/\"},\"wordCount\":467,\"commentCount\":0,\"image\":{\"@id\":\"https:\\\/\\\/urbeamea.ro\\\/albaiulia\\\/poetul-george-cosbuc-omagiat-la-biblioteca-judeteana-lucian-blaga-alba-la-159-ani-de-la-nastere\\\/#primaryimage\"},\"thumbnailUrl\":\"https:\\\/\\\/urbeamea.ro\\\/albaiulia\\\/wp-content\\\/uploads\\\/2025\\\/09\\\/1000049250.jpg\",\"keywords\":[\"Biblioteca Jude\u021bean\u0103 Lucian Blaga\",\"George Co\u0219buc\"],\"articleSection\":[\"Cultur\u0103\",\"Educa\u021bie\",\"Evenimente\",\"Social\",\"\u015etiri Urbane\",\"Urbea Mea\"],\"inLanguage\":\"ro-RO\",\"potentialAction\":[{\"@type\":\"CommentAction\",\"name\":\"Comment\",\"target\":[\"https:\\\/\\\/urbeamea.ro\\\/albaiulia\\\/poetul-george-cosbuc-omagiat-la-biblioteca-judeteana-lucian-blaga-alba-la-159-ani-de-la-nastere\\\/#respond\"]}]},{\"@type\":\"WebPage\",\"@id\":\"https:\\\/\\\/urbeamea.ro\\\/albaiulia\\\/poetul-george-cosbuc-omagiat-la-biblioteca-judeteana-lucian-blaga-alba-la-159-ani-de-la-nastere\\\/\",\"url\":\"https:\\\/\\\/urbeamea.ro\\\/albaiulia\\\/poetul-george-cosbuc-omagiat-la-biblioteca-judeteana-lucian-blaga-alba-la-159-ani-de-la-nastere\\\/\",\"name\":\"Poetul George Co\u0219buc, omagiat la Biblioteca Jude\u021bean\u0103 \\\"Lucian Blaga\\\" Alba, la 159 ani de la na\u0219tere - Revista Urbea Mea - Revista de Alba\",\"isPartOf\":{\"@id\":\"https:\\\/\\\/urbeamea.ro\\\/albaiulia\\\/#website\"},\"primaryImageOfPage\":{\"@id\":\"https:\\\/\\\/urbeamea.ro\\\/albaiulia\\\/poetul-george-cosbuc-omagiat-la-biblioteca-judeteana-lucian-blaga-alba-la-159-ani-de-la-nastere\\\/#primaryimage\"},\"image\":{\"@id\":\"https:\\\/\\\/urbeamea.ro\\\/albaiulia\\\/poetul-george-cosbuc-omagiat-la-biblioteca-judeteana-lucian-blaga-alba-la-159-ani-de-la-nastere\\\/#primaryimage\"},\"thumbnailUrl\":\"https:\\\/\\\/urbeamea.ro\\\/albaiulia\\\/wp-content\\\/uploads\\\/2025\\\/09\\\/1000049250.jpg\",\"datePublished\":\"2025-09-18T13:25:46+00:00\",\"dateModified\":\"2025-09-18T13:25:48+00:00\",\"author\":{\"@id\":\"https:\\\/\\\/urbeamea.ro\\\/albaiulia\\\/#\\\/schema\\\/person\\\/5db3854ac38c1cc9f0ab4092d6a20f02\"},\"description\":\"S\u00e2mb\u0103t\u0103, 20 septembrie 2025, se \u00eemplinesc 159 de ani de la na\u0219terea poetului George Co\u0219buc, prilej cu care Consiliul Jude\u021bean Alba \u0219i Biblioteca Jude\u021bean\u0103\",\"breadcrumb\":{\"@id\":\"https:\\\/\\\/urbeamea.ro\\\/albaiulia\\\/poetul-george-cosbuc-omagiat-la-biblioteca-judeteana-lucian-blaga-alba-la-159-ani-de-la-nastere\\\/#breadcrumb\"},\"inLanguage\":\"ro-RO\",\"potentialAction\":[{\"@type\":\"ReadAction\",\"target\":[\"https:\\\/\\\/urbeamea.ro\\\/albaiulia\\\/poetul-george-cosbuc-omagiat-la-biblioteca-judeteana-lucian-blaga-alba-la-159-ani-de-la-nastere\\\/\"]}]},{\"@type\":\"ImageObject\",\"inLanguage\":\"ro-RO\",\"@id\":\"https:\\\/\\\/urbeamea.ro\\\/albaiulia\\\/poetul-george-cosbuc-omagiat-la-biblioteca-judeteana-lucian-blaga-alba-la-159-ani-de-la-nastere\\\/#primaryimage\",\"url\":\"https:\\\/\\\/urbeamea.ro\\\/albaiulia\\\/wp-content\\\/uploads\\\/2025\\\/09\\\/1000049250.jpg\",\"contentUrl\":\"https:\\\/\\\/urbeamea.ro\\\/albaiulia\\\/wp-content\\\/uploads\\\/2025\\\/09\\\/1000049250.jpg\",\"width\":2000,\"height\":1414},{\"@type\":\"BreadcrumbList\",\"@id\":\"https:\\\/\\\/urbeamea.ro\\\/albaiulia\\\/poetul-george-cosbuc-omagiat-la-biblioteca-judeteana-lucian-blaga-alba-la-159-ani-de-la-nastere\\\/#breadcrumb\",\"itemListElement\":[{\"@type\":\"ListItem\",\"position\":1,\"name\":\"Prima pagin\u0103\",\"item\":\"https:\\\/\\\/urbeamea.ro\\\/albaiulia\\\/\"},{\"@type\":\"ListItem\",\"position\":2,\"name\":\"Poetul George Co\u0219buc, omagiat la Biblioteca Jude\u021bean\u0103 &#8222;Lucian Blaga&#8221; Alba, la 159 ani de la na\u0219tere\"}]},{\"@type\":\"WebSite\",\"@id\":\"https:\\\/\\\/urbeamea.ro\\\/albaiulia\\\/#website\",\"url\":\"https:\\\/\\\/urbeamea.ro\\\/albaiulia\\\/\",\"name\":\"Revista Urbea Mea, Stiri urbane\",\"description\":\"Evenimente \u0219i \u0219tiri din Alba Iulia, Sebe\u0219, Aiud, Blaj\",\"potentialAction\":[{\"@type\":\"SearchAction\",\"target\":{\"@type\":\"EntryPoint\",\"urlTemplate\":\"https:\\\/\\\/urbeamea.ro\\\/albaiulia\\\/?s={search_term_string}\"},\"query-input\":{\"@type\":\"PropertyValueSpecification\",\"valueRequired\":true,\"valueName\":\"search_term_string\"}}],\"inLanguage\":\"ro-RO\"},{\"@type\":\"Person\",\"@id\":\"https:\\\/\\\/urbeamea.ro\\\/albaiulia\\\/#\\\/schema\\\/person\\\/5db3854ac38c1cc9f0ab4092d6a20f02\",\"name\":\"Giurca Sorin\",\"image\":{\"@type\":\"ImageObject\",\"inLanguage\":\"ro-RO\",\"@id\":\"https:\\\/\\\/secure.gravatar.com\\\/avatar\\\/120f6fcae7b3b47a7730cb9943f612f4909f68ac5284b5f40ac1c4615fd70576?s=96&d=mm&r=g\",\"url\":\"https:\\\/\\\/secure.gravatar.com\\\/avatar\\\/120f6fcae7b3b47a7730cb9943f612f4909f68ac5284b5f40ac1c4615fd70576?s=96&d=mm&r=g\",\"contentUrl\":\"https:\\\/\\\/secure.gravatar.com\\\/avatar\\\/120f6fcae7b3b47a7730cb9943f612f4909f68ac5284b5f40ac1c4615fd70576?s=96&d=mm&r=g\",\"caption\":\"Giurca Sorin\"},\"url\":\"https:\\\/\\\/urbeamea.ro\\\/albaiulia\\\/author\\\/sorin\\\/\"}]}<\/script>\n<!-- \/ Yoast SEO plugin. -->","yoast_head_json":{"title":"Poetul George Co\u0219buc, omagiat la Biblioteca Jude\u021bean\u0103 \"Lucian Blaga\" Alba, la 159 ani de la na\u0219tere - Revista Urbea Mea - Revista de Alba","description":"S\u00e2mb\u0103t\u0103, 20 septembrie 2025, se \u00eemplinesc 159 de ani de la na\u0219terea poetului George Co\u0219buc, prilej cu care Consiliul Jude\u021bean Alba \u0219i Biblioteca Jude\u021bean\u0103","robots":{"index":"index","follow":"follow","max-snippet":"max-snippet:-1","max-image-preview":"max-image-preview:large","max-video-preview":"max-video-preview:-1"},"canonical":"https:\/\/urbeamea.ro\/albaiulia\/poetul-george-cosbuc-omagiat-la-biblioteca-judeteana-lucian-blaga-alba-la-159-ani-de-la-nastere\/","twitter_card":"summary_large_image","twitter_title":"Poetul George Co\u0219buc, omagiat la Biblioteca Jude\u021bean\u0103 \"Lucian Blaga\" Alba, la 159 ani de la na\u0219tere - Revista Urbea Mea - Revista de Alba","twitter_description":"S\u00e2mb\u0103t\u0103, 20 septembrie 2025, se \u00eemplinesc 159 de ani de la na\u0219terea poetului George Co\u0219buc, prilej cu care Consiliul Jude\u021bean Alba \u0219i Biblioteca Jude\u021bean\u0103","twitter_image":"https:\/\/urbeamea.ro\/albaiulia\/wp-content\/uploads\/2025\/09\/1000049250.jpg","twitter_creator":"@urbeameaweb","twitter_site":"@urbeameaweb","schema":{"@context":"https:\/\/schema.org","@graph":[{"@type":"Article","@id":"https:\/\/urbeamea.ro\/albaiulia\/poetul-george-cosbuc-omagiat-la-biblioteca-judeteana-lucian-blaga-alba-la-159-ani-de-la-nastere\/#article","isPartOf":{"@id":"https:\/\/urbeamea.ro\/albaiulia\/poetul-george-cosbuc-omagiat-la-biblioteca-judeteana-lucian-blaga-alba-la-159-ani-de-la-nastere\/"},"author":{"name":"Giurca Sorin","@id":"https:\/\/urbeamea.ro\/albaiulia\/#\/schema\/person\/5db3854ac38c1cc9f0ab4092d6a20f02"},"headline":"Poetul George Co\u0219buc, omagiat la Biblioteca Jude\u021bean\u0103 &#8222;Lucian Blaga&#8221; Alba, la 159 ani de la na\u0219tere","datePublished":"2025-09-18T13:25:46+00:00","dateModified":"2025-09-18T13:25:48+00:00","mainEntityOfPage":{"@id":"https:\/\/urbeamea.ro\/albaiulia\/poetul-george-cosbuc-omagiat-la-biblioteca-judeteana-lucian-blaga-alba-la-159-ani-de-la-nastere\/"},"wordCount":467,"commentCount":0,"image":{"@id":"https:\/\/urbeamea.ro\/albaiulia\/poetul-george-cosbuc-omagiat-la-biblioteca-judeteana-lucian-blaga-alba-la-159-ani-de-la-nastere\/#primaryimage"},"thumbnailUrl":"https:\/\/urbeamea.ro\/albaiulia\/wp-content\/uploads\/2025\/09\/1000049250.jpg","keywords":["Biblioteca Jude\u021bean\u0103 Lucian Blaga","George Co\u0219buc"],"articleSection":["Cultur\u0103","Educa\u021bie","Evenimente","Social","\u015etiri Urbane","Urbea Mea"],"inLanguage":"ro-RO","potentialAction":[{"@type":"CommentAction","name":"Comment","target":["https:\/\/urbeamea.ro\/albaiulia\/poetul-george-cosbuc-omagiat-la-biblioteca-judeteana-lucian-blaga-alba-la-159-ani-de-la-nastere\/#respond"]}]},{"@type":"WebPage","@id":"https:\/\/urbeamea.ro\/albaiulia\/poetul-george-cosbuc-omagiat-la-biblioteca-judeteana-lucian-blaga-alba-la-159-ani-de-la-nastere\/","url":"https:\/\/urbeamea.ro\/albaiulia\/poetul-george-cosbuc-omagiat-la-biblioteca-judeteana-lucian-blaga-alba-la-159-ani-de-la-nastere\/","name":"Poetul George Co\u0219buc, omagiat la Biblioteca Jude\u021bean\u0103 \"Lucian Blaga\" Alba, la 159 ani de la na\u0219tere - Revista Urbea Mea - Revista de Alba","isPartOf":{"@id":"https:\/\/urbeamea.ro\/albaiulia\/#website"},"primaryImageOfPage":{"@id":"https:\/\/urbeamea.ro\/albaiulia\/poetul-george-cosbuc-omagiat-la-biblioteca-judeteana-lucian-blaga-alba-la-159-ani-de-la-nastere\/#primaryimage"},"image":{"@id":"https:\/\/urbeamea.ro\/albaiulia\/poetul-george-cosbuc-omagiat-la-biblioteca-judeteana-lucian-blaga-alba-la-159-ani-de-la-nastere\/#primaryimage"},"thumbnailUrl":"https:\/\/urbeamea.ro\/albaiulia\/wp-content\/uploads\/2025\/09\/1000049250.jpg","datePublished":"2025-09-18T13:25:46+00:00","dateModified":"2025-09-18T13:25:48+00:00","author":{"@id":"https:\/\/urbeamea.ro\/albaiulia\/#\/schema\/person\/5db3854ac38c1cc9f0ab4092d6a20f02"},"description":"S\u00e2mb\u0103t\u0103, 20 septembrie 2025, se \u00eemplinesc 159 de ani de la na\u0219terea poetului George Co\u0219buc, prilej cu care Consiliul Jude\u021bean Alba \u0219i Biblioteca Jude\u021bean\u0103","breadcrumb":{"@id":"https:\/\/urbeamea.ro\/albaiulia\/poetul-george-cosbuc-omagiat-la-biblioteca-judeteana-lucian-blaga-alba-la-159-ani-de-la-nastere\/#breadcrumb"},"inLanguage":"ro-RO","potentialAction":[{"@type":"ReadAction","target":["https:\/\/urbeamea.ro\/albaiulia\/poetul-george-cosbuc-omagiat-la-biblioteca-judeteana-lucian-blaga-alba-la-159-ani-de-la-nastere\/"]}]},{"@type":"ImageObject","inLanguage":"ro-RO","@id":"https:\/\/urbeamea.ro\/albaiulia\/poetul-george-cosbuc-omagiat-la-biblioteca-judeteana-lucian-blaga-alba-la-159-ani-de-la-nastere\/#primaryimage","url":"https:\/\/urbeamea.ro\/albaiulia\/wp-content\/uploads\/2025\/09\/1000049250.jpg","contentUrl":"https:\/\/urbeamea.ro\/albaiulia\/wp-content\/uploads\/2025\/09\/1000049250.jpg","width":2000,"height":1414},{"@type":"BreadcrumbList","@id":"https:\/\/urbeamea.ro\/albaiulia\/poetul-george-cosbuc-omagiat-la-biblioteca-judeteana-lucian-blaga-alba-la-159-ani-de-la-nastere\/#breadcrumb","itemListElement":[{"@type":"ListItem","position":1,"name":"Prima pagin\u0103","item":"https:\/\/urbeamea.ro\/albaiulia\/"},{"@type":"ListItem","position":2,"name":"Poetul George Co\u0219buc, omagiat la Biblioteca Jude\u021bean\u0103 &#8222;Lucian Blaga&#8221; Alba, la 159 ani de la na\u0219tere"}]},{"@type":"WebSite","@id":"https:\/\/urbeamea.ro\/albaiulia\/#website","url":"https:\/\/urbeamea.ro\/albaiulia\/","name":"Revista Urbea Mea, Stiri urbane","description":"Evenimente \u0219i \u0219tiri din Alba Iulia, Sebe\u0219, Aiud, Blaj","potentialAction":[{"@type":"SearchAction","target":{"@type":"EntryPoint","urlTemplate":"https:\/\/urbeamea.ro\/albaiulia\/?s={search_term_string}"},"query-input":{"@type":"PropertyValueSpecification","valueRequired":true,"valueName":"search_term_string"}}],"inLanguage":"ro-RO"},{"@type":"Person","@id":"https:\/\/urbeamea.ro\/albaiulia\/#\/schema\/person\/5db3854ac38c1cc9f0ab4092d6a20f02","name":"Giurca Sorin","image":{"@type":"ImageObject","inLanguage":"ro-RO","@id":"https:\/\/secure.gravatar.com\/avatar\/120f6fcae7b3b47a7730cb9943f612f4909f68ac5284b5f40ac1c4615fd70576?s=96&d=mm&r=g","url":"https:\/\/secure.gravatar.com\/avatar\/120f6fcae7b3b47a7730cb9943f612f4909f68ac5284b5f40ac1c4615fd70576?s=96&d=mm&r=g","contentUrl":"https:\/\/secure.gravatar.com\/avatar\/120f6fcae7b3b47a7730cb9943f612f4909f68ac5284b5f40ac1c4615fd70576?s=96&d=mm&r=g","caption":"Giurca Sorin"},"url":"https:\/\/urbeamea.ro\/albaiulia\/author\/sorin\/"}]}},"_links":{"self":[{"href":"https:\/\/urbeamea.ro\/albaiulia\/wp-json\/wp\/v2\/posts\/119614","targetHints":{"allow":["GET"]}}],"collection":[{"href":"https:\/\/urbeamea.ro\/albaiulia\/wp-json\/wp\/v2\/posts"}],"about":[{"href":"https:\/\/urbeamea.ro\/albaiulia\/wp-json\/wp\/v2\/types\/post"}],"author":[{"embeddable":true,"href":"https:\/\/urbeamea.ro\/albaiulia\/wp-json\/wp\/v2\/users\/28"}],"replies":[{"embeddable":true,"href":"https:\/\/urbeamea.ro\/albaiulia\/wp-json\/wp\/v2\/comments?post=119614"}],"version-history":[{"count":1,"href":"https:\/\/urbeamea.ro\/albaiulia\/wp-json\/wp\/v2\/posts\/119614\/revisions"}],"predecessor-version":[{"id":119616,"href":"https:\/\/urbeamea.ro\/albaiulia\/wp-json\/wp\/v2\/posts\/119614\/revisions\/119616"}],"wp:featuredmedia":[{"embeddable":true,"href":"https:\/\/urbeamea.ro\/albaiulia\/wp-json\/wp\/v2\/media\/119615"}],"wp:attachment":[{"href":"https:\/\/urbeamea.ro\/albaiulia\/wp-json\/wp\/v2\/media?parent=119614"}],"wp:term":[{"taxonomy":"category","embeddable":true,"href":"https:\/\/urbeamea.ro\/albaiulia\/wp-json\/wp\/v2\/categories?post=119614"},{"taxonomy":"post_tag","embeddable":true,"href":"https:\/\/urbeamea.ro\/albaiulia\/wp-json\/wp\/v2\/tags?post=119614"}],"curies":[{"name":"wp","href":"https:\/\/api.w.org\/{rel}","templated":true}]}}