{"id":119792,"date":"2025-09-16T14:03:00","date_gmt":"2025-09-16T11:03:00","guid":{"rendered":"https:\/\/urbeamea.ro\/albaiulia\/?p=119792"},"modified":"2025-09-30T18:05:22","modified_gmt":"2025-09-30T15:05:22","slug":"mini-maraton-la-sebes-in-data-de-14-septembrie-2025","status":"publish","type":"post","link":"https:\/\/urbeamea.ro\/albaiulia\/mini-maraton-la-sebes-in-data-de-14-septembrie-2025\/","title":{"rendered":"Mini Maraton la Sebe\u0219 \u00een data de 14 septembrie 2025"},"content":{"rendered":"\n<p>Duminic\u0103, 14 septembrie 2025, Sebe\u0219ul a g\u0103zduit o curs\u0103 de alergare deschis\u0103 copiilor, tinerilor \u0219i adul\u021bilor dornici s\u0103 participe \u00een comun la o activitate \u00een aer liber. Aproximativ 160 de alerg\u0103tori din toate grupele de v\u00e2rst\u0103 au avut oportunitatea de a combina energia alerg\u0103rii cu bucuria \u00eent\u00e2lnirii \u0219i ac\u021biunii \u00een comun pentru promovarea mi\u0219c\u0103rii \u0219i a unui stil de via\u021b\u0103 s\u0103n\u0103tos. To\u021bi participan\u021bii au fost c\u00e2\u0219tig\u0103tori odat\u0103 cu trecerea liniei de sosire din Parcul Tineretului!<\/p>\n\n\n\n<p>Prim\u0103ria Municipiului Sebe\u0219 adreseaz\u0103 mul\u021bumiri reprezentan\u021bilor Asocia\u021biei \u201eSebe\u0219ul Alearg\u0103\u201d pentru reu\u0219ita organiz\u0103rii \u0219i pentru implicare tinerilor: Tudor Stani\u0219, Alexandru Radu, Paul Jugan, M\u0103d\u0103lina Tat, Meda Feni\u0219er, Amina Mucenicu, Tiberiu Avram, Max Mucenicu, Andrei Lungu, Petric\u0103 C\u0103ian, Cristian Pa\u0219tiu.<\/p>\n\n\n\n<p>Felicit\u0103ri tuturor \u0219i v\u0103 a\u0219tept\u0103m cu drag la urm\u0103toarea edi\u021bie a Mini Maratonului de Sebe\u0219!<\/p>\n\n\n\n<figure class=\"wp-block-gallery has-nested-images columns-default is-cropped wp-block-gallery-1 is-layout-flex wp-block-gallery-is-layout-flex\">\n<figure class=\"wp-block-image size-large\"><img loading=\"lazy\" decoding=\"async\" width=\"1280\" height=\"853\" data-id=\"119794\" src=\"https:\/\/urbeamea.ro\/albaiulia\/wp-content\/uploads\/2025\/09\/546567975_1370456068413220_199863586020544435_n-1280x853.jpg\" alt=\"\" class=\"wp-image-119794\" srcset=\"https:\/\/urbeamea.ro\/albaiulia\/wp-content\/uploads\/2025\/09\/546567975_1370456068413220_199863586020544435_n-1280x853.jpg 1280w, https:\/\/urbeamea.ro\/albaiulia\/wp-content\/uploads\/2025\/09\/546567975_1370456068413220_199863586020544435_n-640x426.jpg 640w, https:\/\/urbeamea.ro\/albaiulia\/wp-content\/uploads\/2025\/09\/546567975_1370456068413220_199863586020544435_n-150x100.jpg 150w, https:\/\/urbeamea.ro\/albaiulia\/wp-content\/uploads\/2025\/09\/546567975_1370456068413220_199863586020544435_n-768x512.jpg 768w, https:\/\/urbeamea.ro\/albaiulia\/wp-content\/uploads\/2025\/09\/546567975_1370456068413220_199863586020544435_n-1536x1023.jpg 1536w, https:\/\/urbeamea.ro\/albaiulia\/wp-content\/uploads\/2025\/09\/546567975_1370456068413220_199863586020544435_n.jpg 1600w\" sizes=\"auto, (max-width: 1280px) 100vw, 1280px\" \/><\/figure>\n\n\n\n<figure class=\"wp-block-image size-large\"><img loading=\"lazy\" decoding=\"async\" width=\"1280\" height=\"861\" data-id=\"119795\" src=\"https:\/\/urbeamea.ro\/albaiulia\/wp-content\/uploads\/2025\/09\/547091626_1370456305079863_8106873770492549986_n-1280x861.jpg\" alt=\"\" class=\"wp-image-119795\" srcset=\"https:\/\/urbeamea.ro\/albaiulia\/wp-content\/uploads\/2025\/09\/547091626_1370456305079863_8106873770492549986_n-1280x861.jpg 1280w, https:\/\/urbeamea.ro\/albaiulia\/wp-content\/uploads\/2025\/09\/547091626_1370456305079863_8106873770492549986_n-640x430.jpg 640w, https:\/\/urbeamea.ro\/albaiulia\/wp-content\/uploads\/2025\/09\/547091626_1370456305079863_8106873770492549986_n-150x101.jpg 150w, https:\/\/urbeamea.ro\/albaiulia\/wp-content\/uploads\/2025\/09\/547091626_1370456305079863_8106873770492549986_n-768x517.jpg 768w, https:\/\/urbeamea.ro\/albaiulia\/wp-content\/uploads\/2025\/09\/547091626_1370456305079863_8106873770492549986_n.jpg 1405w\" sizes=\"auto, (max-width: 1280px) 100vw, 1280px\" \/><\/figure>\n\n\n\n<figure class=\"wp-block-image size-large\"><img loading=\"lazy\" decoding=\"async\" width=\"1024\" height=\"682\" data-id=\"119796\" src=\"https:\/\/urbeamea.ro\/albaiulia\/wp-content\/uploads\/2025\/09\/547256471_1370456065079887_5156049122236109147_n.jpg\" alt=\"\" class=\"wp-image-119796\" srcset=\"https:\/\/urbeamea.ro\/albaiulia\/wp-content\/uploads\/2025\/09\/547256471_1370456065079887_5156049122236109147_n.jpg 1024w, https:\/\/urbeamea.ro\/albaiulia\/wp-content\/uploads\/2025\/09\/547256471_1370456065079887_5156049122236109147_n-640x426.jpg 640w, https:\/\/urbeamea.ro\/albaiulia\/wp-content\/uploads\/2025\/09\/547256471_1370456065079887_5156049122236109147_n-150x100.jpg 150w, https:\/\/urbeamea.ro\/albaiulia\/wp-content\/uploads\/2025\/09\/547256471_1370456065079887_5156049122236109147_n-768x512.jpg 768w\" sizes=\"auto, (max-width: 1024px) 100vw, 1024px\" \/><\/figure>\n\n\n\n<figure class=\"wp-block-image size-large\"><img loading=\"lazy\" decoding=\"async\" width=\"1024\" height=\"682\" data-id=\"119797\" src=\"https:\/\/urbeamea.ro\/albaiulia\/wp-content\/uploads\/2025\/09\/547625763_1370456221746538_210401604592474832_n.jpg\" alt=\"\" class=\"wp-image-119797\" srcset=\"https:\/\/urbeamea.ro\/albaiulia\/wp-content\/uploads\/2025\/09\/547625763_1370456221746538_210401604592474832_n.jpg 1024w, https:\/\/urbeamea.ro\/albaiulia\/wp-content\/uploads\/2025\/09\/547625763_1370456221746538_210401604592474832_n-640x426.jpg 640w, https:\/\/urbeamea.ro\/albaiulia\/wp-content\/uploads\/2025\/09\/547625763_1370456221746538_210401604592474832_n-150x100.jpg 150w, https:\/\/urbeamea.ro\/albaiulia\/wp-content\/uploads\/2025\/09\/547625763_1370456221746538_210401604592474832_n-768x512.jpg 768w\" sizes=\"auto, (max-width: 1024px) 100vw, 1024px\" \/><\/figure>\n\n\n\n<figure class=\"wp-block-image size-large\"><img loading=\"lazy\" decoding=\"async\" width=\"1024\" height=\"682\" data-id=\"119798\" src=\"https:\/\/urbeamea.ro\/albaiulia\/wp-content\/uploads\/2025\/09\/548204858_1370456225079871_3808351171915810218_n.jpg\" alt=\"\" class=\"wp-image-119798\" srcset=\"https:\/\/urbeamea.ro\/albaiulia\/wp-content\/uploads\/2025\/09\/548204858_1370456225079871_3808351171915810218_n.jpg 1024w, https:\/\/urbeamea.ro\/albaiulia\/wp-content\/uploads\/2025\/09\/548204858_1370456225079871_3808351171915810218_n-640x426.jpg 640w, https:\/\/urbeamea.ro\/albaiulia\/wp-content\/uploads\/2025\/09\/548204858_1370456225079871_3808351171915810218_n-150x100.jpg 150w, https:\/\/urbeamea.ro\/albaiulia\/wp-content\/uploads\/2025\/09\/548204858_1370456225079871_3808351171915810218_n-768x512.jpg 768w\" sizes=\"auto, (max-width: 1024px) 100vw, 1024px\" \/><\/figure>\n\n\n\n<figure class=\"wp-block-image size-large\"><img loading=\"lazy\" decoding=\"async\" width=\"1280\" height=\"853\" data-id=\"119800\" src=\"https:\/\/urbeamea.ro\/albaiulia\/wp-content\/uploads\/2025\/09\/548205050_1370456075079886_5224403665065735468_n-1280x853.jpg\" alt=\"\" class=\"wp-image-119800\" srcset=\"https:\/\/urbeamea.ro\/albaiulia\/wp-content\/uploads\/2025\/09\/548205050_1370456075079886_5224403665065735468_n-1280x853.jpg 1280w, https:\/\/urbeamea.ro\/albaiulia\/wp-content\/uploads\/2025\/09\/548205050_1370456075079886_5224403665065735468_n-640x426.jpg 640w, https:\/\/urbeamea.ro\/albaiulia\/wp-content\/uploads\/2025\/09\/548205050_1370456075079886_5224403665065735468_n-150x100.jpg 150w, https:\/\/urbeamea.ro\/albaiulia\/wp-content\/uploads\/2025\/09\/548205050_1370456075079886_5224403665065735468_n-768x512.jpg 768w, https:\/\/urbeamea.ro\/albaiulia\/wp-content\/uploads\/2025\/09\/548205050_1370456075079886_5224403665065735468_n-1536x1023.jpg 1536w, https:\/\/urbeamea.ro\/albaiulia\/wp-content\/uploads\/2025\/09\/548205050_1370456075079886_5224403665065735468_n.jpg 1600w\" sizes=\"auto, (max-width: 1280px) 100vw, 1280px\" \/><\/figure>\n\n\n\n<figure class=\"wp-block-image size-large\"><img loading=\"lazy\" decoding=\"async\" width=\"1280\" height=\"853\" data-id=\"119799\" src=\"https:\/\/urbeamea.ro\/albaiulia\/wp-content\/uploads\/2025\/09\/548205722_1370456378413189_8152616501505211449_n-1280x853.jpg\" alt=\"\" class=\"wp-image-119799\" srcset=\"https:\/\/urbeamea.ro\/albaiulia\/wp-content\/uploads\/2025\/09\/548205722_1370456378413189_8152616501505211449_n-1280x853.jpg 1280w, https:\/\/urbeamea.ro\/albaiulia\/wp-content\/uploads\/2025\/09\/548205722_1370456378413189_8152616501505211449_n-640x426.jpg 640w, https:\/\/urbeamea.ro\/albaiulia\/wp-content\/uploads\/2025\/09\/548205722_1370456378413189_8152616501505211449_n-150x100.jpg 150w, https:\/\/urbeamea.ro\/albaiulia\/wp-content\/uploads\/2025\/09\/548205722_1370456378413189_8152616501505211449_n-768x512.jpg 768w, https:\/\/urbeamea.ro\/albaiulia\/wp-content\/uploads\/2025\/09\/548205722_1370456378413189_8152616501505211449_n-1536x1023.jpg 1536w, https:\/\/urbeamea.ro\/albaiulia\/wp-content\/uploads\/2025\/09\/548205722_1370456378413189_8152616501505211449_n.jpg 1600w\" sizes=\"auto, (max-width: 1280px) 100vw, 1280px\" \/><\/figure>\n\n\n\n<figure class=\"wp-block-image size-large\"><img loading=\"lazy\" decoding=\"async\" width=\"1280\" height=\"646\" data-id=\"119801\" src=\"https:\/\/urbeamea.ro\/albaiulia\/wp-content\/uploads\/2025\/09\/P2-1280x646.jpg\" alt=\"\" class=\"wp-image-119801\" srcset=\"https:\/\/urbeamea.ro\/albaiulia\/wp-content\/uploads\/2025\/09\/P2-1280x646.jpg 1280w, https:\/\/urbeamea.ro\/albaiulia\/wp-content\/uploads\/2025\/09\/P2-640x323.jpg 640w, https:\/\/urbeamea.ro\/albaiulia\/wp-content\/uploads\/2025\/09\/P2-150x76.jpg 150w, https:\/\/urbeamea.ro\/albaiulia\/wp-content\/uploads\/2025\/09\/P2-768x387.jpg 768w, https:\/\/urbeamea.ro\/albaiulia\/wp-content\/uploads\/2025\/09\/P2-1536x775.jpg 1536w, https:\/\/urbeamea.ro\/albaiulia\/wp-content\/uploads\/2025\/09\/P2.jpg 1600w\" sizes=\"auto, (max-width: 1280px) 100vw, 1280px\" \/><\/figure>\n<\/figure>\n","protected":false},"excerpt":{"rendered":"<p>Duminic\u0103, 14 septembrie 2025, Sebe\u0219ul a g\u0103zduit o curs\u0103 de alergare deschis\u0103 copiilor, tinerilor \u0219i adul\u021bilor dornici s\u0103 participe \u00een comun la o activitate \u00een aer liber. Aproximativ 160 de alerg\u0103tori din toate grupele de v\u00e2rst\u0103 au avut oportunitatea de a combina energia alerg\u0103rii cu bucuria \u00eent\u00e2lnirii \u0219i ac\u021biunii \u00een comun pentru promovarea mi\u0219c\u0103rii \u0219i &hellip;<\/p>\n","protected":false},"author":16,"featured_media":119793,"comment_status":"open","ping_status":"open","sticky":false,"template":"","format":"standard","meta":{"inline_featured_image":false,"footnotes":""},"categories":[4],"tags":[],"class_list":["post-119792","post","type-post","status-publish","format-standard","has-post-thumbnail","hentry","category-eveniment"],"yoast_head":"<!-- This site is optimized with the Yoast SEO plugin v27.4 - https:\/\/yoast.com\/product\/yoast-seo-wordpress\/ -->\n<title>Mini Maraton la Sebe\u0219 \u00een data de 14 septembrie 2025 - Revista Urbea Mea - Revista de Alba<\/title>\n<meta name=\"description\" content=\"Duminic\u0103, 14 septembrie 2025, Sebe\u0219ul a g\u0103zduit o curs\u0103 de alergare deschis\u0103 copiilor, tinerilor \u0219i adul\u021bilor dornici s\u0103 participe \u00een comun la o\" \/>\n<meta name=\"robots\" content=\"index, follow, max-snippet:-1, max-image-preview:large, max-video-preview:-1\" \/>\n<link rel=\"canonical\" href=\"https:\/\/urbeamea.ro\/albaiulia\/mini-maraton-la-sebes-in-data-de-14-septembrie-2025\/\" \/>\n<meta name=\"twitter:card\" content=\"summary_large_image\" \/>\n<meta name=\"twitter:title\" content=\"Mini Maraton la Sebe\u0219 \u00een data de 14 septembrie 2025 - Revista Urbea Mea - Revista de Alba\" \/>\n<meta name=\"twitter:description\" content=\"Duminic\u0103, 14 septembrie 2025, Sebe\u0219ul a g\u0103zduit o curs\u0103 de alergare deschis\u0103 copiilor, tinerilor \u0219i adul\u021bilor dornici s\u0103 participe \u00een comun la o\" \/>\n<meta name=\"twitter:image\" content=\"https:\/\/urbeamea.ro\/albaiulia\/wp-content\/uploads\/2025\/09\/P1.jpg\" \/>\n<meta name=\"twitter:creator\" content=\"@urbeameaweb\" \/>\n<meta name=\"twitter:site\" content=\"@urbeameaweb\" \/>\n<script type=\"application\/ld+json\" class=\"yoast-schema-graph\">{\"@context\":\"https:\\\/\\\/schema.org\",\"@graph\":[{\"@type\":\"Article\",\"@id\":\"https:\\\/\\\/urbeamea.ro\\\/albaiulia\\\/mini-maraton-la-sebes-in-data-de-14-septembrie-2025\\\/#article\",\"isPartOf\":{\"@id\":\"https:\\\/\\\/urbeamea.ro\\\/albaiulia\\\/mini-maraton-la-sebes-in-data-de-14-septembrie-2025\\\/\"},\"author\":{\"name\":\"Redac\u021bia UrbeaMea\",\"@id\":\"https:\\\/\\\/urbeamea.ro\\\/albaiulia\\\/#\\\/schema\\\/person\\\/272ae98052f8ee8980f59848df070247\"},\"headline\":\"Mini Maraton la Sebe\u0219 \u00een data de 14 septembrie 2025\",\"datePublished\":\"2025-09-16T11:03:00+00:00\",\"dateModified\":\"2025-09-30T15:05:22+00:00\",\"mainEntityOfPage\":{\"@id\":\"https:\\\/\\\/urbeamea.ro\\\/albaiulia\\\/mini-maraton-la-sebes-in-data-de-14-septembrie-2025\\\/\"},\"wordCount\":166,\"commentCount\":0,\"image\":{\"@id\":\"https:\\\/\\\/urbeamea.ro\\\/albaiulia\\\/mini-maraton-la-sebes-in-data-de-14-septembrie-2025\\\/#primaryimage\"},\"thumbnailUrl\":\"https:\\\/\\\/urbeamea.ro\\\/albaiulia\\\/wp-content\\\/uploads\\\/2025\\\/09\\\/P1.jpg\",\"articleSection\":[\"Evenimente\"],\"inLanguage\":\"ro-RO\",\"potentialAction\":[{\"@type\":\"CommentAction\",\"name\":\"Comment\",\"target\":[\"https:\\\/\\\/urbeamea.ro\\\/albaiulia\\\/mini-maraton-la-sebes-in-data-de-14-septembrie-2025\\\/#respond\"]}]},{\"@type\":\"WebPage\",\"@id\":\"https:\\\/\\\/urbeamea.ro\\\/albaiulia\\\/mini-maraton-la-sebes-in-data-de-14-septembrie-2025\\\/\",\"url\":\"https:\\\/\\\/urbeamea.ro\\\/albaiulia\\\/mini-maraton-la-sebes-in-data-de-14-septembrie-2025\\\/\",\"name\":\"Mini Maraton la Sebe\u0219 \u00een data de 14 septembrie 2025 - Revista Urbea Mea - Revista de Alba\",\"isPartOf\":{\"@id\":\"https:\\\/\\\/urbeamea.ro\\\/albaiulia\\\/#website\"},\"primaryImageOfPage\":{\"@id\":\"https:\\\/\\\/urbeamea.ro\\\/albaiulia\\\/mini-maraton-la-sebes-in-data-de-14-septembrie-2025\\\/#primaryimage\"},\"image\":{\"@id\":\"https:\\\/\\\/urbeamea.ro\\\/albaiulia\\\/mini-maraton-la-sebes-in-data-de-14-septembrie-2025\\\/#primaryimage\"},\"thumbnailUrl\":\"https:\\\/\\\/urbeamea.ro\\\/albaiulia\\\/wp-content\\\/uploads\\\/2025\\\/09\\\/P1.jpg\",\"datePublished\":\"2025-09-16T11:03:00+00:00\",\"dateModified\":\"2025-09-30T15:05:22+00:00\",\"author\":{\"@id\":\"https:\\\/\\\/urbeamea.ro\\\/albaiulia\\\/#\\\/schema\\\/person\\\/272ae98052f8ee8980f59848df070247\"},\"description\":\"Duminic\u0103, 14 septembrie 2025, Sebe\u0219ul a g\u0103zduit o curs\u0103 de alergare deschis\u0103 copiilor, tinerilor \u0219i adul\u021bilor dornici s\u0103 participe \u00een comun la o\",\"breadcrumb\":{\"@id\":\"https:\\\/\\\/urbeamea.ro\\\/albaiulia\\\/mini-maraton-la-sebes-in-data-de-14-septembrie-2025\\\/#breadcrumb\"},\"inLanguage\":\"ro-RO\",\"potentialAction\":[{\"@type\":\"ReadAction\",\"target\":[\"https:\\\/\\\/urbeamea.ro\\\/albaiulia\\\/mini-maraton-la-sebes-in-data-de-14-septembrie-2025\\\/\"]}]},{\"@type\":\"ImageObject\",\"inLanguage\":\"ro-RO\",\"@id\":\"https:\\\/\\\/urbeamea.ro\\\/albaiulia\\\/mini-maraton-la-sebes-in-data-de-14-septembrie-2025\\\/#primaryimage\",\"url\":\"https:\\\/\\\/urbeamea.ro\\\/albaiulia\\\/wp-content\\\/uploads\\\/2025\\\/09\\\/P1.jpg\",\"contentUrl\":\"https:\\\/\\\/urbeamea.ro\\\/albaiulia\\\/wp-content\\\/uploads\\\/2025\\\/09\\\/P1.jpg\",\"width\":1600,\"height\":896},{\"@type\":\"BreadcrumbList\",\"@id\":\"https:\\\/\\\/urbeamea.ro\\\/albaiulia\\\/mini-maraton-la-sebes-in-data-de-14-septembrie-2025\\\/#breadcrumb\",\"itemListElement\":[{\"@type\":\"ListItem\",\"position\":1,\"name\":\"Prima pagin\u0103\",\"item\":\"https:\\\/\\\/urbeamea.ro\\\/albaiulia\\\/\"},{\"@type\":\"ListItem\",\"position\":2,\"name\":\"Mini Maraton la Sebe\u0219 \u00een data de 14 septembrie 2025\"}]},{\"@type\":\"WebSite\",\"@id\":\"https:\\\/\\\/urbeamea.ro\\\/albaiulia\\\/#website\",\"url\":\"https:\\\/\\\/urbeamea.ro\\\/albaiulia\\\/\",\"name\":\"Revista Urbea Mea, Stiri urbane\",\"description\":\"Evenimente \u0219i \u0219tiri din Alba Iulia, Sebe\u0219, Aiud, Blaj\",\"potentialAction\":[{\"@type\":\"SearchAction\",\"target\":{\"@type\":\"EntryPoint\",\"urlTemplate\":\"https:\\\/\\\/urbeamea.ro\\\/albaiulia\\\/?s={search_term_string}\"},\"query-input\":{\"@type\":\"PropertyValueSpecification\",\"valueRequired\":true,\"valueName\":\"search_term_string\"}}],\"inLanguage\":\"ro-RO\"},{\"@type\":\"Person\",\"@id\":\"https:\\\/\\\/urbeamea.ro\\\/albaiulia\\\/#\\\/schema\\\/person\\\/272ae98052f8ee8980f59848df070247\",\"name\":\"Redac\u021bia UrbeaMea\",\"image\":{\"@type\":\"ImageObject\",\"inLanguage\":\"ro-RO\",\"@id\":\"https:\\\/\\\/secure.gravatar.com\\\/avatar\\\/9ce5a9435071fa1037e8468053ead8e513dbbff59009d3069aadb85506d85a27?s=96&d=mm&r=g\",\"url\":\"https:\\\/\\\/secure.gravatar.com\\\/avatar\\\/9ce5a9435071fa1037e8468053ead8e513dbbff59009d3069aadb85506d85a27?s=96&d=mm&r=g\",\"contentUrl\":\"https:\\\/\\\/secure.gravatar.com\\\/avatar\\\/9ce5a9435071fa1037e8468053ead8e513dbbff59009d3069aadb85506d85a27?s=96&d=mm&r=g\",\"caption\":\"Redac\u021bia UrbeaMea\"},\"description\":\"contact@urbeamea.ro\",\"sameAs\":[\"https:\\\/\\\/www.urbeamea.ro\"],\"url\":\"https:\\\/\\\/urbeamea.ro\\\/albaiulia\\\/author\\\/redactia-urbeamea\\\/\"}]}<\/script>\n<!-- \/ Yoast SEO plugin. -->","yoast_head_json":{"title":"Mini Maraton la Sebe\u0219 \u00een data de 14 septembrie 2025 - Revista Urbea Mea - Revista de Alba","description":"Duminic\u0103, 14 septembrie 2025, Sebe\u0219ul a g\u0103zduit o curs\u0103 de alergare deschis\u0103 copiilor, tinerilor \u0219i adul\u021bilor dornici s\u0103 participe \u00een comun la o","robots":{"index":"index","follow":"follow","max-snippet":"max-snippet:-1","max-image-preview":"max-image-preview:large","max-video-preview":"max-video-preview:-1"},"canonical":"https:\/\/urbeamea.ro\/albaiulia\/mini-maraton-la-sebes-in-data-de-14-septembrie-2025\/","twitter_card":"summary_large_image","twitter_title":"Mini Maraton la Sebe\u0219 \u00een data de 14 septembrie 2025 - Revista Urbea Mea - Revista de Alba","twitter_description":"Duminic\u0103, 14 septembrie 2025, Sebe\u0219ul a g\u0103zduit o curs\u0103 de alergare deschis\u0103 copiilor, tinerilor \u0219i adul\u021bilor dornici s\u0103 participe \u00een comun la o","twitter_image":"https:\/\/urbeamea.ro\/albaiulia\/wp-content\/uploads\/2025\/09\/P1.jpg","twitter_creator":"@urbeameaweb","twitter_site":"@urbeameaweb","schema":{"@context":"https:\/\/schema.org","@graph":[{"@type":"Article","@id":"https:\/\/urbeamea.ro\/albaiulia\/mini-maraton-la-sebes-in-data-de-14-septembrie-2025\/#article","isPartOf":{"@id":"https:\/\/urbeamea.ro\/albaiulia\/mini-maraton-la-sebes-in-data-de-14-septembrie-2025\/"},"author":{"name":"Redac\u021bia UrbeaMea","@id":"https:\/\/urbeamea.ro\/albaiulia\/#\/schema\/person\/272ae98052f8ee8980f59848df070247"},"headline":"Mini Maraton la Sebe\u0219 \u00een data de 14 septembrie 2025","datePublished":"2025-09-16T11:03:00+00:00","dateModified":"2025-09-30T15:05:22+00:00","mainEntityOfPage":{"@id":"https:\/\/urbeamea.ro\/albaiulia\/mini-maraton-la-sebes-in-data-de-14-septembrie-2025\/"},"wordCount":166,"commentCount":0,"image":{"@id":"https:\/\/urbeamea.ro\/albaiulia\/mini-maraton-la-sebes-in-data-de-14-septembrie-2025\/#primaryimage"},"thumbnailUrl":"https:\/\/urbeamea.ro\/albaiulia\/wp-content\/uploads\/2025\/09\/P1.jpg","articleSection":["Evenimente"],"inLanguage":"ro-RO","potentialAction":[{"@type":"CommentAction","name":"Comment","target":["https:\/\/urbeamea.ro\/albaiulia\/mini-maraton-la-sebes-in-data-de-14-septembrie-2025\/#respond"]}]},{"@type":"WebPage","@id":"https:\/\/urbeamea.ro\/albaiulia\/mini-maraton-la-sebes-in-data-de-14-septembrie-2025\/","url":"https:\/\/urbeamea.ro\/albaiulia\/mini-maraton-la-sebes-in-data-de-14-septembrie-2025\/","name":"Mini Maraton la Sebe\u0219 \u00een data de 14 septembrie 2025 - Revista Urbea Mea - Revista de Alba","isPartOf":{"@id":"https:\/\/urbeamea.ro\/albaiulia\/#website"},"primaryImageOfPage":{"@id":"https:\/\/urbeamea.ro\/albaiulia\/mini-maraton-la-sebes-in-data-de-14-septembrie-2025\/#primaryimage"},"image":{"@id":"https:\/\/urbeamea.ro\/albaiulia\/mini-maraton-la-sebes-in-data-de-14-septembrie-2025\/#primaryimage"},"thumbnailUrl":"https:\/\/urbeamea.ro\/albaiulia\/wp-content\/uploads\/2025\/09\/P1.jpg","datePublished":"2025-09-16T11:03:00+00:00","dateModified":"2025-09-30T15:05:22+00:00","author":{"@id":"https:\/\/urbeamea.ro\/albaiulia\/#\/schema\/person\/272ae98052f8ee8980f59848df070247"},"description":"Duminic\u0103, 14 septembrie 2025, Sebe\u0219ul a g\u0103zduit o curs\u0103 de alergare deschis\u0103 copiilor, tinerilor \u0219i adul\u021bilor dornici s\u0103 participe \u00een comun la o","breadcrumb":{"@id":"https:\/\/urbeamea.ro\/albaiulia\/mini-maraton-la-sebes-in-data-de-14-septembrie-2025\/#breadcrumb"},"inLanguage":"ro-RO","potentialAction":[{"@type":"ReadAction","target":["https:\/\/urbeamea.ro\/albaiulia\/mini-maraton-la-sebes-in-data-de-14-septembrie-2025\/"]}]},{"@type":"ImageObject","inLanguage":"ro-RO","@id":"https:\/\/urbeamea.ro\/albaiulia\/mini-maraton-la-sebes-in-data-de-14-septembrie-2025\/#primaryimage","url":"https:\/\/urbeamea.ro\/albaiulia\/wp-content\/uploads\/2025\/09\/P1.jpg","contentUrl":"https:\/\/urbeamea.ro\/albaiulia\/wp-content\/uploads\/2025\/09\/P1.jpg","width":1600,"height":896},{"@type":"BreadcrumbList","@id":"https:\/\/urbeamea.ro\/albaiulia\/mini-maraton-la-sebes-in-data-de-14-septembrie-2025\/#breadcrumb","itemListElement":[{"@type":"ListItem","position":1,"name":"Prima pagin\u0103","item":"https:\/\/urbeamea.ro\/albaiulia\/"},{"@type":"ListItem","position":2,"name":"Mini Maraton la Sebe\u0219 \u00een data de 14 septembrie 2025"}]},{"@type":"WebSite","@id":"https:\/\/urbeamea.ro\/albaiulia\/#website","url":"https:\/\/urbeamea.ro\/albaiulia\/","name":"Revista Urbea Mea, Stiri urbane","description":"Evenimente \u0219i \u0219tiri din Alba Iulia, Sebe\u0219, Aiud, Blaj","potentialAction":[{"@type":"SearchAction","target":{"@type":"EntryPoint","urlTemplate":"https:\/\/urbeamea.ro\/albaiulia\/?s={search_term_string}"},"query-input":{"@type":"PropertyValueSpecification","valueRequired":true,"valueName":"search_term_string"}}],"inLanguage":"ro-RO"},{"@type":"Person","@id":"https:\/\/urbeamea.ro\/albaiulia\/#\/schema\/person\/272ae98052f8ee8980f59848df070247","name":"Redac\u021bia UrbeaMea","image":{"@type":"ImageObject","inLanguage":"ro-RO","@id":"https:\/\/secure.gravatar.com\/avatar\/9ce5a9435071fa1037e8468053ead8e513dbbff59009d3069aadb85506d85a27?s=96&d=mm&r=g","url":"https:\/\/secure.gravatar.com\/avatar\/9ce5a9435071fa1037e8468053ead8e513dbbff59009d3069aadb85506d85a27?s=96&d=mm&r=g","contentUrl":"https:\/\/secure.gravatar.com\/avatar\/9ce5a9435071fa1037e8468053ead8e513dbbff59009d3069aadb85506d85a27?s=96&d=mm&r=g","caption":"Redac\u021bia UrbeaMea"},"description":"contact@urbeamea.ro","sameAs":["https:\/\/www.urbeamea.ro"],"url":"https:\/\/urbeamea.ro\/albaiulia\/author\/redactia-urbeamea\/"}]}},"_links":{"self":[{"href":"https:\/\/urbeamea.ro\/albaiulia\/wp-json\/wp\/v2\/posts\/119792","targetHints":{"allow":["GET"]}}],"collection":[{"href":"https:\/\/urbeamea.ro\/albaiulia\/wp-json\/wp\/v2\/posts"}],"about":[{"href":"https:\/\/urbeamea.ro\/albaiulia\/wp-json\/wp\/v2\/types\/post"}],"author":[{"embeddable":true,"href":"https:\/\/urbeamea.ro\/albaiulia\/wp-json\/wp\/v2\/users\/16"}],"replies":[{"embeddable":true,"href":"https:\/\/urbeamea.ro\/albaiulia\/wp-json\/wp\/v2\/comments?post=119792"}],"version-history":[{"count":1,"href":"https:\/\/urbeamea.ro\/albaiulia\/wp-json\/wp\/v2\/posts\/119792\/revisions"}],"predecessor-version":[{"id":119802,"href":"https:\/\/urbeamea.ro\/albaiulia\/wp-json\/wp\/v2\/posts\/119792\/revisions\/119802"}],"wp:featuredmedia":[{"embeddable":true,"href":"https:\/\/urbeamea.ro\/albaiulia\/wp-json\/wp\/v2\/media\/119793"}],"wp:attachment":[{"href":"https:\/\/urbeamea.ro\/albaiulia\/wp-json\/wp\/v2\/media?parent=119792"}],"wp:term":[{"taxonomy":"category","embeddable":true,"href":"https:\/\/urbeamea.ro\/albaiulia\/wp-json\/wp\/v2\/categories?post=119792"},{"taxonomy":"post_tag","embeddable":true,"href":"https:\/\/urbeamea.ro\/albaiulia\/wp-json\/wp\/v2\/tags?post=119792"}],"curies":[{"name":"wp","href":"https:\/\/api.w.org\/{rel}","templated":true}]}}