{"id":119813,"date":"2025-10-02T16:35:38","date_gmt":"2025-10-02T13:35:38","guid":{"rendered":"https:\/\/urbeamea.ro\/albaiulia\/?p=119813"},"modified":"2025-10-02T16:35:40","modified_gmt":"2025-10-02T13:35:40","slug":"vineri-3-octombrie-2025-la-sebes-sesiunea-de-comunicari-stiintifice-multiculturalitate-si-patrimoniu-istoric-in-transilvania-editia-a-xvii-a","status":"publish","type":"post","link":"https:\/\/urbeamea.ro\/albaiulia\/vineri-3-octombrie-2025-la-sebes-sesiunea-de-comunicari-stiintifice-multiculturalitate-si-patrimoniu-istoric-in-transilvania-editia-a-xvii-a\/","title":{"rendered":"Vineri, 3 octombrie 2025, la Sebe\u0219: sesiunea de comunic\u0103ri \u015ftiin\u0163ifice \u201eMulticulturalitate \u015fi patrimoniu istoric \u00een Transilvania\u201d, edi\u0163ia A XVII-A"},"content":{"rendered":"\n<p>Vineri, 3 octombrie 2025, \u00eencep\u00e2nd cu ora 10.00, la Sebe\u015f se va desf\u0103\u0219ura cea de-a XVII-a edi\u021bie a Sesiunii de comunic\u0103ri \u0219tiin\u021bifice \u201eMulticulturalitate \u0219i patrimoniu istoric \u00een Transilvania\u201d.&nbsp; Manifestarea este organizat\u0103 de Muzeul Municipal \u201eIoan Raica\u201d \u015fi Centrul Cultural \u201eLucian Blaga\u201d Sebe\u015f, cu sprijinul municipalit\u0103\u021bii, \u015fi se bucur\u0103 de participarea a 45 de cercet\u0103tori, muzeografi, doctoranzi \u015fi cadre didactice de la muzee \u015fi universit\u0103\u021bi din Rom\u00e2nia \u0219i din str\u0103in\u0103tate: Universitatea de Art\u0103 din Kyoto, Japonia, Universitatea \u201e1 Decembrie 1918\u201d din Alba Iulia \u0219i Institutul de Arheologie Sistemic\u0103 \u201eIuliu Paul\u201d, Universitatea \u201eLucian Blaga\u201d din Sibiu, &nbsp;Universitatea \u201eBabe\u0219-Bolyai\u201d Cluj-Napoca, Universitatea de Vest Timi\u0219oara, Institutul de Arheologie \u0219i Istoria Artei, Academia Rom\u00e2n\u0103 &#8211; Filiala Cluj-Napoca, Institutul de Istorie \u201eGeorge Bari\u021biu\u201d al Academiei Rom\u00e2ne \u2013 filiala Cluj-Napoca, Muzeul Civiliza\u021biei Dacice \u015fi Romane Deva, Muzeul Na\u021bional al Unirii Alba Iulia, Muzeul Municipal Media\u0219, Centrul Cultural Palatul Principilor, Alba Iulia, Muzeul Castelul Corvinilor Hunedoara etc.<\/p>\n\n\n\n<p>Lucr\u0103rile celor patru sec\u021biuni, <strong>Arheologie, Patrimoniu, Istorie medieval\u0103 \u0219i modern\u0103<\/strong>, <strong>Istorie modern\u0103 \u0219i contemporan\u0103<\/strong>, vor fi precedate de deschiderea oficial\u0103 a sesiunii de comunic\u0103ri, \u00een Aula Prim\u0103riei Municipiului Sebe\u0219, \u00een cadrul c\u0103reia va fi prezentat\u0103 una dintre publica\u021biile \u0219tiin\u021bifice editate de muzeu. Este vorba de anuarul \u0219tiin\u021bific al muzeului, <em>Terra Sebus. Acta Musei Sabesiensis<\/em>, una dintre cele mai bine cotate reviste de specialitate din \u021bar\u0103, ajuns\u0103 la cel de al \u0219aisprezecelea num\u0103r. Ulterior, Anca B\u0103ltan \u0219i conf. univ. dr. Radu M\u00e2rza (Universitatea Babe\u0219-Bolyai Cluj-Napoca) vor prezenta cartea lui Avram Mihai, <em>Amintiri<\/em> (edi\u021bie de Anca B\u0103ltan), publicat\u0103 \u00een anul 2024 la Editura Actual din Cluj-Napoca. Este vorba de o lucrare de memorialistic\u0103, care reune\u0219te patru caiete cu amintiri ale autorului, originar din Lancr\u0103m (n\u0103scut \u00een 1897), \u00een care sunt relatate \u00eent\u00e2mpl\u0103ri, dar \u0219i evenimente foarte importante, \u00eencep\u00e2nd cu anii copil\u0103riei, tr\u0103ite la Sebe\u0219, \u0219i p\u00e2n\u0103 \u00een anul 1921. \u00cen continuarea programului, \u00eencep\u00e2nd cu ora 10.45, participan\u021bii vor vizita Cimitirul Evanghelic din Sebe\u0219, unde sunt \u00eenmorm\u00e2ntate numeroase personalit\u0103\u021bi ale ora\u0219ului, precum Viktor Roth, Hermann Meuselbach, <a>Theobald Streitfeld<\/a>, Michael Acker \u0219.a.<\/p>\n\n\n\n<p>Comunic\u0103rile participan\u021bilor abordeaz\u0103 teme de interes at\u00e2t pentru istoriografia rom\u00e2neasc\u0103, c\u00e2t \u015fi pentru publicul pasionat de istorie, amintind aici c\u00e2teva titluri: <em>Depozitul de bronzuri de la Sebe\u0219el (com. S\u0103sciori, jud. Alba)<\/em>, <em>O statuet\u0103 a lui Apollo descoperit\u0103 la Ocna Mure\u0219<\/em>, <em>Detec\u021bia de metale \u00eentre provocare social\u0103 \u0219i cooperare \u0219tiin\u021bific\u0103. Situa\u021bia bunurilor arheologice predate institu\u021biilor Statului Rom\u00e2n<\/em>, <em>Breslele din Sebe\u015f \u00een secolele XIV-XVI<\/em>, <em>Istoria elitelor medievale \u00een perioada sovietiz\u0103rii istoriografiei rom\u00e2ne\u0219ti (1945-1948)<\/em>, <em>Ierarhii Bisericii \u00een slujba statului. Protocoalele de porunci ale Parohiei ortodoxe Lancr\u0103m (1808-1880)<\/em>, <em>Despre fratele celui pe care Chopin l-a iubit \u2013 Josef Filtsch (1813-1894)<\/em>, <em>Rela\u021bia dintre Sava Hen\u021bia \u015fi Virgil Cioflec<\/em>, <em>Primele informa\u021bii despre dinozauri \u00een spa\u021biul rom\u00e2nesc<\/em>, <em>Infrac\u021biuni sexuale pe teritoriul actualului jude\u021b Alba la \u00eenceputul comunismului \u00een Rom\u00e2nia<\/em>, <em>Clerici ortodoc\u0219i din zona Sebe\u0219ului sub represiunea comunist\u0103: \u00eentre stigmatul ideologic \u0219i adapt\u0103ri contextuale<\/em>,<em> Cruci de hotar, de r\u0103scruce \u0219i de f\u00e2nt\u00e2ni de pe teritoriul jude\u021belor Hunedoara \u0219i Alba<\/em>, <em>Prim\u0103verii, col\u021b cu Trandafirilor. Casa Velican din Alba Iulia \u00eenainte de restaurare<\/em>, precum \u015fi altele. Pentru cei interesa\u021bi, programul manifest\u0103rii \u0219tiin\u021bifice poate fi accesat pe pagina de Internet a Muzeului Municipal \u201eIoan Raica\u201d Sebe\u0219, la adresa <a href=\"https:\/\/www.cclbsebes.ro\/cercetare-stiintifica\/\">https:\/\/www.cclbsebes.ro\/cercetare-stiintifica\/<\/a>.<\/p>\n\n\n\n<figure class=\"wp-block-gallery has-nested-images columns-default is-cropped wp-block-gallery-1 is-layout-flex wp-block-gallery-is-layout-flex\">\n<figure class=\"wp-block-image size-large\"><img loading=\"lazy\" decoding=\"async\" width=\"904\" height=\"1280\" data-id=\"119815\" src=\"https:\/\/urbeamea.ro\/albaiulia\/wp-content\/uploads\/2025\/10\/afis-conferinta-muzeu-904x1280.jpg\" alt=\"\" class=\"wp-image-119815\" srcset=\"https:\/\/urbeamea.ro\/albaiulia\/wp-content\/uploads\/2025\/10\/afis-conferinta-muzeu-904x1280.jpg 904w, https:\/\/urbeamea.ro\/albaiulia\/wp-content\/uploads\/2025\/10\/afis-conferinta-muzeu-452x640.jpg 452w, https:\/\/urbeamea.ro\/albaiulia\/wp-content\/uploads\/2025\/10\/afis-conferinta-muzeu-106x150.jpg 106w, https:\/\/urbeamea.ro\/albaiulia\/wp-content\/uploads\/2025\/10\/afis-conferinta-muzeu-768x1087.jpg 768w, https:\/\/urbeamea.ro\/albaiulia\/wp-content\/uploads\/2025\/10\/afis-conferinta-muzeu-1085x1536.jpg 1085w, https:\/\/urbeamea.ro\/albaiulia\/wp-content\/uploads\/2025\/10\/afis-conferinta-muzeu.jpg 1130w\" sizes=\"auto, (max-width: 904px) 100vw, 904px\" \/><\/figure>\n\n\n\n<figure class=\"wp-block-image size-large\"><img loading=\"lazy\" decoding=\"async\" width=\"1280\" height=\"853\" data-id=\"119814\" src=\"https:\/\/urbeamea.ro\/albaiulia\/wp-content\/uploads\/2025\/10\/muzeu-1280x853.jpg\" alt=\"\" class=\"wp-image-119814\" srcset=\"https:\/\/urbeamea.ro\/albaiulia\/wp-content\/uploads\/2025\/10\/muzeu-1280x853.jpg 1280w, https:\/\/urbeamea.ro\/albaiulia\/wp-content\/uploads\/2025\/10\/muzeu-640x426.jpg 640w, https:\/\/urbeamea.ro\/albaiulia\/wp-content\/uploads\/2025\/10\/muzeu-150x100.jpg 150w, https:\/\/urbeamea.ro\/albaiulia\/wp-content\/uploads\/2025\/10\/muzeu-768x512.jpg 768w, https:\/\/urbeamea.ro\/albaiulia\/wp-content\/uploads\/2025\/10\/muzeu-1536x1023.jpg 1536w, https:\/\/urbeamea.ro\/albaiulia\/wp-content\/uploads\/2025\/10\/muzeu.jpg 1600w\" sizes=\"auto, (max-width: 1280px) 100vw, 1280px\" \/><\/figure>\n<\/figure>\n","protected":false},"excerpt":{"rendered":"<p>Vineri, 3 octombrie 2025, \u00eencep\u00e2nd cu ora 10.00, la Sebe\u015f se va desf\u0103\u0219ura cea de-a XVII-a edi\u021bie a Sesiunii de comunic\u0103ri \u0219tiin\u021bifice \u201eMulticulturalitate \u0219i patrimoniu istoric \u00een Transilvania\u201d.&nbsp; Manifestarea este organizat\u0103 de Muzeul Municipal \u201eIoan Raica\u201d \u015fi Centrul Cultural \u201eLucian Blaga\u201d Sebe\u015f, cu sprijinul municipalit\u0103\u021bii, \u015fi se bucur\u0103 de participarea a 45 de cercet\u0103tori, muzeografi, &hellip;<\/p>\n","protected":false},"author":16,"featured_media":119816,"comment_status":"open","ping_status":"open","sticky":false,"template":"","format":"standard","meta":{"inline_featured_image":false,"footnotes":""},"categories":[4],"tags":[],"class_list":["post-119813","post","type-post","status-publish","format-standard","has-post-thumbnail","hentry","category-eveniment"],"yoast_head":"<!-- This site is optimized with the Yoast SEO plugin v27.4 - https:\/\/yoast.com\/product\/yoast-seo-wordpress\/ -->\n<title>Vineri, 3 octombrie 2025, la Sebe\u0219: sesiunea de comunic\u0103ri \u015ftiin\u0163ifice \u201eMulticulturalitate \u015fi patrimoniu istoric \u00een Transilvania\u201d, edi\u0163ia A XVII-A - Revista Urbea Mea - Revista de Alba<\/title>\n<meta name=\"description\" content=\"Vineri, 3 octombrie 2025, \u00eencep\u00e2nd cu ora 10.00, la Sebe\u015f se va desf\u0103\u0219ura cea de-a XVII-a edi\u021bie a Sesiunii de comunic\u0103ri \u0219tiin\u021bifice \u201eMulticulturalitate\" \/>\n<meta name=\"robots\" content=\"index, follow, max-snippet:-1, max-image-preview:large, max-video-preview:-1\" \/>\n<link rel=\"canonical\" href=\"https:\/\/urbeamea.ro\/albaiulia\/vineri-3-octombrie-2025-la-sebes-sesiunea-de-comunicari-stiintifice-multiculturalitate-si-patrimoniu-istoric-in-transilvania-editia-a-xvii-a\/\" \/>\n<meta name=\"twitter:card\" content=\"summary_large_image\" \/>\n<meta name=\"twitter:title\" content=\"Vineri, 3 octombrie 2025, la Sebe\u0219: sesiunea de comunic\u0103ri \u015ftiin\u0163ifice \u201eMulticulturalitate \u015fi patrimoniu istoric \u00een Transilvania\u201d, edi\u0163ia A XVII-A - Revista Urbea Mea - Revista de Alba\" \/>\n<meta name=\"twitter:description\" content=\"Vineri, 3 octombrie 2025, \u00eencep\u00e2nd cu ora 10.00, la Sebe\u015f se va desf\u0103\u0219ura cea de-a XVII-a edi\u021bie a Sesiunii de comunic\u0103ri \u0219tiin\u021bifice \u201eMulticulturalitate\" \/>\n<meta name=\"twitter:image\" content=\"https:\/\/urbeamea.ro\/albaiulia\/wp-content\/uploads\/2025\/10\/CCLB.jpg\" \/>\n<meta name=\"twitter:creator\" content=\"@urbeameaweb\" \/>\n<meta name=\"twitter:site\" content=\"@urbeameaweb\" \/>\n<script type=\"application\/ld+json\" class=\"yoast-schema-graph\">{\"@context\":\"https:\\\/\\\/schema.org\",\"@graph\":[{\"@type\":\"Article\",\"@id\":\"https:\\\/\\\/urbeamea.ro\\\/albaiulia\\\/vineri-3-octombrie-2025-la-sebes-sesiunea-de-comunicari-stiintifice-multiculturalitate-si-patrimoniu-istoric-in-transilvania-editia-a-xvii-a\\\/#article\",\"isPartOf\":{\"@id\":\"https:\\\/\\\/urbeamea.ro\\\/albaiulia\\\/vineri-3-octombrie-2025-la-sebes-sesiunea-de-comunicari-stiintifice-multiculturalitate-si-patrimoniu-istoric-in-transilvania-editia-a-xvii-a\\\/\"},\"author\":{\"name\":\"Redac\u021bia UrbeaMea\",\"@id\":\"https:\\\/\\\/urbeamea.ro\\\/albaiulia\\\/#\\\/schema\\\/person\\\/272ae98052f8ee8980f59848df070247\"},\"headline\":\"Vineri, 3 octombrie 2025, la Sebe\u0219: sesiunea de comunic\u0103ri \u015ftiin\u0163ifice \u201eMulticulturalitate \u015fi patrimoniu istoric \u00een Transilvania\u201d, edi\u0163ia A XVII-A\",\"datePublished\":\"2025-10-02T13:35:38+00:00\",\"dateModified\":\"2025-10-02T13:35:40+00:00\",\"mainEntityOfPage\":{\"@id\":\"https:\\\/\\\/urbeamea.ro\\\/albaiulia\\\/vineri-3-octombrie-2025-la-sebes-sesiunea-de-comunicari-stiintifice-multiculturalitate-si-patrimoniu-istoric-in-transilvania-editia-a-xvii-a\\\/\"},\"wordCount\":610,\"commentCount\":0,\"image\":{\"@id\":\"https:\\\/\\\/urbeamea.ro\\\/albaiulia\\\/vineri-3-octombrie-2025-la-sebes-sesiunea-de-comunicari-stiintifice-multiculturalitate-si-patrimoniu-istoric-in-transilvania-editia-a-xvii-a\\\/#primaryimage\"},\"thumbnailUrl\":\"https:\\\/\\\/urbeamea.ro\\\/albaiulia\\\/wp-content\\\/uploads\\\/2025\\\/10\\\/CCLB.jpg\",\"articleSection\":[\"Evenimente\"],\"inLanguage\":\"ro-RO\",\"potentialAction\":[{\"@type\":\"CommentAction\",\"name\":\"Comment\",\"target\":[\"https:\\\/\\\/urbeamea.ro\\\/albaiulia\\\/vineri-3-octombrie-2025-la-sebes-sesiunea-de-comunicari-stiintifice-multiculturalitate-si-patrimoniu-istoric-in-transilvania-editia-a-xvii-a\\\/#respond\"]}]},{\"@type\":\"WebPage\",\"@id\":\"https:\\\/\\\/urbeamea.ro\\\/albaiulia\\\/vineri-3-octombrie-2025-la-sebes-sesiunea-de-comunicari-stiintifice-multiculturalitate-si-patrimoniu-istoric-in-transilvania-editia-a-xvii-a\\\/\",\"url\":\"https:\\\/\\\/urbeamea.ro\\\/albaiulia\\\/vineri-3-octombrie-2025-la-sebes-sesiunea-de-comunicari-stiintifice-multiculturalitate-si-patrimoniu-istoric-in-transilvania-editia-a-xvii-a\\\/\",\"name\":\"Vineri, 3 octombrie 2025, la Sebe\u0219: sesiunea de comunic\u0103ri \u015ftiin\u0163ifice \u201eMulticulturalitate \u015fi patrimoniu istoric \u00een Transilvania\u201d, edi\u0163ia A XVII-A - Revista Urbea Mea - Revista de Alba\",\"isPartOf\":{\"@id\":\"https:\\\/\\\/urbeamea.ro\\\/albaiulia\\\/#website\"},\"primaryImageOfPage\":{\"@id\":\"https:\\\/\\\/urbeamea.ro\\\/albaiulia\\\/vineri-3-octombrie-2025-la-sebes-sesiunea-de-comunicari-stiintifice-multiculturalitate-si-patrimoniu-istoric-in-transilvania-editia-a-xvii-a\\\/#primaryimage\"},\"image\":{\"@id\":\"https:\\\/\\\/urbeamea.ro\\\/albaiulia\\\/vineri-3-octombrie-2025-la-sebes-sesiunea-de-comunicari-stiintifice-multiculturalitate-si-patrimoniu-istoric-in-transilvania-editia-a-xvii-a\\\/#primaryimage\"},\"thumbnailUrl\":\"https:\\\/\\\/urbeamea.ro\\\/albaiulia\\\/wp-content\\\/uploads\\\/2025\\\/10\\\/CCLB.jpg\",\"datePublished\":\"2025-10-02T13:35:38+00:00\",\"dateModified\":\"2025-10-02T13:35:40+00:00\",\"author\":{\"@id\":\"https:\\\/\\\/urbeamea.ro\\\/albaiulia\\\/#\\\/schema\\\/person\\\/272ae98052f8ee8980f59848df070247\"},\"description\":\"Vineri, 3 octombrie 2025, \u00eencep\u00e2nd cu ora 10.00, la Sebe\u015f se va desf\u0103\u0219ura cea de-a XVII-a edi\u021bie a Sesiunii de comunic\u0103ri \u0219tiin\u021bifice \u201eMulticulturalitate\",\"breadcrumb\":{\"@id\":\"https:\\\/\\\/urbeamea.ro\\\/albaiulia\\\/vineri-3-octombrie-2025-la-sebes-sesiunea-de-comunicari-stiintifice-multiculturalitate-si-patrimoniu-istoric-in-transilvania-editia-a-xvii-a\\\/#breadcrumb\"},\"inLanguage\":\"ro-RO\",\"potentialAction\":[{\"@type\":\"ReadAction\",\"target\":[\"https:\\\/\\\/urbeamea.ro\\\/albaiulia\\\/vineri-3-octombrie-2025-la-sebes-sesiunea-de-comunicari-stiintifice-multiculturalitate-si-patrimoniu-istoric-in-transilvania-editia-a-xvii-a\\\/\"]}]},{\"@type\":\"ImageObject\",\"inLanguage\":\"ro-RO\",\"@id\":\"https:\\\/\\\/urbeamea.ro\\\/albaiulia\\\/vineri-3-octombrie-2025-la-sebes-sesiunea-de-comunicari-stiintifice-multiculturalitate-si-patrimoniu-istoric-in-transilvania-editia-a-xvii-a\\\/#primaryimage\",\"url\":\"https:\\\/\\\/urbeamea.ro\\\/albaiulia\\\/wp-content\\\/uploads\\\/2025\\\/10\\\/CCLB.jpg\",\"contentUrl\":\"https:\\\/\\\/urbeamea.ro\\\/albaiulia\\\/wp-content\\\/uploads\\\/2025\\\/10\\\/CCLB.jpg\",\"width\":1600,\"height\":1200},{\"@type\":\"BreadcrumbList\",\"@id\":\"https:\\\/\\\/urbeamea.ro\\\/albaiulia\\\/vineri-3-octombrie-2025-la-sebes-sesiunea-de-comunicari-stiintifice-multiculturalitate-si-patrimoniu-istoric-in-transilvania-editia-a-xvii-a\\\/#breadcrumb\",\"itemListElement\":[{\"@type\":\"ListItem\",\"position\":1,\"name\":\"Prima pagin\u0103\",\"item\":\"https:\\\/\\\/urbeamea.ro\\\/albaiulia\\\/\"},{\"@type\":\"ListItem\",\"position\":2,\"name\":\"Vineri, 3 octombrie 2025, la Sebe\u0219: sesiunea de comunic\u0103ri \u015ftiin\u0163ifice \u201eMulticulturalitate \u015fi patrimoniu istoric \u00een Transilvania\u201d, edi\u0163ia A XVII-A\"}]},{\"@type\":\"WebSite\",\"@id\":\"https:\\\/\\\/urbeamea.ro\\\/albaiulia\\\/#website\",\"url\":\"https:\\\/\\\/urbeamea.ro\\\/albaiulia\\\/\",\"name\":\"Revista Urbea Mea, Stiri urbane\",\"description\":\"Evenimente \u0219i \u0219tiri din Alba Iulia, Sebe\u0219, Aiud, Blaj\",\"potentialAction\":[{\"@type\":\"SearchAction\",\"target\":{\"@type\":\"EntryPoint\",\"urlTemplate\":\"https:\\\/\\\/urbeamea.ro\\\/albaiulia\\\/?s={search_term_string}\"},\"query-input\":{\"@type\":\"PropertyValueSpecification\",\"valueRequired\":true,\"valueName\":\"search_term_string\"}}],\"inLanguage\":\"ro-RO\"},{\"@type\":\"Person\",\"@id\":\"https:\\\/\\\/urbeamea.ro\\\/albaiulia\\\/#\\\/schema\\\/person\\\/272ae98052f8ee8980f59848df070247\",\"name\":\"Redac\u021bia UrbeaMea\",\"image\":{\"@type\":\"ImageObject\",\"inLanguage\":\"ro-RO\",\"@id\":\"https:\\\/\\\/secure.gravatar.com\\\/avatar\\\/9ce5a9435071fa1037e8468053ead8e513dbbff59009d3069aadb85506d85a27?s=96&d=mm&r=g\",\"url\":\"https:\\\/\\\/secure.gravatar.com\\\/avatar\\\/9ce5a9435071fa1037e8468053ead8e513dbbff59009d3069aadb85506d85a27?s=96&d=mm&r=g\",\"contentUrl\":\"https:\\\/\\\/secure.gravatar.com\\\/avatar\\\/9ce5a9435071fa1037e8468053ead8e513dbbff59009d3069aadb85506d85a27?s=96&d=mm&r=g\",\"caption\":\"Redac\u021bia UrbeaMea\"},\"description\":\"contact@urbeamea.ro\",\"sameAs\":[\"https:\\\/\\\/www.urbeamea.ro\"],\"url\":\"https:\\\/\\\/urbeamea.ro\\\/albaiulia\\\/author\\\/redactia-urbeamea\\\/\"}]}<\/script>\n<!-- \/ Yoast SEO plugin. -->","yoast_head_json":{"title":"Vineri, 3 octombrie 2025, la Sebe\u0219: sesiunea de comunic\u0103ri \u015ftiin\u0163ifice \u201eMulticulturalitate \u015fi patrimoniu istoric \u00een Transilvania\u201d, edi\u0163ia A XVII-A - Revista Urbea Mea - Revista de Alba","description":"Vineri, 3 octombrie 2025, \u00eencep\u00e2nd cu ora 10.00, la Sebe\u015f se va desf\u0103\u0219ura cea de-a XVII-a edi\u021bie a Sesiunii de comunic\u0103ri \u0219tiin\u021bifice \u201eMulticulturalitate","robots":{"index":"index","follow":"follow","max-snippet":"max-snippet:-1","max-image-preview":"max-image-preview:large","max-video-preview":"max-video-preview:-1"},"canonical":"https:\/\/urbeamea.ro\/albaiulia\/vineri-3-octombrie-2025-la-sebes-sesiunea-de-comunicari-stiintifice-multiculturalitate-si-patrimoniu-istoric-in-transilvania-editia-a-xvii-a\/","twitter_card":"summary_large_image","twitter_title":"Vineri, 3 octombrie 2025, la Sebe\u0219: sesiunea de comunic\u0103ri \u015ftiin\u0163ifice \u201eMulticulturalitate \u015fi patrimoniu istoric \u00een Transilvania\u201d, edi\u0163ia A XVII-A - Revista Urbea Mea - Revista de Alba","twitter_description":"Vineri, 3 octombrie 2025, \u00eencep\u00e2nd cu ora 10.00, la Sebe\u015f se va desf\u0103\u0219ura cea de-a XVII-a edi\u021bie a Sesiunii de comunic\u0103ri \u0219tiin\u021bifice \u201eMulticulturalitate","twitter_image":"https:\/\/urbeamea.ro\/albaiulia\/wp-content\/uploads\/2025\/10\/CCLB.jpg","twitter_creator":"@urbeameaweb","twitter_site":"@urbeameaweb","schema":{"@context":"https:\/\/schema.org","@graph":[{"@type":"Article","@id":"https:\/\/urbeamea.ro\/albaiulia\/vineri-3-octombrie-2025-la-sebes-sesiunea-de-comunicari-stiintifice-multiculturalitate-si-patrimoniu-istoric-in-transilvania-editia-a-xvii-a\/#article","isPartOf":{"@id":"https:\/\/urbeamea.ro\/albaiulia\/vineri-3-octombrie-2025-la-sebes-sesiunea-de-comunicari-stiintifice-multiculturalitate-si-patrimoniu-istoric-in-transilvania-editia-a-xvii-a\/"},"author":{"name":"Redac\u021bia UrbeaMea","@id":"https:\/\/urbeamea.ro\/albaiulia\/#\/schema\/person\/272ae98052f8ee8980f59848df070247"},"headline":"Vineri, 3 octombrie 2025, la Sebe\u0219: sesiunea de comunic\u0103ri \u015ftiin\u0163ifice \u201eMulticulturalitate \u015fi patrimoniu istoric \u00een Transilvania\u201d, edi\u0163ia A XVII-A","datePublished":"2025-10-02T13:35:38+00:00","dateModified":"2025-10-02T13:35:40+00:00","mainEntityOfPage":{"@id":"https:\/\/urbeamea.ro\/albaiulia\/vineri-3-octombrie-2025-la-sebes-sesiunea-de-comunicari-stiintifice-multiculturalitate-si-patrimoniu-istoric-in-transilvania-editia-a-xvii-a\/"},"wordCount":610,"commentCount":0,"image":{"@id":"https:\/\/urbeamea.ro\/albaiulia\/vineri-3-octombrie-2025-la-sebes-sesiunea-de-comunicari-stiintifice-multiculturalitate-si-patrimoniu-istoric-in-transilvania-editia-a-xvii-a\/#primaryimage"},"thumbnailUrl":"https:\/\/urbeamea.ro\/albaiulia\/wp-content\/uploads\/2025\/10\/CCLB.jpg","articleSection":["Evenimente"],"inLanguage":"ro-RO","potentialAction":[{"@type":"CommentAction","name":"Comment","target":["https:\/\/urbeamea.ro\/albaiulia\/vineri-3-octombrie-2025-la-sebes-sesiunea-de-comunicari-stiintifice-multiculturalitate-si-patrimoniu-istoric-in-transilvania-editia-a-xvii-a\/#respond"]}]},{"@type":"WebPage","@id":"https:\/\/urbeamea.ro\/albaiulia\/vineri-3-octombrie-2025-la-sebes-sesiunea-de-comunicari-stiintifice-multiculturalitate-si-patrimoniu-istoric-in-transilvania-editia-a-xvii-a\/","url":"https:\/\/urbeamea.ro\/albaiulia\/vineri-3-octombrie-2025-la-sebes-sesiunea-de-comunicari-stiintifice-multiculturalitate-si-patrimoniu-istoric-in-transilvania-editia-a-xvii-a\/","name":"Vineri, 3 octombrie 2025, la Sebe\u0219: sesiunea de comunic\u0103ri \u015ftiin\u0163ifice \u201eMulticulturalitate \u015fi patrimoniu istoric \u00een Transilvania\u201d, edi\u0163ia A XVII-A - Revista Urbea Mea - Revista de Alba","isPartOf":{"@id":"https:\/\/urbeamea.ro\/albaiulia\/#website"},"primaryImageOfPage":{"@id":"https:\/\/urbeamea.ro\/albaiulia\/vineri-3-octombrie-2025-la-sebes-sesiunea-de-comunicari-stiintifice-multiculturalitate-si-patrimoniu-istoric-in-transilvania-editia-a-xvii-a\/#primaryimage"},"image":{"@id":"https:\/\/urbeamea.ro\/albaiulia\/vineri-3-octombrie-2025-la-sebes-sesiunea-de-comunicari-stiintifice-multiculturalitate-si-patrimoniu-istoric-in-transilvania-editia-a-xvii-a\/#primaryimage"},"thumbnailUrl":"https:\/\/urbeamea.ro\/albaiulia\/wp-content\/uploads\/2025\/10\/CCLB.jpg","datePublished":"2025-10-02T13:35:38+00:00","dateModified":"2025-10-02T13:35:40+00:00","author":{"@id":"https:\/\/urbeamea.ro\/albaiulia\/#\/schema\/person\/272ae98052f8ee8980f59848df070247"},"description":"Vineri, 3 octombrie 2025, \u00eencep\u00e2nd cu ora 10.00, la Sebe\u015f se va desf\u0103\u0219ura cea de-a XVII-a edi\u021bie a Sesiunii de comunic\u0103ri \u0219tiin\u021bifice \u201eMulticulturalitate","breadcrumb":{"@id":"https:\/\/urbeamea.ro\/albaiulia\/vineri-3-octombrie-2025-la-sebes-sesiunea-de-comunicari-stiintifice-multiculturalitate-si-patrimoniu-istoric-in-transilvania-editia-a-xvii-a\/#breadcrumb"},"inLanguage":"ro-RO","potentialAction":[{"@type":"ReadAction","target":["https:\/\/urbeamea.ro\/albaiulia\/vineri-3-octombrie-2025-la-sebes-sesiunea-de-comunicari-stiintifice-multiculturalitate-si-patrimoniu-istoric-in-transilvania-editia-a-xvii-a\/"]}]},{"@type":"ImageObject","inLanguage":"ro-RO","@id":"https:\/\/urbeamea.ro\/albaiulia\/vineri-3-octombrie-2025-la-sebes-sesiunea-de-comunicari-stiintifice-multiculturalitate-si-patrimoniu-istoric-in-transilvania-editia-a-xvii-a\/#primaryimage","url":"https:\/\/urbeamea.ro\/albaiulia\/wp-content\/uploads\/2025\/10\/CCLB.jpg","contentUrl":"https:\/\/urbeamea.ro\/albaiulia\/wp-content\/uploads\/2025\/10\/CCLB.jpg","width":1600,"height":1200},{"@type":"BreadcrumbList","@id":"https:\/\/urbeamea.ro\/albaiulia\/vineri-3-octombrie-2025-la-sebes-sesiunea-de-comunicari-stiintifice-multiculturalitate-si-patrimoniu-istoric-in-transilvania-editia-a-xvii-a\/#breadcrumb","itemListElement":[{"@type":"ListItem","position":1,"name":"Prima pagin\u0103","item":"https:\/\/urbeamea.ro\/albaiulia\/"},{"@type":"ListItem","position":2,"name":"Vineri, 3 octombrie 2025, la Sebe\u0219: sesiunea de comunic\u0103ri \u015ftiin\u0163ifice \u201eMulticulturalitate \u015fi patrimoniu istoric \u00een Transilvania\u201d, edi\u0163ia A XVII-A"}]},{"@type":"WebSite","@id":"https:\/\/urbeamea.ro\/albaiulia\/#website","url":"https:\/\/urbeamea.ro\/albaiulia\/","name":"Revista Urbea Mea, Stiri urbane","description":"Evenimente \u0219i \u0219tiri din Alba Iulia, Sebe\u0219, Aiud, Blaj","potentialAction":[{"@type":"SearchAction","target":{"@type":"EntryPoint","urlTemplate":"https:\/\/urbeamea.ro\/albaiulia\/?s={search_term_string}"},"query-input":{"@type":"PropertyValueSpecification","valueRequired":true,"valueName":"search_term_string"}}],"inLanguage":"ro-RO"},{"@type":"Person","@id":"https:\/\/urbeamea.ro\/albaiulia\/#\/schema\/person\/272ae98052f8ee8980f59848df070247","name":"Redac\u021bia UrbeaMea","image":{"@type":"ImageObject","inLanguage":"ro-RO","@id":"https:\/\/secure.gravatar.com\/avatar\/9ce5a9435071fa1037e8468053ead8e513dbbff59009d3069aadb85506d85a27?s=96&d=mm&r=g","url":"https:\/\/secure.gravatar.com\/avatar\/9ce5a9435071fa1037e8468053ead8e513dbbff59009d3069aadb85506d85a27?s=96&d=mm&r=g","contentUrl":"https:\/\/secure.gravatar.com\/avatar\/9ce5a9435071fa1037e8468053ead8e513dbbff59009d3069aadb85506d85a27?s=96&d=mm&r=g","caption":"Redac\u021bia UrbeaMea"},"description":"contact@urbeamea.ro","sameAs":["https:\/\/www.urbeamea.ro"],"url":"https:\/\/urbeamea.ro\/albaiulia\/author\/redactia-urbeamea\/"}]}},"_links":{"self":[{"href":"https:\/\/urbeamea.ro\/albaiulia\/wp-json\/wp\/v2\/posts\/119813","targetHints":{"allow":["GET"]}}],"collection":[{"href":"https:\/\/urbeamea.ro\/albaiulia\/wp-json\/wp\/v2\/posts"}],"about":[{"href":"https:\/\/urbeamea.ro\/albaiulia\/wp-json\/wp\/v2\/types\/post"}],"author":[{"embeddable":true,"href":"https:\/\/urbeamea.ro\/albaiulia\/wp-json\/wp\/v2\/users\/16"}],"replies":[{"embeddable":true,"href":"https:\/\/urbeamea.ro\/albaiulia\/wp-json\/wp\/v2\/comments?post=119813"}],"version-history":[{"count":1,"href":"https:\/\/urbeamea.ro\/albaiulia\/wp-json\/wp\/v2\/posts\/119813\/revisions"}],"predecessor-version":[{"id":119817,"href":"https:\/\/urbeamea.ro\/albaiulia\/wp-json\/wp\/v2\/posts\/119813\/revisions\/119817"}],"wp:featuredmedia":[{"embeddable":true,"href":"https:\/\/urbeamea.ro\/albaiulia\/wp-json\/wp\/v2\/media\/119816"}],"wp:attachment":[{"href":"https:\/\/urbeamea.ro\/albaiulia\/wp-json\/wp\/v2\/media?parent=119813"}],"wp:term":[{"taxonomy":"category","embeddable":true,"href":"https:\/\/urbeamea.ro\/albaiulia\/wp-json\/wp\/v2\/categories?post=119813"},{"taxonomy":"post_tag","embeddable":true,"href":"https:\/\/urbeamea.ro\/albaiulia\/wp-json\/wp\/v2\/tags?post=119813"}],"curies":[{"name":"wp","href":"https:\/\/api.w.org\/{rel}","templated":true}]}}