{"id":119836,"date":"2025-10-04T12:44:51","date_gmt":"2025-10-04T09:44:51","guid":{"rendered":"https:\/\/urbeamea.ro\/albaiulia\/?p=119836"},"modified":"2025-10-04T12:44:53","modified_gmt":"2025-10-04T09:44:53","slug":"sarbatoarea-incoronarii-evenimentul-cultural-central-al-lunii-octombrie-la-alba-iulia-lansari-de-carte-concert-la-vioara-sustinut-de-maestrul-liviu-prunaru-figuri-de-ceara-a-regelui-ferdinand-i-si","status":"publish","type":"post","link":"https:\/\/urbeamea.ro\/albaiulia\/sarbatoarea-incoronarii-evenimentul-cultural-central-al-lunii-octombrie-la-alba-iulia-lansari-de-carte-concert-la-vioara-sustinut-de-maestrul-liviu-prunaru-figuri-de-ceara-a-regelui-ferdinand-i-si\/","title":{"rendered":"S\u0103rb\u0103toarea \u00cencoron\u0103rii, evenimentul cultural central al lunii octombrie la Alba Iulia: lans\u0103ri de carte, concert la vioar\u0103 sus\u021binut de maestrul Liviu Prunaru, figuri de cear\u0103 a Regelui Ferdinand I \u0219i a Reginei Maria"},"content":{"rendered":"\n<p class=\"wp-block-paragraph\"><strong>Leg\u0103tura dintre Alba Iulia \u0219i unul dintre cele mai importante momente din istoria modern\u0103 a Rom\u00e2niei, \u00cencoronarea Regelui Ferdinand I \u0219i a Reginei Maria, e una indisolubil\u0103, ce transcende spa\u021biul \u0219i timpul.<\/strong><\/p>\n\n\n\n<p class=\"wp-block-paragraph\">La 103 ani de la momentul sacru al \u00cencoron\u0103rii de la Alba Iulia, din 15 octombrie 1922, Centrul Cultural Palatul Principilor \u00eempreun\u0103 cu Prim\u0103ria Municipiului Alba Iulia au preg\u0103tit o \u00eentreag\u0103 serie de evenimente, care nu doar s\u0103 marcheze momentul, ci s\u0103-l fac\u0103, la r\u00e2ndul lui, memorabil. <\/p>\n\n\n\n<p class=\"wp-block-paragraph\">De la lans\u0103ri de carte p\u00e2n\u0103 la un adev\u0103rat regal de sunet, totul completat de un set-up special, dedicat \u00cencoron\u0103rii \u0219i av\u00e2ndu-i \u00een planul central chiar pe regii Rom\u00e2niei Mari, \u00een m\u0103rime natural\u0103 \u0219i \u00eentr-o form\u0103\u2026 neconven\u021bional\u0103.<\/p>\n\n\n\n<p class=\"wp-block-paragraph\">Cultura scris\u0103 \u2013 prefa\u021ba perfect\u0103 pentru S\u0103rb\u0103toarea \u00cencoron\u0103rii<\/p>\n\n\n\n<p class=\"wp-block-paragraph\">Pe 14 octombrie, ora 16.30, sunte\u021bi invita\u021bi la o cvadrupl\u0103 lansare de carte  \u00een Spa\u021biul Muzeal Principia.<\/p>\n\n\n\n<p class=\"wp-block-paragraph\"> Este vorba, de fapt, despre trei c\u0103r\u021bi \u0219i o revist\u0103, rezultatele muncii creative a unor autori locali consacra\u021bi, finan\u021bate \u00een cadrul unui proiect anual al Prim\u0103riei Municipiului Alba Iulia:<\/p>\n\n\n\n<p class=\"wp-block-paragraph\">Cornel Nistea \u2013 \u00censemn\u0103ri, cuget\u0103ri, sentin\u021be<\/p>\n\n\n\n<p class=\"wp-block-paragraph\">Sonia Elvireanu \u2013 Privind prin lucarn\u0103<\/p>\n\n\n\n<p class=\"wp-block-paragraph\">Felicia Colda \u2013 Fa\u021ba nev\u0103zut\u0103 a lunii<\/p>\n\n\n\n<p class=\"wp-block-paragraph\">Lor li se vor al\u0103tura Radu Todoran \u0219i Dumitru M\u0103lin pentru lansarea edi\u021biei 2025 a revistei Zenit 22<\/p>\n\n\n\n<p class=\"wp-block-paragraph\">O sesiune de autografe de la autori, momente muzicale rafinate \u0219i invita\u021bi speciali vor completa agenda unui eveniment de neratat. <\/p>\n\n\n\n<p class=\"wp-block-paragraph\">Evenimentul este organizat de Prim\u0103ria Municipiului Alba Iulia, \u00een parteneriat cu Biblioteca Jude\u021bean\u0103 \u201eLucian Blaga\u201d Alba \u0219i Liceul de Arte \u201eRegina Maria\u201d din Alba Iulia.Concertmaestro<\/p>\n\n\n\n<p class=\"wp-block-paragraph\">Pe 15 octombrie, de la 18:00, la Palatul Principilor \u2013 Sala Dietei, un concert extraordinar este cadoul aniversar preg\u0103tit pentru albaiulieni \u0219i turi\u0219ti, la celebrarea celor 103 ani de la \u00cencoronare. <\/p>\n\n\n\n<p class=\"wp-block-paragraph\">Este vorba despre un adev\u0103rat regal de vioar\u0103, \u201eConcertmaestro\u201d, sus\u021binut de maestrul Liviu Prunaru. <\/p>\n\n\n\n<p class=\"wp-block-paragraph\">\u00cen program se vor reg\u0103si lucr\u0103ri emblematice, precum J.S. Bach \u2013 Sonata nr. 1 pentru vioar\u0103, N. Paganini \u2013 Capriciile nr. 2, 9, 10, V. Filip \u2013 Suita rom\u00e2neasc\u0103, N. Paganini \u2013 Capriciile nr. 13, 17, 23, N. Milstein \u2013 Paganiniana pentru vioar\u0103 solo.<\/p>\n\n\n\n<p class=\"wp-block-paragraph\">Accesul la concert este gratuit, \u00een limita locurilor disponibile \u00een Sala Dietei, la Palatul Principilor Transilvaniei.<\/p>\n\n\n\n<p class=\"wp-block-paragraph\">Dup\u0103 primirea extraordinar\u0103 a publicului la prima edi\u021bie a Turneului Na\u021bional Concertmaestro \u2013 primul turneu solo al lui Liviu Prunaru \u2013  desf\u0103\u0219urat\u0103 \u00een prim\u0103vara acestui an, violonistul continu\u0103 povestea acestui proiect unic printr-o edi\u021bie de toamn\u0103 cu rezonan\u021b\u0103 interna\u021bional\u0103.<\/p>\n\n\n\n<p class=\"wp-block-paragraph\">Noua c\u0103l\u0103torie muzical\u0103 \u00eencepe \u00een Italia, la Roma, pe 12 octombrie, \u00een Festivalul Interna\u021bional Propatria, iar \u00een 15 octombrie, la ora 18:00, ajunge la Alba Iulia, \u00een Sala Dietei \u2013 Palatul Principilor Transilvaniei, \u00een cadrul manifest\u0103rilor dedicate S\u0103rb\u0103torii \u00cencoron\u0103rii Regilor Rom\u00e2niei.<\/p>\n\n\n\n<p class=\"wp-block-paragraph\">&#8222;Dup\u0103 emo\u021biile extraordinare din prim\u0103var\u0103, simt c\u0103 aceast\u0103 a doua edi\u021bie a turneului este o continuare fireasc\u0103, dar \u0219i o nou\u0103 provocare. Fiecare ora\u0219 are energia lui, iar faptul c\u0103 voi c\u00e2nta la Roma \u0219i voi veni la Alba Iulia, \u00eentr-un context at\u00e2t de special, \u00eemi d\u0103 un sentiment de recuno\u0219tin\u021b\u0103 \u0219i bucurie. <\/p>\n\n\n\n<p class=\"wp-block-paragraph\">Publicul a fost sufletul primei edi\u021bii \u0219i sunt convins c\u0103 \u0219i acum vom tr\u0103i \u00eempreun\u0103 momente frumoase.\u201d\u00a0spune violonistul Liviu Prunaru.<\/p>\n\n\n\n<p class=\"wp-block-paragraph\">Dup\u0103 35 de ani de carier\u0103 interna\u021bional\u0103 \u0219i un parcurs impresionant de 18 ani \u00een postura de concertmaestru al Royal Concertgebouw Amsterdam, violonistul Liviu Prunaru a \u00eenceput \u00een prim\u0103var\u0103 Concertmaestro \u2013 primul s\u0103u turneu solo \u00een Rom\u00e2nia, un demers artistic ce a transformat grani\u021ba dintre artist \u0219i public \u00eentr-un dialog muzical direct.<\/p>\n\n\n\n<p class=\"wp-block-paragraph\"> Ideea lansat\u0103 de Liviu Prunaru la Ateneul Rom\u00e2n, de a c\u00e2nta nu doar de pe scen\u0103, ci \u0219i printre spectatori, a reconfirmat faptul c\u0103 cea mai potrivit\u0103 descriere a Turneelor de poveste este \u201eAducem muzica printre oameni!\u201d.<\/p>\n\n\n\n<p class=\"wp-block-paragraph\">Concertul din Sala Dietei, de pe 15 octombrie face parte din proiectul Pro Contemporania 20, inclus, la r\u00e2ndul lui, \u00een seria Turnee de poveste.<\/p>\n\n\n\n<p class=\"wp-block-paragraph\">Evenimentul este sus\u021binut de Centrul Cultural Palatul Principilor, \u00een parteneriat cu Prim\u0103ria Municipiului Alba Iulia, Asocia\u021bia Cultural\u0103 Alba Iulia Heritage \u0219i Toskana Garten.<\/p>\n\n\n\n<p class=\"wp-block-paragraph\">Un selfie cu &amp; pentru istorie<\/p>\n\n\n\n<p class=\"wp-block-paragraph\">Regele Ferdinand I \u0219i Regina Maria se \u00eentorc la Alba Iulia, dup\u0103 103 ani. \u00centr-o form\u0103 neconven\u021bional\u0103, dar \u00een m\u0103rime natural\u0103. Este vorba despre piesele create pentru colec\u021bia unic\u0103 de figuri de cear\u0103 a Castelului Karolyi din Carei, care, din 15 octombrie \u0219i p\u00e2n\u0103 la finalul lunii, se vor muta la Alba Iulia, \u00een Palatul Principilor.<\/p>\n\n\n\n<p class=\"wp-block-paragraph\">To\u021bi cei care vor trece pragul Centrului Na\u021bional de Informare \u0219i Promovare Turistic\u0103, \u00een aceast\u0103 perioad\u0103, vor avea ocazia s\u0103 intre \u00een poveste (\u0219i \u00een istorie) \u0219i s\u0103-\u0219i fac\u0103, la fel ca \u00een marile muzee ale figurilor de cear\u0103, fotografii cu Regele \u0219i Regina, \u00een zona foto special amenajat\u0103.<\/p>\n\n\n\n<p class=\"wp-block-paragraph\">\u201eTransferul\u201d Regelui Ferdinand I \u0219i a Reginei Maria la Alba Iulia este posibil prin sus\u021binerea Prim\u0103riei Municipiului Carei \u0219i a echipei care administreaz\u0103 Castelul Karolyi din Carei, care au ar\u0103tat deschidere maxim\u0103 fa\u021b\u0103 de ideea Centrului Cultural Palatul Principilor de a reloca, fie chiar \u0219i pentru o perioad\u0103 scurt\u0103, cuplul regal la Alba Iulia.<\/p>\n\n\n\n<figure class=\"wp-block-image size-large\"><img loading=\"lazy\" decoding=\"async\" width=\"1024\" height=\"1280\" src=\"https:\/\/urbeamea.ro\/albaiulia\/wp-content\/uploads\/2025\/10\/1000050671-1024x1280.jpg\" alt=\"\" class=\"wp-image-119838\" srcset=\"https:\/\/urbeamea.ro\/albaiulia\/wp-content\/uploads\/2025\/10\/1000050671-1024x1280.jpg 1024w, https:\/\/urbeamea.ro\/albaiulia\/wp-content\/uploads\/2025\/10\/1000050671-512x640.jpg 512w, https:\/\/urbeamea.ro\/albaiulia\/wp-content\/uploads\/2025\/10\/1000050671-120x150.jpg 120w, https:\/\/urbeamea.ro\/albaiulia\/wp-content\/uploads\/2025\/10\/1000050671-768x960.jpg 768w, https:\/\/urbeamea.ro\/albaiulia\/wp-content\/uploads\/2025\/10\/1000050671-1229x1536.jpg 1229w, https:\/\/urbeamea.ro\/albaiulia\/wp-content\/uploads\/2025\/10\/1000050671.jpg 1638w\" sizes=\"auto, (max-width: 1024px) 100vw, 1024px\" \/><\/figure>\n","protected":false},"excerpt":{"rendered":"<p>Leg\u0103tura dintre Alba Iulia \u0219i unul dintre cele mai importante momente din istoria modern\u0103 a Rom\u00e2niei, \u00cencoronarea Regelui Ferdinand I \u0219i a Reginei Maria, e una indisolubil\u0103, ce transcende spa\u021biul \u0219i timpul. La 103 ani de la momentul sacru al \u00cencoron\u0103rii de la Alba Iulia, din 15 octombrie 1922, Centrul Cultural Palatul Principilor \u00eempreun\u0103 cu &hellip;<\/p>\n","protected":false},"author":28,"featured_media":119838,"comment_status":"open","ping_status":"open","sticky":false,"template":"","format":"standard","meta":{"inline_featured_image":false,"footnotes":""},"categories":[23926,2038,4,8857,2036,2034,1,61,16344],"tags":[25430],"class_list":["post-119836","post","type-post","status-publish","format-standard","has-post-thumbnail","hentry","category-actualitate","category-cultura","category-eveniment","category-istorie","category-monden","category-social","category-stiri-urbane","category-turism","category-urbea-mea","tag-sarbatoarea-incoronarii-2"],"yoast_head":"<!-- This site is optimized with the Yoast SEO plugin v28.3 - https:\/\/yoast.com\/product\/yoast-seo-wordpress\/ -->\n<title>S\u0103rb\u0103toarea \u00cencoron\u0103rii, evenimentul cultural central al lunii octombrie la Alba Iulia: lans\u0103ri de carte, concert la vioar\u0103 sus\u021binut de maestrul Liviu Prunaru, figuri de cear\u0103 a Regelui Ferdinand I \u0219i a Reginei Maria - Revista Urbea Mea - Revista de Alba<\/title>\n<meta name=\"description\" content=\"Leg\u0103tura dintre Alba Iulia \u0219i unul dintre cele mai importante momente din istoria modern\u0103 a Rom\u00e2niei, \u00cencoronarea Regelui Ferdinand I \u0219i a Reginei Maria,\" \/>\n<meta name=\"robots\" content=\"index, follow, max-snippet:-1, max-image-preview:large, max-video-preview:-1\" \/>\n<link rel=\"canonical\" href=\"https:\/\/urbeamea.ro\/albaiulia\/sarbatoarea-incoronarii-evenimentul-cultural-central-al-lunii-octombrie-la-alba-iulia-lansari-de-carte-concert-la-vioara-sustinut-de-maestrul-liviu-prunaru-figuri-de-ceara-a-regelui-ferdinand-i-si\/\" \/>\n<meta name=\"twitter:card\" content=\"summary_large_image\" \/>\n<meta name=\"twitter:title\" content=\"S\u0103rb\u0103toarea \u00cencoron\u0103rii, evenimentul cultural central al lunii octombrie la Alba Iulia: lans\u0103ri de carte, concert la vioar\u0103 sus\u021binut de maestrul Liviu Prunaru, figuri de cear\u0103 a Regelui Ferdinand I \u0219i a Reginei Maria - Revista Urbea Mea - Revista de Alba\" \/>\n<meta name=\"twitter:description\" content=\"Leg\u0103tura dintre Alba Iulia \u0219i unul dintre cele mai importante momente din istoria modern\u0103 a Rom\u00e2niei, \u00cencoronarea Regelui Ferdinand I \u0219i a Reginei Maria,\" \/>\n<meta name=\"twitter:image\" content=\"https:\/\/urbeamea.ro\/albaiulia\/wp-content\/uploads\/2025\/10\/1000050671.jpg\" \/>\n<meta name=\"twitter:creator\" content=\"@urbeameaweb\" \/>\n<meta name=\"twitter:site\" content=\"@urbeameaweb\" \/>\n<script type=\"application\/ld+json\" class=\"yoast-schema-graph\">{\"@context\":\"https:\\\/\\\/schema.org\",\"@graph\":[{\"@type\":\"Article\",\"@id\":\"https:\\\/\\\/urbeamea.ro\\\/albaiulia\\\/sarbatoarea-incoronarii-evenimentul-cultural-central-al-lunii-octombrie-la-alba-iulia-lansari-de-carte-concert-la-vioara-sustinut-de-maestrul-liviu-prunaru-figuri-de-ceara-a-regelui-ferdinand-i-si\\\/#article\",\"isPartOf\":{\"@id\":\"https:\\\/\\\/urbeamea.ro\\\/albaiulia\\\/sarbatoarea-incoronarii-evenimentul-cultural-central-al-lunii-octombrie-la-alba-iulia-lansari-de-carte-concert-la-vioara-sustinut-de-maestrul-liviu-prunaru-figuri-de-ceara-a-regelui-ferdinand-i-si\\\/\"},\"author\":{\"name\":\"Giurca Sorin\",\"@id\":\"https:\\\/\\\/urbeamea.ro\\\/albaiulia\\\/#\\\/schema\\\/person\\\/5db3854ac38c1cc9f0ab4092d6a20f02\"},\"headline\":\"S\u0103rb\u0103toarea \u00cencoron\u0103rii, evenimentul cultural central al lunii octombrie la Alba Iulia: lans\u0103ri de carte, concert la vioar\u0103 sus\u021binut de maestrul Liviu Prunaru, figuri de cear\u0103 a Regelui Ferdinand I \u0219i a Reginei Maria\",\"datePublished\":\"2025-10-04T09:44:51+00:00\",\"dateModified\":\"2025-10-04T09:44:53+00:00\",\"mainEntityOfPage\":{\"@id\":\"https:\\\/\\\/urbeamea.ro\\\/albaiulia\\\/sarbatoarea-incoronarii-evenimentul-cultural-central-al-lunii-octombrie-la-alba-iulia-lansari-de-carte-concert-la-vioara-sustinut-de-maestrul-liviu-prunaru-figuri-de-ceara-a-regelui-ferdinand-i-si\\\/\"},\"wordCount\":902,\"commentCount\":0,\"image\":{\"@id\":\"https:\\\/\\\/urbeamea.ro\\\/albaiulia\\\/sarbatoarea-incoronarii-evenimentul-cultural-central-al-lunii-octombrie-la-alba-iulia-lansari-de-carte-concert-la-vioara-sustinut-de-maestrul-liviu-prunaru-figuri-de-ceara-a-regelui-ferdinand-i-si\\\/#primaryimage\"},\"thumbnailUrl\":\"https:\\\/\\\/urbeamea.ro\\\/albaiulia\\\/wp-content\\\/uploads\\\/2025\\\/10\\\/1000050671.jpg\",\"keywords\":[\"S\u0103rb\u0103toarea \u00cencoron\u0103rii\"],\"articleSection\":[\"Actualitate\",\"Cultur\u0103\",\"Evenimente\",\"Istorie\",\"Monden\",\"Social\",\"\u015etiri Urbane\",\"Turism \u0219i Ghidaj turistic\",\"Urbea Mea\"],\"inLanguage\":\"ro-RO\",\"potentialAction\":[{\"@type\":\"CommentAction\",\"name\":\"Comment\",\"target\":[\"https:\\\/\\\/urbeamea.ro\\\/albaiulia\\\/sarbatoarea-incoronarii-evenimentul-cultural-central-al-lunii-octombrie-la-alba-iulia-lansari-de-carte-concert-la-vioara-sustinut-de-maestrul-liviu-prunaru-figuri-de-ceara-a-regelui-ferdinand-i-si\\\/#respond\"]}]},{\"@type\":\"WebPage\",\"@id\":\"https:\\\/\\\/urbeamea.ro\\\/albaiulia\\\/sarbatoarea-incoronarii-evenimentul-cultural-central-al-lunii-octombrie-la-alba-iulia-lansari-de-carte-concert-la-vioara-sustinut-de-maestrul-liviu-prunaru-figuri-de-ceara-a-regelui-ferdinand-i-si\\\/\",\"url\":\"https:\\\/\\\/urbeamea.ro\\\/albaiulia\\\/sarbatoarea-incoronarii-evenimentul-cultural-central-al-lunii-octombrie-la-alba-iulia-lansari-de-carte-concert-la-vioara-sustinut-de-maestrul-liviu-prunaru-figuri-de-ceara-a-regelui-ferdinand-i-si\\\/\",\"name\":\"S\u0103rb\u0103toarea \u00cencoron\u0103rii, evenimentul cultural central al lunii octombrie la Alba Iulia: lans\u0103ri de carte, concert la vioar\u0103 sus\u021binut de maestrul Liviu Prunaru, figuri de cear\u0103 a Regelui Ferdinand I \u0219i a Reginei Maria - Revista Urbea Mea - Revista de Alba\",\"isPartOf\":{\"@id\":\"https:\\\/\\\/urbeamea.ro\\\/albaiulia\\\/#website\"},\"primaryImageOfPage\":{\"@id\":\"https:\\\/\\\/urbeamea.ro\\\/albaiulia\\\/sarbatoarea-incoronarii-evenimentul-cultural-central-al-lunii-octombrie-la-alba-iulia-lansari-de-carte-concert-la-vioara-sustinut-de-maestrul-liviu-prunaru-figuri-de-ceara-a-regelui-ferdinand-i-si\\\/#primaryimage\"},\"image\":{\"@id\":\"https:\\\/\\\/urbeamea.ro\\\/albaiulia\\\/sarbatoarea-incoronarii-evenimentul-cultural-central-al-lunii-octombrie-la-alba-iulia-lansari-de-carte-concert-la-vioara-sustinut-de-maestrul-liviu-prunaru-figuri-de-ceara-a-regelui-ferdinand-i-si\\\/#primaryimage\"},\"thumbnailUrl\":\"https:\\\/\\\/urbeamea.ro\\\/albaiulia\\\/wp-content\\\/uploads\\\/2025\\\/10\\\/1000050671.jpg\",\"datePublished\":\"2025-10-04T09:44:51+00:00\",\"dateModified\":\"2025-10-04T09:44:53+00:00\",\"author\":{\"@id\":\"https:\\\/\\\/urbeamea.ro\\\/albaiulia\\\/#\\\/schema\\\/person\\\/5db3854ac38c1cc9f0ab4092d6a20f02\"},\"description\":\"Leg\u0103tura dintre Alba Iulia \u0219i unul dintre cele mai importante momente din istoria modern\u0103 a Rom\u00e2niei, \u00cencoronarea Regelui Ferdinand I \u0219i a Reginei Maria,\",\"breadcrumb\":{\"@id\":\"https:\\\/\\\/urbeamea.ro\\\/albaiulia\\\/sarbatoarea-incoronarii-evenimentul-cultural-central-al-lunii-octombrie-la-alba-iulia-lansari-de-carte-concert-la-vioara-sustinut-de-maestrul-liviu-prunaru-figuri-de-ceara-a-regelui-ferdinand-i-si\\\/#breadcrumb\"},\"inLanguage\":\"ro-RO\",\"potentialAction\":[{\"@type\":\"ReadAction\",\"target\":[\"https:\\\/\\\/urbeamea.ro\\\/albaiulia\\\/sarbatoarea-incoronarii-evenimentul-cultural-central-al-lunii-octombrie-la-alba-iulia-lansari-de-carte-concert-la-vioara-sustinut-de-maestrul-liviu-prunaru-figuri-de-ceara-a-regelui-ferdinand-i-si\\\/\"]}]},{\"@type\":\"ImageObject\",\"inLanguage\":\"ro-RO\",\"@id\":\"https:\\\/\\\/urbeamea.ro\\\/albaiulia\\\/sarbatoarea-incoronarii-evenimentul-cultural-central-al-lunii-octombrie-la-alba-iulia-lansari-de-carte-concert-la-vioara-sustinut-de-maestrul-liviu-prunaru-figuri-de-ceara-a-regelui-ferdinand-i-si\\\/#primaryimage\",\"url\":\"https:\\\/\\\/urbeamea.ro\\\/albaiulia\\\/wp-content\\\/uploads\\\/2025\\\/10\\\/1000050671.jpg\",\"contentUrl\":\"https:\\\/\\\/urbeamea.ro\\\/albaiulia\\\/wp-content\\\/uploads\\\/2025\\\/10\\\/1000050671.jpg\",\"width\":1638,\"height\":2048},{\"@type\":\"BreadcrumbList\",\"@id\":\"https:\\\/\\\/urbeamea.ro\\\/albaiulia\\\/sarbatoarea-incoronarii-evenimentul-cultural-central-al-lunii-octombrie-la-alba-iulia-lansari-de-carte-concert-la-vioara-sustinut-de-maestrul-liviu-prunaru-figuri-de-ceara-a-regelui-ferdinand-i-si\\\/#breadcrumb\",\"itemListElement\":[{\"@type\":\"ListItem\",\"position\":1,\"name\":\"Prima pagin\u0103\",\"item\":\"https:\\\/\\\/urbeamea.ro\\\/albaiulia\\\/\"},{\"@type\":\"ListItem\",\"position\":2,\"name\":\"S\u0103rb\u0103toarea \u00cencoron\u0103rii, evenimentul cultural central al lunii octombrie la Alba Iulia: lans\u0103ri de carte, concert la vioar\u0103 sus\u021binut de maestrul Liviu Prunaru, figuri de cear\u0103 a Regelui Ferdinand I \u0219i a Reginei Maria\"}]},{\"@type\":\"WebSite\",\"@id\":\"https:\\\/\\\/urbeamea.ro\\\/albaiulia\\\/#website\",\"url\":\"https:\\\/\\\/urbeamea.ro\\\/albaiulia\\\/\",\"name\":\"Revista Urbea Mea, Stiri urbane\",\"description\":\"Evenimente \u0219i \u0219tiri din Alba Iulia, Sebe\u0219, Aiud, Blaj\",\"potentialAction\":[{\"@type\":\"SearchAction\",\"target\":{\"@type\":\"EntryPoint\",\"urlTemplate\":\"https:\\\/\\\/urbeamea.ro\\\/albaiulia\\\/?s={search_term_string}\"},\"query-input\":{\"@type\":\"PropertyValueSpecification\",\"valueRequired\":true,\"valueName\":\"search_term_string\"}}],\"inLanguage\":\"ro-RO\"},{\"@type\":\"Person\",\"@id\":\"https:\\\/\\\/urbeamea.ro\\\/albaiulia\\\/#\\\/schema\\\/person\\\/5db3854ac38c1cc9f0ab4092d6a20f02\",\"name\":\"Giurca Sorin\",\"image\":{\"@type\":\"ImageObject\",\"inLanguage\":\"ro-RO\",\"@id\":\"https:\\\/\\\/secure.gravatar.com\\\/avatar\\\/120f6fcae7b3b47a7730cb9943f612f4909f68ac5284b5f40ac1c4615fd70576?s=96&d=mm&r=g\",\"url\":\"https:\\\/\\\/secure.gravatar.com\\\/avatar\\\/120f6fcae7b3b47a7730cb9943f612f4909f68ac5284b5f40ac1c4615fd70576?s=96&d=mm&r=g\",\"contentUrl\":\"https:\\\/\\\/secure.gravatar.com\\\/avatar\\\/120f6fcae7b3b47a7730cb9943f612f4909f68ac5284b5f40ac1c4615fd70576?s=96&d=mm&r=g\",\"caption\":\"Giurca Sorin\"},\"url\":\"https:\\\/\\\/urbeamea.ro\\\/albaiulia\\\/author\\\/sorin\\\/\"}]}<\/script>\n<!-- \/ Yoast SEO plugin. -->","yoast_head_json":{"title":"S\u0103rb\u0103toarea \u00cencoron\u0103rii, evenimentul cultural central al lunii octombrie la Alba Iulia: lans\u0103ri de carte, concert la vioar\u0103 sus\u021binut de maestrul Liviu Prunaru, figuri de cear\u0103 a Regelui Ferdinand I \u0219i a Reginei Maria - Revista Urbea Mea - Revista de Alba","description":"Leg\u0103tura dintre Alba Iulia \u0219i unul dintre cele mai importante momente din istoria modern\u0103 a Rom\u00e2niei, \u00cencoronarea Regelui Ferdinand I \u0219i a Reginei Maria,","robots":{"index":"index","follow":"follow","max-snippet":"max-snippet:-1","max-image-preview":"max-image-preview:large","max-video-preview":"max-video-preview:-1"},"canonical":"https:\/\/urbeamea.ro\/albaiulia\/sarbatoarea-incoronarii-evenimentul-cultural-central-al-lunii-octombrie-la-alba-iulia-lansari-de-carte-concert-la-vioara-sustinut-de-maestrul-liviu-prunaru-figuri-de-ceara-a-regelui-ferdinand-i-si\/","twitter_card":"summary_large_image","twitter_title":"S\u0103rb\u0103toarea \u00cencoron\u0103rii, evenimentul cultural central al lunii octombrie la Alba Iulia: lans\u0103ri de carte, concert la vioar\u0103 sus\u021binut de maestrul Liviu Prunaru, figuri de cear\u0103 a Regelui Ferdinand I \u0219i a Reginei Maria - Revista Urbea Mea - Revista de Alba","twitter_description":"Leg\u0103tura dintre Alba Iulia \u0219i unul dintre cele mai importante momente din istoria modern\u0103 a Rom\u00e2niei, \u00cencoronarea Regelui Ferdinand I \u0219i a Reginei Maria,","twitter_image":"https:\/\/urbeamea.ro\/albaiulia\/wp-content\/uploads\/2025\/10\/1000050671.jpg","twitter_creator":"@urbeameaweb","twitter_site":"@urbeameaweb","schema":{"@context":"https:\/\/schema.org","@graph":[{"@type":"Article","@id":"https:\/\/urbeamea.ro\/albaiulia\/sarbatoarea-incoronarii-evenimentul-cultural-central-al-lunii-octombrie-la-alba-iulia-lansari-de-carte-concert-la-vioara-sustinut-de-maestrul-liviu-prunaru-figuri-de-ceara-a-regelui-ferdinand-i-si\/#article","isPartOf":{"@id":"https:\/\/urbeamea.ro\/albaiulia\/sarbatoarea-incoronarii-evenimentul-cultural-central-al-lunii-octombrie-la-alba-iulia-lansari-de-carte-concert-la-vioara-sustinut-de-maestrul-liviu-prunaru-figuri-de-ceara-a-regelui-ferdinand-i-si\/"},"author":{"name":"Giurca Sorin","@id":"https:\/\/urbeamea.ro\/albaiulia\/#\/schema\/person\/5db3854ac38c1cc9f0ab4092d6a20f02"},"headline":"S\u0103rb\u0103toarea \u00cencoron\u0103rii, evenimentul cultural central al lunii octombrie la Alba Iulia: lans\u0103ri de carte, concert la vioar\u0103 sus\u021binut de maestrul Liviu Prunaru, figuri de cear\u0103 a Regelui Ferdinand I \u0219i a Reginei Maria","datePublished":"2025-10-04T09:44:51+00:00","dateModified":"2025-10-04T09:44:53+00:00","mainEntityOfPage":{"@id":"https:\/\/urbeamea.ro\/albaiulia\/sarbatoarea-incoronarii-evenimentul-cultural-central-al-lunii-octombrie-la-alba-iulia-lansari-de-carte-concert-la-vioara-sustinut-de-maestrul-liviu-prunaru-figuri-de-ceara-a-regelui-ferdinand-i-si\/"},"wordCount":902,"commentCount":0,"image":{"@id":"https:\/\/urbeamea.ro\/albaiulia\/sarbatoarea-incoronarii-evenimentul-cultural-central-al-lunii-octombrie-la-alba-iulia-lansari-de-carte-concert-la-vioara-sustinut-de-maestrul-liviu-prunaru-figuri-de-ceara-a-regelui-ferdinand-i-si\/#primaryimage"},"thumbnailUrl":"https:\/\/urbeamea.ro\/albaiulia\/wp-content\/uploads\/2025\/10\/1000050671.jpg","keywords":["S\u0103rb\u0103toarea \u00cencoron\u0103rii"],"articleSection":["Actualitate","Cultur\u0103","Evenimente","Istorie","Monden","Social","\u015etiri Urbane","Turism \u0219i Ghidaj turistic","Urbea Mea"],"inLanguage":"ro-RO","potentialAction":[{"@type":"CommentAction","name":"Comment","target":["https:\/\/urbeamea.ro\/albaiulia\/sarbatoarea-incoronarii-evenimentul-cultural-central-al-lunii-octombrie-la-alba-iulia-lansari-de-carte-concert-la-vioara-sustinut-de-maestrul-liviu-prunaru-figuri-de-ceara-a-regelui-ferdinand-i-si\/#respond"]}]},{"@type":"WebPage","@id":"https:\/\/urbeamea.ro\/albaiulia\/sarbatoarea-incoronarii-evenimentul-cultural-central-al-lunii-octombrie-la-alba-iulia-lansari-de-carte-concert-la-vioara-sustinut-de-maestrul-liviu-prunaru-figuri-de-ceara-a-regelui-ferdinand-i-si\/","url":"https:\/\/urbeamea.ro\/albaiulia\/sarbatoarea-incoronarii-evenimentul-cultural-central-al-lunii-octombrie-la-alba-iulia-lansari-de-carte-concert-la-vioara-sustinut-de-maestrul-liviu-prunaru-figuri-de-ceara-a-regelui-ferdinand-i-si\/","name":"S\u0103rb\u0103toarea \u00cencoron\u0103rii, evenimentul cultural central al lunii octombrie la Alba Iulia: lans\u0103ri de carte, concert la vioar\u0103 sus\u021binut de maestrul Liviu Prunaru, figuri de cear\u0103 a Regelui Ferdinand I \u0219i a Reginei Maria - Revista Urbea Mea - Revista de Alba","isPartOf":{"@id":"https:\/\/urbeamea.ro\/albaiulia\/#website"},"primaryImageOfPage":{"@id":"https:\/\/urbeamea.ro\/albaiulia\/sarbatoarea-incoronarii-evenimentul-cultural-central-al-lunii-octombrie-la-alba-iulia-lansari-de-carte-concert-la-vioara-sustinut-de-maestrul-liviu-prunaru-figuri-de-ceara-a-regelui-ferdinand-i-si\/#primaryimage"},"image":{"@id":"https:\/\/urbeamea.ro\/albaiulia\/sarbatoarea-incoronarii-evenimentul-cultural-central-al-lunii-octombrie-la-alba-iulia-lansari-de-carte-concert-la-vioara-sustinut-de-maestrul-liviu-prunaru-figuri-de-ceara-a-regelui-ferdinand-i-si\/#primaryimage"},"thumbnailUrl":"https:\/\/urbeamea.ro\/albaiulia\/wp-content\/uploads\/2025\/10\/1000050671.jpg","datePublished":"2025-10-04T09:44:51+00:00","dateModified":"2025-10-04T09:44:53+00:00","author":{"@id":"https:\/\/urbeamea.ro\/albaiulia\/#\/schema\/person\/5db3854ac38c1cc9f0ab4092d6a20f02"},"description":"Leg\u0103tura dintre Alba Iulia \u0219i unul dintre cele mai importante momente din istoria modern\u0103 a Rom\u00e2niei, \u00cencoronarea Regelui Ferdinand I \u0219i a Reginei Maria,","breadcrumb":{"@id":"https:\/\/urbeamea.ro\/albaiulia\/sarbatoarea-incoronarii-evenimentul-cultural-central-al-lunii-octombrie-la-alba-iulia-lansari-de-carte-concert-la-vioara-sustinut-de-maestrul-liviu-prunaru-figuri-de-ceara-a-regelui-ferdinand-i-si\/#breadcrumb"},"inLanguage":"ro-RO","potentialAction":[{"@type":"ReadAction","target":["https:\/\/urbeamea.ro\/albaiulia\/sarbatoarea-incoronarii-evenimentul-cultural-central-al-lunii-octombrie-la-alba-iulia-lansari-de-carte-concert-la-vioara-sustinut-de-maestrul-liviu-prunaru-figuri-de-ceara-a-regelui-ferdinand-i-si\/"]}]},{"@type":"ImageObject","inLanguage":"ro-RO","@id":"https:\/\/urbeamea.ro\/albaiulia\/sarbatoarea-incoronarii-evenimentul-cultural-central-al-lunii-octombrie-la-alba-iulia-lansari-de-carte-concert-la-vioara-sustinut-de-maestrul-liviu-prunaru-figuri-de-ceara-a-regelui-ferdinand-i-si\/#primaryimage","url":"https:\/\/urbeamea.ro\/albaiulia\/wp-content\/uploads\/2025\/10\/1000050671.jpg","contentUrl":"https:\/\/urbeamea.ro\/albaiulia\/wp-content\/uploads\/2025\/10\/1000050671.jpg","width":1638,"height":2048},{"@type":"BreadcrumbList","@id":"https:\/\/urbeamea.ro\/albaiulia\/sarbatoarea-incoronarii-evenimentul-cultural-central-al-lunii-octombrie-la-alba-iulia-lansari-de-carte-concert-la-vioara-sustinut-de-maestrul-liviu-prunaru-figuri-de-ceara-a-regelui-ferdinand-i-si\/#breadcrumb","itemListElement":[{"@type":"ListItem","position":1,"name":"Prima pagin\u0103","item":"https:\/\/urbeamea.ro\/albaiulia\/"},{"@type":"ListItem","position":2,"name":"S\u0103rb\u0103toarea \u00cencoron\u0103rii, evenimentul cultural central al lunii octombrie la Alba Iulia: lans\u0103ri de carte, concert la vioar\u0103 sus\u021binut de maestrul Liviu Prunaru, figuri de cear\u0103 a Regelui Ferdinand I \u0219i a Reginei Maria"}]},{"@type":"WebSite","@id":"https:\/\/urbeamea.ro\/albaiulia\/#website","url":"https:\/\/urbeamea.ro\/albaiulia\/","name":"Revista Urbea Mea, Stiri urbane","description":"Evenimente \u0219i \u0219tiri din Alba Iulia, Sebe\u0219, Aiud, Blaj","potentialAction":[{"@type":"SearchAction","target":{"@type":"EntryPoint","urlTemplate":"https:\/\/urbeamea.ro\/albaiulia\/?s={search_term_string}"},"query-input":{"@type":"PropertyValueSpecification","valueRequired":true,"valueName":"search_term_string"}}],"inLanguage":"ro-RO"},{"@type":"Person","@id":"https:\/\/urbeamea.ro\/albaiulia\/#\/schema\/person\/5db3854ac38c1cc9f0ab4092d6a20f02","name":"Giurca Sorin","image":{"@type":"ImageObject","inLanguage":"ro-RO","@id":"https:\/\/secure.gravatar.com\/avatar\/120f6fcae7b3b47a7730cb9943f612f4909f68ac5284b5f40ac1c4615fd70576?s=96&d=mm&r=g","url":"https:\/\/secure.gravatar.com\/avatar\/120f6fcae7b3b47a7730cb9943f612f4909f68ac5284b5f40ac1c4615fd70576?s=96&d=mm&r=g","contentUrl":"https:\/\/secure.gravatar.com\/avatar\/120f6fcae7b3b47a7730cb9943f612f4909f68ac5284b5f40ac1c4615fd70576?s=96&d=mm&r=g","caption":"Giurca Sorin"},"url":"https:\/\/urbeamea.ro\/albaiulia\/author\/sorin\/"}]}},"_links":{"self":[{"href":"https:\/\/urbeamea.ro\/albaiulia\/wp-json\/wp\/v2\/posts\/119836","targetHints":{"allow":["GET"]}}],"collection":[{"href":"https:\/\/urbeamea.ro\/albaiulia\/wp-json\/wp\/v2\/posts"}],"about":[{"href":"https:\/\/urbeamea.ro\/albaiulia\/wp-json\/wp\/v2\/types\/post"}],"author":[{"embeddable":true,"href":"https:\/\/urbeamea.ro\/albaiulia\/wp-json\/wp\/v2\/users\/28"}],"replies":[{"embeddable":true,"href":"https:\/\/urbeamea.ro\/albaiulia\/wp-json\/wp\/v2\/comments?post=119836"}],"version-history":[{"count":1,"href":"https:\/\/urbeamea.ro\/albaiulia\/wp-json\/wp\/v2\/posts\/119836\/revisions"}],"predecessor-version":[{"id":119839,"href":"https:\/\/urbeamea.ro\/albaiulia\/wp-json\/wp\/v2\/posts\/119836\/revisions\/119839"}],"wp:featuredmedia":[{"embeddable":true,"href":"https:\/\/urbeamea.ro\/albaiulia\/wp-json\/wp\/v2\/media\/119838"}],"wp:attachment":[{"href":"https:\/\/urbeamea.ro\/albaiulia\/wp-json\/wp\/v2\/media?parent=119836"}],"wp:term":[{"taxonomy":"category","embeddable":true,"href":"https:\/\/urbeamea.ro\/albaiulia\/wp-json\/wp\/v2\/categories?post=119836"},{"taxonomy":"post_tag","embeddable":true,"href":"https:\/\/urbeamea.ro\/albaiulia\/wp-json\/wp\/v2\/tags?post=119836"}],"curies":[{"name":"wp","href":"https:\/\/api.w.org\/{rel}","templated":true}]}}