{"id":120149,"date":"2025-10-22T11:24:14","date_gmt":"2025-10-22T08:24:14","guid":{"rendered":"https:\/\/urbeamea.ro\/albaiulia\/?p=120149"},"modified":"2025-10-22T11:24:15","modified_gmt":"2025-10-22T08:24:15","slug":"serata-muzicala-de-exceptie-la-sebes-lumina-uitata-a-romantismului-lumea-lui-josef-filtsch-1813-1894","status":"publish","type":"post","link":"https:\/\/urbeamea.ro\/albaiulia\/serata-muzicala-de-exceptie-la-sebes-lumina-uitata-a-romantismului-lumea-lui-josef-filtsch-1813-1894\/","title":{"rendered":"Serat\u0103 muzical\u0103 de excep\u021bie, la Sebe\u0219: lumina uitat\u0103 a romantismului \u2013 lumea lui Josef Filtsch (1813-1894)"},"content":{"rendered":"\n<p>Luni, 3 noiembrie 2025, la ora 18.00, \u00een sala \u201eRadu Stanca\u201d a Centrului Cultural \u201eLucian Blaga\u201d din Sebe\u015f, v\u0103 invit\u0103m la un spectacol de excep\u021bie, oferit de pianista japonez\u0103 Chiyo Hagiwara, pentru a-l omagia pe compozitorul Josef Filtsch. Muzic\u0103 fratelui mai mare al deja celebrului Carl a fost readus\u0103 la via\u021b\u0103, printr-un efort documentar \u015fi artistic excep\u021bional sus\u021binut de artista nipon\u0103, devenit\u0103 ambasadoare neobosit\u0103 a Sebe\u0219ului \u2013 un teritoriu a c\u0103rui bog\u0103\u021bie cultural\u0103 o pre\u021buie\u0219te \u0219i o promoveaz\u0103 cu succes.<\/p>\n\n\n\n<p>Absolvent\u0103 a Colegiului de Muzic\u0103 din Tokyo, talentata pianist\u0103 Chiyo Hagiwara a studiat \u00eempreuna cu prestigio\u0219i profesori, fiind c\u00e2\u0219tig\u0103toare a numeroase premii la festivaluri interna\u021bionale de muzic\u0103. Pentru activitatea sa cultural\u0103 a fost distins\u0103 cu o serie de distinc\u021bii, numele ei fiind legat de introducerea \u00een muzica clasic\u0103 japonez\u0103 a operei micului geniu transilv\u0103nean Carl Filtsch. Datorit\u0103 ei, operele copilului minune al Sebe\u015fului au p\u0103truns \u00een cultura japonez\u0103, unde Carl Filtsch se bucur\u0103 ast\u0103zi de o apreciere unanim\u0103, reflectat\u0103 \u00een mass-media nipon\u0103. Albumul cu compozi\u021biile lui Carl Filtsch \u00een interpretarea pianistei Chiyo Hagiwara a fost, vreme de mai multe luni, pe primul loc \u00een Top Bilboard Japan.<\/p>\n\n\n\n<p>\u00cen cursul cercet\u0103rilor despre Carl Filtsch, Chiyo a avut norocul s\u0103 descopere compozi\u021biile fratelui s\u0103u, cu 17 ani mai \u00een v\u00e2rst\u0103: Josef Filtsch. N\u0103scut la Or\u0103\u015ftie, \u00een 1813, \u00een familia preotului evanghelic Joseph Filtsch (1762-1860), acesta studiaz\u0103 pianul sub \u00eendrumarea tat\u0103lui s\u0103u, de la v\u00e2rsta de cinci ani. Dup\u0103 ce a \u00eemplinit 7 ani, familia \u00eel trimite la Sibiu, la baronul Wilhelm von Konradsheim (1805-1885), continu\u00e2nd \u00een tot acest timp studiul pianului. \u00cen anul 1828 \u00eel urmeaz\u0103 pe von Konradsheim la Viena, unde acesta se stabile\u0219te \u00een interes de serviciu. \u00cen capitala imperiului, educa\u0163ia muzical\u0103 a t\u00e2n\u0103rului Joseph Filtsch \u00eei este \u00eencredin\u021bat\u0103 lui Carl Cserny, maestrul lui Liszt. Ulterior, studiaz\u0103 cu faimosul profesor Anton Halm, iar apoi cu Karl August Krebs, cu care progreseaz\u0103 enorm. Se \u00eentoarce \u00een Transilvania \u015fi urmeaz\u0103 cursuri de drept la Cluj \u015fi la Sibiu, la Universitatea S\u0103seasc\u0103 de Drept, sus\u0163in\u00e2ndu-\u015fi ultimul examen \u00een anul 1834. Dup\u0103 absolvire, prime\u0219te un post de func\u021bionar la T\u00e2rgu Mure\u015f, unde st\u00e2rne\u0219te admira\u021bie cu compozi\u021biile \u015fi interpret\u0103rile sale, fiind adesea consultat \u00een probleme muzicale (inclusiv de taraful de \u0163igani din localitate, care-i cereau sfatul \u015fi \u00eei prezentau ultimele lor crea\u021bii). A organizat acolo un concert caritabil, \u00een care a interpretat, pe l\u00e2ng\u0103 compozi\u021bii de Thalberg \u0219i Kalkbrenner, o improviza\u021bie proprie, primit\u0103 cu entuziasm de public.<\/p>\n\n\n\n<p>Din anul 1837, Josef renun\u021b\u0103 la cariera sa administrativ\u0103 \u015fi muzical\u0103 \u00eenso\u021bindu-l \u00een periplul s\u0103u european pe Carl, dup\u0103 a c\u0103rui moarte (survenit\u0103 \u00een 1845), se \u00eentoarce \u00een Transilvania. \u00ce\u0219i \u00eentemeiaz\u0103 o familie, c\u0103s\u0103torindu-se \u00een 1853 cu t\u00e2n\u0103ra Jeni din Sebe\u015f, iar \u00een 1855 se na\u0219te la Sibiu fiica sa, Irene Filtsch (1855-1943). Pe tot cuprinsul vie\u021bii, a p\u0103strat o vie amintire fratelui mai mic pe care l-a iubit, lucru dovedit \u015fi de faptul c\u0103 a continuat activitatea caritabil\u0103 \u00eenceput\u0103 de Carl. \u00cen ultima zi a anului 1850, a sus\u021binut la Sibiu un concert pentru a str\u00e2nge fondurile necesare spitalului din localitate, despre care presa vremii scria: \u201eUn&nbsp; concert caritabil sus\u021binut de domnul Joseph Filtsch \u00een teatru \u00een ultima zi a lunii pentru a cre\u0219te fondul spitalului fondat de fratele s\u0103u [&#8230;] &nbsp;a fost \u00eencununat de cel mai mare succes \u00een toate privin\u021bele\u201d. La acest concert, Joseph a c\u00e2ntat la pian \u015fi la melofon, inclusiv compozi\u0163iile lui Carl, al\u0103turi de crea\u021biile sale. A intrat \u00een politic\u0103, fiind membru al Dietei Transilvaniei \u00een mai multe legislaturi, fapt atestat de Ziarele <em>Hermannst\u00e4dter Zeitungen<\/em> \u015fi <em>Korunk<\/em>, care prezint\u0103 lista deputa\u0163ilor din anul 1865. Printre regali\u0219tii numi\u021bi \u00een Dieta de la Cluj, \u00eel g\u0103sim pe Joseph Filtsch. Activitatea politic\u0103 din Transilvania i-a deschis calea c\u0103tre politica mare, devenind ulterior deputat \u00een Camera Reprezentan\u021bilor a Parlamentului de la Viena, unde se stabile\u0219te cu familia. A murit la Viena, la v\u00e2rsta de 81 de ani, dup\u0103 o via\u021b\u0103 tumultoas\u0103, \u00eenchinat\u0103 fratelui s\u0103u \u015fi muzicii (\u00een data de 13 octombrie1894). \u00cen calitate de compozitor, Josef dovede\u015fte un talent cu nimic mai prejos dec\u00e2t cel al fratelui s\u0103u Carl Filtsch, l\u0103s\u00e2nd \u00een urm\u0103 o muzic\u0103 a epocii romantice, liric\u0103, gra\u021bioas\u0103 \u0219i uneori impregnat\u0103 de un sentiment de efemeritate.<\/p>\n\n\n\n<p>Prin efortul pianistei Chiyo Hagiwara \u015fi cu sprijinul Centrului Cultural \u201eLucian Blaga\u201d Sebe\u015f, \u0219aisprezece compozi\u021bii semnate de Josef Filtsch au fost readuse la via\u021b\u0103, la 131 de ani de la moartea sa, fiind reunite pe un CD audio sub titlul generic: <em>Lumina uitat\u0103 a romantismului \u2013 lumea lui Josef Filtsch (1813-1894).<\/em> Centrul Cultural \u201eLucian Blaga\u201d Sebe\u0219 \u015fi Chiyo Hagiwara \u00eel prezint\u0103 publicului, \u00een premier\u0103 mondial\u0103, restituind culturii rom\u00e2ne\u0219ti \u015fi europene o personalitate a Sebe\u015fului pe nedrept uitat\u0103.<\/p>\n\n\n\n<p>V\u0103 invit\u0103m, cu drag, la acest eveniment care se anun\u021b\u0103 a fi plin de emo\u021bie. Intrarea este liber\u0103 \u0219i se dore\u0219te a fi un dar cultural oferit \u00eentregii comunit\u0103\u021bi locale.<\/p>\n\n\n\n<figure class=\"wp-block-image size-large\"><img loading=\"lazy\" decoding=\"async\" width=\"905\" height=\"1280\" src=\"https:\/\/urbeamea.ro\/albaiulia\/wp-content\/uploads\/2025\/10\/afis-Chyio-3-noiembrie-Copie-2-905x1280.jpg\" alt=\"\" class=\"wp-image-120150\" srcset=\"https:\/\/urbeamea.ro\/albaiulia\/wp-content\/uploads\/2025\/10\/afis-Chyio-3-noiembrie-Copie-2-905x1280.jpg 905w, https:\/\/urbeamea.ro\/albaiulia\/wp-content\/uploads\/2025\/10\/afis-Chyio-3-noiembrie-Copie-2-452x640.jpg 452w, https:\/\/urbeamea.ro\/albaiulia\/wp-content\/uploads\/2025\/10\/afis-Chyio-3-noiembrie-Copie-2-106x150.jpg 106w, https:\/\/urbeamea.ro\/albaiulia\/wp-content\/uploads\/2025\/10\/afis-Chyio-3-noiembrie-Copie-2-768x1086.jpg 768w, https:\/\/urbeamea.ro\/albaiulia\/wp-content\/uploads\/2025\/10\/afis-Chyio-3-noiembrie-Copie-2-1086x1536.jpg 1086w, https:\/\/urbeamea.ro\/albaiulia\/wp-content\/uploads\/2025\/10\/afis-Chyio-3-noiembrie-Copie-2.jpg 1131w\" sizes=\"auto, (max-width: 905px) 100vw, 905px\" \/><\/figure>\n","protected":false},"excerpt":{"rendered":"<p>Luni, 3 noiembrie 2025, la ora 18.00, \u00een sala \u201eRadu Stanca\u201d a Centrului Cultural \u201eLucian Blaga\u201d din Sebe\u015f, v\u0103 invit\u0103m la un spectacol de excep\u021bie, oferit de pianista japonez\u0103 Chiyo Hagiwara, pentru a-l omagia pe compozitorul Josef Filtsch. Muzic\u0103 fratelui mai mare al deja celebrului Carl a fost readus\u0103 la via\u021b\u0103, printr-un efort documentar \u015fi &hellip;<\/p>\n","protected":false},"author":16,"featured_media":120151,"comment_status":"open","ping_status":"open","sticky":false,"template":"","format":"standard","meta":{"inline_featured_image":false,"footnotes":""},"categories":[4],"tags":[],"class_list":["post-120149","post","type-post","status-publish","format-standard","has-post-thumbnail","hentry","category-eveniment"],"yoast_head":"<!-- This site is optimized with the Yoast SEO plugin v27.4 - https:\/\/yoast.com\/product\/yoast-seo-wordpress\/ -->\n<title>Serat\u0103 muzical\u0103 de excep\u021bie, la Sebe\u0219: lumina uitat\u0103 a romantismului \u2013 lumea lui Josef Filtsch (1813-1894) - Revista Urbea Mea - Revista de Alba<\/title>\n<meta name=\"description\" content=\"Luni, 3 noiembrie 2025, la ora 18.00, \u00een sala \u201eRadu Stanca\u201d a Centrului Cultural \u201eLucian Blaga\u201d din Sebe\u015f, v\u0103 invit\u0103m la un spectacol de excep\u021bie, oferit\" \/>\n<meta name=\"robots\" content=\"index, follow, max-snippet:-1, max-image-preview:large, max-video-preview:-1\" \/>\n<link rel=\"canonical\" href=\"https:\/\/urbeamea.ro\/albaiulia\/serata-muzicala-de-exceptie-la-sebes-lumina-uitata-a-romantismului-lumea-lui-josef-filtsch-1813-1894\/\" \/>\n<meta name=\"twitter:card\" content=\"summary_large_image\" \/>\n<meta name=\"twitter:title\" content=\"Serat\u0103 muzical\u0103 de excep\u021bie, la Sebe\u0219: lumina uitat\u0103 a romantismului \u2013 lumea lui Josef Filtsch (1813-1894) - Revista Urbea Mea - Revista de Alba\" \/>\n<meta name=\"twitter:description\" content=\"Luni, 3 noiembrie 2025, la ora 18.00, \u00een sala \u201eRadu Stanca\u201d a Centrului Cultural \u201eLucian Blaga\u201d din Sebe\u015f, v\u0103 invit\u0103m la un spectacol de excep\u021bie, oferit\" \/>\n<meta name=\"twitter:image\" content=\"https:\/\/urbeamea.ro\/albaiulia\/wp-content\/uploads\/2025\/10\/CCLB-1.jpg\" \/>\n<meta name=\"twitter:creator\" content=\"@urbeameaweb\" \/>\n<meta name=\"twitter:site\" content=\"@urbeameaweb\" \/>\n<script type=\"application\/ld+json\" class=\"yoast-schema-graph\">{\"@context\":\"https:\\\/\\\/schema.org\",\"@graph\":[{\"@type\":\"Article\",\"@id\":\"https:\\\/\\\/urbeamea.ro\\\/albaiulia\\\/serata-muzicala-de-exceptie-la-sebes-lumina-uitata-a-romantismului-lumea-lui-josef-filtsch-1813-1894\\\/#article\",\"isPartOf\":{\"@id\":\"https:\\\/\\\/urbeamea.ro\\\/albaiulia\\\/serata-muzicala-de-exceptie-la-sebes-lumina-uitata-a-romantismului-lumea-lui-josef-filtsch-1813-1894\\\/\"},\"author\":{\"name\":\"Redac\u021bia UrbeaMea\",\"@id\":\"https:\\\/\\\/urbeamea.ro\\\/albaiulia\\\/#\\\/schema\\\/person\\\/272ae98052f8ee8980f59848df070247\"},\"headline\":\"Serat\u0103 muzical\u0103 de excep\u021bie, la Sebe\u0219: lumina uitat\u0103 a romantismului \u2013 lumea lui Josef Filtsch (1813-1894)\",\"datePublished\":\"2025-10-22T08:24:14+00:00\",\"dateModified\":\"2025-10-22T08:24:15+00:00\",\"mainEntityOfPage\":{\"@id\":\"https:\\\/\\\/urbeamea.ro\\\/albaiulia\\\/serata-muzicala-de-exceptie-la-sebes-lumina-uitata-a-romantismului-lumea-lui-josef-filtsch-1813-1894\\\/\"},\"wordCount\":891,\"commentCount\":0,\"image\":{\"@id\":\"https:\\\/\\\/urbeamea.ro\\\/albaiulia\\\/serata-muzicala-de-exceptie-la-sebes-lumina-uitata-a-romantismului-lumea-lui-josef-filtsch-1813-1894\\\/#primaryimage\"},\"thumbnailUrl\":\"https:\\\/\\\/urbeamea.ro\\\/albaiulia\\\/wp-content\\\/uploads\\\/2025\\\/10\\\/CCLB-1.jpg\",\"articleSection\":[\"Evenimente\"],\"inLanguage\":\"ro-RO\",\"potentialAction\":[{\"@type\":\"CommentAction\",\"name\":\"Comment\",\"target\":[\"https:\\\/\\\/urbeamea.ro\\\/albaiulia\\\/serata-muzicala-de-exceptie-la-sebes-lumina-uitata-a-romantismului-lumea-lui-josef-filtsch-1813-1894\\\/#respond\"]}]},{\"@type\":\"WebPage\",\"@id\":\"https:\\\/\\\/urbeamea.ro\\\/albaiulia\\\/serata-muzicala-de-exceptie-la-sebes-lumina-uitata-a-romantismului-lumea-lui-josef-filtsch-1813-1894\\\/\",\"url\":\"https:\\\/\\\/urbeamea.ro\\\/albaiulia\\\/serata-muzicala-de-exceptie-la-sebes-lumina-uitata-a-romantismului-lumea-lui-josef-filtsch-1813-1894\\\/\",\"name\":\"Serat\u0103 muzical\u0103 de excep\u021bie, la Sebe\u0219: lumina uitat\u0103 a romantismului \u2013 lumea lui Josef Filtsch (1813-1894) - Revista Urbea Mea - Revista de Alba\",\"isPartOf\":{\"@id\":\"https:\\\/\\\/urbeamea.ro\\\/albaiulia\\\/#website\"},\"primaryImageOfPage\":{\"@id\":\"https:\\\/\\\/urbeamea.ro\\\/albaiulia\\\/serata-muzicala-de-exceptie-la-sebes-lumina-uitata-a-romantismului-lumea-lui-josef-filtsch-1813-1894\\\/#primaryimage\"},\"image\":{\"@id\":\"https:\\\/\\\/urbeamea.ro\\\/albaiulia\\\/serata-muzicala-de-exceptie-la-sebes-lumina-uitata-a-romantismului-lumea-lui-josef-filtsch-1813-1894\\\/#primaryimage\"},\"thumbnailUrl\":\"https:\\\/\\\/urbeamea.ro\\\/albaiulia\\\/wp-content\\\/uploads\\\/2025\\\/10\\\/CCLB-1.jpg\",\"datePublished\":\"2025-10-22T08:24:14+00:00\",\"dateModified\":\"2025-10-22T08:24:15+00:00\",\"author\":{\"@id\":\"https:\\\/\\\/urbeamea.ro\\\/albaiulia\\\/#\\\/schema\\\/person\\\/272ae98052f8ee8980f59848df070247\"},\"description\":\"Luni, 3 noiembrie 2025, la ora 18.00, \u00een sala \u201eRadu Stanca\u201d a Centrului Cultural \u201eLucian Blaga\u201d din Sebe\u015f, v\u0103 invit\u0103m la un spectacol de excep\u021bie, oferit\",\"breadcrumb\":{\"@id\":\"https:\\\/\\\/urbeamea.ro\\\/albaiulia\\\/serata-muzicala-de-exceptie-la-sebes-lumina-uitata-a-romantismului-lumea-lui-josef-filtsch-1813-1894\\\/#breadcrumb\"},\"inLanguage\":\"ro-RO\",\"potentialAction\":[{\"@type\":\"ReadAction\",\"target\":[\"https:\\\/\\\/urbeamea.ro\\\/albaiulia\\\/serata-muzicala-de-exceptie-la-sebes-lumina-uitata-a-romantismului-lumea-lui-josef-filtsch-1813-1894\\\/\"]}]},{\"@type\":\"ImageObject\",\"inLanguage\":\"ro-RO\",\"@id\":\"https:\\\/\\\/urbeamea.ro\\\/albaiulia\\\/serata-muzicala-de-exceptie-la-sebes-lumina-uitata-a-romantismului-lumea-lui-josef-filtsch-1813-1894\\\/#primaryimage\",\"url\":\"https:\\\/\\\/urbeamea.ro\\\/albaiulia\\\/wp-content\\\/uploads\\\/2025\\\/10\\\/CCLB-1.jpg\",\"contentUrl\":\"https:\\\/\\\/urbeamea.ro\\\/albaiulia\\\/wp-content\\\/uploads\\\/2025\\\/10\\\/CCLB-1.jpg\",\"width\":1600,\"height\":1200},{\"@type\":\"BreadcrumbList\",\"@id\":\"https:\\\/\\\/urbeamea.ro\\\/albaiulia\\\/serata-muzicala-de-exceptie-la-sebes-lumina-uitata-a-romantismului-lumea-lui-josef-filtsch-1813-1894\\\/#breadcrumb\",\"itemListElement\":[{\"@type\":\"ListItem\",\"position\":1,\"name\":\"Prima pagin\u0103\",\"item\":\"https:\\\/\\\/urbeamea.ro\\\/albaiulia\\\/\"},{\"@type\":\"ListItem\",\"position\":2,\"name\":\"Serat\u0103 muzical\u0103 de excep\u021bie, la Sebe\u0219: lumina uitat\u0103 a romantismului \u2013 lumea lui Josef Filtsch (1813-1894)\"}]},{\"@type\":\"WebSite\",\"@id\":\"https:\\\/\\\/urbeamea.ro\\\/albaiulia\\\/#website\",\"url\":\"https:\\\/\\\/urbeamea.ro\\\/albaiulia\\\/\",\"name\":\"Revista Urbea Mea, Stiri urbane\",\"description\":\"Evenimente \u0219i \u0219tiri din Alba Iulia, Sebe\u0219, Aiud, Blaj\",\"potentialAction\":[{\"@type\":\"SearchAction\",\"target\":{\"@type\":\"EntryPoint\",\"urlTemplate\":\"https:\\\/\\\/urbeamea.ro\\\/albaiulia\\\/?s={search_term_string}\"},\"query-input\":{\"@type\":\"PropertyValueSpecification\",\"valueRequired\":true,\"valueName\":\"search_term_string\"}}],\"inLanguage\":\"ro-RO\"},{\"@type\":\"Person\",\"@id\":\"https:\\\/\\\/urbeamea.ro\\\/albaiulia\\\/#\\\/schema\\\/person\\\/272ae98052f8ee8980f59848df070247\",\"name\":\"Redac\u021bia UrbeaMea\",\"image\":{\"@type\":\"ImageObject\",\"inLanguage\":\"ro-RO\",\"@id\":\"https:\\\/\\\/secure.gravatar.com\\\/avatar\\\/9ce5a9435071fa1037e8468053ead8e513dbbff59009d3069aadb85506d85a27?s=96&d=mm&r=g\",\"url\":\"https:\\\/\\\/secure.gravatar.com\\\/avatar\\\/9ce5a9435071fa1037e8468053ead8e513dbbff59009d3069aadb85506d85a27?s=96&d=mm&r=g\",\"contentUrl\":\"https:\\\/\\\/secure.gravatar.com\\\/avatar\\\/9ce5a9435071fa1037e8468053ead8e513dbbff59009d3069aadb85506d85a27?s=96&d=mm&r=g\",\"caption\":\"Redac\u021bia UrbeaMea\"},\"description\":\"contact@urbeamea.ro\",\"sameAs\":[\"https:\\\/\\\/www.urbeamea.ro\"],\"url\":\"https:\\\/\\\/urbeamea.ro\\\/albaiulia\\\/author\\\/redactia-urbeamea\\\/\"}]}<\/script>\n<!-- \/ Yoast SEO plugin. -->","yoast_head_json":{"title":"Serat\u0103 muzical\u0103 de excep\u021bie, la Sebe\u0219: lumina uitat\u0103 a romantismului \u2013 lumea lui Josef Filtsch (1813-1894) - Revista Urbea Mea - Revista de Alba","description":"Luni, 3 noiembrie 2025, la ora 18.00, \u00een sala \u201eRadu Stanca\u201d a Centrului Cultural \u201eLucian Blaga\u201d din Sebe\u015f, v\u0103 invit\u0103m la un spectacol de excep\u021bie, oferit","robots":{"index":"index","follow":"follow","max-snippet":"max-snippet:-1","max-image-preview":"max-image-preview:large","max-video-preview":"max-video-preview:-1"},"canonical":"https:\/\/urbeamea.ro\/albaiulia\/serata-muzicala-de-exceptie-la-sebes-lumina-uitata-a-romantismului-lumea-lui-josef-filtsch-1813-1894\/","twitter_card":"summary_large_image","twitter_title":"Serat\u0103 muzical\u0103 de excep\u021bie, la Sebe\u0219: lumina uitat\u0103 a romantismului \u2013 lumea lui Josef Filtsch (1813-1894) - Revista Urbea Mea - Revista de Alba","twitter_description":"Luni, 3 noiembrie 2025, la ora 18.00, \u00een sala \u201eRadu Stanca\u201d a Centrului Cultural \u201eLucian Blaga\u201d din Sebe\u015f, v\u0103 invit\u0103m la un spectacol de excep\u021bie, oferit","twitter_image":"https:\/\/urbeamea.ro\/albaiulia\/wp-content\/uploads\/2025\/10\/CCLB-1.jpg","twitter_creator":"@urbeameaweb","twitter_site":"@urbeameaweb","schema":{"@context":"https:\/\/schema.org","@graph":[{"@type":"Article","@id":"https:\/\/urbeamea.ro\/albaiulia\/serata-muzicala-de-exceptie-la-sebes-lumina-uitata-a-romantismului-lumea-lui-josef-filtsch-1813-1894\/#article","isPartOf":{"@id":"https:\/\/urbeamea.ro\/albaiulia\/serata-muzicala-de-exceptie-la-sebes-lumina-uitata-a-romantismului-lumea-lui-josef-filtsch-1813-1894\/"},"author":{"name":"Redac\u021bia UrbeaMea","@id":"https:\/\/urbeamea.ro\/albaiulia\/#\/schema\/person\/272ae98052f8ee8980f59848df070247"},"headline":"Serat\u0103 muzical\u0103 de excep\u021bie, la Sebe\u0219: lumina uitat\u0103 a romantismului \u2013 lumea lui Josef Filtsch (1813-1894)","datePublished":"2025-10-22T08:24:14+00:00","dateModified":"2025-10-22T08:24:15+00:00","mainEntityOfPage":{"@id":"https:\/\/urbeamea.ro\/albaiulia\/serata-muzicala-de-exceptie-la-sebes-lumina-uitata-a-romantismului-lumea-lui-josef-filtsch-1813-1894\/"},"wordCount":891,"commentCount":0,"image":{"@id":"https:\/\/urbeamea.ro\/albaiulia\/serata-muzicala-de-exceptie-la-sebes-lumina-uitata-a-romantismului-lumea-lui-josef-filtsch-1813-1894\/#primaryimage"},"thumbnailUrl":"https:\/\/urbeamea.ro\/albaiulia\/wp-content\/uploads\/2025\/10\/CCLB-1.jpg","articleSection":["Evenimente"],"inLanguage":"ro-RO","potentialAction":[{"@type":"CommentAction","name":"Comment","target":["https:\/\/urbeamea.ro\/albaiulia\/serata-muzicala-de-exceptie-la-sebes-lumina-uitata-a-romantismului-lumea-lui-josef-filtsch-1813-1894\/#respond"]}]},{"@type":"WebPage","@id":"https:\/\/urbeamea.ro\/albaiulia\/serata-muzicala-de-exceptie-la-sebes-lumina-uitata-a-romantismului-lumea-lui-josef-filtsch-1813-1894\/","url":"https:\/\/urbeamea.ro\/albaiulia\/serata-muzicala-de-exceptie-la-sebes-lumina-uitata-a-romantismului-lumea-lui-josef-filtsch-1813-1894\/","name":"Serat\u0103 muzical\u0103 de excep\u021bie, la Sebe\u0219: lumina uitat\u0103 a romantismului \u2013 lumea lui Josef Filtsch (1813-1894) - Revista Urbea Mea - Revista de Alba","isPartOf":{"@id":"https:\/\/urbeamea.ro\/albaiulia\/#website"},"primaryImageOfPage":{"@id":"https:\/\/urbeamea.ro\/albaiulia\/serata-muzicala-de-exceptie-la-sebes-lumina-uitata-a-romantismului-lumea-lui-josef-filtsch-1813-1894\/#primaryimage"},"image":{"@id":"https:\/\/urbeamea.ro\/albaiulia\/serata-muzicala-de-exceptie-la-sebes-lumina-uitata-a-romantismului-lumea-lui-josef-filtsch-1813-1894\/#primaryimage"},"thumbnailUrl":"https:\/\/urbeamea.ro\/albaiulia\/wp-content\/uploads\/2025\/10\/CCLB-1.jpg","datePublished":"2025-10-22T08:24:14+00:00","dateModified":"2025-10-22T08:24:15+00:00","author":{"@id":"https:\/\/urbeamea.ro\/albaiulia\/#\/schema\/person\/272ae98052f8ee8980f59848df070247"},"description":"Luni, 3 noiembrie 2025, la ora 18.00, \u00een sala \u201eRadu Stanca\u201d a Centrului Cultural \u201eLucian Blaga\u201d din Sebe\u015f, v\u0103 invit\u0103m la un spectacol de excep\u021bie, oferit","breadcrumb":{"@id":"https:\/\/urbeamea.ro\/albaiulia\/serata-muzicala-de-exceptie-la-sebes-lumina-uitata-a-romantismului-lumea-lui-josef-filtsch-1813-1894\/#breadcrumb"},"inLanguage":"ro-RO","potentialAction":[{"@type":"ReadAction","target":["https:\/\/urbeamea.ro\/albaiulia\/serata-muzicala-de-exceptie-la-sebes-lumina-uitata-a-romantismului-lumea-lui-josef-filtsch-1813-1894\/"]}]},{"@type":"ImageObject","inLanguage":"ro-RO","@id":"https:\/\/urbeamea.ro\/albaiulia\/serata-muzicala-de-exceptie-la-sebes-lumina-uitata-a-romantismului-lumea-lui-josef-filtsch-1813-1894\/#primaryimage","url":"https:\/\/urbeamea.ro\/albaiulia\/wp-content\/uploads\/2025\/10\/CCLB-1.jpg","contentUrl":"https:\/\/urbeamea.ro\/albaiulia\/wp-content\/uploads\/2025\/10\/CCLB-1.jpg","width":1600,"height":1200},{"@type":"BreadcrumbList","@id":"https:\/\/urbeamea.ro\/albaiulia\/serata-muzicala-de-exceptie-la-sebes-lumina-uitata-a-romantismului-lumea-lui-josef-filtsch-1813-1894\/#breadcrumb","itemListElement":[{"@type":"ListItem","position":1,"name":"Prima pagin\u0103","item":"https:\/\/urbeamea.ro\/albaiulia\/"},{"@type":"ListItem","position":2,"name":"Serat\u0103 muzical\u0103 de excep\u021bie, la Sebe\u0219: lumina uitat\u0103 a romantismului \u2013 lumea lui Josef Filtsch (1813-1894)"}]},{"@type":"WebSite","@id":"https:\/\/urbeamea.ro\/albaiulia\/#website","url":"https:\/\/urbeamea.ro\/albaiulia\/","name":"Revista Urbea Mea, Stiri urbane","description":"Evenimente \u0219i \u0219tiri din Alba Iulia, Sebe\u0219, Aiud, Blaj","potentialAction":[{"@type":"SearchAction","target":{"@type":"EntryPoint","urlTemplate":"https:\/\/urbeamea.ro\/albaiulia\/?s={search_term_string}"},"query-input":{"@type":"PropertyValueSpecification","valueRequired":true,"valueName":"search_term_string"}}],"inLanguage":"ro-RO"},{"@type":"Person","@id":"https:\/\/urbeamea.ro\/albaiulia\/#\/schema\/person\/272ae98052f8ee8980f59848df070247","name":"Redac\u021bia UrbeaMea","image":{"@type":"ImageObject","inLanguage":"ro-RO","@id":"https:\/\/secure.gravatar.com\/avatar\/9ce5a9435071fa1037e8468053ead8e513dbbff59009d3069aadb85506d85a27?s=96&d=mm&r=g","url":"https:\/\/secure.gravatar.com\/avatar\/9ce5a9435071fa1037e8468053ead8e513dbbff59009d3069aadb85506d85a27?s=96&d=mm&r=g","contentUrl":"https:\/\/secure.gravatar.com\/avatar\/9ce5a9435071fa1037e8468053ead8e513dbbff59009d3069aadb85506d85a27?s=96&d=mm&r=g","caption":"Redac\u021bia UrbeaMea"},"description":"contact@urbeamea.ro","sameAs":["https:\/\/www.urbeamea.ro"],"url":"https:\/\/urbeamea.ro\/albaiulia\/author\/redactia-urbeamea\/"}]}},"_links":{"self":[{"href":"https:\/\/urbeamea.ro\/albaiulia\/wp-json\/wp\/v2\/posts\/120149","targetHints":{"allow":["GET"]}}],"collection":[{"href":"https:\/\/urbeamea.ro\/albaiulia\/wp-json\/wp\/v2\/posts"}],"about":[{"href":"https:\/\/urbeamea.ro\/albaiulia\/wp-json\/wp\/v2\/types\/post"}],"author":[{"embeddable":true,"href":"https:\/\/urbeamea.ro\/albaiulia\/wp-json\/wp\/v2\/users\/16"}],"replies":[{"embeddable":true,"href":"https:\/\/urbeamea.ro\/albaiulia\/wp-json\/wp\/v2\/comments?post=120149"}],"version-history":[{"count":1,"href":"https:\/\/urbeamea.ro\/albaiulia\/wp-json\/wp\/v2\/posts\/120149\/revisions"}],"predecessor-version":[{"id":120152,"href":"https:\/\/urbeamea.ro\/albaiulia\/wp-json\/wp\/v2\/posts\/120149\/revisions\/120152"}],"wp:featuredmedia":[{"embeddable":true,"href":"https:\/\/urbeamea.ro\/albaiulia\/wp-json\/wp\/v2\/media\/120151"}],"wp:attachment":[{"href":"https:\/\/urbeamea.ro\/albaiulia\/wp-json\/wp\/v2\/media?parent=120149"}],"wp:term":[{"taxonomy":"category","embeddable":true,"href":"https:\/\/urbeamea.ro\/albaiulia\/wp-json\/wp\/v2\/categories?post=120149"},{"taxonomy":"post_tag","embeddable":true,"href":"https:\/\/urbeamea.ro\/albaiulia\/wp-json\/wp\/v2\/tags?post=120149"}],"curies":[{"name":"wp","href":"https:\/\/api.w.org\/{rel}","templated":true}]}}