{"id":120159,"date":"2025-10-22T11:36:10","date_gmt":"2025-10-22T08:36:10","guid":{"rendered":"https:\/\/urbeamea.ro\/albaiulia\/?p=120159"},"modified":"2025-10-22T11:36:12","modified_gmt":"2025-10-22T08:36:12","slug":"raftul-bibliotecii-judetene-lucian-blaga-alba-in-comuna-salistea","status":"publish","type":"post","link":"https:\/\/urbeamea.ro\/albaiulia\/raftul-bibliotecii-judetene-lucian-blaga-alba-in-comuna-salistea\/","title":{"rendered":"Raftul Bibliotecii Jude\u021bene \u201eLucian Blaga\u201d Alba \u00een comuna S\u0103li\u0219tea"},"content":{"rendered":"\n<p>\u00cen organizarea Consiliului Jude\u021bean Alba \u0219i a Bibliotecii Jude\u021bene \u201eLucian Blaga\u201d Alba, \u00een 24 octombrie 2025 va avea loc o nou\u0103 activitate din cadrul proiectului 2.9 Raftul Bibliotecii Jude\u021bene \u201eLucian Blaga\u201d Alba. Raftul popose\u0219te de aceast\u0103 dat\u0103 \u00een comuna S\u0103li\u0219tea din jude\u021bul Alba, cu scopul de a sprijini Biblioteca Comunal\u0103 S\u0103li\u0219tea la \u00eembog\u0103\u021birea fondului de carte. C\u0103r\u021bile vor fi puse la dispozi\u021bia comunit\u0103\u021bii locale pentru lectur\u0103 \u0219i pot constitui suportul bibliografic \u00een dezvoltarea unor activit\u0103\u021bi de anima\u021bie cultural\u0103.<\/p>\n\n\n\n<p>Raftul Bibliotecii Jude\u021bene \u201eLucian Blaga\u201d Alba \u00een comuna S\u0103li\u0219tea va fi inaugurat vineri, 24 octombrie 2025, la ora 12:00, la Biblioteca comunal\u0103 S\u0103li\u0219tea, \u00een prezen\u021ba pre\u0219edintelui Consiliului Jude\u021bean Alba, Ion Dumitrel, a primarului comunei, Ioan Gherman, a managerului Bibliotecii Jude\u021bene \u201eLucian Blaga\u201d Alba, Silvan St\u00e2ncel \u0219i a directoarei \u0218colii Gimnaziale \u201eDavid Prodan\u201d S\u0103li\u0219tea, Ionela Suciu.<\/p>\n\n\n\n<p>Prezentarea proiectului \u0219i predarea raftului \u0219i a fondului de carte \u00een custodia bibliotecii gazd\u0103 va fi completat\u0103 cu un frumos program artistic prezentat de elevii \u0219colii din localitate \u0219i cu semnarea \u00een cadru oficial a unui parteneriat pe termen lung \u00eentre partenerii implica\u021bi.<\/p>\n\n\n\n<p>Organizatorii evenimentului sunt Consiliul Jude\u021bean Alba \u0219i Biblioteca Jude\u021bean\u0103 \u201eLucian Blaga\u201d Alba, iar partenerii sunt Prim\u0103ria Comunei S\u0103li\u0219tea, Biblioteca Comunal\u0103 S\u0103li\u0219tea \u0219i \u0218coala Gimnazial\u0103 \u201eDavid Prodan\u201d S\u0103li\u0219tea.<\/p>\n\n\n\n<figure class=\"wp-block-image size-large\"><img loading=\"lazy\" decoding=\"async\" width=\"905\" height=\"1280\" src=\"https:\/\/urbeamea.ro\/albaiulia\/wp-content\/uploads\/2025\/10\/IMG-20251022-WA0002-905x1280.jpg\" alt=\"\" class=\"wp-image-120160\" srcset=\"https:\/\/urbeamea.ro\/albaiulia\/wp-content\/uploads\/2025\/10\/IMG-20251022-WA0002-905x1280.jpg 905w, https:\/\/urbeamea.ro\/albaiulia\/wp-content\/uploads\/2025\/10\/IMG-20251022-WA0002-452x640.jpg 452w, https:\/\/urbeamea.ro\/albaiulia\/wp-content\/uploads\/2025\/10\/IMG-20251022-WA0002-106x150.jpg 106w, https:\/\/urbeamea.ro\/albaiulia\/wp-content\/uploads\/2025\/10\/IMG-20251022-WA0002-768x1086.jpg 768w, https:\/\/urbeamea.ro\/albaiulia\/wp-content\/uploads\/2025\/10\/IMG-20251022-WA0002-1086x1536.jpg 1086w, https:\/\/urbeamea.ro\/albaiulia\/wp-content\/uploads\/2025\/10\/IMG-20251022-WA0002.jpg 1131w\" sizes=\"auto, (max-width: 905px) 100vw, 905px\" \/><\/figure>\n","protected":false},"excerpt":{"rendered":"<p>\u00cen organizarea Consiliului Jude\u021bean Alba \u0219i a Bibliotecii Jude\u021bene \u201eLucian Blaga\u201d Alba, \u00een 24 octombrie 2025 va avea loc o nou\u0103 activitate din cadrul proiectului 2.9 Raftul Bibliotecii Jude\u021bene \u201eLucian Blaga\u201d Alba. Raftul popose\u0219te de aceast\u0103 dat\u0103 \u00een comuna S\u0103li\u0219tea din jude\u021bul Alba, cu scopul de a sprijini Biblioteca Comunal\u0103 S\u0103li\u0219tea la \u00eembog\u0103\u021birea fondului de &hellip;<\/p>\n","protected":false},"author":16,"featured_media":100235,"comment_status":"open","ping_status":"open","sticky":false,"template":"","format":"standard","meta":{"inline_featured_image":false,"footnotes":""},"categories":[4],"tags":[],"class_list":["post-120159","post","type-post","status-publish","format-standard","has-post-thumbnail","hentry","category-eveniment"],"yoast_head":"<!-- This site is optimized with the Yoast SEO plugin v27.4 - https:\/\/yoast.com\/product\/yoast-seo-wordpress\/ -->\n<title>Raftul Bibliotecii Jude\u021bene \u201eLucian Blaga\u201d Alba \u00een comuna S\u0103li\u0219tea - Revista Urbea Mea - Revista de Alba<\/title>\n<meta name=\"description\" content=\"\u00cen organizarea Consiliului Jude\u021bean Alba \u0219i a Bibliotecii Jude\u021bene \u201eLucian Blaga\u201d Alba, \u00een 24 octombrie 2025 va avea loc o nou\u0103 activitate din cadrul\" \/>\n<meta name=\"robots\" content=\"index, follow, max-snippet:-1, max-image-preview:large, max-video-preview:-1\" \/>\n<link rel=\"canonical\" href=\"https:\/\/urbeamea.ro\/albaiulia\/raftul-bibliotecii-judetene-lucian-blaga-alba-in-comuna-salistea\/\" \/>\n<meta name=\"twitter:card\" content=\"summary_large_image\" \/>\n<meta name=\"twitter:title\" content=\"Raftul Bibliotecii Jude\u021bene \u201eLucian Blaga\u201d Alba \u00een comuna S\u0103li\u0219tea - Revista Urbea Mea - Revista de Alba\" \/>\n<meta name=\"twitter:description\" content=\"\u00cen organizarea Consiliului Jude\u021bean Alba \u0219i a Bibliotecii Jude\u021bene \u201eLucian Blaga\u201d Alba, \u00een 24 octombrie 2025 va avea loc o nou\u0103 activitate din cadrul\" \/>\n<meta name=\"twitter:image\" content=\"https:\/\/urbeamea.ro\/albaiulia\/wp-content\/uploads\/2022\/02\/Carti-raft.jpg\" \/>\n<meta name=\"twitter:creator\" content=\"@urbeameaweb\" \/>\n<meta name=\"twitter:site\" content=\"@urbeameaweb\" \/>\n<script type=\"application\/ld+json\" class=\"yoast-schema-graph\">{\"@context\":\"https:\\\/\\\/schema.org\",\"@graph\":[{\"@type\":\"Article\",\"@id\":\"https:\\\/\\\/urbeamea.ro\\\/albaiulia\\\/raftul-bibliotecii-judetene-lucian-blaga-alba-in-comuna-salistea\\\/#article\",\"isPartOf\":{\"@id\":\"https:\\\/\\\/urbeamea.ro\\\/albaiulia\\\/raftul-bibliotecii-judetene-lucian-blaga-alba-in-comuna-salistea\\\/\"},\"author\":{\"name\":\"Redac\u021bia UrbeaMea\",\"@id\":\"https:\\\/\\\/urbeamea.ro\\\/albaiulia\\\/#\\\/schema\\\/person\\\/272ae98052f8ee8980f59848df070247\"},\"headline\":\"Raftul Bibliotecii Jude\u021bene \u201eLucian Blaga\u201d Alba \u00een comuna S\u0103li\u0219tea\",\"datePublished\":\"2025-10-22T08:36:10+00:00\",\"dateModified\":\"2025-10-22T08:36:12+00:00\",\"mainEntityOfPage\":{\"@id\":\"https:\\\/\\\/urbeamea.ro\\\/albaiulia\\\/raftul-bibliotecii-judetene-lucian-blaga-alba-in-comuna-salistea\\\/\"},\"wordCount\":247,\"commentCount\":0,\"image\":{\"@id\":\"https:\\\/\\\/urbeamea.ro\\\/albaiulia\\\/raftul-bibliotecii-judetene-lucian-blaga-alba-in-comuna-salistea\\\/#primaryimage\"},\"thumbnailUrl\":\"https:\\\/\\\/urbeamea.ro\\\/albaiulia\\\/wp-content\\\/uploads\\\/2022\\\/02\\\/Carti-raft.jpg\",\"articleSection\":[\"Evenimente\"],\"inLanguage\":\"ro-RO\",\"potentialAction\":[{\"@type\":\"CommentAction\",\"name\":\"Comment\",\"target\":[\"https:\\\/\\\/urbeamea.ro\\\/albaiulia\\\/raftul-bibliotecii-judetene-lucian-blaga-alba-in-comuna-salistea\\\/#respond\"]}]},{\"@type\":\"WebPage\",\"@id\":\"https:\\\/\\\/urbeamea.ro\\\/albaiulia\\\/raftul-bibliotecii-judetene-lucian-blaga-alba-in-comuna-salistea\\\/\",\"url\":\"https:\\\/\\\/urbeamea.ro\\\/albaiulia\\\/raftul-bibliotecii-judetene-lucian-blaga-alba-in-comuna-salistea\\\/\",\"name\":\"Raftul Bibliotecii Jude\u021bene \u201eLucian Blaga\u201d Alba \u00een comuna S\u0103li\u0219tea - Revista Urbea Mea - Revista de Alba\",\"isPartOf\":{\"@id\":\"https:\\\/\\\/urbeamea.ro\\\/albaiulia\\\/#website\"},\"primaryImageOfPage\":{\"@id\":\"https:\\\/\\\/urbeamea.ro\\\/albaiulia\\\/raftul-bibliotecii-judetene-lucian-blaga-alba-in-comuna-salistea\\\/#primaryimage\"},\"image\":{\"@id\":\"https:\\\/\\\/urbeamea.ro\\\/albaiulia\\\/raftul-bibliotecii-judetene-lucian-blaga-alba-in-comuna-salistea\\\/#primaryimage\"},\"thumbnailUrl\":\"https:\\\/\\\/urbeamea.ro\\\/albaiulia\\\/wp-content\\\/uploads\\\/2022\\\/02\\\/Carti-raft.jpg\",\"datePublished\":\"2025-10-22T08:36:10+00:00\",\"dateModified\":\"2025-10-22T08:36:12+00:00\",\"author\":{\"@id\":\"https:\\\/\\\/urbeamea.ro\\\/albaiulia\\\/#\\\/schema\\\/person\\\/272ae98052f8ee8980f59848df070247\"},\"description\":\"\u00cen organizarea Consiliului Jude\u021bean Alba \u0219i a Bibliotecii Jude\u021bene \u201eLucian Blaga\u201d Alba, \u00een 24 octombrie 2025 va avea loc o nou\u0103 activitate din cadrul\",\"breadcrumb\":{\"@id\":\"https:\\\/\\\/urbeamea.ro\\\/albaiulia\\\/raftul-bibliotecii-judetene-lucian-blaga-alba-in-comuna-salistea\\\/#breadcrumb\"},\"inLanguage\":\"ro-RO\",\"potentialAction\":[{\"@type\":\"ReadAction\",\"target\":[\"https:\\\/\\\/urbeamea.ro\\\/albaiulia\\\/raftul-bibliotecii-judetene-lucian-blaga-alba-in-comuna-salistea\\\/\"]}]},{\"@type\":\"ImageObject\",\"inLanguage\":\"ro-RO\",\"@id\":\"https:\\\/\\\/urbeamea.ro\\\/albaiulia\\\/raftul-bibliotecii-judetene-lucian-blaga-alba-in-comuna-salistea\\\/#primaryimage\",\"url\":\"https:\\\/\\\/urbeamea.ro\\\/albaiulia\\\/wp-content\\\/uploads\\\/2022\\\/02\\\/Carti-raft.jpg\",\"contentUrl\":\"https:\\\/\\\/urbeamea.ro\\\/albaiulia\\\/wp-content\\\/uploads\\\/2022\\\/02\\\/Carti-raft.jpg\",\"width\":1600,\"height\":1067},{\"@type\":\"BreadcrumbList\",\"@id\":\"https:\\\/\\\/urbeamea.ro\\\/albaiulia\\\/raftul-bibliotecii-judetene-lucian-blaga-alba-in-comuna-salistea\\\/#breadcrumb\",\"itemListElement\":[{\"@type\":\"ListItem\",\"position\":1,\"name\":\"Prima pagin\u0103\",\"item\":\"https:\\\/\\\/urbeamea.ro\\\/albaiulia\\\/\"},{\"@type\":\"ListItem\",\"position\":2,\"name\":\"Raftul Bibliotecii Jude\u021bene \u201eLucian Blaga\u201d Alba \u00een comuna S\u0103li\u0219tea\"}]},{\"@type\":\"WebSite\",\"@id\":\"https:\\\/\\\/urbeamea.ro\\\/albaiulia\\\/#website\",\"url\":\"https:\\\/\\\/urbeamea.ro\\\/albaiulia\\\/\",\"name\":\"Revista Urbea Mea, Stiri urbane\",\"description\":\"Evenimente \u0219i \u0219tiri din Alba Iulia, Sebe\u0219, Aiud, Blaj\",\"potentialAction\":[{\"@type\":\"SearchAction\",\"target\":{\"@type\":\"EntryPoint\",\"urlTemplate\":\"https:\\\/\\\/urbeamea.ro\\\/albaiulia\\\/?s={search_term_string}\"},\"query-input\":{\"@type\":\"PropertyValueSpecification\",\"valueRequired\":true,\"valueName\":\"search_term_string\"}}],\"inLanguage\":\"ro-RO\"},{\"@type\":\"Person\",\"@id\":\"https:\\\/\\\/urbeamea.ro\\\/albaiulia\\\/#\\\/schema\\\/person\\\/272ae98052f8ee8980f59848df070247\",\"name\":\"Redac\u021bia UrbeaMea\",\"image\":{\"@type\":\"ImageObject\",\"inLanguage\":\"ro-RO\",\"@id\":\"https:\\\/\\\/secure.gravatar.com\\\/avatar\\\/9ce5a9435071fa1037e8468053ead8e513dbbff59009d3069aadb85506d85a27?s=96&d=mm&r=g\",\"url\":\"https:\\\/\\\/secure.gravatar.com\\\/avatar\\\/9ce5a9435071fa1037e8468053ead8e513dbbff59009d3069aadb85506d85a27?s=96&d=mm&r=g\",\"contentUrl\":\"https:\\\/\\\/secure.gravatar.com\\\/avatar\\\/9ce5a9435071fa1037e8468053ead8e513dbbff59009d3069aadb85506d85a27?s=96&d=mm&r=g\",\"caption\":\"Redac\u021bia UrbeaMea\"},\"description\":\"contact@urbeamea.ro\",\"sameAs\":[\"https:\\\/\\\/www.urbeamea.ro\"],\"url\":\"https:\\\/\\\/urbeamea.ro\\\/albaiulia\\\/author\\\/redactia-urbeamea\\\/\"}]}<\/script>\n<!-- \/ Yoast SEO plugin. -->","yoast_head_json":{"title":"Raftul Bibliotecii Jude\u021bene \u201eLucian Blaga\u201d Alba \u00een comuna S\u0103li\u0219tea - Revista Urbea Mea - Revista de Alba","description":"\u00cen organizarea Consiliului Jude\u021bean Alba \u0219i a Bibliotecii Jude\u021bene \u201eLucian Blaga\u201d Alba, \u00een 24 octombrie 2025 va avea loc o nou\u0103 activitate din cadrul","robots":{"index":"index","follow":"follow","max-snippet":"max-snippet:-1","max-image-preview":"max-image-preview:large","max-video-preview":"max-video-preview:-1"},"canonical":"https:\/\/urbeamea.ro\/albaiulia\/raftul-bibliotecii-judetene-lucian-blaga-alba-in-comuna-salistea\/","twitter_card":"summary_large_image","twitter_title":"Raftul Bibliotecii Jude\u021bene \u201eLucian Blaga\u201d Alba \u00een comuna S\u0103li\u0219tea - Revista Urbea Mea - Revista de Alba","twitter_description":"\u00cen organizarea Consiliului Jude\u021bean Alba \u0219i a Bibliotecii Jude\u021bene \u201eLucian Blaga\u201d Alba, \u00een 24 octombrie 2025 va avea loc o nou\u0103 activitate din cadrul","twitter_image":"https:\/\/urbeamea.ro\/albaiulia\/wp-content\/uploads\/2022\/02\/Carti-raft.jpg","twitter_creator":"@urbeameaweb","twitter_site":"@urbeameaweb","schema":{"@context":"https:\/\/schema.org","@graph":[{"@type":"Article","@id":"https:\/\/urbeamea.ro\/albaiulia\/raftul-bibliotecii-judetene-lucian-blaga-alba-in-comuna-salistea\/#article","isPartOf":{"@id":"https:\/\/urbeamea.ro\/albaiulia\/raftul-bibliotecii-judetene-lucian-blaga-alba-in-comuna-salistea\/"},"author":{"name":"Redac\u021bia UrbeaMea","@id":"https:\/\/urbeamea.ro\/albaiulia\/#\/schema\/person\/272ae98052f8ee8980f59848df070247"},"headline":"Raftul Bibliotecii Jude\u021bene \u201eLucian Blaga\u201d Alba \u00een comuna S\u0103li\u0219tea","datePublished":"2025-10-22T08:36:10+00:00","dateModified":"2025-10-22T08:36:12+00:00","mainEntityOfPage":{"@id":"https:\/\/urbeamea.ro\/albaiulia\/raftul-bibliotecii-judetene-lucian-blaga-alba-in-comuna-salistea\/"},"wordCount":247,"commentCount":0,"image":{"@id":"https:\/\/urbeamea.ro\/albaiulia\/raftul-bibliotecii-judetene-lucian-blaga-alba-in-comuna-salistea\/#primaryimage"},"thumbnailUrl":"https:\/\/urbeamea.ro\/albaiulia\/wp-content\/uploads\/2022\/02\/Carti-raft.jpg","articleSection":["Evenimente"],"inLanguage":"ro-RO","potentialAction":[{"@type":"CommentAction","name":"Comment","target":["https:\/\/urbeamea.ro\/albaiulia\/raftul-bibliotecii-judetene-lucian-blaga-alba-in-comuna-salistea\/#respond"]}]},{"@type":"WebPage","@id":"https:\/\/urbeamea.ro\/albaiulia\/raftul-bibliotecii-judetene-lucian-blaga-alba-in-comuna-salistea\/","url":"https:\/\/urbeamea.ro\/albaiulia\/raftul-bibliotecii-judetene-lucian-blaga-alba-in-comuna-salistea\/","name":"Raftul Bibliotecii Jude\u021bene \u201eLucian Blaga\u201d Alba \u00een comuna S\u0103li\u0219tea - Revista Urbea Mea - Revista de Alba","isPartOf":{"@id":"https:\/\/urbeamea.ro\/albaiulia\/#website"},"primaryImageOfPage":{"@id":"https:\/\/urbeamea.ro\/albaiulia\/raftul-bibliotecii-judetene-lucian-blaga-alba-in-comuna-salistea\/#primaryimage"},"image":{"@id":"https:\/\/urbeamea.ro\/albaiulia\/raftul-bibliotecii-judetene-lucian-blaga-alba-in-comuna-salistea\/#primaryimage"},"thumbnailUrl":"https:\/\/urbeamea.ro\/albaiulia\/wp-content\/uploads\/2022\/02\/Carti-raft.jpg","datePublished":"2025-10-22T08:36:10+00:00","dateModified":"2025-10-22T08:36:12+00:00","author":{"@id":"https:\/\/urbeamea.ro\/albaiulia\/#\/schema\/person\/272ae98052f8ee8980f59848df070247"},"description":"\u00cen organizarea Consiliului Jude\u021bean Alba \u0219i a Bibliotecii Jude\u021bene \u201eLucian Blaga\u201d Alba, \u00een 24 octombrie 2025 va avea loc o nou\u0103 activitate din cadrul","breadcrumb":{"@id":"https:\/\/urbeamea.ro\/albaiulia\/raftul-bibliotecii-judetene-lucian-blaga-alba-in-comuna-salistea\/#breadcrumb"},"inLanguage":"ro-RO","potentialAction":[{"@type":"ReadAction","target":["https:\/\/urbeamea.ro\/albaiulia\/raftul-bibliotecii-judetene-lucian-blaga-alba-in-comuna-salistea\/"]}]},{"@type":"ImageObject","inLanguage":"ro-RO","@id":"https:\/\/urbeamea.ro\/albaiulia\/raftul-bibliotecii-judetene-lucian-blaga-alba-in-comuna-salistea\/#primaryimage","url":"https:\/\/urbeamea.ro\/albaiulia\/wp-content\/uploads\/2022\/02\/Carti-raft.jpg","contentUrl":"https:\/\/urbeamea.ro\/albaiulia\/wp-content\/uploads\/2022\/02\/Carti-raft.jpg","width":1600,"height":1067},{"@type":"BreadcrumbList","@id":"https:\/\/urbeamea.ro\/albaiulia\/raftul-bibliotecii-judetene-lucian-blaga-alba-in-comuna-salistea\/#breadcrumb","itemListElement":[{"@type":"ListItem","position":1,"name":"Prima pagin\u0103","item":"https:\/\/urbeamea.ro\/albaiulia\/"},{"@type":"ListItem","position":2,"name":"Raftul Bibliotecii Jude\u021bene \u201eLucian Blaga\u201d Alba \u00een comuna S\u0103li\u0219tea"}]},{"@type":"WebSite","@id":"https:\/\/urbeamea.ro\/albaiulia\/#website","url":"https:\/\/urbeamea.ro\/albaiulia\/","name":"Revista Urbea Mea, Stiri urbane","description":"Evenimente \u0219i \u0219tiri din Alba Iulia, Sebe\u0219, Aiud, Blaj","potentialAction":[{"@type":"SearchAction","target":{"@type":"EntryPoint","urlTemplate":"https:\/\/urbeamea.ro\/albaiulia\/?s={search_term_string}"},"query-input":{"@type":"PropertyValueSpecification","valueRequired":true,"valueName":"search_term_string"}}],"inLanguage":"ro-RO"},{"@type":"Person","@id":"https:\/\/urbeamea.ro\/albaiulia\/#\/schema\/person\/272ae98052f8ee8980f59848df070247","name":"Redac\u021bia UrbeaMea","image":{"@type":"ImageObject","inLanguage":"ro-RO","@id":"https:\/\/secure.gravatar.com\/avatar\/9ce5a9435071fa1037e8468053ead8e513dbbff59009d3069aadb85506d85a27?s=96&d=mm&r=g","url":"https:\/\/secure.gravatar.com\/avatar\/9ce5a9435071fa1037e8468053ead8e513dbbff59009d3069aadb85506d85a27?s=96&d=mm&r=g","contentUrl":"https:\/\/secure.gravatar.com\/avatar\/9ce5a9435071fa1037e8468053ead8e513dbbff59009d3069aadb85506d85a27?s=96&d=mm&r=g","caption":"Redac\u021bia UrbeaMea"},"description":"contact@urbeamea.ro","sameAs":["https:\/\/www.urbeamea.ro"],"url":"https:\/\/urbeamea.ro\/albaiulia\/author\/redactia-urbeamea\/"}]}},"_links":{"self":[{"href":"https:\/\/urbeamea.ro\/albaiulia\/wp-json\/wp\/v2\/posts\/120159","targetHints":{"allow":["GET"]}}],"collection":[{"href":"https:\/\/urbeamea.ro\/albaiulia\/wp-json\/wp\/v2\/posts"}],"about":[{"href":"https:\/\/urbeamea.ro\/albaiulia\/wp-json\/wp\/v2\/types\/post"}],"author":[{"embeddable":true,"href":"https:\/\/urbeamea.ro\/albaiulia\/wp-json\/wp\/v2\/users\/16"}],"replies":[{"embeddable":true,"href":"https:\/\/urbeamea.ro\/albaiulia\/wp-json\/wp\/v2\/comments?post=120159"}],"version-history":[{"count":1,"href":"https:\/\/urbeamea.ro\/albaiulia\/wp-json\/wp\/v2\/posts\/120159\/revisions"}],"predecessor-version":[{"id":120161,"href":"https:\/\/urbeamea.ro\/albaiulia\/wp-json\/wp\/v2\/posts\/120159\/revisions\/120161"}],"wp:featuredmedia":[{"embeddable":true,"href":"https:\/\/urbeamea.ro\/albaiulia\/wp-json\/wp\/v2\/media\/100235"}],"wp:attachment":[{"href":"https:\/\/urbeamea.ro\/albaiulia\/wp-json\/wp\/v2\/media?parent=120159"}],"wp:term":[{"taxonomy":"category","embeddable":true,"href":"https:\/\/urbeamea.ro\/albaiulia\/wp-json\/wp\/v2\/categories?post=120159"},{"taxonomy":"post_tag","embeddable":true,"href":"https:\/\/urbeamea.ro\/albaiulia\/wp-json\/wp\/v2\/tags?post=120159"}],"curies":[{"name":"wp","href":"https:\/\/api.w.org\/{rel}","templated":true}]}}