{"id":120162,"date":"2025-10-22T12:20:22","date_gmt":"2025-10-22T09:20:22","guid":{"rendered":"https:\/\/urbeamea.ro\/albaiulia\/?p=120162"},"modified":"2025-10-22T12:20:24","modified_gmt":"2025-10-22T09:20:24","slug":"copiii-si-anxietatea-tema-lunii-octombrie-la-atelierul-de-parenting-bebebiblioteca-al-bibliotecii-judetene-lucian-blaga-alba-iulia","status":"publish","type":"post","link":"https:\/\/urbeamea.ro\/albaiulia\/copiii-si-anxietatea-tema-lunii-octombrie-la-atelierul-de-parenting-bebebiblioteca-al-bibliotecii-judetene-lucian-blaga-alba-iulia\/","title":{"rendered":"&#8222;Copiii \u0219i anxietatea&#8221;, tema lunii octombrie la atelierul de parenting BebeBiblioteca, al Bibliotecii Jude\u021bene &#8222;Lucian Blaga&#8221; Alba Iulia"},"content":{"rendered":"\n<p><strong>Parentingul este un termen preluat din limba englez\u0103 ce define\u0219te un curent de educa\u021bie familial\u0103 ce se realizeaz\u0103 prin dob\u00e2ndirea unor abilit\u0103\u021bi care s\u0103 le permit\u0103 p\u0103rin\u021bilor s\u0103-\u0219i educe proprii copii \u00eentr-un mod asumat, con\u0219tient \u0219i informat sau, cu alte cuvinte, este ceea ce numeau p\u0103rin\u021bii \u0219i bunicii no\u0219tri \u201eeduca\u021bia celor \u0219apte ani de acas\u0103\u201d, absolut necesar\u0103 pentru formarea unui viitor adult. <\/strong><\/p>\n\n\n\n<p>De c\u00e2\u021biva ani buni, Biblioteca Jude\u021bean\u0103 \u201eLucian Blaga\u201d Alba a r\u0103spuns solicit\u0103rilor venite din r\u00e2ndul cititorilor aduc\u00e2nd la un loc, \u00eentr-un spa\u021biu al cunoa\u0219terii \u0219i al c\u0103r\u021bii, p\u0103rin\u021bi \u0219i bunici dornici s\u0103 discute problemele cu care se confrunt\u0103 \u0219i s\u0103 g\u0103seasc\u0103 o rezolvare la aceste probleme.<\/p>\n\n\n\n<p> \u00cen acest scop a \u00eenceput o colaborare valoroas\u0103 cu psihologul Adina Drimbe, lunar av\u00e2nd loc \u00eent\u00e2lniri tematice \u00eenso\u021bite de prezentarea unor c\u0103r\u021bi de specialitate puse la dispozi\u021bie de personalul bibliotecii.<\/p>\n\n\n\n<p>\u00cen aceast\u0103 lun\u0103, atelierul de parenting va avea loc la Biblioteca Jude\u021bean\u0103 \u201eLucian Blaga\u201d Alba, luni, 27 octombrie, de la ora 17:00, unde tema abordat\u0103 de aceast\u0103 data va fi \u201eCopiii \u0219i anxietatea: cum s\u0103-\u021bi aju\u021bi copilul s\u0103-\u0219i \u00eenving\u0103 fricile\u201d. <\/p>\n\n\n\n<p>De ce aceast\u0103 tem\u0103? <\/p>\n\n\n\n<p>Pentru c\u0103 \u201ePe m\u0103sur\u0103 ce cresc, copiii experimenteaz\u0103 diferite temeri care pot avea efecte negative asupra vie\u021bii \u0219colare \u0219i a st\u0103rii de bine. <\/p>\n\n\n\n<p>Simptomele de anxietate nu sunt \u00eentotdeauna evidente, mai ales \u00een ceea ce \u00eei prive\u0219te pe copii, de aceea este important s\u0103 le recunoa\u0219tem \u0219i s\u0103 \u00eenv\u0103\u021b\u0103m s\u0103 fim al\u0103turi de ei c\u00e2nd se confrunt\u0103 cu simptome fizice, \u00eengrijor\u0103ri sau nelini\u0219ti\u201d afirm\u0103 psiholog Adina Drimbe. <\/p>\n\n\n\n<p>Ce vei afla particip\u00e2nd la acest atelier? Vei afla  cauzele anxiet\u0103\u021bii la copii, cum se manifest\u0103 anxietatea \u00een via\u021ba de zi cu zi, cum s\u0103 \u00ee\u021bi aju\u021bi copilul s\u0103 dep\u0103\u0219easc\u0103 fricile \u0219i cum s\u0103 previi anxietatea la copii.<\/p>\n\n\n\n<p> \u00cent\u00e2lnirea se va \u00eencheia cu recomand\u0103ri de lectur\u0103 pe marginea temei abordate, c\u0103r\u021bile recomandate put\u00e2nd fi \u00eemprumutate gratuit de la Biblioteca Jude\u021bean\u0103 \u201eLucian Blaga\u201d Alba.<\/p>\n\n\n\n<p>Organizatorii sunt Consiliul Jude\u021bean Alba \u0219i Biblioteca Jude\u021bean\u0103 \u201eLucian Blaga\u201d Alba iar activitatea face parte din proiectul 3.1 BebeBiblioteca. Organizatorii \u00eencurajeaz\u0103 participarea la atelier al\u0103turi de copii. V\u0103 a\u0219tept\u0103m!<\/p>\n\n\n\n<figure class=\"wp-block-image size-large\"><img loading=\"lazy\" decoding=\"async\" width=\"870\" height=\"1280\" src=\"https:\/\/urbeamea.ro\/albaiulia\/wp-content\/uploads\/2025\/10\/1000052567-870x1280.jpg\" alt=\"\" class=\"wp-image-120163\" srcset=\"https:\/\/urbeamea.ro\/albaiulia\/wp-content\/uploads\/2025\/10\/1000052567-870x1280.jpg 870w, https:\/\/urbeamea.ro\/albaiulia\/wp-content\/uploads\/2025\/10\/1000052567-435x640.jpg 435w, https:\/\/urbeamea.ro\/albaiulia\/wp-content\/uploads\/2025\/10\/1000052567-102x150.jpg 102w, https:\/\/urbeamea.ro\/albaiulia\/wp-content\/uploads\/2025\/10\/1000052567-768x1129.jpg 768w, https:\/\/urbeamea.ro\/albaiulia\/wp-content\/uploads\/2025\/10\/1000052567-1044x1536.jpg 1044w, https:\/\/urbeamea.ro\/albaiulia\/wp-content\/uploads\/2025\/10\/1000052567.jpg 1275w\" sizes=\"auto, (max-width: 870px) 100vw, 870px\" \/><\/figure>\n","protected":false},"excerpt":{"rendered":"<p>Parentingul este un termen preluat din limba englez\u0103 ce define\u0219te un curent de educa\u021bie familial\u0103 ce se realizeaz\u0103 prin dob\u00e2ndirea unor abilit\u0103\u021bi care s\u0103 le permit\u0103 p\u0103rin\u021bilor s\u0103-\u0219i educe proprii copii \u00eentr-un mod asumat, con\u0219tient \u0219i informat sau, cu alte cuvinte, este ceea ce numeau p\u0103rin\u021bii \u0219i bunicii no\u0219tri \u201eeduca\u021bia celor \u0219apte ani de acas\u0103\u201d, &hellip;<\/p>\n","protected":false},"author":28,"featured_media":120163,"comment_status":"open","ping_status":"open","sticky":false,"template":"","format":"standard","meta":{"inline_featured_image":false,"footnotes":""},"categories":[15,2039,4,2036,255,2034,1,16344],"tags":[17426],"class_list":["post-120162","post","type-post","status-publish","format-standard","has-post-thumbnail","hentry","category-cluburi","category-educatie","category-eveniment","category-monden","category-sanatate","category-social","category-stiri-urbane","category-urbea-mea","tag-bebebiblioteca"],"yoast_head":"<!-- This site is optimized with the Yoast SEO plugin v27.4 - https:\/\/yoast.com\/product\/yoast-seo-wordpress\/ -->\n<title>&quot;Copiii \u0219i anxietatea&quot;, tema lunii octombrie la atelierul de parenting BebeBiblioteca, al Bibliotecii Jude\u021bene &quot;Lucian Blaga&quot; Alba Iulia - Revista Urbea Mea - Revista de Alba<\/title>\n<meta name=\"description\" content=\"Parentingul este un termen preluat din limba englez\u0103 ce define\u0219te un curent de educa\u021bie familial\u0103 ce se realizeaz\u0103 prin dob\u00e2ndirea unor abilit\u0103\u021bi care s\u0103\" \/>\n<meta name=\"robots\" content=\"index, follow, max-snippet:-1, max-image-preview:large, max-video-preview:-1\" \/>\n<link rel=\"canonical\" href=\"https:\/\/urbeamea.ro\/albaiulia\/copiii-si-anxietatea-tema-lunii-octombrie-la-atelierul-de-parenting-bebebiblioteca-al-bibliotecii-judetene-lucian-blaga-alba-iulia\/\" \/>\n<meta name=\"twitter:card\" content=\"summary_large_image\" \/>\n<meta name=\"twitter:title\" content=\"&quot;Copiii \u0219i anxietatea&quot;, tema lunii octombrie la atelierul de parenting BebeBiblioteca, al Bibliotecii Jude\u021bene &quot;Lucian Blaga&quot; Alba Iulia - Revista Urbea Mea - Revista de Alba\" \/>\n<meta name=\"twitter:description\" content=\"Parentingul este un termen preluat din limba englez\u0103 ce define\u0219te un curent de educa\u021bie familial\u0103 ce se realizeaz\u0103 prin dob\u00e2ndirea unor abilit\u0103\u021bi care s\u0103\" \/>\n<meta name=\"twitter:image\" content=\"https:\/\/urbeamea.ro\/albaiulia\/wp-content\/uploads\/2025\/10\/1000052567.jpg\" \/>\n<meta name=\"twitter:creator\" content=\"@urbeameaweb\" \/>\n<meta name=\"twitter:site\" content=\"@urbeameaweb\" \/>\n<script type=\"application\/ld+json\" class=\"yoast-schema-graph\">{\"@context\":\"https:\\\/\\\/schema.org\",\"@graph\":[{\"@type\":\"Article\",\"@id\":\"https:\\\/\\\/urbeamea.ro\\\/albaiulia\\\/copiii-si-anxietatea-tema-lunii-octombrie-la-atelierul-de-parenting-bebebiblioteca-al-bibliotecii-judetene-lucian-blaga-alba-iulia\\\/#article\",\"isPartOf\":{\"@id\":\"https:\\\/\\\/urbeamea.ro\\\/albaiulia\\\/copiii-si-anxietatea-tema-lunii-octombrie-la-atelierul-de-parenting-bebebiblioteca-al-bibliotecii-judetene-lucian-blaga-alba-iulia\\\/\"},\"author\":{\"name\":\"Giurca Sorin\",\"@id\":\"https:\\\/\\\/urbeamea.ro\\\/albaiulia\\\/#\\\/schema\\\/person\\\/5db3854ac38c1cc9f0ab4092d6a20f02\"},\"headline\":\"&#8222;Copiii \u0219i anxietatea&#8221;, tema lunii octombrie la atelierul de parenting BebeBiblioteca, al Bibliotecii Jude\u021bene &#8222;Lucian Blaga&#8221; Alba Iulia\",\"datePublished\":\"2025-10-22T09:20:22+00:00\",\"dateModified\":\"2025-10-22T09:20:24+00:00\",\"mainEntityOfPage\":{\"@id\":\"https:\\\/\\\/urbeamea.ro\\\/albaiulia\\\/copiii-si-anxietatea-tema-lunii-octombrie-la-atelierul-de-parenting-bebebiblioteca-al-bibliotecii-judetene-lucian-blaga-alba-iulia\\\/\"},\"wordCount\":421,\"commentCount\":0,\"image\":{\"@id\":\"https:\\\/\\\/urbeamea.ro\\\/albaiulia\\\/copiii-si-anxietatea-tema-lunii-octombrie-la-atelierul-de-parenting-bebebiblioteca-al-bibliotecii-judetene-lucian-blaga-alba-iulia\\\/#primaryimage\"},\"thumbnailUrl\":\"https:\\\/\\\/urbeamea.ro\\\/albaiulia\\\/wp-content\\\/uploads\\\/2025\\\/10\\\/1000052567.jpg\",\"keywords\":[\"bebebiblioteca\"],\"articleSection\":[\"Cluburi\",\"Educa\u021bie\",\"Evenimente\",\"Monden\",\"S\u0103n\u0103tate\",\"Social\",\"\u015etiri Urbane\",\"Urbea Mea\"],\"inLanguage\":\"ro-RO\",\"potentialAction\":[{\"@type\":\"CommentAction\",\"name\":\"Comment\",\"target\":[\"https:\\\/\\\/urbeamea.ro\\\/albaiulia\\\/copiii-si-anxietatea-tema-lunii-octombrie-la-atelierul-de-parenting-bebebiblioteca-al-bibliotecii-judetene-lucian-blaga-alba-iulia\\\/#respond\"]}]},{\"@type\":\"WebPage\",\"@id\":\"https:\\\/\\\/urbeamea.ro\\\/albaiulia\\\/copiii-si-anxietatea-tema-lunii-octombrie-la-atelierul-de-parenting-bebebiblioteca-al-bibliotecii-judetene-lucian-blaga-alba-iulia\\\/\",\"url\":\"https:\\\/\\\/urbeamea.ro\\\/albaiulia\\\/copiii-si-anxietatea-tema-lunii-octombrie-la-atelierul-de-parenting-bebebiblioteca-al-bibliotecii-judetene-lucian-blaga-alba-iulia\\\/\",\"name\":\"\\\"Copiii \u0219i anxietatea\\\", tema lunii octombrie la atelierul de parenting BebeBiblioteca, al Bibliotecii Jude\u021bene \\\"Lucian Blaga\\\" Alba Iulia - Revista Urbea Mea - Revista de Alba\",\"isPartOf\":{\"@id\":\"https:\\\/\\\/urbeamea.ro\\\/albaiulia\\\/#website\"},\"primaryImageOfPage\":{\"@id\":\"https:\\\/\\\/urbeamea.ro\\\/albaiulia\\\/copiii-si-anxietatea-tema-lunii-octombrie-la-atelierul-de-parenting-bebebiblioteca-al-bibliotecii-judetene-lucian-blaga-alba-iulia\\\/#primaryimage\"},\"image\":{\"@id\":\"https:\\\/\\\/urbeamea.ro\\\/albaiulia\\\/copiii-si-anxietatea-tema-lunii-octombrie-la-atelierul-de-parenting-bebebiblioteca-al-bibliotecii-judetene-lucian-blaga-alba-iulia\\\/#primaryimage\"},\"thumbnailUrl\":\"https:\\\/\\\/urbeamea.ro\\\/albaiulia\\\/wp-content\\\/uploads\\\/2025\\\/10\\\/1000052567.jpg\",\"datePublished\":\"2025-10-22T09:20:22+00:00\",\"dateModified\":\"2025-10-22T09:20:24+00:00\",\"author\":{\"@id\":\"https:\\\/\\\/urbeamea.ro\\\/albaiulia\\\/#\\\/schema\\\/person\\\/5db3854ac38c1cc9f0ab4092d6a20f02\"},\"description\":\"Parentingul este un termen preluat din limba englez\u0103 ce define\u0219te un curent de educa\u021bie familial\u0103 ce se realizeaz\u0103 prin dob\u00e2ndirea unor abilit\u0103\u021bi care s\u0103\",\"breadcrumb\":{\"@id\":\"https:\\\/\\\/urbeamea.ro\\\/albaiulia\\\/copiii-si-anxietatea-tema-lunii-octombrie-la-atelierul-de-parenting-bebebiblioteca-al-bibliotecii-judetene-lucian-blaga-alba-iulia\\\/#breadcrumb\"},\"inLanguage\":\"ro-RO\",\"potentialAction\":[{\"@type\":\"ReadAction\",\"target\":[\"https:\\\/\\\/urbeamea.ro\\\/albaiulia\\\/copiii-si-anxietatea-tema-lunii-octombrie-la-atelierul-de-parenting-bebebiblioteca-al-bibliotecii-judetene-lucian-blaga-alba-iulia\\\/\"]}]},{\"@type\":\"ImageObject\",\"inLanguage\":\"ro-RO\",\"@id\":\"https:\\\/\\\/urbeamea.ro\\\/albaiulia\\\/copiii-si-anxietatea-tema-lunii-octombrie-la-atelierul-de-parenting-bebebiblioteca-al-bibliotecii-judetene-lucian-blaga-alba-iulia\\\/#primaryimage\",\"url\":\"https:\\\/\\\/urbeamea.ro\\\/albaiulia\\\/wp-content\\\/uploads\\\/2025\\\/10\\\/1000052567.jpg\",\"contentUrl\":\"https:\\\/\\\/urbeamea.ro\\\/albaiulia\\\/wp-content\\\/uploads\\\/2025\\\/10\\\/1000052567.jpg\",\"width\":1275,\"height\":1875},{\"@type\":\"BreadcrumbList\",\"@id\":\"https:\\\/\\\/urbeamea.ro\\\/albaiulia\\\/copiii-si-anxietatea-tema-lunii-octombrie-la-atelierul-de-parenting-bebebiblioteca-al-bibliotecii-judetene-lucian-blaga-alba-iulia\\\/#breadcrumb\",\"itemListElement\":[{\"@type\":\"ListItem\",\"position\":1,\"name\":\"Prima pagin\u0103\",\"item\":\"https:\\\/\\\/urbeamea.ro\\\/albaiulia\\\/\"},{\"@type\":\"ListItem\",\"position\":2,\"name\":\"&#8222;Copiii \u0219i anxietatea&#8221;, tema lunii octombrie la atelierul de parenting BebeBiblioteca, al Bibliotecii Jude\u021bene &#8222;Lucian Blaga&#8221; Alba Iulia\"}]},{\"@type\":\"WebSite\",\"@id\":\"https:\\\/\\\/urbeamea.ro\\\/albaiulia\\\/#website\",\"url\":\"https:\\\/\\\/urbeamea.ro\\\/albaiulia\\\/\",\"name\":\"Revista Urbea Mea, Stiri urbane\",\"description\":\"Evenimente \u0219i \u0219tiri din Alba Iulia, Sebe\u0219, Aiud, Blaj\",\"potentialAction\":[{\"@type\":\"SearchAction\",\"target\":{\"@type\":\"EntryPoint\",\"urlTemplate\":\"https:\\\/\\\/urbeamea.ro\\\/albaiulia\\\/?s={search_term_string}\"},\"query-input\":{\"@type\":\"PropertyValueSpecification\",\"valueRequired\":true,\"valueName\":\"search_term_string\"}}],\"inLanguage\":\"ro-RO\"},{\"@type\":\"Person\",\"@id\":\"https:\\\/\\\/urbeamea.ro\\\/albaiulia\\\/#\\\/schema\\\/person\\\/5db3854ac38c1cc9f0ab4092d6a20f02\",\"name\":\"Giurca Sorin\",\"image\":{\"@type\":\"ImageObject\",\"inLanguage\":\"ro-RO\",\"@id\":\"https:\\\/\\\/secure.gravatar.com\\\/avatar\\\/120f6fcae7b3b47a7730cb9943f612f4909f68ac5284b5f40ac1c4615fd70576?s=96&d=mm&r=g\",\"url\":\"https:\\\/\\\/secure.gravatar.com\\\/avatar\\\/120f6fcae7b3b47a7730cb9943f612f4909f68ac5284b5f40ac1c4615fd70576?s=96&d=mm&r=g\",\"contentUrl\":\"https:\\\/\\\/secure.gravatar.com\\\/avatar\\\/120f6fcae7b3b47a7730cb9943f612f4909f68ac5284b5f40ac1c4615fd70576?s=96&d=mm&r=g\",\"caption\":\"Giurca Sorin\"},\"url\":\"https:\\\/\\\/urbeamea.ro\\\/albaiulia\\\/author\\\/sorin\\\/\"}]}<\/script>\n<!-- \/ Yoast SEO plugin. -->","yoast_head_json":{"title":"\"Copiii \u0219i anxietatea\", tema lunii octombrie la atelierul de parenting BebeBiblioteca, al Bibliotecii Jude\u021bene \"Lucian Blaga\" Alba Iulia - Revista Urbea Mea - Revista de Alba","description":"Parentingul este un termen preluat din limba englez\u0103 ce define\u0219te un curent de educa\u021bie familial\u0103 ce se realizeaz\u0103 prin dob\u00e2ndirea unor abilit\u0103\u021bi care s\u0103","robots":{"index":"index","follow":"follow","max-snippet":"max-snippet:-1","max-image-preview":"max-image-preview:large","max-video-preview":"max-video-preview:-1"},"canonical":"https:\/\/urbeamea.ro\/albaiulia\/copiii-si-anxietatea-tema-lunii-octombrie-la-atelierul-de-parenting-bebebiblioteca-al-bibliotecii-judetene-lucian-blaga-alba-iulia\/","twitter_card":"summary_large_image","twitter_title":"\"Copiii \u0219i anxietatea\", tema lunii octombrie la atelierul de parenting BebeBiblioteca, al Bibliotecii Jude\u021bene \"Lucian Blaga\" Alba Iulia - Revista Urbea Mea - Revista de Alba","twitter_description":"Parentingul este un termen preluat din limba englez\u0103 ce define\u0219te un curent de educa\u021bie familial\u0103 ce se realizeaz\u0103 prin dob\u00e2ndirea unor abilit\u0103\u021bi care s\u0103","twitter_image":"https:\/\/urbeamea.ro\/albaiulia\/wp-content\/uploads\/2025\/10\/1000052567.jpg","twitter_creator":"@urbeameaweb","twitter_site":"@urbeameaweb","schema":{"@context":"https:\/\/schema.org","@graph":[{"@type":"Article","@id":"https:\/\/urbeamea.ro\/albaiulia\/copiii-si-anxietatea-tema-lunii-octombrie-la-atelierul-de-parenting-bebebiblioteca-al-bibliotecii-judetene-lucian-blaga-alba-iulia\/#article","isPartOf":{"@id":"https:\/\/urbeamea.ro\/albaiulia\/copiii-si-anxietatea-tema-lunii-octombrie-la-atelierul-de-parenting-bebebiblioteca-al-bibliotecii-judetene-lucian-blaga-alba-iulia\/"},"author":{"name":"Giurca Sorin","@id":"https:\/\/urbeamea.ro\/albaiulia\/#\/schema\/person\/5db3854ac38c1cc9f0ab4092d6a20f02"},"headline":"&#8222;Copiii \u0219i anxietatea&#8221;, tema lunii octombrie la atelierul de parenting BebeBiblioteca, al Bibliotecii Jude\u021bene &#8222;Lucian Blaga&#8221; Alba Iulia","datePublished":"2025-10-22T09:20:22+00:00","dateModified":"2025-10-22T09:20:24+00:00","mainEntityOfPage":{"@id":"https:\/\/urbeamea.ro\/albaiulia\/copiii-si-anxietatea-tema-lunii-octombrie-la-atelierul-de-parenting-bebebiblioteca-al-bibliotecii-judetene-lucian-blaga-alba-iulia\/"},"wordCount":421,"commentCount":0,"image":{"@id":"https:\/\/urbeamea.ro\/albaiulia\/copiii-si-anxietatea-tema-lunii-octombrie-la-atelierul-de-parenting-bebebiblioteca-al-bibliotecii-judetene-lucian-blaga-alba-iulia\/#primaryimage"},"thumbnailUrl":"https:\/\/urbeamea.ro\/albaiulia\/wp-content\/uploads\/2025\/10\/1000052567.jpg","keywords":["bebebiblioteca"],"articleSection":["Cluburi","Educa\u021bie","Evenimente","Monden","S\u0103n\u0103tate","Social","\u015etiri Urbane","Urbea Mea"],"inLanguage":"ro-RO","potentialAction":[{"@type":"CommentAction","name":"Comment","target":["https:\/\/urbeamea.ro\/albaiulia\/copiii-si-anxietatea-tema-lunii-octombrie-la-atelierul-de-parenting-bebebiblioteca-al-bibliotecii-judetene-lucian-blaga-alba-iulia\/#respond"]}]},{"@type":"WebPage","@id":"https:\/\/urbeamea.ro\/albaiulia\/copiii-si-anxietatea-tema-lunii-octombrie-la-atelierul-de-parenting-bebebiblioteca-al-bibliotecii-judetene-lucian-blaga-alba-iulia\/","url":"https:\/\/urbeamea.ro\/albaiulia\/copiii-si-anxietatea-tema-lunii-octombrie-la-atelierul-de-parenting-bebebiblioteca-al-bibliotecii-judetene-lucian-blaga-alba-iulia\/","name":"\"Copiii \u0219i anxietatea\", tema lunii octombrie la atelierul de parenting BebeBiblioteca, al Bibliotecii Jude\u021bene \"Lucian Blaga\" Alba Iulia - Revista Urbea Mea - Revista de Alba","isPartOf":{"@id":"https:\/\/urbeamea.ro\/albaiulia\/#website"},"primaryImageOfPage":{"@id":"https:\/\/urbeamea.ro\/albaiulia\/copiii-si-anxietatea-tema-lunii-octombrie-la-atelierul-de-parenting-bebebiblioteca-al-bibliotecii-judetene-lucian-blaga-alba-iulia\/#primaryimage"},"image":{"@id":"https:\/\/urbeamea.ro\/albaiulia\/copiii-si-anxietatea-tema-lunii-octombrie-la-atelierul-de-parenting-bebebiblioteca-al-bibliotecii-judetene-lucian-blaga-alba-iulia\/#primaryimage"},"thumbnailUrl":"https:\/\/urbeamea.ro\/albaiulia\/wp-content\/uploads\/2025\/10\/1000052567.jpg","datePublished":"2025-10-22T09:20:22+00:00","dateModified":"2025-10-22T09:20:24+00:00","author":{"@id":"https:\/\/urbeamea.ro\/albaiulia\/#\/schema\/person\/5db3854ac38c1cc9f0ab4092d6a20f02"},"description":"Parentingul este un termen preluat din limba englez\u0103 ce define\u0219te un curent de educa\u021bie familial\u0103 ce se realizeaz\u0103 prin dob\u00e2ndirea unor abilit\u0103\u021bi care s\u0103","breadcrumb":{"@id":"https:\/\/urbeamea.ro\/albaiulia\/copiii-si-anxietatea-tema-lunii-octombrie-la-atelierul-de-parenting-bebebiblioteca-al-bibliotecii-judetene-lucian-blaga-alba-iulia\/#breadcrumb"},"inLanguage":"ro-RO","potentialAction":[{"@type":"ReadAction","target":["https:\/\/urbeamea.ro\/albaiulia\/copiii-si-anxietatea-tema-lunii-octombrie-la-atelierul-de-parenting-bebebiblioteca-al-bibliotecii-judetene-lucian-blaga-alba-iulia\/"]}]},{"@type":"ImageObject","inLanguage":"ro-RO","@id":"https:\/\/urbeamea.ro\/albaiulia\/copiii-si-anxietatea-tema-lunii-octombrie-la-atelierul-de-parenting-bebebiblioteca-al-bibliotecii-judetene-lucian-blaga-alba-iulia\/#primaryimage","url":"https:\/\/urbeamea.ro\/albaiulia\/wp-content\/uploads\/2025\/10\/1000052567.jpg","contentUrl":"https:\/\/urbeamea.ro\/albaiulia\/wp-content\/uploads\/2025\/10\/1000052567.jpg","width":1275,"height":1875},{"@type":"BreadcrumbList","@id":"https:\/\/urbeamea.ro\/albaiulia\/copiii-si-anxietatea-tema-lunii-octombrie-la-atelierul-de-parenting-bebebiblioteca-al-bibliotecii-judetene-lucian-blaga-alba-iulia\/#breadcrumb","itemListElement":[{"@type":"ListItem","position":1,"name":"Prima pagin\u0103","item":"https:\/\/urbeamea.ro\/albaiulia\/"},{"@type":"ListItem","position":2,"name":"&#8222;Copiii \u0219i anxietatea&#8221;, tema lunii octombrie la atelierul de parenting BebeBiblioteca, al Bibliotecii Jude\u021bene &#8222;Lucian Blaga&#8221; Alba Iulia"}]},{"@type":"WebSite","@id":"https:\/\/urbeamea.ro\/albaiulia\/#website","url":"https:\/\/urbeamea.ro\/albaiulia\/","name":"Revista Urbea Mea, Stiri urbane","description":"Evenimente \u0219i \u0219tiri din Alba Iulia, Sebe\u0219, Aiud, Blaj","potentialAction":[{"@type":"SearchAction","target":{"@type":"EntryPoint","urlTemplate":"https:\/\/urbeamea.ro\/albaiulia\/?s={search_term_string}"},"query-input":{"@type":"PropertyValueSpecification","valueRequired":true,"valueName":"search_term_string"}}],"inLanguage":"ro-RO"},{"@type":"Person","@id":"https:\/\/urbeamea.ro\/albaiulia\/#\/schema\/person\/5db3854ac38c1cc9f0ab4092d6a20f02","name":"Giurca Sorin","image":{"@type":"ImageObject","inLanguage":"ro-RO","@id":"https:\/\/secure.gravatar.com\/avatar\/120f6fcae7b3b47a7730cb9943f612f4909f68ac5284b5f40ac1c4615fd70576?s=96&d=mm&r=g","url":"https:\/\/secure.gravatar.com\/avatar\/120f6fcae7b3b47a7730cb9943f612f4909f68ac5284b5f40ac1c4615fd70576?s=96&d=mm&r=g","contentUrl":"https:\/\/secure.gravatar.com\/avatar\/120f6fcae7b3b47a7730cb9943f612f4909f68ac5284b5f40ac1c4615fd70576?s=96&d=mm&r=g","caption":"Giurca Sorin"},"url":"https:\/\/urbeamea.ro\/albaiulia\/author\/sorin\/"}]}},"_links":{"self":[{"href":"https:\/\/urbeamea.ro\/albaiulia\/wp-json\/wp\/v2\/posts\/120162","targetHints":{"allow":["GET"]}}],"collection":[{"href":"https:\/\/urbeamea.ro\/albaiulia\/wp-json\/wp\/v2\/posts"}],"about":[{"href":"https:\/\/urbeamea.ro\/albaiulia\/wp-json\/wp\/v2\/types\/post"}],"author":[{"embeddable":true,"href":"https:\/\/urbeamea.ro\/albaiulia\/wp-json\/wp\/v2\/users\/28"}],"replies":[{"embeddable":true,"href":"https:\/\/urbeamea.ro\/albaiulia\/wp-json\/wp\/v2\/comments?post=120162"}],"version-history":[{"count":1,"href":"https:\/\/urbeamea.ro\/albaiulia\/wp-json\/wp\/v2\/posts\/120162\/revisions"}],"predecessor-version":[{"id":120164,"href":"https:\/\/urbeamea.ro\/albaiulia\/wp-json\/wp\/v2\/posts\/120162\/revisions\/120164"}],"wp:featuredmedia":[{"embeddable":true,"href":"https:\/\/urbeamea.ro\/albaiulia\/wp-json\/wp\/v2\/media\/120163"}],"wp:attachment":[{"href":"https:\/\/urbeamea.ro\/albaiulia\/wp-json\/wp\/v2\/media?parent=120162"}],"wp:term":[{"taxonomy":"category","embeddable":true,"href":"https:\/\/urbeamea.ro\/albaiulia\/wp-json\/wp\/v2\/categories?post=120162"},{"taxonomy":"post_tag","embeddable":true,"href":"https:\/\/urbeamea.ro\/albaiulia\/wp-json\/wp\/v2\/tags?post=120162"}],"curies":[{"name":"wp","href":"https:\/\/api.w.org\/{rel}","templated":true}]}}