{"id":120167,"date":"2025-10-22T15:25:15","date_gmt":"2025-10-22T12:25:15","guid":{"rendered":"https:\/\/urbeamea.ro\/albaiulia\/?p=120167"},"modified":"2025-10-22T15:26:37","modified_gmt":"2025-10-22T12:26:37","slug":"povestea-piesei-inima-lo","status":"publish","type":"post","link":"https:\/\/urbeamea.ro\/albaiulia\/povestea-piesei-inima-lo\/","title":{"rendered":"Povestea piesei \u201eInima\u201d \u2013 Lo."},"content":{"rendered":"\n<h2 class=\"wp-block-heading\">\u201eInima\u201d e o pies\u0103 care s-a n\u0103scut dintr-o stare de bucurie simpl\u0103 \u2014 dorin\u021ba de a crea ceva care s\u0103 m\u0103 reprezinte pe deplin. Am vrut s\u0103 fie o melodie u\u0219oar\u0103, juc\u0103u\u0219\u0103, cu un vibe de var\u0103, care s\u0103 aduc\u0103 z\u00e2mbete \u0219i s\u0103 vorbeasc\u0103 despre lucrurile frumoase, sincere \u0219i imperfecte dintr-o rela\u021bie.<\/h2>\n\n\n\n<p>Totul a pornit de la \u201eNoros cecer\u201d de Mircea Vintil\u0103, o melodie care m-a inspirat prin felul ei senin \u0219i liber. Mi-a pl\u0103cut cum transmite emo\u021bie f\u0103r\u0103 dramatism, cum r\u0103m\u00e2ne luminoas\u0103 chiar \u0219i atunci c\u00e2nd vorbe\u0219te despre tr\u0103iri profunde. Cu aceea\u0219i energie am \u00eenceput s\u0103 construim \u201eInima\u201d, al\u0103turi de produc\u0103torul Alex Vladimir, care a adus un sound cald, colorat \u2014 o combina\u021bie de R&amp;B \u0219i afro pop ce face piesa s\u0103 pulseze \u00een ritmul sentimentelor.<\/p>\n\n\n\n<p>Versurile sunt o oglind\u0103 a mea \u2014 spontane, sincere \u0219i cu pu\u021bin umor.<\/p>\n\n\n\n<p>\u201eDe diminea\u021b\u0103 mi vine s\u0103 te sun \/ Chiar dac\u0103 asear\u0103 te-am f\u0103cut nebun\u201d<br>\u201eVreau s\u0103-\u021bi fac o inim\u0103-n cafea\u201d<\/p>\n\n\n\n<p>Sunt versuri despre felul acela natural de a iubi: f\u0103r\u0103 re\u021bete, f\u0103r\u0103 perfec\u021biune, cu tot ce vine \u2014 foc, team\u0103, dor, \u0219i mai ales, bucurie. \u00cen refren, mesajul devine clar:<\/p>\n\n\n\n<p>\u201eTot ce am eu e \u00een inima mea\u201d \u2014 o declara\u021bie de autenticitate, despre a tr\u0103i \u0219i a iubi sincer, exact a\u0219a cum e\u0219ti.<\/p>\n\n\n\n<p>Videoclipul, realizat de Bogdan Georgescu (Rebel Noise Films), surprinde aceast\u0103 simplitate vie. Am filmat \u00een locurile care spun povestea mea \u2014 la cafeneaua Garaj, locul unde lucrez \u0219i care a devenit o a doua cas\u0103, pe malul Mure\u0219ului, acolo unde timpul parc\u0103 st\u0103 pe loc, \u0219i \u00een vechiul \u0219trand municipal, locul care p\u0103streaz\u0103 amintirea verilor f\u0103r\u0103 griji.<\/p>\n\n\n\n<p>\u201eInima\u201d e despre mine, dar \u0219i despre tine, despre oricine a sim\u021bit vreodat\u0103 cum inima o ia \u00eenaintea min\u021bii. E o pies\u0103 despre libertatea de a fi tu, despre iubire f\u0103r\u0103 reguli \u0219i despre micile momente care fac via\u021ba&nbsp;mai&nbsp;frumoas\u0103.<\/p>\n","protected":false},"excerpt":{"rendered":"<p>\u201eInima\u201d e o pies\u0103 care s-a n\u0103scut dintr-o stare de bucurie simpl\u0103 \u2014 dorin\u021ba de a crea ceva care s\u0103 m\u0103 reprezinte pe deplin. Am vrut s\u0103 fie o melodie u\u0219oar\u0103, juc\u0103u\u0219\u0103, cu un vibe de var\u0103, care s\u0103 aduc\u0103 z\u00e2mbete \u0219i s\u0103 vorbeasc\u0103 despre lucrurile frumoase, sincere \u0219i imperfecte dintr-o rela\u021bie. Totul a pornit &hellip;<\/p>\n","protected":false},"author":16,"featured_media":120168,"comment_status":"open","ping_status":"open","sticky":false,"template":"","format":"standard","meta":{"inline_featured_image":false,"footnotes":""},"categories":[16567],"tags":[25449,25450],"class_list":["post-120167","post","type-post","status-publish","format-standard","has-post-thumbnail","hentry","category-muzica","tag-ioana-plesa","tag-lo"],"yoast_head":"<!-- This site is optimized with the Yoast SEO plugin v27.4 - https:\/\/yoast.com\/product\/yoast-seo-wordpress\/ -->\n<title>Povestea piesei \u201eInima\u201d \u2013 Lo. - Revista Urbea Mea - Revista de Alba<\/title>\n<meta name=\"description\" content=\"\u201eInima\u201d e o pies\u0103 care s-a n\u0103scut dintr-o stare de bucurie simpl\u0103 \u2014 dorin\u021ba de a crea ceva care s\u0103 m\u0103 reprezinte pe deplin. Am vrut s\u0103 fie o melodie\" \/>\n<meta name=\"robots\" content=\"index, follow, max-snippet:-1, max-image-preview:large, max-video-preview:-1\" \/>\n<link rel=\"canonical\" href=\"https:\/\/urbeamea.ro\/albaiulia\/povestea-piesei-inima-lo\/\" \/>\n<meta name=\"twitter:card\" content=\"summary_large_image\" \/>\n<meta name=\"twitter:title\" content=\"Povestea piesei \u201eInima\u201d \u2013 Lo. - Revista Urbea Mea - Revista de Alba\" \/>\n<meta name=\"twitter:description\" content=\"\u201eInima\u201d e o pies\u0103 care s-a n\u0103scut dintr-o stare de bucurie simpl\u0103 \u2014 dorin\u021ba de a crea ceva care s\u0103 m\u0103 reprezinte pe deplin. Am vrut s\u0103 fie o melodie\" \/>\n<meta name=\"twitter:image\" content=\"https:\/\/urbeamea.ro\/albaiulia\/wp-content\/uploads\/2025\/10\/lo.jpg\" \/>\n<meta name=\"twitter:creator\" content=\"@urbeameaweb\" \/>\n<meta name=\"twitter:site\" content=\"@urbeameaweb\" \/>\n<script type=\"application\/ld+json\" class=\"yoast-schema-graph\">{\"@context\":\"https:\\\/\\\/schema.org\",\"@graph\":[{\"@type\":\"Article\",\"@id\":\"https:\\\/\\\/urbeamea.ro\\\/albaiulia\\\/povestea-piesei-inima-lo\\\/#article\",\"isPartOf\":{\"@id\":\"https:\\\/\\\/urbeamea.ro\\\/albaiulia\\\/povestea-piesei-inima-lo\\\/\"},\"author\":{\"name\":\"Redac\u021bia UrbeaMea\",\"@id\":\"https:\\\/\\\/urbeamea.ro\\\/albaiulia\\\/#\\\/schema\\\/person\\\/272ae98052f8ee8980f59848df070247\"},\"headline\":\"Povestea piesei \u201eInima\u201d \u2013 Lo.\",\"datePublished\":\"2025-10-22T12:25:15+00:00\",\"dateModified\":\"2025-10-22T12:26:37+00:00\",\"mainEntityOfPage\":{\"@id\":\"https:\\\/\\\/urbeamea.ro\\\/albaiulia\\\/povestea-piesei-inima-lo\\\/\"},\"wordCount\":351,\"commentCount\":0,\"image\":{\"@id\":\"https:\\\/\\\/urbeamea.ro\\\/albaiulia\\\/povestea-piesei-inima-lo\\\/#primaryimage\"},\"thumbnailUrl\":\"https:\\\/\\\/urbeamea.ro\\\/albaiulia\\\/wp-content\\\/uploads\\\/2025\\\/10\\\/lo.jpg\",\"keywords\":[\"Ioana Plesa\",\"Lo.\"],\"articleSection\":[\"Muzic\u0103\"],\"inLanguage\":\"ro-RO\",\"potentialAction\":[{\"@type\":\"CommentAction\",\"name\":\"Comment\",\"target\":[\"https:\\\/\\\/urbeamea.ro\\\/albaiulia\\\/povestea-piesei-inima-lo\\\/#respond\"]}]},{\"@type\":\"WebPage\",\"@id\":\"https:\\\/\\\/urbeamea.ro\\\/albaiulia\\\/povestea-piesei-inima-lo\\\/\",\"url\":\"https:\\\/\\\/urbeamea.ro\\\/albaiulia\\\/povestea-piesei-inima-lo\\\/\",\"name\":\"Povestea piesei \u201eInima\u201d \u2013 Lo. - Revista Urbea Mea - Revista de Alba\",\"isPartOf\":{\"@id\":\"https:\\\/\\\/urbeamea.ro\\\/albaiulia\\\/#website\"},\"primaryImageOfPage\":{\"@id\":\"https:\\\/\\\/urbeamea.ro\\\/albaiulia\\\/povestea-piesei-inima-lo\\\/#primaryimage\"},\"image\":{\"@id\":\"https:\\\/\\\/urbeamea.ro\\\/albaiulia\\\/povestea-piesei-inima-lo\\\/#primaryimage\"},\"thumbnailUrl\":\"https:\\\/\\\/urbeamea.ro\\\/albaiulia\\\/wp-content\\\/uploads\\\/2025\\\/10\\\/lo.jpg\",\"datePublished\":\"2025-10-22T12:25:15+00:00\",\"dateModified\":\"2025-10-22T12:26:37+00:00\",\"author\":{\"@id\":\"https:\\\/\\\/urbeamea.ro\\\/albaiulia\\\/#\\\/schema\\\/person\\\/272ae98052f8ee8980f59848df070247\"},\"description\":\"\u201eInima\u201d e o pies\u0103 care s-a n\u0103scut dintr-o stare de bucurie simpl\u0103 \u2014 dorin\u021ba de a crea ceva care s\u0103 m\u0103 reprezinte pe deplin. Am vrut s\u0103 fie o melodie\",\"breadcrumb\":{\"@id\":\"https:\\\/\\\/urbeamea.ro\\\/albaiulia\\\/povestea-piesei-inima-lo\\\/#breadcrumb\"},\"inLanguage\":\"ro-RO\",\"potentialAction\":[{\"@type\":\"ReadAction\",\"target\":[\"https:\\\/\\\/urbeamea.ro\\\/albaiulia\\\/povestea-piesei-inima-lo\\\/\"]}]},{\"@type\":\"ImageObject\",\"inLanguage\":\"ro-RO\",\"@id\":\"https:\\\/\\\/urbeamea.ro\\\/albaiulia\\\/povestea-piesei-inima-lo\\\/#primaryimage\",\"url\":\"https:\\\/\\\/urbeamea.ro\\\/albaiulia\\\/wp-content\\\/uploads\\\/2025\\\/10\\\/lo.jpg\",\"contentUrl\":\"https:\\\/\\\/urbeamea.ro\\\/albaiulia\\\/wp-content\\\/uploads\\\/2025\\\/10\\\/lo.jpg\",\"width\":1600,\"height\":817},{\"@type\":\"BreadcrumbList\",\"@id\":\"https:\\\/\\\/urbeamea.ro\\\/albaiulia\\\/povestea-piesei-inima-lo\\\/#breadcrumb\",\"itemListElement\":[{\"@type\":\"ListItem\",\"position\":1,\"name\":\"Prima pagin\u0103\",\"item\":\"https:\\\/\\\/urbeamea.ro\\\/albaiulia\\\/\"},{\"@type\":\"ListItem\",\"position\":2,\"name\":\"Povestea piesei \u201eInima\u201d \u2013 Lo.\"}]},{\"@type\":\"WebSite\",\"@id\":\"https:\\\/\\\/urbeamea.ro\\\/albaiulia\\\/#website\",\"url\":\"https:\\\/\\\/urbeamea.ro\\\/albaiulia\\\/\",\"name\":\"Revista Urbea Mea, Stiri urbane\",\"description\":\"Evenimente \u0219i \u0219tiri din Alba Iulia, Sebe\u0219, Aiud, Blaj\",\"potentialAction\":[{\"@type\":\"SearchAction\",\"target\":{\"@type\":\"EntryPoint\",\"urlTemplate\":\"https:\\\/\\\/urbeamea.ro\\\/albaiulia\\\/?s={search_term_string}\"},\"query-input\":{\"@type\":\"PropertyValueSpecification\",\"valueRequired\":true,\"valueName\":\"search_term_string\"}}],\"inLanguage\":\"ro-RO\"},{\"@type\":\"Person\",\"@id\":\"https:\\\/\\\/urbeamea.ro\\\/albaiulia\\\/#\\\/schema\\\/person\\\/272ae98052f8ee8980f59848df070247\",\"name\":\"Redac\u021bia UrbeaMea\",\"image\":{\"@type\":\"ImageObject\",\"inLanguage\":\"ro-RO\",\"@id\":\"https:\\\/\\\/secure.gravatar.com\\\/avatar\\\/9ce5a9435071fa1037e8468053ead8e513dbbff59009d3069aadb85506d85a27?s=96&d=mm&r=g\",\"url\":\"https:\\\/\\\/secure.gravatar.com\\\/avatar\\\/9ce5a9435071fa1037e8468053ead8e513dbbff59009d3069aadb85506d85a27?s=96&d=mm&r=g\",\"contentUrl\":\"https:\\\/\\\/secure.gravatar.com\\\/avatar\\\/9ce5a9435071fa1037e8468053ead8e513dbbff59009d3069aadb85506d85a27?s=96&d=mm&r=g\",\"caption\":\"Redac\u021bia UrbeaMea\"},\"description\":\"contact@urbeamea.ro\",\"sameAs\":[\"https:\\\/\\\/www.urbeamea.ro\"],\"url\":\"https:\\\/\\\/urbeamea.ro\\\/albaiulia\\\/author\\\/redactia-urbeamea\\\/\"}]}<\/script>\n<!-- \/ Yoast SEO plugin. -->","yoast_head_json":{"title":"Povestea piesei \u201eInima\u201d \u2013 Lo. - Revista Urbea Mea - Revista de Alba","description":"\u201eInima\u201d e o pies\u0103 care s-a n\u0103scut dintr-o stare de bucurie simpl\u0103 \u2014 dorin\u021ba de a crea ceva care s\u0103 m\u0103 reprezinte pe deplin. Am vrut s\u0103 fie o melodie","robots":{"index":"index","follow":"follow","max-snippet":"max-snippet:-1","max-image-preview":"max-image-preview:large","max-video-preview":"max-video-preview:-1"},"canonical":"https:\/\/urbeamea.ro\/albaiulia\/povestea-piesei-inima-lo\/","twitter_card":"summary_large_image","twitter_title":"Povestea piesei \u201eInima\u201d \u2013 Lo. - Revista Urbea Mea - Revista de Alba","twitter_description":"\u201eInima\u201d e o pies\u0103 care s-a n\u0103scut dintr-o stare de bucurie simpl\u0103 \u2014 dorin\u021ba de a crea ceva care s\u0103 m\u0103 reprezinte pe deplin. Am vrut s\u0103 fie o melodie","twitter_image":"https:\/\/urbeamea.ro\/albaiulia\/wp-content\/uploads\/2025\/10\/lo.jpg","twitter_creator":"@urbeameaweb","twitter_site":"@urbeameaweb","schema":{"@context":"https:\/\/schema.org","@graph":[{"@type":"Article","@id":"https:\/\/urbeamea.ro\/albaiulia\/povestea-piesei-inima-lo\/#article","isPartOf":{"@id":"https:\/\/urbeamea.ro\/albaiulia\/povestea-piesei-inima-lo\/"},"author":{"name":"Redac\u021bia UrbeaMea","@id":"https:\/\/urbeamea.ro\/albaiulia\/#\/schema\/person\/272ae98052f8ee8980f59848df070247"},"headline":"Povestea piesei \u201eInima\u201d \u2013 Lo.","datePublished":"2025-10-22T12:25:15+00:00","dateModified":"2025-10-22T12:26:37+00:00","mainEntityOfPage":{"@id":"https:\/\/urbeamea.ro\/albaiulia\/povestea-piesei-inima-lo\/"},"wordCount":351,"commentCount":0,"image":{"@id":"https:\/\/urbeamea.ro\/albaiulia\/povestea-piesei-inima-lo\/#primaryimage"},"thumbnailUrl":"https:\/\/urbeamea.ro\/albaiulia\/wp-content\/uploads\/2025\/10\/lo.jpg","keywords":["Ioana Plesa","Lo."],"articleSection":["Muzic\u0103"],"inLanguage":"ro-RO","potentialAction":[{"@type":"CommentAction","name":"Comment","target":["https:\/\/urbeamea.ro\/albaiulia\/povestea-piesei-inima-lo\/#respond"]}]},{"@type":"WebPage","@id":"https:\/\/urbeamea.ro\/albaiulia\/povestea-piesei-inima-lo\/","url":"https:\/\/urbeamea.ro\/albaiulia\/povestea-piesei-inima-lo\/","name":"Povestea piesei \u201eInima\u201d \u2013 Lo. - Revista Urbea Mea - Revista de Alba","isPartOf":{"@id":"https:\/\/urbeamea.ro\/albaiulia\/#website"},"primaryImageOfPage":{"@id":"https:\/\/urbeamea.ro\/albaiulia\/povestea-piesei-inima-lo\/#primaryimage"},"image":{"@id":"https:\/\/urbeamea.ro\/albaiulia\/povestea-piesei-inima-lo\/#primaryimage"},"thumbnailUrl":"https:\/\/urbeamea.ro\/albaiulia\/wp-content\/uploads\/2025\/10\/lo.jpg","datePublished":"2025-10-22T12:25:15+00:00","dateModified":"2025-10-22T12:26:37+00:00","author":{"@id":"https:\/\/urbeamea.ro\/albaiulia\/#\/schema\/person\/272ae98052f8ee8980f59848df070247"},"description":"\u201eInima\u201d e o pies\u0103 care s-a n\u0103scut dintr-o stare de bucurie simpl\u0103 \u2014 dorin\u021ba de a crea ceva care s\u0103 m\u0103 reprezinte pe deplin. Am vrut s\u0103 fie o melodie","breadcrumb":{"@id":"https:\/\/urbeamea.ro\/albaiulia\/povestea-piesei-inima-lo\/#breadcrumb"},"inLanguage":"ro-RO","potentialAction":[{"@type":"ReadAction","target":["https:\/\/urbeamea.ro\/albaiulia\/povestea-piesei-inima-lo\/"]}]},{"@type":"ImageObject","inLanguage":"ro-RO","@id":"https:\/\/urbeamea.ro\/albaiulia\/povestea-piesei-inima-lo\/#primaryimage","url":"https:\/\/urbeamea.ro\/albaiulia\/wp-content\/uploads\/2025\/10\/lo.jpg","contentUrl":"https:\/\/urbeamea.ro\/albaiulia\/wp-content\/uploads\/2025\/10\/lo.jpg","width":1600,"height":817},{"@type":"BreadcrumbList","@id":"https:\/\/urbeamea.ro\/albaiulia\/povestea-piesei-inima-lo\/#breadcrumb","itemListElement":[{"@type":"ListItem","position":1,"name":"Prima pagin\u0103","item":"https:\/\/urbeamea.ro\/albaiulia\/"},{"@type":"ListItem","position":2,"name":"Povestea piesei \u201eInima\u201d \u2013 Lo."}]},{"@type":"WebSite","@id":"https:\/\/urbeamea.ro\/albaiulia\/#website","url":"https:\/\/urbeamea.ro\/albaiulia\/","name":"Revista Urbea Mea, Stiri urbane","description":"Evenimente \u0219i \u0219tiri din Alba Iulia, Sebe\u0219, Aiud, Blaj","potentialAction":[{"@type":"SearchAction","target":{"@type":"EntryPoint","urlTemplate":"https:\/\/urbeamea.ro\/albaiulia\/?s={search_term_string}"},"query-input":{"@type":"PropertyValueSpecification","valueRequired":true,"valueName":"search_term_string"}}],"inLanguage":"ro-RO"},{"@type":"Person","@id":"https:\/\/urbeamea.ro\/albaiulia\/#\/schema\/person\/272ae98052f8ee8980f59848df070247","name":"Redac\u021bia UrbeaMea","image":{"@type":"ImageObject","inLanguage":"ro-RO","@id":"https:\/\/secure.gravatar.com\/avatar\/9ce5a9435071fa1037e8468053ead8e513dbbff59009d3069aadb85506d85a27?s=96&d=mm&r=g","url":"https:\/\/secure.gravatar.com\/avatar\/9ce5a9435071fa1037e8468053ead8e513dbbff59009d3069aadb85506d85a27?s=96&d=mm&r=g","contentUrl":"https:\/\/secure.gravatar.com\/avatar\/9ce5a9435071fa1037e8468053ead8e513dbbff59009d3069aadb85506d85a27?s=96&d=mm&r=g","caption":"Redac\u021bia UrbeaMea"},"description":"contact@urbeamea.ro","sameAs":["https:\/\/www.urbeamea.ro"],"url":"https:\/\/urbeamea.ro\/albaiulia\/author\/redactia-urbeamea\/"}]}},"_links":{"self":[{"href":"https:\/\/urbeamea.ro\/albaiulia\/wp-json\/wp\/v2\/posts\/120167","targetHints":{"allow":["GET"]}}],"collection":[{"href":"https:\/\/urbeamea.ro\/albaiulia\/wp-json\/wp\/v2\/posts"}],"about":[{"href":"https:\/\/urbeamea.ro\/albaiulia\/wp-json\/wp\/v2\/types\/post"}],"author":[{"embeddable":true,"href":"https:\/\/urbeamea.ro\/albaiulia\/wp-json\/wp\/v2\/users\/16"}],"replies":[{"embeddable":true,"href":"https:\/\/urbeamea.ro\/albaiulia\/wp-json\/wp\/v2\/comments?post=120167"}],"version-history":[{"count":2,"href":"https:\/\/urbeamea.ro\/albaiulia\/wp-json\/wp\/v2\/posts\/120167\/revisions"}],"predecessor-version":[{"id":120170,"href":"https:\/\/urbeamea.ro\/albaiulia\/wp-json\/wp\/v2\/posts\/120167\/revisions\/120170"}],"wp:featuredmedia":[{"embeddable":true,"href":"https:\/\/urbeamea.ro\/albaiulia\/wp-json\/wp\/v2\/media\/120168"}],"wp:attachment":[{"href":"https:\/\/urbeamea.ro\/albaiulia\/wp-json\/wp\/v2\/media?parent=120167"}],"wp:term":[{"taxonomy":"category","embeddable":true,"href":"https:\/\/urbeamea.ro\/albaiulia\/wp-json\/wp\/v2\/categories?post=120167"},{"taxonomy":"post_tag","embeddable":true,"href":"https:\/\/urbeamea.ro\/albaiulia\/wp-json\/wp\/v2\/tags?post=120167"}],"curies":[{"name":"wp","href":"https:\/\/api.w.org\/{rel}","templated":true}]}}