{"id":120236,"date":"2025-10-26T13:43:47","date_gmt":"2025-10-26T11:43:47","guid":{"rendered":"https:\/\/urbeamea.ro\/albaiulia\/?p=120236"},"modified":"2025-10-26T13:43:49","modified_gmt":"2025-10-26T11:43:49","slug":"sfantul-mare-mucenic-dimitrie-izvoratorul-de-mir","status":"publish","type":"post","link":"https:\/\/urbeamea.ro\/albaiulia\/sfantul-mare-mucenic-dimitrie-izvoratorul-de-mir\/","title":{"rendered":"Sf\u00e2ntul Mare Mucenic Dimitrie, Izvor\u00e2torul de Mir"},"content":{"rendered":"\n<p><strong>Cre\u0219tinii ortodoc\u0219i \u00eel s\u0103rb\u0103toresc ast\u0103zi pe Sf\u00e2ntul Mare Mucenic Dimitrie, Izvor\u00e2tul de Mir, sau Sf\u00e2ntul Dumitru.<\/strong><\/p>\n\n\n\n<p>Sf\u00e2ntul Dumitru este ocrotitor al ora\u0219ului Tesalonic, al tinerilor, al solda\u021bilor \u0219i al celor afla\u021bi \u00een suferin\u021b\u0103.<\/p>\n\n\n\n<p>Sf\u00e2ntul Dimitrie Izvor\u0103tor de Mir a tr\u0103it pe vremea \u00eemp\u0103ra\u021bilor Diocle\u021bian \u0219i Maximian Galeriu \u0219i era fiul voievodului cet\u0103\u021bii Tesalonicului. <\/p>\n\n\n\n<p>Acesta a fost botezat \u00een tain\u0103 de p\u0103rin\u021bii s\u0103i, de frica cruntelor prigoane \u00eempotriva cre\u0219tinilor. <\/p>\n\n\n\n<p>Sf\u00e2ntul Dumitru era \u00eenv\u0103\u021bat de c\u0103tre p\u0103rin\u021bii lui, \u00een c\u0103mara cea ascuns\u0103 a palatului lor, tainele sfintei credin\u021be, milostenia c\u0103tre cei s\u0103raci \u0219i facerea de bine c\u0103tre cei ce aveau nevoie.<\/p>\n\n\n\n<p>A\u0219a, Dimitrie a cunoscut adev\u0103rul din cuvintele p\u0103rin\u021bilor lui \u0219i a \u00eenceput a lucra \u00eentr-\u00eensul darul lui Dumnezeu. Sf. Dumitru a crescut cu \u00een\u021belepciune \u0219i, ajung\u00e2nd la v\u00e2rsta cea mai des\u0103v\u00e2r\u0219it\u0103, p\u0103rin\u021bii s-au stins din via\u021b\u0103 \u0219i l-au l\u0103sat pe Sf. Dimitrie mo\u0219tenitor al averii, dar \u0219i al bunului lor nume.<\/p>\n\n\n\n<p>C\u00e2nd Maximian \u00eemp\u0103ratul a auzit de moartea voievodului Tesalonicului, l-a chemat pe Sf. Dumitru \u0219i l-a f\u0103cut voievod \u00een locul tat\u0103lui s\u0103u. A fost primit cu mare cinste de cet\u0103\u021beni \u0219i conducea cu mult\u0103 vrednicie poporul, prop\u0103v\u0103duind pe fa\u021ba dreapt\u0103 credin\u021ba \u0219i aduc\u00e2ndu-i pe mul\u021bi la Hristos.<\/p>\n\n\n\n<p>\u00cens\u0103, Maximian \u00eemp\u0103ratul, c\u00e2nd a aflat c\u0103 Dimitrie este cre\u0219tin, s-a \u00eenfuriat foarte tare \u0219i a poruncit s\u0103 se fac\u0103 praznice \u00een fiecare cetate \u00een cinstea zeilor. <\/p>\n\n\n\n<p>Imediat cum Dimitrie a m\u0103rturisit c\u0103 este cre\u0219tin, \u00eemp\u0103ratul a poruncit s\u0103 fie \u00eenchis \u00een temni\u021b\u0103, p\u00e2n\u0103 la \u00eencheierea jocurilor \u00een cinstea venirii sale. <\/p>\n\n\n\n<p>Pentru acest lucru ajunge \u00een temni\u021b\u0103, unde \u00eel binecuv\u00e2nteaz\u0103 pe Nestor s\u0103 lupte \u00eempotriva lui Lie. <\/p>\n\n\n\n<p>T\u00e2n\u0103rul Nestor, dup\u0103 ce este \u00eensemnat cu semnul sfintei cruci de Dimitrie, iese \u00eenving\u0103tor din lupt\u0103 cu Lie.<\/p>\n\n\n\n<p> C\u00e2nd Maximian afl\u0103 de binecuv\u00e2ntarea lui Dimitrie, porunce\u0219te ca acesta s\u0103 fie ucis cu suli\u021be, iar lui Nestor s\u0103 i se taie capul.<\/p>\n\n\n\n<p>\u00cen vremea aceea, cre\u0219tinii erau trimi\u0219i s\u0103 lupte cu gladiatorii. \u00cen aceste lupte, cre\u0219tinii erau victime sigure. <\/p>\n\n\n\n<p>Potrivit tradi\u021biei, Nestor \u2013 un t\u00e2n\u0103r cre\u0219tin, cere binecuv\u00e2ntarea de la Sf\u00e2ntul Dimitrie s\u0103-l omoare pe Lie, gladiatorul favorit al \u00eemp\u0103ratului, pentru a pune cap\u0103t luptelor s\u00e2ngeroase. <\/p>\n\n\n\n<p>Dimitrie \u00eel va \u00eensemn\u0103 pe Nestor cu semnul sfintei cruci pe frunte \u0219i \u00eei v\u0103 spune: \u201eDu-te \u0219i pe Lie \u00eel vei birui, iar pe Hristos \u00cel vei m\u0103rturisi\u201d. Prin rug\u0103ciunile Sfan\u021bului Dimitrie, Nestor reu\u0219e\u0219te s\u0103-l str\u0103pung\u0103 cu lancea pe Lie.<\/p>\n\n\n\n<p>Dup\u0103 moartea sa, \u00een Salonic, a fost ridicat\u0103 o bazilic\u0103 peste morm\u00e2ntul s\u0103u, care a devenit un important centru de pelerinaj. Dup\u0103 cucerirea otoman\u0103 din 1430 (cucerirea otoman\u0103 din 1430 se refer\u0103 la cucerirea Salonicului, dup\u0103 un lung asediu \u00eentre 1422 \u0219i 1430), bazilica a fost transformat\u0103 \u00een moschee, \u00eens\u0103 a redevenit biseric\u0103 \u00een 1912, dup\u0103 recucerirea ora\u0219ului de c\u0103tre greci \u00een timpul Primului R\u0103zboi Balcanic. Edificiul paleocre\u0219tin original exist\u0103 \u0219i ast\u0103zi, fiind principalul sanctuar dedicat Sf\u00e2ntului Dumitru.<\/p>\n\n\n\n<p>Comunitatea cre\u0219tin\u0103 din acest ora\u0219 a fost \u00eentemeiat\u0103 de Sf\u00e2ntul Apostol Pavel, \u00een timpul celei de-a doua c\u0103l\u0103torii misionare. \u00cen fiecare an, Tesalonicul devine centrul unui impresionant pelerinaj, cu mii de credincio\u0219i care particip\u0103 la procesiuni \u0219i slujbe dedicate sf\u00e2ntului. <\/p>\n\n\n\n<p>Momentul de maxim\u0103 importan\u021b\u0103 al s\u0103rb\u0103torii este deschiderea raclei care ad\u0103poste\u0219te cinstitele sale moa\u0219te.<\/p>\n\n\n\n<p>Racla este a\u0219ezat\u0103 \u00een partea st\u00e2ng\u0103 a naosului, \u00eentr-un paraclis din marmur\u0103, decorat cu fresce ce \u00eenf\u0103\u021bi\u0219eaz\u0103 via\u021ba \u0219i martiriul Sf\u00e2ntului Dimitrie. \u00cen timpul ceremoniei, episcopul se roag\u0103 \u00eenaintea raclei \u0219i sfin\u021be\u0219te untdelemnul, pe care \u00eel toarn\u0103 apoi peste mirul care izvor\u0103\u0219te \u00een chip minunat din sfintele moa\u0219te.<\/p>\n\n\n\n<p>Legenda spune c\u0103 mirul nu este creat de m\u00e2ini omene\u0219ti, ci izvor\u0103\u0219te \u00een mod miraculos, ca semn al sfin\u021beniei \u0219i rug\u0103ciunii ne\u00eentrerupte a Sf\u00e2ntului Dimitrie. De-a lungul secolelor, acest mir a devenit un element central al cultului s\u0103u \u0219i al devo\u021biunii credincio\u0219ilor.<\/p>\n\n\n\n<figure class=\"wp-block-gallery has-nested-images columns-default is-cropped wp-block-gallery-1 is-layout-flex wp-block-gallery-is-layout-flex\">\n<figure class=\"wp-block-image size-large\"><img loading=\"lazy\" decoding=\"async\" width=\"700\" height=\"506\" data-id=\"120237\" src=\"https:\/\/urbeamea.ro\/albaiulia\/wp-content\/uploads\/2025\/10\/1000052717.webp\" alt=\"\" class=\"wp-image-120237\" srcset=\"https:\/\/urbeamea.ro\/albaiulia\/wp-content\/uploads\/2025\/10\/1000052717.webp 700w, https:\/\/urbeamea.ro\/albaiulia\/wp-content\/uploads\/2025\/10\/1000052717-640x463.webp 640w, https:\/\/urbeamea.ro\/albaiulia\/wp-content\/uploads\/2025\/10\/1000052717-150x108.webp 150w\" sizes=\"auto, (max-width: 700px) 100vw, 700px\" \/><\/figure>\n\n\n\n<figure class=\"wp-block-image size-large\"><img loading=\"lazy\" decoding=\"async\" width=\"500\" height=\"682\" data-id=\"120238\" src=\"https:\/\/urbeamea.ro\/albaiulia\/wp-content\/uploads\/2025\/10\/1000052720.jpg\" alt=\"\" class=\"wp-image-120238\" srcset=\"https:\/\/urbeamea.ro\/albaiulia\/wp-content\/uploads\/2025\/10\/1000052720.jpg 500w, https:\/\/urbeamea.ro\/albaiulia\/wp-content\/uploads\/2025\/10\/1000052720-469x640.jpg 469w, https:\/\/urbeamea.ro\/albaiulia\/wp-content\/uploads\/2025\/10\/1000052720-110x150.jpg 110w\" sizes=\"auto, (max-width: 500px) 100vw, 500px\" \/><\/figure>\n\n\n\n<figure class=\"wp-block-image size-large\"><img loading=\"lazy\" decoding=\"async\" width=\"529\" height=\"709\" data-id=\"120239\" src=\"https:\/\/urbeamea.ro\/albaiulia\/wp-content\/uploads\/2025\/10\/1000052719.jpg\" alt=\"\" class=\"wp-image-120239\" srcset=\"https:\/\/urbeamea.ro\/albaiulia\/wp-content\/uploads\/2025\/10\/1000052719.jpg 529w, https:\/\/urbeamea.ro\/albaiulia\/wp-content\/uploads\/2025\/10\/1000052719-478x640.jpg 478w, https:\/\/urbeamea.ro\/albaiulia\/wp-content\/uploads\/2025\/10\/1000052719-112x150.jpg 112w\" sizes=\"auto, (max-width: 529px) 100vw, 529px\" \/><\/figure>\n\n\n\n<figure class=\"wp-block-image size-large\"><img loading=\"lazy\" decoding=\"async\" width=\"800\" height=\"1066\" data-id=\"120240\" src=\"https:\/\/urbeamea.ro\/albaiulia\/wp-content\/uploads\/2025\/10\/1000052718.jpg\" alt=\"\" class=\"wp-image-120240\" srcset=\"https:\/\/urbeamea.ro\/albaiulia\/wp-content\/uploads\/2025\/10\/1000052718.jpg 800w, https:\/\/urbeamea.ro\/albaiulia\/wp-content\/uploads\/2025\/10\/1000052718-480x640.jpg 480w, https:\/\/urbeamea.ro\/albaiulia\/wp-content\/uploads\/2025\/10\/1000052718-113x150.jpg 113w, https:\/\/urbeamea.ro\/albaiulia\/wp-content\/uploads\/2025\/10\/1000052718-768x1023.jpg 768w\" sizes=\"auto, (max-width: 800px) 100vw, 800px\" \/><\/figure>\n<\/figure>\n","protected":false},"excerpt":{"rendered":"<p>Cre\u0219tinii ortodoc\u0219i \u00eel s\u0103rb\u0103toresc ast\u0103zi pe Sf\u00e2ntul Mare Mucenic Dimitrie, Izvor\u00e2tul de Mir, sau Sf\u00e2ntul Dumitru. Sf\u00e2ntul Dumitru este ocrotitor al ora\u0219ului Tesalonic, al tinerilor, al solda\u021bilor \u0219i al celor afla\u021bi \u00een suferin\u021b\u0103. Sf\u00e2ntul Dimitrie Izvor\u0103tor de Mir a tr\u0103it pe vremea \u00eemp\u0103ra\u021bilor Diocle\u021bian \u0219i Maximian Galeriu \u0219i era fiul voievodului cet\u0103\u021bii Tesalonicului. Acesta a &hellip;<\/p>\n","protected":false},"author":28,"featured_media":120238,"comment_status":"open","ping_status":"open","sticky":false,"template":"","format":"standard","meta":{"inline_featured_image":false,"footnotes":""},"categories":[4,2034,1],"tags":[25455],"class_list":["post-120236","post","type-post","status-publish","format-standard","has-post-thumbnail","hentry","category-eveniment","category-social","category-stiri-urbane","tag-sfantul-dimitrie"],"yoast_head":"<!-- This site is optimized with the Yoast SEO plugin v27.4 - https:\/\/yoast.com\/product\/yoast-seo-wordpress\/ -->\n<title>Sf\u00e2ntul Mare Mucenic Dimitrie, Izvor\u00e2torul de Mir - Revista Urbea Mea - Revista de Alba<\/title>\n<meta name=\"description\" content=\"Cre\u0219tinii ortodoc\u0219i \u00eel s\u0103rb\u0103toresc ast\u0103zi pe Sf\u00e2ntul Mare Mucenic Dimitrie, Izvor\u00e2tul de Mir, sau Sf\u00e2ntul Dumitru. Sf\u00e2ntul Dumitru este ocrotitor al\" \/>\n<meta name=\"robots\" content=\"index, follow, max-snippet:-1, max-image-preview:large, max-video-preview:-1\" \/>\n<link rel=\"canonical\" href=\"https:\/\/urbeamea.ro\/albaiulia\/sfantul-mare-mucenic-dimitrie-izvoratorul-de-mir\/\" \/>\n<meta name=\"twitter:card\" content=\"summary_large_image\" \/>\n<meta name=\"twitter:title\" content=\"Sf\u00e2ntul Mare Mucenic Dimitrie, Izvor\u00e2torul de Mir - Revista Urbea Mea - Revista de Alba\" \/>\n<meta name=\"twitter:description\" content=\"Cre\u0219tinii ortodoc\u0219i \u00eel s\u0103rb\u0103toresc ast\u0103zi pe Sf\u00e2ntul Mare Mucenic Dimitrie, Izvor\u00e2tul de Mir, sau Sf\u00e2ntul Dumitru. Sf\u00e2ntul Dumitru este ocrotitor al\" \/>\n<meta name=\"twitter:image\" content=\"https:\/\/urbeamea.ro\/albaiulia\/wp-content\/uploads\/2025\/10\/1000052720.jpg\" \/>\n<meta name=\"twitter:creator\" content=\"@urbeameaweb\" \/>\n<meta name=\"twitter:site\" content=\"@urbeameaweb\" \/>\n<script type=\"application\/ld+json\" class=\"yoast-schema-graph\">{\"@context\":\"https:\\\/\\\/schema.org\",\"@graph\":[{\"@type\":\"Article\",\"@id\":\"https:\\\/\\\/urbeamea.ro\\\/albaiulia\\\/sfantul-mare-mucenic-dimitrie-izvoratorul-de-mir\\\/#article\",\"isPartOf\":{\"@id\":\"https:\\\/\\\/urbeamea.ro\\\/albaiulia\\\/sfantul-mare-mucenic-dimitrie-izvoratorul-de-mir\\\/\"},\"author\":{\"name\":\"Giurca Sorin\",\"@id\":\"https:\\\/\\\/urbeamea.ro\\\/albaiulia\\\/#\\\/schema\\\/person\\\/5db3854ac38c1cc9f0ab4092d6a20f02\"},\"headline\":\"Sf\u00e2ntul Mare Mucenic Dimitrie, Izvor\u00e2torul de Mir\",\"datePublished\":\"2025-10-26T11:43:47+00:00\",\"dateModified\":\"2025-10-26T11:43:49+00:00\",\"mainEntityOfPage\":{\"@id\":\"https:\\\/\\\/urbeamea.ro\\\/albaiulia\\\/sfantul-mare-mucenic-dimitrie-izvoratorul-de-mir\\\/\"},\"wordCount\":749,\"commentCount\":0,\"image\":{\"@id\":\"https:\\\/\\\/urbeamea.ro\\\/albaiulia\\\/sfantul-mare-mucenic-dimitrie-izvoratorul-de-mir\\\/#primaryimage\"},\"thumbnailUrl\":\"https:\\\/\\\/urbeamea.ro\\\/albaiulia\\\/wp-content\\\/uploads\\\/2025\\\/10\\\/1000052720.jpg\",\"keywords\":[\"Sf\u00e2ntul Dimitrie\"],\"articleSection\":[\"Evenimente\",\"Social\",\"\u015etiri Urbane\"],\"inLanguage\":\"ro-RO\",\"potentialAction\":[{\"@type\":\"CommentAction\",\"name\":\"Comment\",\"target\":[\"https:\\\/\\\/urbeamea.ro\\\/albaiulia\\\/sfantul-mare-mucenic-dimitrie-izvoratorul-de-mir\\\/#respond\"]}]},{\"@type\":\"WebPage\",\"@id\":\"https:\\\/\\\/urbeamea.ro\\\/albaiulia\\\/sfantul-mare-mucenic-dimitrie-izvoratorul-de-mir\\\/\",\"url\":\"https:\\\/\\\/urbeamea.ro\\\/albaiulia\\\/sfantul-mare-mucenic-dimitrie-izvoratorul-de-mir\\\/\",\"name\":\"Sf\u00e2ntul Mare Mucenic Dimitrie, Izvor\u00e2torul de Mir - Revista Urbea Mea - Revista de Alba\",\"isPartOf\":{\"@id\":\"https:\\\/\\\/urbeamea.ro\\\/albaiulia\\\/#website\"},\"primaryImageOfPage\":{\"@id\":\"https:\\\/\\\/urbeamea.ro\\\/albaiulia\\\/sfantul-mare-mucenic-dimitrie-izvoratorul-de-mir\\\/#primaryimage\"},\"image\":{\"@id\":\"https:\\\/\\\/urbeamea.ro\\\/albaiulia\\\/sfantul-mare-mucenic-dimitrie-izvoratorul-de-mir\\\/#primaryimage\"},\"thumbnailUrl\":\"https:\\\/\\\/urbeamea.ro\\\/albaiulia\\\/wp-content\\\/uploads\\\/2025\\\/10\\\/1000052720.jpg\",\"datePublished\":\"2025-10-26T11:43:47+00:00\",\"dateModified\":\"2025-10-26T11:43:49+00:00\",\"author\":{\"@id\":\"https:\\\/\\\/urbeamea.ro\\\/albaiulia\\\/#\\\/schema\\\/person\\\/5db3854ac38c1cc9f0ab4092d6a20f02\"},\"description\":\"Cre\u0219tinii ortodoc\u0219i \u00eel s\u0103rb\u0103toresc ast\u0103zi pe Sf\u00e2ntul Mare Mucenic Dimitrie, Izvor\u00e2tul de Mir, sau Sf\u00e2ntul Dumitru. Sf\u00e2ntul Dumitru este ocrotitor al\",\"breadcrumb\":{\"@id\":\"https:\\\/\\\/urbeamea.ro\\\/albaiulia\\\/sfantul-mare-mucenic-dimitrie-izvoratorul-de-mir\\\/#breadcrumb\"},\"inLanguage\":\"ro-RO\",\"potentialAction\":[{\"@type\":\"ReadAction\",\"target\":[\"https:\\\/\\\/urbeamea.ro\\\/albaiulia\\\/sfantul-mare-mucenic-dimitrie-izvoratorul-de-mir\\\/\"]}]},{\"@type\":\"ImageObject\",\"inLanguage\":\"ro-RO\",\"@id\":\"https:\\\/\\\/urbeamea.ro\\\/albaiulia\\\/sfantul-mare-mucenic-dimitrie-izvoratorul-de-mir\\\/#primaryimage\",\"url\":\"https:\\\/\\\/urbeamea.ro\\\/albaiulia\\\/wp-content\\\/uploads\\\/2025\\\/10\\\/1000052720.jpg\",\"contentUrl\":\"https:\\\/\\\/urbeamea.ro\\\/albaiulia\\\/wp-content\\\/uploads\\\/2025\\\/10\\\/1000052720.jpg\",\"width\":500,\"height\":682},{\"@type\":\"BreadcrumbList\",\"@id\":\"https:\\\/\\\/urbeamea.ro\\\/albaiulia\\\/sfantul-mare-mucenic-dimitrie-izvoratorul-de-mir\\\/#breadcrumb\",\"itemListElement\":[{\"@type\":\"ListItem\",\"position\":1,\"name\":\"Prima pagin\u0103\",\"item\":\"https:\\\/\\\/urbeamea.ro\\\/albaiulia\\\/\"},{\"@type\":\"ListItem\",\"position\":2,\"name\":\"Sf\u00e2ntul Mare Mucenic Dimitrie, Izvor\u00e2torul de Mir\"}]},{\"@type\":\"WebSite\",\"@id\":\"https:\\\/\\\/urbeamea.ro\\\/albaiulia\\\/#website\",\"url\":\"https:\\\/\\\/urbeamea.ro\\\/albaiulia\\\/\",\"name\":\"Revista Urbea Mea, Stiri urbane\",\"description\":\"Evenimente \u0219i \u0219tiri din Alba Iulia, Sebe\u0219, Aiud, Blaj\",\"potentialAction\":[{\"@type\":\"SearchAction\",\"target\":{\"@type\":\"EntryPoint\",\"urlTemplate\":\"https:\\\/\\\/urbeamea.ro\\\/albaiulia\\\/?s={search_term_string}\"},\"query-input\":{\"@type\":\"PropertyValueSpecification\",\"valueRequired\":true,\"valueName\":\"search_term_string\"}}],\"inLanguage\":\"ro-RO\"},{\"@type\":\"Person\",\"@id\":\"https:\\\/\\\/urbeamea.ro\\\/albaiulia\\\/#\\\/schema\\\/person\\\/5db3854ac38c1cc9f0ab4092d6a20f02\",\"name\":\"Giurca Sorin\",\"image\":{\"@type\":\"ImageObject\",\"inLanguage\":\"ro-RO\",\"@id\":\"https:\\\/\\\/secure.gravatar.com\\\/avatar\\\/120f6fcae7b3b47a7730cb9943f612f4909f68ac5284b5f40ac1c4615fd70576?s=96&d=mm&r=g\",\"url\":\"https:\\\/\\\/secure.gravatar.com\\\/avatar\\\/120f6fcae7b3b47a7730cb9943f612f4909f68ac5284b5f40ac1c4615fd70576?s=96&d=mm&r=g\",\"contentUrl\":\"https:\\\/\\\/secure.gravatar.com\\\/avatar\\\/120f6fcae7b3b47a7730cb9943f612f4909f68ac5284b5f40ac1c4615fd70576?s=96&d=mm&r=g\",\"caption\":\"Giurca Sorin\"},\"url\":\"https:\\\/\\\/urbeamea.ro\\\/albaiulia\\\/author\\\/sorin\\\/\"}]}<\/script>\n<!-- \/ Yoast SEO plugin. -->","yoast_head_json":{"title":"Sf\u00e2ntul Mare Mucenic Dimitrie, Izvor\u00e2torul de Mir - Revista Urbea Mea - Revista de Alba","description":"Cre\u0219tinii ortodoc\u0219i \u00eel s\u0103rb\u0103toresc ast\u0103zi pe Sf\u00e2ntul Mare Mucenic Dimitrie, Izvor\u00e2tul de Mir, sau Sf\u00e2ntul Dumitru. Sf\u00e2ntul Dumitru este ocrotitor al","robots":{"index":"index","follow":"follow","max-snippet":"max-snippet:-1","max-image-preview":"max-image-preview:large","max-video-preview":"max-video-preview:-1"},"canonical":"https:\/\/urbeamea.ro\/albaiulia\/sfantul-mare-mucenic-dimitrie-izvoratorul-de-mir\/","twitter_card":"summary_large_image","twitter_title":"Sf\u00e2ntul Mare Mucenic Dimitrie, Izvor\u00e2torul de Mir - Revista Urbea Mea - Revista de Alba","twitter_description":"Cre\u0219tinii ortodoc\u0219i \u00eel s\u0103rb\u0103toresc ast\u0103zi pe Sf\u00e2ntul Mare Mucenic Dimitrie, Izvor\u00e2tul de Mir, sau Sf\u00e2ntul Dumitru. Sf\u00e2ntul Dumitru este ocrotitor al","twitter_image":"https:\/\/urbeamea.ro\/albaiulia\/wp-content\/uploads\/2025\/10\/1000052720.jpg","twitter_creator":"@urbeameaweb","twitter_site":"@urbeameaweb","schema":{"@context":"https:\/\/schema.org","@graph":[{"@type":"Article","@id":"https:\/\/urbeamea.ro\/albaiulia\/sfantul-mare-mucenic-dimitrie-izvoratorul-de-mir\/#article","isPartOf":{"@id":"https:\/\/urbeamea.ro\/albaiulia\/sfantul-mare-mucenic-dimitrie-izvoratorul-de-mir\/"},"author":{"name":"Giurca Sorin","@id":"https:\/\/urbeamea.ro\/albaiulia\/#\/schema\/person\/5db3854ac38c1cc9f0ab4092d6a20f02"},"headline":"Sf\u00e2ntul Mare Mucenic Dimitrie, Izvor\u00e2torul de Mir","datePublished":"2025-10-26T11:43:47+00:00","dateModified":"2025-10-26T11:43:49+00:00","mainEntityOfPage":{"@id":"https:\/\/urbeamea.ro\/albaiulia\/sfantul-mare-mucenic-dimitrie-izvoratorul-de-mir\/"},"wordCount":749,"commentCount":0,"image":{"@id":"https:\/\/urbeamea.ro\/albaiulia\/sfantul-mare-mucenic-dimitrie-izvoratorul-de-mir\/#primaryimage"},"thumbnailUrl":"https:\/\/urbeamea.ro\/albaiulia\/wp-content\/uploads\/2025\/10\/1000052720.jpg","keywords":["Sf\u00e2ntul Dimitrie"],"articleSection":["Evenimente","Social","\u015etiri Urbane"],"inLanguage":"ro-RO","potentialAction":[{"@type":"CommentAction","name":"Comment","target":["https:\/\/urbeamea.ro\/albaiulia\/sfantul-mare-mucenic-dimitrie-izvoratorul-de-mir\/#respond"]}]},{"@type":"WebPage","@id":"https:\/\/urbeamea.ro\/albaiulia\/sfantul-mare-mucenic-dimitrie-izvoratorul-de-mir\/","url":"https:\/\/urbeamea.ro\/albaiulia\/sfantul-mare-mucenic-dimitrie-izvoratorul-de-mir\/","name":"Sf\u00e2ntul Mare Mucenic Dimitrie, Izvor\u00e2torul de Mir - Revista Urbea Mea - Revista de Alba","isPartOf":{"@id":"https:\/\/urbeamea.ro\/albaiulia\/#website"},"primaryImageOfPage":{"@id":"https:\/\/urbeamea.ro\/albaiulia\/sfantul-mare-mucenic-dimitrie-izvoratorul-de-mir\/#primaryimage"},"image":{"@id":"https:\/\/urbeamea.ro\/albaiulia\/sfantul-mare-mucenic-dimitrie-izvoratorul-de-mir\/#primaryimage"},"thumbnailUrl":"https:\/\/urbeamea.ro\/albaiulia\/wp-content\/uploads\/2025\/10\/1000052720.jpg","datePublished":"2025-10-26T11:43:47+00:00","dateModified":"2025-10-26T11:43:49+00:00","author":{"@id":"https:\/\/urbeamea.ro\/albaiulia\/#\/schema\/person\/5db3854ac38c1cc9f0ab4092d6a20f02"},"description":"Cre\u0219tinii ortodoc\u0219i \u00eel s\u0103rb\u0103toresc ast\u0103zi pe Sf\u00e2ntul Mare Mucenic Dimitrie, Izvor\u00e2tul de Mir, sau Sf\u00e2ntul Dumitru. Sf\u00e2ntul Dumitru este ocrotitor al","breadcrumb":{"@id":"https:\/\/urbeamea.ro\/albaiulia\/sfantul-mare-mucenic-dimitrie-izvoratorul-de-mir\/#breadcrumb"},"inLanguage":"ro-RO","potentialAction":[{"@type":"ReadAction","target":["https:\/\/urbeamea.ro\/albaiulia\/sfantul-mare-mucenic-dimitrie-izvoratorul-de-mir\/"]}]},{"@type":"ImageObject","inLanguage":"ro-RO","@id":"https:\/\/urbeamea.ro\/albaiulia\/sfantul-mare-mucenic-dimitrie-izvoratorul-de-mir\/#primaryimage","url":"https:\/\/urbeamea.ro\/albaiulia\/wp-content\/uploads\/2025\/10\/1000052720.jpg","contentUrl":"https:\/\/urbeamea.ro\/albaiulia\/wp-content\/uploads\/2025\/10\/1000052720.jpg","width":500,"height":682},{"@type":"BreadcrumbList","@id":"https:\/\/urbeamea.ro\/albaiulia\/sfantul-mare-mucenic-dimitrie-izvoratorul-de-mir\/#breadcrumb","itemListElement":[{"@type":"ListItem","position":1,"name":"Prima pagin\u0103","item":"https:\/\/urbeamea.ro\/albaiulia\/"},{"@type":"ListItem","position":2,"name":"Sf\u00e2ntul Mare Mucenic Dimitrie, Izvor\u00e2torul de Mir"}]},{"@type":"WebSite","@id":"https:\/\/urbeamea.ro\/albaiulia\/#website","url":"https:\/\/urbeamea.ro\/albaiulia\/","name":"Revista Urbea Mea, Stiri urbane","description":"Evenimente \u0219i \u0219tiri din Alba Iulia, Sebe\u0219, Aiud, Blaj","potentialAction":[{"@type":"SearchAction","target":{"@type":"EntryPoint","urlTemplate":"https:\/\/urbeamea.ro\/albaiulia\/?s={search_term_string}"},"query-input":{"@type":"PropertyValueSpecification","valueRequired":true,"valueName":"search_term_string"}}],"inLanguage":"ro-RO"},{"@type":"Person","@id":"https:\/\/urbeamea.ro\/albaiulia\/#\/schema\/person\/5db3854ac38c1cc9f0ab4092d6a20f02","name":"Giurca Sorin","image":{"@type":"ImageObject","inLanguage":"ro-RO","@id":"https:\/\/secure.gravatar.com\/avatar\/120f6fcae7b3b47a7730cb9943f612f4909f68ac5284b5f40ac1c4615fd70576?s=96&d=mm&r=g","url":"https:\/\/secure.gravatar.com\/avatar\/120f6fcae7b3b47a7730cb9943f612f4909f68ac5284b5f40ac1c4615fd70576?s=96&d=mm&r=g","contentUrl":"https:\/\/secure.gravatar.com\/avatar\/120f6fcae7b3b47a7730cb9943f612f4909f68ac5284b5f40ac1c4615fd70576?s=96&d=mm&r=g","caption":"Giurca Sorin"},"url":"https:\/\/urbeamea.ro\/albaiulia\/author\/sorin\/"}]}},"_links":{"self":[{"href":"https:\/\/urbeamea.ro\/albaiulia\/wp-json\/wp\/v2\/posts\/120236","targetHints":{"allow":["GET"]}}],"collection":[{"href":"https:\/\/urbeamea.ro\/albaiulia\/wp-json\/wp\/v2\/posts"}],"about":[{"href":"https:\/\/urbeamea.ro\/albaiulia\/wp-json\/wp\/v2\/types\/post"}],"author":[{"embeddable":true,"href":"https:\/\/urbeamea.ro\/albaiulia\/wp-json\/wp\/v2\/users\/28"}],"replies":[{"embeddable":true,"href":"https:\/\/urbeamea.ro\/albaiulia\/wp-json\/wp\/v2\/comments?post=120236"}],"version-history":[{"count":1,"href":"https:\/\/urbeamea.ro\/albaiulia\/wp-json\/wp\/v2\/posts\/120236\/revisions"}],"predecessor-version":[{"id":120241,"href":"https:\/\/urbeamea.ro\/albaiulia\/wp-json\/wp\/v2\/posts\/120236\/revisions\/120241"}],"wp:featuredmedia":[{"embeddable":true,"href":"https:\/\/urbeamea.ro\/albaiulia\/wp-json\/wp\/v2\/media\/120238"}],"wp:attachment":[{"href":"https:\/\/urbeamea.ro\/albaiulia\/wp-json\/wp\/v2\/media?parent=120236"}],"wp:term":[{"taxonomy":"category","embeddable":true,"href":"https:\/\/urbeamea.ro\/albaiulia\/wp-json\/wp\/v2\/categories?post=120236"},{"taxonomy":"post_tag","embeddable":true,"href":"https:\/\/urbeamea.ro\/albaiulia\/wp-json\/wp\/v2\/tags?post=120236"}],"curies":[{"name":"wp","href":"https:\/\/api.w.org\/{rel}","templated":true}]}}