{"id":120249,"date":"2025-10-27T12:45:47","date_gmt":"2025-10-27T10:45:47","guid":{"rendered":"https:\/\/urbeamea.ro\/albaiulia\/?p=120249"},"modified":"2025-10-27T12:45:48","modified_gmt":"2025-10-27T10:45:48","slug":"memorialul-mihail-breaz-la-sah","status":"publish","type":"post","link":"https:\/\/urbeamea.ro\/albaiulia\/memorialul-mihail-breaz-la-sah\/","title":{"rendered":"Memorialul Mihail Breaz la \u0218ah"},"content":{"rendered":"\n<p>S\u00e2mb\u0103t\u0103, 25 octombrie, Hotel Cetate a fost gazda competi\u021biei de \u0219ah rapid \u201eMemorialul Mihail Breaz\u201d. Competi\u021bia s-a desf\u0103\u0219urat pe dou\u0103 sec\u021biuni: juc\u0103tori legitima\u021bi \u0219i juc\u0103tori nelegitima\u021bi, reunind la start un total de 136 de participan\u021bi.<\/p>\n\n\n\n<p>Turneul este organizat \u00een fiecare an \u00een memoria regretatului maestru albaiulian, care a fost peste trei decenii sufletul mi\u015fc\u0103rii \u015fahiste din jude\u0163ul Alba.<\/p>\n\n\n\n<p>Evenimentul a adus la Alba Iulia concuren\u021bi din multe ora\u0219e, dintre care mul\u021bi copiii \u0219i juniori pasiona\u021bi de sportul min\u021bii.<\/p>\n\n\n\n<p>Iat\u0103 c\u00e2\u0219tig\u0103torii pentru sec\u021biunea juc\u0103torilor legitima\u021bi:<\/p>\n\n\n\n<p><strong>Open:<\/strong> 1. Ciorgovean Iustin (CSU Universitatea de Vest Timi\u0219oara); 2. Barato\u0219i Daniel (AC de \u0218ah Alfil Pite\u0219ti); 3. Stanciu Alexandru-Ovidiu (LPS Satu Mare).<\/p>\n\n\n\n<p><strong>Feminin<\/strong><strong>: <\/strong>1. Macarie Maia-Elisabeta (CSM Unirea Alba Iulia); 2. Olariu-Chilu\u021b Sofia (CSS T\u00e2rgu Mure\u0219); 3. Muntean Ana-Maria (CS Universitar Sibiu).<\/p>\n\n\n\n<p>La categoria juc\u0103torilor nelegitima\u021bi, clasamentul a fost urm\u0103torul:<\/p>\n\n\n\n<p><strong>Open: <\/strong>1. Moldovan Marius Ciprian (Alba Iulia); 2. Lupu Cimpoie\u0219iu Damaris (Teiu\u0219); 3. Culda \u0218tefan (C\u00e2mpeni).<\/p>\n\n\n\n<p><strong>Feminin<\/strong><strong>:<\/strong> 1. Morar Simona (C\u00e2mpeni); 2. Alb Antonia (C\u00e2mpeni); 3. Bazarea Olivia (Sibiu).<\/p>\n\n\n\n<p>De asemenea, au mai fost acordate premii pe categorii de v\u00e2rst\u0103 \u0219i premii speciale.<\/p>\n\n\n\n<p>La festivitatea de premiere au fost prezen\u021bi fiica maestrului Breaz, Mihaela Bobo\u0219, \u0219i primarul ora\u0219ului Alba Iulia, Gabriel Ple\u0219a. Evenimentul a fost organizat de Asocia\u021bia Academia de \u0218ah Mihnea Costachi.<\/p>\n\n\n\n<figure class=\"wp-block-gallery has-nested-images columns-default is-cropped wp-block-gallery-1 is-layout-flex wp-block-gallery-is-layout-flex\">\n<figure class=\"wp-block-image size-large\"><img loading=\"lazy\" decoding=\"async\" width=\"1280\" height=\"854\" data-id=\"120253\" src=\"https:\/\/urbeamea.ro\/albaiulia\/wp-content\/uploads\/2025\/10\/IMG_3029-1280x854.jpg\" alt=\"\" class=\"wp-image-120253\" srcset=\"https:\/\/urbeamea.ro\/albaiulia\/wp-content\/uploads\/2025\/10\/IMG_3029-1280x854.jpg 1280w, https:\/\/urbeamea.ro\/albaiulia\/wp-content\/uploads\/2025\/10\/IMG_3029-640x427.jpg 640w, https:\/\/urbeamea.ro\/albaiulia\/wp-content\/uploads\/2025\/10\/IMG_3029-150x100.jpg 150w, https:\/\/urbeamea.ro\/albaiulia\/wp-content\/uploads\/2025\/10\/IMG_3029-768x512.jpg 768w, https:\/\/urbeamea.ro\/albaiulia\/wp-content\/uploads\/2025\/10\/IMG_3029-1536x1024.jpg 1536w, https:\/\/urbeamea.ro\/albaiulia\/wp-content\/uploads\/2025\/10\/IMG_3029.jpg 1600w\" sizes=\"auto, (max-width: 1280px) 100vw, 1280px\" \/><\/figure>\n\n\n\n<figure class=\"wp-block-image size-large\"><img loading=\"lazy\" decoding=\"async\" width=\"1280\" height=\"854\" data-id=\"120252\" src=\"https:\/\/urbeamea.ro\/albaiulia\/wp-content\/uploads\/2025\/10\/IMG_3124-1280x854.jpg\" alt=\"\" class=\"wp-image-120252\" srcset=\"https:\/\/urbeamea.ro\/albaiulia\/wp-content\/uploads\/2025\/10\/IMG_3124-1280x854.jpg 1280w, https:\/\/urbeamea.ro\/albaiulia\/wp-content\/uploads\/2025\/10\/IMG_3124-640x427.jpg 640w, https:\/\/urbeamea.ro\/albaiulia\/wp-content\/uploads\/2025\/10\/IMG_3124-150x100.jpg 150w, https:\/\/urbeamea.ro\/albaiulia\/wp-content\/uploads\/2025\/10\/IMG_3124-768x512.jpg 768w, https:\/\/urbeamea.ro\/albaiulia\/wp-content\/uploads\/2025\/10\/IMG_3124-1536x1024.jpg 1536w, https:\/\/urbeamea.ro\/albaiulia\/wp-content\/uploads\/2025\/10\/IMG_3124.jpg 1600w\" sizes=\"auto, (max-width: 1280px) 100vw, 1280px\" \/><\/figure>\n\n\n\n<figure class=\"wp-block-image size-large\"><img loading=\"lazy\" decoding=\"async\" width=\"1249\" height=\"1280\" data-id=\"120251\" src=\"https:\/\/urbeamea.ro\/albaiulia\/wp-content\/uploads\/2025\/10\/Top-3-1249x1280.jpg\" alt=\"\" class=\"wp-image-120251\" srcset=\"https:\/\/urbeamea.ro\/albaiulia\/wp-content\/uploads\/2025\/10\/Top-3-1249x1280.jpg 1249w, https:\/\/urbeamea.ro\/albaiulia\/wp-content\/uploads\/2025\/10\/Top-3-624x640.jpg 624w, https:\/\/urbeamea.ro\/albaiulia\/wp-content\/uploads\/2025\/10\/Top-3-146x150.jpg 146w, https:\/\/urbeamea.ro\/albaiulia\/wp-content\/uploads\/2025\/10\/Top-3-768x787.jpg 768w, https:\/\/urbeamea.ro\/albaiulia\/wp-content\/uploads\/2025\/10\/Top-3-1499x1536.jpg 1499w, https:\/\/urbeamea.ro\/albaiulia\/wp-content\/uploads\/2025\/10\/Top-3.jpg 1561w\" sizes=\"auto, (max-width: 1249px) 100vw, 1249px\" \/><\/figure>\n<\/figure>\n","protected":false},"excerpt":{"rendered":"<p>S\u00e2mb\u0103t\u0103, 25 octombrie, Hotel Cetate a fost gazda competi\u021biei de \u0219ah rapid \u201eMemorialul Mihail Breaz\u201d. Competi\u021bia s-a desf\u0103\u0219urat pe dou\u0103 sec\u021biuni: juc\u0103tori legitima\u021bi \u0219i juc\u0103tori nelegitima\u021bi, reunind la start un total de 136 de participan\u021bi. Turneul este organizat \u00een fiecare an \u00een memoria regretatului maestru albaiulian, care a fost peste trei decenii sufletul mi\u015fc\u0103rii \u015fahiste &hellip;<\/p>\n","protected":false},"author":16,"featured_media":120250,"comment_status":"open","ping_status":"open","sticky":false,"template":"","format":"standard","meta":{"inline_featured_image":false,"footnotes":""},"categories":[79],"tags":[],"class_list":["post-120249","post","type-post","status-publish","format-standard","has-post-thumbnail","hentry","category-sah"],"yoast_head":"<!-- This site is optimized with the Yoast SEO plugin v27.4 - https:\/\/yoast.com\/product\/yoast-seo-wordpress\/ -->\n<title>Memorialul Mihail Breaz la \u0218ah - Revista Urbea Mea - Revista de Alba<\/title>\n<meta name=\"description\" content=\"S\u00e2mb\u0103t\u0103, 25 octombrie, Hotel Cetate a fost gazda competi\u021biei de \u0219ah rapid \u201eMemorialul Mihail Breaz\u201d. Competi\u021bia s-a desf\u0103\u0219urat pe dou\u0103 sec\u021biuni: juc\u0103tori\" \/>\n<meta name=\"robots\" content=\"index, follow, max-snippet:-1, max-image-preview:large, max-video-preview:-1\" \/>\n<link rel=\"canonical\" href=\"https:\/\/urbeamea.ro\/albaiulia\/memorialul-mihail-breaz-la-sah\/\" \/>\n<meta name=\"twitter:card\" content=\"summary_large_image\" \/>\n<meta name=\"twitter:title\" content=\"Memorialul Mihail Breaz la \u0218ah - Revista Urbea Mea - Revista de Alba\" \/>\n<meta name=\"twitter:description\" content=\"S\u00e2mb\u0103t\u0103, 25 octombrie, Hotel Cetate a fost gazda competi\u021biei de \u0219ah rapid \u201eMemorialul Mihail Breaz\u201d. Competi\u021bia s-a desf\u0103\u0219urat pe dou\u0103 sec\u021biuni: juc\u0103tori\" \/>\n<meta name=\"twitter:image\" content=\"https:\/\/urbeamea.ro\/albaiulia\/wp-content\/uploads\/2025\/10\/IMG_3053.jpg\" \/>\n<meta name=\"twitter:creator\" content=\"@urbeameaweb\" \/>\n<meta name=\"twitter:site\" content=\"@urbeameaweb\" \/>\n<script type=\"application\/ld+json\" class=\"yoast-schema-graph\">{\"@context\":\"https:\\\/\\\/schema.org\",\"@graph\":[{\"@type\":\"Article\",\"@id\":\"https:\\\/\\\/urbeamea.ro\\\/albaiulia\\\/memorialul-mihail-breaz-la-sah\\\/#article\",\"isPartOf\":{\"@id\":\"https:\\\/\\\/urbeamea.ro\\\/albaiulia\\\/memorialul-mihail-breaz-la-sah\\\/\"},\"author\":{\"name\":\"Redac\u021bia UrbeaMea\",\"@id\":\"https:\\\/\\\/urbeamea.ro\\\/albaiulia\\\/#\\\/schema\\\/person\\\/272ae98052f8ee8980f59848df070247\"},\"headline\":\"Memorialul Mihail Breaz la \u0218ah\",\"datePublished\":\"2025-10-27T10:45:47+00:00\",\"dateModified\":\"2025-10-27T10:45:48+00:00\",\"mainEntityOfPage\":{\"@id\":\"https:\\\/\\\/urbeamea.ro\\\/albaiulia\\\/memorialul-mihail-breaz-la-sah\\\/\"},\"wordCount\":239,\"commentCount\":0,\"image\":{\"@id\":\"https:\\\/\\\/urbeamea.ro\\\/albaiulia\\\/memorialul-mihail-breaz-la-sah\\\/#primaryimage\"},\"thumbnailUrl\":\"https:\\\/\\\/urbeamea.ro\\\/albaiulia\\\/wp-content\\\/uploads\\\/2025\\\/10\\\/IMG_3053.jpg\",\"articleSection\":[\"Sah\"],\"inLanguage\":\"ro-RO\",\"potentialAction\":[{\"@type\":\"CommentAction\",\"name\":\"Comment\",\"target\":[\"https:\\\/\\\/urbeamea.ro\\\/albaiulia\\\/memorialul-mihail-breaz-la-sah\\\/#respond\"]}]},{\"@type\":\"WebPage\",\"@id\":\"https:\\\/\\\/urbeamea.ro\\\/albaiulia\\\/memorialul-mihail-breaz-la-sah\\\/\",\"url\":\"https:\\\/\\\/urbeamea.ro\\\/albaiulia\\\/memorialul-mihail-breaz-la-sah\\\/\",\"name\":\"Memorialul Mihail Breaz la \u0218ah - Revista Urbea Mea - Revista de Alba\",\"isPartOf\":{\"@id\":\"https:\\\/\\\/urbeamea.ro\\\/albaiulia\\\/#website\"},\"primaryImageOfPage\":{\"@id\":\"https:\\\/\\\/urbeamea.ro\\\/albaiulia\\\/memorialul-mihail-breaz-la-sah\\\/#primaryimage\"},\"image\":{\"@id\":\"https:\\\/\\\/urbeamea.ro\\\/albaiulia\\\/memorialul-mihail-breaz-la-sah\\\/#primaryimage\"},\"thumbnailUrl\":\"https:\\\/\\\/urbeamea.ro\\\/albaiulia\\\/wp-content\\\/uploads\\\/2025\\\/10\\\/IMG_3053.jpg\",\"datePublished\":\"2025-10-27T10:45:47+00:00\",\"dateModified\":\"2025-10-27T10:45:48+00:00\",\"author\":{\"@id\":\"https:\\\/\\\/urbeamea.ro\\\/albaiulia\\\/#\\\/schema\\\/person\\\/272ae98052f8ee8980f59848df070247\"},\"description\":\"S\u00e2mb\u0103t\u0103, 25 octombrie, Hotel Cetate a fost gazda competi\u021biei de \u0219ah rapid \u201eMemorialul Mihail Breaz\u201d. Competi\u021bia s-a desf\u0103\u0219urat pe dou\u0103 sec\u021biuni: juc\u0103tori\",\"breadcrumb\":{\"@id\":\"https:\\\/\\\/urbeamea.ro\\\/albaiulia\\\/memorialul-mihail-breaz-la-sah\\\/#breadcrumb\"},\"inLanguage\":\"ro-RO\",\"potentialAction\":[{\"@type\":\"ReadAction\",\"target\":[\"https:\\\/\\\/urbeamea.ro\\\/albaiulia\\\/memorialul-mihail-breaz-la-sah\\\/\"]}]},{\"@type\":\"ImageObject\",\"inLanguage\":\"ro-RO\",\"@id\":\"https:\\\/\\\/urbeamea.ro\\\/albaiulia\\\/memorialul-mihail-breaz-la-sah\\\/#primaryimage\",\"url\":\"https:\\\/\\\/urbeamea.ro\\\/albaiulia\\\/wp-content\\\/uploads\\\/2025\\\/10\\\/IMG_3053.jpg\",\"contentUrl\":\"https:\\\/\\\/urbeamea.ro\\\/albaiulia\\\/wp-content\\\/uploads\\\/2025\\\/10\\\/IMG_3053.jpg\",\"width\":1600,\"height\":1067},{\"@type\":\"BreadcrumbList\",\"@id\":\"https:\\\/\\\/urbeamea.ro\\\/albaiulia\\\/memorialul-mihail-breaz-la-sah\\\/#breadcrumb\",\"itemListElement\":[{\"@type\":\"ListItem\",\"position\":1,\"name\":\"Prima pagin\u0103\",\"item\":\"https:\\\/\\\/urbeamea.ro\\\/albaiulia\\\/\"},{\"@type\":\"ListItem\",\"position\":2,\"name\":\"Memorialul Mihail Breaz la \u0218ah\"}]},{\"@type\":\"WebSite\",\"@id\":\"https:\\\/\\\/urbeamea.ro\\\/albaiulia\\\/#website\",\"url\":\"https:\\\/\\\/urbeamea.ro\\\/albaiulia\\\/\",\"name\":\"Revista Urbea Mea, Stiri urbane\",\"description\":\"Evenimente \u0219i \u0219tiri din Alba Iulia, Sebe\u0219, Aiud, Blaj\",\"potentialAction\":[{\"@type\":\"SearchAction\",\"target\":{\"@type\":\"EntryPoint\",\"urlTemplate\":\"https:\\\/\\\/urbeamea.ro\\\/albaiulia\\\/?s={search_term_string}\"},\"query-input\":{\"@type\":\"PropertyValueSpecification\",\"valueRequired\":true,\"valueName\":\"search_term_string\"}}],\"inLanguage\":\"ro-RO\"},{\"@type\":\"Person\",\"@id\":\"https:\\\/\\\/urbeamea.ro\\\/albaiulia\\\/#\\\/schema\\\/person\\\/272ae98052f8ee8980f59848df070247\",\"name\":\"Redac\u021bia UrbeaMea\",\"image\":{\"@type\":\"ImageObject\",\"inLanguage\":\"ro-RO\",\"@id\":\"https:\\\/\\\/secure.gravatar.com\\\/avatar\\\/9ce5a9435071fa1037e8468053ead8e513dbbff59009d3069aadb85506d85a27?s=96&d=mm&r=g\",\"url\":\"https:\\\/\\\/secure.gravatar.com\\\/avatar\\\/9ce5a9435071fa1037e8468053ead8e513dbbff59009d3069aadb85506d85a27?s=96&d=mm&r=g\",\"contentUrl\":\"https:\\\/\\\/secure.gravatar.com\\\/avatar\\\/9ce5a9435071fa1037e8468053ead8e513dbbff59009d3069aadb85506d85a27?s=96&d=mm&r=g\",\"caption\":\"Redac\u021bia UrbeaMea\"},\"description\":\"contact@urbeamea.ro\",\"sameAs\":[\"https:\\\/\\\/www.urbeamea.ro\"],\"url\":\"https:\\\/\\\/urbeamea.ro\\\/albaiulia\\\/author\\\/redactia-urbeamea\\\/\"}]}<\/script>\n<!-- \/ Yoast SEO plugin. -->","yoast_head_json":{"title":"Memorialul Mihail Breaz la \u0218ah - Revista Urbea Mea - Revista de Alba","description":"S\u00e2mb\u0103t\u0103, 25 octombrie, Hotel Cetate a fost gazda competi\u021biei de \u0219ah rapid \u201eMemorialul Mihail Breaz\u201d. Competi\u021bia s-a desf\u0103\u0219urat pe dou\u0103 sec\u021biuni: juc\u0103tori","robots":{"index":"index","follow":"follow","max-snippet":"max-snippet:-1","max-image-preview":"max-image-preview:large","max-video-preview":"max-video-preview:-1"},"canonical":"https:\/\/urbeamea.ro\/albaiulia\/memorialul-mihail-breaz-la-sah\/","twitter_card":"summary_large_image","twitter_title":"Memorialul Mihail Breaz la \u0218ah - Revista Urbea Mea - Revista de Alba","twitter_description":"S\u00e2mb\u0103t\u0103, 25 octombrie, Hotel Cetate a fost gazda competi\u021biei de \u0219ah rapid \u201eMemorialul Mihail Breaz\u201d. Competi\u021bia s-a desf\u0103\u0219urat pe dou\u0103 sec\u021biuni: juc\u0103tori","twitter_image":"https:\/\/urbeamea.ro\/albaiulia\/wp-content\/uploads\/2025\/10\/IMG_3053.jpg","twitter_creator":"@urbeameaweb","twitter_site":"@urbeameaweb","schema":{"@context":"https:\/\/schema.org","@graph":[{"@type":"Article","@id":"https:\/\/urbeamea.ro\/albaiulia\/memorialul-mihail-breaz-la-sah\/#article","isPartOf":{"@id":"https:\/\/urbeamea.ro\/albaiulia\/memorialul-mihail-breaz-la-sah\/"},"author":{"name":"Redac\u021bia UrbeaMea","@id":"https:\/\/urbeamea.ro\/albaiulia\/#\/schema\/person\/272ae98052f8ee8980f59848df070247"},"headline":"Memorialul Mihail Breaz la \u0218ah","datePublished":"2025-10-27T10:45:47+00:00","dateModified":"2025-10-27T10:45:48+00:00","mainEntityOfPage":{"@id":"https:\/\/urbeamea.ro\/albaiulia\/memorialul-mihail-breaz-la-sah\/"},"wordCount":239,"commentCount":0,"image":{"@id":"https:\/\/urbeamea.ro\/albaiulia\/memorialul-mihail-breaz-la-sah\/#primaryimage"},"thumbnailUrl":"https:\/\/urbeamea.ro\/albaiulia\/wp-content\/uploads\/2025\/10\/IMG_3053.jpg","articleSection":["Sah"],"inLanguage":"ro-RO","potentialAction":[{"@type":"CommentAction","name":"Comment","target":["https:\/\/urbeamea.ro\/albaiulia\/memorialul-mihail-breaz-la-sah\/#respond"]}]},{"@type":"WebPage","@id":"https:\/\/urbeamea.ro\/albaiulia\/memorialul-mihail-breaz-la-sah\/","url":"https:\/\/urbeamea.ro\/albaiulia\/memorialul-mihail-breaz-la-sah\/","name":"Memorialul Mihail Breaz la \u0218ah - Revista Urbea Mea - Revista de Alba","isPartOf":{"@id":"https:\/\/urbeamea.ro\/albaiulia\/#website"},"primaryImageOfPage":{"@id":"https:\/\/urbeamea.ro\/albaiulia\/memorialul-mihail-breaz-la-sah\/#primaryimage"},"image":{"@id":"https:\/\/urbeamea.ro\/albaiulia\/memorialul-mihail-breaz-la-sah\/#primaryimage"},"thumbnailUrl":"https:\/\/urbeamea.ro\/albaiulia\/wp-content\/uploads\/2025\/10\/IMG_3053.jpg","datePublished":"2025-10-27T10:45:47+00:00","dateModified":"2025-10-27T10:45:48+00:00","author":{"@id":"https:\/\/urbeamea.ro\/albaiulia\/#\/schema\/person\/272ae98052f8ee8980f59848df070247"},"description":"S\u00e2mb\u0103t\u0103, 25 octombrie, Hotel Cetate a fost gazda competi\u021biei de \u0219ah rapid \u201eMemorialul Mihail Breaz\u201d. Competi\u021bia s-a desf\u0103\u0219urat pe dou\u0103 sec\u021biuni: juc\u0103tori","breadcrumb":{"@id":"https:\/\/urbeamea.ro\/albaiulia\/memorialul-mihail-breaz-la-sah\/#breadcrumb"},"inLanguage":"ro-RO","potentialAction":[{"@type":"ReadAction","target":["https:\/\/urbeamea.ro\/albaiulia\/memorialul-mihail-breaz-la-sah\/"]}]},{"@type":"ImageObject","inLanguage":"ro-RO","@id":"https:\/\/urbeamea.ro\/albaiulia\/memorialul-mihail-breaz-la-sah\/#primaryimage","url":"https:\/\/urbeamea.ro\/albaiulia\/wp-content\/uploads\/2025\/10\/IMG_3053.jpg","contentUrl":"https:\/\/urbeamea.ro\/albaiulia\/wp-content\/uploads\/2025\/10\/IMG_3053.jpg","width":1600,"height":1067},{"@type":"BreadcrumbList","@id":"https:\/\/urbeamea.ro\/albaiulia\/memorialul-mihail-breaz-la-sah\/#breadcrumb","itemListElement":[{"@type":"ListItem","position":1,"name":"Prima pagin\u0103","item":"https:\/\/urbeamea.ro\/albaiulia\/"},{"@type":"ListItem","position":2,"name":"Memorialul Mihail Breaz la \u0218ah"}]},{"@type":"WebSite","@id":"https:\/\/urbeamea.ro\/albaiulia\/#website","url":"https:\/\/urbeamea.ro\/albaiulia\/","name":"Revista Urbea Mea, Stiri urbane","description":"Evenimente \u0219i \u0219tiri din Alba Iulia, Sebe\u0219, Aiud, Blaj","potentialAction":[{"@type":"SearchAction","target":{"@type":"EntryPoint","urlTemplate":"https:\/\/urbeamea.ro\/albaiulia\/?s={search_term_string}"},"query-input":{"@type":"PropertyValueSpecification","valueRequired":true,"valueName":"search_term_string"}}],"inLanguage":"ro-RO"},{"@type":"Person","@id":"https:\/\/urbeamea.ro\/albaiulia\/#\/schema\/person\/272ae98052f8ee8980f59848df070247","name":"Redac\u021bia UrbeaMea","image":{"@type":"ImageObject","inLanguage":"ro-RO","@id":"https:\/\/secure.gravatar.com\/avatar\/9ce5a9435071fa1037e8468053ead8e513dbbff59009d3069aadb85506d85a27?s=96&d=mm&r=g","url":"https:\/\/secure.gravatar.com\/avatar\/9ce5a9435071fa1037e8468053ead8e513dbbff59009d3069aadb85506d85a27?s=96&d=mm&r=g","contentUrl":"https:\/\/secure.gravatar.com\/avatar\/9ce5a9435071fa1037e8468053ead8e513dbbff59009d3069aadb85506d85a27?s=96&d=mm&r=g","caption":"Redac\u021bia UrbeaMea"},"description":"contact@urbeamea.ro","sameAs":["https:\/\/www.urbeamea.ro"],"url":"https:\/\/urbeamea.ro\/albaiulia\/author\/redactia-urbeamea\/"}]}},"_links":{"self":[{"href":"https:\/\/urbeamea.ro\/albaiulia\/wp-json\/wp\/v2\/posts\/120249","targetHints":{"allow":["GET"]}}],"collection":[{"href":"https:\/\/urbeamea.ro\/albaiulia\/wp-json\/wp\/v2\/posts"}],"about":[{"href":"https:\/\/urbeamea.ro\/albaiulia\/wp-json\/wp\/v2\/types\/post"}],"author":[{"embeddable":true,"href":"https:\/\/urbeamea.ro\/albaiulia\/wp-json\/wp\/v2\/users\/16"}],"replies":[{"embeddable":true,"href":"https:\/\/urbeamea.ro\/albaiulia\/wp-json\/wp\/v2\/comments?post=120249"}],"version-history":[{"count":1,"href":"https:\/\/urbeamea.ro\/albaiulia\/wp-json\/wp\/v2\/posts\/120249\/revisions"}],"predecessor-version":[{"id":120254,"href":"https:\/\/urbeamea.ro\/albaiulia\/wp-json\/wp\/v2\/posts\/120249\/revisions\/120254"}],"wp:featuredmedia":[{"embeddable":true,"href":"https:\/\/urbeamea.ro\/albaiulia\/wp-json\/wp\/v2\/media\/120250"}],"wp:attachment":[{"href":"https:\/\/urbeamea.ro\/albaiulia\/wp-json\/wp\/v2\/media?parent=120249"}],"wp:term":[{"taxonomy":"category","embeddable":true,"href":"https:\/\/urbeamea.ro\/albaiulia\/wp-json\/wp\/v2\/categories?post=120249"},{"taxonomy":"post_tag","embeddable":true,"href":"https:\/\/urbeamea.ro\/albaiulia\/wp-json\/wp\/v2\/tags?post=120249"}],"curies":[{"name":"wp","href":"https:\/\/api.w.org\/{rel}","templated":true}]}}