{"id":120324,"date":"2025-11-02T14:02:08","date_gmt":"2025-11-02T12:02:08","guid":{"rendered":"https:\/\/urbeamea.ro\/albaiulia\/?p=120324"},"modified":"2025-11-02T14:02:10","modified_gmt":"2025-11-02T12:02:10","slug":"a-fost-semnat-contractul-de-executie-a-lucrarilor-de-reconversie-si-refunctionare-a-zonei-santului-exterior-de-est-al-cetatii-alba-carolina","status":"publish","type":"post","link":"https:\/\/urbeamea.ro\/albaiulia\/a-fost-semnat-contractul-de-executie-a-lucrarilor-de-reconversie-si-refunctionare-a-zonei-santului-exterior-de-est-al-cetatii-alba-carolina\/","title":{"rendered":"A fost semnat contractul de execu\u021bie a lucr\u0103rilor de reconversie \u0219i refunc\u021bionare a zonei \u0219an\u021bului exterior de est al Cet\u0103\u021bii Alba Carolina"},"content":{"rendered":"\n<p><strong>Prim\u0103ria Municipiului Alba Iulia a semnat contractul privind contractul de execu\u021bie a lucr\u0103rilor de reconversie \u0219i refunc\u021bionare a zonei \u0219an\u021bului exterior de est al Cet\u0103\u021bii Alba Carolina.<\/strong><\/p>\n\n\n\n<p>Proiectul este finan\u021bat cu peste 1 milion de euro, bani proveni\u021bi din fonduri europene.<\/p>\n\n\n\n<p>Anun\u021bul a fost f\u0103cut de c\u0103tre primarul municipiului Alba Iulia, Gabriel Ple\u0219a prin intermediul paginii de socializare.<\/p>\n\n\n\n<p>&#8222;Obiectivul principal al acestor lucr\u0103ri este definirea unui nucleu verde \u00een re\u021beaua existent\u0103 de spa\u021bii verzi \u0219i parcuri a municipiului, continu\u00e2nd zona \u0219an\u021burilor exterioare revitalizate, suprafa\u021ba de implementare fiind de 19.560 mp, din care spa\u021biu verde 18.180 mp. <\/p>\n\n\n\n<p>Lucr\u0103rile urm\u0103resc forma \u0219an\u021bului exterior de est al Cet\u0103\u021bii Alba Carolina pe direc\u021bia nord-sud, terenul fiind delimitat de zidurile fortifica\u021biei \u0219i contragard\u0103, respectiv limitele parcelelor aferente str\u0103zii Octavian Goga.<\/p>\n\n\n\n<p>Scopul principal al proiectului care va intra \u00een execu\u021bie este revitalizarea zonei de \u0219an\u021b prin amenaj\u0103ri de spa\u021bii verzi \u0219i de promenad\u0103 adecvate nevoilor de recreere ale albaiulienilor \u0219i turi\u0219tilor. <\/p>\n\n\n\n<p>De-a lungul traseului vor fi amenajate mai multe puncte de interes: amfiteatru, pia\u021bete, parc de joac\u0103 pentru copii, oglind\u0103 de ap\u0103, traseu pentru bicicli\u0219ti, teren de volei, zon\u0103 cu mese de ping-pong \u0219i, \u00een premier\u0103 pentru Alba Iulia, dou\u0103 p\u0103rcule\u021be pentru animalele de companie.<\/p>\n\n\n\n<p> Zona va beneficia de iluminat public \u0219i sistem de supraveghere video, ci\u0219mele, locuri de \u0219edere \u0219i va fi accesibil\u0103 inclusiv persoanelor cu dizabilit\u0103\u021bi.<\/p>\n\n\n\n<p>\u00cen urma derul\u0103rii procedurilor legale de achizi\u021bie, contractul a fost semnat cu asocierea SC Corint SRL \u2013 SC Iasicon SA, valoarea total\u0103 fiind de 6.740.114 lei, din care peste 77% reprezint\u0103 valoarea nerambursabil\u0103, asigurat\u0103 prin Programul \u201eRegiunea Centru\u201d 2021-2027. <\/p>\n\n\n\n<p>Termenul de execu\u021bie a lucr\u0103rilor este de 18 luni&#8221; a transmis primarul Gabriel Ple\u0219a, pe Facebook.<\/p>\n\n\n\n<figure class=\"wp-block-gallery has-nested-images columns-default is-cropped wp-block-gallery-1 is-layout-flex wp-block-gallery-is-layout-flex\">\n<figure class=\"wp-block-image size-large\"><img loading=\"lazy\" decoding=\"async\" width=\"1076\" height=\"1280\" data-id=\"120325\" src=\"https:\/\/urbeamea.ro\/albaiulia\/wp-content\/uploads\/2025\/11\/1000053253-1076x1280.jpg\" alt=\"\" class=\"wp-image-120325\" srcset=\"https:\/\/urbeamea.ro\/albaiulia\/wp-content\/uploads\/2025\/11\/1000053253-1076x1280.jpg 1076w, https:\/\/urbeamea.ro\/albaiulia\/wp-content\/uploads\/2025\/11\/1000053253-538x640.jpg 538w, https:\/\/urbeamea.ro\/albaiulia\/wp-content\/uploads\/2025\/11\/1000053253-126x150.jpg 126w, https:\/\/urbeamea.ro\/albaiulia\/wp-content\/uploads\/2025\/11\/1000053253-768x913.jpg 768w, https:\/\/urbeamea.ro\/albaiulia\/wp-content\/uploads\/2025\/11\/1000053253-1292x1536.jpg 1292w, https:\/\/urbeamea.ro\/albaiulia\/wp-content\/uploads\/2025\/11\/1000053253.jpg 1327w\" sizes=\"auto, (max-width: 1076px) 100vw, 1076px\" \/><\/figure>\n\n\n\n<figure class=\"wp-block-image size-large\"><img loading=\"lazy\" decoding=\"async\" width=\"1072\" height=\"1280\" data-id=\"120326\" src=\"https:\/\/urbeamea.ro\/albaiulia\/wp-content\/uploads\/2025\/11\/1000053252-1072x1280.jpg\" alt=\"\" class=\"wp-image-120326\" srcset=\"https:\/\/urbeamea.ro\/albaiulia\/wp-content\/uploads\/2025\/11\/1000053252-1072x1280.jpg 1072w, https:\/\/urbeamea.ro\/albaiulia\/wp-content\/uploads\/2025\/11\/1000053252-536x640.jpg 536w, https:\/\/urbeamea.ro\/albaiulia\/wp-content\/uploads\/2025\/11\/1000053252-126x150.jpg 126w, https:\/\/urbeamea.ro\/albaiulia\/wp-content\/uploads\/2025\/11\/1000053252-768x917.jpg 768w, https:\/\/urbeamea.ro\/albaiulia\/wp-content\/uploads\/2025\/11\/1000053252-1286x1536.jpg 1286w, https:\/\/urbeamea.ro\/albaiulia\/wp-content\/uploads\/2025\/11\/1000053252.jpg 1327w\" sizes=\"auto, (max-width: 1072px) 100vw, 1072px\" \/><\/figure>\n\n\n\n<figure class=\"wp-block-image size-large\"><img loading=\"lazy\" decoding=\"async\" width=\"1081\" height=\"1280\" data-id=\"120327\" src=\"https:\/\/urbeamea.ro\/albaiulia\/wp-content\/uploads\/2025\/11\/1000053248-1081x1280.jpg\" alt=\"\" class=\"wp-image-120327\" srcset=\"https:\/\/urbeamea.ro\/albaiulia\/wp-content\/uploads\/2025\/11\/1000053248-1081x1280.jpg 1081w, https:\/\/urbeamea.ro\/albaiulia\/wp-content\/uploads\/2025\/11\/1000053248-540x640.jpg 540w, https:\/\/urbeamea.ro\/albaiulia\/wp-content\/uploads\/2025\/11\/1000053248-127x150.jpg 127w, https:\/\/urbeamea.ro\/albaiulia\/wp-content\/uploads\/2025\/11\/1000053248-768x910.jpg 768w, https:\/\/urbeamea.ro\/albaiulia\/wp-content\/uploads\/2025\/11\/1000053248-1297x1536.jpg 1297w, https:\/\/urbeamea.ro\/albaiulia\/wp-content\/uploads\/2025\/11\/1000053248.jpg 1335w\" sizes=\"auto, (max-width: 1081px) 100vw, 1081px\" \/><\/figure>\n\n\n\n<figure class=\"wp-block-image size-large\"><img loading=\"lazy\" decoding=\"async\" width=\"1079\" height=\"1280\" data-id=\"120328\" src=\"https:\/\/urbeamea.ro\/albaiulia\/wp-content\/uploads\/2025\/11\/1000053247-1079x1280.jpg\" alt=\"\" class=\"wp-image-120328\" srcset=\"https:\/\/urbeamea.ro\/albaiulia\/wp-content\/uploads\/2025\/11\/1000053247-1079x1280.jpg 1079w, https:\/\/urbeamea.ro\/albaiulia\/wp-content\/uploads\/2025\/11\/1000053247-540x640.jpg 540w, https:\/\/urbeamea.ro\/albaiulia\/wp-content\/uploads\/2025\/11\/1000053247-126x150.jpg 126w, https:\/\/urbeamea.ro\/albaiulia\/wp-content\/uploads\/2025\/11\/1000053247-768x911.jpg 768w, https:\/\/urbeamea.ro\/albaiulia\/wp-content\/uploads\/2025\/11\/1000053247-1295x1536.jpg 1295w, https:\/\/urbeamea.ro\/albaiulia\/wp-content\/uploads\/2025\/11\/1000053247.jpg 1328w\" sizes=\"auto, (max-width: 1079px) 100vw, 1079px\" \/><\/figure>\n\n\n\n<figure class=\"wp-block-image size-large\"><img loading=\"lazy\" decoding=\"async\" width=\"1082\" height=\"1280\" data-id=\"120329\" src=\"https:\/\/urbeamea.ro\/albaiulia\/wp-content\/uploads\/2025\/11\/1000053246-1082x1280.jpg\" alt=\"\" class=\"wp-image-120329\" srcset=\"https:\/\/urbeamea.ro\/albaiulia\/wp-content\/uploads\/2025\/11\/1000053246-1082x1280.jpg 1082w, https:\/\/urbeamea.ro\/albaiulia\/wp-content\/uploads\/2025\/11\/1000053246-541x640.jpg 541w, https:\/\/urbeamea.ro\/albaiulia\/wp-content\/uploads\/2025\/11\/1000053246-127x150.jpg 127w, https:\/\/urbeamea.ro\/albaiulia\/wp-content\/uploads\/2025\/11\/1000053246-768x908.jpg 768w, https:\/\/urbeamea.ro\/albaiulia\/wp-content\/uploads\/2025\/11\/1000053246-1299x1536.jpg 1299w, https:\/\/urbeamea.ro\/albaiulia\/wp-content\/uploads\/2025\/11\/1000053246.jpg 1337w\" sizes=\"auto, (max-width: 1082px) 100vw, 1082px\" \/><\/figure>\n\n\n\n<figure class=\"wp-block-image size-large\"><img loading=\"lazy\" decoding=\"async\" width=\"1280\" height=\"874\" data-id=\"120330\" src=\"https:\/\/urbeamea.ro\/albaiulia\/wp-content\/uploads\/2025\/11\/1000053244-1280x874.jpg\" alt=\"\" class=\"wp-image-120330\" srcset=\"https:\/\/urbeamea.ro\/albaiulia\/wp-content\/uploads\/2025\/11\/1000053244-1280x874.jpg 1280w, https:\/\/urbeamea.ro\/albaiulia\/wp-content\/uploads\/2025\/11\/1000053244-640x437.jpg 640w, https:\/\/urbeamea.ro\/albaiulia\/wp-content\/uploads\/2025\/11\/1000053244-150x102.jpg 150w, https:\/\/urbeamea.ro\/albaiulia\/wp-content\/uploads\/2025\/11\/1000053244-768x525.jpg 768w, https:\/\/urbeamea.ro\/albaiulia\/wp-content\/uploads\/2025\/11\/1000053244-1536x1049.jpg 1536w, https:\/\/urbeamea.ro\/albaiulia\/wp-content\/uploads\/2025\/11\/1000053244-220x150.jpg 220w, https:\/\/urbeamea.ro\/albaiulia\/wp-content\/uploads\/2025\/11\/1000053244.jpg 2048w\" sizes=\"auto, (max-width: 1280px) 100vw, 1280px\" \/><\/figure>\n\n\n\n<figure class=\"wp-block-image size-large\"><img loading=\"lazy\" decoding=\"async\" width=\"1280\" height=\"814\" data-id=\"120331\" src=\"https:\/\/urbeamea.ro\/albaiulia\/wp-content\/uploads\/2025\/11\/1000053245-1280x814.jpg\" alt=\"\" class=\"wp-image-120331\" srcset=\"https:\/\/urbeamea.ro\/albaiulia\/wp-content\/uploads\/2025\/11\/1000053245-1280x814.jpg 1280w, https:\/\/urbeamea.ro\/albaiulia\/wp-content\/uploads\/2025\/11\/1000053245-640x407.jpg 640w, https:\/\/urbeamea.ro\/albaiulia\/wp-content\/uploads\/2025\/11\/1000053245-150x95.jpg 150w, https:\/\/urbeamea.ro\/albaiulia\/wp-content\/uploads\/2025\/11\/1000053245-768x488.jpg 768w, https:\/\/urbeamea.ro\/albaiulia\/wp-content\/uploads\/2025\/11\/1000053245-1536x977.jpg 1536w, https:\/\/urbeamea.ro\/albaiulia\/wp-content\/uploads\/2025\/11\/1000053245.jpg 2048w\" sizes=\"auto, (max-width: 1280px) 100vw, 1280px\" \/><\/figure>\n<\/figure>\n\n\n\n<p><\/p>\n\n\n\n<p><\/p>\n","protected":false},"excerpt":{"rendered":"<p>Prim\u0103ria Municipiului Alba Iulia a semnat contractul privind contractul de execu\u021bie a lucr\u0103rilor de reconversie \u0219i refunc\u021bionare a zonei \u0219an\u021bului exterior de est al Cet\u0103\u021bii Alba Carolina. Proiectul este finan\u021bat cu peste 1 milion de euro, bani proveni\u021bi din fonduri europene. Anun\u021bul a fost f\u0103cut de c\u0103tre primarul municipiului Alba Iulia, Gabriel Ple\u0219a prin intermediul &hellip;<\/p>\n","protected":false},"author":28,"featured_media":120331,"comment_status":"open","ping_status":"open","sticky":false,"template":"","format":"standard","meta":{"inline_featured_image":false,"footnotes":""},"categories":[23926,2035,2034,1,16344],"tags":[182],"class_list":["post-120324","post","type-post","status-publish","format-standard","has-post-thumbnail","hentry","category-actualitate","category-administratie","category-social","category-stiri-urbane","category-urbea-mea","tag-cetatea-alba-carolina"],"yoast_head":"<!-- This site is optimized with the Yoast SEO plugin v27.4 - https:\/\/yoast.com\/product\/yoast-seo-wordpress\/ -->\n<title>A fost semnat contractul de execu\u021bie a lucr\u0103rilor de reconversie \u0219i refunc\u021bionare a zonei \u0219an\u021bului exterior de est al Cet\u0103\u021bii Alba Carolina - Revista Urbea Mea - Revista de Alba<\/title>\n<meta name=\"description\" content=\"Prim\u0103ria Municipiului Alba Iulia a semnat contractul privind contractul de execu\u021bie a lucr\u0103rilor de reconversie \u0219i refunc\u021bionare a zonei \u0219an\u021bului exterior\" \/>\n<meta name=\"robots\" content=\"index, follow, max-snippet:-1, max-image-preview:large, max-video-preview:-1\" \/>\n<link rel=\"canonical\" href=\"https:\/\/urbeamea.ro\/albaiulia\/a-fost-semnat-contractul-de-executie-a-lucrarilor-de-reconversie-si-refunctionare-a-zonei-santului-exterior-de-est-al-cetatii-alba-carolina\/\" \/>\n<meta name=\"twitter:card\" content=\"summary_large_image\" \/>\n<meta name=\"twitter:title\" content=\"A fost semnat contractul de execu\u021bie a lucr\u0103rilor de reconversie \u0219i refunc\u021bionare a zonei \u0219an\u021bului exterior de est al Cet\u0103\u021bii Alba Carolina - Revista Urbea Mea - Revista de Alba\" \/>\n<meta name=\"twitter:description\" content=\"Prim\u0103ria Municipiului Alba Iulia a semnat contractul privind contractul de execu\u021bie a lucr\u0103rilor de reconversie \u0219i refunc\u021bionare a zonei \u0219an\u021bului exterior\" \/>\n<meta name=\"twitter:image\" content=\"https:\/\/urbeamea.ro\/albaiulia\/wp-content\/uploads\/2025\/11\/1000053245.jpg\" \/>\n<meta name=\"twitter:creator\" content=\"@urbeameaweb\" \/>\n<meta name=\"twitter:site\" content=\"@urbeameaweb\" \/>\n<script type=\"application\/ld+json\" class=\"yoast-schema-graph\">{\"@context\":\"https:\\\/\\\/schema.org\",\"@graph\":[{\"@type\":\"Article\",\"@id\":\"https:\\\/\\\/urbeamea.ro\\\/albaiulia\\\/a-fost-semnat-contractul-de-executie-a-lucrarilor-de-reconversie-si-refunctionare-a-zonei-santului-exterior-de-est-al-cetatii-alba-carolina\\\/#article\",\"isPartOf\":{\"@id\":\"https:\\\/\\\/urbeamea.ro\\\/albaiulia\\\/a-fost-semnat-contractul-de-executie-a-lucrarilor-de-reconversie-si-refunctionare-a-zonei-santului-exterior-de-est-al-cetatii-alba-carolina\\\/\"},\"author\":{\"name\":\"Giurca Sorin\",\"@id\":\"https:\\\/\\\/urbeamea.ro\\\/albaiulia\\\/#\\\/schema\\\/person\\\/5db3854ac38c1cc9f0ab4092d6a20f02\"},\"headline\":\"A fost semnat contractul de execu\u021bie a lucr\u0103rilor de reconversie \u0219i refunc\u021bionare a zonei \u0219an\u021bului exterior de est al Cet\u0103\u021bii Alba Carolina\",\"datePublished\":\"2025-11-02T12:02:08+00:00\",\"dateModified\":\"2025-11-02T12:02:10+00:00\",\"mainEntityOfPage\":{\"@id\":\"https:\\\/\\\/urbeamea.ro\\\/albaiulia\\\/a-fost-semnat-contractul-de-executie-a-lucrarilor-de-reconversie-si-refunctionare-a-zonei-santului-exterior-de-est-al-cetatii-alba-carolina\\\/\"},\"wordCount\":338,\"commentCount\":0,\"image\":{\"@id\":\"https:\\\/\\\/urbeamea.ro\\\/albaiulia\\\/a-fost-semnat-contractul-de-executie-a-lucrarilor-de-reconversie-si-refunctionare-a-zonei-santului-exterior-de-est-al-cetatii-alba-carolina\\\/#primaryimage\"},\"thumbnailUrl\":\"https:\\\/\\\/urbeamea.ro\\\/albaiulia\\\/wp-content\\\/uploads\\\/2025\\\/11\\\/1000053245.jpg\",\"keywords\":[\"cetatea alba carolina\"],\"articleSection\":[\"Actualitate\",\"Administra\u021bie\",\"Social\",\"\u015etiri Urbane\",\"Urbea Mea\"],\"inLanguage\":\"ro-RO\",\"potentialAction\":[{\"@type\":\"CommentAction\",\"name\":\"Comment\",\"target\":[\"https:\\\/\\\/urbeamea.ro\\\/albaiulia\\\/a-fost-semnat-contractul-de-executie-a-lucrarilor-de-reconversie-si-refunctionare-a-zonei-santului-exterior-de-est-al-cetatii-alba-carolina\\\/#respond\"]}]},{\"@type\":\"WebPage\",\"@id\":\"https:\\\/\\\/urbeamea.ro\\\/albaiulia\\\/a-fost-semnat-contractul-de-executie-a-lucrarilor-de-reconversie-si-refunctionare-a-zonei-santului-exterior-de-est-al-cetatii-alba-carolina\\\/\",\"url\":\"https:\\\/\\\/urbeamea.ro\\\/albaiulia\\\/a-fost-semnat-contractul-de-executie-a-lucrarilor-de-reconversie-si-refunctionare-a-zonei-santului-exterior-de-est-al-cetatii-alba-carolina\\\/\",\"name\":\"A fost semnat contractul de execu\u021bie a lucr\u0103rilor de reconversie \u0219i refunc\u021bionare a zonei \u0219an\u021bului exterior de est al Cet\u0103\u021bii Alba Carolina - Revista Urbea Mea - Revista de Alba\",\"isPartOf\":{\"@id\":\"https:\\\/\\\/urbeamea.ro\\\/albaiulia\\\/#website\"},\"primaryImageOfPage\":{\"@id\":\"https:\\\/\\\/urbeamea.ro\\\/albaiulia\\\/a-fost-semnat-contractul-de-executie-a-lucrarilor-de-reconversie-si-refunctionare-a-zonei-santului-exterior-de-est-al-cetatii-alba-carolina\\\/#primaryimage\"},\"image\":{\"@id\":\"https:\\\/\\\/urbeamea.ro\\\/albaiulia\\\/a-fost-semnat-contractul-de-executie-a-lucrarilor-de-reconversie-si-refunctionare-a-zonei-santului-exterior-de-est-al-cetatii-alba-carolina\\\/#primaryimage\"},\"thumbnailUrl\":\"https:\\\/\\\/urbeamea.ro\\\/albaiulia\\\/wp-content\\\/uploads\\\/2025\\\/11\\\/1000053245.jpg\",\"datePublished\":\"2025-11-02T12:02:08+00:00\",\"dateModified\":\"2025-11-02T12:02:10+00:00\",\"author\":{\"@id\":\"https:\\\/\\\/urbeamea.ro\\\/albaiulia\\\/#\\\/schema\\\/person\\\/5db3854ac38c1cc9f0ab4092d6a20f02\"},\"description\":\"Prim\u0103ria Municipiului Alba Iulia a semnat contractul privind contractul de execu\u021bie a lucr\u0103rilor de reconversie \u0219i refunc\u021bionare a zonei \u0219an\u021bului exterior\",\"breadcrumb\":{\"@id\":\"https:\\\/\\\/urbeamea.ro\\\/albaiulia\\\/a-fost-semnat-contractul-de-executie-a-lucrarilor-de-reconversie-si-refunctionare-a-zonei-santului-exterior-de-est-al-cetatii-alba-carolina\\\/#breadcrumb\"},\"inLanguage\":\"ro-RO\",\"potentialAction\":[{\"@type\":\"ReadAction\",\"target\":[\"https:\\\/\\\/urbeamea.ro\\\/albaiulia\\\/a-fost-semnat-contractul-de-executie-a-lucrarilor-de-reconversie-si-refunctionare-a-zonei-santului-exterior-de-est-al-cetatii-alba-carolina\\\/\"]}]},{\"@type\":\"ImageObject\",\"inLanguage\":\"ro-RO\",\"@id\":\"https:\\\/\\\/urbeamea.ro\\\/albaiulia\\\/a-fost-semnat-contractul-de-executie-a-lucrarilor-de-reconversie-si-refunctionare-a-zonei-santului-exterior-de-est-al-cetatii-alba-carolina\\\/#primaryimage\",\"url\":\"https:\\\/\\\/urbeamea.ro\\\/albaiulia\\\/wp-content\\\/uploads\\\/2025\\\/11\\\/1000053245.jpg\",\"contentUrl\":\"https:\\\/\\\/urbeamea.ro\\\/albaiulia\\\/wp-content\\\/uploads\\\/2025\\\/11\\\/1000053245.jpg\",\"width\":2048,\"height\":1302},{\"@type\":\"BreadcrumbList\",\"@id\":\"https:\\\/\\\/urbeamea.ro\\\/albaiulia\\\/a-fost-semnat-contractul-de-executie-a-lucrarilor-de-reconversie-si-refunctionare-a-zonei-santului-exterior-de-est-al-cetatii-alba-carolina\\\/#breadcrumb\",\"itemListElement\":[{\"@type\":\"ListItem\",\"position\":1,\"name\":\"Prima pagin\u0103\",\"item\":\"https:\\\/\\\/urbeamea.ro\\\/albaiulia\\\/\"},{\"@type\":\"ListItem\",\"position\":2,\"name\":\"A fost semnat contractul de execu\u021bie a lucr\u0103rilor de reconversie \u0219i refunc\u021bionare a zonei \u0219an\u021bului exterior de est al Cet\u0103\u021bii Alba Carolina\"}]},{\"@type\":\"WebSite\",\"@id\":\"https:\\\/\\\/urbeamea.ro\\\/albaiulia\\\/#website\",\"url\":\"https:\\\/\\\/urbeamea.ro\\\/albaiulia\\\/\",\"name\":\"Revista Urbea Mea, Stiri urbane\",\"description\":\"Evenimente \u0219i \u0219tiri din Alba Iulia, Sebe\u0219, Aiud, Blaj\",\"potentialAction\":[{\"@type\":\"SearchAction\",\"target\":{\"@type\":\"EntryPoint\",\"urlTemplate\":\"https:\\\/\\\/urbeamea.ro\\\/albaiulia\\\/?s={search_term_string}\"},\"query-input\":{\"@type\":\"PropertyValueSpecification\",\"valueRequired\":true,\"valueName\":\"search_term_string\"}}],\"inLanguage\":\"ro-RO\"},{\"@type\":\"Person\",\"@id\":\"https:\\\/\\\/urbeamea.ro\\\/albaiulia\\\/#\\\/schema\\\/person\\\/5db3854ac38c1cc9f0ab4092d6a20f02\",\"name\":\"Giurca Sorin\",\"image\":{\"@type\":\"ImageObject\",\"inLanguage\":\"ro-RO\",\"@id\":\"https:\\\/\\\/secure.gravatar.com\\\/avatar\\\/120f6fcae7b3b47a7730cb9943f612f4909f68ac5284b5f40ac1c4615fd70576?s=96&d=mm&r=g\",\"url\":\"https:\\\/\\\/secure.gravatar.com\\\/avatar\\\/120f6fcae7b3b47a7730cb9943f612f4909f68ac5284b5f40ac1c4615fd70576?s=96&d=mm&r=g\",\"contentUrl\":\"https:\\\/\\\/secure.gravatar.com\\\/avatar\\\/120f6fcae7b3b47a7730cb9943f612f4909f68ac5284b5f40ac1c4615fd70576?s=96&d=mm&r=g\",\"caption\":\"Giurca Sorin\"},\"url\":\"https:\\\/\\\/urbeamea.ro\\\/albaiulia\\\/author\\\/sorin\\\/\"}]}<\/script>\n<!-- \/ Yoast SEO plugin. -->","yoast_head_json":{"title":"A fost semnat contractul de execu\u021bie a lucr\u0103rilor de reconversie \u0219i refunc\u021bionare a zonei \u0219an\u021bului exterior de est al Cet\u0103\u021bii Alba Carolina - Revista Urbea Mea - Revista de Alba","description":"Prim\u0103ria Municipiului Alba Iulia a semnat contractul privind contractul de execu\u021bie a lucr\u0103rilor de reconversie \u0219i refunc\u021bionare a zonei \u0219an\u021bului exterior","robots":{"index":"index","follow":"follow","max-snippet":"max-snippet:-1","max-image-preview":"max-image-preview:large","max-video-preview":"max-video-preview:-1"},"canonical":"https:\/\/urbeamea.ro\/albaiulia\/a-fost-semnat-contractul-de-executie-a-lucrarilor-de-reconversie-si-refunctionare-a-zonei-santului-exterior-de-est-al-cetatii-alba-carolina\/","twitter_card":"summary_large_image","twitter_title":"A fost semnat contractul de execu\u021bie a lucr\u0103rilor de reconversie \u0219i refunc\u021bionare a zonei \u0219an\u021bului exterior de est al Cet\u0103\u021bii Alba Carolina - Revista Urbea Mea - Revista de Alba","twitter_description":"Prim\u0103ria Municipiului Alba Iulia a semnat contractul privind contractul de execu\u021bie a lucr\u0103rilor de reconversie \u0219i refunc\u021bionare a zonei \u0219an\u021bului exterior","twitter_image":"https:\/\/urbeamea.ro\/albaiulia\/wp-content\/uploads\/2025\/11\/1000053245.jpg","twitter_creator":"@urbeameaweb","twitter_site":"@urbeameaweb","schema":{"@context":"https:\/\/schema.org","@graph":[{"@type":"Article","@id":"https:\/\/urbeamea.ro\/albaiulia\/a-fost-semnat-contractul-de-executie-a-lucrarilor-de-reconversie-si-refunctionare-a-zonei-santului-exterior-de-est-al-cetatii-alba-carolina\/#article","isPartOf":{"@id":"https:\/\/urbeamea.ro\/albaiulia\/a-fost-semnat-contractul-de-executie-a-lucrarilor-de-reconversie-si-refunctionare-a-zonei-santului-exterior-de-est-al-cetatii-alba-carolina\/"},"author":{"name":"Giurca Sorin","@id":"https:\/\/urbeamea.ro\/albaiulia\/#\/schema\/person\/5db3854ac38c1cc9f0ab4092d6a20f02"},"headline":"A fost semnat contractul de execu\u021bie a lucr\u0103rilor de reconversie \u0219i refunc\u021bionare a zonei \u0219an\u021bului exterior de est al Cet\u0103\u021bii Alba Carolina","datePublished":"2025-11-02T12:02:08+00:00","dateModified":"2025-11-02T12:02:10+00:00","mainEntityOfPage":{"@id":"https:\/\/urbeamea.ro\/albaiulia\/a-fost-semnat-contractul-de-executie-a-lucrarilor-de-reconversie-si-refunctionare-a-zonei-santului-exterior-de-est-al-cetatii-alba-carolina\/"},"wordCount":338,"commentCount":0,"image":{"@id":"https:\/\/urbeamea.ro\/albaiulia\/a-fost-semnat-contractul-de-executie-a-lucrarilor-de-reconversie-si-refunctionare-a-zonei-santului-exterior-de-est-al-cetatii-alba-carolina\/#primaryimage"},"thumbnailUrl":"https:\/\/urbeamea.ro\/albaiulia\/wp-content\/uploads\/2025\/11\/1000053245.jpg","keywords":["cetatea alba carolina"],"articleSection":["Actualitate","Administra\u021bie","Social","\u015etiri Urbane","Urbea Mea"],"inLanguage":"ro-RO","potentialAction":[{"@type":"CommentAction","name":"Comment","target":["https:\/\/urbeamea.ro\/albaiulia\/a-fost-semnat-contractul-de-executie-a-lucrarilor-de-reconversie-si-refunctionare-a-zonei-santului-exterior-de-est-al-cetatii-alba-carolina\/#respond"]}]},{"@type":"WebPage","@id":"https:\/\/urbeamea.ro\/albaiulia\/a-fost-semnat-contractul-de-executie-a-lucrarilor-de-reconversie-si-refunctionare-a-zonei-santului-exterior-de-est-al-cetatii-alba-carolina\/","url":"https:\/\/urbeamea.ro\/albaiulia\/a-fost-semnat-contractul-de-executie-a-lucrarilor-de-reconversie-si-refunctionare-a-zonei-santului-exterior-de-est-al-cetatii-alba-carolina\/","name":"A fost semnat contractul de execu\u021bie a lucr\u0103rilor de reconversie \u0219i refunc\u021bionare a zonei \u0219an\u021bului exterior de est al Cet\u0103\u021bii Alba Carolina - Revista Urbea Mea - Revista de Alba","isPartOf":{"@id":"https:\/\/urbeamea.ro\/albaiulia\/#website"},"primaryImageOfPage":{"@id":"https:\/\/urbeamea.ro\/albaiulia\/a-fost-semnat-contractul-de-executie-a-lucrarilor-de-reconversie-si-refunctionare-a-zonei-santului-exterior-de-est-al-cetatii-alba-carolina\/#primaryimage"},"image":{"@id":"https:\/\/urbeamea.ro\/albaiulia\/a-fost-semnat-contractul-de-executie-a-lucrarilor-de-reconversie-si-refunctionare-a-zonei-santului-exterior-de-est-al-cetatii-alba-carolina\/#primaryimage"},"thumbnailUrl":"https:\/\/urbeamea.ro\/albaiulia\/wp-content\/uploads\/2025\/11\/1000053245.jpg","datePublished":"2025-11-02T12:02:08+00:00","dateModified":"2025-11-02T12:02:10+00:00","author":{"@id":"https:\/\/urbeamea.ro\/albaiulia\/#\/schema\/person\/5db3854ac38c1cc9f0ab4092d6a20f02"},"description":"Prim\u0103ria Municipiului Alba Iulia a semnat contractul privind contractul de execu\u021bie a lucr\u0103rilor de reconversie \u0219i refunc\u021bionare a zonei \u0219an\u021bului exterior","breadcrumb":{"@id":"https:\/\/urbeamea.ro\/albaiulia\/a-fost-semnat-contractul-de-executie-a-lucrarilor-de-reconversie-si-refunctionare-a-zonei-santului-exterior-de-est-al-cetatii-alba-carolina\/#breadcrumb"},"inLanguage":"ro-RO","potentialAction":[{"@type":"ReadAction","target":["https:\/\/urbeamea.ro\/albaiulia\/a-fost-semnat-contractul-de-executie-a-lucrarilor-de-reconversie-si-refunctionare-a-zonei-santului-exterior-de-est-al-cetatii-alba-carolina\/"]}]},{"@type":"ImageObject","inLanguage":"ro-RO","@id":"https:\/\/urbeamea.ro\/albaiulia\/a-fost-semnat-contractul-de-executie-a-lucrarilor-de-reconversie-si-refunctionare-a-zonei-santului-exterior-de-est-al-cetatii-alba-carolina\/#primaryimage","url":"https:\/\/urbeamea.ro\/albaiulia\/wp-content\/uploads\/2025\/11\/1000053245.jpg","contentUrl":"https:\/\/urbeamea.ro\/albaiulia\/wp-content\/uploads\/2025\/11\/1000053245.jpg","width":2048,"height":1302},{"@type":"BreadcrumbList","@id":"https:\/\/urbeamea.ro\/albaiulia\/a-fost-semnat-contractul-de-executie-a-lucrarilor-de-reconversie-si-refunctionare-a-zonei-santului-exterior-de-est-al-cetatii-alba-carolina\/#breadcrumb","itemListElement":[{"@type":"ListItem","position":1,"name":"Prima pagin\u0103","item":"https:\/\/urbeamea.ro\/albaiulia\/"},{"@type":"ListItem","position":2,"name":"A fost semnat contractul de execu\u021bie a lucr\u0103rilor de reconversie \u0219i refunc\u021bionare a zonei \u0219an\u021bului exterior de est al Cet\u0103\u021bii Alba Carolina"}]},{"@type":"WebSite","@id":"https:\/\/urbeamea.ro\/albaiulia\/#website","url":"https:\/\/urbeamea.ro\/albaiulia\/","name":"Revista Urbea Mea, Stiri urbane","description":"Evenimente \u0219i \u0219tiri din Alba Iulia, Sebe\u0219, Aiud, Blaj","potentialAction":[{"@type":"SearchAction","target":{"@type":"EntryPoint","urlTemplate":"https:\/\/urbeamea.ro\/albaiulia\/?s={search_term_string}"},"query-input":{"@type":"PropertyValueSpecification","valueRequired":true,"valueName":"search_term_string"}}],"inLanguage":"ro-RO"},{"@type":"Person","@id":"https:\/\/urbeamea.ro\/albaiulia\/#\/schema\/person\/5db3854ac38c1cc9f0ab4092d6a20f02","name":"Giurca Sorin","image":{"@type":"ImageObject","inLanguage":"ro-RO","@id":"https:\/\/secure.gravatar.com\/avatar\/120f6fcae7b3b47a7730cb9943f612f4909f68ac5284b5f40ac1c4615fd70576?s=96&d=mm&r=g","url":"https:\/\/secure.gravatar.com\/avatar\/120f6fcae7b3b47a7730cb9943f612f4909f68ac5284b5f40ac1c4615fd70576?s=96&d=mm&r=g","contentUrl":"https:\/\/secure.gravatar.com\/avatar\/120f6fcae7b3b47a7730cb9943f612f4909f68ac5284b5f40ac1c4615fd70576?s=96&d=mm&r=g","caption":"Giurca Sorin"},"url":"https:\/\/urbeamea.ro\/albaiulia\/author\/sorin\/"}]}},"_links":{"self":[{"href":"https:\/\/urbeamea.ro\/albaiulia\/wp-json\/wp\/v2\/posts\/120324","targetHints":{"allow":["GET"]}}],"collection":[{"href":"https:\/\/urbeamea.ro\/albaiulia\/wp-json\/wp\/v2\/posts"}],"about":[{"href":"https:\/\/urbeamea.ro\/albaiulia\/wp-json\/wp\/v2\/types\/post"}],"author":[{"embeddable":true,"href":"https:\/\/urbeamea.ro\/albaiulia\/wp-json\/wp\/v2\/users\/28"}],"replies":[{"embeddable":true,"href":"https:\/\/urbeamea.ro\/albaiulia\/wp-json\/wp\/v2\/comments?post=120324"}],"version-history":[{"count":1,"href":"https:\/\/urbeamea.ro\/albaiulia\/wp-json\/wp\/v2\/posts\/120324\/revisions"}],"predecessor-version":[{"id":120332,"href":"https:\/\/urbeamea.ro\/albaiulia\/wp-json\/wp\/v2\/posts\/120324\/revisions\/120332"}],"wp:featuredmedia":[{"embeddable":true,"href":"https:\/\/urbeamea.ro\/albaiulia\/wp-json\/wp\/v2\/media\/120331"}],"wp:attachment":[{"href":"https:\/\/urbeamea.ro\/albaiulia\/wp-json\/wp\/v2\/media?parent=120324"}],"wp:term":[{"taxonomy":"category","embeddable":true,"href":"https:\/\/urbeamea.ro\/albaiulia\/wp-json\/wp\/v2\/categories?post=120324"},{"taxonomy":"post_tag","embeddable":true,"href":"https:\/\/urbeamea.ro\/albaiulia\/wp-json\/wp\/v2\/tags?post=120324"}],"curies":[{"name":"wp","href":"https:\/\/api.w.org\/{rel}","templated":true}]}}