{"id":120418,"date":"2025-11-07T21:22:04","date_gmt":"2025-11-07T19:22:04","guid":{"rendered":"https:\/\/urbeamea.ro\/albaiulia\/?p=120418"},"modified":"2025-11-07T21:22:06","modified_gmt":"2025-11-07T19:22:06","slug":"9-noiembrie-muzeul-national-al-unirii-alba-iulia-aniverseaza-137-de-ani-de-la-infiintare-intrare-libera-pentru-toti-vizitatorii","status":"publish","type":"post","link":"https:\/\/urbeamea.ro\/albaiulia\/9-noiembrie-muzeul-national-al-unirii-alba-iulia-aniverseaza-137-de-ani-de-la-infiintare-intrare-libera-pentru-toti-vizitatorii\/","title":{"rendered":"9 noiembrie: Muzeul Na\u021bional al Unirii Alba Iulia aniverseaz\u0103 137 de ani de la \u00eenfiin\u021bare. Intrare liber\u0103 pentru to\u021bi vizitatorii"},"content":{"rendered":"\n<p><strong>Duminic\u0103, 9 noiembrie 2025, Muzeul Na\u021bional al Unirii din Alba Iulia s\u0103rb\u0103tore\u0219te 137 de ani de la \u00eenfiin\u021bare, un moment important \u00een istoria uneia dintre cele mai prestigioase institu\u021bii culturale din Rom\u00e2nia.<\/strong><\/p>\n\n\n\n<p>Cu aceast\u0103 ocazie, intrarea va fi liber\u0103 pentru to\u021bi vizitatorii pe parcursul \u00eentregii zile.<\/p>\n\n\n\n<p>V\u0103 invit\u0103m s\u0103 ne fi\u021bi al\u0103turi \u0219i s\u0103 redescoperi\u021bi patrimoniul istoric \u0219i cultural care define\u0219te identitatea noastr\u0103 na\u021bional\u0103.<\/p>\n\n\n\n<figure class=\"wp-block-image size-large\"><img loading=\"lazy\" decoding=\"async\" width=\"1280\" height=\"853\" src=\"https:\/\/urbeamea.ro\/albaiulia\/wp-content\/uploads\/2025\/11\/1000053553-1280x853.jpg\" alt=\"\" class=\"wp-image-120419\" srcset=\"https:\/\/urbeamea.ro\/albaiulia\/wp-content\/uploads\/2025\/11\/1000053553-1280x853.jpg 1280w, https:\/\/urbeamea.ro\/albaiulia\/wp-content\/uploads\/2025\/11\/1000053553-640x427.jpg 640w, https:\/\/urbeamea.ro\/albaiulia\/wp-content\/uploads\/2025\/11\/1000053553-150x100.jpg 150w, https:\/\/urbeamea.ro\/albaiulia\/wp-content\/uploads\/2025\/11\/1000053553-768x512.jpg 768w, https:\/\/urbeamea.ro\/albaiulia\/wp-content\/uploads\/2025\/11\/1000053553-1536x1024.jpg 1536w, https:\/\/urbeamea.ro\/albaiulia\/wp-content\/uploads\/2025\/11\/1000053553.jpg 2048w\" sizes=\"auto, (max-width: 1280px) 100vw, 1280px\" \/><\/figure>\n","protected":false},"excerpt":{"rendered":"<p>Duminic\u0103, 9 noiembrie 2025, Muzeul Na\u021bional al Unirii din Alba Iulia s\u0103rb\u0103tore\u0219te 137 de ani de la \u00eenfiin\u021bare, un moment important \u00een istoria uneia dintre cele mai prestigioase institu\u021bii culturale din Rom\u00e2nia. Cu aceast\u0103 ocazie, intrarea va fi liber\u0103 pentru to\u021bi vizitatorii pe parcursul \u00eentregii zile. V\u0103 invit\u0103m s\u0103 ne fi\u021bi al\u0103turi \u0219i s\u0103 redescoperi\u021bi &hellip;<\/p>\n","protected":false},"author":28,"featured_media":120419,"comment_status":"open","ping_status":"open","sticky":false,"template":"","format":"standard","meta":{"inline_featured_image":false,"footnotes":""},"categories":[2038,8857,2036,2034,1,61,16344],"tags":[25052],"class_list":["post-120418","post","type-post","status-publish","format-standard","has-post-thumbnail","hentry","category-cultura","category-istorie","category-monden","category-social","category-stiri-urbane","category-turism","category-urbea-mea","tag-muzeul-national-al-unirii-2"],"yoast_head":"<!-- This site is optimized with the Yoast SEO plugin v27.4 - https:\/\/yoast.com\/product\/yoast-seo-wordpress\/ -->\n<title>9 noiembrie: Muzeul Na\u021bional al Unirii Alba Iulia aniverseaz\u0103 137 de ani de la \u00eenfiin\u021bare. Intrare liber\u0103 pentru to\u021bi vizitatorii - Revista Urbea Mea - Revista de Alba<\/title>\n<meta name=\"description\" content=\"Duminic\u0103, 9 noiembrie 2025, Muzeul Na\u021bional al Unirii din Alba Iulia s\u0103rb\u0103tore\u0219te 137 de ani de la \u00eenfiin\u021bare, un moment important \u00een istoria uneia dintre\" \/>\n<meta name=\"robots\" content=\"index, follow, max-snippet:-1, max-image-preview:large, max-video-preview:-1\" \/>\n<link rel=\"canonical\" href=\"https:\/\/urbeamea.ro\/albaiulia\/9-noiembrie-muzeul-national-al-unirii-alba-iulia-aniverseaza-137-de-ani-de-la-infiintare-intrare-libera-pentru-toti-vizitatorii\/\" \/>\n<meta name=\"twitter:card\" content=\"summary_large_image\" \/>\n<meta name=\"twitter:title\" content=\"9 noiembrie: Muzeul Na\u021bional al Unirii Alba Iulia aniverseaz\u0103 137 de ani de la \u00eenfiin\u021bare. Intrare liber\u0103 pentru to\u021bi vizitatorii - Revista Urbea Mea - Revista de Alba\" \/>\n<meta name=\"twitter:description\" content=\"Duminic\u0103, 9 noiembrie 2025, Muzeul Na\u021bional al Unirii din Alba Iulia s\u0103rb\u0103tore\u0219te 137 de ani de la \u00eenfiin\u021bare, un moment important \u00een istoria uneia dintre\" \/>\n<meta name=\"twitter:image\" content=\"https:\/\/urbeamea.ro\/albaiulia\/wp-content\/uploads\/2025\/11\/1000053553.jpg\" \/>\n<meta name=\"twitter:creator\" content=\"@urbeameaweb\" \/>\n<meta name=\"twitter:site\" content=\"@urbeameaweb\" \/>\n<script type=\"application\/ld+json\" class=\"yoast-schema-graph\">{\"@context\":\"https:\\\/\\\/schema.org\",\"@graph\":[{\"@type\":\"Article\",\"@id\":\"https:\\\/\\\/urbeamea.ro\\\/albaiulia\\\/9-noiembrie-muzeul-national-al-unirii-alba-iulia-aniverseaza-137-de-ani-de-la-infiintare-intrare-libera-pentru-toti-vizitatorii\\\/#article\",\"isPartOf\":{\"@id\":\"https:\\\/\\\/urbeamea.ro\\\/albaiulia\\\/9-noiembrie-muzeul-national-al-unirii-alba-iulia-aniverseaza-137-de-ani-de-la-infiintare-intrare-libera-pentru-toti-vizitatorii\\\/\"},\"author\":{\"name\":\"Giurca Sorin\",\"@id\":\"https:\\\/\\\/urbeamea.ro\\\/albaiulia\\\/#\\\/schema\\\/person\\\/5db3854ac38c1cc9f0ab4092d6a20f02\"},\"headline\":\"9 noiembrie: Muzeul Na\u021bional al Unirii Alba Iulia aniverseaz\u0103 137 de ani de la \u00eenfiin\u021bare. Intrare liber\u0103 pentru to\u021bi vizitatorii\",\"datePublished\":\"2025-11-07T19:22:04+00:00\",\"dateModified\":\"2025-11-07T19:22:06+00:00\",\"mainEntityOfPage\":{\"@id\":\"https:\\\/\\\/urbeamea.ro\\\/albaiulia\\\/9-noiembrie-muzeul-national-al-unirii-alba-iulia-aniverseaza-137-de-ani-de-la-infiintare-intrare-libera-pentru-toti-vizitatorii\\\/\"},\"wordCount\":96,\"commentCount\":0,\"image\":{\"@id\":\"https:\\\/\\\/urbeamea.ro\\\/albaiulia\\\/9-noiembrie-muzeul-national-al-unirii-alba-iulia-aniverseaza-137-de-ani-de-la-infiintare-intrare-libera-pentru-toti-vizitatorii\\\/#primaryimage\"},\"thumbnailUrl\":\"https:\\\/\\\/urbeamea.ro\\\/albaiulia\\\/wp-content\\\/uploads\\\/2025\\\/11\\\/1000053553.jpg\",\"keywords\":[\"Muzeul Na\u021bional al Unirii\"],\"articleSection\":[\"Cultur\u0103\",\"Istorie\",\"Monden\",\"Social\",\"\u015etiri Urbane\",\"Turism \u0219i Ghidaj turistic\",\"Urbea Mea\"],\"inLanguage\":\"ro-RO\",\"potentialAction\":[{\"@type\":\"CommentAction\",\"name\":\"Comment\",\"target\":[\"https:\\\/\\\/urbeamea.ro\\\/albaiulia\\\/9-noiembrie-muzeul-national-al-unirii-alba-iulia-aniverseaza-137-de-ani-de-la-infiintare-intrare-libera-pentru-toti-vizitatorii\\\/#respond\"]}]},{\"@type\":\"WebPage\",\"@id\":\"https:\\\/\\\/urbeamea.ro\\\/albaiulia\\\/9-noiembrie-muzeul-national-al-unirii-alba-iulia-aniverseaza-137-de-ani-de-la-infiintare-intrare-libera-pentru-toti-vizitatorii\\\/\",\"url\":\"https:\\\/\\\/urbeamea.ro\\\/albaiulia\\\/9-noiembrie-muzeul-national-al-unirii-alba-iulia-aniverseaza-137-de-ani-de-la-infiintare-intrare-libera-pentru-toti-vizitatorii\\\/\",\"name\":\"9 noiembrie: Muzeul Na\u021bional al Unirii Alba Iulia aniverseaz\u0103 137 de ani de la \u00eenfiin\u021bare. Intrare liber\u0103 pentru to\u021bi vizitatorii - Revista Urbea Mea - Revista de Alba\",\"isPartOf\":{\"@id\":\"https:\\\/\\\/urbeamea.ro\\\/albaiulia\\\/#website\"},\"primaryImageOfPage\":{\"@id\":\"https:\\\/\\\/urbeamea.ro\\\/albaiulia\\\/9-noiembrie-muzeul-national-al-unirii-alba-iulia-aniverseaza-137-de-ani-de-la-infiintare-intrare-libera-pentru-toti-vizitatorii\\\/#primaryimage\"},\"image\":{\"@id\":\"https:\\\/\\\/urbeamea.ro\\\/albaiulia\\\/9-noiembrie-muzeul-national-al-unirii-alba-iulia-aniverseaza-137-de-ani-de-la-infiintare-intrare-libera-pentru-toti-vizitatorii\\\/#primaryimage\"},\"thumbnailUrl\":\"https:\\\/\\\/urbeamea.ro\\\/albaiulia\\\/wp-content\\\/uploads\\\/2025\\\/11\\\/1000053553.jpg\",\"datePublished\":\"2025-11-07T19:22:04+00:00\",\"dateModified\":\"2025-11-07T19:22:06+00:00\",\"author\":{\"@id\":\"https:\\\/\\\/urbeamea.ro\\\/albaiulia\\\/#\\\/schema\\\/person\\\/5db3854ac38c1cc9f0ab4092d6a20f02\"},\"description\":\"Duminic\u0103, 9 noiembrie 2025, Muzeul Na\u021bional al Unirii din Alba Iulia s\u0103rb\u0103tore\u0219te 137 de ani de la \u00eenfiin\u021bare, un moment important \u00een istoria uneia dintre\",\"breadcrumb\":{\"@id\":\"https:\\\/\\\/urbeamea.ro\\\/albaiulia\\\/9-noiembrie-muzeul-national-al-unirii-alba-iulia-aniverseaza-137-de-ani-de-la-infiintare-intrare-libera-pentru-toti-vizitatorii\\\/#breadcrumb\"},\"inLanguage\":\"ro-RO\",\"potentialAction\":[{\"@type\":\"ReadAction\",\"target\":[\"https:\\\/\\\/urbeamea.ro\\\/albaiulia\\\/9-noiembrie-muzeul-national-al-unirii-alba-iulia-aniverseaza-137-de-ani-de-la-infiintare-intrare-libera-pentru-toti-vizitatorii\\\/\"]}]},{\"@type\":\"ImageObject\",\"inLanguage\":\"ro-RO\",\"@id\":\"https:\\\/\\\/urbeamea.ro\\\/albaiulia\\\/9-noiembrie-muzeul-national-al-unirii-alba-iulia-aniverseaza-137-de-ani-de-la-infiintare-intrare-libera-pentru-toti-vizitatorii\\\/#primaryimage\",\"url\":\"https:\\\/\\\/urbeamea.ro\\\/albaiulia\\\/wp-content\\\/uploads\\\/2025\\\/11\\\/1000053553.jpg\",\"contentUrl\":\"https:\\\/\\\/urbeamea.ro\\\/albaiulia\\\/wp-content\\\/uploads\\\/2025\\\/11\\\/1000053553.jpg\",\"width\":2048,\"height\":1365},{\"@type\":\"BreadcrumbList\",\"@id\":\"https:\\\/\\\/urbeamea.ro\\\/albaiulia\\\/9-noiembrie-muzeul-national-al-unirii-alba-iulia-aniverseaza-137-de-ani-de-la-infiintare-intrare-libera-pentru-toti-vizitatorii\\\/#breadcrumb\",\"itemListElement\":[{\"@type\":\"ListItem\",\"position\":1,\"name\":\"Prima pagin\u0103\",\"item\":\"https:\\\/\\\/urbeamea.ro\\\/albaiulia\\\/\"},{\"@type\":\"ListItem\",\"position\":2,\"name\":\"9 noiembrie: Muzeul Na\u021bional al Unirii Alba Iulia aniverseaz\u0103 137 de ani de la \u00eenfiin\u021bare. Intrare liber\u0103 pentru to\u021bi vizitatorii\"}]},{\"@type\":\"WebSite\",\"@id\":\"https:\\\/\\\/urbeamea.ro\\\/albaiulia\\\/#website\",\"url\":\"https:\\\/\\\/urbeamea.ro\\\/albaiulia\\\/\",\"name\":\"Revista Urbea Mea, Stiri urbane\",\"description\":\"Evenimente \u0219i \u0219tiri din Alba Iulia, Sebe\u0219, Aiud, Blaj\",\"potentialAction\":[{\"@type\":\"SearchAction\",\"target\":{\"@type\":\"EntryPoint\",\"urlTemplate\":\"https:\\\/\\\/urbeamea.ro\\\/albaiulia\\\/?s={search_term_string}\"},\"query-input\":{\"@type\":\"PropertyValueSpecification\",\"valueRequired\":true,\"valueName\":\"search_term_string\"}}],\"inLanguage\":\"ro-RO\"},{\"@type\":\"Person\",\"@id\":\"https:\\\/\\\/urbeamea.ro\\\/albaiulia\\\/#\\\/schema\\\/person\\\/5db3854ac38c1cc9f0ab4092d6a20f02\",\"name\":\"Giurca Sorin\",\"image\":{\"@type\":\"ImageObject\",\"inLanguage\":\"ro-RO\",\"@id\":\"https:\\\/\\\/secure.gravatar.com\\\/avatar\\\/120f6fcae7b3b47a7730cb9943f612f4909f68ac5284b5f40ac1c4615fd70576?s=96&d=mm&r=g\",\"url\":\"https:\\\/\\\/secure.gravatar.com\\\/avatar\\\/120f6fcae7b3b47a7730cb9943f612f4909f68ac5284b5f40ac1c4615fd70576?s=96&d=mm&r=g\",\"contentUrl\":\"https:\\\/\\\/secure.gravatar.com\\\/avatar\\\/120f6fcae7b3b47a7730cb9943f612f4909f68ac5284b5f40ac1c4615fd70576?s=96&d=mm&r=g\",\"caption\":\"Giurca Sorin\"},\"url\":\"https:\\\/\\\/urbeamea.ro\\\/albaiulia\\\/author\\\/sorin\\\/\"}]}<\/script>\n<!-- \/ Yoast SEO plugin. -->","yoast_head_json":{"title":"9 noiembrie: Muzeul Na\u021bional al Unirii Alba Iulia aniverseaz\u0103 137 de ani de la \u00eenfiin\u021bare. Intrare liber\u0103 pentru to\u021bi vizitatorii - Revista Urbea Mea - Revista de Alba","description":"Duminic\u0103, 9 noiembrie 2025, Muzeul Na\u021bional al Unirii din Alba Iulia s\u0103rb\u0103tore\u0219te 137 de ani de la \u00eenfiin\u021bare, un moment important \u00een istoria uneia dintre","robots":{"index":"index","follow":"follow","max-snippet":"max-snippet:-1","max-image-preview":"max-image-preview:large","max-video-preview":"max-video-preview:-1"},"canonical":"https:\/\/urbeamea.ro\/albaiulia\/9-noiembrie-muzeul-national-al-unirii-alba-iulia-aniverseaza-137-de-ani-de-la-infiintare-intrare-libera-pentru-toti-vizitatorii\/","twitter_card":"summary_large_image","twitter_title":"9 noiembrie: Muzeul Na\u021bional al Unirii Alba Iulia aniverseaz\u0103 137 de ani de la \u00eenfiin\u021bare. Intrare liber\u0103 pentru to\u021bi vizitatorii - Revista Urbea Mea - Revista de Alba","twitter_description":"Duminic\u0103, 9 noiembrie 2025, Muzeul Na\u021bional al Unirii din Alba Iulia s\u0103rb\u0103tore\u0219te 137 de ani de la \u00eenfiin\u021bare, un moment important \u00een istoria uneia dintre","twitter_image":"https:\/\/urbeamea.ro\/albaiulia\/wp-content\/uploads\/2025\/11\/1000053553.jpg","twitter_creator":"@urbeameaweb","twitter_site":"@urbeameaweb","schema":{"@context":"https:\/\/schema.org","@graph":[{"@type":"Article","@id":"https:\/\/urbeamea.ro\/albaiulia\/9-noiembrie-muzeul-national-al-unirii-alba-iulia-aniverseaza-137-de-ani-de-la-infiintare-intrare-libera-pentru-toti-vizitatorii\/#article","isPartOf":{"@id":"https:\/\/urbeamea.ro\/albaiulia\/9-noiembrie-muzeul-national-al-unirii-alba-iulia-aniverseaza-137-de-ani-de-la-infiintare-intrare-libera-pentru-toti-vizitatorii\/"},"author":{"name":"Giurca Sorin","@id":"https:\/\/urbeamea.ro\/albaiulia\/#\/schema\/person\/5db3854ac38c1cc9f0ab4092d6a20f02"},"headline":"9 noiembrie: Muzeul Na\u021bional al Unirii Alba Iulia aniverseaz\u0103 137 de ani de la \u00eenfiin\u021bare. Intrare liber\u0103 pentru to\u021bi vizitatorii","datePublished":"2025-11-07T19:22:04+00:00","dateModified":"2025-11-07T19:22:06+00:00","mainEntityOfPage":{"@id":"https:\/\/urbeamea.ro\/albaiulia\/9-noiembrie-muzeul-national-al-unirii-alba-iulia-aniverseaza-137-de-ani-de-la-infiintare-intrare-libera-pentru-toti-vizitatorii\/"},"wordCount":96,"commentCount":0,"image":{"@id":"https:\/\/urbeamea.ro\/albaiulia\/9-noiembrie-muzeul-national-al-unirii-alba-iulia-aniverseaza-137-de-ani-de-la-infiintare-intrare-libera-pentru-toti-vizitatorii\/#primaryimage"},"thumbnailUrl":"https:\/\/urbeamea.ro\/albaiulia\/wp-content\/uploads\/2025\/11\/1000053553.jpg","keywords":["Muzeul Na\u021bional al Unirii"],"articleSection":["Cultur\u0103","Istorie","Monden","Social","\u015etiri Urbane","Turism \u0219i Ghidaj turistic","Urbea Mea"],"inLanguage":"ro-RO","potentialAction":[{"@type":"CommentAction","name":"Comment","target":["https:\/\/urbeamea.ro\/albaiulia\/9-noiembrie-muzeul-national-al-unirii-alba-iulia-aniverseaza-137-de-ani-de-la-infiintare-intrare-libera-pentru-toti-vizitatorii\/#respond"]}]},{"@type":"WebPage","@id":"https:\/\/urbeamea.ro\/albaiulia\/9-noiembrie-muzeul-national-al-unirii-alba-iulia-aniverseaza-137-de-ani-de-la-infiintare-intrare-libera-pentru-toti-vizitatorii\/","url":"https:\/\/urbeamea.ro\/albaiulia\/9-noiembrie-muzeul-national-al-unirii-alba-iulia-aniverseaza-137-de-ani-de-la-infiintare-intrare-libera-pentru-toti-vizitatorii\/","name":"9 noiembrie: Muzeul Na\u021bional al Unirii Alba Iulia aniverseaz\u0103 137 de ani de la \u00eenfiin\u021bare. Intrare liber\u0103 pentru to\u021bi vizitatorii - Revista Urbea Mea - Revista de Alba","isPartOf":{"@id":"https:\/\/urbeamea.ro\/albaiulia\/#website"},"primaryImageOfPage":{"@id":"https:\/\/urbeamea.ro\/albaiulia\/9-noiembrie-muzeul-national-al-unirii-alba-iulia-aniverseaza-137-de-ani-de-la-infiintare-intrare-libera-pentru-toti-vizitatorii\/#primaryimage"},"image":{"@id":"https:\/\/urbeamea.ro\/albaiulia\/9-noiembrie-muzeul-national-al-unirii-alba-iulia-aniverseaza-137-de-ani-de-la-infiintare-intrare-libera-pentru-toti-vizitatorii\/#primaryimage"},"thumbnailUrl":"https:\/\/urbeamea.ro\/albaiulia\/wp-content\/uploads\/2025\/11\/1000053553.jpg","datePublished":"2025-11-07T19:22:04+00:00","dateModified":"2025-11-07T19:22:06+00:00","author":{"@id":"https:\/\/urbeamea.ro\/albaiulia\/#\/schema\/person\/5db3854ac38c1cc9f0ab4092d6a20f02"},"description":"Duminic\u0103, 9 noiembrie 2025, Muzeul Na\u021bional al Unirii din Alba Iulia s\u0103rb\u0103tore\u0219te 137 de ani de la \u00eenfiin\u021bare, un moment important \u00een istoria uneia dintre","breadcrumb":{"@id":"https:\/\/urbeamea.ro\/albaiulia\/9-noiembrie-muzeul-national-al-unirii-alba-iulia-aniverseaza-137-de-ani-de-la-infiintare-intrare-libera-pentru-toti-vizitatorii\/#breadcrumb"},"inLanguage":"ro-RO","potentialAction":[{"@type":"ReadAction","target":["https:\/\/urbeamea.ro\/albaiulia\/9-noiembrie-muzeul-national-al-unirii-alba-iulia-aniverseaza-137-de-ani-de-la-infiintare-intrare-libera-pentru-toti-vizitatorii\/"]}]},{"@type":"ImageObject","inLanguage":"ro-RO","@id":"https:\/\/urbeamea.ro\/albaiulia\/9-noiembrie-muzeul-national-al-unirii-alba-iulia-aniverseaza-137-de-ani-de-la-infiintare-intrare-libera-pentru-toti-vizitatorii\/#primaryimage","url":"https:\/\/urbeamea.ro\/albaiulia\/wp-content\/uploads\/2025\/11\/1000053553.jpg","contentUrl":"https:\/\/urbeamea.ro\/albaiulia\/wp-content\/uploads\/2025\/11\/1000053553.jpg","width":2048,"height":1365},{"@type":"BreadcrumbList","@id":"https:\/\/urbeamea.ro\/albaiulia\/9-noiembrie-muzeul-national-al-unirii-alba-iulia-aniverseaza-137-de-ani-de-la-infiintare-intrare-libera-pentru-toti-vizitatorii\/#breadcrumb","itemListElement":[{"@type":"ListItem","position":1,"name":"Prima pagin\u0103","item":"https:\/\/urbeamea.ro\/albaiulia\/"},{"@type":"ListItem","position":2,"name":"9 noiembrie: Muzeul Na\u021bional al Unirii Alba Iulia aniverseaz\u0103 137 de ani de la \u00eenfiin\u021bare. Intrare liber\u0103 pentru to\u021bi vizitatorii"}]},{"@type":"WebSite","@id":"https:\/\/urbeamea.ro\/albaiulia\/#website","url":"https:\/\/urbeamea.ro\/albaiulia\/","name":"Revista Urbea Mea, Stiri urbane","description":"Evenimente \u0219i \u0219tiri din Alba Iulia, Sebe\u0219, Aiud, Blaj","potentialAction":[{"@type":"SearchAction","target":{"@type":"EntryPoint","urlTemplate":"https:\/\/urbeamea.ro\/albaiulia\/?s={search_term_string}"},"query-input":{"@type":"PropertyValueSpecification","valueRequired":true,"valueName":"search_term_string"}}],"inLanguage":"ro-RO"},{"@type":"Person","@id":"https:\/\/urbeamea.ro\/albaiulia\/#\/schema\/person\/5db3854ac38c1cc9f0ab4092d6a20f02","name":"Giurca Sorin","image":{"@type":"ImageObject","inLanguage":"ro-RO","@id":"https:\/\/secure.gravatar.com\/avatar\/120f6fcae7b3b47a7730cb9943f612f4909f68ac5284b5f40ac1c4615fd70576?s=96&d=mm&r=g","url":"https:\/\/secure.gravatar.com\/avatar\/120f6fcae7b3b47a7730cb9943f612f4909f68ac5284b5f40ac1c4615fd70576?s=96&d=mm&r=g","contentUrl":"https:\/\/secure.gravatar.com\/avatar\/120f6fcae7b3b47a7730cb9943f612f4909f68ac5284b5f40ac1c4615fd70576?s=96&d=mm&r=g","caption":"Giurca Sorin"},"url":"https:\/\/urbeamea.ro\/albaiulia\/author\/sorin\/"}]}},"_links":{"self":[{"href":"https:\/\/urbeamea.ro\/albaiulia\/wp-json\/wp\/v2\/posts\/120418","targetHints":{"allow":["GET"]}}],"collection":[{"href":"https:\/\/urbeamea.ro\/albaiulia\/wp-json\/wp\/v2\/posts"}],"about":[{"href":"https:\/\/urbeamea.ro\/albaiulia\/wp-json\/wp\/v2\/types\/post"}],"author":[{"embeddable":true,"href":"https:\/\/urbeamea.ro\/albaiulia\/wp-json\/wp\/v2\/users\/28"}],"replies":[{"embeddable":true,"href":"https:\/\/urbeamea.ro\/albaiulia\/wp-json\/wp\/v2\/comments?post=120418"}],"version-history":[{"count":1,"href":"https:\/\/urbeamea.ro\/albaiulia\/wp-json\/wp\/v2\/posts\/120418\/revisions"}],"predecessor-version":[{"id":120420,"href":"https:\/\/urbeamea.ro\/albaiulia\/wp-json\/wp\/v2\/posts\/120418\/revisions\/120420"}],"wp:featuredmedia":[{"embeddable":true,"href":"https:\/\/urbeamea.ro\/albaiulia\/wp-json\/wp\/v2\/media\/120419"}],"wp:attachment":[{"href":"https:\/\/urbeamea.ro\/albaiulia\/wp-json\/wp\/v2\/media?parent=120418"}],"wp:term":[{"taxonomy":"category","embeddable":true,"href":"https:\/\/urbeamea.ro\/albaiulia\/wp-json\/wp\/v2\/categories?post=120418"},{"taxonomy":"post_tag","embeddable":true,"href":"https:\/\/urbeamea.ro\/albaiulia\/wp-json\/wp\/v2\/tags?post=120418"}],"curies":[{"name":"wp","href":"https:\/\/api.w.org\/{rel}","templated":true}]}}