{"id":120447,"date":"2025-11-12T11:33:55","date_gmt":"2025-11-12T09:33:55","guid":{"rendered":"https:\/\/urbeamea.ro\/albaiulia\/?p=120447"},"modified":"2025-11-12T11:33:57","modified_gmt":"2025-11-12T09:33:57","slug":"16-noiembrie-festivalul-national-de-folclor-mures-pe-marginea-ta-la-casa-de-cultura-ion-sangerean-din-ocna-mures","status":"publish","type":"post","link":"https:\/\/urbeamea.ro\/albaiulia\/16-noiembrie-festivalul-national-de-folclor-mures-pe-marginea-ta-la-casa-de-cultura-ion-sangerean-din-ocna-mures\/","title":{"rendered":"16 noiembrie: Festivalul Na\u021bional de Folclor &#8221; Mure\u0219, pe marginea ta&#8221;, la Casa de Cultur\u0103 &#8222;Ion S\u00e2ngerean&#8221; din Ocna Mure\u0219"},"content":{"rendered":"\n<p><strong>Centrul de Cultur\u0103 \u201eAugustin Bena\u201d Alba, Consiliul Jude\u021bean Alba \u0219i Prim\u0103ria ora\u0219ului Ocna Mure\u0219, organizeaz\u0103 \u00een perioada urm\u0103toare o nou\u0103 edi\u021bie a \ud835\udc05\ud835\udc1e\ud835\udc2c\ud835\udc2d\ud835\udc22\ud835\udc2f\ud835\udc1a\ud835\udc25\ud835\udc2e\ud835\udc25\ud835\udc2e\ud835\udc22 \ud835\udc0d\ud835\udc1a\ud835\udc2d\u0317\ud835\udc22\ud835\udc28\ud835\udc27\ud835\udc1a\ud835\udc25 \ud835\udc1d\ud835\udc1e \ud835\udc05\ud835\udc28\ud835\udc25\ud835\udc1c\ud835\udc25\ud835\udc28\ud835\udc2b \u201e\ud835\udc0c\ud835\udc2e\ud835\udc2b\ud835\udc1e\ud835\udc2c, \ud835\udc29\ud835\udc1e \ud835\udc26\ud835\udc1a\ud835\udc2b\ud835\udc20\ud835\udc22\ud835\udc27\ud835\udc1e\ud835\udc1a \ud835\udc2d\ud835\udc1a\u201d, un eveniment devenit reper al promov\u0103rii \u0219i conserv\u0103rii muzicii tradi\u021bionale rom\u00e2ne\u0219ti.<\/strong> <\/p>\n\n\n\n<p>Manifestarea, ajuns\u0103 la edi\u021bia a XXXVII-a, se va desf\u0103\u0219ura la \ud835\udc02\ud835\udc1a\ud835\udc2c\ud835\udc1a \ud835\udc1d\ud835\udc1e \ud835\udc02\ud835\udc2e\ud835\udc25\ud835\udc2d\ud835\udc2e\ud835\udc2b\ud835\udc1a \u201e\ud835\udc08\ud835\udc28\ud835\udc27 \ud835\udc12\ud835\udc1a\ud835\udc27\ud835\udc20\ud835\udc1e\ud835\udc2b\ud835\udc1e\ud835\udc1a\ud835\udc27&#8221; \ud835\udc1d\ud835\udc22\ud835\udc27 \ud835\udc0e\ud835\udc1c\ud835\udc27\ud835\udc1a \ud835\udc0c\ud835\udc2e\ud835\udc2b\ud835\udc1e\ud835\udc2c, \ud835\udc1d\ud835\udc2e\ud835\udc26\ud835\udc22\ud835\udc27\ud835\udc22\ud835\udc1c\ud835\udc1a, \ud835\udfcf\ud835\udfd4 \ud835\udc27\ud835\udc28\ud835\udc22\ud835\udc1e\ud835\udc26\ud835\udc1b\ud835\udc2b\ud835\udc22\ud835\udc1e \ud835\udfd0\ud835\udfce\ud835\udfd0\ud835\udfd3, \u00eencep\u00e2nd cu \ud835\udc28\ud835\udc2b\ud835\udc1a \ud835\udfcf\ud835\udfd5:\ud835\udfce\ud835\udfce.<\/p>\n\n\n\n<p>Cu un prestigiu construit de-a lungul deceniilor, festivalul-concurs reune\u0219te, \u0219i \u00een acest an, \ud835\udc1c\ud835\udc1e\ud835\udc22 \ud835\udc26\ud835\udc1a\ud835\udc22 \ud835\udc29\ud835\udc2b\ud835\udc28\ud835\udc26\ud835\udc22\ud835\udc2da\ud835\udc2d\ud835\udc28\ud835\udc2b\ud835\udc22 \ud835\udc2d\ud835\udc22\ud835\udc27\ud835\udc1e\ud835\udc2b\ud835\udc22 \ud835\udc22\ud835\udc27\ud835\udc2d\ud835\udc1e\ud835\udc2b\ud835\udc29\ud835\udc2b\ud835\udc1e\ud835\udc2d\ud835\udc22 \ud835\udc1a\ud835\udc22 \ud835\udc1f\ud835\udc28\ud835\udc25\ud835\udc1c\ud835\udc25\ud835\udc28\ud835\udc2b\ud835\udc2e\ud835\udc25\ud835\udc2e\ud835\udc22 \ud835\udc2b\ud835\udc28\ud835\udc26\ud835\udc1a\ud835\udc27\ud835\udc1e\ud835\udc2c\ud835\udc1c din \u00eentreaga \u021bar\u0103. <\/p>\n\n\n\n<p>Dup\u0103 o etap\u0103 de preselec\u021bie riguroas\u0103, realizat\u0103 de un juriu de specialitate, au fost admi\u0219i \u00een competi\u021bia final\u0103 \ud835\udfd0\ud835\udfd3 \ud835\udc1d\ud835\udc1e \ud835\udc1c\ud835\udc28\ud835\udc27\ud835\udc1c\ud835\udc2e\ud835\udc2b\ud835\udc1e\ud835\udc27\ud835\udc2d\ud835\udc22, dintr-un total de peste 40 de \u00eenscri\u0219i proveni\u021bi din 19 jude\u021be ale Rom\u00e2niei. <\/p>\n\n\n\n<p>Aceast\u0103 diversitate geografic\u0103 confirm\u0103 voca\u021bia na\u021bional\u0103 a evenimentului \u0219i interesul constant pentru valorile autentice ale tradi\u021biei muzicale rom\u00e2ne\u0219ti.<\/p>\n\n\n\n<p>Festivalul \u201eMure\u0219, pe marginea ta\u201d \u00ee\u0219i propune, ca \u00een fiecare an, descoperirea \u0219i promovarea tinerilor interpre\u021bi, dar \u0219i p\u0103strarea specificului local al c\u00e2ntecului popular din zona Mure\u0219ului de Jos, \u00eentr-un dialog artistic cu celelalte zone etnofolclorice ale \u021b\u0103rii. <\/p>\n\n\n\n<p>Concursul va fi completat de un \ud835\udc2c\ud835\udc29\ud835\udc1e\ud835\udc1c\ud835\udc2d\ud835\udc1a\ud835\udc1c\ud835\udc28\ud835\udc25 \ud835\udc1f\ud835\udc28\ud835\udc25\ud835\udc1c\ud835\udc25\ud835\udc28\ud835\udc2b\ud835\udc22\ud835\udc1c \ud835\udc1e\ud835\udc31\ud835\udc2d\ud835\udc2b\ud835\udc1a\ud835\udc28\ud835\udc2b\ud835\udc1d\ud835\udc22\ud835\udc27\ud835\udc1a\ud835\udc2b, sus\u021binut de nume de referin\u021b\u0103 ale scenei tradi\u021bionale: \ud835\udc0e\ud835\udc2f\ud835\udc22\ud835\udc1d\ud835\udc22\ud835\udc2e \ud835\udc07\ud835\udc28\ud835\udc26\ud835\udc28\ud835\udc2b\ud835\udc28\ud835\udc1d\ud835\udc1e\ud835\udc1a\ud835\udc27, \ud835\udc11\ud835\udc28\ud835\udc31\ud835\udc1a\ud835\udc27\ud835\udc1a \ud835\udc11\ud835\udc1e\ud835\udc1c\ud835\udc21\ud835\udc1e, \ud835\udc0d\ud835\udc22\ud835\udc1c\ud835\udc28\ud835\udc25\ud835\udc1a\ud835\udc1e \ud835\udc0f\ud835\udc25\ud835\udc2e\u021b\ud835\udc1a, \ud835\udc03\ud835\udc28\ud835\udc2b\ud835\udc22\ud835\udc27\ud835\udc1a \ud835\udc0d\ud835\udc1a\ud835\udc2b\ud835\udc22\ud835\udc2d\ud835\udc1a, \ud835\udc05\ud835\udc25\ud835\udc28\ud835\udc2b\ud835\udc22\ud835\udc1c\ud835\udc22\ud835\udc1c\ud835\udc1a \ud835\udc0c\ud835\udc28\ud835\udc20\ud835\udc1a, \ud835\udc03\ud835\udc1a\ud835\udc2b\ud835\udc22\ud835\udc1a \ud835\udc02\ud835\udc28\ud835\udc2c\ud835\udc2d\ud835\udc1e\ud835\udc1a \u2013 c\u00e2\u0219tig\u0103toarea Marelui Premiu la edi\u021bia precedent\u0103 \u2013, al\u0103turi de \ud835\udc2d\ud835\udc22\ud835\udc27\ud835\udc1e\ud835\udc2b\ud835\udc22\ud835\udc22 \ud835\udc22\ud835\udc27\ud835\udc2d\ud835\udc1e\ud835\udc2b\ud835\udc29\ud835\udc2b\ud835\udc1e\ud835\udc2d\ud835\udc22 \ud835\udc1d\ud835\udc22\ud835\udc27 \ud835\udc23\ud835\udc2e\ud835\udc1d\ud835\udc1e\ud835\udc2d\ud835\udc2e\ud835\udc25 \ud835\udc00\ud835\udc25\ud835\udc1b\ud835\udc1a: \ud835\udc06\ud835\udc2b\ud835\udc1a\ud835\udc2d\ud835\udc22\ud835\udc1e\ud835\udc25\ud835\udc1a \ud835\udc01\ud835\udc25\ud835\udc1a\ud835\udc20\ud835\udc1a, \ud835\udc0c\ud835\udc1a\ud835\udc2b\ud835\udc22\ud835\udc1a \ud835\udc14\ud835\udc2d\ud835\udc22\ud835\udc2e \u0219i \ud835\udc15\ud835\udc1a\ud835\udc2c\ud835\udc22\ud835\udc25\ud835\udc1e \ud835\udc01\ud835\udc1a\ud835\udc25\ud835\udc28\ud835\udc20\ud835\udc21.<\/p>\n\n\n\n<p>Acompaniamentul muzical al \u00eentregului eveniment va fi asigurat de \ud835\udc28\ud835\udc2b\ud835\udc1c\ud835\udc21\ud835\udc1e\ud835\udc2c\ud835\udc2d\ud835\udc2b\ud835\udc1a \ud835\udc00\ud835\udc27\ud835\udc2c\ud835\udc1a\ud835\udc26\ud835\udc1b\ud835\udc25\ud835\udc2e\ud835\udc25\ud835\udc2e\ud835\udc22 \ud835\udc05\ud835\udc28\ud835\udc25\ud835\udc1c\ud835\udc25\ud835\udc28\ud835\udc2b\ud835\udc22\ud835\udc1c \ud835\udc1a\ud835\udc25 \ud835\udc09\ud835\udc2e\ud835\udc1d\ud835\udc1e\ud835\udc2d\ud835\udc2e\ud835\udc25\ud835\udc2e\ud835\udc22 \ud835\udc00\ud835\udc25\ud835\udc1b\ud835\udc1a, \ud835\udc1d\ud835\udc22\ud835\udc2b\ud835\udc22\ud835\udc23\ud835\udc1a\ud835\udc2d\ud835\udc1a\u0306 \ud835\udc1d\ud835\udc1e \ud835\udc00\ud835\udc25\ud835\udc1e\ud835\udc31\ud835\udc1a\ud835\udc27\ud835\udc1d\ud835\udc2b\ud835\udc2e \ud835\udc0f\ud835\udc1a\ud835\udc25.<\/p>\n\n\n\n<p>Evenimentul va fi prezentat de \ud835\udc00\ud835\udc27\ud835\udc1d\ud835\udc2b\ud835\udc1e\ud835\udc1e\ud835\udc1a \ud835\udc01\ud835\udc28\ud835\udc20\ud835\udc1d\ud835\udc1a\ud835\udc27, \ud835\udc23\ud835\udc2e\ud835\udc2b\ud835\udc27\ud835\udc1a\ud835\udc25\ud835\udc22\ud835\udc2c\ud835\udc2d &#8211; \ud835\udc11\ud835\udc1a\ud835\udc1d\ud835\udc22\ud835\udc28 \ud835\udc11\ud835\udc28\ud835\udc26\ud835\udc1a\ud835\udc27\ud835\udc22\ud835\udc1a \ud835\udc00\ud835\udc1c\ud835\udc2d\ud835\udc2e\ud835\udc1a\ud835\udc25\ud835\udc22\ud835\udc2d\ud835\udc1a\ud835\udc2d\ud835\udc22 \u0219i va culmina cu \ud835\udc29\ud835\udc2b\ud835\udc1e\ud835\udc26\ud835\udc22\ud835\udc1e\ud835\udc2b\ud835\udc1e\ud835\udc1a \ud835\udc25\ud835\udc1a\ud835\udc2e\ud835\udc2b\ud835\udc1e\ud835\udc1a\ud835\udc2d\ud835\udc22\ud835\udc25\ud835\udc28\ud835\udc2b \ud835\udc1c\ud835\udc28\ud835\udc27\ud835\udc1c\ud835\udc2e\ud835\udc2b\ud835\udc2c\ud835\udc2e\ud835\udc25\ud835\udc2e\ud835\udc22 \ud835\udc1d\ud835\udc1e \ud835\udc22\ud835\udc27\ud835\udc2d\ud835\udc1e\ud835\udc2b\ud835\udc29\ud835\udc2b\ud835\udc1e\ud835\udc2d\ud835\udc1a\ud835\udc2b\ud835\udc1e \ud835\udc2f\ud835\udc28\ud835\udc1c\ud835\udc1a\ud835\udc25\ud835\udc1a \ud835\udc1a \ud835\udc26\ud835\udc2e\ud835\udc33\ud835\udc22\ud835\udc1c\ud835\udc22\ud835\udc22 \ud835\udc2d\ud835\udc2b\ud835\udc1a\ud835\udc1d\ud835\udc22\ud835\udc2d\ud835\udc22\ud835\udc28\ud835\udc27\ud835\udc1a\ud835\udc25\ud835\udc1e \ud835\udc2b\ud835\udc28\ud835\udc26\ud835\udc1a\ud835\udc27\ud835\udc1e\ud835\udc2c\ud835\udc2d\ud835\udc22, \u00eentr-un cadru de s\u0103rb\u0103toare dedicat autenticit\u0103\u021bii, me\u0219te\u0219ugului interpretativ \u0219i spiritului rom\u00e2nesc.<\/p>\n\n\n\n<p>Prin continuitatea \u0219i profesionalismul organiz\u0103rii, Festivalul Na\u021bional de Folclor \u201eMure\u0219, pe marginea ta\u201d r\u0103m\u00e2ne unul dintre cele mai importante proiecte de gen \u0219i un model de \ud835\udc1e\ud835\udc1d\ud835\udc2e\ud835\udc1c\ud835\udc1a\ud835\udc2d\ud835\udc22\ud835\udc1e \ud835\udc29\ud835\udc2b\ud835\udc22\ud835\udc27 \ud835\udc2d\ud835\udc2b\ud835\udc1a\ud835\udc1d\ud835\udc22\ud835\udc2d\ud835\udc22\ud835\udc1e, \u00een care tinerele genera\u021bii \u00eenva\u021b\u0103 s\u0103-\u0219i pre\u021buiasc\u0103 r\u0103d\u0103cinile prin muzic\u0103, port \u0219i cuv\u00e2ntul c\u00e2ntat.<\/p>\n\n\n\n<p>Un festival care \ud835\udc2b\ud835\udc1e\ud835\udc22\ud835\udc27\ud835\udc27\ud835\udc28\ud835\udc22\ud835\udc1e\ud835\udc2c\ud835\udc2d\ud835\udc1e \ud835\udc22\ud835\udc27 \ud835\udc1f\ud835\udc22\ud835\udc1e\ud835\udc1c\ud835\udc1a\ud835\udc2b\ud835\udc1e \ud835\udc1a\ud835\udc27 \ud835\udc29\ud835\udc2b\ud835\udc22\ud835\udc27 \ud835\udc2d\ud835\udc22\ud835\udc27\ud835\udc1e\ud835\udc2b\ud835\udc1e\ud835\udc2d\ud835\udc1e\ud835\udc1a \ud835\udc1c\ud835\udc1e\ud835\udc25\ud835\udc28\ud835\udc2b \ud835\udc1c\ud835\udc1a\ud835\udc2b\ud835\udc1e \ud835\udc22i \ud835\udc1d\ud835\udc2e\ud835\udc1c \ud835\udc26\ud835\udc1a\ud835\udc22 \ud835\udc1d\ud835\udc1e\ud835\udc29\ud835\udc1a\ud835\udc2b\ud835\udc2d\ud835\udc1e.<\/p>\n\n\n\n<figure class=\"wp-block-image size-large\"><img loading=\"lazy\" decoding=\"async\" width=\"1040\" height=\"1280\" src=\"https:\/\/urbeamea.ro\/albaiulia\/wp-content\/uploads\/2025\/11\/1000054282-1040x1280.jpg\" alt=\"\" class=\"wp-image-120448\" srcset=\"https:\/\/urbeamea.ro\/albaiulia\/wp-content\/uploads\/2025\/11\/1000054282-1040x1280.jpg 1040w, https:\/\/urbeamea.ro\/albaiulia\/wp-content\/uploads\/2025\/11\/1000054282-520x640.jpg 520w, https:\/\/urbeamea.ro\/albaiulia\/wp-content\/uploads\/2025\/11\/1000054282-122x150.jpg 122w, https:\/\/urbeamea.ro\/albaiulia\/wp-content\/uploads\/2025\/11\/1000054282-768x945.jpg 768w, https:\/\/urbeamea.ro\/albaiulia\/wp-content\/uploads\/2025\/11\/1000054282-1248x1536.jpg 1248w, https:\/\/urbeamea.ro\/albaiulia\/wp-content\/uploads\/2025\/11\/1000054282.jpg 1300w\" sizes=\"auto, (max-width: 1040px) 100vw, 1040px\" \/><\/figure>\n\n\n\n<p><\/p>\n\n\n\n<p><\/p>\n","protected":false},"excerpt":{"rendered":"<p>Centrul de Cultur\u0103 \u201eAugustin Bena\u201d Alba, Consiliul Jude\u021bean Alba \u0219i Prim\u0103ria ora\u0219ului Ocna Mure\u0219, organizeaz\u0103 \u00een perioada urm\u0103toare o nou\u0103 edi\u021bie a \ud835\udc05\ud835\udc1e\ud835\udc2c\ud835\udc2d\ud835\udc22\ud835\udc2f\ud835\udc1a\ud835\udc25\ud835\udc2e\ud835\udc25\ud835\udc2e\ud835\udc22 \ud835\udc0d\ud835\udc1a\ud835\udc2d\u0317\ud835\udc22\ud835\udc28\ud835\udc27\ud835\udc1a\ud835\udc25 \ud835\udc1d\ud835\udc1e \ud835\udc05\ud835\udc28\ud835\udc25\ud835\udc1c\ud835\udc25\ud835\udc28\ud835\udc2b \u201e\ud835\udc0c\ud835\udc2e\ud835\udc2b\ud835\udc1e\ud835\udc2c, \ud835\udc29\ud835\udc1e \ud835\udc26\ud835\udc1a\ud835\udc2b\ud835\udc20\ud835\udc22\ud835\udc27\ud835\udc1e\ud835\udc1a \ud835\udc2d\ud835\udc1a\u201d, un eveniment devenit reper al promov\u0103rii \u0219i conserv\u0103rii muzicii tradi\u021bionale rom\u00e2ne\u0219ti. Manifestarea, ajuns\u0103 la edi\u021bia a XXXVII-a, se va desf\u0103\u0219ura la \ud835\udc02\ud835\udc1a\ud835\udc2c\ud835\udc1a \ud835\udc1d\ud835\udc1e \ud835\udc02\ud835\udc2e\ud835\udc25\ud835\udc2d\ud835\udc2e\ud835\udc2b\ud835\udc1a \u201e\ud835\udc08\ud835\udc28\ud835\udc27 &hellip;<\/p>\n","protected":false},"author":28,"featured_media":120448,"comment_status":"open","ping_status":"open","sticky":false,"template":"","format":"standard","meta":{"inline_featured_image":false,"footnotes":""},"categories":[23926,2038,4,16567,2034,1,16344],"tags":[23788],"class_list":["post-120447","post","type-post","status-publish","format-standard","has-post-thumbnail","hentry","category-actualitate","category-cultura","category-eveniment","category-muzica","category-social","category-stiri-urbane","category-urbea-mea","tag-festivalul-national-de-folclor-mures"],"yoast_head":"<!-- This site is optimized with the Yoast SEO plugin v27.4 - https:\/\/yoast.com\/product\/yoast-seo-wordpress\/ -->\n<title>16 noiembrie: Festivalul Na\u021bional de Folclor &quot; Mure\u0219, pe marginea ta&quot;, la Casa de Cultur\u0103 &quot;Ion S\u00e2ngerean&quot; din Ocna Mure\u0219 - Revista Urbea Mea - Revista de Alba<\/title>\n<meta name=\"description\" content=\"Centrul de Cultur\u0103 \u201eAugustin Bena\u201d Alba, Consiliul Jude\u021bean Alba \u0219i Prim\u0103ria ora\u0219ului Ocna Mure\u0219, organizeaz\u0103 \u00een perioada urm\u0103toare o nou\u0103 edi\u021bie a\" \/>\n<meta name=\"robots\" content=\"index, follow, max-snippet:-1, max-image-preview:large, max-video-preview:-1\" \/>\n<link rel=\"canonical\" href=\"https:\/\/urbeamea.ro\/albaiulia\/16-noiembrie-festivalul-national-de-folclor-mures-pe-marginea-ta-la-casa-de-cultura-ion-sangerean-din-ocna-mures\/\" \/>\n<meta name=\"twitter:card\" content=\"summary_large_image\" \/>\n<meta name=\"twitter:title\" content=\"16 noiembrie: Festivalul Na\u021bional de Folclor &quot; Mure\u0219, pe marginea ta&quot;, la Casa de Cultur\u0103 &quot;Ion S\u00e2ngerean&quot; din Ocna Mure\u0219 - Revista Urbea Mea - Revista de Alba\" \/>\n<meta name=\"twitter:description\" content=\"Centrul de Cultur\u0103 \u201eAugustin Bena\u201d Alba, Consiliul Jude\u021bean Alba \u0219i Prim\u0103ria ora\u0219ului Ocna Mure\u0219, organizeaz\u0103 \u00een perioada urm\u0103toare o nou\u0103 edi\u021bie a\" \/>\n<meta name=\"twitter:image\" content=\"https:\/\/urbeamea.ro\/albaiulia\/wp-content\/uploads\/2025\/11\/1000054282.jpg\" \/>\n<meta name=\"twitter:creator\" content=\"@urbeameaweb\" \/>\n<meta name=\"twitter:site\" content=\"@urbeameaweb\" \/>\n<script type=\"application\/ld+json\" class=\"yoast-schema-graph\">{\"@context\":\"https:\\\/\\\/schema.org\",\"@graph\":[{\"@type\":\"Article\",\"@id\":\"https:\\\/\\\/urbeamea.ro\\\/albaiulia\\\/16-noiembrie-festivalul-national-de-folclor-mures-pe-marginea-ta-la-casa-de-cultura-ion-sangerean-din-ocna-mures\\\/#article\",\"isPartOf\":{\"@id\":\"https:\\\/\\\/urbeamea.ro\\\/albaiulia\\\/16-noiembrie-festivalul-national-de-folclor-mures-pe-marginea-ta-la-casa-de-cultura-ion-sangerean-din-ocna-mures\\\/\"},\"author\":{\"name\":\"Giurca Sorin\",\"@id\":\"https:\\\/\\\/urbeamea.ro\\\/albaiulia\\\/#\\\/schema\\\/person\\\/5db3854ac38c1cc9f0ab4092d6a20f02\"},\"headline\":\"16 noiembrie: Festivalul Na\u021bional de Folclor &#8221; Mure\u0219, pe marginea ta&#8221;, la Casa de Cultur\u0103 &#8222;Ion S\u00e2ngerean&#8221; din Ocna Mure\u0219\",\"datePublished\":\"2025-11-12T09:33:55+00:00\",\"dateModified\":\"2025-11-12T09:33:57+00:00\",\"mainEntityOfPage\":{\"@id\":\"https:\\\/\\\/urbeamea.ro\\\/albaiulia\\\/16-noiembrie-festivalul-national-de-folclor-mures-pe-marginea-ta-la-casa-de-cultura-ion-sangerean-din-ocna-mures\\\/\"},\"wordCount\":318,\"commentCount\":0,\"image\":{\"@id\":\"https:\\\/\\\/urbeamea.ro\\\/albaiulia\\\/16-noiembrie-festivalul-national-de-folclor-mures-pe-marginea-ta-la-casa-de-cultura-ion-sangerean-din-ocna-mures\\\/#primaryimage\"},\"thumbnailUrl\":\"https:\\\/\\\/urbeamea.ro\\\/albaiulia\\\/wp-content\\\/uploads\\\/2025\\\/11\\\/1000054282.jpg\",\"keywords\":[\"Festivalul Na\u021bional de Folclor \u201eMure\u0219\"],\"articleSection\":[\"Actualitate\",\"Cultur\u0103\",\"Evenimente\",\"Muzic\u0103\",\"Social\",\"\u015etiri Urbane\",\"Urbea Mea\"],\"inLanguage\":\"ro-RO\",\"potentialAction\":[{\"@type\":\"CommentAction\",\"name\":\"Comment\",\"target\":[\"https:\\\/\\\/urbeamea.ro\\\/albaiulia\\\/16-noiembrie-festivalul-national-de-folclor-mures-pe-marginea-ta-la-casa-de-cultura-ion-sangerean-din-ocna-mures\\\/#respond\"]}]},{\"@type\":\"WebPage\",\"@id\":\"https:\\\/\\\/urbeamea.ro\\\/albaiulia\\\/16-noiembrie-festivalul-national-de-folclor-mures-pe-marginea-ta-la-casa-de-cultura-ion-sangerean-din-ocna-mures\\\/\",\"url\":\"https:\\\/\\\/urbeamea.ro\\\/albaiulia\\\/16-noiembrie-festivalul-national-de-folclor-mures-pe-marginea-ta-la-casa-de-cultura-ion-sangerean-din-ocna-mures\\\/\",\"name\":\"16 noiembrie: Festivalul Na\u021bional de Folclor \\\" Mure\u0219, pe marginea ta\\\", la Casa de Cultur\u0103 \\\"Ion S\u00e2ngerean\\\" din Ocna Mure\u0219 - Revista Urbea Mea - Revista de Alba\",\"isPartOf\":{\"@id\":\"https:\\\/\\\/urbeamea.ro\\\/albaiulia\\\/#website\"},\"primaryImageOfPage\":{\"@id\":\"https:\\\/\\\/urbeamea.ro\\\/albaiulia\\\/16-noiembrie-festivalul-national-de-folclor-mures-pe-marginea-ta-la-casa-de-cultura-ion-sangerean-din-ocna-mures\\\/#primaryimage\"},\"image\":{\"@id\":\"https:\\\/\\\/urbeamea.ro\\\/albaiulia\\\/16-noiembrie-festivalul-national-de-folclor-mures-pe-marginea-ta-la-casa-de-cultura-ion-sangerean-din-ocna-mures\\\/#primaryimage\"},\"thumbnailUrl\":\"https:\\\/\\\/urbeamea.ro\\\/albaiulia\\\/wp-content\\\/uploads\\\/2025\\\/11\\\/1000054282.jpg\",\"datePublished\":\"2025-11-12T09:33:55+00:00\",\"dateModified\":\"2025-11-12T09:33:57+00:00\",\"author\":{\"@id\":\"https:\\\/\\\/urbeamea.ro\\\/albaiulia\\\/#\\\/schema\\\/person\\\/5db3854ac38c1cc9f0ab4092d6a20f02\"},\"description\":\"Centrul de Cultur\u0103 \u201eAugustin Bena\u201d Alba, Consiliul Jude\u021bean Alba \u0219i Prim\u0103ria ora\u0219ului Ocna Mure\u0219, organizeaz\u0103 \u00een perioada urm\u0103toare o nou\u0103 edi\u021bie a\",\"breadcrumb\":{\"@id\":\"https:\\\/\\\/urbeamea.ro\\\/albaiulia\\\/16-noiembrie-festivalul-national-de-folclor-mures-pe-marginea-ta-la-casa-de-cultura-ion-sangerean-din-ocna-mures\\\/#breadcrumb\"},\"inLanguage\":\"ro-RO\",\"potentialAction\":[{\"@type\":\"ReadAction\",\"target\":[\"https:\\\/\\\/urbeamea.ro\\\/albaiulia\\\/16-noiembrie-festivalul-national-de-folclor-mures-pe-marginea-ta-la-casa-de-cultura-ion-sangerean-din-ocna-mures\\\/\"]}]},{\"@type\":\"ImageObject\",\"inLanguage\":\"ro-RO\",\"@id\":\"https:\\\/\\\/urbeamea.ro\\\/albaiulia\\\/16-noiembrie-festivalul-national-de-folclor-mures-pe-marginea-ta-la-casa-de-cultura-ion-sangerean-din-ocna-mures\\\/#primaryimage\",\"url\":\"https:\\\/\\\/urbeamea.ro\\\/albaiulia\\\/wp-content\\\/uploads\\\/2025\\\/11\\\/1000054282.jpg\",\"contentUrl\":\"https:\\\/\\\/urbeamea.ro\\\/albaiulia\\\/wp-content\\\/uploads\\\/2025\\\/11\\\/1000054282.jpg\",\"width\":1300,\"height\":1600},{\"@type\":\"BreadcrumbList\",\"@id\":\"https:\\\/\\\/urbeamea.ro\\\/albaiulia\\\/16-noiembrie-festivalul-national-de-folclor-mures-pe-marginea-ta-la-casa-de-cultura-ion-sangerean-din-ocna-mures\\\/#breadcrumb\",\"itemListElement\":[{\"@type\":\"ListItem\",\"position\":1,\"name\":\"Prima pagin\u0103\",\"item\":\"https:\\\/\\\/urbeamea.ro\\\/albaiulia\\\/\"},{\"@type\":\"ListItem\",\"position\":2,\"name\":\"16 noiembrie: Festivalul Na\u021bional de Folclor &#8221; Mure\u0219, pe marginea ta&#8221;, la Casa de Cultur\u0103 &#8222;Ion S\u00e2ngerean&#8221; din Ocna Mure\u0219\"}]},{\"@type\":\"WebSite\",\"@id\":\"https:\\\/\\\/urbeamea.ro\\\/albaiulia\\\/#website\",\"url\":\"https:\\\/\\\/urbeamea.ro\\\/albaiulia\\\/\",\"name\":\"Revista Urbea Mea, Stiri urbane\",\"description\":\"Evenimente \u0219i \u0219tiri din Alba Iulia, Sebe\u0219, Aiud, Blaj\",\"potentialAction\":[{\"@type\":\"SearchAction\",\"target\":{\"@type\":\"EntryPoint\",\"urlTemplate\":\"https:\\\/\\\/urbeamea.ro\\\/albaiulia\\\/?s={search_term_string}\"},\"query-input\":{\"@type\":\"PropertyValueSpecification\",\"valueRequired\":true,\"valueName\":\"search_term_string\"}}],\"inLanguage\":\"ro-RO\"},{\"@type\":\"Person\",\"@id\":\"https:\\\/\\\/urbeamea.ro\\\/albaiulia\\\/#\\\/schema\\\/person\\\/5db3854ac38c1cc9f0ab4092d6a20f02\",\"name\":\"Giurca Sorin\",\"image\":{\"@type\":\"ImageObject\",\"inLanguage\":\"ro-RO\",\"@id\":\"https:\\\/\\\/secure.gravatar.com\\\/avatar\\\/120f6fcae7b3b47a7730cb9943f612f4909f68ac5284b5f40ac1c4615fd70576?s=96&d=mm&r=g\",\"url\":\"https:\\\/\\\/secure.gravatar.com\\\/avatar\\\/120f6fcae7b3b47a7730cb9943f612f4909f68ac5284b5f40ac1c4615fd70576?s=96&d=mm&r=g\",\"contentUrl\":\"https:\\\/\\\/secure.gravatar.com\\\/avatar\\\/120f6fcae7b3b47a7730cb9943f612f4909f68ac5284b5f40ac1c4615fd70576?s=96&d=mm&r=g\",\"caption\":\"Giurca Sorin\"},\"url\":\"https:\\\/\\\/urbeamea.ro\\\/albaiulia\\\/author\\\/sorin\\\/\"}]}<\/script>\n<!-- \/ Yoast SEO plugin. -->","yoast_head_json":{"title":"16 noiembrie: Festivalul Na\u021bional de Folclor \" Mure\u0219, pe marginea ta\", la Casa de Cultur\u0103 \"Ion S\u00e2ngerean\" din Ocna Mure\u0219 - Revista Urbea Mea - Revista de Alba","description":"Centrul de Cultur\u0103 \u201eAugustin Bena\u201d Alba, Consiliul Jude\u021bean Alba \u0219i Prim\u0103ria ora\u0219ului Ocna Mure\u0219, organizeaz\u0103 \u00een perioada urm\u0103toare o nou\u0103 edi\u021bie a","robots":{"index":"index","follow":"follow","max-snippet":"max-snippet:-1","max-image-preview":"max-image-preview:large","max-video-preview":"max-video-preview:-1"},"canonical":"https:\/\/urbeamea.ro\/albaiulia\/16-noiembrie-festivalul-national-de-folclor-mures-pe-marginea-ta-la-casa-de-cultura-ion-sangerean-din-ocna-mures\/","twitter_card":"summary_large_image","twitter_title":"16 noiembrie: Festivalul Na\u021bional de Folclor \" Mure\u0219, pe marginea ta\", la Casa de Cultur\u0103 \"Ion S\u00e2ngerean\" din Ocna Mure\u0219 - Revista Urbea Mea - Revista de Alba","twitter_description":"Centrul de Cultur\u0103 \u201eAugustin Bena\u201d Alba, Consiliul Jude\u021bean Alba \u0219i Prim\u0103ria ora\u0219ului Ocna Mure\u0219, organizeaz\u0103 \u00een perioada urm\u0103toare o nou\u0103 edi\u021bie a","twitter_image":"https:\/\/urbeamea.ro\/albaiulia\/wp-content\/uploads\/2025\/11\/1000054282.jpg","twitter_creator":"@urbeameaweb","twitter_site":"@urbeameaweb","schema":{"@context":"https:\/\/schema.org","@graph":[{"@type":"Article","@id":"https:\/\/urbeamea.ro\/albaiulia\/16-noiembrie-festivalul-national-de-folclor-mures-pe-marginea-ta-la-casa-de-cultura-ion-sangerean-din-ocna-mures\/#article","isPartOf":{"@id":"https:\/\/urbeamea.ro\/albaiulia\/16-noiembrie-festivalul-national-de-folclor-mures-pe-marginea-ta-la-casa-de-cultura-ion-sangerean-din-ocna-mures\/"},"author":{"name":"Giurca Sorin","@id":"https:\/\/urbeamea.ro\/albaiulia\/#\/schema\/person\/5db3854ac38c1cc9f0ab4092d6a20f02"},"headline":"16 noiembrie: Festivalul Na\u021bional de Folclor &#8221; Mure\u0219, pe marginea ta&#8221;, la Casa de Cultur\u0103 &#8222;Ion S\u00e2ngerean&#8221; din Ocna Mure\u0219","datePublished":"2025-11-12T09:33:55+00:00","dateModified":"2025-11-12T09:33:57+00:00","mainEntityOfPage":{"@id":"https:\/\/urbeamea.ro\/albaiulia\/16-noiembrie-festivalul-national-de-folclor-mures-pe-marginea-ta-la-casa-de-cultura-ion-sangerean-din-ocna-mures\/"},"wordCount":318,"commentCount":0,"image":{"@id":"https:\/\/urbeamea.ro\/albaiulia\/16-noiembrie-festivalul-national-de-folclor-mures-pe-marginea-ta-la-casa-de-cultura-ion-sangerean-din-ocna-mures\/#primaryimage"},"thumbnailUrl":"https:\/\/urbeamea.ro\/albaiulia\/wp-content\/uploads\/2025\/11\/1000054282.jpg","keywords":["Festivalul Na\u021bional de Folclor \u201eMure\u0219"],"articleSection":["Actualitate","Cultur\u0103","Evenimente","Muzic\u0103","Social","\u015etiri Urbane","Urbea Mea"],"inLanguage":"ro-RO","potentialAction":[{"@type":"CommentAction","name":"Comment","target":["https:\/\/urbeamea.ro\/albaiulia\/16-noiembrie-festivalul-national-de-folclor-mures-pe-marginea-ta-la-casa-de-cultura-ion-sangerean-din-ocna-mures\/#respond"]}]},{"@type":"WebPage","@id":"https:\/\/urbeamea.ro\/albaiulia\/16-noiembrie-festivalul-national-de-folclor-mures-pe-marginea-ta-la-casa-de-cultura-ion-sangerean-din-ocna-mures\/","url":"https:\/\/urbeamea.ro\/albaiulia\/16-noiembrie-festivalul-national-de-folclor-mures-pe-marginea-ta-la-casa-de-cultura-ion-sangerean-din-ocna-mures\/","name":"16 noiembrie: Festivalul Na\u021bional de Folclor \" Mure\u0219, pe marginea ta\", la Casa de Cultur\u0103 \"Ion S\u00e2ngerean\" din Ocna Mure\u0219 - Revista Urbea Mea - Revista de Alba","isPartOf":{"@id":"https:\/\/urbeamea.ro\/albaiulia\/#website"},"primaryImageOfPage":{"@id":"https:\/\/urbeamea.ro\/albaiulia\/16-noiembrie-festivalul-national-de-folclor-mures-pe-marginea-ta-la-casa-de-cultura-ion-sangerean-din-ocna-mures\/#primaryimage"},"image":{"@id":"https:\/\/urbeamea.ro\/albaiulia\/16-noiembrie-festivalul-national-de-folclor-mures-pe-marginea-ta-la-casa-de-cultura-ion-sangerean-din-ocna-mures\/#primaryimage"},"thumbnailUrl":"https:\/\/urbeamea.ro\/albaiulia\/wp-content\/uploads\/2025\/11\/1000054282.jpg","datePublished":"2025-11-12T09:33:55+00:00","dateModified":"2025-11-12T09:33:57+00:00","author":{"@id":"https:\/\/urbeamea.ro\/albaiulia\/#\/schema\/person\/5db3854ac38c1cc9f0ab4092d6a20f02"},"description":"Centrul de Cultur\u0103 \u201eAugustin Bena\u201d Alba, Consiliul Jude\u021bean Alba \u0219i Prim\u0103ria ora\u0219ului Ocna Mure\u0219, organizeaz\u0103 \u00een perioada urm\u0103toare o nou\u0103 edi\u021bie a","breadcrumb":{"@id":"https:\/\/urbeamea.ro\/albaiulia\/16-noiembrie-festivalul-national-de-folclor-mures-pe-marginea-ta-la-casa-de-cultura-ion-sangerean-din-ocna-mures\/#breadcrumb"},"inLanguage":"ro-RO","potentialAction":[{"@type":"ReadAction","target":["https:\/\/urbeamea.ro\/albaiulia\/16-noiembrie-festivalul-national-de-folclor-mures-pe-marginea-ta-la-casa-de-cultura-ion-sangerean-din-ocna-mures\/"]}]},{"@type":"ImageObject","inLanguage":"ro-RO","@id":"https:\/\/urbeamea.ro\/albaiulia\/16-noiembrie-festivalul-national-de-folclor-mures-pe-marginea-ta-la-casa-de-cultura-ion-sangerean-din-ocna-mures\/#primaryimage","url":"https:\/\/urbeamea.ro\/albaiulia\/wp-content\/uploads\/2025\/11\/1000054282.jpg","contentUrl":"https:\/\/urbeamea.ro\/albaiulia\/wp-content\/uploads\/2025\/11\/1000054282.jpg","width":1300,"height":1600},{"@type":"BreadcrumbList","@id":"https:\/\/urbeamea.ro\/albaiulia\/16-noiembrie-festivalul-national-de-folclor-mures-pe-marginea-ta-la-casa-de-cultura-ion-sangerean-din-ocna-mures\/#breadcrumb","itemListElement":[{"@type":"ListItem","position":1,"name":"Prima pagin\u0103","item":"https:\/\/urbeamea.ro\/albaiulia\/"},{"@type":"ListItem","position":2,"name":"16 noiembrie: Festivalul Na\u021bional de Folclor &#8221; Mure\u0219, pe marginea ta&#8221;, la Casa de Cultur\u0103 &#8222;Ion S\u00e2ngerean&#8221; din Ocna Mure\u0219"}]},{"@type":"WebSite","@id":"https:\/\/urbeamea.ro\/albaiulia\/#website","url":"https:\/\/urbeamea.ro\/albaiulia\/","name":"Revista Urbea Mea, Stiri urbane","description":"Evenimente \u0219i \u0219tiri din Alba Iulia, Sebe\u0219, Aiud, Blaj","potentialAction":[{"@type":"SearchAction","target":{"@type":"EntryPoint","urlTemplate":"https:\/\/urbeamea.ro\/albaiulia\/?s={search_term_string}"},"query-input":{"@type":"PropertyValueSpecification","valueRequired":true,"valueName":"search_term_string"}}],"inLanguage":"ro-RO"},{"@type":"Person","@id":"https:\/\/urbeamea.ro\/albaiulia\/#\/schema\/person\/5db3854ac38c1cc9f0ab4092d6a20f02","name":"Giurca Sorin","image":{"@type":"ImageObject","inLanguage":"ro-RO","@id":"https:\/\/secure.gravatar.com\/avatar\/120f6fcae7b3b47a7730cb9943f612f4909f68ac5284b5f40ac1c4615fd70576?s=96&d=mm&r=g","url":"https:\/\/secure.gravatar.com\/avatar\/120f6fcae7b3b47a7730cb9943f612f4909f68ac5284b5f40ac1c4615fd70576?s=96&d=mm&r=g","contentUrl":"https:\/\/secure.gravatar.com\/avatar\/120f6fcae7b3b47a7730cb9943f612f4909f68ac5284b5f40ac1c4615fd70576?s=96&d=mm&r=g","caption":"Giurca Sorin"},"url":"https:\/\/urbeamea.ro\/albaiulia\/author\/sorin\/"}]}},"_links":{"self":[{"href":"https:\/\/urbeamea.ro\/albaiulia\/wp-json\/wp\/v2\/posts\/120447","targetHints":{"allow":["GET"]}}],"collection":[{"href":"https:\/\/urbeamea.ro\/albaiulia\/wp-json\/wp\/v2\/posts"}],"about":[{"href":"https:\/\/urbeamea.ro\/albaiulia\/wp-json\/wp\/v2\/types\/post"}],"author":[{"embeddable":true,"href":"https:\/\/urbeamea.ro\/albaiulia\/wp-json\/wp\/v2\/users\/28"}],"replies":[{"embeddable":true,"href":"https:\/\/urbeamea.ro\/albaiulia\/wp-json\/wp\/v2\/comments?post=120447"}],"version-history":[{"count":1,"href":"https:\/\/urbeamea.ro\/albaiulia\/wp-json\/wp\/v2\/posts\/120447\/revisions"}],"predecessor-version":[{"id":120449,"href":"https:\/\/urbeamea.ro\/albaiulia\/wp-json\/wp\/v2\/posts\/120447\/revisions\/120449"}],"wp:featuredmedia":[{"embeddable":true,"href":"https:\/\/urbeamea.ro\/albaiulia\/wp-json\/wp\/v2\/media\/120448"}],"wp:attachment":[{"href":"https:\/\/urbeamea.ro\/albaiulia\/wp-json\/wp\/v2\/media?parent=120447"}],"wp:term":[{"taxonomy":"category","embeddable":true,"href":"https:\/\/urbeamea.ro\/albaiulia\/wp-json\/wp\/v2\/categories?post=120447"},{"taxonomy":"post_tag","embeddable":true,"href":"https:\/\/urbeamea.ro\/albaiulia\/wp-json\/wp\/v2\/tags?post=120447"}],"curies":[{"name":"wp","href":"https:\/\/api.w.org\/{rel}","templated":true}]}}