{"id":120451,"date":"2025-11-12T20:15:58","date_gmt":"2025-11-12T18:15:58","guid":{"rendered":"https:\/\/urbeamea.ro\/albaiulia\/?p=120451"},"modified":"2025-11-12T20:15:59","modified_gmt":"2025-11-12T18:15:59","slug":"vineri-ora-1400-vernisajul-expozitiei-de-miniaturi-realizate-de-elevi-din-judetul-alba-si-mures-la-museikon","status":"publish","type":"post","link":"https:\/\/urbeamea.ro\/albaiulia\/vineri-ora-1400-vernisajul-expozitiei-de-miniaturi-realizate-de-elevi-din-judetul-alba-si-mures-la-museikon\/","title":{"rendered":"Vineri, ora 14:00 Vernisajul expozi\u021biei de miniaturi, realizate de elevi din jude\u021bul Alba \u0219i Mure\u0219, la Museikon"},"content":{"rendered":"\n<p><strong>Museikon are pl\u0103cerea s\u0103 v\u0103 invite la vernisajul expozi\u021biei de miniaturi realizate de elevi din jude\u021bele Alba \u0219i Mure\u0219.<\/strong><\/p>\n\n\n\n<p>Evenimentul va avea loc vineri, 14 noiembrie, de la ora 14:00, reprezint\u0103 o ocazie unic\u0103 de a descoperi creativitatea \u0219i sensibilitatea tinerilor care au transpus \u00een miniaturi, pove\u0219ti \u0219i emo\u021bii cu mult\u0103 migal\u0103.<\/p>\n\n\n\n<p>Vernisajul face parte dintr-o serie de activit\u0103\u021bi dedicate Zilei Interna\u021bionale a Bibliei, \u00een cadrul parteneriatului dintre Inspectoratul \u0218colar Jude\u021bean Alba \u0219i Inspectoratul \u0218colar Jude\u021bean Mure\u0219, \u0219i este deschis tuturor iubitorilor de art\u0103 \u0219i cultur\u0103.<\/p>\n\n\n\n<p>V\u0103 a\u0219tept\u0103m cu drag!<\/p>\n\n\n\n<figure class=\"wp-block-image size-large\"><img loading=\"lazy\" decoding=\"async\" width=\"922\" height=\"1280\" src=\"https:\/\/urbeamea.ro\/albaiulia\/wp-content\/uploads\/2025\/11\/1000054286-922x1280.jpg\" alt=\"\" class=\"wp-image-120452\" srcset=\"https:\/\/urbeamea.ro\/albaiulia\/wp-content\/uploads\/2025\/11\/1000054286-922x1280.jpg 922w, https:\/\/urbeamea.ro\/albaiulia\/wp-content\/uploads\/2025\/11\/1000054286-461x640.jpg 461w, https:\/\/urbeamea.ro\/albaiulia\/wp-content\/uploads\/2025\/11\/1000054286-108x150.jpg 108w, https:\/\/urbeamea.ro\/albaiulia\/wp-content\/uploads\/2025\/11\/1000054286-768x1066.jpg 768w, https:\/\/urbeamea.ro\/albaiulia\/wp-content\/uploads\/2025\/11\/1000054286.jpg 1068w\" sizes=\"auto, (max-width: 922px) 100vw, 922px\" \/><\/figure>\n","protected":false},"excerpt":{"rendered":"<p>Museikon are pl\u0103cerea s\u0103 v\u0103 invite la vernisajul expozi\u021biei de miniaturi realizate de elevi din jude\u021bele Alba \u0219i Mure\u0219. Evenimentul va avea loc vineri, 14 noiembrie, de la ora 14:00, reprezint\u0103 o ocazie unic\u0103 de a descoperi creativitatea \u0219i sensibilitatea tinerilor care au transpus \u00een miniaturi, pove\u0219ti \u0219i emo\u021bii cu mult\u0103 migal\u0103. Vernisajul face parte &hellip;<\/p>\n","protected":false},"author":28,"featured_media":120452,"comment_status":"open","ping_status":"open","sticky":false,"template":"","format":"standard","meta":{"inline_featured_image":false,"footnotes":""},"categories":[2038,2039,4,2034,1,16344],"tags":[],"class_list":["post-120451","post","type-post","status-publish","format-standard","has-post-thumbnail","hentry","category-cultura","category-educatie","category-eveniment","category-social","category-stiri-urbane","category-urbea-mea"],"yoast_head":"<!-- This site is optimized with the Yoast SEO plugin v27.4 - https:\/\/yoast.com\/product\/yoast-seo-wordpress\/ -->\n<title>Vineri, ora 14:00 Vernisajul expozi\u021biei de miniaturi, realizate de elevi din jude\u021bul Alba \u0219i Mure\u0219, la Museikon - Revista Urbea Mea - Revista de Alba<\/title>\n<meta name=\"description\" content=\"Museikon are pl\u0103cerea s\u0103 v\u0103 invite la vernisajul expozi\u021biei de miniaturi realizate de elevi din jude\u021bele Alba \u0219i Mure\u0219. Evenimentul va avea loc vineri, 14\" \/>\n<meta name=\"robots\" content=\"index, follow, max-snippet:-1, max-image-preview:large, max-video-preview:-1\" \/>\n<link rel=\"canonical\" href=\"https:\/\/urbeamea.ro\/albaiulia\/vineri-ora-1400-vernisajul-expozitiei-de-miniaturi-realizate-de-elevi-din-judetul-alba-si-mures-la-museikon\/\" \/>\n<meta name=\"twitter:card\" content=\"summary_large_image\" \/>\n<meta name=\"twitter:title\" content=\"Vineri, ora 14:00 Vernisajul expozi\u021biei de miniaturi, realizate de elevi din jude\u021bul Alba \u0219i Mure\u0219, la Museikon - Revista Urbea Mea - Revista de Alba\" \/>\n<meta name=\"twitter:description\" content=\"Museikon are pl\u0103cerea s\u0103 v\u0103 invite la vernisajul expozi\u021biei de miniaturi realizate de elevi din jude\u021bele Alba \u0219i Mure\u0219. Evenimentul va avea loc vineri, 14\" \/>\n<meta name=\"twitter:image\" content=\"https:\/\/urbeamea.ro\/albaiulia\/wp-content\/uploads\/2025\/11\/1000054286.jpg\" \/>\n<meta name=\"twitter:creator\" content=\"@urbeameaweb\" \/>\n<meta name=\"twitter:site\" content=\"@urbeameaweb\" \/>\n<script type=\"application\/ld+json\" class=\"yoast-schema-graph\">{\"@context\":\"https:\\\/\\\/schema.org\",\"@graph\":[{\"@type\":\"Article\",\"@id\":\"https:\\\/\\\/urbeamea.ro\\\/albaiulia\\\/vineri-ora-1400-vernisajul-expozitiei-de-miniaturi-realizate-de-elevi-din-judetul-alba-si-mures-la-museikon\\\/#article\",\"isPartOf\":{\"@id\":\"https:\\\/\\\/urbeamea.ro\\\/albaiulia\\\/vineri-ora-1400-vernisajul-expozitiei-de-miniaturi-realizate-de-elevi-din-judetul-alba-si-mures-la-museikon\\\/\"},\"author\":{\"name\":\"Giurca Sorin\",\"@id\":\"https:\\\/\\\/urbeamea.ro\\\/albaiulia\\\/#\\\/schema\\\/person\\\/5db3854ac38c1cc9f0ab4092d6a20f02\"},\"headline\":\"Vineri, ora 14:00 Vernisajul expozi\u021biei de miniaturi, realizate de elevi din jude\u021bul Alba \u0219i Mure\u0219, la Museikon\",\"datePublished\":\"2025-11-12T18:15:58+00:00\",\"dateModified\":\"2025-11-12T18:15:59+00:00\",\"mainEntityOfPage\":{\"@id\":\"https:\\\/\\\/urbeamea.ro\\\/albaiulia\\\/vineri-ora-1400-vernisajul-expozitiei-de-miniaturi-realizate-de-elevi-din-judetul-alba-si-mures-la-museikon\\\/\"},\"wordCount\":117,\"commentCount\":0,\"image\":{\"@id\":\"https:\\\/\\\/urbeamea.ro\\\/albaiulia\\\/vineri-ora-1400-vernisajul-expozitiei-de-miniaturi-realizate-de-elevi-din-judetul-alba-si-mures-la-museikon\\\/#primaryimage\"},\"thumbnailUrl\":\"https:\\\/\\\/urbeamea.ro\\\/albaiulia\\\/wp-content\\\/uploads\\\/2025\\\/11\\\/1000054286.jpg\",\"articleSection\":[\"Cultur\u0103\",\"Educa\u021bie\",\"Evenimente\",\"Social\",\"\u015etiri Urbane\",\"Urbea Mea\"],\"inLanguage\":\"ro-RO\",\"potentialAction\":[{\"@type\":\"CommentAction\",\"name\":\"Comment\",\"target\":[\"https:\\\/\\\/urbeamea.ro\\\/albaiulia\\\/vineri-ora-1400-vernisajul-expozitiei-de-miniaturi-realizate-de-elevi-din-judetul-alba-si-mures-la-museikon\\\/#respond\"]}]},{\"@type\":\"WebPage\",\"@id\":\"https:\\\/\\\/urbeamea.ro\\\/albaiulia\\\/vineri-ora-1400-vernisajul-expozitiei-de-miniaturi-realizate-de-elevi-din-judetul-alba-si-mures-la-museikon\\\/\",\"url\":\"https:\\\/\\\/urbeamea.ro\\\/albaiulia\\\/vineri-ora-1400-vernisajul-expozitiei-de-miniaturi-realizate-de-elevi-din-judetul-alba-si-mures-la-museikon\\\/\",\"name\":\"Vineri, ora 14:00 Vernisajul expozi\u021biei de miniaturi, realizate de elevi din jude\u021bul Alba \u0219i Mure\u0219, la Museikon - Revista Urbea Mea - Revista de Alba\",\"isPartOf\":{\"@id\":\"https:\\\/\\\/urbeamea.ro\\\/albaiulia\\\/#website\"},\"primaryImageOfPage\":{\"@id\":\"https:\\\/\\\/urbeamea.ro\\\/albaiulia\\\/vineri-ora-1400-vernisajul-expozitiei-de-miniaturi-realizate-de-elevi-din-judetul-alba-si-mures-la-museikon\\\/#primaryimage\"},\"image\":{\"@id\":\"https:\\\/\\\/urbeamea.ro\\\/albaiulia\\\/vineri-ora-1400-vernisajul-expozitiei-de-miniaturi-realizate-de-elevi-din-judetul-alba-si-mures-la-museikon\\\/#primaryimage\"},\"thumbnailUrl\":\"https:\\\/\\\/urbeamea.ro\\\/albaiulia\\\/wp-content\\\/uploads\\\/2025\\\/11\\\/1000054286.jpg\",\"datePublished\":\"2025-11-12T18:15:58+00:00\",\"dateModified\":\"2025-11-12T18:15:59+00:00\",\"author\":{\"@id\":\"https:\\\/\\\/urbeamea.ro\\\/albaiulia\\\/#\\\/schema\\\/person\\\/5db3854ac38c1cc9f0ab4092d6a20f02\"},\"description\":\"Museikon are pl\u0103cerea s\u0103 v\u0103 invite la vernisajul expozi\u021biei de miniaturi realizate de elevi din jude\u021bele Alba \u0219i Mure\u0219. Evenimentul va avea loc vineri, 14\",\"breadcrumb\":{\"@id\":\"https:\\\/\\\/urbeamea.ro\\\/albaiulia\\\/vineri-ora-1400-vernisajul-expozitiei-de-miniaturi-realizate-de-elevi-din-judetul-alba-si-mures-la-museikon\\\/#breadcrumb\"},\"inLanguage\":\"ro-RO\",\"potentialAction\":[{\"@type\":\"ReadAction\",\"target\":[\"https:\\\/\\\/urbeamea.ro\\\/albaiulia\\\/vineri-ora-1400-vernisajul-expozitiei-de-miniaturi-realizate-de-elevi-din-judetul-alba-si-mures-la-museikon\\\/\"]}]},{\"@type\":\"ImageObject\",\"inLanguage\":\"ro-RO\",\"@id\":\"https:\\\/\\\/urbeamea.ro\\\/albaiulia\\\/vineri-ora-1400-vernisajul-expozitiei-de-miniaturi-realizate-de-elevi-din-judetul-alba-si-mures-la-museikon\\\/#primaryimage\",\"url\":\"https:\\\/\\\/urbeamea.ro\\\/albaiulia\\\/wp-content\\\/uploads\\\/2025\\\/11\\\/1000054286.jpg\",\"contentUrl\":\"https:\\\/\\\/urbeamea.ro\\\/albaiulia\\\/wp-content\\\/uploads\\\/2025\\\/11\\\/1000054286.jpg\",\"width\":1068,\"height\":1482},{\"@type\":\"BreadcrumbList\",\"@id\":\"https:\\\/\\\/urbeamea.ro\\\/albaiulia\\\/vineri-ora-1400-vernisajul-expozitiei-de-miniaturi-realizate-de-elevi-din-judetul-alba-si-mures-la-museikon\\\/#breadcrumb\",\"itemListElement\":[{\"@type\":\"ListItem\",\"position\":1,\"name\":\"Prima pagin\u0103\",\"item\":\"https:\\\/\\\/urbeamea.ro\\\/albaiulia\\\/\"},{\"@type\":\"ListItem\",\"position\":2,\"name\":\"Vineri, ora 14:00 Vernisajul expozi\u021biei de miniaturi, realizate de elevi din jude\u021bul Alba \u0219i Mure\u0219, la Museikon\"}]},{\"@type\":\"WebSite\",\"@id\":\"https:\\\/\\\/urbeamea.ro\\\/albaiulia\\\/#website\",\"url\":\"https:\\\/\\\/urbeamea.ro\\\/albaiulia\\\/\",\"name\":\"Revista Urbea Mea, Stiri urbane\",\"description\":\"Evenimente \u0219i \u0219tiri din Alba Iulia, Sebe\u0219, Aiud, Blaj\",\"potentialAction\":[{\"@type\":\"SearchAction\",\"target\":{\"@type\":\"EntryPoint\",\"urlTemplate\":\"https:\\\/\\\/urbeamea.ro\\\/albaiulia\\\/?s={search_term_string}\"},\"query-input\":{\"@type\":\"PropertyValueSpecification\",\"valueRequired\":true,\"valueName\":\"search_term_string\"}}],\"inLanguage\":\"ro-RO\"},{\"@type\":\"Person\",\"@id\":\"https:\\\/\\\/urbeamea.ro\\\/albaiulia\\\/#\\\/schema\\\/person\\\/5db3854ac38c1cc9f0ab4092d6a20f02\",\"name\":\"Giurca Sorin\",\"image\":{\"@type\":\"ImageObject\",\"inLanguage\":\"ro-RO\",\"@id\":\"https:\\\/\\\/secure.gravatar.com\\\/avatar\\\/120f6fcae7b3b47a7730cb9943f612f4909f68ac5284b5f40ac1c4615fd70576?s=96&d=mm&r=g\",\"url\":\"https:\\\/\\\/secure.gravatar.com\\\/avatar\\\/120f6fcae7b3b47a7730cb9943f612f4909f68ac5284b5f40ac1c4615fd70576?s=96&d=mm&r=g\",\"contentUrl\":\"https:\\\/\\\/secure.gravatar.com\\\/avatar\\\/120f6fcae7b3b47a7730cb9943f612f4909f68ac5284b5f40ac1c4615fd70576?s=96&d=mm&r=g\",\"caption\":\"Giurca Sorin\"},\"url\":\"https:\\\/\\\/urbeamea.ro\\\/albaiulia\\\/author\\\/sorin\\\/\"}]}<\/script>\n<!-- \/ Yoast SEO plugin. -->","yoast_head_json":{"title":"Vineri, ora 14:00 Vernisajul expozi\u021biei de miniaturi, realizate de elevi din jude\u021bul Alba \u0219i Mure\u0219, la Museikon - Revista Urbea Mea - Revista de Alba","description":"Museikon are pl\u0103cerea s\u0103 v\u0103 invite la vernisajul expozi\u021biei de miniaturi realizate de elevi din jude\u021bele Alba \u0219i Mure\u0219. Evenimentul va avea loc vineri, 14","robots":{"index":"index","follow":"follow","max-snippet":"max-snippet:-1","max-image-preview":"max-image-preview:large","max-video-preview":"max-video-preview:-1"},"canonical":"https:\/\/urbeamea.ro\/albaiulia\/vineri-ora-1400-vernisajul-expozitiei-de-miniaturi-realizate-de-elevi-din-judetul-alba-si-mures-la-museikon\/","twitter_card":"summary_large_image","twitter_title":"Vineri, ora 14:00 Vernisajul expozi\u021biei de miniaturi, realizate de elevi din jude\u021bul Alba \u0219i Mure\u0219, la Museikon - Revista Urbea Mea - Revista de Alba","twitter_description":"Museikon are pl\u0103cerea s\u0103 v\u0103 invite la vernisajul expozi\u021biei de miniaturi realizate de elevi din jude\u021bele Alba \u0219i Mure\u0219. Evenimentul va avea loc vineri, 14","twitter_image":"https:\/\/urbeamea.ro\/albaiulia\/wp-content\/uploads\/2025\/11\/1000054286.jpg","twitter_creator":"@urbeameaweb","twitter_site":"@urbeameaweb","schema":{"@context":"https:\/\/schema.org","@graph":[{"@type":"Article","@id":"https:\/\/urbeamea.ro\/albaiulia\/vineri-ora-1400-vernisajul-expozitiei-de-miniaturi-realizate-de-elevi-din-judetul-alba-si-mures-la-museikon\/#article","isPartOf":{"@id":"https:\/\/urbeamea.ro\/albaiulia\/vineri-ora-1400-vernisajul-expozitiei-de-miniaturi-realizate-de-elevi-din-judetul-alba-si-mures-la-museikon\/"},"author":{"name":"Giurca Sorin","@id":"https:\/\/urbeamea.ro\/albaiulia\/#\/schema\/person\/5db3854ac38c1cc9f0ab4092d6a20f02"},"headline":"Vineri, ora 14:00 Vernisajul expozi\u021biei de miniaturi, realizate de elevi din jude\u021bul Alba \u0219i Mure\u0219, la Museikon","datePublished":"2025-11-12T18:15:58+00:00","dateModified":"2025-11-12T18:15:59+00:00","mainEntityOfPage":{"@id":"https:\/\/urbeamea.ro\/albaiulia\/vineri-ora-1400-vernisajul-expozitiei-de-miniaturi-realizate-de-elevi-din-judetul-alba-si-mures-la-museikon\/"},"wordCount":117,"commentCount":0,"image":{"@id":"https:\/\/urbeamea.ro\/albaiulia\/vineri-ora-1400-vernisajul-expozitiei-de-miniaturi-realizate-de-elevi-din-judetul-alba-si-mures-la-museikon\/#primaryimage"},"thumbnailUrl":"https:\/\/urbeamea.ro\/albaiulia\/wp-content\/uploads\/2025\/11\/1000054286.jpg","articleSection":["Cultur\u0103","Educa\u021bie","Evenimente","Social","\u015etiri Urbane","Urbea Mea"],"inLanguage":"ro-RO","potentialAction":[{"@type":"CommentAction","name":"Comment","target":["https:\/\/urbeamea.ro\/albaiulia\/vineri-ora-1400-vernisajul-expozitiei-de-miniaturi-realizate-de-elevi-din-judetul-alba-si-mures-la-museikon\/#respond"]}]},{"@type":"WebPage","@id":"https:\/\/urbeamea.ro\/albaiulia\/vineri-ora-1400-vernisajul-expozitiei-de-miniaturi-realizate-de-elevi-din-judetul-alba-si-mures-la-museikon\/","url":"https:\/\/urbeamea.ro\/albaiulia\/vineri-ora-1400-vernisajul-expozitiei-de-miniaturi-realizate-de-elevi-din-judetul-alba-si-mures-la-museikon\/","name":"Vineri, ora 14:00 Vernisajul expozi\u021biei de miniaturi, realizate de elevi din jude\u021bul Alba \u0219i Mure\u0219, la Museikon - Revista Urbea Mea - Revista de Alba","isPartOf":{"@id":"https:\/\/urbeamea.ro\/albaiulia\/#website"},"primaryImageOfPage":{"@id":"https:\/\/urbeamea.ro\/albaiulia\/vineri-ora-1400-vernisajul-expozitiei-de-miniaturi-realizate-de-elevi-din-judetul-alba-si-mures-la-museikon\/#primaryimage"},"image":{"@id":"https:\/\/urbeamea.ro\/albaiulia\/vineri-ora-1400-vernisajul-expozitiei-de-miniaturi-realizate-de-elevi-din-judetul-alba-si-mures-la-museikon\/#primaryimage"},"thumbnailUrl":"https:\/\/urbeamea.ro\/albaiulia\/wp-content\/uploads\/2025\/11\/1000054286.jpg","datePublished":"2025-11-12T18:15:58+00:00","dateModified":"2025-11-12T18:15:59+00:00","author":{"@id":"https:\/\/urbeamea.ro\/albaiulia\/#\/schema\/person\/5db3854ac38c1cc9f0ab4092d6a20f02"},"description":"Museikon are pl\u0103cerea s\u0103 v\u0103 invite la vernisajul expozi\u021biei de miniaturi realizate de elevi din jude\u021bele Alba \u0219i Mure\u0219. Evenimentul va avea loc vineri, 14","breadcrumb":{"@id":"https:\/\/urbeamea.ro\/albaiulia\/vineri-ora-1400-vernisajul-expozitiei-de-miniaturi-realizate-de-elevi-din-judetul-alba-si-mures-la-museikon\/#breadcrumb"},"inLanguage":"ro-RO","potentialAction":[{"@type":"ReadAction","target":["https:\/\/urbeamea.ro\/albaiulia\/vineri-ora-1400-vernisajul-expozitiei-de-miniaturi-realizate-de-elevi-din-judetul-alba-si-mures-la-museikon\/"]}]},{"@type":"ImageObject","inLanguage":"ro-RO","@id":"https:\/\/urbeamea.ro\/albaiulia\/vineri-ora-1400-vernisajul-expozitiei-de-miniaturi-realizate-de-elevi-din-judetul-alba-si-mures-la-museikon\/#primaryimage","url":"https:\/\/urbeamea.ro\/albaiulia\/wp-content\/uploads\/2025\/11\/1000054286.jpg","contentUrl":"https:\/\/urbeamea.ro\/albaiulia\/wp-content\/uploads\/2025\/11\/1000054286.jpg","width":1068,"height":1482},{"@type":"BreadcrumbList","@id":"https:\/\/urbeamea.ro\/albaiulia\/vineri-ora-1400-vernisajul-expozitiei-de-miniaturi-realizate-de-elevi-din-judetul-alba-si-mures-la-museikon\/#breadcrumb","itemListElement":[{"@type":"ListItem","position":1,"name":"Prima pagin\u0103","item":"https:\/\/urbeamea.ro\/albaiulia\/"},{"@type":"ListItem","position":2,"name":"Vineri, ora 14:00 Vernisajul expozi\u021biei de miniaturi, realizate de elevi din jude\u021bul Alba \u0219i Mure\u0219, la Museikon"}]},{"@type":"WebSite","@id":"https:\/\/urbeamea.ro\/albaiulia\/#website","url":"https:\/\/urbeamea.ro\/albaiulia\/","name":"Revista Urbea Mea, Stiri urbane","description":"Evenimente \u0219i \u0219tiri din Alba Iulia, Sebe\u0219, Aiud, Blaj","potentialAction":[{"@type":"SearchAction","target":{"@type":"EntryPoint","urlTemplate":"https:\/\/urbeamea.ro\/albaiulia\/?s={search_term_string}"},"query-input":{"@type":"PropertyValueSpecification","valueRequired":true,"valueName":"search_term_string"}}],"inLanguage":"ro-RO"},{"@type":"Person","@id":"https:\/\/urbeamea.ro\/albaiulia\/#\/schema\/person\/5db3854ac38c1cc9f0ab4092d6a20f02","name":"Giurca Sorin","image":{"@type":"ImageObject","inLanguage":"ro-RO","@id":"https:\/\/secure.gravatar.com\/avatar\/120f6fcae7b3b47a7730cb9943f612f4909f68ac5284b5f40ac1c4615fd70576?s=96&d=mm&r=g","url":"https:\/\/secure.gravatar.com\/avatar\/120f6fcae7b3b47a7730cb9943f612f4909f68ac5284b5f40ac1c4615fd70576?s=96&d=mm&r=g","contentUrl":"https:\/\/secure.gravatar.com\/avatar\/120f6fcae7b3b47a7730cb9943f612f4909f68ac5284b5f40ac1c4615fd70576?s=96&d=mm&r=g","caption":"Giurca Sorin"},"url":"https:\/\/urbeamea.ro\/albaiulia\/author\/sorin\/"}]}},"_links":{"self":[{"href":"https:\/\/urbeamea.ro\/albaiulia\/wp-json\/wp\/v2\/posts\/120451","targetHints":{"allow":["GET"]}}],"collection":[{"href":"https:\/\/urbeamea.ro\/albaiulia\/wp-json\/wp\/v2\/posts"}],"about":[{"href":"https:\/\/urbeamea.ro\/albaiulia\/wp-json\/wp\/v2\/types\/post"}],"author":[{"embeddable":true,"href":"https:\/\/urbeamea.ro\/albaiulia\/wp-json\/wp\/v2\/users\/28"}],"replies":[{"embeddable":true,"href":"https:\/\/urbeamea.ro\/albaiulia\/wp-json\/wp\/v2\/comments?post=120451"}],"version-history":[{"count":1,"href":"https:\/\/urbeamea.ro\/albaiulia\/wp-json\/wp\/v2\/posts\/120451\/revisions"}],"predecessor-version":[{"id":120453,"href":"https:\/\/urbeamea.ro\/albaiulia\/wp-json\/wp\/v2\/posts\/120451\/revisions\/120453"}],"wp:featuredmedia":[{"embeddable":true,"href":"https:\/\/urbeamea.ro\/albaiulia\/wp-json\/wp\/v2\/media\/120452"}],"wp:attachment":[{"href":"https:\/\/urbeamea.ro\/albaiulia\/wp-json\/wp\/v2\/media?parent=120451"}],"wp:term":[{"taxonomy":"category","embeddable":true,"href":"https:\/\/urbeamea.ro\/albaiulia\/wp-json\/wp\/v2\/categories?post=120451"},{"taxonomy":"post_tag","embeddable":true,"href":"https:\/\/urbeamea.ro\/albaiulia\/wp-json\/wp\/v2\/tags?post=120451"}],"curies":[{"name":"wp","href":"https:\/\/api.w.org\/{rel}","templated":true}]}}