{"id":120481,"date":"2025-11-19T11:35:03","date_gmt":"2025-11-19T09:35:03","guid":{"rendered":"https:\/\/urbeamea.ro\/albaiulia\/?p=120481"},"modified":"2025-11-19T11:35:04","modified_gmt":"2025-11-19T09:35:04","slug":"joi-patria-recunoscatoare-clopotele-bisericilor-din-alba-vor-rasuna-din-nou-in-semn-de-omagiu-pentru-participantii-marii-uniri-de-la-1-decembrie-1918","status":"publish","type":"post","link":"https:\/\/urbeamea.ro\/albaiulia\/joi-patria-recunoscatoare-clopotele-bisericilor-din-alba-vor-rasuna-din-nou-in-semn-de-omagiu-pentru-participantii-marii-uniri-de-la-1-decembrie-1918\/","title":{"rendered":"Joi: &#8222;Patria recunosc\u0103toare&#8221;. Clopotele bisericilor din Alba, vor r\u0103suna, din nou, \u00een semn de omagiu, pentru participan\u021bii Marii Uniri de la 1 Decembrie 1918"},"content":{"rendered":"\n<p><strong>\u00cen tot jude\u021bul Alba, la 107 ani de la \u00eenf\u0103ptuirea Rom\u00e2niei Mari, clopotele Bisericilor vor r\u0103suna, din nou, \u00een semn de omagiu pentru cei care ne-au reprezentat \u00een chip vrednic \u0219i au hot\u0103r\u00e2t la Alba Iulia, la 1 Decembrie 1918, Marea Unire.<\/strong><\/p>\n\n\n\n<p>V\u0103 invit\u0103m joi, 20 noiembrie 2025, la ora 16.00, s\u0103 participa\u021bi la ceremoniile dedicate omagierii reprezentan\u021bilor cercurilor electorale, breslelor, reuniunilor, cultelor biserice\u0219ti, g\u0103rzilor patriotice \u0219i presei de la Marea Adunare Na\u021bional\u0103 din 1 Decembrie 1918. <\/p>\n\n\n\n<p>Evenimentele se vor desf\u0103\u0219ura simultan \u00een toate localit\u0103\u021bile jude\u021bului Alba.<\/p>\n\n\n\n<p>\ud835\udde8\ud835\uddfb \ud835\uddf0\ud835\uddf2\ud835\uddff\ud835\uddf2\ud835\uddfa\ud835\uddfc\ud835\uddfb\ud835\uddf6\ud835\uddee\ud835\uddf9 \ud835\ude00\ud835\uddfc\ud835\uddf9\ud835\uddf2\ud835\uddfa\ud835\uddfb \ud835\ude03\ud835\uddee \ud835\uddee\ud835\ude03\ud835\uddf2\ud835\uddee \ud835\uddf9\ud835\uddfc\ud835\uddf0, \ud835\uddf9\ud835\uddee \ud835\uddee\ud835\uddf0\ud835\uddf2\ud835\uddf2\ud835\uddee\ud835\uddfc\u0219\ud835\uddf6 \ud835\uddfc\ud835\uddff\u0103, \ud835\uddf9\ud835\uddee \ud835\udde6\ud835\uddee\ud835\uddf9\ud835\uddee \ud835\udde8\ud835\uddfb\ud835\uddf6\ud835\uddff\ud835\uddf6\ud835\uddf6, \ud835\ude02\ud835\uddfb\ud835\uddf1\ud835\uddf2 \ud835\ude03\ud835\uddfc\ud835\uddff \ud835\uddf3\ud835\uddf6 \ud835\uddf1\ud835\uddf2\ud835\uddfd\ud835\ude02\ud835\ude00\ud835\uddf2 \ud835\uddf7\ud835\uddf2\ud835\uddff\ud835\uddef\ud835\uddf2 \ud835\uddf1\ud835\uddf2 \ud835\uddf3\ud835\uddf9\ud835\uddfc\ud835\uddff\ud835\uddf6 \u00ee\ud835\uddfb \ud835\uddfa\ud835\uddf2\ud835\uddfa\ud835\uddfc\ud835\uddff\ud835\uddf6\ud835\uddee \ud835\uddd9\u0103\ud835\ude02\ud835\uddff\ud835\uddf6\ud835\ude01\ud835\uddfc\ud835\uddff\ud835\uddf6\ud835\uddf9\ud835\uddfc\ud835\uddff \ud835\udde0\ud835\uddee\ud835\uddff\ud835\uddf6\ud835\uddf6 \ud835\udde8\ud835\uddfb\ud835\uddf6\ud835\uddff\ud835\uddf6.<\/p>\n\n\n\n<p>\ud835\ude0d\ud835\ude30\ud835\ude35\ud835\ude30\ud835\ude28\ud835\ude33\ud835\ude22\ud835\ude27\ud835\ude2a\ud835\ude2a\ud835\ude2d\ud835\ude26 \ud835\ude24\ud835\ude26 \ud835\ude37\ud835\ude30\ud835\ude33 \ud835\ude34\ud835\ude36\ud835\ude33\ud835\ude31\ud835\ude33\ud835\ude2a\ud835\ude2f\ud835\ude25\ud835\ude26 \ud835\ude2e\ud835\ude30\ud835\ude2e\ud835\ude26\ud835\ude2f\ud835\ude35\ud835\ude26\ud835\ude2d\ud835\ude26 \ud835\ude25\ud835\ude26 \ud835\ude24\ud835\ude30\ud835\ude2e\ud835\ude26\ud835\ude2e\ud835\ude30\ud835\ude33\ud835\ude22\ud835\ude33\ud835\ude26 \ud835\ude37\ud835\ude30\ud835\ude33 \ud835\ude27\ud835\ude2a \ud835\ude31\ud835\ude30\ud835\ude34\ud835\ude35\ud835\ude22\ud835\ude35\ud835\ude26 \ud835\ude31\ud835\ude26 \ud835\uddfd\ud835\uddee\ud835\uddf4\ud835\uddf6\ud835\uddfb\ud835\uddee \ud835\uddfc\ud835\uddf3\ud835\uddf6\ud835\uddf0\ud835\uddf6\ud835\uddee\ud835\uddf9\u0103 \ud835\uddee \ud835\uddf2\ud835\ude03\ud835\uddf2\ud835\uddfb\ud835\uddf6\ud835\uddfa\ud835\uddf2\ud835\uddfb\ud835\ude01\ud835\ude02\ud835\uddf9\ud835\ude02\ud835\uddf6: https:\/\/www.facebook.com\/patria.recunoscatoare<\/p>\n\n\n\n<p>\ud835\udde3\ud835\uddee\ud835\ude01\ud835\uddff\ud835\uddf6\ud835\uddee \ud835\udde5\ud835\uddf2\ud835\uddf0\ud835\ude02\ud835\uddfb\ud835\uddfc\ud835\ude00\ud835\uddf0\u0103\ud835\ude01\ud835\uddfc\ud835\uddee\ud835\uddff\ud835\uddf2 \u2013 \ud835\uddd6\ud835\uddf9\ud835\uddfc\ud835\uddfd\ud835\uddfc\ud835\ude01\ud835\uddf2\ud835\uddf9\ud835\uddf2 \u00ce\ud835\uddfb\ud835\ude01\ud835\uddff\ud835\uddf2\ud835\uddf4\ud835\uddf6\ud835\uddff\ud835\uddf6\ud835\uddf6 este un proiect ini\u0163iat de Consiliul Jude\u0163ean Alba \u00een colaborare cu toate unit\u0103\u0163ile administrativ teritoriale din jude\u0163ul Alba, Muzeul Na\u0163ional al Unirii Alba \u015fi Centrul de Cultur\u0103 \u201eAugustin Bena\u201d Alba, \u00een 2018, ce se dore\u015fte a fi un semn al respectului fa\u0163\u0103 de reprezentan\u0163ii cercurilor electorale, breslelor, reuniunilor, cultelor biserice\u015fti, g\u0103rzilor na\u0163ionale, presei \u015fi rom\u00e2nilor de r\u00e2nd convica\u0163i pentru Adunarea din 1 Decembrie 1918.<\/p>\n\n\n\n<figure class=\"wp-block-gallery has-nested-images columns-default is-cropped wp-block-gallery-1 is-layout-flex wp-block-gallery-is-layout-flex\">\n<figure class=\"wp-block-image size-large\"><img loading=\"lazy\" decoding=\"async\" width=\"852\" height=\"1280\" data-id=\"120482\" src=\"https:\/\/urbeamea.ro\/albaiulia\/wp-content\/uploads\/2025\/11\/1000054877-852x1280.jpg\" alt=\"\" class=\"wp-image-120482\" srcset=\"https:\/\/urbeamea.ro\/albaiulia\/wp-content\/uploads\/2025\/11\/1000054877-852x1280.jpg 852w, https:\/\/urbeamea.ro\/albaiulia\/wp-content\/uploads\/2025\/11\/1000054877-426x640.jpg 426w, https:\/\/urbeamea.ro\/albaiulia\/wp-content\/uploads\/2025\/11\/1000054877-100x150.jpg 100w, https:\/\/urbeamea.ro\/albaiulia\/wp-content\/uploads\/2025\/11\/1000054877-768x1154.jpg 768w, https:\/\/urbeamea.ro\/albaiulia\/wp-content\/uploads\/2025\/11\/1000054877-1022x1536.jpg 1022w, https:\/\/urbeamea.ro\/albaiulia\/wp-content\/uploads\/2025\/11\/1000054877.jpg 1065w\" sizes=\"auto, (max-width: 852px) 100vw, 852px\" \/><\/figure>\n\n\n\n<figure class=\"wp-block-image size-large\"><img loading=\"lazy\" decoding=\"async\" width=\"960\" height=\"1280\" data-id=\"120483\" src=\"https:\/\/urbeamea.ro\/albaiulia\/wp-content\/uploads\/2025\/11\/1000054878-960x1280.jpg\" alt=\"\" class=\"wp-image-120483\" srcset=\"https:\/\/urbeamea.ro\/albaiulia\/wp-content\/uploads\/2025\/11\/1000054878-960x1280.jpg 960w, https:\/\/urbeamea.ro\/albaiulia\/wp-content\/uploads\/2025\/11\/1000054878-480x640.jpg 480w, https:\/\/urbeamea.ro\/albaiulia\/wp-content\/uploads\/2025\/11\/1000054878-113x150.jpg 113w, https:\/\/urbeamea.ro\/albaiulia\/wp-content\/uploads\/2025\/11\/1000054878-768x1024.jpg 768w, https:\/\/urbeamea.ro\/albaiulia\/wp-content\/uploads\/2025\/11\/1000054878-1152x1536.jpg 1152w, https:\/\/urbeamea.ro\/albaiulia\/wp-content\/uploads\/2025\/11\/1000054878.jpg 1536w\" sizes=\"auto, (max-width: 960px) 100vw, 960px\" \/><\/figure>\n\n\n\n<figure class=\"wp-block-image size-large\"><img loading=\"lazy\" decoding=\"async\" width=\"960\" height=\"1280\" data-id=\"120484\" src=\"https:\/\/urbeamea.ro\/albaiulia\/wp-content\/uploads\/2025\/11\/1000054879-960x1280.jpg\" alt=\"\" class=\"wp-image-120484\" srcset=\"https:\/\/urbeamea.ro\/albaiulia\/wp-content\/uploads\/2025\/11\/1000054879-960x1280.jpg 960w, https:\/\/urbeamea.ro\/albaiulia\/wp-content\/uploads\/2025\/11\/1000054879-480x640.jpg 480w, https:\/\/urbeamea.ro\/albaiulia\/wp-content\/uploads\/2025\/11\/1000054879-113x150.jpg 113w, https:\/\/urbeamea.ro\/albaiulia\/wp-content\/uploads\/2025\/11\/1000054879-768x1024.jpg 768w, https:\/\/urbeamea.ro\/albaiulia\/wp-content\/uploads\/2025\/11\/1000054879-1152x1536.jpg 1152w, https:\/\/urbeamea.ro\/albaiulia\/wp-content\/uploads\/2025\/11\/1000054879.jpg 1536w\" sizes=\"auto, (max-width: 960px) 100vw, 960px\" \/><\/figure>\n\n\n\n<figure class=\"wp-block-image size-large\"><img loading=\"lazy\" decoding=\"async\" width=\"852\" height=\"1280\" data-id=\"120485\" src=\"https:\/\/urbeamea.ro\/albaiulia\/wp-content\/uploads\/2025\/11\/1000054876-852x1280.jpg\" alt=\"\" class=\"wp-image-120485\" srcset=\"https:\/\/urbeamea.ro\/albaiulia\/wp-content\/uploads\/2025\/11\/1000054876-852x1280.jpg 852w, https:\/\/urbeamea.ro\/albaiulia\/wp-content\/uploads\/2025\/11\/1000054876-426x640.jpg 426w, https:\/\/urbeamea.ro\/albaiulia\/wp-content\/uploads\/2025\/11\/1000054876-100x150.jpg 100w, https:\/\/urbeamea.ro\/albaiulia\/wp-content\/uploads\/2025\/11\/1000054876-768x1154.jpg 768w, https:\/\/urbeamea.ro\/albaiulia\/wp-content\/uploads\/2025\/11\/1000054876-1022x1536.jpg 1022w, https:\/\/urbeamea.ro\/albaiulia\/wp-content\/uploads\/2025\/11\/1000054876.jpg 1363w\" sizes=\"auto, (max-width: 852px) 100vw, 852px\" \/><\/figure>\n<\/figure>\n\n\n\n<p><\/p>\n","protected":false},"excerpt":{"rendered":"<p>\u00cen tot jude\u021bul Alba, la 107 ani de la \u00eenf\u0103ptuirea Rom\u00e2niei Mari, clopotele Bisericilor vor r\u0103suna, din nou, \u00een semn de omagiu pentru cei care ne-au reprezentat \u00een chip vrednic \u0219i au hot\u0103r\u00e2t la Alba Iulia, la 1 Decembrie 1918, Marea Unire. V\u0103 invit\u0103m joi, 20 noiembrie 2025, la ora 16.00, s\u0103 participa\u021bi la ceremoniile &hellip;<\/p>\n","protected":false},"author":28,"featured_media":120484,"comment_status":"open","ping_status":"open","sticky":false,"template":"","format":"standard","meta":{"inline_featured_image":false,"footnotes":""},"categories":[2038,4,8857,2034,1,16344],"tags":[25122],"class_list":["post-120481","post","type-post","status-publish","format-standard","has-post-thumbnail","hentry","category-cultura","category-eveniment","category-istorie","category-social","category-stiri-urbane","category-urbea-mea","tag-patria-recunoscatoare"],"yoast_head":"<!-- This site is optimized with the Yoast SEO plugin v27.4 - https:\/\/yoast.com\/product\/yoast-seo-wordpress\/ -->\n<title>Joi: &quot;Patria recunosc\u0103toare&quot;. Clopotele bisericilor din Alba, vor r\u0103suna, din nou, \u00een semn de omagiu, pentru participan\u021bii Marii Uniri de la 1 Decembrie 1918 - Revista Urbea Mea - Revista de Alba<\/title>\n<meta name=\"description\" content=\"\u00cen tot jude\u021bul Alba, la 107 ani de la \u00eenf\u0103ptuirea Rom\u00e2niei Mari, clopotele Bisericilor vor r\u0103suna, din nou, \u00een semn de omagiu pentru cei care ne-au\" \/>\n<meta name=\"robots\" content=\"index, follow, max-snippet:-1, max-image-preview:large, max-video-preview:-1\" \/>\n<link rel=\"canonical\" href=\"https:\/\/urbeamea.ro\/albaiulia\/joi-patria-recunoscatoare-clopotele-bisericilor-din-alba-vor-rasuna-din-nou-in-semn-de-omagiu-pentru-participantii-marii-uniri-de-la-1-decembrie-1918\/\" \/>\n<meta name=\"twitter:card\" content=\"summary_large_image\" \/>\n<meta name=\"twitter:title\" content=\"Joi: &quot;Patria recunosc\u0103toare&quot;. Clopotele bisericilor din Alba, vor r\u0103suna, din nou, \u00een semn de omagiu, pentru participan\u021bii Marii Uniri de la 1 Decembrie 1918 - Revista Urbea Mea - Revista de Alba\" \/>\n<meta name=\"twitter:description\" content=\"\u00cen tot jude\u021bul Alba, la 107 ani de la \u00eenf\u0103ptuirea Rom\u00e2niei Mari, clopotele Bisericilor vor r\u0103suna, din nou, \u00een semn de omagiu pentru cei care ne-au\" \/>\n<meta name=\"twitter:image\" content=\"https:\/\/urbeamea.ro\/albaiulia\/wp-content\/uploads\/2025\/11\/1000054879.jpg\" \/>\n<meta name=\"twitter:creator\" content=\"@urbeameaweb\" \/>\n<meta name=\"twitter:site\" content=\"@urbeameaweb\" \/>\n<script type=\"application\/ld+json\" class=\"yoast-schema-graph\">{\"@context\":\"https:\\\/\\\/schema.org\",\"@graph\":[{\"@type\":\"Article\",\"@id\":\"https:\\\/\\\/urbeamea.ro\\\/albaiulia\\\/joi-patria-recunoscatoare-clopotele-bisericilor-din-alba-vor-rasuna-din-nou-in-semn-de-omagiu-pentru-participantii-marii-uniri-de-la-1-decembrie-1918\\\/#article\",\"isPartOf\":{\"@id\":\"https:\\\/\\\/urbeamea.ro\\\/albaiulia\\\/joi-patria-recunoscatoare-clopotele-bisericilor-din-alba-vor-rasuna-din-nou-in-semn-de-omagiu-pentru-participantii-marii-uniri-de-la-1-decembrie-1918\\\/\"},\"author\":{\"name\":\"Giurca Sorin\",\"@id\":\"https:\\\/\\\/urbeamea.ro\\\/albaiulia\\\/#\\\/schema\\\/person\\\/5db3854ac38c1cc9f0ab4092d6a20f02\"},\"headline\":\"Joi: &#8222;Patria recunosc\u0103toare&#8221;. Clopotele bisericilor din Alba, vor r\u0103suna, din nou, \u00een semn de omagiu, pentru participan\u021bii Marii Uniri de la 1 Decembrie 1918\",\"datePublished\":\"2025-11-19T09:35:03+00:00\",\"dateModified\":\"2025-11-19T09:35:04+00:00\",\"mainEntityOfPage\":{\"@id\":\"https:\\\/\\\/urbeamea.ro\\\/albaiulia\\\/joi-patria-recunoscatoare-clopotele-bisericilor-din-alba-vor-rasuna-din-nou-in-semn-de-omagiu-pentru-participantii-marii-uniri-de-la-1-decembrie-1918\\\/\"},\"wordCount\":199,\"commentCount\":0,\"image\":{\"@id\":\"https:\\\/\\\/urbeamea.ro\\\/albaiulia\\\/joi-patria-recunoscatoare-clopotele-bisericilor-din-alba-vor-rasuna-din-nou-in-semn-de-omagiu-pentru-participantii-marii-uniri-de-la-1-decembrie-1918\\\/#primaryimage\"},\"thumbnailUrl\":\"https:\\\/\\\/urbeamea.ro\\\/albaiulia\\\/wp-content\\\/uploads\\\/2025\\\/11\\\/1000054879.jpg\",\"keywords\":[\"Patria recunosc\u0103toare\"],\"articleSection\":[\"Cultur\u0103\",\"Evenimente\",\"Istorie\",\"Social\",\"\u015etiri Urbane\",\"Urbea Mea\"],\"inLanguage\":\"ro-RO\",\"potentialAction\":[{\"@type\":\"CommentAction\",\"name\":\"Comment\",\"target\":[\"https:\\\/\\\/urbeamea.ro\\\/albaiulia\\\/joi-patria-recunoscatoare-clopotele-bisericilor-din-alba-vor-rasuna-din-nou-in-semn-de-omagiu-pentru-participantii-marii-uniri-de-la-1-decembrie-1918\\\/#respond\"]}]},{\"@type\":\"WebPage\",\"@id\":\"https:\\\/\\\/urbeamea.ro\\\/albaiulia\\\/joi-patria-recunoscatoare-clopotele-bisericilor-din-alba-vor-rasuna-din-nou-in-semn-de-omagiu-pentru-participantii-marii-uniri-de-la-1-decembrie-1918\\\/\",\"url\":\"https:\\\/\\\/urbeamea.ro\\\/albaiulia\\\/joi-patria-recunoscatoare-clopotele-bisericilor-din-alba-vor-rasuna-din-nou-in-semn-de-omagiu-pentru-participantii-marii-uniri-de-la-1-decembrie-1918\\\/\",\"name\":\"Joi: \\\"Patria recunosc\u0103toare\\\". Clopotele bisericilor din Alba, vor r\u0103suna, din nou, \u00een semn de omagiu, pentru participan\u021bii Marii Uniri de la 1 Decembrie 1918 - Revista Urbea Mea - Revista de Alba\",\"isPartOf\":{\"@id\":\"https:\\\/\\\/urbeamea.ro\\\/albaiulia\\\/#website\"},\"primaryImageOfPage\":{\"@id\":\"https:\\\/\\\/urbeamea.ro\\\/albaiulia\\\/joi-patria-recunoscatoare-clopotele-bisericilor-din-alba-vor-rasuna-din-nou-in-semn-de-omagiu-pentru-participantii-marii-uniri-de-la-1-decembrie-1918\\\/#primaryimage\"},\"image\":{\"@id\":\"https:\\\/\\\/urbeamea.ro\\\/albaiulia\\\/joi-patria-recunoscatoare-clopotele-bisericilor-din-alba-vor-rasuna-din-nou-in-semn-de-omagiu-pentru-participantii-marii-uniri-de-la-1-decembrie-1918\\\/#primaryimage\"},\"thumbnailUrl\":\"https:\\\/\\\/urbeamea.ro\\\/albaiulia\\\/wp-content\\\/uploads\\\/2025\\\/11\\\/1000054879.jpg\",\"datePublished\":\"2025-11-19T09:35:03+00:00\",\"dateModified\":\"2025-11-19T09:35:04+00:00\",\"author\":{\"@id\":\"https:\\\/\\\/urbeamea.ro\\\/albaiulia\\\/#\\\/schema\\\/person\\\/5db3854ac38c1cc9f0ab4092d6a20f02\"},\"description\":\"\u00cen tot jude\u021bul Alba, la 107 ani de la \u00eenf\u0103ptuirea Rom\u00e2niei Mari, clopotele Bisericilor vor r\u0103suna, din nou, \u00een semn de omagiu pentru cei care ne-au\",\"breadcrumb\":{\"@id\":\"https:\\\/\\\/urbeamea.ro\\\/albaiulia\\\/joi-patria-recunoscatoare-clopotele-bisericilor-din-alba-vor-rasuna-din-nou-in-semn-de-omagiu-pentru-participantii-marii-uniri-de-la-1-decembrie-1918\\\/#breadcrumb\"},\"inLanguage\":\"ro-RO\",\"potentialAction\":[{\"@type\":\"ReadAction\",\"target\":[\"https:\\\/\\\/urbeamea.ro\\\/albaiulia\\\/joi-patria-recunoscatoare-clopotele-bisericilor-din-alba-vor-rasuna-din-nou-in-semn-de-omagiu-pentru-participantii-marii-uniri-de-la-1-decembrie-1918\\\/\"]}]},{\"@type\":\"ImageObject\",\"inLanguage\":\"ro-RO\",\"@id\":\"https:\\\/\\\/urbeamea.ro\\\/albaiulia\\\/joi-patria-recunoscatoare-clopotele-bisericilor-din-alba-vor-rasuna-din-nou-in-semn-de-omagiu-pentru-participantii-marii-uniri-de-la-1-decembrie-1918\\\/#primaryimage\",\"url\":\"https:\\\/\\\/urbeamea.ro\\\/albaiulia\\\/wp-content\\\/uploads\\\/2025\\\/11\\\/1000054879.jpg\",\"contentUrl\":\"https:\\\/\\\/urbeamea.ro\\\/albaiulia\\\/wp-content\\\/uploads\\\/2025\\\/11\\\/1000054879.jpg\",\"width\":1536,\"height\":2048},{\"@type\":\"BreadcrumbList\",\"@id\":\"https:\\\/\\\/urbeamea.ro\\\/albaiulia\\\/joi-patria-recunoscatoare-clopotele-bisericilor-din-alba-vor-rasuna-din-nou-in-semn-de-omagiu-pentru-participantii-marii-uniri-de-la-1-decembrie-1918\\\/#breadcrumb\",\"itemListElement\":[{\"@type\":\"ListItem\",\"position\":1,\"name\":\"Prima pagin\u0103\",\"item\":\"https:\\\/\\\/urbeamea.ro\\\/albaiulia\\\/\"},{\"@type\":\"ListItem\",\"position\":2,\"name\":\"Joi: &#8222;Patria recunosc\u0103toare&#8221;. Clopotele bisericilor din Alba, vor r\u0103suna, din nou, \u00een semn de omagiu, pentru participan\u021bii Marii Uniri de la 1 Decembrie 1918\"}]},{\"@type\":\"WebSite\",\"@id\":\"https:\\\/\\\/urbeamea.ro\\\/albaiulia\\\/#website\",\"url\":\"https:\\\/\\\/urbeamea.ro\\\/albaiulia\\\/\",\"name\":\"Revista Urbea Mea, Stiri urbane\",\"description\":\"Evenimente \u0219i \u0219tiri din Alba Iulia, Sebe\u0219, Aiud, Blaj\",\"potentialAction\":[{\"@type\":\"SearchAction\",\"target\":{\"@type\":\"EntryPoint\",\"urlTemplate\":\"https:\\\/\\\/urbeamea.ro\\\/albaiulia\\\/?s={search_term_string}\"},\"query-input\":{\"@type\":\"PropertyValueSpecification\",\"valueRequired\":true,\"valueName\":\"search_term_string\"}}],\"inLanguage\":\"ro-RO\"},{\"@type\":\"Person\",\"@id\":\"https:\\\/\\\/urbeamea.ro\\\/albaiulia\\\/#\\\/schema\\\/person\\\/5db3854ac38c1cc9f0ab4092d6a20f02\",\"name\":\"Giurca Sorin\",\"image\":{\"@type\":\"ImageObject\",\"inLanguage\":\"ro-RO\",\"@id\":\"https:\\\/\\\/secure.gravatar.com\\\/avatar\\\/120f6fcae7b3b47a7730cb9943f612f4909f68ac5284b5f40ac1c4615fd70576?s=96&d=mm&r=g\",\"url\":\"https:\\\/\\\/secure.gravatar.com\\\/avatar\\\/120f6fcae7b3b47a7730cb9943f612f4909f68ac5284b5f40ac1c4615fd70576?s=96&d=mm&r=g\",\"contentUrl\":\"https:\\\/\\\/secure.gravatar.com\\\/avatar\\\/120f6fcae7b3b47a7730cb9943f612f4909f68ac5284b5f40ac1c4615fd70576?s=96&d=mm&r=g\",\"caption\":\"Giurca Sorin\"},\"url\":\"https:\\\/\\\/urbeamea.ro\\\/albaiulia\\\/author\\\/sorin\\\/\"}]}<\/script>\n<!-- \/ Yoast SEO plugin. -->","yoast_head_json":{"title":"Joi: \"Patria recunosc\u0103toare\". Clopotele bisericilor din Alba, vor r\u0103suna, din nou, \u00een semn de omagiu, pentru participan\u021bii Marii Uniri de la 1 Decembrie 1918 - Revista Urbea Mea - Revista de Alba","description":"\u00cen tot jude\u021bul Alba, la 107 ani de la \u00eenf\u0103ptuirea Rom\u00e2niei Mari, clopotele Bisericilor vor r\u0103suna, din nou, \u00een semn de omagiu pentru cei care ne-au","robots":{"index":"index","follow":"follow","max-snippet":"max-snippet:-1","max-image-preview":"max-image-preview:large","max-video-preview":"max-video-preview:-1"},"canonical":"https:\/\/urbeamea.ro\/albaiulia\/joi-patria-recunoscatoare-clopotele-bisericilor-din-alba-vor-rasuna-din-nou-in-semn-de-omagiu-pentru-participantii-marii-uniri-de-la-1-decembrie-1918\/","twitter_card":"summary_large_image","twitter_title":"Joi: \"Patria recunosc\u0103toare\". Clopotele bisericilor din Alba, vor r\u0103suna, din nou, \u00een semn de omagiu, pentru participan\u021bii Marii Uniri de la 1 Decembrie 1918 - Revista Urbea Mea - Revista de Alba","twitter_description":"\u00cen tot jude\u021bul Alba, la 107 ani de la \u00eenf\u0103ptuirea Rom\u00e2niei Mari, clopotele Bisericilor vor r\u0103suna, din nou, \u00een semn de omagiu pentru cei care ne-au","twitter_image":"https:\/\/urbeamea.ro\/albaiulia\/wp-content\/uploads\/2025\/11\/1000054879.jpg","twitter_creator":"@urbeameaweb","twitter_site":"@urbeameaweb","schema":{"@context":"https:\/\/schema.org","@graph":[{"@type":"Article","@id":"https:\/\/urbeamea.ro\/albaiulia\/joi-patria-recunoscatoare-clopotele-bisericilor-din-alba-vor-rasuna-din-nou-in-semn-de-omagiu-pentru-participantii-marii-uniri-de-la-1-decembrie-1918\/#article","isPartOf":{"@id":"https:\/\/urbeamea.ro\/albaiulia\/joi-patria-recunoscatoare-clopotele-bisericilor-din-alba-vor-rasuna-din-nou-in-semn-de-omagiu-pentru-participantii-marii-uniri-de-la-1-decembrie-1918\/"},"author":{"name":"Giurca Sorin","@id":"https:\/\/urbeamea.ro\/albaiulia\/#\/schema\/person\/5db3854ac38c1cc9f0ab4092d6a20f02"},"headline":"Joi: &#8222;Patria recunosc\u0103toare&#8221;. Clopotele bisericilor din Alba, vor r\u0103suna, din nou, \u00een semn de omagiu, pentru participan\u021bii Marii Uniri de la 1 Decembrie 1918","datePublished":"2025-11-19T09:35:03+00:00","dateModified":"2025-11-19T09:35:04+00:00","mainEntityOfPage":{"@id":"https:\/\/urbeamea.ro\/albaiulia\/joi-patria-recunoscatoare-clopotele-bisericilor-din-alba-vor-rasuna-din-nou-in-semn-de-omagiu-pentru-participantii-marii-uniri-de-la-1-decembrie-1918\/"},"wordCount":199,"commentCount":0,"image":{"@id":"https:\/\/urbeamea.ro\/albaiulia\/joi-patria-recunoscatoare-clopotele-bisericilor-din-alba-vor-rasuna-din-nou-in-semn-de-omagiu-pentru-participantii-marii-uniri-de-la-1-decembrie-1918\/#primaryimage"},"thumbnailUrl":"https:\/\/urbeamea.ro\/albaiulia\/wp-content\/uploads\/2025\/11\/1000054879.jpg","keywords":["Patria recunosc\u0103toare"],"articleSection":["Cultur\u0103","Evenimente","Istorie","Social","\u015etiri Urbane","Urbea Mea"],"inLanguage":"ro-RO","potentialAction":[{"@type":"CommentAction","name":"Comment","target":["https:\/\/urbeamea.ro\/albaiulia\/joi-patria-recunoscatoare-clopotele-bisericilor-din-alba-vor-rasuna-din-nou-in-semn-de-omagiu-pentru-participantii-marii-uniri-de-la-1-decembrie-1918\/#respond"]}]},{"@type":"WebPage","@id":"https:\/\/urbeamea.ro\/albaiulia\/joi-patria-recunoscatoare-clopotele-bisericilor-din-alba-vor-rasuna-din-nou-in-semn-de-omagiu-pentru-participantii-marii-uniri-de-la-1-decembrie-1918\/","url":"https:\/\/urbeamea.ro\/albaiulia\/joi-patria-recunoscatoare-clopotele-bisericilor-din-alba-vor-rasuna-din-nou-in-semn-de-omagiu-pentru-participantii-marii-uniri-de-la-1-decembrie-1918\/","name":"Joi: \"Patria recunosc\u0103toare\". Clopotele bisericilor din Alba, vor r\u0103suna, din nou, \u00een semn de omagiu, pentru participan\u021bii Marii Uniri de la 1 Decembrie 1918 - Revista Urbea Mea - Revista de Alba","isPartOf":{"@id":"https:\/\/urbeamea.ro\/albaiulia\/#website"},"primaryImageOfPage":{"@id":"https:\/\/urbeamea.ro\/albaiulia\/joi-patria-recunoscatoare-clopotele-bisericilor-din-alba-vor-rasuna-din-nou-in-semn-de-omagiu-pentru-participantii-marii-uniri-de-la-1-decembrie-1918\/#primaryimage"},"image":{"@id":"https:\/\/urbeamea.ro\/albaiulia\/joi-patria-recunoscatoare-clopotele-bisericilor-din-alba-vor-rasuna-din-nou-in-semn-de-omagiu-pentru-participantii-marii-uniri-de-la-1-decembrie-1918\/#primaryimage"},"thumbnailUrl":"https:\/\/urbeamea.ro\/albaiulia\/wp-content\/uploads\/2025\/11\/1000054879.jpg","datePublished":"2025-11-19T09:35:03+00:00","dateModified":"2025-11-19T09:35:04+00:00","author":{"@id":"https:\/\/urbeamea.ro\/albaiulia\/#\/schema\/person\/5db3854ac38c1cc9f0ab4092d6a20f02"},"description":"\u00cen tot jude\u021bul Alba, la 107 ani de la \u00eenf\u0103ptuirea Rom\u00e2niei Mari, clopotele Bisericilor vor r\u0103suna, din nou, \u00een semn de omagiu pentru cei care ne-au","breadcrumb":{"@id":"https:\/\/urbeamea.ro\/albaiulia\/joi-patria-recunoscatoare-clopotele-bisericilor-din-alba-vor-rasuna-din-nou-in-semn-de-omagiu-pentru-participantii-marii-uniri-de-la-1-decembrie-1918\/#breadcrumb"},"inLanguage":"ro-RO","potentialAction":[{"@type":"ReadAction","target":["https:\/\/urbeamea.ro\/albaiulia\/joi-patria-recunoscatoare-clopotele-bisericilor-din-alba-vor-rasuna-din-nou-in-semn-de-omagiu-pentru-participantii-marii-uniri-de-la-1-decembrie-1918\/"]}]},{"@type":"ImageObject","inLanguage":"ro-RO","@id":"https:\/\/urbeamea.ro\/albaiulia\/joi-patria-recunoscatoare-clopotele-bisericilor-din-alba-vor-rasuna-din-nou-in-semn-de-omagiu-pentru-participantii-marii-uniri-de-la-1-decembrie-1918\/#primaryimage","url":"https:\/\/urbeamea.ro\/albaiulia\/wp-content\/uploads\/2025\/11\/1000054879.jpg","contentUrl":"https:\/\/urbeamea.ro\/albaiulia\/wp-content\/uploads\/2025\/11\/1000054879.jpg","width":1536,"height":2048},{"@type":"BreadcrumbList","@id":"https:\/\/urbeamea.ro\/albaiulia\/joi-patria-recunoscatoare-clopotele-bisericilor-din-alba-vor-rasuna-din-nou-in-semn-de-omagiu-pentru-participantii-marii-uniri-de-la-1-decembrie-1918\/#breadcrumb","itemListElement":[{"@type":"ListItem","position":1,"name":"Prima pagin\u0103","item":"https:\/\/urbeamea.ro\/albaiulia\/"},{"@type":"ListItem","position":2,"name":"Joi: &#8222;Patria recunosc\u0103toare&#8221;. Clopotele bisericilor din Alba, vor r\u0103suna, din nou, \u00een semn de omagiu, pentru participan\u021bii Marii Uniri de la 1 Decembrie 1918"}]},{"@type":"WebSite","@id":"https:\/\/urbeamea.ro\/albaiulia\/#website","url":"https:\/\/urbeamea.ro\/albaiulia\/","name":"Revista Urbea Mea, Stiri urbane","description":"Evenimente \u0219i \u0219tiri din Alba Iulia, Sebe\u0219, Aiud, Blaj","potentialAction":[{"@type":"SearchAction","target":{"@type":"EntryPoint","urlTemplate":"https:\/\/urbeamea.ro\/albaiulia\/?s={search_term_string}"},"query-input":{"@type":"PropertyValueSpecification","valueRequired":true,"valueName":"search_term_string"}}],"inLanguage":"ro-RO"},{"@type":"Person","@id":"https:\/\/urbeamea.ro\/albaiulia\/#\/schema\/person\/5db3854ac38c1cc9f0ab4092d6a20f02","name":"Giurca Sorin","image":{"@type":"ImageObject","inLanguage":"ro-RO","@id":"https:\/\/secure.gravatar.com\/avatar\/120f6fcae7b3b47a7730cb9943f612f4909f68ac5284b5f40ac1c4615fd70576?s=96&d=mm&r=g","url":"https:\/\/secure.gravatar.com\/avatar\/120f6fcae7b3b47a7730cb9943f612f4909f68ac5284b5f40ac1c4615fd70576?s=96&d=mm&r=g","contentUrl":"https:\/\/secure.gravatar.com\/avatar\/120f6fcae7b3b47a7730cb9943f612f4909f68ac5284b5f40ac1c4615fd70576?s=96&d=mm&r=g","caption":"Giurca Sorin"},"url":"https:\/\/urbeamea.ro\/albaiulia\/author\/sorin\/"}]}},"_links":{"self":[{"href":"https:\/\/urbeamea.ro\/albaiulia\/wp-json\/wp\/v2\/posts\/120481","targetHints":{"allow":["GET"]}}],"collection":[{"href":"https:\/\/urbeamea.ro\/albaiulia\/wp-json\/wp\/v2\/posts"}],"about":[{"href":"https:\/\/urbeamea.ro\/albaiulia\/wp-json\/wp\/v2\/types\/post"}],"author":[{"embeddable":true,"href":"https:\/\/urbeamea.ro\/albaiulia\/wp-json\/wp\/v2\/users\/28"}],"replies":[{"embeddable":true,"href":"https:\/\/urbeamea.ro\/albaiulia\/wp-json\/wp\/v2\/comments?post=120481"}],"version-history":[{"count":1,"href":"https:\/\/urbeamea.ro\/albaiulia\/wp-json\/wp\/v2\/posts\/120481\/revisions"}],"predecessor-version":[{"id":120486,"href":"https:\/\/urbeamea.ro\/albaiulia\/wp-json\/wp\/v2\/posts\/120481\/revisions\/120486"}],"wp:featuredmedia":[{"embeddable":true,"href":"https:\/\/urbeamea.ro\/albaiulia\/wp-json\/wp\/v2\/media\/120484"}],"wp:attachment":[{"href":"https:\/\/urbeamea.ro\/albaiulia\/wp-json\/wp\/v2\/media?parent=120481"}],"wp:term":[{"taxonomy":"category","embeddable":true,"href":"https:\/\/urbeamea.ro\/albaiulia\/wp-json\/wp\/v2\/categories?post=120481"},{"taxonomy":"post_tag","embeddable":true,"href":"https:\/\/urbeamea.ro\/albaiulia\/wp-json\/wp\/v2\/tags?post=120481"}],"curies":[{"name":"wp","href":"https:\/\/api.w.org\/{rel}","templated":true}]}}