{"id":120487,"date":"2025-11-19T13:12:31","date_gmt":"2025-11-19T11:12:31","guid":{"rendered":"https:\/\/urbeamea.ro\/albaiulia\/?p=120487"},"modified":"2025-11-19T13:12:32","modified_gmt":"2025-11-19T11:12:32","slug":"alexandru-sibisan-cs-unirea-alba-iulia-evolutie-buna-la-grand-prix-ul-de-la-zagreb","status":"publish","type":"post","link":"https:\/\/urbeamea.ro\/albaiulia\/alexandru-sibisan-cs-unirea-alba-iulia-evolutie-buna-la-grand-prix-ul-de-la-zagreb\/","title":{"rendered":"Alexandru Sibi\u0219an (CS Unirea Alba Iulia), evolu\u021bie bun\u0103 la Grand Prix-ul de la Zagreb"},"content":{"rendered":"\n<p> <strong>Judoka CS Unirea Alba Iulia, Alexandru Sibi\u0219an, a \u00eenregistrat o evolu\u021bie foarte bun\u0103 la Grand Prix-ul de la Zagreb, Croa\u021bia, competi\u021bie interna\u021bional\u0103 de \u00eenalt nivel desf\u0103\u0219urat\u0103 \u00een perioada 14\u201316 noiembrie 2025, la care au participat 370 de sportivi din 48 de \u021b\u0103ri.<\/strong><\/p>\n\n\n\n<p>Alexandru Sibi\u0219an s-a clasat pe locul 5, dup\u0103 ce a ob\u021binut dou\u0103 victorii importante \u00een fa\u021ba unor adversari din Cipru \u0219i Azerbaijan.<\/p>\n\n\n\n<p> A fost oprit \u00een drumul spre semifinale de un sportiv din Ucraina, \u00eens\u0103 a revenit \u00een for\u021b\u0103 \u0219i a c\u00e2\u0219tigat meciul cu un judoka din Kosovo.<\/p>\n\n\n\n<p> \u00cen disputa pentru medalia de bronz, sportivul CS Unirea Alba Iulia a cedat \u00een fa\u021ba unui reprezentant al Poloniei.<\/p>\n\n\n\n<p>Sibi\u0219an a concurat la categoria de greutate 100 de kilograme, seniori. \u00cen prezent, el se preg\u0103te\u0219te la lotul na\u021bional de tineret de la Oradea. <\/p>\n\n\n\n<p>El e legitimat la CS Unirea Alba Iulia, fiind unul dintre sportivii crescu\u0219i \u0219i forma\u021bi \u00een cadrul clubului nostru. <\/p>\n\n\n\n<p>Judoka CS Unirea Alba Iulia sunt preg\u0103ti\u021bi de profesorii Dinu Alin \u0219i Dinu Cristian.<\/p>\n\n\n\n<p>Rezultatul de la Zagreb completeaz\u0103 un an excelent pentru Alexandru, care a adunat performan\u021be excelente: aur la Campionatul Na\u021bional Ne Waza U23, bronz la Cupa European\u0103 de Seniori (Malaga), aur la Turneul Interna\u021bional \u201eMemorialul Aurel C\u00eempeanu\u201d, bronz la Campionatul Mondial Universitar, aur la Cupa Rom\u00e2niei Individual Seniori \u0219i aur la Campionatul Na\u021bional Ne Waza Seniori.<\/p>\n\n\n\n<p>CS Unirea Alba Iulia \u00eei felicit\u0103 pe sportiv \u0219i pe antrenori pentru aceste rezultate deosebite \u0219i le ureaz\u0103 mult succes \u00een competi\u021biile viitoare.<\/p>\n\n\n\n<figure class=\"wp-block-gallery has-nested-images columns-default is-cropped wp-block-gallery-1 is-layout-flex wp-block-gallery-is-layout-flex\">\n<figure class=\"wp-block-image size-large\"><img loading=\"lazy\" decoding=\"async\" width=\"1280\" height=\"949\" data-id=\"120488\" src=\"https:\/\/urbeamea.ro\/albaiulia\/wp-content\/uploads\/2025\/11\/1000054891-1280x949.jpg\" alt=\"\" class=\"wp-image-120488\" srcset=\"https:\/\/urbeamea.ro\/albaiulia\/wp-content\/uploads\/2025\/11\/1000054891-1280x949.jpg 1280w, https:\/\/urbeamea.ro\/albaiulia\/wp-content\/uploads\/2025\/11\/1000054891-640x475.jpg 640w, https:\/\/urbeamea.ro\/albaiulia\/wp-content\/uploads\/2025\/11\/1000054891-150x111.jpg 150w, https:\/\/urbeamea.ro\/albaiulia\/wp-content\/uploads\/2025\/11\/1000054891-768x570.jpg 768w, https:\/\/urbeamea.ro\/albaiulia\/wp-content\/uploads\/2025\/11\/1000054891.jpg 1456w\" sizes=\"auto, (max-width: 1280px) 100vw, 1280px\" \/><\/figure>\n\n\n\n<figure class=\"wp-block-image size-large\"><img loading=\"lazy\" decoding=\"async\" width=\"1280\" height=\"976\" data-id=\"120489\" src=\"https:\/\/urbeamea.ro\/albaiulia\/wp-content\/uploads\/2025\/11\/1000054892-1280x976.jpg\" alt=\"\" class=\"wp-image-120489\" srcset=\"https:\/\/urbeamea.ro\/albaiulia\/wp-content\/uploads\/2025\/11\/1000054892-1280x976.jpg 1280w, https:\/\/urbeamea.ro\/albaiulia\/wp-content\/uploads\/2025\/11\/1000054892-640x488.jpg 640w, https:\/\/urbeamea.ro\/albaiulia\/wp-content\/uploads\/2025\/11\/1000054892-150x114.jpg 150w, https:\/\/urbeamea.ro\/albaiulia\/wp-content\/uploads\/2025\/11\/1000054892-768x585.jpg 768w, https:\/\/urbeamea.ro\/albaiulia\/wp-content\/uploads\/2025\/11\/1000054892.jpg 1417w\" sizes=\"auto, (max-width: 1280px) 100vw, 1280px\" \/><\/figure>\n\n\n\n<figure class=\"wp-block-image size-large\"><img loading=\"lazy\" decoding=\"async\" width=\"1280\" height=\"854\" data-id=\"120490\" src=\"https:\/\/urbeamea.ro\/albaiulia\/wp-content\/uploads\/2025\/11\/1000054893-1280x854.jpg\" alt=\"\" class=\"wp-image-120490\" srcset=\"https:\/\/urbeamea.ro\/albaiulia\/wp-content\/uploads\/2025\/11\/1000054893-1280x854.jpg 1280w, https:\/\/urbeamea.ro\/albaiulia\/wp-content\/uploads\/2025\/11\/1000054893-640x427.jpg 640w, https:\/\/urbeamea.ro\/albaiulia\/wp-content\/uploads\/2025\/11\/1000054893-150x100.jpg 150w, https:\/\/urbeamea.ro\/albaiulia\/wp-content\/uploads\/2025\/11\/1000054893-768x512.jpg 768w, https:\/\/urbeamea.ro\/albaiulia\/wp-content\/uploads\/2025\/11\/1000054893-1536x1025.jpg 1536w, https:\/\/urbeamea.ro\/albaiulia\/wp-content\/uploads\/2025\/11\/1000054893.jpg 2048w\" sizes=\"auto, (max-width: 1280px) 100vw, 1280px\" \/><\/figure>\n<\/figure>\n","protected":false},"excerpt":{"rendered":"<p>Judoka CS Unirea Alba Iulia, Alexandru Sibi\u0219an, a \u00eenregistrat o evolu\u021bie foarte bun\u0103 la Grand Prix-ul de la Zagreb, Croa\u021bia, competi\u021bie interna\u021bional\u0103 de \u00eenalt nivel desf\u0103\u0219urat\u0103 \u00een perioada 14\u201316 noiembrie 2025, la care au participat 370 de sportivi din 48 de \u021b\u0103ri. Alexandru Sibi\u0219an s-a clasat pe locul 5, dup\u0103 ce a ob\u021binut dou\u0103 victorii &hellip;<\/p>\n","protected":false},"author":28,"featured_media":120488,"comment_status":"open","ping_status":"open","sticky":false,"template":"","format":"standard","meta":{"inline_featured_image":false,"footnotes":""},"categories":[2037],"tags":[25438,5050],"class_list":["post-120487","post","type-post","status-publish","format-standard","has-post-thumbnail","hentry","category-sport","tag-alexandru-sibisan-2","tag-cs-unirea-alba-iulia"],"yoast_head":"<!-- This site is optimized with the Yoast SEO plugin v27.4 - https:\/\/yoast.com\/product\/yoast-seo-wordpress\/ -->\n<title>Alexandru Sibi\u0219an (CS Unirea Alba Iulia), evolu\u021bie bun\u0103 la Grand Prix-ul de la Zagreb - Revista Urbea Mea - Revista de Alba<\/title>\n<meta name=\"description\" content=\"Judoka CS Unirea Alba Iulia, Alexandru Sibi\u0219an, a \u00eenregistrat o evolu\u021bie foarte bun\u0103 la Grand Prix-ul de la Zagreb, Croa\u021bia, competi\u021bie interna\u021bional\u0103 de\" \/>\n<meta name=\"robots\" content=\"index, follow, max-snippet:-1, max-image-preview:large, max-video-preview:-1\" \/>\n<link rel=\"canonical\" href=\"https:\/\/urbeamea.ro\/albaiulia\/alexandru-sibisan-cs-unirea-alba-iulia-evolutie-buna-la-grand-prix-ul-de-la-zagreb\/\" \/>\n<meta name=\"twitter:card\" content=\"summary_large_image\" \/>\n<meta name=\"twitter:title\" content=\"Alexandru Sibi\u0219an (CS Unirea Alba Iulia), evolu\u021bie bun\u0103 la Grand Prix-ul de la Zagreb - Revista Urbea Mea - Revista de Alba\" \/>\n<meta name=\"twitter:description\" content=\"Judoka CS Unirea Alba Iulia, Alexandru Sibi\u0219an, a \u00eenregistrat o evolu\u021bie foarte bun\u0103 la Grand Prix-ul de la Zagreb, Croa\u021bia, competi\u021bie interna\u021bional\u0103 de\" \/>\n<meta name=\"twitter:image\" content=\"https:\/\/urbeamea.ro\/albaiulia\/wp-content\/uploads\/2025\/11\/1000054891.jpg\" \/>\n<meta name=\"twitter:creator\" content=\"@urbeameaweb\" \/>\n<meta name=\"twitter:site\" content=\"@urbeameaweb\" \/>\n<script type=\"application\/ld+json\" class=\"yoast-schema-graph\">{\"@context\":\"https:\\\/\\\/schema.org\",\"@graph\":[{\"@type\":\"Article\",\"@id\":\"https:\\\/\\\/urbeamea.ro\\\/albaiulia\\\/alexandru-sibisan-cs-unirea-alba-iulia-evolutie-buna-la-grand-prix-ul-de-la-zagreb\\\/#article\",\"isPartOf\":{\"@id\":\"https:\\\/\\\/urbeamea.ro\\\/albaiulia\\\/alexandru-sibisan-cs-unirea-alba-iulia-evolutie-buna-la-grand-prix-ul-de-la-zagreb\\\/\"},\"author\":{\"name\":\"Giurca Sorin\",\"@id\":\"https:\\\/\\\/urbeamea.ro\\\/albaiulia\\\/#\\\/schema\\\/person\\\/5db3854ac38c1cc9f0ab4092d6a20f02\"},\"headline\":\"Alexandru Sibi\u0219an (CS Unirea Alba Iulia), evolu\u021bie bun\u0103 la Grand Prix-ul de la Zagreb\",\"datePublished\":\"2025-11-19T11:12:31+00:00\",\"dateModified\":\"2025-11-19T11:12:32+00:00\",\"mainEntityOfPage\":{\"@id\":\"https:\\\/\\\/urbeamea.ro\\\/albaiulia\\\/alexandru-sibisan-cs-unirea-alba-iulia-evolutie-buna-la-grand-prix-ul-de-la-zagreb\\\/\"},\"wordCount\":280,\"commentCount\":0,\"image\":{\"@id\":\"https:\\\/\\\/urbeamea.ro\\\/albaiulia\\\/alexandru-sibisan-cs-unirea-alba-iulia-evolutie-buna-la-grand-prix-ul-de-la-zagreb\\\/#primaryimage\"},\"thumbnailUrl\":\"https:\\\/\\\/urbeamea.ro\\\/albaiulia\\\/wp-content\\\/uploads\\\/2025\\\/11\\\/1000054891.jpg\",\"keywords\":[\"Alexandru Sibi\u0219an\",\"CS Unirea Alba IULIA\"],\"articleSection\":[\"Sport\"],\"inLanguage\":\"ro-RO\",\"potentialAction\":[{\"@type\":\"CommentAction\",\"name\":\"Comment\",\"target\":[\"https:\\\/\\\/urbeamea.ro\\\/albaiulia\\\/alexandru-sibisan-cs-unirea-alba-iulia-evolutie-buna-la-grand-prix-ul-de-la-zagreb\\\/#respond\"]}]},{\"@type\":\"WebPage\",\"@id\":\"https:\\\/\\\/urbeamea.ro\\\/albaiulia\\\/alexandru-sibisan-cs-unirea-alba-iulia-evolutie-buna-la-grand-prix-ul-de-la-zagreb\\\/\",\"url\":\"https:\\\/\\\/urbeamea.ro\\\/albaiulia\\\/alexandru-sibisan-cs-unirea-alba-iulia-evolutie-buna-la-grand-prix-ul-de-la-zagreb\\\/\",\"name\":\"Alexandru Sibi\u0219an (CS Unirea Alba Iulia), evolu\u021bie bun\u0103 la Grand Prix-ul de la Zagreb - Revista Urbea Mea - Revista de Alba\",\"isPartOf\":{\"@id\":\"https:\\\/\\\/urbeamea.ro\\\/albaiulia\\\/#website\"},\"primaryImageOfPage\":{\"@id\":\"https:\\\/\\\/urbeamea.ro\\\/albaiulia\\\/alexandru-sibisan-cs-unirea-alba-iulia-evolutie-buna-la-grand-prix-ul-de-la-zagreb\\\/#primaryimage\"},\"image\":{\"@id\":\"https:\\\/\\\/urbeamea.ro\\\/albaiulia\\\/alexandru-sibisan-cs-unirea-alba-iulia-evolutie-buna-la-grand-prix-ul-de-la-zagreb\\\/#primaryimage\"},\"thumbnailUrl\":\"https:\\\/\\\/urbeamea.ro\\\/albaiulia\\\/wp-content\\\/uploads\\\/2025\\\/11\\\/1000054891.jpg\",\"datePublished\":\"2025-11-19T11:12:31+00:00\",\"dateModified\":\"2025-11-19T11:12:32+00:00\",\"author\":{\"@id\":\"https:\\\/\\\/urbeamea.ro\\\/albaiulia\\\/#\\\/schema\\\/person\\\/5db3854ac38c1cc9f0ab4092d6a20f02\"},\"description\":\"Judoka CS Unirea Alba Iulia, Alexandru Sibi\u0219an, a \u00eenregistrat o evolu\u021bie foarte bun\u0103 la Grand Prix-ul de la Zagreb, Croa\u021bia, competi\u021bie interna\u021bional\u0103 de\",\"breadcrumb\":{\"@id\":\"https:\\\/\\\/urbeamea.ro\\\/albaiulia\\\/alexandru-sibisan-cs-unirea-alba-iulia-evolutie-buna-la-grand-prix-ul-de-la-zagreb\\\/#breadcrumb\"},\"inLanguage\":\"ro-RO\",\"potentialAction\":[{\"@type\":\"ReadAction\",\"target\":[\"https:\\\/\\\/urbeamea.ro\\\/albaiulia\\\/alexandru-sibisan-cs-unirea-alba-iulia-evolutie-buna-la-grand-prix-ul-de-la-zagreb\\\/\"]}]},{\"@type\":\"ImageObject\",\"inLanguage\":\"ro-RO\",\"@id\":\"https:\\\/\\\/urbeamea.ro\\\/albaiulia\\\/alexandru-sibisan-cs-unirea-alba-iulia-evolutie-buna-la-grand-prix-ul-de-la-zagreb\\\/#primaryimage\",\"url\":\"https:\\\/\\\/urbeamea.ro\\\/albaiulia\\\/wp-content\\\/uploads\\\/2025\\\/11\\\/1000054891.jpg\",\"contentUrl\":\"https:\\\/\\\/urbeamea.ro\\\/albaiulia\\\/wp-content\\\/uploads\\\/2025\\\/11\\\/1000054891.jpg\",\"width\":1456,\"height\":1080},{\"@type\":\"BreadcrumbList\",\"@id\":\"https:\\\/\\\/urbeamea.ro\\\/albaiulia\\\/alexandru-sibisan-cs-unirea-alba-iulia-evolutie-buna-la-grand-prix-ul-de-la-zagreb\\\/#breadcrumb\",\"itemListElement\":[{\"@type\":\"ListItem\",\"position\":1,\"name\":\"Prima pagin\u0103\",\"item\":\"https:\\\/\\\/urbeamea.ro\\\/albaiulia\\\/\"},{\"@type\":\"ListItem\",\"position\":2,\"name\":\"Alexandru Sibi\u0219an (CS Unirea Alba Iulia), evolu\u021bie bun\u0103 la Grand Prix-ul de la Zagreb\"}]},{\"@type\":\"WebSite\",\"@id\":\"https:\\\/\\\/urbeamea.ro\\\/albaiulia\\\/#website\",\"url\":\"https:\\\/\\\/urbeamea.ro\\\/albaiulia\\\/\",\"name\":\"Revista Urbea Mea, Stiri urbane\",\"description\":\"Evenimente \u0219i \u0219tiri din Alba Iulia, Sebe\u0219, Aiud, Blaj\",\"potentialAction\":[{\"@type\":\"SearchAction\",\"target\":{\"@type\":\"EntryPoint\",\"urlTemplate\":\"https:\\\/\\\/urbeamea.ro\\\/albaiulia\\\/?s={search_term_string}\"},\"query-input\":{\"@type\":\"PropertyValueSpecification\",\"valueRequired\":true,\"valueName\":\"search_term_string\"}}],\"inLanguage\":\"ro-RO\"},{\"@type\":\"Person\",\"@id\":\"https:\\\/\\\/urbeamea.ro\\\/albaiulia\\\/#\\\/schema\\\/person\\\/5db3854ac38c1cc9f0ab4092d6a20f02\",\"name\":\"Giurca Sorin\",\"image\":{\"@type\":\"ImageObject\",\"inLanguage\":\"ro-RO\",\"@id\":\"https:\\\/\\\/secure.gravatar.com\\\/avatar\\\/120f6fcae7b3b47a7730cb9943f612f4909f68ac5284b5f40ac1c4615fd70576?s=96&d=mm&r=g\",\"url\":\"https:\\\/\\\/secure.gravatar.com\\\/avatar\\\/120f6fcae7b3b47a7730cb9943f612f4909f68ac5284b5f40ac1c4615fd70576?s=96&d=mm&r=g\",\"contentUrl\":\"https:\\\/\\\/secure.gravatar.com\\\/avatar\\\/120f6fcae7b3b47a7730cb9943f612f4909f68ac5284b5f40ac1c4615fd70576?s=96&d=mm&r=g\",\"caption\":\"Giurca Sorin\"},\"url\":\"https:\\\/\\\/urbeamea.ro\\\/albaiulia\\\/author\\\/sorin\\\/\"}]}<\/script>\n<!-- \/ Yoast SEO plugin. -->","yoast_head_json":{"title":"Alexandru Sibi\u0219an (CS Unirea Alba Iulia), evolu\u021bie bun\u0103 la Grand Prix-ul de la Zagreb - Revista Urbea Mea - Revista de Alba","description":"Judoka CS Unirea Alba Iulia, Alexandru Sibi\u0219an, a \u00eenregistrat o evolu\u021bie foarte bun\u0103 la Grand Prix-ul de la Zagreb, Croa\u021bia, competi\u021bie interna\u021bional\u0103 de","robots":{"index":"index","follow":"follow","max-snippet":"max-snippet:-1","max-image-preview":"max-image-preview:large","max-video-preview":"max-video-preview:-1"},"canonical":"https:\/\/urbeamea.ro\/albaiulia\/alexandru-sibisan-cs-unirea-alba-iulia-evolutie-buna-la-grand-prix-ul-de-la-zagreb\/","twitter_card":"summary_large_image","twitter_title":"Alexandru Sibi\u0219an (CS Unirea Alba Iulia), evolu\u021bie bun\u0103 la Grand Prix-ul de la Zagreb - Revista Urbea Mea - Revista de Alba","twitter_description":"Judoka CS Unirea Alba Iulia, Alexandru Sibi\u0219an, a \u00eenregistrat o evolu\u021bie foarte bun\u0103 la Grand Prix-ul de la Zagreb, Croa\u021bia, competi\u021bie interna\u021bional\u0103 de","twitter_image":"https:\/\/urbeamea.ro\/albaiulia\/wp-content\/uploads\/2025\/11\/1000054891.jpg","twitter_creator":"@urbeameaweb","twitter_site":"@urbeameaweb","schema":{"@context":"https:\/\/schema.org","@graph":[{"@type":"Article","@id":"https:\/\/urbeamea.ro\/albaiulia\/alexandru-sibisan-cs-unirea-alba-iulia-evolutie-buna-la-grand-prix-ul-de-la-zagreb\/#article","isPartOf":{"@id":"https:\/\/urbeamea.ro\/albaiulia\/alexandru-sibisan-cs-unirea-alba-iulia-evolutie-buna-la-grand-prix-ul-de-la-zagreb\/"},"author":{"name":"Giurca Sorin","@id":"https:\/\/urbeamea.ro\/albaiulia\/#\/schema\/person\/5db3854ac38c1cc9f0ab4092d6a20f02"},"headline":"Alexandru Sibi\u0219an (CS Unirea Alba Iulia), evolu\u021bie bun\u0103 la Grand Prix-ul de la Zagreb","datePublished":"2025-11-19T11:12:31+00:00","dateModified":"2025-11-19T11:12:32+00:00","mainEntityOfPage":{"@id":"https:\/\/urbeamea.ro\/albaiulia\/alexandru-sibisan-cs-unirea-alba-iulia-evolutie-buna-la-grand-prix-ul-de-la-zagreb\/"},"wordCount":280,"commentCount":0,"image":{"@id":"https:\/\/urbeamea.ro\/albaiulia\/alexandru-sibisan-cs-unirea-alba-iulia-evolutie-buna-la-grand-prix-ul-de-la-zagreb\/#primaryimage"},"thumbnailUrl":"https:\/\/urbeamea.ro\/albaiulia\/wp-content\/uploads\/2025\/11\/1000054891.jpg","keywords":["Alexandru Sibi\u0219an","CS Unirea Alba IULIA"],"articleSection":["Sport"],"inLanguage":"ro-RO","potentialAction":[{"@type":"CommentAction","name":"Comment","target":["https:\/\/urbeamea.ro\/albaiulia\/alexandru-sibisan-cs-unirea-alba-iulia-evolutie-buna-la-grand-prix-ul-de-la-zagreb\/#respond"]}]},{"@type":"WebPage","@id":"https:\/\/urbeamea.ro\/albaiulia\/alexandru-sibisan-cs-unirea-alba-iulia-evolutie-buna-la-grand-prix-ul-de-la-zagreb\/","url":"https:\/\/urbeamea.ro\/albaiulia\/alexandru-sibisan-cs-unirea-alba-iulia-evolutie-buna-la-grand-prix-ul-de-la-zagreb\/","name":"Alexandru Sibi\u0219an (CS Unirea Alba Iulia), evolu\u021bie bun\u0103 la Grand Prix-ul de la Zagreb - Revista Urbea Mea - Revista de Alba","isPartOf":{"@id":"https:\/\/urbeamea.ro\/albaiulia\/#website"},"primaryImageOfPage":{"@id":"https:\/\/urbeamea.ro\/albaiulia\/alexandru-sibisan-cs-unirea-alba-iulia-evolutie-buna-la-grand-prix-ul-de-la-zagreb\/#primaryimage"},"image":{"@id":"https:\/\/urbeamea.ro\/albaiulia\/alexandru-sibisan-cs-unirea-alba-iulia-evolutie-buna-la-grand-prix-ul-de-la-zagreb\/#primaryimage"},"thumbnailUrl":"https:\/\/urbeamea.ro\/albaiulia\/wp-content\/uploads\/2025\/11\/1000054891.jpg","datePublished":"2025-11-19T11:12:31+00:00","dateModified":"2025-11-19T11:12:32+00:00","author":{"@id":"https:\/\/urbeamea.ro\/albaiulia\/#\/schema\/person\/5db3854ac38c1cc9f0ab4092d6a20f02"},"description":"Judoka CS Unirea Alba Iulia, Alexandru Sibi\u0219an, a \u00eenregistrat o evolu\u021bie foarte bun\u0103 la Grand Prix-ul de la Zagreb, Croa\u021bia, competi\u021bie interna\u021bional\u0103 de","breadcrumb":{"@id":"https:\/\/urbeamea.ro\/albaiulia\/alexandru-sibisan-cs-unirea-alba-iulia-evolutie-buna-la-grand-prix-ul-de-la-zagreb\/#breadcrumb"},"inLanguage":"ro-RO","potentialAction":[{"@type":"ReadAction","target":["https:\/\/urbeamea.ro\/albaiulia\/alexandru-sibisan-cs-unirea-alba-iulia-evolutie-buna-la-grand-prix-ul-de-la-zagreb\/"]}]},{"@type":"ImageObject","inLanguage":"ro-RO","@id":"https:\/\/urbeamea.ro\/albaiulia\/alexandru-sibisan-cs-unirea-alba-iulia-evolutie-buna-la-grand-prix-ul-de-la-zagreb\/#primaryimage","url":"https:\/\/urbeamea.ro\/albaiulia\/wp-content\/uploads\/2025\/11\/1000054891.jpg","contentUrl":"https:\/\/urbeamea.ro\/albaiulia\/wp-content\/uploads\/2025\/11\/1000054891.jpg","width":1456,"height":1080},{"@type":"BreadcrumbList","@id":"https:\/\/urbeamea.ro\/albaiulia\/alexandru-sibisan-cs-unirea-alba-iulia-evolutie-buna-la-grand-prix-ul-de-la-zagreb\/#breadcrumb","itemListElement":[{"@type":"ListItem","position":1,"name":"Prima pagin\u0103","item":"https:\/\/urbeamea.ro\/albaiulia\/"},{"@type":"ListItem","position":2,"name":"Alexandru Sibi\u0219an (CS Unirea Alba Iulia), evolu\u021bie bun\u0103 la Grand Prix-ul de la Zagreb"}]},{"@type":"WebSite","@id":"https:\/\/urbeamea.ro\/albaiulia\/#website","url":"https:\/\/urbeamea.ro\/albaiulia\/","name":"Revista Urbea Mea, Stiri urbane","description":"Evenimente \u0219i \u0219tiri din Alba Iulia, Sebe\u0219, Aiud, Blaj","potentialAction":[{"@type":"SearchAction","target":{"@type":"EntryPoint","urlTemplate":"https:\/\/urbeamea.ro\/albaiulia\/?s={search_term_string}"},"query-input":{"@type":"PropertyValueSpecification","valueRequired":true,"valueName":"search_term_string"}}],"inLanguage":"ro-RO"},{"@type":"Person","@id":"https:\/\/urbeamea.ro\/albaiulia\/#\/schema\/person\/5db3854ac38c1cc9f0ab4092d6a20f02","name":"Giurca Sorin","image":{"@type":"ImageObject","inLanguage":"ro-RO","@id":"https:\/\/secure.gravatar.com\/avatar\/120f6fcae7b3b47a7730cb9943f612f4909f68ac5284b5f40ac1c4615fd70576?s=96&d=mm&r=g","url":"https:\/\/secure.gravatar.com\/avatar\/120f6fcae7b3b47a7730cb9943f612f4909f68ac5284b5f40ac1c4615fd70576?s=96&d=mm&r=g","contentUrl":"https:\/\/secure.gravatar.com\/avatar\/120f6fcae7b3b47a7730cb9943f612f4909f68ac5284b5f40ac1c4615fd70576?s=96&d=mm&r=g","caption":"Giurca Sorin"},"url":"https:\/\/urbeamea.ro\/albaiulia\/author\/sorin\/"}]}},"_links":{"self":[{"href":"https:\/\/urbeamea.ro\/albaiulia\/wp-json\/wp\/v2\/posts\/120487","targetHints":{"allow":["GET"]}}],"collection":[{"href":"https:\/\/urbeamea.ro\/albaiulia\/wp-json\/wp\/v2\/posts"}],"about":[{"href":"https:\/\/urbeamea.ro\/albaiulia\/wp-json\/wp\/v2\/types\/post"}],"author":[{"embeddable":true,"href":"https:\/\/urbeamea.ro\/albaiulia\/wp-json\/wp\/v2\/users\/28"}],"replies":[{"embeddable":true,"href":"https:\/\/urbeamea.ro\/albaiulia\/wp-json\/wp\/v2\/comments?post=120487"}],"version-history":[{"count":1,"href":"https:\/\/urbeamea.ro\/albaiulia\/wp-json\/wp\/v2\/posts\/120487\/revisions"}],"predecessor-version":[{"id":120491,"href":"https:\/\/urbeamea.ro\/albaiulia\/wp-json\/wp\/v2\/posts\/120487\/revisions\/120491"}],"wp:featuredmedia":[{"embeddable":true,"href":"https:\/\/urbeamea.ro\/albaiulia\/wp-json\/wp\/v2\/media\/120488"}],"wp:attachment":[{"href":"https:\/\/urbeamea.ro\/albaiulia\/wp-json\/wp\/v2\/media?parent=120487"}],"wp:term":[{"taxonomy":"category","embeddable":true,"href":"https:\/\/urbeamea.ro\/albaiulia\/wp-json\/wp\/v2\/categories?post=120487"},{"taxonomy":"post_tag","embeddable":true,"href":"https:\/\/urbeamea.ro\/albaiulia\/wp-json\/wp\/v2\/tags?post=120487"}],"curies":[{"name":"wp","href":"https:\/\/api.w.org\/{rel}","templated":true}]}}