{"id":120519,"date":"2025-11-24T10:28:27","date_gmt":"2025-11-24T08:28:27","guid":{"rendered":"https:\/\/urbeamea.ro\/albaiulia\/?p=120519"},"modified":"2025-11-24T10:28:29","modified_gmt":"2025-11-24T08:28:29","slug":"marti-aniversarea-a-50-ani-de-la-infiintarea-eparhiei-ortodoxe-a-alba-iuliei-1975-2025","status":"publish","type":"post","link":"https:\/\/urbeamea.ro\/albaiulia\/marti-aniversarea-a-50-ani-de-la-infiintarea-eparhiei-ortodoxe-a-alba-iuliei-1975-2025\/","title":{"rendered":"Mar\u021bi: Aniversarea a 50 ani, de la \u00eenfiin\u021barea Eparhiei Ortodoxe a Alba Iuliei (1975-2025)"},"content":{"rendered":"\n<p><strong>Cu prilejul \u00eemplinirii a 50 de ani de la \u00eenfiin\u021barea Episcopiei de Alba Iulia (1975-2025), Arhiepiscopia Ortodox\u0103 Rom\u00e2n\u0103 a Alba Iuliei are deosebita bucurie de a v\u0103 invita s\u0103 lua\u021bi parte la momentul aniversar dedicat acestui binecuv\u00e2ntat jubileu. <\/strong><\/p>\n\n\n\n<p>Evenimentul va avea loc mar\u021bi, 25 noiembrie 2025, \u00eencep\u00e2nd cu ora 10:00, \u00een Sala \u201eSf\u00e2ntul Ierarh Simion \u0218tefan\u201d din incinta ansamblului Catedralei Re\u00eentregirii \u0219i \u00cencoron\u0103rii din Alba Iulia. <\/p>\n\n\n\n<p>Momentul festiv din ziua de 25 noiembrie va marca, totodat\u0103, \u00eemplinirea a cinci decenii de la constituirea Adun\u0103rii Eparhiale a Episcopiei Ortodoxe a Alba Iuliei.<\/p>\n\n\n\n<p>Programul evenimentului va cuprinde:<\/p>\n\n\n\n<p>\u25cf Moment de rug\u0103ciune, \u00een semn de mul\u021bumire adus\u0103 lui Dumnezeu pentru binefacerile rev\u0103rsate asupra Eparhiei;<\/p>\n\n\n\n<p>\u25cf Mesajul \u00cenaltpreasfin\u021bitului P\u0103rinte Irineu, Arhiepiscop al Alba Iuliei, cu prilejul \u00eemplinirii celor cinci decenii de lucrare pastoral-misionar\u0103;<\/p>\n\n\n\n<p>\u25cf Mesajul autorit\u0103\u021bilor;<\/p>\n\n\n\n<p>\u25cf Prezentarea Salonului \u201eEmilian Episcopul\u201d \u0219i vernisarea unei expozi\u021bii foto-documentare;<\/p>\n\n\n\n<p>\u25cf Pauz\u0103 de cafea;<\/p>\n\n\n\n<p>\u25cf Prezentare comunic\u0103ri \u0219tiin\u021bifico-istorice despre momentul reactiv\u0103rii Eparhiei de Alba Iulia;<\/p>\n\n\n\n<p>\u25cf Mesaje din partea invita\u021bilor.<\/p>\n\n\n\n<p>V\u0103 a\u0219tept\u0103m cu mare bucurie la acest eveniment aniversar!<\/p>\n\n\n\n<p>Reactivarea scaunului chiriarhal de la Alba Iulia reprezint\u0103 un moment deosebit de important din via\u021ba Bisericii Ortodoxe Rom\u00e2ne, fiind \u00eenf\u0103ptuit\u0103 \u00een contextul mai multor momente festive, cum ar fi \u00eemplinirea a 375 de ani de la prima unire politic\u0103 a \u021a\u0103rilor Rom\u00e2ne (realizat\u0103 sub sceptrul lui Mihai Viteazul), a 90 de ani de la recunoa\u0219terea autocefaliei Bisericii Ortodoxe Rom\u00e2ne \u0219i a 50 de ani de la ridicarea Bisericii noastre la rangul de Patriarhie. <\/p>\n\n\n\n<p>Date fiind respectivele popasuri aniversare, Sf\u00e2ntul Sinod, \u00eentrunit \u00een \u0219edin\u021b\u0103 de lucru la 16 octombrie 1975, a hot\u0103r\u00e2t re\u00eenfiin\u021barea Eparhiei, cu jurisdic\u021bie asupra jude\u021belor Alba, Mure\u0219 \u0219i Harghita.\u00cen urma aprob\u0103rii de c\u0103tre Consiliul de Stat al Rom\u00e2niei a hot\u0103r\u00e2rii Sf\u00e2ntului Sinod, la data de 17 noiembrie 1975, au avut loc alegerile pentru desemnarea membrilor Adun\u0103rii Eparhiale a Episcopiei Alba Iuliei. <\/p>\n\n\n\n<p>Ulterior, \u00een data de 25 noiembrie 1975, la ini\u021biativa Mitropolitului Nicolae Mladin, a avut loc prima \u0219edin\u021b\u0103 \u2013 de constituire \u2013 a Adun\u0103rii Eparhiale, organizat\u0103 \u00een municipiul Alba Iulia. Lucr\u0103rile \u0219edin\u021bei s-au desf\u0103\u0219urat \u00een Catedrala Re\u00eentregirii, fiind precedate de oficierea Sfintei Liturghii arhiere\u0219ti. <\/p>\n\n\n\n<p>La finalul alegerilor, Comisia Special\u0103 de organizare a validat mandatele celor 10 clerici \u0219i 20 de mireni ale\u0219i \u00een Adunarea Eparhial\u0103.\u00cen data de 14 decembrie 1975, Colegiul Electoral Bisericesc avea s\u0103 \u00eel aleag\u0103 \u00een demnitatea de Episcop al Eparhiei Alba Iuliei pe Episcopul-vicar Emilian Birda\u0219 R\u0103\u0219in\u0103reanul, \u00een prezen\u021ba Patriarhului Justinian Marina al Bisericii Ortodoxe Rom\u00e2ne, a domnului Gheorghe Nenciu, conduc\u0103torul Departamentului Cultelor, \u0219i a tuturor ierarhilor Sf\u00e2ntului Sinod. <\/p>\n\n\n\n<p>Ceremonia solemn\u0103 a \u00eentroniz\u0103rii \u00een demnitatea de Episcop a arhiereului Emilian a avut loc la Catedrala Re\u00eentregirii, \u00een data de 25 ianuarie 1976.<\/p>\n\n\n\n<p> \u00cen fruntea soborului de ierarhi s-a aflat Mitropolitul Iustin Moisescu al Moldovei \u0219i Sucevei, viitorul Patriarh al Bisericii Ortodoxe Rom\u00e2ne.<\/p>\n\n\n\n<figure class=\"wp-block-image size-large\"><img loading=\"lazy\" decoding=\"async\" width=\"905\" height=\"1280\" src=\"https:\/\/urbeamea.ro\/albaiulia\/wp-content\/uploads\/2025\/11\/1000055298-905x1280.jpg\" alt=\"\" class=\"wp-image-120520\" srcset=\"https:\/\/urbeamea.ro\/albaiulia\/wp-content\/uploads\/2025\/11\/1000055298-905x1280.jpg 905w, https:\/\/urbeamea.ro\/albaiulia\/wp-content\/uploads\/2025\/11\/1000055298-452x640.jpg 452w, https:\/\/urbeamea.ro\/albaiulia\/wp-content\/uploads\/2025\/11\/1000055298-106x150.jpg 106w, https:\/\/urbeamea.ro\/albaiulia\/wp-content\/uploads\/2025\/11\/1000055298-768x1086.jpg 768w, https:\/\/urbeamea.ro\/albaiulia\/wp-content\/uploads\/2025\/11\/1000055298-1086x1536.jpg 1086w, https:\/\/urbeamea.ro\/albaiulia\/wp-content\/uploads\/2025\/11\/1000055298.jpg 1131w\" sizes=\"auto, (max-width: 905px) 100vw, 905px\" \/><\/figure>\n","protected":false},"excerpt":{"rendered":"<p>Cu prilejul \u00eemplinirii a 50 de ani de la \u00eenfiin\u021barea Episcopiei de Alba Iulia (1975-2025), Arhiepiscopia Ortodox\u0103 Rom\u00e2n\u0103 a Alba Iuliei are deosebita bucurie de a v\u0103 invita s\u0103 lua\u021bi parte la momentul aniversar dedicat acestui binecuv\u00e2ntat jubileu. Evenimentul va avea loc mar\u021bi, 25 noiembrie 2025, \u00eencep\u00e2nd cu ora 10:00, \u00een Sala \u201eSf\u00e2ntul Ierarh Simion &hellip;<\/p>\n","protected":false},"author":28,"featured_media":120520,"comment_status":"open","ping_status":"open","sticky":false,"template":"","format":"standard","meta":{"inline_featured_image":false,"footnotes":""},"categories":[2038,4,8857,2034,1,61,16344],"tags":[24076],"class_list":["post-120519","post","type-post","status-publish","format-standard","has-post-thumbnail","hentry","category-cultura","category-eveniment","category-istorie","category-social","category-stiri-urbane","category-turism","category-urbea-mea","tag-eparhia-alba-iulia"],"yoast_head":"<!-- This site is optimized with the Yoast SEO plugin v27.4 - https:\/\/yoast.com\/product\/yoast-seo-wordpress\/ -->\n<title>Mar\u021bi: Aniversarea a 50 ani, de la \u00eenfiin\u021barea Eparhiei Ortodoxe a Alba Iuliei (1975-2025) - Revista Urbea Mea - Revista de Alba<\/title>\n<meta name=\"description\" content=\"Cu prilejul \u00eemplinirii a 50 de ani de la \u00eenfiin\u021barea Episcopiei de Alba Iulia (1975-2025), Arhiepiscopia Ortodox\u0103 Rom\u00e2n\u0103 a Alba Iuliei are deosebita\" \/>\n<meta name=\"robots\" content=\"index, follow, max-snippet:-1, max-image-preview:large, max-video-preview:-1\" \/>\n<link rel=\"canonical\" href=\"https:\/\/urbeamea.ro\/albaiulia\/marti-aniversarea-a-50-ani-de-la-infiintarea-eparhiei-ortodoxe-a-alba-iuliei-1975-2025\/\" \/>\n<meta name=\"twitter:card\" content=\"summary_large_image\" \/>\n<meta name=\"twitter:title\" content=\"Mar\u021bi: Aniversarea a 50 ani, de la \u00eenfiin\u021barea Eparhiei Ortodoxe a Alba Iuliei (1975-2025) - Revista Urbea Mea - Revista de Alba\" \/>\n<meta name=\"twitter:description\" content=\"Cu prilejul \u00eemplinirii a 50 de ani de la \u00eenfiin\u021barea Episcopiei de Alba Iulia (1975-2025), Arhiepiscopia Ortodox\u0103 Rom\u00e2n\u0103 a Alba Iuliei are deosebita\" \/>\n<meta name=\"twitter:image\" content=\"https:\/\/urbeamea.ro\/albaiulia\/wp-content\/uploads\/2025\/11\/1000055298.jpg\" \/>\n<meta name=\"twitter:creator\" content=\"@urbeameaweb\" \/>\n<meta name=\"twitter:site\" content=\"@urbeameaweb\" \/>\n<script type=\"application\/ld+json\" class=\"yoast-schema-graph\">{\"@context\":\"https:\\\/\\\/schema.org\",\"@graph\":[{\"@type\":\"Article\",\"@id\":\"https:\\\/\\\/urbeamea.ro\\\/albaiulia\\\/marti-aniversarea-a-50-ani-de-la-infiintarea-eparhiei-ortodoxe-a-alba-iuliei-1975-2025\\\/#article\",\"isPartOf\":{\"@id\":\"https:\\\/\\\/urbeamea.ro\\\/albaiulia\\\/marti-aniversarea-a-50-ani-de-la-infiintarea-eparhiei-ortodoxe-a-alba-iuliei-1975-2025\\\/\"},\"author\":{\"name\":\"Giurca Sorin\",\"@id\":\"https:\\\/\\\/urbeamea.ro\\\/albaiulia\\\/#\\\/schema\\\/person\\\/5db3854ac38c1cc9f0ab4092d6a20f02\"},\"headline\":\"Mar\u021bi: Aniversarea a 50 ani, de la \u00eenfiin\u021barea Eparhiei Ortodoxe a Alba Iuliei (1975-2025)\",\"datePublished\":\"2025-11-24T08:28:27+00:00\",\"dateModified\":\"2025-11-24T08:28:29+00:00\",\"mainEntityOfPage\":{\"@id\":\"https:\\\/\\\/urbeamea.ro\\\/albaiulia\\\/marti-aniversarea-a-50-ani-de-la-infiintarea-eparhiei-ortodoxe-a-alba-iuliei-1975-2025\\\/\"},\"wordCount\":506,\"commentCount\":0,\"image\":{\"@id\":\"https:\\\/\\\/urbeamea.ro\\\/albaiulia\\\/marti-aniversarea-a-50-ani-de-la-infiintarea-eparhiei-ortodoxe-a-alba-iuliei-1975-2025\\\/#primaryimage\"},\"thumbnailUrl\":\"https:\\\/\\\/urbeamea.ro\\\/albaiulia\\\/wp-content\\\/uploads\\\/2025\\\/11\\\/1000055298.jpg\",\"keywords\":[\"eparhia alba iulia\"],\"articleSection\":[\"Cultur\u0103\",\"Evenimente\",\"Istorie\",\"Social\",\"\u015etiri Urbane\",\"Turism \u0219i Ghidaj turistic\",\"Urbea Mea\"],\"inLanguage\":\"ro-RO\",\"potentialAction\":[{\"@type\":\"CommentAction\",\"name\":\"Comment\",\"target\":[\"https:\\\/\\\/urbeamea.ro\\\/albaiulia\\\/marti-aniversarea-a-50-ani-de-la-infiintarea-eparhiei-ortodoxe-a-alba-iuliei-1975-2025\\\/#respond\"]}]},{\"@type\":\"WebPage\",\"@id\":\"https:\\\/\\\/urbeamea.ro\\\/albaiulia\\\/marti-aniversarea-a-50-ani-de-la-infiintarea-eparhiei-ortodoxe-a-alba-iuliei-1975-2025\\\/\",\"url\":\"https:\\\/\\\/urbeamea.ro\\\/albaiulia\\\/marti-aniversarea-a-50-ani-de-la-infiintarea-eparhiei-ortodoxe-a-alba-iuliei-1975-2025\\\/\",\"name\":\"Mar\u021bi: Aniversarea a 50 ani, de la \u00eenfiin\u021barea Eparhiei Ortodoxe a Alba Iuliei (1975-2025) - Revista Urbea Mea - Revista de Alba\",\"isPartOf\":{\"@id\":\"https:\\\/\\\/urbeamea.ro\\\/albaiulia\\\/#website\"},\"primaryImageOfPage\":{\"@id\":\"https:\\\/\\\/urbeamea.ro\\\/albaiulia\\\/marti-aniversarea-a-50-ani-de-la-infiintarea-eparhiei-ortodoxe-a-alba-iuliei-1975-2025\\\/#primaryimage\"},\"image\":{\"@id\":\"https:\\\/\\\/urbeamea.ro\\\/albaiulia\\\/marti-aniversarea-a-50-ani-de-la-infiintarea-eparhiei-ortodoxe-a-alba-iuliei-1975-2025\\\/#primaryimage\"},\"thumbnailUrl\":\"https:\\\/\\\/urbeamea.ro\\\/albaiulia\\\/wp-content\\\/uploads\\\/2025\\\/11\\\/1000055298.jpg\",\"datePublished\":\"2025-11-24T08:28:27+00:00\",\"dateModified\":\"2025-11-24T08:28:29+00:00\",\"author\":{\"@id\":\"https:\\\/\\\/urbeamea.ro\\\/albaiulia\\\/#\\\/schema\\\/person\\\/5db3854ac38c1cc9f0ab4092d6a20f02\"},\"description\":\"Cu prilejul \u00eemplinirii a 50 de ani de la \u00eenfiin\u021barea Episcopiei de Alba Iulia (1975-2025), Arhiepiscopia Ortodox\u0103 Rom\u00e2n\u0103 a Alba Iuliei are deosebita\",\"breadcrumb\":{\"@id\":\"https:\\\/\\\/urbeamea.ro\\\/albaiulia\\\/marti-aniversarea-a-50-ani-de-la-infiintarea-eparhiei-ortodoxe-a-alba-iuliei-1975-2025\\\/#breadcrumb\"},\"inLanguage\":\"ro-RO\",\"potentialAction\":[{\"@type\":\"ReadAction\",\"target\":[\"https:\\\/\\\/urbeamea.ro\\\/albaiulia\\\/marti-aniversarea-a-50-ani-de-la-infiintarea-eparhiei-ortodoxe-a-alba-iuliei-1975-2025\\\/\"]}]},{\"@type\":\"ImageObject\",\"inLanguage\":\"ro-RO\",\"@id\":\"https:\\\/\\\/urbeamea.ro\\\/albaiulia\\\/marti-aniversarea-a-50-ani-de-la-infiintarea-eparhiei-ortodoxe-a-alba-iuliei-1975-2025\\\/#primaryimage\",\"url\":\"https:\\\/\\\/urbeamea.ro\\\/albaiulia\\\/wp-content\\\/uploads\\\/2025\\\/11\\\/1000055298.jpg\",\"contentUrl\":\"https:\\\/\\\/urbeamea.ro\\\/albaiulia\\\/wp-content\\\/uploads\\\/2025\\\/11\\\/1000055298.jpg\",\"width\":1131,\"height\":1600},{\"@type\":\"BreadcrumbList\",\"@id\":\"https:\\\/\\\/urbeamea.ro\\\/albaiulia\\\/marti-aniversarea-a-50-ani-de-la-infiintarea-eparhiei-ortodoxe-a-alba-iuliei-1975-2025\\\/#breadcrumb\",\"itemListElement\":[{\"@type\":\"ListItem\",\"position\":1,\"name\":\"Prima pagin\u0103\",\"item\":\"https:\\\/\\\/urbeamea.ro\\\/albaiulia\\\/\"},{\"@type\":\"ListItem\",\"position\":2,\"name\":\"Mar\u021bi: Aniversarea a 50 ani, de la \u00eenfiin\u021barea Eparhiei Ortodoxe a Alba Iuliei (1975-2025)\"}]},{\"@type\":\"WebSite\",\"@id\":\"https:\\\/\\\/urbeamea.ro\\\/albaiulia\\\/#website\",\"url\":\"https:\\\/\\\/urbeamea.ro\\\/albaiulia\\\/\",\"name\":\"Revista Urbea Mea, Stiri urbane\",\"description\":\"Evenimente \u0219i \u0219tiri din Alba Iulia, Sebe\u0219, Aiud, Blaj\",\"potentialAction\":[{\"@type\":\"SearchAction\",\"target\":{\"@type\":\"EntryPoint\",\"urlTemplate\":\"https:\\\/\\\/urbeamea.ro\\\/albaiulia\\\/?s={search_term_string}\"},\"query-input\":{\"@type\":\"PropertyValueSpecification\",\"valueRequired\":true,\"valueName\":\"search_term_string\"}}],\"inLanguage\":\"ro-RO\"},{\"@type\":\"Person\",\"@id\":\"https:\\\/\\\/urbeamea.ro\\\/albaiulia\\\/#\\\/schema\\\/person\\\/5db3854ac38c1cc9f0ab4092d6a20f02\",\"name\":\"Giurca Sorin\",\"image\":{\"@type\":\"ImageObject\",\"inLanguage\":\"ro-RO\",\"@id\":\"https:\\\/\\\/secure.gravatar.com\\\/avatar\\\/120f6fcae7b3b47a7730cb9943f612f4909f68ac5284b5f40ac1c4615fd70576?s=96&d=mm&r=g\",\"url\":\"https:\\\/\\\/secure.gravatar.com\\\/avatar\\\/120f6fcae7b3b47a7730cb9943f612f4909f68ac5284b5f40ac1c4615fd70576?s=96&d=mm&r=g\",\"contentUrl\":\"https:\\\/\\\/secure.gravatar.com\\\/avatar\\\/120f6fcae7b3b47a7730cb9943f612f4909f68ac5284b5f40ac1c4615fd70576?s=96&d=mm&r=g\",\"caption\":\"Giurca Sorin\"},\"url\":\"https:\\\/\\\/urbeamea.ro\\\/albaiulia\\\/author\\\/sorin\\\/\"}]}<\/script>\n<!-- \/ Yoast SEO plugin. -->","yoast_head_json":{"title":"Mar\u021bi: Aniversarea a 50 ani, de la \u00eenfiin\u021barea Eparhiei Ortodoxe a Alba Iuliei (1975-2025) - Revista Urbea Mea - Revista de Alba","description":"Cu prilejul \u00eemplinirii a 50 de ani de la \u00eenfiin\u021barea Episcopiei de Alba Iulia (1975-2025), Arhiepiscopia Ortodox\u0103 Rom\u00e2n\u0103 a Alba Iuliei are deosebita","robots":{"index":"index","follow":"follow","max-snippet":"max-snippet:-1","max-image-preview":"max-image-preview:large","max-video-preview":"max-video-preview:-1"},"canonical":"https:\/\/urbeamea.ro\/albaiulia\/marti-aniversarea-a-50-ani-de-la-infiintarea-eparhiei-ortodoxe-a-alba-iuliei-1975-2025\/","twitter_card":"summary_large_image","twitter_title":"Mar\u021bi: Aniversarea a 50 ani, de la \u00eenfiin\u021barea Eparhiei Ortodoxe a Alba Iuliei (1975-2025) - Revista Urbea Mea - Revista de Alba","twitter_description":"Cu prilejul \u00eemplinirii a 50 de ani de la \u00eenfiin\u021barea Episcopiei de Alba Iulia (1975-2025), Arhiepiscopia Ortodox\u0103 Rom\u00e2n\u0103 a Alba Iuliei are deosebita","twitter_image":"https:\/\/urbeamea.ro\/albaiulia\/wp-content\/uploads\/2025\/11\/1000055298.jpg","twitter_creator":"@urbeameaweb","twitter_site":"@urbeameaweb","schema":{"@context":"https:\/\/schema.org","@graph":[{"@type":"Article","@id":"https:\/\/urbeamea.ro\/albaiulia\/marti-aniversarea-a-50-ani-de-la-infiintarea-eparhiei-ortodoxe-a-alba-iuliei-1975-2025\/#article","isPartOf":{"@id":"https:\/\/urbeamea.ro\/albaiulia\/marti-aniversarea-a-50-ani-de-la-infiintarea-eparhiei-ortodoxe-a-alba-iuliei-1975-2025\/"},"author":{"name":"Giurca Sorin","@id":"https:\/\/urbeamea.ro\/albaiulia\/#\/schema\/person\/5db3854ac38c1cc9f0ab4092d6a20f02"},"headline":"Mar\u021bi: Aniversarea a 50 ani, de la \u00eenfiin\u021barea Eparhiei Ortodoxe a Alba Iuliei (1975-2025)","datePublished":"2025-11-24T08:28:27+00:00","dateModified":"2025-11-24T08:28:29+00:00","mainEntityOfPage":{"@id":"https:\/\/urbeamea.ro\/albaiulia\/marti-aniversarea-a-50-ani-de-la-infiintarea-eparhiei-ortodoxe-a-alba-iuliei-1975-2025\/"},"wordCount":506,"commentCount":0,"image":{"@id":"https:\/\/urbeamea.ro\/albaiulia\/marti-aniversarea-a-50-ani-de-la-infiintarea-eparhiei-ortodoxe-a-alba-iuliei-1975-2025\/#primaryimage"},"thumbnailUrl":"https:\/\/urbeamea.ro\/albaiulia\/wp-content\/uploads\/2025\/11\/1000055298.jpg","keywords":["eparhia alba iulia"],"articleSection":["Cultur\u0103","Evenimente","Istorie","Social","\u015etiri Urbane","Turism \u0219i Ghidaj turistic","Urbea Mea"],"inLanguage":"ro-RO","potentialAction":[{"@type":"CommentAction","name":"Comment","target":["https:\/\/urbeamea.ro\/albaiulia\/marti-aniversarea-a-50-ani-de-la-infiintarea-eparhiei-ortodoxe-a-alba-iuliei-1975-2025\/#respond"]}]},{"@type":"WebPage","@id":"https:\/\/urbeamea.ro\/albaiulia\/marti-aniversarea-a-50-ani-de-la-infiintarea-eparhiei-ortodoxe-a-alba-iuliei-1975-2025\/","url":"https:\/\/urbeamea.ro\/albaiulia\/marti-aniversarea-a-50-ani-de-la-infiintarea-eparhiei-ortodoxe-a-alba-iuliei-1975-2025\/","name":"Mar\u021bi: Aniversarea a 50 ani, de la \u00eenfiin\u021barea Eparhiei Ortodoxe a Alba Iuliei (1975-2025) - Revista Urbea Mea - Revista de Alba","isPartOf":{"@id":"https:\/\/urbeamea.ro\/albaiulia\/#website"},"primaryImageOfPage":{"@id":"https:\/\/urbeamea.ro\/albaiulia\/marti-aniversarea-a-50-ani-de-la-infiintarea-eparhiei-ortodoxe-a-alba-iuliei-1975-2025\/#primaryimage"},"image":{"@id":"https:\/\/urbeamea.ro\/albaiulia\/marti-aniversarea-a-50-ani-de-la-infiintarea-eparhiei-ortodoxe-a-alba-iuliei-1975-2025\/#primaryimage"},"thumbnailUrl":"https:\/\/urbeamea.ro\/albaiulia\/wp-content\/uploads\/2025\/11\/1000055298.jpg","datePublished":"2025-11-24T08:28:27+00:00","dateModified":"2025-11-24T08:28:29+00:00","author":{"@id":"https:\/\/urbeamea.ro\/albaiulia\/#\/schema\/person\/5db3854ac38c1cc9f0ab4092d6a20f02"},"description":"Cu prilejul \u00eemplinirii a 50 de ani de la \u00eenfiin\u021barea Episcopiei de Alba Iulia (1975-2025), Arhiepiscopia Ortodox\u0103 Rom\u00e2n\u0103 a Alba Iuliei are deosebita","breadcrumb":{"@id":"https:\/\/urbeamea.ro\/albaiulia\/marti-aniversarea-a-50-ani-de-la-infiintarea-eparhiei-ortodoxe-a-alba-iuliei-1975-2025\/#breadcrumb"},"inLanguage":"ro-RO","potentialAction":[{"@type":"ReadAction","target":["https:\/\/urbeamea.ro\/albaiulia\/marti-aniversarea-a-50-ani-de-la-infiintarea-eparhiei-ortodoxe-a-alba-iuliei-1975-2025\/"]}]},{"@type":"ImageObject","inLanguage":"ro-RO","@id":"https:\/\/urbeamea.ro\/albaiulia\/marti-aniversarea-a-50-ani-de-la-infiintarea-eparhiei-ortodoxe-a-alba-iuliei-1975-2025\/#primaryimage","url":"https:\/\/urbeamea.ro\/albaiulia\/wp-content\/uploads\/2025\/11\/1000055298.jpg","contentUrl":"https:\/\/urbeamea.ro\/albaiulia\/wp-content\/uploads\/2025\/11\/1000055298.jpg","width":1131,"height":1600},{"@type":"BreadcrumbList","@id":"https:\/\/urbeamea.ro\/albaiulia\/marti-aniversarea-a-50-ani-de-la-infiintarea-eparhiei-ortodoxe-a-alba-iuliei-1975-2025\/#breadcrumb","itemListElement":[{"@type":"ListItem","position":1,"name":"Prima pagin\u0103","item":"https:\/\/urbeamea.ro\/albaiulia\/"},{"@type":"ListItem","position":2,"name":"Mar\u021bi: Aniversarea a 50 ani, de la \u00eenfiin\u021barea Eparhiei Ortodoxe a Alba Iuliei (1975-2025)"}]},{"@type":"WebSite","@id":"https:\/\/urbeamea.ro\/albaiulia\/#website","url":"https:\/\/urbeamea.ro\/albaiulia\/","name":"Revista Urbea Mea, Stiri urbane","description":"Evenimente \u0219i \u0219tiri din Alba Iulia, Sebe\u0219, Aiud, Blaj","potentialAction":[{"@type":"SearchAction","target":{"@type":"EntryPoint","urlTemplate":"https:\/\/urbeamea.ro\/albaiulia\/?s={search_term_string}"},"query-input":{"@type":"PropertyValueSpecification","valueRequired":true,"valueName":"search_term_string"}}],"inLanguage":"ro-RO"},{"@type":"Person","@id":"https:\/\/urbeamea.ro\/albaiulia\/#\/schema\/person\/5db3854ac38c1cc9f0ab4092d6a20f02","name":"Giurca Sorin","image":{"@type":"ImageObject","inLanguage":"ro-RO","@id":"https:\/\/secure.gravatar.com\/avatar\/120f6fcae7b3b47a7730cb9943f612f4909f68ac5284b5f40ac1c4615fd70576?s=96&d=mm&r=g","url":"https:\/\/secure.gravatar.com\/avatar\/120f6fcae7b3b47a7730cb9943f612f4909f68ac5284b5f40ac1c4615fd70576?s=96&d=mm&r=g","contentUrl":"https:\/\/secure.gravatar.com\/avatar\/120f6fcae7b3b47a7730cb9943f612f4909f68ac5284b5f40ac1c4615fd70576?s=96&d=mm&r=g","caption":"Giurca Sorin"},"url":"https:\/\/urbeamea.ro\/albaiulia\/author\/sorin\/"}]}},"_links":{"self":[{"href":"https:\/\/urbeamea.ro\/albaiulia\/wp-json\/wp\/v2\/posts\/120519","targetHints":{"allow":["GET"]}}],"collection":[{"href":"https:\/\/urbeamea.ro\/albaiulia\/wp-json\/wp\/v2\/posts"}],"about":[{"href":"https:\/\/urbeamea.ro\/albaiulia\/wp-json\/wp\/v2\/types\/post"}],"author":[{"embeddable":true,"href":"https:\/\/urbeamea.ro\/albaiulia\/wp-json\/wp\/v2\/users\/28"}],"replies":[{"embeddable":true,"href":"https:\/\/urbeamea.ro\/albaiulia\/wp-json\/wp\/v2\/comments?post=120519"}],"version-history":[{"count":1,"href":"https:\/\/urbeamea.ro\/albaiulia\/wp-json\/wp\/v2\/posts\/120519\/revisions"}],"predecessor-version":[{"id":120521,"href":"https:\/\/urbeamea.ro\/albaiulia\/wp-json\/wp\/v2\/posts\/120519\/revisions\/120521"}],"wp:featuredmedia":[{"embeddable":true,"href":"https:\/\/urbeamea.ro\/albaiulia\/wp-json\/wp\/v2\/media\/120520"}],"wp:attachment":[{"href":"https:\/\/urbeamea.ro\/albaiulia\/wp-json\/wp\/v2\/media?parent=120519"}],"wp:term":[{"taxonomy":"category","embeddable":true,"href":"https:\/\/urbeamea.ro\/albaiulia\/wp-json\/wp\/v2\/categories?post=120519"},{"taxonomy":"post_tag","embeddable":true,"href":"https:\/\/urbeamea.ro\/albaiulia\/wp-json\/wp\/v2\/tags?post=120519"}],"curies":[{"name":"wp","href":"https:\/\/api.w.org\/{rel}","templated":true}]}}