{"id":120528,"date":"2025-11-24T11:47:33","date_gmt":"2025-11-24T09:47:33","guid":{"rendered":"https:\/\/urbeamea.ro\/albaiulia\/?p=120528"},"modified":"2025-11-24T11:47:34","modified_gmt":"2025-11-24T09:47:34","slug":"vernisajul-expozitiei-p-r-i-n-c-e-la-palatul-principilor-din-alba-iulia","status":"publish","type":"post","link":"https:\/\/urbeamea.ro\/albaiulia\/vernisajul-expozitiei-p-r-i-n-c-e-la-palatul-principilor-din-alba-iulia\/","title":{"rendered":"Vernisajul expozi\u021biei P.R.I.N.C.E. la Palatul Principilor din Alba Iulia"},"content":{"rendered":"\n<p>Centrul Cultural Palatul Principilor din Alba Iulia invit\u0103 publicul vineri, 28 noiembrie 2025, \u00eencep\u00e2nd cu ora 13:30, la vernisajul expozi\u021biei <strong>P.R.I.N.C.E.<\/strong>, un eveniment care \u00eembin\u0103 istoria vestimentar\u0103 cu tehnologia modern\u0103.<\/p>\n\n\n\n<p>Vizitatorii vor avea ocazia de a admira, \u00een premier\u0103, patru replici fidele ale ve\u0219mintelor princiare purtate de figuri emblematice ale istoriei Transilvaniei. Expozi\u021bia aduce \u00een prim-plan dou\u0103 \u021binute din a doua jum\u0103tate a secolului al XVI-lea, apar\u021bin\u00e2nd Isabellei Jagiello \u0219i lui Mihai Viteazul, precum \u0219i dou\u0103 ansambluri vestimentare din primul sfert al secolului al XVII-lea, ale perechii princiare Gabriel Bethlen \u0219i Ecaterina de Brandenburg.<\/p>\n\n\n\n<p>Experien\u021ba vizual\u0103 este completat\u0103 de o colec\u021bie de replici ale podoabelor \u0219i bijuteriilor specifice epocii, reconstituite cu rigoare istoric\u0103.<\/p>\n\n\n\n<p>Mai mult, expozi\u021bia propune o dimensiune educativ\u0103 inedit\u0103 prin intermediul tehnologiei: ecrane interactive amplasate \u00een proximitatea exponatelor vor permite personajelor istorice s\u0103 \u201eprind\u0103 via\u021b\u0103\u201d. Acestea se vor prezenta oaspe\u021bilor \u00een limba lor matern\u0103 \u0219i le vor oferi detalii despre propriile experien\u021be.<\/p>\n\n\n\n<p>Publicul va putea analiza \u00een detaliu, at\u00e2t fizic c\u00e2t \u0219i digital, elementele de vestimenta\u021bie, av\u00e2nd acces totodat\u0103 la informa\u021bii ample despre contextul modei acelor vremuri.<\/p>\n\n\n\n<p>P.R.I.N.C.E., proiect co-finan\u021bat de Administra\u021bia Fondului Cultural Na\u021bional (AFCN), \u00ee\u0219i propune s\u0103 acopere o zon\u0103 mai pu\u021bin explorat\u0103 \u00een programa \u0219colar\u0103 clasic\u0103, oferind o perspectiv\u0103 proasp\u0103t\u0103 pasiona\u021bilor de mod\u0103, istorie \u0219i art\u0103.<\/p>\n","protected":false},"excerpt":{"rendered":"<p>Centrul Cultural Palatul Principilor din Alba Iulia invit\u0103 publicul vineri, 28 noiembrie 2025, \u00eencep\u00e2nd cu ora 13:30, la vernisajul expozi\u021biei P.R.I.N.C.E., un eveniment care \u00eembin\u0103 istoria vestimentar\u0103 cu tehnologia modern\u0103. Vizitatorii vor avea ocazia de a admira, \u00een premier\u0103, patru replici fidele ale ve\u0219mintelor princiare purtate de figuri emblematice ale istoriei Transilvaniei. Expozi\u021bia aduce \u00een &hellip;<\/p>\n","protected":false},"author":16,"featured_media":120529,"comment_status":"open","ping_status":"open","sticky":false,"template":"","format":"standard","meta":{"inline_featured_image":false,"footnotes":""},"categories":[4],"tags":[],"class_list":["post-120528","post","type-post","status-publish","format-standard","has-post-thumbnail","hentry","category-eveniment"],"yoast_head":"<!-- This site is optimized with the Yoast SEO plugin v27.4 - https:\/\/yoast.com\/product\/yoast-seo-wordpress\/ -->\n<title>Vernisajul expozi\u021biei P.R.I.N.C.E. la Palatul Principilor din Alba Iulia - Revista Urbea Mea - Revista de Alba<\/title>\n<meta name=\"description\" content=\"Centrul Cultural Palatul Principilor din Alba Iulia invit\u0103 publicul vineri, 28 noiembrie 2025, \u00eencep\u00e2nd cu ora 13:30, la vernisajul expozi\u021biei\" \/>\n<meta name=\"robots\" content=\"index, follow, max-snippet:-1, max-image-preview:large, max-video-preview:-1\" \/>\n<link rel=\"canonical\" href=\"https:\/\/urbeamea.ro\/albaiulia\/vernisajul-expozitiei-p-r-i-n-c-e-la-palatul-principilor-din-alba-iulia\/\" \/>\n<meta name=\"twitter:card\" content=\"summary_large_image\" \/>\n<meta name=\"twitter:title\" content=\"Vernisajul expozi\u021biei P.R.I.N.C.E. la Palatul Principilor din Alba Iulia - Revista Urbea Mea - Revista de Alba\" \/>\n<meta name=\"twitter:description\" content=\"Centrul Cultural Palatul Principilor din Alba Iulia invit\u0103 publicul vineri, 28 noiembrie 2025, \u00eencep\u00e2nd cu ora 13:30, la vernisajul expozi\u021biei\" \/>\n<meta name=\"twitter:image\" content=\"https:\/\/urbeamea.ro\/albaiulia\/wp-content\/uploads\/2025\/11\/afisPRINCE.png\" \/>\n<meta name=\"twitter:creator\" content=\"@urbeameaweb\" \/>\n<meta name=\"twitter:site\" content=\"@urbeameaweb\" \/>\n<script type=\"application\/ld+json\" class=\"yoast-schema-graph\">{\"@context\":\"https:\\\/\\\/schema.org\",\"@graph\":[{\"@type\":\"Article\",\"@id\":\"https:\\\/\\\/urbeamea.ro\\\/albaiulia\\\/vernisajul-expozitiei-p-r-i-n-c-e-la-palatul-principilor-din-alba-iulia\\\/#article\",\"isPartOf\":{\"@id\":\"https:\\\/\\\/urbeamea.ro\\\/albaiulia\\\/vernisajul-expozitiei-p-r-i-n-c-e-la-palatul-principilor-din-alba-iulia\\\/\"},\"author\":{\"name\":\"Redac\u021bia UrbeaMea\",\"@id\":\"https:\\\/\\\/urbeamea.ro\\\/albaiulia\\\/#\\\/schema\\\/person\\\/272ae98052f8ee8980f59848df070247\"},\"headline\":\"Vernisajul expozi\u021biei P.R.I.N.C.E. la Palatul Principilor din Alba Iulia\",\"datePublished\":\"2025-11-24T09:47:33+00:00\",\"dateModified\":\"2025-11-24T09:47:34+00:00\",\"mainEntityOfPage\":{\"@id\":\"https:\\\/\\\/urbeamea.ro\\\/albaiulia\\\/vernisajul-expozitiei-p-r-i-n-c-e-la-palatul-principilor-din-alba-iulia\\\/\"},\"wordCount\":256,\"commentCount\":0,\"image\":{\"@id\":\"https:\\\/\\\/urbeamea.ro\\\/albaiulia\\\/vernisajul-expozitiei-p-r-i-n-c-e-la-palatul-principilor-din-alba-iulia\\\/#primaryimage\"},\"thumbnailUrl\":\"https:\\\/\\\/urbeamea.ro\\\/albaiulia\\\/wp-content\\\/uploads\\\/2025\\\/11\\\/afisPRINCE.png\",\"articleSection\":[\"Evenimente\"],\"inLanguage\":\"ro-RO\",\"potentialAction\":[{\"@type\":\"CommentAction\",\"name\":\"Comment\",\"target\":[\"https:\\\/\\\/urbeamea.ro\\\/albaiulia\\\/vernisajul-expozitiei-p-r-i-n-c-e-la-palatul-principilor-din-alba-iulia\\\/#respond\"]}]},{\"@type\":\"WebPage\",\"@id\":\"https:\\\/\\\/urbeamea.ro\\\/albaiulia\\\/vernisajul-expozitiei-p-r-i-n-c-e-la-palatul-principilor-din-alba-iulia\\\/\",\"url\":\"https:\\\/\\\/urbeamea.ro\\\/albaiulia\\\/vernisajul-expozitiei-p-r-i-n-c-e-la-palatul-principilor-din-alba-iulia\\\/\",\"name\":\"Vernisajul expozi\u021biei P.R.I.N.C.E. la Palatul Principilor din Alba Iulia - Revista Urbea Mea - Revista de Alba\",\"isPartOf\":{\"@id\":\"https:\\\/\\\/urbeamea.ro\\\/albaiulia\\\/#website\"},\"primaryImageOfPage\":{\"@id\":\"https:\\\/\\\/urbeamea.ro\\\/albaiulia\\\/vernisajul-expozitiei-p-r-i-n-c-e-la-palatul-principilor-din-alba-iulia\\\/#primaryimage\"},\"image\":{\"@id\":\"https:\\\/\\\/urbeamea.ro\\\/albaiulia\\\/vernisajul-expozitiei-p-r-i-n-c-e-la-palatul-principilor-din-alba-iulia\\\/#primaryimage\"},\"thumbnailUrl\":\"https:\\\/\\\/urbeamea.ro\\\/albaiulia\\\/wp-content\\\/uploads\\\/2025\\\/11\\\/afisPRINCE.png\",\"datePublished\":\"2025-11-24T09:47:33+00:00\",\"dateModified\":\"2025-11-24T09:47:34+00:00\",\"author\":{\"@id\":\"https:\\\/\\\/urbeamea.ro\\\/albaiulia\\\/#\\\/schema\\\/person\\\/272ae98052f8ee8980f59848df070247\"},\"description\":\"Centrul Cultural Palatul Principilor din Alba Iulia invit\u0103 publicul vineri, 28 noiembrie 2025, \u00eencep\u00e2nd cu ora 13:30, la vernisajul expozi\u021biei\",\"breadcrumb\":{\"@id\":\"https:\\\/\\\/urbeamea.ro\\\/albaiulia\\\/vernisajul-expozitiei-p-r-i-n-c-e-la-palatul-principilor-din-alba-iulia\\\/#breadcrumb\"},\"inLanguage\":\"ro-RO\",\"potentialAction\":[{\"@type\":\"ReadAction\",\"target\":[\"https:\\\/\\\/urbeamea.ro\\\/albaiulia\\\/vernisajul-expozitiei-p-r-i-n-c-e-la-palatul-principilor-din-alba-iulia\\\/\"]}]},{\"@type\":\"ImageObject\",\"inLanguage\":\"ro-RO\",\"@id\":\"https:\\\/\\\/urbeamea.ro\\\/albaiulia\\\/vernisajul-expozitiei-p-r-i-n-c-e-la-palatul-principilor-din-alba-iulia\\\/#primaryimage\",\"url\":\"https:\\\/\\\/urbeamea.ro\\\/albaiulia\\\/wp-content\\\/uploads\\\/2025\\\/11\\\/afisPRINCE.png\",\"contentUrl\":\"https:\\\/\\\/urbeamea.ro\\\/albaiulia\\\/wp-content\\\/uploads\\\/2025\\\/11\\\/afisPRINCE.png\",\"width\":1140,\"height\":1600},{\"@type\":\"BreadcrumbList\",\"@id\":\"https:\\\/\\\/urbeamea.ro\\\/albaiulia\\\/vernisajul-expozitiei-p-r-i-n-c-e-la-palatul-principilor-din-alba-iulia\\\/#breadcrumb\",\"itemListElement\":[{\"@type\":\"ListItem\",\"position\":1,\"name\":\"Prima pagin\u0103\",\"item\":\"https:\\\/\\\/urbeamea.ro\\\/albaiulia\\\/\"},{\"@type\":\"ListItem\",\"position\":2,\"name\":\"Vernisajul expozi\u021biei P.R.I.N.C.E. la Palatul Principilor din Alba Iulia\"}]},{\"@type\":\"WebSite\",\"@id\":\"https:\\\/\\\/urbeamea.ro\\\/albaiulia\\\/#website\",\"url\":\"https:\\\/\\\/urbeamea.ro\\\/albaiulia\\\/\",\"name\":\"Revista Urbea Mea, Stiri urbane\",\"description\":\"Evenimente \u0219i \u0219tiri din Alba Iulia, Sebe\u0219, Aiud, Blaj\",\"potentialAction\":[{\"@type\":\"SearchAction\",\"target\":{\"@type\":\"EntryPoint\",\"urlTemplate\":\"https:\\\/\\\/urbeamea.ro\\\/albaiulia\\\/?s={search_term_string}\"},\"query-input\":{\"@type\":\"PropertyValueSpecification\",\"valueRequired\":true,\"valueName\":\"search_term_string\"}}],\"inLanguage\":\"ro-RO\"},{\"@type\":\"Person\",\"@id\":\"https:\\\/\\\/urbeamea.ro\\\/albaiulia\\\/#\\\/schema\\\/person\\\/272ae98052f8ee8980f59848df070247\",\"name\":\"Redac\u021bia UrbeaMea\",\"image\":{\"@type\":\"ImageObject\",\"inLanguage\":\"ro-RO\",\"@id\":\"https:\\\/\\\/secure.gravatar.com\\\/avatar\\\/9ce5a9435071fa1037e8468053ead8e513dbbff59009d3069aadb85506d85a27?s=96&d=mm&r=g\",\"url\":\"https:\\\/\\\/secure.gravatar.com\\\/avatar\\\/9ce5a9435071fa1037e8468053ead8e513dbbff59009d3069aadb85506d85a27?s=96&d=mm&r=g\",\"contentUrl\":\"https:\\\/\\\/secure.gravatar.com\\\/avatar\\\/9ce5a9435071fa1037e8468053ead8e513dbbff59009d3069aadb85506d85a27?s=96&d=mm&r=g\",\"caption\":\"Redac\u021bia UrbeaMea\"},\"description\":\"contact@urbeamea.ro\",\"sameAs\":[\"https:\\\/\\\/www.urbeamea.ro\"],\"url\":\"https:\\\/\\\/urbeamea.ro\\\/albaiulia\\\/author\\\/redactia-urbeamea\\\/\"}]}<\/script>\n<!-- \/ Yoast SEO plugin. -->","yoast_head_json":{"title":"Vernisajul expozi\u021biei P.R.I.N.C.E. la Palatul Principilor din Alba Iulia - Revista Urbea Mea - Revista de Alba","description":"Centrul Cultural Palatul Principilor din Alba Iulia invit\u0103 publicul vineri, 28 noiembrie 2025, \u00eencep\u00e2nd cu ora 13:30, la vernisajul expozi\u021biei","robots":{"index":"index","follow":"follow","max-snippet":"max-snippet:-1","max-image-preview":"max-image-preview:large","max-video-preview":"max-video-preview:-1"},"canonical":"https:\/\/urbeamea.ro\/albaiulia\/vernisajul-expozitiei-p-r-i-n-c-e-la-palatul-principilor-din-alba-iulia\/","twitter_card":"summary_large_image","twitter_title":"Vernisajul expozi\u021biei P.R.I.N.C.E. la Palatul Principilor din Alba Iulia - Revista Urbea Mea - Revista de Alba","twitter_description":"Centrul Cultural Palatul Principilor din Alba Iulia invit\u0103 publicul vineri, 28 noiembrie 2025, \u00eencep\u00e2nd cu ora 13:30, la vernisajul expozi\u021biei","twitter_image":"https:\/\/urbeamea.ro\/albaiulia\/wp-content\/uploads\/2025\/11\/afisPRINCE.png","twitter_creator":"@urbeameaweb","twitter_site":"@urbeameaweb","schema":{"@context":"https:\/\/schema.org","@graph":[{"@type":"Article","@id":"https:\/\/urbeamea.ro\/albaiulia\/vernisajul-expozitiei-p-r-i-n-c-e-la-palatul-principilor-din-alba-iulia\/#article","isPartOf":{"@id":"https:\/\/urbeamea.ro\/albaiulia\/vernisajul-expozitiei-p-r-i-n-c-e-la-palatul-principilor-din-alba-iulia\/"},"author":{"name":"Redac\u021bia UrbeaMea","@id":"https:\/\/urbeamea.ro\/albaiulia\/#\/schema\/person\/272ae98052f8ee8980f59848df070247"},"headline":"Vernisajul expozi\u021biei P.R.I.N.C.E. la Palatul Principilor din Alba Iulia","datePublished":"2025-11-24T09:47:33+00:00","dateModified":"2025-11-24T09:47:34+00:00","mainEntityOfPage":{"@id":"https:\/\/urbeamea.ro\/albaiulia\/vernisajul-expozitiei-p-r-i-n-c-e-la-palatul-principilor-din-alba-iulia\/"},"wordCount":256,"commentCount":0,"image":{"@id":"https:\/\/urbeamea.ro\/albaiulia\/vernisajul-expozitiei-p-r-i-n-c-e-la-palatul-principilor-din-alba-iulia\/#primaryimage"},"thumbnailUrl":"https:\/\/urbeamea.ro\/albaiulia\/wp-content\/uploads\/2025\/11\/afisPRINCE.png","articleSection":["Evenimente"],"inLanguage":"ro-RO","potentialAction":[{"@type":"CommentAction","name":"Comment","target":["https:\/\/urbeamea.ro\/albaiulia\/vernisajul-expozitiei-p-r-i-n-c-e-la-palatul-principilor-din-alba-iulia\/#respond"]}]},{"@type":"WebPage","@id":"https:\/\/urbeamea.ro\/albaiulia\/vernisajul-expozitiei-p-r-i-n-c-e-la-palatul-principilor-din-alba-iulia\/","url":"https:\/\/urbeamea.ro\/albaiulia\/vernisajul-expozitiei-p-r-i-n-c-e-la-palatul-principilor-din-alba-iulia\/","name":"Vernisajul expozi\u021biei P.R.I.N.C.E. la Palatul Principilor din Alba Iulia - Revista Urbea Mea - Revista de Alba","isPartOf":{"@id":"https:\/\/urbeamea.ro\/albaiulia\/#website"},"primaryImageOfPage":{"@id":"https:\/\/urbeamea.ro\/albaiulia\/vernisajul-expozitiei-p-r-i-n-c-e-la-palatul-principilor-din-alba-iulia\/#primaryimage"},"image":{"@id":"https:\/\/urbeamea.ro\/albaiulia\/vernisajul-expozitiei-p-r-i-n-c-e-la-palatul-principilor-din-alba-iulia\/#primaryimage"},"thumbnailUrl":"https:\/\/urbeamea.ro\/albaiulia\/wp-content\/uploads\/2025\/11\/afisPRINCE.png","datePublished":"2025-11-24T09:47:33+00:00","dateModified":"2025-11-24T09:47:34+00:00","author":{"@id":"https:\/\/urbeamea.ro\/albaiulia\/#\/schema\/person\/272ae98052f8ee8980f59848df070247"},"description":"Centrul Cultural Palatul Principilor din Alba Iulia invit\u0103 publicul vineri, 28 noiembrie 2025, \u00eencep\u00e2nd cu ora 13:30, la vernisajul expozi\u021biei","breadcrumb":{"@id":"https:\/\/urbeamea.ro\/albaiulia\/vernisajul-expozitiei-p-r-i-n-c-e-la-palatul-principilor-din-alba-iulia\/#breadcrumb"},"inLanguage":"ro-RO","potentialAction":[{"@type":"ReadAction","target":["https:\/\/urbeamea.ro\/albaiulia\/vernisajul-expozitiei-p-r-i-n-c-e-la-palatul-principilor-din-alba-iulia\/"]}]},{"@type":"ImageObject","inLanguage":"ro-RO","@id":"https:\/\/urbeamea.ro\/albaiulia\/vernisajul-expozitiei-p-r-i-n-c-e-la-palatul-principilor-din-alba-iulia\/#primaryimage","url":"https:\/\/urbeamea.ro\/albaiulia\/wp-content\/uploads\/2025\/11\/afisPRINCE.png","contentUrl":"https:\/\/urbeamea.ro\/albaiulia\/wp-content\/uploads\/2025\/11\/afisPRINCE.png","width":1140,"height":1600},{"@type":"BreadcrumbList","@id":"https:\/\/urbeamea.ro\/albaiulia\/vernisajul-expozitiei-p-r-i-n-c-e-la-palatul-principilor-din-alba-iulia\/#breadcrumb","itemListElement":[{"@type":"ListItem","position":1,"name":"Prima pagin\u0103","item":"https:\/\/urbeamea.ro\/albaiulia\/"},{"@type":"ListItem","position":2,"name":"Vernisajul expozi\u021biei P.R.I.N.C.E. la Palatul Principilor din Alba Iulia"}]},{"@type":"WebSite","@id":"https:\/\/urbeamea.ro\/albaiulia\/#website","url":"https:\/\/urbeamea.ro\/albaiulia\/","name":"Revista Urbea Mea, Stiri urbane","description":"Evenimente \u0219i \u0219tiri din Alba Iulia, Sebe\u0219, Aiud, Blaj","potentialAction":[{"@type":"SearchAction","target":{"@type":"EntryPoint","urlTemplate":"https:\/\/urbeamea.ro\/albaiulia\/?s={search_term_string}"},"query-input":{"@type":"PropertyValueSpecification","valueRequired":true,"valueName":"search_term_string"}}],"inLanguage":"ro-RO"},{"@type":"Person","@id":"https:\/\/urbeamea.ro\/albaiulia\/#\/schema\/person\/272ae98052f8ee8980f59848df070247","name":"Redac\u021bia UrbeaMea","image":{"@type":"ImageObject","inLanguage":"ro-RO","@id":"https:\/\/secure.gravatar.com\/avatar\/9ce5a9435071fa1037e8468053ead8e513dbbff59009d3069aadb85506d85a27?s=96&d=mm&r=g","url":"https:\/\/secure.gravatar.com\/avatar\/9ce5a9435071fa1037e8468053ead8e513dbbff59009d3069aadb85506d85a27?s=96&d=mm&r=g","contentUrl":"https:\/\/secure.gravatar.com\/avatar\/9ce5a9435071fa1037e8468053ead8e513dbbff59009d3069aadb85506d85a27?s=96&d=mm&r=g","caption":"Redac\u021bia UrbeaMea"},"description":"contact@urbeamea.ro","sameAs":["https:\/\/www.urbeamea.ro"],"url":"https:\/\/urbeamea.ro\/albaiulia\/author\/redactia-urbeamea\/"}]}},"_links":{"self":[{"href":"https:\/\/urbeamea.ro\/albaiulia\/wp-json\/wp\/v2\/posts\/120528","targetHints":{"allow":["GET"]}}],"collection":[{"href":"https:\/\/urbeamea.ro\/albaiulia\/wp-json\/wp\/v2\/posts"}],"about":[{"href":"https:\/\/urbeamea.ro\/albaiulia\/wp-json\/wp\/v2\/types\/post"}],"author":[{"embeddable":true,"href":"https:\/\/urbeamea.ro\/albaiulia\/wp-json\/wp\/v2\/users\/16"}],"replies":[{"embeddable":true,"href":"https:\/\/urbeamea.ro\/albaiulia\/wp-json\/wp\/v2\/comments?post=120528"}],"version-history":[{"count":1,"href":"https:\/\/urbeamea.ro\/albaiulia\/wp-json\/wp\/v2\/posts\/120528\/revisions"}],"predecessor-version":[{"id":120530,"href":"https:\/\/urbeamea.ro\/albaiulia\/wp-json\/wp\/v2\/posts\/120528\/revisions\/120530"}],"wp:featuredmedia":[{"embeddable":true,"href":"https:\/\/urbeamea.ro\/albaiulia\/wp-json\/wp\/v2\/media\/120529"}],"wp:attachment":[{"href":"https:\/\/urbeamea.ro\/albaiulia\/wp-json\/wp\/v2\/media?parent=120528"}],"wp:term":[{"taxonomy":"category","embeddable":true,"href":"https:\/\/urbeamea.ro\/albaiulia\/wp-json\/wp\/v2\/categories?post=120528"},{"taxonomy":"post_tag","embeddable":true,"href":"https:\/\/urbeamea.ro\/albaiulia\/wp-json\/wp\/v2\/tags?post=120528"}],"curies":[{"name":"wp","href":"https:\/\/api.w.org\/{rel}","templated":true}]}}