{"id":120640,"date":"2025-12-13T11:28:31","date_gmt":"2025-12-13T09:28:31","guid":{"rendered":"https:\/\/urbeamea.ro\/albaiulia\/?p=120640"},"modified":"2025-12-13T11:28:33","modified_gmt":"2025-12-13T09:28:33","slug":"biblioteca-judeteana-lucian-blaga-alba-o-omagiaza-pe-elena-pogan-profesoara-care-a-dat-glas-tulnicului-in-muntii-apuseni","status":"publish","type":"post","link":"https:\/\/urbeamea.ro\/albaiulia\/biblioteca-judeteana-lucian-blaga-alba-o-omagiaza-pe-elena-pogan-profesoara-care-a-dat-glas-tulnicului-in-muntii-apuseni\/","title":{"rendered":"Biblioteca Jude\u021bean\u0103 \u201eLucian Blaga\u201d Alba, o omagiaz\u0103 pe Elena Pogan, profesoara care a dat glas tulnicului \u00een Mun\u021bii Apuseni"},"content":{"rendered":"\n<p>\u00cen <strong>urm\u0103 cu cincisprezece ani, la 13 decembrie 2010, se stingea din via\u021b\u0103 profesoara Elena Pogan, cea care, prin \u00eenfiin\u021barea grupului de tulnic\u0103rese de la T\u00e2rsa a promovat Mun\u021bii Apuseni \u0219i jude\u021bul Alba \u00een toate col\u021burile lumii.<\/strong><\/p>\n\n\n\n<p>\u00cen memoria ei, la Biblioteca Jude\u021bean\u0103 \u201eLucian Blaga\u201d Alba poate fi vizionat\u0103, \u00eencep\u00e2nd de ast\u0103zi, 12 decembrie 2025, expozi\u021bia documentar\u0103 \u201eElena Pogan la centenar\u201d, c\u0103ci anul acesta, la 20 iunie s-au \u00eemplinit o sut\u0103 de ani de la na\u0219terea sa.<\/p>\n\n\n\n<p>Expozi\u021bia cuprinde fotografii inedite din activitatea tulnic\u0103reselor din T\u00e2rsa, recuperate de pe diapozitive, pagini din presa vremii \u0219i c\u0103r\u021bi \u00een care au ap\u0103rut Elena Pogan \u0219i pre\u021bioasele sale moa\u021be, cu tulnicele lor.<\/p>\n\n\n\n<p>Profesoara Elena Pogan (20 iunie 1925 \u2013 13 decembrie 2010) s-a n\u0103scut \u00een satul T\u00e2rsa, comuna Avram Iancu, a absolvit liceul de la Abrud \u0219i a f\u0103cut studii superioare la Cluj, apoi \u00een refugiu la Sibiu \u0219i din nou la Cluj, unde a absolvit Institutul Pedagogic de 3 ani, cu specializare \u00een chimie \u0219i biologie.<\/p>\n\n\n\n<p>La cererea sa s-a re\u00eentors \u00een comuna natal\u0103 unde a predat chimie, biologie \u0219i muzic\u0103, p\u00e2n\u0103 la v\u00e2rsta pension\u0103rii. <\/p>\n\n\n\n<p>\u00cen paralel cu activitatea didactic\u0103 s-a \u00eenh\u0103mat la pre\u021bioasa munc\u0103 de salvgardare a tradi\u021biilor \u0219i obiceiurilor mo\u021be\u0219ti, coordon\u00e2nd activitatea cultural\u0103 din cadrul comunei Avram Iancu.<\/p>\n\n\n\n<p>In aceast\u0103 calitate, \u00een toamna anului 1960 a \u00eenfiin\u0163at \u015fi condus grupul de tulnic\u0103rese de la T\u00e2rsa cunoscut la nivel mondial, primul de acest fel din \u0163ar\u0103.<\/p>\n\n\n\n<p>Pentru ca lucrurile s\u0103 fie bine f\u0103cute a urmat cursurile \u0218colii Populare de Art\u0103, sec\u021bia dirijat, pe care a absolvit-o \u00een anul 1962.<\/p>\n\n\n\n<p>An dup\u0103 an, grupul de tulnic\u0103rese de la T\u00e2rsa a fost o prezen\u021b\u0103 constant\u0103 pe scene \u0219i o prezen\u021b\u0103 nelipsit\u0103 de la T\u00e2rgul de pe Muntele G\u0103ina, de la serb\u0103rile dedicate Cr\u0103i\u0219orului Mun\u021bilor la \u021aebea sau Serb\u0103rile Unirii de la Alba Iulia.<\/p>\n\n\n\n<p>La concursurile na\u021bionale \u0219i interna\u021bionale, tulnic\u0103resele au fost mereu premiate pentru originalitate, \u021binut\u0103 scenic\u0103, harul interpret\u0103rii, costumul popular \u0219i pentru unicitatea instrumentului la care c\u00e2ntau \u2013 tulnicul.<\/p>\n\n\n\n<p>Elena Pogan \u0219i grupul de tulnic\u0103rese au fost prezente pe genericul unor filme artistice \u0219i au fost protagonistele unor filme documentare cum ar fi: Tulnicul, Unirea Principatelor, Oameni \u0219i fapte, V\u00e2rstele omului etc., iar Ion Miclea \u0219i poetul Ion M\u0103rgineanu le-au dedicat mai multe pagini de carte. \u201eElena Pogan a fost un m\u0103nunchi de tricolor \u015fi De\u015fteapt\u0103-te Rom\u00e2ne\u201d, iar tulnic\u0103resele din Avram Iancu, conduse de ea \u201ecelebre cr\u00e2mpeie de frumuse\u0163e unic\u0103 \u015fi tulbur\u0103toare, care au devenit o \u0163ar\u0103 aparte a Doinei \u015fi Dorului din Mun\u0163ii Apuseni.<\/p>\n\n\n\n<p>Pasul f\u0103cut de Elena Pogan prin \u00eenfiin\u021barea grupului a dat valoare \u0219i dimensiune mondial\u0103 culturii autohtone \u0219i a \u00eembr\u0103cat Limba Rom\u00e2n\u0103 \u00een note muzicale, pe mari scene ale lumii, printr-un tulnicat nemaiauzit \u015fi nemaiv\u0103zut\u2026\u201d spune poetul Ion M\u0103rgineanu.<\/p>\n\n\n\n<p>Apreciindu-i meritele \u00een p\u0103strarea \u0219i promovarea tradi\u021biilor \u0219i obiceiurilor din Mun\u021bii Apuseni, prim\u0103ria din comuna Avram Iancu i-a conferit Elenei Pogan titlul de Cet\u0103\u021bean de Onoare al comunei.<\/p>\n\n\n\n<figure class=\"wp-block-image size-large\"><img loading=\"lazy\" decoding=\"async\" width=\"905\" height=\"1280\" src=\"https:\/\/urbeamea.ro\/albaiulia\/wp-content\/uploads\/2025\/12\/1000057462-905x1280.jpg\" alt=\"\" class=\"wp-image-120641\" srcset=\"https:\/\/urbeamea.ro\/albaiulia\/wp-content\/uploads\/2025\/12\/1000057462-905x1280.jpg 905w, https:\/\/urbeamea.ro\/albaiulia\/wp-content\/uploads\/2025\/12\/1000057462-452x640.jpg 452w, https:\/\/urbeamea.ro\/albaiulia\/wp-content\/uploads\/2025\/12\/1000057462-106x150.jpg 106w, https:\/\/urbeamea.ro\/albaiulia\/wp-content\/uploads\/2025\/12\/1000057462-768x1086.jpg 768w, https:\/\/urbeamea.ro\/albaiulia\/wp-content\/uploads\/2025\/12\/1000057462-1086x1536.jpg 1086w, https:\/\/urbeamea.ro\/albaiulia\/wp-content\/uploads\/2025\/12\/1000057462.jpg 1131w\" sizes=\"auto, (max-width: 905px) 100vw, 905px\" \/><\/figure>\n","protected":false},"excerpt":{"rendered":"<p>\u00cen urm\u0103 cu cincisprezece ani, la 13 decembrie 2010, se stingea din via\u021b\u0103 profesoara Elena Pogan, cea care, prin \u00eenfiin\u021barea grupului de tulnic\u0103rese de la T\u00e2rsa a promovat Mun\u021bii Apuseni \u0219i jude\u021bul Alba \u00een toate col\u021burile lumii. \u00cen memoria ei, la Biblioteca Jude\u021bean\u0103 \u201eLucian Blaga\u201d Alba poate fi vizionat\u0103, \u00eencep\u00e2nd de ast\u0103zi, 12 decembrie 2025, &hellip;<\/p>\n","protected":false},"author":28,"featured_media":120641,"comment_status":"open","ping_status":"open","sticky":false,"template":"","format":"standard","meta":{"inline_featured_image":false,"footnotes":""},"categories":[23926,2038,4,2036,2034,1,61,16344],"tags":[25471],"class_list":["post-120640","post","type-post","status-publish","format-standard","has-post-thumbnail","hentry","category-actualitate","category-cultura","category-eveniment","category-monden","category-social","category-stiri-urbane","category-turism","category-urbea-mea","tag-elena-pogan"],"yoast_head":"<!-- This site is optimized with the Yoast SEO plugin v27.4 - https:\/\/yoast.com\/product\/yoast-seo-wordpress\/ -->\n<title>Biblioteca Jude\u021bean\u0103 \u201eLucian Blaga\u201d Alba, o omagiaz\u0103 pe Elena Pogan, profesoara care a dat glas tulnicului \u00een Mun\u021bii Apuseni - Revista Urbea Mea - Revista de Alba<\/title>\n<meta name=\"description\" content=\"\u00cen urm\u0103 cu cincisprezece ani, la 13 decembrie 2010, se stingea din via\u021b\u0103 profesoara Elena Pogan, cea care, prin \u00eenfiin\u021barea grupului de tulnic\u0103rese de la\" \/>\n<meta name=\"robots\" content=\"index, follow, max-snippet:-1, max-image-preview:large, max-video-preview:-1\" \/>\n<link rel=\"canonical\" href=\"https:\/\/urbeamea.ro\/albaiulia\/biblioteca-judeteana-lucian-blaga-alba-o-omagiaza-pe-elena-pogan-profesoara-care-a-dat-glas-tulnicului-in-muntii-apuseni\/\" \/>\n<meta name=\"twitter:card\" content=\"summary_large_image\" \/>\n<meta name=\"twitter:title\" content=\"Biblioteca Jude\u021bean\u0103 \u201eLucian Blaga\u201d Alba, o omagiaz\u0103 pe Elena Pogan, profesoara care a dat glas tulnicului \u00een Mun\u021bii Apuseni - Revista Urbea Mea - Revista de Alba\" \/>\n<meta name=\"twitter:description\" content=\"\u00cen urm\u0103 cu cincisprezece ani, la 13 decembrie 2010, se stingea din via\u021b\u0103 profesoara Elena Pogan, cea care, prin \u00eenfiin\u021barea grupului de tulnic\u0103rese de la\" \/>\n<meta name=\"twitter:image\" content=\"https:\/\/urbeamea.ro\/albaiulia\/wp-content\/uploads\/2025\/12\/1000057462.jpg\" \/>\n<meta name=\"twitter:creator\" content=\"@urbeameaweb\" \/>\n<meta name=\"twitter:site\" content=\"@urbeameaweb\" \/>\n<script type=\"application\/ld+json\" class=\"yoast-schema-graph\">{\"@context\":\"https:\\\/\\\/schema.org\",\"@graph\":[{\"@type\":\"Article\",\"@id\":\"https:\\\/\\\/urbeamea.ro\\\/albaiulia\\\/biblioteca-judeteana-lucian-blaga-alba-o-omagiaza-pe-elena-pogan-profesoara-care-a-dat-glas-tulnicului-in-muntii-apuseni\\\/#article\",\"isPartOf\":{\"@id\":\"https:\\\/\\\/urbeamea.ro\\\/albaiulia\\\/biblioteca-judeteana-lucian-blaga-alba-o-omagiaza-pe-elena-pogan-profesoara-care-a-dat-glas-tulnicului-in-muntii-apuseni\\\/\"},\"author\":{\"name\":\"Giurca Sorin\",\"@id\":\"https:\\\/\\\/urbeamea.ro\\\/albaiulia\\\/#\\\/schema\\\/person\\\/5db3854ac38c1cc9f0ab4092d6a20f02\"},\"headline\":\"Biblioteca Jude\u021bean\u0103 \u201eLucian Blaga\u201d Alba, o omagiaz\u0103 pe Elena Pogan, profesoara care a dat glas tulnicului \u00een Mun\u021bii Apuseni\",\"datePublished\":\"2025-12-13T09:28:31+00:00\",\"dateModified\":\"2025-12-13T09:28:33+00:00\",\"mainEntityOfPage\":{\"@id\":\"https:\\\/\\\/urbeamea.ro\\\/albaiulia\\\/biblioteca-judeteana-lucian-blaga-alba-o-omagiaza-pe-elena-pogan-profesoara-care-a-dat-glas-tulnicului-in-muntii-apuseni\\\/\"},\"wordCount\":561,\"commentCount\":0,\"image\":{\"@id\":\"https:\\\/\\\/urbeamea.ro\\\/albaiulia\\\/biblioteca-judeteana-lucian-blaga-alba-o-omagiaza-pe-elena-pogan-profesoara-care-a-dat-glas-tulnicului-in-muntii-apuseni\\\/#primaryimage\"},\"thumbnailUrl\":\"https:\\\/\\\/urbeamea.ro\\\/albaiulia\\\/wp-content\\\/uploads\\\/2025\\\/12\\\/1000057462.jpg\",\"keywords\":[\"Elena pogan\"],\"articleSection\":[\"Actualitate\",\"Cultur\u0103\",\"Evenimente\",\"Monden\",\"Social\",\"\u015etiri Urbane\",\"Turism \u0219i Ghidaj turistic\",\"Urbea Mea\"],\"inLanguage\":\"ro-RO\",\"potentialAction\":[{\"@type\":\"CommentAction\",\"name\":\"Comment\",\"target\":[\"https:\\\/\\\/urbeamea.ro\\\/albaiulia\\\/biblioteca-judeteana-lucian-blaga-alba-o-omagiaza-pe-elena-pogan-profesoara-care-a-dat-glas-tulnicului-in-muntii-apuseni\\\/#respond\"]}]},{\"@type\":\"WebPage\",\"@id\":\"https:\\\/\\\/urbeamea.ro\\\/albaiulia\\\/biblioteca-judeteana-lucian-blaga-alba-o-omagiaza-pe-elena-pogan-profesoara-care-a-dat-glas-tulnicului-in-muntii-apuseni\\\/\",\"url\":\"https:\\\/\\\/urbeamea.ro\\\/albaiulia\\\/biblioteca-judeteana-lucian-blaga-alba-o-omagiaza-pe-elena-pogan-profesoara-care-a-dat-glas-tulnicului-in-muntii-apuseni\\\/\",\"name\":\"Biblioteca Jude\u021bean\u0103 \u201eLucian Blaga\u201d Alba, o omagiaz\u0103 pe Elena Pogan, profesoara care a dat glas tulnicului \u00een Mun\u021bii Apuseni - Revista Urbea Mea - Revista de Alba\",\"isPartOf\":{\"@id\":\"https:\\\/\\\/urbeamea.ro\\\/albaiulia\\\/#website\"},\"primaryImageOfPage\":{\"@id\":\"https:\\\/\\\/urbeamea.ro\\\/albaiulia\\\/biblioteca-judeteana-lucian-blaga-alba-o-omagiaza-pe-elena-pogan-profesoara-care-a-dat-glas-tulnicului-in-muntii-apuseni\\\/#primaryimage\"},\"image\":{\"@id\":\"https:\\\/\\\/urbeamea.ro\\\/albaiulia\\\/biblioteca-judeteana-lucian-blaga-alba-o-omagiaza-pe-elena-pogan-profesoara-care-a-dat-glas-tulnicului-in-muntii-apuseni\\\/#primaryimage\"},\"thumbnailUrl\":\"https:\\\/\\\/urbeamea.ro\\\/albaiulia\\\/wp-content\\\/uploads\\\/2025\\\/12\\\/1000057462.jpg\",\"datePublished\":\"2025-12-13T09:28:31+00:00\",\"dateModified\":\"2025-12-13T09:28:33+00:00\",\"author\":{\"@id\":\"https:\\\/\\\/urbeamea.ro\\\/albaiulia\\\/#\\\/schema\\\/person\\\/5db3854ac38c1cc9f0ab4092d6a20f02\"},\"description\":\"\u00cen urm\u0103 cu cincisprezece ani, la 13 decembrie 2010, se stingea din via\u021b\u0103 profesoara Elena Pogan, cea care, prin \u00eenfiin\u021barea grupului de tulnic\u0103rese de la\",\"breadcrumb\":{\"@id\":\"https:\\\/\\\/urbeamea.ro\\\/albaiulia\\\/biblioteca-judeteana-lucian-blaga-alba-o-omagiaza-pe-elena-pogan-profesoara-care-a-dat-glas-tulnicului-in-muntii-apuseni\\\/#breadcrumb\"},\"inLanguage\":\"ro-RO\",\"potentialAction\":[{\"@type\":\"ReadAction\",\"target\":[\"https:\\\/\\\/urbeamea.ro\\\/albaiulia\\\/biblioteca-judeteana-lucian-blaga-alba-o-omagiaza-pe-elena-pogan-profesoara-care-a-dat-glas-tulnicului-in-muntii-apuseni\\\/\"]}]},{\"@type\":\"ImageObject\",\"inLanguage\":\"ro-RO\",\"@id\":\"https:\\\/\\\/urbeamea.ro\\\/albaiulia\\\/biblioteca-judeteana-lucian-blaga-alba-o-omagiaza-pe-elena-pogan-profesoara-care-a-dat-glas-tulnicului-in-muntii-apuseni\\\/#primaryimage\",\"url\":\"https:\\\/\\\/urbeamea.ro\\\/albaiulia\\\/wp-content\\\/uploads\\\/2025\\\/12\\\/1000057462.jpg\",\"contentUrl\":\"https:\\\/\\\/urbeamea.ro\\\/albaiulia\\\/wp-content\\\/uploads\\\/2025\\\/12\\\/1000057462.jpg\",\"width\":1131,\"height\":1600},{\"@type\":\"BreadcrumbList\",\"@id\":\"https:\\\/\\\/urbeamea.ro\\\/albaiulia\\\/biblioteca-judeteana-lucian-blaga-alba-o-omagiaza-pe-elena-pogan-profesoara-care-a-dat-glas-tulnicului-in-muntii-apuseni\\\/#breadcrumb\",\"itemListElement\":[{\"@type\":\"ListItem\",\"position\":1,\"name\":\"Prima pagin\u0103\",\"item\":\"https:\\\/\\\/urbeamea.ro\\\/albaiulia\\\/\"},{\"@type\":\"ListItem\",\"position\":2,\"name\":\"Biblioteca Jude\u021bean\u0103 \u201eLucian Blaga\u201d Alba, o omagiaz\u0103 pe Elena Pogan, profesoara care a dat glas tulnicului \u00een Mun\u021bii Apuseni\"}]},{\"@type\":\"WebSite\",\"@id\":\"https:\\\/\\\/urbeamea.ro\\\/albaiulia\\\/#website\",\"url\":\"https:\\\/\\\/urbeamea.ro\\\/albaiulia\\\/\",\"name\":\"Revista Urbea Mea, Stiri urbane\",\"description\":\"Evenimente \u0219i \u0219tiri din Alba Iulia, Sebe\u0219, Aiud, Blaj\",\"potentialAction\":[{\"@type\":\"SearchAction\",\"target\":{\"@type\":\"EntryPoint\",\"urlTemplate\":\"https:\\\/\\\/urbeamea.ro\\\/albaiulia\\\/?s={search_term_string}\"},\"query-input\":{\"@type\":\"PropertyValueSpecification\",\"valueRequired\":true,\"valueName\":\"search_term_string\"}}],\"inLanguage\":\"ro-RO\"},{\"@type\":\"Person\",\"@id\":\"https:\\\/\\\/urbeamea.ro\\\/albaiulia\\\/#\\\/schema\\\/person\\\/5db3854ac38c1cc9f0ab4092d6a20f02\",\"name\":\"Giurca Sorin\",\"image\":{\"@type\":\"ImageObject\",\"inLanguage\":\"ro-RO\",\"@id\":\"https:\\\/\\\/secure.gravatar.com\\\/avatar\\\/120f6fcae7b3b47a7730cb9943f612f4909f68ac5284b5f40ac1c4615fd70576?s=96&d=mm&r=g\",\"url\":\"https:\\\/\\\/secure.gravatar.com\\\/avatar\\\/120f6fcae7b3b47a7730cb9943f612f4909f68ac5284b5f40ac1c4615fd70576?s=96&d=mm&r=g\",\"contentUrl\":\"https:\\\/\\\/secure.gravatar.com\\\/avatar\\\/120f6fcae7b3b47a7730cb9943f612f4909f68ac5284b5f40ac1c4615fd70576?s=96&d=mm&r=g\",\"caption\":\"Giurca Sorin\"},\"url\":\"https:\\\/\\\/urbeamea.ro\\\/albaiulia\\\/author\\\/sorin\\\/\"}]}<\/script>\n<!-- \/ Yoast SEO plugin. -->","yoast_head_json":{"title":"Biblioteca Jude\u021bean\u0103 \u201eLucian Blaga\u201d Alba, o omagiaz\u0103 pe Elena Pogan, profesoara care a dat glas tulnicului \u00een Mun\u021bii Apuseni - Revista Urbea Mea - Revista de Alba","description":"\u00cen urm\u0103 cu cincisprezece ani, la 13 decembrie 2010, se stingea din via\u021b\u0103 profesoara Elena Pogan, cea care, prin \u00eenfiin\u021barea grupului de tulnic\u0103rese de la","robots":{"index":"index","follow":"follow","max-snippet":"max-snippet:-1","max-image-preview":"max-image-preview:large","max-video-preview":"max-video-preview:-1"},"canonical":"https:\/\/urbeamea.ro\/albaiulia\/biblioteca-judeteana-lucian-blaga-alba-o-omagiaza-pe-elena-pogan-profesoara-care-a-dat-glas-tulnicului-in-muntii-apuseni\/","twitter_card":"summary_large_image","twitter_title":"Biblioteca Jude\u021bean\u0103 \u201eLucian Blaga\u201d Alba, o omagiaz\u0103 pe Elena Pogan, profesoara care a dat glas tulnicului \u00een Mun\u021bii Apuseni - Revista Urbea Mea - Revista de Alba","twitter_description":"\u00cen urm\u0103 cu cincisprezece ani, la 13 decembrie 2010, se stingea din via\u021b\u0103 profesoara Elena Pogan, cea care, prin \u00eenfiin\u021barea grupului de tulnic\u0103rese de la","twitter_image":"https:\/\/urbeamea.ro\/albaiulia\/wp-content\/uploads\/2025\/12\/1000057462.jpg","twitter_creator":"@urbeameaweb","twitter_site":"@urbeameaweb","schema":{"@context":"https:\/\/schema.org","@graph":[{"@type":"Article","@id":"https:\/\/urbeamea.ro\/albaiulia\/biblioteca-judeteana-lucian-blaga-alba-o-omagiaza-pe-elena-pogan-profesoara-care-a-dat-glas-tulnicului-in-muntii-apuseni\/#article","isPartOf":{"@id":"https:\/\/urbeamea.ro\/albaiulia\/biblioteca-judeteana-lucian-blaga-alba-o-omagiaza-pe-elena-pogan-profesoara-care-a-dat-glas-tulnicului-in-muntii-apuseni\/"},"author":{"name":"Giurca Sorin","@id":"https:\/\/urbeamea.ro\/albaiulia\/#\/schema\/person\/5db3854ac38c1cc9f0ab4092d6a20f02"},"headline":"Biblioteca Jude\u021bean\u0103 \u201eLucian Blaga\u201d Alba, o omagiaz\u0103 pe Elena Pogan, profesoara care a dat glas tulnicului \u00een Mun\u021bii Apuseni","datePublished":"2025-12-13T09:28:31+00:00","dateModified":"2025-12-13T09:28:33+00:00","mainEntityOfPage":{"@id":"https:\/\/urbeamea.ro\/albaiulia\/biblioteca-judeteana-lucian-blaga-alba-o-omagiaza-pe-elena-pogan-profesoara-care-a-dat-glas-tulnicului-in-muntii-apuseni\/"},"wordCount":561,"commentCount":0,"image":{"@id":"https:\/\/urbeamea.ro\/albaiulia\/biblioteca-judeteana-lucian-blaga-alba-o-omagiaza-pe-elena-pogan-profesoara-care-a-dat-glas-tulnicului-in-muntii-apuseni\/#primaryimage"},"thumbnailUrl":"https:\/\/urbeamea.ro\/albaiulia\/wp-content\/uploads\/2025\/12\/1000057462.jpg","keywords":["Elena pogan"],"articleSection":["Actualitate","Cultur\u0103","Evenimente","Monden","Social","\u015etiri Urbane","Turism \u0219i Ghidaj turistic","Urbea Mea"],"inLanguage":"ro-RO","potentialAction":[{"@type":"CommentAction","name":"Comment","target":["https:\/\/urbeamea.ro\/albaiulia\/biblioteca-judeteana-lucian-blaga-alba-o-omagiaza-pe-elena-pogan-profesoara-care-a-dat-glas-tulnicului-in-muntii-apuseni\/#respond"]}]},{"@type":"WebPage","@id":"https:\/\/urbeamea.ro\/albaiulia\/biblioteca-judeteana-lucian-blaga-alba-o-omagiaza-pe-elena-pogan-profesoara-care-a-dat-glas-tulnicului-in-muntii-apuseni\/","url":"https:\/\/urbeamea.ro\/albaiulia\/biblioteca-judeteana-lucian-blaga-alba-o-omagiaza-pe-elena-pogan-profesoara-care-a-dat-glas-tulnicului-in-muntii-apuseni\/","name":"Biblioteca Jude\u021bean\u0103 \u201eLucian Blaga\u201d Alba, o omagiaz\u0103 pe Elena Pogan, profesoara care a dat glas tulnicului \u00een Mun\u021bii Apuseni - Revista Urbea Mea - Revista de Alba","isPartOf":{"@id":"https:\/\/urbeamea.ro\/albaiulia\/#website"},"primaryImageOfPage":{"@id":"https:\/\/urbeamea.ro\/albaiulia\/biblioteca-judeteana-lucian-blaga-alba-o-omagiaza-pe-elena-pogan-profesoara-care-a-dat-glas-tulnicului-in-muntii-apuseni\/#primaryimage"},"image":{"@id":"https:\/\/urbeamea.ro\/albaiulia\/biblioteca-judeteana-lucian-blaga-alba-o-omagiaza-pe-elena-pogan-profesoara-care-a-dat-glas-tulnicului-in-muntii-apuseni\/#primaryimage"},"thumbnailUrl":"https:\/\/urbeamea.ro\/albaiulia\/wp-content\/uploads\/2025\/12\/1000057462.jpg","datePublished":"2025-12-13T09:28:31+00:00","dateModified":"2025-12-13T09:28:33+00:00","author":{"@id":"https:\/\/urbeamea.ro\/albaiulia\/#\/schema\/person\/5db3854ac38c1cc9f0ab4092d6a20f02"},"description":"\u00cen urm\u0103 cu cincisprezece ani, la 13 decembrie 2010, se stingea din via\u021b\u0103 profesoara Elena Pogan, cea care, prin \u00eenfiin\u021barea grupului de tulnic\u0103rese de la","breadcrumb":{"@id":"https:\/\/urbeamea.ro\/albaiulia\/biblioteca-judeteana-lucian-blaga-alba-o-omagiaza-pe-elena-pogan-profesoara-care-a-dat-glas-tulnicului-in-muntii-apuseni\/#breadcrumb"},"inLanguage":"ro-RO","potentialAction":[{"@type":"ReadAction","target":["https:\/\/urbeamea.ro\/albaiulia\/biblioteca-judeteana-lucian-blaga-alba-o-omagiaza-pe-elena-pogan-profesoara-care-a-dat-glas-tulnicului-in-muntii-apuseni\/"]}]},{"@type":"ImageObject","inLanguage":"ro-RO","@id":"https:\/\/urbeamea.ro\/albaiulia\/biblioteca-judeteana-lucian-blaga-alba-o-omagiaza-pe-elena-pogan-profesoara-care-a-dat-glas-tulnicului-in-muntii-apuseni\/#primaryimage","url":"https:\/\/urbeamea.ro\/albaiulia\/wp-content\/uploads\/2025\/12\/1000057462.jpg","contentUrl":"https:\/\/urbeamea.ro\/albaiulia\/wp-content\/uploads\/2025\/12\/1000057462.jpg","width":1131,"height":1600},{"@type":"BreadcrumbList","@id":"https:\/\/urbeamea.ro\/albaiulia\/biblioteca-judeteana-lucian-blaga-alba-o-omagiaza-pe-elena-pogan-profesoara-care-a-dat-glas-tulnicului-in-muntii-apuseni\/#breadcrumb","itemListElement":[{"@type":"ListItem","position":1,"name":"Prima pagin\u0103","item":"https:\/\/urbeamea.ro\/albaiulia\/"},{"@type":"ListItem","position":2,"name":"Biblioteca Jude\u021bean\u0103 \u201eLucian Blaga\u201d Alba, o omagiaz\u0103 pe Elena Pogan, profesoara care a dat glas tulnicului \u00een Mun\u021bii Apuseni"}]},{"@type":"WebSite","@id":"https:\/\/urbeamea.ro\/albaiulia\/#website","url":"https:\/\/urbeamea.ro\/albaiulia\/","name":"Revista Urbea Mea, Stiri urbane","description":"Evenimente \u0219i \u0219tiri din Alba Iulia, Sebe\u0219, Aiud, Blaj","potentialAction":[{"@type":"SearchAction","target":{"@type":"EntryPoint","urlTemplate":"https:\/\/urbeamea.ro\/albaiulia\/?s={search_term_string}"},"query-input":{"@type":"PropertyValueSpecification","valueRequired":true,"valueName":"search_term_string"}}],"inLanguage":"ro-RO"},{"@type":"Person","@id":"https:\/\/urbeamea.ro\/albaiulia\/#\/schema\/person\/5db3854ac38c1cc9f0ab4092d6a20f02","name":"Giurca Sorin","image":{"@type":"ImageObject","inLanguage":"ro-RO","@id":"https:\/\/secure.gravatar.com\/avatar\/120f6fcae7b3b47a7730cb9943f612f4909f68ac5284b5f40ac1c4615fd70576?s=96&d=mm&r=g","url":"https:\/\/secure.gravatar.com\/avatar\/120f6fcae7b3b47a7730cb9943f612f4909f68ac5284b5f40ac1c4615fd70576?s=96&d=mm&r=g","contentUrl":"https:\/\/secure.gravatar.com\/avatar\/120f6fcae7b3b47a7730cb9943f612f4909f68ac5284b5f40ac1c4615fd70576?s=96&d=mm&r=g","caption":"Giurca Sorin"},"url":"https:\/\/urbeamea.ro\/albaiulia\/author\/sorin\/"}]}},"_links":{"self":[{"href":"https:\/\/urbeamea.ro\/albaiulia\/wp-json\/wp\/v2\/posts\/120640","targetHints":{"allow":["GET"]}}],"collection":[{"href":"https:\/\/urbeamea.ro\/albaiulia\/wp-json\/wp\/v2\/posts"}],"about":[{"href":"https:\/\/urbeamea.ro\/albaiulia\/wp-json\/wp\/v2\/types\/post"}],"author":[{"embeddable":true,"href":"https:\/\/urbeamea.ro\/albaiulia\/wp-json\/wp\/v2\/users\/28"}],"replies":[{"embeddable":true,"href":"https:\/\/urbeamea.ro\/albaiulia\/wp-json\/wp\/v2\/comments?post=120640"}],"version-history":[{"count":1,"href":"https:\/\/urbeamea.ro\/albaiulia\/wp-json\/wp\/v2\/posts\/120640\/revisions"}],"predecessor-version":[{"id":120642,"href":"https:\/\/urbeamea.ro\/albaiulia\/wp-json\/wp\/v2\/posts\/120640\/revisions\/120642"}],"wp:featuredmedia":[{"embeddable":true,"href":"https:\/\/urbeamea.ro\/albaiulia\/wp-json\/wp\/v2\/media\/120641"}],"wp:attachment":[{"href":"https:\/\/urbeamea.ro\/albaiulia\/wp-json\/wp\/v2\/media?parent=120640"}],"wp:term":[{"taxonomy":"category","embeddable":true,"href":"https:\/\/urbeamea.ro\/albaiulia\/wp-json\/wp\/v2\/categories?post=120640"},{"taxonomy":"post_tag","embeddable":true,"href":"https:\/\/urbeamea.ro\/albaiulia\/wp-json\/wp\/v2\/tags?post=120640"}],"curies":[{"name":"wp","href":"https:\/\/api.w.org\/{rel}","templated":true}]}}