{"id":121063,"date":"2026-01-06T21:07:24","date_gmt":"2026-01-06T19:07:24","guid":{"rendered":"https:\/\/urbeamea.ro\/albaiulia\/?p=121063"},"modified":"2026-01-06T21:07:25","modified_gmt":"2026-01-06T19:07:25","slug":"turisti-blocati-in-poarta-raiului-salvati-de-jandarmii-montani-din-sugag","status":"publish","type":"post","link":"https:\/\/urbeamea.ro\/albaiulia\/turisti-blocati-in-poarta-raiului-salvati-de-jandarmii-montani-din-sugag\/","title":{"rendered":"Turi\u0219ti bloca\u021bi \u00een Poarta Raiului, salva\u021bi de jandarmii montani din \u0218ugag"},"content":{"rendered":"\n<p><strong>Un<\/strong> <strong>grup format din doi adul\u021bi \u0219i doi copii, au fost salva\u0163i miercuri, de jandarmii montani din \u0218ugag, dup\u0103 ce ma\u015fina \u00een care se aflau a fost blocat\u0103 din cauza stratului mare de z\u0103pad\u0103 \u00een zona Poarta Raiului.<\/strong><\/p>\n\n\n\n<p>Potrivit Inspectoratului de Jandarmi Jude\u0163ean Alba, ast\u0103zi, \u00een jurul orei 16:50, Inspectoratul de Jandarmi Jude\u021bean Alba a fost sesizat prin apel la num\u0103rul unic de urgen\u021b\u0103 112 cu privire la faptul c\u0103 un autoturism a r\u0103mas \u00eempotmolit \u00een z\u0103pad\u0103 \u00een comuna \u0218ugag, zona Poarta Raiului, pe drumul dintre sta\u021biunea turistic\u0103 \u0218ureanu \u0219i localitatea \u0218ugag.<\/p>\n\n\n\n<p>Apelantul a precizat c\u0103 \u00een autoturism se aflau \u0219i doi minori, \u00een v\u00e2rst\u0103 de 6 \u0219i 2 ani, situa\u021bie care impunea o interven\u021bie rapid\u0103.<\/p>\n\n\n\n<p>La fa\u021ba locului s-a deplasat patrula de jandarmi montani din cadrul Postului de Jandarmi Montan \u0218ugag, care a acordat sprijin persoanelor aflate \u00een dificultate.\u00cen urma interven\u021biei, autoturismul a fost repus \u00een mi\u0219care, iar toate persoanele \u0219i-au reluat deplasarea \u00een siguran\u021b\u0103, f\u0103r\u0103 a fi necesar\u0103 acordarea de \u00eengrijiri medicale.<\/p>\n\n\n\n<p>Inspectoratul de Jandarmi Jude\u021bean Alba recomand\u0103 tuturor conduc\u0103torilor auto care se deplaseaz\u0103 \u00een zonele montane s\u0103 \u00ee\u0219i echipeze corespunz\u0103tor autovehiculele \u0219i s\u0103 se informeze \u00een prealabil cu privire la condi\u021biile meteo \u0219i de drum.<\/p>\n\n\n\n<figure class=\"wp-block-gallery has-nested-images columns-default is-cropped wp-block-gallery-1 is-layout-flex wp-block-gallery-is-layout-flex\">\n<figure class=\"wp-block-image size-large\"><img loading=\"lazy\" decoding=\"async\" width=\"1080\" height=\"656\" data-id=\"121064\" src=\"https:\/\/urbeamea.ro\/albaiulia\/wp-content\/uploads\/2026\/01\/1000061223.jpg\" alt=\"\" class=\"wp-image-121064\" srcset=\"https:\/\/urbeamea.ro\/albaiulia\/wp-content\/uploads\/2026\/01\/1000061223.jpg 1080w, https:\/\/urbeamea.ro\/albaiulia\/wp-content\/uploads\/2026\/01\/1000061223-640x389.jpg 640w, https:\/\/urbeamea.ro\/albaiulia\/wp-content\/uploads\/2026\/01\/1000061223-150x91.jpg 150w, https:\/\/urbeamea.ro\/albaiulia\/wp-content\/uploads\/2026\/01\/1000061223-768x466.jpg 768w\" sizes=\"auto, (max-width: 1080px) 100vw, 1080px\" \/><\/figure>\n\n\n\n<figure class=\"wp-block-image size-large\"><img loading=\"lazy\" decoding=\"async\" width=\"1080\" height=\"646\" data-id=\"121065\" src=\"https:\/\/urbeamea.ro\/albaiulia\/wp-content\/uploads\/2026\/01\/1000061224.jpg\" alt=\"\" class=\"wp-image-121065\" srcset=\"https:\/\/urbeamea.ro\/albaiulia\/wp-content\/uploads\/2026\/01\/1000061224.jpg 1080w, https:\/\/urbeamea.ro\/albaiulia\/wp-content\/uploads\/2026\/01\/1000061224-640x383.jpg 640w, https:\/\/urbeamea.ro\/albaiulia\/wp-content\/uploads\/2026\/01\/1000061224-150x90.jpg 150w, https:\/\/urbeamea.ro\/albaiulia\/wp-content\/uploads\/2026\/01\/1000061224-768x459.jpg 768w\" sizes=\"auto, (max-width: 1080px) 100vw, 1080px\" \/><\/figure>\n\n\n\n<figure class=\"wp-block-image size-large\"><img loading=\"lazy\" decoding=\"async\" width=\"1064\" height=\"694\" data-id=\"121066\" src=\"https:\/\/urbeamea.ro\/albaiulia\/wp-content\/uploads\/2026\/01\/1000061225.jpg\" alt=\"\" class=\"wp-image-121066\" srcset=\"https:\/\/urbeamea.ro\/albaiulia\/wp-content\/uploads\/2026\/01\/1000061225.jpg 1064w, https:\/\/urbeamea.ro\/albaiulia\/wp-content\/uploads\/2026\/01\/1000061225-640x417.jpg 640w, https:\/\/urbeamea.ro\/albaiulia\/wp-content\/uploads\/2026\/01\/1000061225-150x98.jpg 150w, https:\/\/urbeamea.ro\/albaiulia\/wp-content\/uploads\/2026\/01\/1000061225-768x501.jpg 768w\" sizes=\"auto, (max-width: 1064px) 100vw, 1064px\" \/><\/figure>\n<\/figure>\n\n\n\n<p><\/p>\n","protected":false},"excerpt":{"rendered":"<p>Un grup format din doi adul\u021bi \u0219i doi copii, au fost salva\u0163i miercuri, de jandarmii montani din \u0218ugag, dup\u0103 ce ma\u015fina \u00een care se aflau a fost blocat\u0103 din cauza stratului mare de z\u0103pad\u0103 \u00een zona Poarta Raiului. Potrivit Inspectoratului de Jandarmi Jude\u0163ean Alba, ast\u0103zi, \u00een jurul orei 16:50, Inspectoratul de Jandarmi Jude\u021bean Alba a &hellip;<\/p>\n","protected":false},"author":28,"featured_media":121065,"comment_status":"open","ping_status":"open","sticky":false,"template":"","format":"standard","meta":{"inline_featured_image":false,"footnotes":""},"categories":[23926,4,2034,1,16344],"tags":[7754,1520],"class_list":["post-121063","post","type-post","status-publish","format-standard","has-post-thumbnail","hentry","category-actualitate","category-eveniment","category-social","category-stiri-urbane","category-urbea-mea","tag-jandarmeria-alba","tag-poarta-raiului"],"yoast_head":"<!-- This site is optimized with the Yoast SEO plugin v27.4 - https:\/\/yoast.com\/product\/yoast-seo-wordpress\/ -->\n<title>Turi\u0219ti bloca\u021bi \u00een Poarta Raiului, salva\u021bi de jandarmii montani din \u0218ugag - Revista Urbea Mea - Revista de Alba<\/title>\n<meta name=\"description\" content=\"Un grup format din doi adul\u021bi \u0219i doi copii, au fost salva\u0163i miercuri, de jandarmii montani din \u0218ugag, dup\u0103 ce ma\u015fina \u00een care se aflau a fost blocat\u0103 din\" \/>\n<meta name=\"robots\" content=\"index, follow, max-snippet:-1, max-image-preview:large, max-video-preview:-1\" \/>\n<link rel=\"canonical\" href=\"https:\/\/urbeamea.ro\/albaiulia\/turisti-blocati-in-poarta-raiului-salvati-de-jandarmii-montani-din-sugag\/\" \/>\n<meta name=\"twitter:card\" content=\"summary_large_image\" \/>\n<meta name=\"twitter:title\" content=\"Turi\u0219ti bloca\u021bi \u00een Poarta Raiului, salva\u021bi de jandarmii montani din \u0218ugag - Revista Urbea Mea - Revista de Alba\" \/>\n<meta name=\"twitter:description\" content=\"Un grup format din doi adul\u021bi \u0219i doi copii, au fost salva\u0163i miercuri, de jandarmii montani din \u0218ugag, dup\u0103 ce ma\u015fina \u00een care se aflau a fost blocat\u0103 din\" \/>\n<meta name=\"twitter:image\" content=\"https:\/\/urbeamea.ro\/albaiulia\/wp-content\/uploads\/2026\/01\/1000061224.jpg\" \/>\n<meta name=\"twitter:creator\" content=\"@urbeameaweb\" \/>\n<meta name=\"twitter:site\" content=\"@urbeameaweb\" \/>\n<script type=\"application\/ld+json\" class=\"yoast-schema-graph\">{\"@context\":\"https:\\\/\\\/schema.org\",\"@graph\":[{\"@type\":\"Article\",\"@id\":\"https:\\\/\\\/urbeamea.ro\\\/albaiulia\\\/turisti-blocati-in-poarta-raiului-salvati-de-jandarmii-montani-din-sugag\\\/#article\",\"isPartOf\":{\"@id\":\"https:\\\/\\\/urbeamea.ro\\\/albaiulia\\\/turisti-blocati-in-poarta-raiului-salvati-de-jandarmii-montani-din-sugag\\\/\"},\"author\":{\"name\":\"Giurca Sorin\",\"@id\":\"https:\\\/\\\/urbeamea.ro\\\/albaiulia\\\/#\\\/schema\\\/person\\\/5db3854ac38c1cc9f0ab4092d6a20f02\"},\"headline\":\"Turi\u0219ti bloca\u021bi \u00een Poarta Raiului, salva\u021bi de jandarmii montani din \u0218ugag\",\"datePublished\":\"2026-01-06T19:07:24+00:00\",\"dateModified\":\"2026-01-06T19:07:25+00:00\",\"mainEntityOfPage\":{\"@id\":\"https:\\\/\\\/urbeamea.ro\\\/albaiulia\\\/turisti-blocati-in-poarta-raiului-salvati-de-jandarmii-montani-din-sugag\\\/\"},\"wordCount\":231,\"commentCount\":0,\"image\":{\"@id\":\"https:\\\/\\\/urbeamea.ro\\\/albaiulia\\\/turisti-blocati-in-poarta-raiului-salvati-de-jandarmii-montani-din-sugag\\\/#primaryimage\"},\"thumbnailUrl\":\"https:\\\/\\\/urbeamea.ro\\\/albaiulia\\\/wp-content\\\/uploads\\\/2026\\\/01\\\/1000061224.jpg\",\"keywords\":[\"jandarmeria alba\",\"poarta raiului\"],\"articleSection\":[\"Actualitate\",\"Evenimente\",\"Social\",\"\u015etiri Urbane\",\"Urbea Mea\"],\"inLanguage\":\"ro-RO\",\"potentialAction\":[{\"@type\":\"CommentAction\",\"name\":\"Comment\",\"target\":[\"https:\\\/\\\/urbeamea.ro\\\/albaiulia\\\/turisti-blocati-in-poarta-raiului-salvati-de-jandarmii-montani-din-sugag\\\/#respond\"]}]},{\"@type\":\"WebPage\",\"@id\":\"https:\\\/\\\/urbeamea.ro\\\/albaiulia\\\/turisti-blocati-in-poarta-raiului-salvati-de-jandarmii-montani-din-sugag\\\/\",\"url\":\"https:\\\/\\\/urbeamea.ro\\\/albaiulia\\\/turisti-blocati-in-poarta-raiului-salvati-de-jandarmii-montani-din-sugag\\\/\",\"name\":\"Turi\u0219ti bloca\u021bi \u00een Poarta Raiului, salva\u021bi de jandarmii montani din \u0218ugag - Revista Urbea Mea - Revista de Alba\",\"isPartOf\":{\"@id\":\"https:\\\/\\\/urbeamea.ro\\\/albaiulia\\\/#website\"},\"primaryImageOfPage\":{\"@id\":\"https:\\\/\\\/urbeamea.ro\\\/albaiulia\\\/turisti-blocati-in-poarta-raiului-salvati-de-jandarmii-montani-din-sugag\\\/#primaryimage\"},\"image\":{\"@id\":\"https:\\\/\\\/urbeamea.ro\\\/albaiulia\\\/turisti-blocati-in-poarta-raiului-salvati-de-jandarmii-montani-din-sugag\\\/#primaryimage\"},\"thumbnailUrl\":\"https:\\\/\\\/urbeamea.ro\\\/albaiulia\\\/wp-content\\\/uploads\\\/2026\\\/01\\\/1000061224.jpg\",\"datePublished\":\"2026-01-06T19:07:24+00:00\",\"dateModified\":\"2026-01-06T19:07:25+00:00\",\"author\":{\"@id\":\"https:\\\/\\\/urbeamea.ro\\\/albaiulia\\\/#\\\/schema\\\/person\\\/5db3854ac38c1cc9f0ab4092d6a20f02\"},\"description\":\"Un grup format din doi adul\u021bi \u0219i doi copii, au fost salva\u0163i miercuri, de jandarmii montani din \u0218ugag, dup\u0103 ce ma\u015fina \u00een care se aflau a fost blocat\u0103 din\",\"breadcrumb\":{\"@id\":\"https:\\\/\\\/urbeamea.ro\\\/albaiulia\\\/turisti-blocati-in-poarta-raiului-salvati-de-jandarmii-montani-din-sugag\\\/#breadcrumb\"},\"inLanguage\":\"ro-RO\",\"potentialAction\":[{\"@type\":\"ReadAction\",\"target\":[\"https:\\\/\\\/urbeamea.ro\\\/albaiulia\\\/turisti-blocati-in-poarta-raiului-salvati-de-jandarmii-montani-din-sugag\\\/\"]}]},{\"@type\":\"ImageObject\",\"inLanguage\":\"ro-RO\",\"@id\":\"https:\\\/\\\/urbeamea.ro\\\/albaiulia\\\/turisti-blocati-in-poarta-raiului-salvati-de-jandarmii-montani-din-sugag\\\/#primaryimage\",\"url\":\"https:\\\/\\\/urbeamea.ro\\\/albaiulia\\\/wp-content\\\/uploads\\\/2026\\\/01\\\/1000061224.jpg\",\"contentUrl\":\"https:\\\/\\\/urbeamea.ro\\\/albaiulia\\\/wp-content\\\/uploads\\\/2026\\\/01\\\/1000061224.jpg\",\"width\":1080,\"height\":646},{\"@type\":\"BreadcrumbList\",\"@id\":\"https:\\\/\\\/urbeamea.ro\\\/albaiulia\\\/turisti-blocati-in-poarta-raiului-salvati-de-jandarmii-montani-din-sugag\\\/#breadcrumb\",\"itemListElement\":[{\"@type\":\"ListItem\",\"position\":1,\"name\":\"Prima pagin\u0103\",\"item\":\"https:\\\/\\\/urbeamea.ro\\\/albaiulia\\\/\"},{\"@type\":\"ListItem\",\"position\":2,\"name\":\"Turi\u0219ti bloca\u021bi \u00een Poarta Raiului, salva\u021bi de jandarmii montani din \u0218ugag\"}]},{\"@type\":\"WebSite\",\"@id\":\"https:\\\/\\\/urbeamea.ro\\\/albaiulia\\\/#website\",\"url\":\"https:\\\/\\\/urbeamea.ro\\\/albaiulia\\\/\",\"name\":\"Revista Urbea Mea, Stiri urbane\",\"description\":\"Evenimente \u0219i \u0219tiri din Alba Iulia, Sebe\u0219, Aiud, Blaj\",\"potentialAction\":[{\"@type\":\"SearchAction\",\"target\":{\"@type\":\"EntryPoint\",\"urlTemplate\":\"https:\\\/\\\/urbeamea.ro\\\/albaiulia\\\/?s={search_term_string}\"},\"query-input\":{\"@type\":\"PropertyValueSpecification\",\"valueRequired\":true,\"valueName\":\"search_term_string\"}}],\"inLanguage\":\"ro-RO\"},{\"@type\":\"Person\",\"@id\":\"https:\\\/\\\/urbeamea.ro\\\/albaiulia\\\/#\\\/schema\\\/person\\\/5db3854ac38c1cc9f0ab4092d6a20f02\",\"name\":\"Giurca Sorin\",\"image\":{\"@type\":\"ImageObject\",\"inLanguage\":\"ro-RO\",\"@id\":\"https:\\\/\\\/secure.gravatar.com\\\/avatar\\\/120f6fcae7b3b47a7730cb9943f612f4909f68ac5284b5f40ac1c4615fd70576?s=96&d=mm&r=g\",\"url\":\"https:\\\/\\\/secure.gravatar.com\\\/avatar\\\/120f6fcae7b3b47a7730cb9943f612f4909f68ac5284b5f40ac1c4615fd70576?s=96&d=mm&r=g\",\"contentUrl\":\"https:\\\/\\\/secure.gravatar.com\\\/avatar\\\/120f6fcae7b3b47a7730cb9943f612f4909f68ac5284b5f40ac1c4615fd70576?s=96&d=mm&r=g\",\"caption\":\"Giurca Sorin\"},\"url\":\"https:\\\/\\\/urbeamea.ro\\\/albaiulia\\\/author\\\/sorin\\\/\"}]}<\/script>\n<!-- \/ Yoast SEO plugin. -->","yoast_head_json":{"title":"Turi\u0219ti bloca\u021bi \u00een Poarta Raiului, salva\u021bi de jandarmii montani din \u0218ugag - Revista Urbea Mea - Revista de Alba","description":"Un grup format din doi adul\u021bi \u0219i doi copii, au fost salva\u0163i miercuri, de jandarmii montani din \u0218ugag, dup\u0103 ce ma\u015fina \u00een care se aflau a fost blocat\u0103 din","robots":{"index":"index","follow":"follow","max-snippet":"max-snippet:-1","max-image-preview":"max-image-preview:large","max-video-preview":"max-video-preview:-1"},"canonical":"https:\/\/urbeamea.ro\/albaiulia\/turisti-blocati-in-poarta-raiului-salvati-de-jandarmii-montani-din-sugag\/","twitter_card":"summary_large_image","twitter_title":"Turi\u0219ti bloca\u021bi \u00een Poarta Raiului, salva\u021bi de jandarmii montani din \u0218ugag - Revista Urbea Mea - Revista de Alba","twitter_description":"Un grup format din doi adul\u021bi \u0219i doi copii, au fost salva\u0163i miercuri, de jandarmii montani din \u0218ugag, dup\u0103 ce ma\u015fina \u00een care se aflau a fost blocat\u0103 din","twitter_image":"https:\/\/urbeamea.ro\/albaiulia\/wp-content\/uploads\/2026\/01\/1000061224.jpg","twitter_creator":"@urbeameaweb","twitter_site":"@urbeameaweb","schema":{"@context":"https:\/\/schema.org","@graph":[{"@type":"Article","@id":"https:\/\/urbeamea.ro\/albaiulia\/turisti-blocati-in-poarta-raiului-salvati-de-jandarmii-montani-din-sugag\/#article","isPartOf":{"@id":"https:\/\/urbeamea.ro\/albaiulia\/turisti-blocati-in-poarta-raiului-salvati-de-jandarmii-montani-din-sugag\/"},"author":{"name":"Giurca Sorin","@id":"https:\/\/urbeamea.ro\/albaiulia\/#\/schema\/person\/5db3854ac38c1cc9f0ab4092d6a20f02"},"headline":"Turi\u0219ti bloca\u021bi \u00een Poarta Raiului, salva\u021bi de jandarmii montani din \u0218ugag","datePublished":"2026-01-06T19:07:24+00:00","dateModified":"2026-01-06T19:07:25+00:00","mainEntityOfPage":{"@id":"https:\/\/urbeamea.ro\/albaiulia\/turisti-blocati-in-poarta-raiului-salvati-de-jandarmii-montani-din-sugag\/"},"wordCount":231,"commentCount":0,"image":{"@id":"https:\/\/urbeamea.ro\/albaiulia\/turisti-blocati-in-poarta-raiului-salvati-de-jandarmii-montani-din-sugag\/#primaryimage"},"thumbnailUrl":"https:\/\/urbeamea.ro\/albaiulia\/wp-content\/uploads\/2026\/01\/1000061224.jpg","keywords":["jandarmeria alba","poarta raiului"],"articleSection":["Actualitate","Evenimente","Social","\u015etiri Urbane","Urbea Mea"],"inLanguage":"ro-RO","potentialAction":[{"@type":"CommentAction","name":"Comment","target":["https:\/\/urbeamea.ro\/albaiulia\/turisti-blocati-in-poarta-raiului-salvati-de-jandarmii-montani-din-sugag\/#respond"]}]},{"@type":"WebPage","@id":"https:\/\/urbeamea.ro\/albaiulia\/turisti-blocati-in-poarta-raiului-salvati-de-jandarmii-montani-din-sugag\/","url":"https:\/\/urbeamea.ro\/albaiulia\/turisti-blocati-in-poarta-raiului-salvati-de-jandarmii-montani-din-sugag\/","name":"Turi\u0219ti bloca\u021bi \u00een Poarta Raiului, salva\u021bi de jandarmii montani din \u0218ugag - Revista Urbea Mea - Revista de Alba","isPartOf":{"@id":"https:\/\/urbeamea.ro\/albaiulia\/#website"},"primaryImageOfPage":{"@id":"https:\/\/urbeamea.ro\/albaiulia\/turisti-blocati-in-poarta-raiului-salvati-de-jandarmii-montani-din-sugag\/#primaryimage"},"image":{"@id":"https:\/\/urbeamea.ro\/albaiulia\/turisti-blocati-in-poarta-raiului-salvati-de-jandarmii-montani-din-sugag\/#primaryimage"},"thumbnailUrl":"https:\/\/urbeamea.ro\/albaiulia\/wp-content\/uploads\/2026\/01\/1000061224.jpg","datePublished":"2026-01-06T19:07:24+00:00","dateModified":"2026-01-06T19:07:25+00:00","author":{"@id":"https:\/\/urbeamea.ro\/albaiulia\/#\/schema\/person\/5db3854ac38c1cc9f0ab4092d6a20f02"},"description":"Un grup format din doi adul\u021bi \u0219i doi copii, au fost salva\u0163i miercuri, de jandarmii montani din \u0218ugag, dup\u0103 ce ma\u015fina \u00een care se aflau a fost blocat\u0103 din","breadcrumb":{"@id":"https:\/\/urbeamea.ro\/albaiulia\/turisti-blocati-in-poarta-raiului-salvati-de-jandarmii-montani-din-sugag\/#breadcrumb"},"inLanguage":"ro-RO","potentialAction":[{"@type":"ReadAction","target":["https:\/\/urbeamea.ro\/albaiulia\/turisti-blocati-in-poarta-raiului-salvati-de-jandarmii-montani-din-sugag\/"]}]},{"@type":"ImageObject","inLanguage":"ro-RO","@id":"https:\/\/urbeamea.ro\/albaiulia\/turisti-blocati-in-poarta-raiului-salvati-de-jandarmii-montani-din-sugag\/#primaryimage","url":"https:\/\/urbeamea.ro\/albaiulia\/wp-content\/uploads\/2026\/01\/1000061224.jpg","contentUrl":"https:\/\/urbeamea.ro\/albaiulia\/wp-content\/uploads\/2026\/01\/1000061224.jpg","width":1080,"height":646},{"@type":"BreadcrumbList","@id":"https:\/\/urbeamea.ro\/albaiulia\/turisti-blocati-in-poarta-raiului-salvati-de-jandarmii-montani-din-sugag\/#breadcrumb","itemListElement":[{"@type":"ListItem","position":1,"name":"Prima pagin\u0103","item":"https:\/\/urbeamea.ro\/albaiulia\/"},{"@type":"ListItem","position":2,"name":"Turi\u0219ti bloca\u021bi \u00een Poarta Raiului, salva\u021bi de jandarmii montani din \u0218ugag"}]},{"@type":"WebSite","@id":"https:\/\/urbeamea.ro\/albaiulia\/#website","url":"https:\/\/urbeamea.ro\/albaiulia\/","name":"Revista Urbea Mea, Stiri urbane","description":"Evenimente \u0219i \u0219tiri din Alba Iulia, Sebe\u0219, Aiud, Blaj","potentialAction":[{"@type":"SearchAction","target":{"@type":"EntryPoint","urlTemplate":"https:\/\/urbeamea.ro\/albaiulia\/?s={search_term_string}"},"query-input":{"@type":"PropertyValueSpecification","valueRequired":true,"valueName":"search_term_string"}}],"inLanguage":"ro-RO"},{"@type":"Person","@id":"https:\/\/urbeamea.ro\/albaiulia\/#\/schema\/person\/5db3854ac38c1cc9f0ab4092d6a20f02","name":"Giurca Sorin","image":{"@type":"ImageObject","inLanguage":"ro-RO","@id":"https:\/\/secure.gravatar.com\/avatar\/120f6fcae7b3b47a7730cb9943f612f4909f68ac5284b5f40ac1c4615fd70576?s=96&d=mm&r=g","url":"https:\/\/secure.gravatar.com\/avatar\/120f6fcae7b3b47a7730cb9943f612f4909f68ac5284b5f40ac1c4615fd70576?s=96&d=mm&r=g","contentUrl":"https:\/\/secure.gravatar.com\/avatar\/120f6fcae7b3b47a7730cb9943f612f4909f68ac5284b5f40ac1c4615fd70576?s=96&d=mm&r=g","caption":"Giurca Sorin"},"url":"https:\/\/urbeamea.ro\/albaiulia\/author\/sorin\/"}]}},"_links":{"self":[{"href":"https:\/\/urbeamea.ro\/albaiulia\/wp-json\/wp\/v2\/posts\/121063","targetHints":{"allow":["GET"]}}],"collection":[{"href":"https:\/\/urbeamea.ro\/albaiulia\/wp-json\/wp\/v2\/posts"}],"about":[{"href":"https:\/\/urbeamea.ro\/albaiulia\/wp-json\/wp\/v2\/types\/post"}],"author":[{"embeddable":true,"href":"https:\/\/urbeamea.ro\/albaiulia\/wp-json\/wp\/v2\/users\/28"}],"replies":[{"embeddable":true,"href":"https:\/\/urbeamea.ro\/albaiulia\/wp-json\/wp\/v2\/comments?post=121063"}],"version-history":[{"count":1,"href":"https:\/\/urbeamea.ro\/albaiulia\/wp-json\/wp\/v2\/posts\/121063\/revisions"}],"predecessor-version":[{"id":121067,"href":"https:\/\/urbeamea.ro\/albaiulia\/wp-json\/wp\/v2\/posts\/121063\/revisions\/121067"}],"wp:featuredmedia":[{"embeddable":true,"href":"https:\/\/urbeamea.ro\/albaiulia\/wp-json\/wp\/v2\/media\/121065"}],"wp:attachment":[{"href":"https:\/\/urbeamea.ro\/albaiulia\/wp-json\/wp\/v2\/media?parent=121063"}],"wp:term":[{"taxonomy":"category","embeddable":true,"href":"https:\/\/urbeamea.ro\/albaiulia\/wp-json\/wp\/v2\/categories?post=121063"},{"taxonomy":"post_tag","embeddable":true,"href":"https:\/\/urbeamea.ro\/albaiulia\/wp-json\/wp\/v2\/tags?post=121063"}],"curies":[{"name":"wp","href":"https:\/\/api.w.org\/{rel}","templated":true}]}}