{"id":121185,"date":"2026-01-18T15:16:36","date_gmt":"2026-01-18T13:16:36","guid":{"rendered":"https:\/\/urbeamea.ro\/albaiulia\/?p=121185"},"modified":"2026-01-18T15:16:38","modified_gmt":"2026-01-18T13:16:38","slug":"codurile-galben-de-ger-prelungite-pana-joi-dimineata","status":"publish","type":"post","link":"https:\/\/urbeamea.ro\/albaiulia\/codurile-galben-de-ger-prelungite-pana-joi-dimineata\/","title":{"rendered":"Codurile Galben de ger prelungite p\u00e2n\u0103 joi diminea\u021b\u0103"},"content":{"rendered":"\n<p><strong>Aten\u021bion\u0103rile de ger au fost prelungite de c\u0103tre meteorologi p\u00e2n\u0103 joi diminea\u021b\u0103.Dup\u0103 o scurt\u0103 relaxare a temperaturilor extreme, din seara de 19 ianuarie frigul va cuprinde din nou \u00eentreaga \u021bar\u0103.<\/strong><\/p>\n\n\n\n<p>Meteorologii din cadrul ANM, au emis o informare potrivit c\u0103reia, \u00een perioada 18 ianuarie, ora 10:00 \u2013 22 ianuarie, ora 10:00, sunt prognozate vreme deosebit de rece, ger \u00eendeosebi \u00een timpul nop\u0163ilor \u015fi dimine\u0163ilor, intensific\u0103ri ale v\u00e2ntului, precipita\u0163ii mixte \u015fi polei.<\/p>\n\n\n\n<p>&#8222;Valul de frig va persista \u00een cea mai mare parte a \u0163\u0103rii. Va fi ger \u00een timpul nop\u0163ilor \u015fi dimine\u0163ilor \u00een majoritatea zonelor, astfel c\u0103 temperaturile minime se vor situa \u00een general \u00eentre -20 \u015fi -6 grade, iar \u00een nordul \u015fi nord-estul Moldovei \u015fi pe arii restr\u00e2nse \u00een Transilvania, gerul va persista \u015fi ziua, cu valori \u00een jurul a -10 grade.<\/p>\n\n\n\n<p>\u00cen noaptea de miercuri spre joi (21\/22 ianuarie) va mai fi ger \u00een nordul \u015fi centrul \u0163\u0103rii, unde valorile termice se vor situa \u00een general \u00eentre -17 \u015fi -9 grade, iar \u00een regiunile sudice \u015fi sud-estice, local vor fi precipita\u0163ii mixte \u015fi se va depune polei\u201d, se arat\u0103 \u00een informarea transmis\u0103 de ANM.<\/p>\n\n\n\n<p>Temporar, vor fi intensific\u0103ri ale v\u00e2ntului \u00een sudul Banatului \u015fi pe arii restr\u00e2nse \u00een regiunile sud-estice, cu viteze \u00een general de 40\u202650 km\/h, amplific\u00e2nd senza\u0163ia de frig.<\/p>\n\n\n\n<p>Duminic\u0103, p\u00e2n\u0103 la ora 20:00, gerul va persista \u00een nordul \u015fi nord-estul Moldovei, precum \u015fi \u00een estul Transilvaniei unde maximele vor fi \u00een jurul a -10 grade, iar \u00een restul Moldovei, \u00een sudul \u015fi centrul Transilvaniei, precum \u015fi \u00een Dobrogea, Muntenia \u015fi Oltenia se vor \u00eenregistra temperaturi deosebit de sc\u0103zute (\u00een medie, cu 7\u20269 grade mai mici dec\u00e2t cele normale datei), cu valori ce se vor \u00eencadra \u00een general \u00eentre -8 \u015fi -4 grade, fiind emis\u0103 o aten\u0163ionare cod galben.<\/p>\n\n\n\n<p>De duminic\u0103 sear\u0103, p\u00e2n\u0103 luni diminea\u0163\u0103, vremea va fi geroas\u0103 \u00een cea mai mare parte a \u0163\u0103rii, astfel c\u0103 temperaturile minime se vor \u00eencadra \u00een general \u00eentre -20 \u015fi -10 grade, fiind \u00een vigoare o nou\u0103 aten\u0163ionae cod galben.Gerul se men\u0163ijne pe parcursul zilei de luni, \u00eens\u0103 se va manifesta pe arii mai restr\u00e2nse.<\/p>\n\n\n\n<p>\u201d\u00cen cea mai mare parte a Moldovei, \u00een sudul, centrul \u015fi estul Transilvaniei, precum \u015fi \u00een Dobrogea, sudul, centrul \u015fi estul Munteniei \u015fi \u00een sudul Olteniei se vor \u00eenregistra temperaturi deosebit de sc\u0103zute (\u00een medie, cu 7\u20269 grade mai mici dec\u00e2t cele normale datei), cu valori ce se vor \u00eencadra \u00een general \u00eentre -8 \u015fi -4 grade.<\/p>\n\n\n\n<p> \u00cen nordul Moldovei, precum \u015fi \u00een depresiunile \u015fi v\u0103ile din Transilvania, gerul va persista \u015fi vor fi temperaturi \u00een jurul a -10 grade\u201d, conform aten\u0163ion\u0103rii cod galben emise pentru luni, p\u00e2n\u0103 la ora 20:00.<\/p>\n\n\n\n<p>De luni sear\u0103, p\u00e2n\u0103 mar\u0163i, la ora 10:00, va fi \u00een vigoare o nou\u0103 aten\u0163ionare cod galben de ger pentru \u00eentreg teritoriul \u0163\u0103rii.<\/p>\n\n\n\n<figure class=\"wp-block-gallery has-nested-images columns-default is-cropped wp-block-gallery-1 is-layout-flex wp-block-gallery-is-layout-flex\">\n<figure class=\"wp-block-image size-large\"><img loading=\"lazy\" decoding=\"async\" width=\"680\" height=\"453\" data-id=\"121186\" src=\"https:\/\/urbeamea.ro\/albaiulia\/wp-content\/uploads\/2026\/01\/1000062032.jpg\" alt=\"\" class=\"wp-image-121186\" srcset=\"https:\/\/urbeamea.ro\/albaiulia\/wp-content\/uploads\/2026\/01\/1000062032.jpg 680w, https:\/\/urbeamea.ro\/albaiulia\/wp-content\/uploads\/2026\/01\/1000062032-640x426.jpg 640w, https:\/\/urbeamea.ro\/albaiulia\/wp-content\/uploads\/2026\/01\/1000062032-150x100.jpg 150w\" sizes=\"auto, (max-width: 680px) 100vw, 680px\" \/><\/figure>\n\n\n\n<figure class=\"wp-block-image size-large\"><img loading=\"lazy\" decoding=\"async\" width=\"680\" height=\"460\" data-id=\"121187\" src=\"https:\/\/urbeamea.ro\/albaiulia\/wp-content\/uploads\/2026\/01\/1000062035.jpg\" alt=\"\" class=\"wp-image-121187\" srcset=\"https:\/\/urbeamea.ro\/albaiulia\/wp-content\/uploads\/2026\/01\/1000062035.jpg 680w, https:\/\/urbeamea.ro\/albaiulia\/wp-content\/uploads\/2026\/01\/1000062035-640x433.jpg 640w, https:\/\/urbeamea.ro\/albaiulia\/wp-content\/uploads\/2026\/01\/1000062035-150x101.jpg 150w, https:\/\/urbeamea.ro\/albaiulia\/wp-content\/uploads\/2026\/01\/1000062035-220x150.jpg 220w\" sizes=\"auto, (max-width: 680px) 100vw, 680px\" \/><\/figure>\n\n\n\n<figure class=\"wp-block-image size-large\"><img loading=\"lazy\" decoding=\"async\" width=\"680\" height=\"458\" data-id=\"121188\" src=\"https:\/\/urbeamea.ro\/albaiulia\/wp-content\/uploads\/2026\/01\/1000062034.jpg\" alt=\"\" class=\"wp-image-121188\" srcset=\"https:\/\/urbeamea.ro\/albaiulia\/wp-content\/uploads\/2026\/01\/1000062034.jpg 680w, https:\/\/urbeamea.ro\/albaiulia\/wp-content\/uploads\/2026\/01\/1000062034-640x431.jpg 640w, https:\/\/urbeamea.ro\/albaiulia\/wp-content\/uploads\/2026\/01\/1000062034-150x101.jpg 150w\" sizes=\"auto, (max-width: 680px) 100vw, 680px\" \/><\/figure>\n\n\n\n<figure class=\"wp-block-image size-large\"><img loading=\"lazy\" decoding=\"async\" width=\"680\" height=\"474\" data-id=\"121189\" src=\"https:\/\/urbeamea.ro\/albaiulia\/wp-content\/uploads\/2026\/01\/1000062033.jpg\" alt=\"\" class=\"wp-image-121189\" srcset=\"https:\/\/urbeamea.ro\/albaiulia\/wp-content\/uploads\/2026\/01\/1000062033.jpg 680w, https:\/\/urbeamea.ro\/albaiulia\/wp-content\/uploads\/2026\/01\/1000062033-640x446.jpg 640w, https:\/\/urbeamea.ro\/albaiulia\/wp-content\/uploads\/2026\/01\/1000062033-150x105.jpg 150w\" sizes=\"auto, (max-width: 680px) 100vw, 680px\" \/><\/figure>\n<\/figure>\n\n\n\n<p><\/p>\n\n\n\n<p><\/p>\n","protected":false},"excerpt":{"rendered":"<p>Aten\u021bion\u0103rile de ger au fost prelungite de c\u0103tre meteorologi p\u00e2n\u0103 joi diminea\u021b\u0103.Dup\u0103 o scurt\u0103 relaxare a temperaturilor extreme, din seara de 19 ianuarie frigul va cuprinde din nou \u00eentreaga \u021bar\u0103. Meteorologii din cadrul ANM, au emis o informare potrivit c\u0103reia, \u00een perioada 18 ianuarie, ora 10:00 \u2013 22 ianuarie, ora 10:00, sunt prognozate vreme deosebit &hellip;<\/p>\n","protected":false},"author":28,"featured_media":121187,"comment_status":"open","ping_status":"open","sticky":false,"template":"","format":"standard","meta":{"inline_featured_image":false,"footnotes":""},"categories":[23926,4,2034,1,16344],"tags":[25514],"class_list":["post-121185","post","type-post","status-publish","format-standard","has-post-thumbnail","hentry","category-actualitate","category-eveniment","category-social","category-stiri-urbane","category-urbea-mea","tag-cod-galben-ger"],"yoast_head":"<!-- This site is optimized with the Yoast SEO plugin v27.4 - https:\/\/yoast.com\/product\/yoast-seo-wordpress\/ -->\n<title>Codurile Galben de ger prelungite p\u00e2n\u0103 joi diminea\u021b\u0103 - Revista Urbea Mea - Revista de Alba<\/title>\n<meta name=\"description\" content=\"Aten\u021bion\u0103rile de ger au fost prelungite de c\u0103tre meteorologi p\u00e2n\u0103 joi diminea\u021b\u0103.Dup\u0103 o scurt\u0103 relaxare a temperaturilor extreme, din seara de 19 ianuarie\" \/>\n<meta name=\"robots\" content=\"index, follow, max-snippet:-1, max-image-preview:large, max-video-preview:-1\" \/>\n<link rel=\"canonical\" href=\"https:\/\/urbeamea.ro\/albaiulia\/codurile-galben-de-ger-prelungite-pana-joi-dimineata\/\" \/>\n<meta name=\"twitter:card\" content=\"summary_large_image\" \/>\n<meta name=\"twitter:title\" content=\"Codurile Galben de ger prelungite p\u00e2n\u0103 joi diminea\u021b\u0103 - Revista Urbea Mea - Revista de Alba\" \/>\n<meta name=\"twitter:description\" content=\"Aten\u021bion\u0103rile de ger au fost prelungite de c\u0103tre meteorologi p\u00e2n\u0103 joi diminea\u021b\u0103.Dup\u0103 o scurt\u0103 relaxare a temperaturilor extreme, din seara de 19 ianuarie\" \/>\n<meta name=\"twitter:image\" content=\"https:\/\/urbeamea.ro\/albaiulia\/wp-content\/uploads\/2026\/01\/1000062035.jpg\" \/>\n<meta name=\"twitter:creator\" content=\"@urbeameaweb\" \/>\n<meta name=\"twitter:site\" content=\"@urbeameaweb\" \/>\n<script type=\"application\/ld+json\" class=\"yoast-schema-graph\">{\"@context\":\"https:\\\/\\\/schema.org\",\"@graph\":[{\"@type\":\"Article\",\"@id\":\"https:\\\/\\\/urbeamea.ro\\\/albaiulia\\\/codurile-galben-de-ger-prelungite-pana-joi-dimineata\\\/#article\",\"isPartOf\":{\"@id\":\"https:\\\/\\\/urbeamea.ro\\\/albaiulia\\\/codurile-galben-de-ger-prelungite-pana-joi-dimineata\\\/\"},\"author\":{\"name\":\"Giurca Sorin\",\"@id\":\"https:\\\/\\\/urbeamea.ro\\\/albaiulia\\\/#\\\/schema\\\/person\\\/5db3854ac38c1cc9f0ab4092d6a20f02\"},\"headline\":\"Codurile Galben de ger prelungite p\u00e2n\u0103 joi diminea\u021b\u0103\",\"datePublished\":\"2026-01-18T13:16:36+00:00\",\"dateModified\":\"2026-01-18T13:16:38+00:00\",\"mainEntityOfPage\":{\"@id\":\"https:\\\/\\\/urbeamea.ro\\\/albaiulia\\\/codurile-galben-de-ger-prelungite-pana-joi-dimineata\\\/\"},\"wordCount\":495,\"commentCount\":0,\"image\":{\"@id\":\"https:\\\/\\\/urbeamea.ro\\\/albaiulia\\\/codurile-galben-de-ger-prelungite-pana-joi-dimineata\\\/#primaryimage\"},\"thumbnailUrl\":\"https:\\\/\\\/urbeamea.ro\\\/albaiulia\\\/wp-content\\\/uploads\\\/2026\\\/01\\\/1000062035.jpg\",\"keywords\":[\"Cod galben ger\"],\"articleSection\":[\"Actualitate\",\"Evenimente\",\"Social\",\"\u015etiri Urbane\",\"Urbea Mea\"],\"inLanguage\":\"ro-RO\",\"potentialAction\":[{\"@type\":\"CommentAction\",\"name\":\"Comment\",\"target\":[\"https:\\\/\\\/urbeamea.ro\\\/albaiulia\\\/codurile-galben-de-ger-prelungite-pana-joi-dimineata\\\/#respond\"]}]},{\"@type\":\"WebPage\",\"@id\":\"https:\\\/\\\/urbeamea.ro\\\/albaiulia\\\/codurile-galben-de-ger-prelungite-pana-joi-dimineata\\\/\",\"url\":\"https:\\\/\\\/urbeamea.ro\\\/albaiulia\\\/codurile-galben-de-ger-prelungite-pana-joi-dimineata\\\/\",\"name\":\"Codurile Galben de ger prelungite p\u00e2n\u0103 joi diminea\u021b\u0103 - Revista Urbea Mea - Revista de Alba\",\"isPartOf\":{\"@id\":\"https:\\\/\\\/urbeamea.ro\\\/albaiulia\\\/#website\"},\"primaryImageOfPage\":{\"@id\":\"https:\\\/\\\/urbeamea.ro\\\/albaiulia\\\/codurile-galben-de-ger-prelungite-pana-joi-dimineata\\\/#primaryimage\"},\"image\":{\"@id\":\"https:\\\/\\\/urbeamea.ro\\\/albaiulia\\\/codurile-galben-de-ger-prelungite-pana-joi-dimineata\\\/#primaryimage\"},\"thumbnailUrl\":\"https:\\\/\\\/urbeamea.ro\\\/albaiulia\\\/wp-content\\\/uploads\\\/2026\\\/01\\\/1000062035.jpg\",\"datePublished\":\"2026-01-18T13:16:36+00:00\",\"dateModified\":\"2026-01-18T13:16:38+00:00\",\"author\":{\"@id\":\"https:\\\/\\\/urbeamea.ro\\\/albaiulia\\\/#\\\/schema\\\/person\\\/5db3854ac38c1cc9f0ab4092d6a20f02\"},\"description\":\"Aten\u021bion\u0103rile de ger au fost prelungite de c\u0103tre meteorologi p\u00e2n\u0103 joi diminea\u021b\u0103.Dup\u0103 o scurt\u0103 relaxare a temperaturilor extreme, din seara de 19 ianuarie\",\"breadcrumb\":{\"@id\":\"https:\\\/\\\/urbeamea.ro\\\/albaiulia\\\/codurile-galben-de-ger-prelungite-pana-joi-dimineata\\\/#breadcrumb\"},\"inLanguage\":\"ro-RO\",\"potentialAction\":[{\"@type\":\"ReadAction\",\"target\":[\"https:\\\/\\\/urbeamea.ro\\\/albaiulia\\\/codurile-galben-de-ger-prelungite-pana-joi-dimineata\\\/\"]}]},{\"@type\":\"ImageObject\",\"inLanguage\":\"ro-RO\",\"@id\":\"https:\\\/\\\/urbeamea.ro\\\/albaiulia\\\/codurile-galben-de-ger-prelungite-pana-joi-dimineata\\\/#primaryimage\",\"url\":\"https:\\\/\\\/urbeamea.ro\\\/albaiulia\\\/wp-content\\\/uploads\\\/2026\\\/01\\\/1000062035.jpg\",\"contentUrl\":\"https:\\\/\\\/urbeamea.ro\\\/albaiulia\\\/wp-content\\\/uploads\\\/2026\\\/01\\\/1000062035.jpg\",\"width\":680,\"height\":460},{\"@type\":\"BreadcrumbList\",\"@id\":\"https:\\\/\\\/urbeamea.ro\\\/albaiulia\\\/codurile-galben-de-ger-prelungite-pana-joi-dimineata\\\/#breadcrumb\",\"itemListElement\":[{\"@type\":\"ListItem\",\"position\":1,\"name\":\"Prima pagin\u0103\",\"item\":\"https:\\\/\\\/urbeamea.ro\\\/albaiulia\\\/\"},{\"@type\":\"ListItem\",\"position\":2,\"name\":\"Codurile Galben de ger prelungite p\u00e2n\u0103 joi diminea\u021b\u0103\"}]},{\"@type\":\"WebSite\",\"@id\":\"https:\\\/\\\/urbeamea.ro\\\/albaiulia\\\/#website\",\"url\":\"https:\\\/\\\/urbeamea.ro\\\/albaiulia\\\/\",\"name\":\"Revista Urbea Mea, Stiri urbane\",\"description\":\"Evenimente \u0219i \u0219tiri din Alba Iulia, Sebe\u0219, Aiud, Blaj\",\"potentialAction\":[{\"@type\":\"SearchAction\",\"target\":{\"@type\":\"EntryPoint\",\"urlTemplate\":\"https:\\\/\\\/urbeamea.ro\\\/albaiulia\\\/?s={search_term_string}\"},\"query-input\":{\"@type\":\"PropertyValueSpecification\",\"valueRequired\":true,\"valueName\":\"search_term_string\"}}],\"inLanguage\":\"ro-RO\"},{\"@type\":\"Person\",\"@id\":\"https:\\\/\\\/urbeamea.ro\\\/albaiulia\\\/#\\\/schema\\\/person\\\/5db3854ac38c1cc9f0ab4092d6a20f02\",\"name\":\"Giurca Sorin\",\"image\":{\"@type\":\"ImageObject\",\"inLanguage\":\"ro-RO\",\"@id\":\"https:\\\/\\\/secure.gravatar.com\\\/avatar\\\/120f6fcae7b3b47a7730cb9943f612f4909f68ac5284b5f40ac1c4615fd70576?s=96&d=mm&r=g\",\"url\":\"https:\\\/\\\/secure.gravatar.com\\\/avatar\\\/120f6fcae7b3b47a7730cb9943f612f4909f68ac5284b5f40ac1c4615fd70576?s=96&d=mm&r=g\",\"contentUrl\":\"https:\\\/\\\/secure.gravatar.com\\\/avatar\\\/120f6fcae7b3b47a7730cb9943f612f4909f68ac5284b5f40ac1c4615fd70576?s=96&d=mm&r=g\",\"caption\":\"Giurca Sorin\"},\"url\":\"https:\\\/\\\/urbeamea.ro\\\/albaiulia\\\/author\\\/sorin\\\/\"}]}<\/script>\n<!-- \/ Yoast SEO plugin. -->","yoast_head_json":{"title":"Codurile Galben de ger prelungite p\u00e2n\u0103 joi diminea\u021b\u0103 - Revista Urbea Mea - Revista de Alba","description":"Aten\u021bion\u0103rile de ger au fost prelungite de c\u0103tre meteorologi p\u00e2n\u0103 joi diminea\u021b\u0103.Dup\u0103 o scurt\u0103 relaxare a temperaturilor extreme, din seara de 19 ianuarie","robots":{"index":"index","follow":"follow","max-snippet":"max-snippet:-1","max-image-preview":"max-image-preview:large","max-video-preview":"max-video-preview:-1"},"canonical":"https:\/\/urbeamea.ro\/albaiulia\/codurile-galben-de-ger-prelungite-pana-joi-dimineata\/","twitter_card":"summary_large_image","twitter_title":"Codurile Galben de ger prelungite p\u00e2n\u0103 joi diminea\u021b\u0103 - Revista Urbea Mea - Revista de Alba","twitter_description":"Aten\u021bion\u0103rile de ger au fost prelungite de c\u0103tre meteorologi p\u00e2n\u0103 joi diminea\u021b\u0103.Dup\u0103 o scurt\u0103 relaxare a temperaturilor extreme, din seara de 19 ianuarie","twitter_image":"https:\/\/urbeamea.ro\/albaiulia\/wp-content\/uploads\/2026\/01\/1000062035.jpg","twitter_creator":"@urbeameaweb","twitter_site":"@urbeameaweb","schema":{"@context":"https:\/\/schema.org","@graph":[{"@type":"Article","@id":"https:\/\/urbeamea.ro\/albaiulia\/codurile-galben-de-ger-prelungite-pana-joi-dimineata\/#article","isPartOf":{"@id":"https:\/\/urbeamea.ro\/albaiulia\/codurile-galben-de-ger-prelungite-pana-joi-dimineata\/"},"author":{"name":"Giurca Sorin","@id":"https:\/\/urbeamea.ro\/albaiulia\/#\/schema\/person\/5db3854ac38c1cc9f0ab4092d6a20f02"},"headline":"Codurile Galben de ger prelungite p\u00e2n\u0103 joi diminea\u021b\u0103","datePublished":"2026-01-18T13:16:36+00:00","dateModified":"2026-01-18T13:16:38+00:00","mainEntityOfPage":{"@id":"https:\/\/urbeamea.ro\/albaiulia\/codurile-galben-de-ger-prelungite-pana-joi-dimineata\/"},"wordCount":495,"commentCount":0,"image":{"@id":"https:\/\/urbeamea.ro\/albaiulia\/codurile-galben-de-ger-prelungite-pana-joi-dimineata\/#primaryimage"},"thumbnailUrl":"https:\/\/urbeamea.ro\/albaiulia\/wp-content\/uploads\/2026\/01\/1000062035.jpg","keywords":["Cod galben ger"],"articleSection":["Actualitate","Evenimente","Social","\u015etiri Urbane","Urbea Mea"],"inLanguage":"ro-RO","potentialAction":[{"@type":"CommentAction","name":"Comment","target":["https:\/\/urbeamea.ro\/albaiulia\/codurile-galben-de-ger-prelungite-pana-joi-dimineata\/#respond"]}]},{"@type":"WebPage","@id":"https:\/\/urbeamea.ro\/albaiulia\/codurile-galben-de-ger-prelungite-pana-joi-dimineata\/","url":"https:\/\/urbeamea.ro\/albaiulia\/codurile-galben-de-ger-prelungite-pana-joi-dimineata\/","name":"Codurile Galben de ger prelungite p\u00e2n\u0103 joi diminea\u021b\u0103 - Revista Urbea Mea - Revista de Alba","isPartOf":{"@id":"https:\/\/urbeamea.ro\/albaiulia\/#website"},"primaryImageOfPage":{"@id":"https:\/\/urbeamea.ro\/albaiulia\/codurile-galben-de-ger-prelungite-pana-joi-dimineata\/#primaryimage"},"image":{"@id":"https:\/\/urbeamea.ro\/albaiulia\/codurile-galben-de-ger-prelungite-pana-joi-dimineata\/#primaryimage"},"thumbnailUrl":"https:\/\/urbeamea.ro\/albaiulia\/wp-content\/uploads\/2026\/01\/1000062035.jpg","datePublished":"2026-01-18T13:16:36+00:00","dateModified":"2026-01-18T13:16:38+00:00","author":{"@id":"https:\/\/urbeamea.ro\/albaiulia\/#\/schema\/person\/5db3854ac38c1cc9f0ab4092d6a20f02"},"description":"Aten\u021bion\u0103rile de ger au fost prelungite de c\u0103tre meteorologi p\u00e2n\u0103 joi diminea\u021b\u0103.Dup\u0103 o scurt\u0103 relaxare a temperaturilor extreme, din seara de 19 ianuarie","breadcrumb":{"@id":"https:\/\/urbeamea.ro\/albaiulia\/codurile-galben-de-ger-prelungite-pana-joi-dimineata\/#breadcrumb"},"inLanguage":"ro-RO","potentialAction":[{"@type":"ReadAction","target":["https:\/\/urbeamea.ro\/albaiulia\/codurile-galben-de-ger-prelungite-pana-joi-dimineata\/"]}]},{"@type":"ImageObject","inLanguage":"ro-RO","@id":"https:\/\/urbeamea.ro\/albaiulia\/codurile-galben-de-ger-prelungite-pana-joi-dimineata\/#primaryimage","url":"https:\/\/urbeamea.ro\/albaiulia\/wp-content\/uploads\/2026\/01\/1000062035.jpg","contentUrl":"https:\/\/urbeamea.ro\/albaiulia\/wp-content\/uploads\/2026\/01\/1000062035.jpg","width":680,"height":460},{"@type":"BreadcrumbList","@id":"https:\/\/urbeamea.ro\/albaiulia\/codurile-galben-de-ger-prelungite-pana-joi-dimineata\/#breadcrumb","itemListElement":[{"@type":"ListItem","position":1,"name":"Prima pagin\u0103","item":"https:\/\/urbeamea.ro\/albaiulia\/"},{"@type":"ListItem","position":2,"name":"Codurile Galben de ger prelungite p\u00e2n\u0103 joi diminea\u021b\u0103"}]},{"@type":"WebSite","@id":"https:\/\/urbeamea.ro\/albaiulia\/#website","url":"https:\/\/urbeamea.ro\/albaiulia\/","name":"Revista Urbea Mea, Stiri urbane","description":"Evenimente \u0219i \u0219tiri din Alba Iulia, Sebe\u0219, Aiud, Blaj","potentialAction":[{"@type":"SearchAction","target":{"@type":"EntryPoint","urlTemplate":"https:\/\/urbeamea.ro\/albaiulia\/?s={search_term_string}"},"query-input":{"@type":"PropertyValueSpecification","valueRequired":true,"valueName":"search_term_string"}}],"inLanguage":"ro-RO"},{"@type":"Person","@id":"https:\/\/urbeamea.ro\/albaiulia\/#\/schema\/person\/5db3854ac38c1cc9f0ab4092d6a20f02","name":"Giurca Sorin","image":{"@type":"ImageObject","inLanguage":"ro-RO","@id":"https:\/\/secure.gravatar.com\/avatar\/120f6fcae7b3b47a7730cb9943f612f4909f68ac5284b5f40ac1c4615fd70576?s=96&d=mm&r=g","url":"https:\/\/secure.gravatar.com\/avatar\/120f6fcae7b3b47a7730cb9943f612f4909f68ac5284b5f40ac1c4615fd70576?s=96&d=mm&r=g","contentUrl":"https:\/\/secure.gravatar.com\/avatar\/120f6fcae7b3b47a7730cb9943f612f4909f68ac5284b5f40ac1c4615fd70576?s=96&d=mm&r=g","caption":"Giurca Sorin"},"url":"https:\/\/urbeamea.ro\/albaiulia\/author\/sorin\/"}]}},"_links":{"self":[{"href":"https:\/\/urbeamea.ro\/albaiulia\/wp-json\/wp\/v2\/posts\/121185","targetHints":{"allow":["GET"]}}],"collection":[{"href":"https:\/\/urbeamea.ro\/albaiulia\/wp-json\/wp\/v2\/posts"}],"about":[{"href":"https:\/\/urbeamea.ro\/albaiulia\/wp-json\/wp\/v2\/types\/post"}],"author":[{"embeddable":true,"href":"https:\/\/urbeamea.ro\/albaiulia\/wp-json\/wp\/v2\/users\/28"}],"replies":[{"embeddable":true,"href":"https:\/\/urbeamea.ro\/albaiulia\/wp-json\/wp\/v2\/comments?post=121185"}],"version-history":[{"count":1,"href":"https:\/\/urbeamea.ro\/albaiulia\/wp-json\/wp\/v2\/posts\/121185\/revisions"}],"predecessor-version":[{"id":121190,"href":"https:\/\/urbeamea.ro\/albaiulia\/wp-json\/wp\/v2\/posts\/121185\/revisions\/121190"}],"wp:featuredmedia":[{"embeddable":true,"href":"https:\/\/urbeamea.ro\/albaiulia\/wp-json\/wp\/v2\/media\/121187"}],"wp:attachment":[{"href":"https:\/\/urbeamea.ro\/albaiulia\/wp-json\/wp\/v2\/media?parent=121185"}],"wp:term":[{"taxonomy":"category","embeddable":true,"href":"https:\/\/urbeamea.ro\/albaiulia\/wp-json\/wp\/v2\/categories?post=121185"},{"taxonomy":"post_tag","embeddable":true,"href":"https:\/\/urbeamea.ro\/albaiulia\/wp-json\/wp\/v2\/tags?post=121185"}],"curies":[{"name":"wp","href":"https:\/\/api.w.org\/{rel}","templated":true}]}}