{"id":121213,"date":"2026-01-21T16:01:16","date_gmt":"2026-01-21T14:01:16","guid":{"rendered":"https:\/\/urbeamea.ro\/albaiulia\/?p=121213"},"modified":"2026-01-21T16:01:17","modified_gmt":"2026-01-21T14:01:17","slug":"elevii-colegiului-national-militar-mihai-viteazul-alba-au-donat-sange-pentru-semenii-aflati-in-suferinta","status":"publish","type":"post","link":"https:\/\/urbeamea.ro\/albaiulia\/elevii-colegiului-national-militar-mihai-viteazul-alba-au-donat-sange-pentru-semenii-aflati-in-suferinta\/","title":{"rendered":"Elevii Colegiului Na\u021bional Militar \u201eMihai Viteazul\u201d Alba, au donat s\u00e2nge pentru semenii afla\u021bi \u00een suferin\u021b\u0103"},"content":{"rendered":"\n<p><strong>Elevii Colegiului Na\u021bional Militar \u201eMihai Viteazul\u201d Alba Iulia au r\u0103spuns din nou pozitiv apelurilor lansate de c\u0103tre Centrul de Transfuzie Sanguin\u0103 Alba, pentru donarea de s\u00e2nge \u0219i au oferit o \u0219ans\u0103 la via\u021b\u0103 semenilor care au nevoie de transfuzii de s\u00e2nge<\/strong>.<\/p>\n\n\n\n<p>Un gest simplu, dar extrem de valoros pentru cei afla\u021bi \u00een suferin\u021b\u0103.Pentru doi dintre elevii claselor a XII-a care au donat s\u00e2nge, elevul sergent Bogdan Bolog \u0219i elevul sergent Dimitrie Salvan-Anc\u0103u acest gest a devenit deja obi\u0219nuin\u021b\u0103, fiind pentru a treia, respectiv a doua oar\u0103 c\u00e2nd au donat s\u00e2nge.<\/p>\n\n\n\n<p>Una dintre condi\u021biile esen\u021biale pentru cei care doresc s\u0103 doneze s\u00e2nge este s\u0103 aib\u0103 cel pu\u021bin 18 ani \u00eemplini\u021bi.<\/p>\n\n\n\n<p>Pentru elev caporal Alexandra Morar din clasa a XI-a, ziua \u00een care a \u00eemplinit 18 ani a fost \u0219i ziua \u00een care a devenit donator de s\u00e2nge \u0219i speran\u021b\u0103 pentru cei bolnavi.<\/p>\n\n\n\n<p>\u201eSunt foarte bucuroas\u0103 \u0219tiind c\u0103 am f\u0103cut un bine cuiva care avea nevoie de ajutor meu, iar faptul c\u0103 am putut s\u0103 fac acest gest chiar de ziua mea, \u00eenseamn\u0103 foarte mult pentru mine\u201d, a m\u0103rturisit Alexandra.<\/p>\n\n\n\n<p>Prin donarea de s\u00e2nge, elevii colegiului militar devin solidari fa\u021b\u0103 de persoanele aflate \u00een situa\u021bii critice, responsabili fa\u021b\u0103 de problemele comunit\u0103\u021bii \u0219i un exemplu pentru al\u021bi tineri care pot deveni la r\u00e2ndul lor donatori.<\/p>\n\n\n\n<p>\u00cempreun\u0103 putem face diferen\u021ba, doneaz\u0103 s\u00e2nge!<\/p>\n\n\n\n<figure class=\"wp-block-gallery has-nested-images columns-default is-cropped wp-block-gallery-1 is-layout-flex wp-block-gallery-is-layout-flex\">\n<figure class=\"wp-block-image size-large\"><img loading=\"lazy\" decoding=\"async\" width=\"1280\" height=\"853\" data-id=\"121214\" src=\"https:\/\/urbeamea.ro\/albaiulia\/wp-content\/uploads\/2026\/01\/1000062254-1280x853.jpg\" alt=\"\" class=\"wp-image-121214\" srcset=\"https:\/\/urbeamea.ro\/albaiulia\/wp-content\/uploads\/2026\/01\/1000062254-1280x853.jpg 1280w, https:\/\/urbeamea.ro\/albaiulia\/wp-content\/uploads\/2026\/01\/1000062254-640x427.jpg 640w, https:\/\/urbeamea.ro\/albaiulia\/wp-content\/uploads\/2026\/01\/1000062254-150x100.jpg 150w, https:\/\/urbeamea.ro\/albaiulia\/wp-content\/uploads\/2026\/01\/1000062254-768x512.jpg 768w, https:\/\/urbeamea.ro\/albaiulia\/wp-content\/uploads\/2026\/01\/1000062254-1536x1024.jpg 1536w, https:\/\/urbeamea.ro\/albaiulia\/wp-content\/uploads\/2026\/01\/1000062254.jpg 2048w\" sizes=\"auto, (max-width: 1280px) 100vw, 1280px\" \/><\/figure>\n\n\n\n<figure class=\"wp-block-image size-large\"><img loading=\"lazy\" decoding=\"async\" width=\"1280\" height=\"934\" data-id=\"121217\" src=\"https:\/\/urbeamea.ro\/albaiulia\/wp-content\/uploads\/2026\/01\/1000062255-1280x934.jpg\" alt=\"\" class=\"wp-image-121217\" srcset=\"https:\/\/urbeamea.ro\/albaiulia\/wp-content\/uploads\/2026\/01\/1000062255-1280x934.jpg 1280w, https:\/\/urbeamea.ro\/albaiulia\/wp-content\/uploads\/2026\/01\/1000062255-640x467.jpg 640w, https:\/\/urbeamea.ro\/albaiulia\/wp-content\/uploads\/2026\/01\/1000062255-150x109.jpg 150w, https:\/\/urbeamea.ro\/albaiulia\/wp-content\/uploads\/2026\/01\/1000062255-768x560.jpg 768w, https:\/\/urbeamea.ro\/albaiulia\/wp-content\/uploads\/2026\/01\/1000062255-1536x1121.jpg 1536w, https:\/\/urbeamea.ro\/albaiulia\/wp-content\/uploads\/2026\/01\/1000062255.jpg 2048w\" sizes=\"auto, (max-width: 1280px) 100vw, 1280px\" \/><\/figure>\n\n\n\n<figure class=\"wp-block-image size-large\"><img loading=\"lazy\" decoding=\"async\" width=\"1280\" height=\"806\" data-id=\"121215\" src=\"https:\/\/urbeamea.ro\/albaiulia\/wp-content\/uploads\/2026\/01\/1000062256-1280x806.jpg\" alt=\"\" class=\"wp-image-121215\" srcset=\"https:\/\/urbeamea.ro\/albaiulia\/wp-content\/uploads\/2026\/01\/1000062256-1280x806.jpg 1280w, https:\/\/urbeamea.ro\/albaiulia\/wp-content\/uploads\/2026\/01\/1000062256-640x403.jpg 640w, https:\/\/urbeamea.ro\/albaiulia\/wp-content\/uploads\/2026\/01\/1000062256-150x94.jpg 150w, https:\/\/urbeamea.ro\/albaiulia\/wp-content\/uploads\/2026\/01\/1000062256-768x483.jpg 768w, https:\/\/urbeamea.ro\/albaiulia\/wp-content\/uploads\/2026\/01\/1000062256-1536x967.jpg 1536w, https:\/\/urbeamea.ro\/albaiulia\/wp-content\/uploads\/2026\/01\/1000062256.jpg 2048w\" sizes=\"auto, (max-width: 1280px) 100vw, 1280px\" \/><\/figure>\n\n\n\n<figure class=\"wp-block-image size-large\"><img loading=\"lazy\" decoding=\"async\" width=\"1280\" height=\"853\" data-id=\"121216\" src=\"https:\/\/urbeamea.ro\/albaiulia\/wp-content\/uploads\/2026\/01\/1000062259-1280x853.jpg\" alt=\"\" class=\"wp-image-121216\" srcset=\"https:\/\/urbeamea.ro\/albaiulia\/wp-content\/uploads\/2026\/01\/1000062259-1280x853.jpg 1280w, https:\/\/urbeamea.ro\/albaiulia\/wp-content\/uploads\/2026\/01\/1000062259-640x427.jpg 640w, https:\/\/urbeamea.ro\/albaiulia\/wp-content\/uploads\/2026\/01\/1000062259-150x100.jpg 150w, https:\/\/urbeamea.ro\/albaiulia\/wp-content\/uploads\/2026\/01\/1000062259-768x512.jpg 768w, https:\/\/urbeamea.ro\/albaiulia\/wp-content\/uploads\/2026\/01\/1000062259-1536x1024.jpg 1536w, https:\/\/urbeamea.ro\/albaiulia\/wp-content\/uploads\/2026\/01\/1000062259.jpg 2048w\" sizes=\"auto, (max-width: 1280px) 100vw, 1280px\" \/><\/figure>\n\n\n\n<figure class=\"wp-block-image size-large\"><img loading=\"lazy\" decoding=\"async\" width=\"1280\" height=\"860\" data-id=\"121218\" src=\"https:\/\/urbeamea.ro\/albaiulia\/wp-content\/uploads\/2026\/01\/1000062258-1280x860.jpg\" alt=\"\" class=\"wp-image-121218\" srcset=\"https:\/\/urbeamea.ro\/albaiulia\/wp-content\/uploads\/2026\/01\/1000062258-1280x860.jpg 1280w, https:\/\/urbeamea.ro\/albaiulia\/wp-content\/uploads\/2026\/01\/1000062258-640x430.jpg 640w, https:\/\/urbeamea.ro\/albaiulia\/wp-content\/uploads\/2026\/01\/1000062258-150x101.jpg 150w, https:\/\/urbeamea.ro\/albaiulia\/wp-content\/uploads\/2026\/01\/1000062258-768x516.jpg 768w, https:\/\/urbeamea.ro\/albaiulia\/wp-content\/uploads\/2026\/01\/1000062258-1536x1032.jpg 1536w, https:\/\/urbeamea.ro\/albaiulia\/wp-content\/uploads\/2026\/01\/1000062258.jpg 2048w\" sizes=\"auto, (max-width: 1280px) 100vw, 1280px\" \/><\/figure>\n\n\n\n<figure class=\"wp-block-image size-large\"><img loading=\"lazy\" decoding=\"async\" width=\"1280\" height=\"853\" data-id=\"121219\" src=\"https:\/\/urbeamea.ro\/albaiulia\/wp-content\/uploads\/2026\/01\/1000062257-1280x853.jpg\" alt=\"\" class=\"wp-image-121219\" srcset=\"https:\/\/urbeamea.ro\/albaiulia\/wp-content\/uploads\/2026\/01\/1000062257-1280x853.jpg 1280w, https:\/\/urbeamea.ro\/albaiulia\/wp-content\/uploads\/2026\/01\/1000062257-640x427.jpg 640w, https:\/\/urbeamea.ro\/albaiulia\/wp-content\/uploads\/2026\/01\/1000062257-150x100.jpg 150w, https:\/\/urbeamea.ro\/albaiulia\/wp-content\/uploads\/2026\/01\/1000062257-768x512.jpg 768w, https:\/\/urbeamea.ro\/albaiulia\/wp-content\/uploads\/2026\/01\/1000062257-1536x1024.jpg 1536w, https:\/\/urbeamea.ro\/albaiulia\/wp-content\/uploads\/2026\/01\/1000062257.jpg 2048w\" sizes=\"auto, (max-width: 1280px) 100vw, 1280px\" \/><\/figure>\n<\/figure>\n","protected":false},"excerpt":{"rendered":"<p>Elevii Colegiului Na\u021bional Militar \u201eMihai Viteazul\u201d Alba Iulia au r\u0103spuns din nou pozitiv apelurilor lansate de c\u0103tre Centrul de Transfuzie Sanguin\u0103 Alba, pentru donarea de s\u00e2nge \u0219i au oferit o \u0219ans\u0103 la via\u021b\u0103 semenilor care au nevoie de transfuzii de s\u00e2nge. Un gest simplu, dar extrem de valoros pentru cei afla\u021bi \u00een suferin\u021b\u0103.Pentru doi dintre &hellip;<\/p>\n","protected":false},"author":28,"featured_media":121214,"comment_status":"open","ping_status":"open","sticky":false,"template":"","format":"standard","meta":{"inline_featured_image":false,"footnotes":""},"categories":[23926,4,255,2034,1,16344],"tags":[25062,5396],"class_list":["post-121213","post","type-post","status-publish","format-standard","has-post-thumbnail","hentry","category-actualitate","category-eveniment","category-sanatate","category-social","category-stiri-urbane","category-urbea-mea","tag-colegiul-national-militar-mihai-viteazul-2","tag-donare-de-sange"],"yoast_head":"<!-- This site is optimized with the Yoast SEO plugin v27.4 - https:\/\/yoast.com\/product\/yoast-seo-wordpress\/ -->\n<title>Elevii Colegiului Na\u021bional Militar \u201eMihai Viteazul\u201d Alba, au donat s\u00e2nge pentru semenii afla\u021bi \u00een suferin\u021b\u0103 - Revista Urbea Mea - Revista de Alba<\/title>\n<meta name=\"description\" content=\"Elevii Colegiului Na\u021bional Militar \u201eMihai Viteazul\u201d Alba Iulia au r\u0103spuns din nou pozitiv apelurilor lansate de c\u0103tre Centrul de Transfuzie Sanguin\u0103 Alba,\" \/>\n<meta name=\"robots\" content=\"index, follow, max-snippet:-1, max-image-preview:large, max-video-preview:-1\" \/>\n<link rel=\"canonical\" href=\"https:\/\/urbeamea.ro\/albaiulia\/elevii-colegiului-national-militar-mihai-viteazul-alba-au-donat-sange-pentru-semenii-aflati-in-suferinta\/\" \/>\n<meta name=\"twitter:card\" content=\"summary_large_image\" \/>\n<meta name=\"twitter:title\" content=\"Elevii Colegiului Na\u021bional Militar \u201eMihai Viteazul\u201d Alba, au donat s\u00e2nge pentru semenii afla\u021bi \u00een suferin\u021b\u0103 - Revista Urbea Mea - Revista de Alba\" \/>\n<meta name=\"twitter:description\" content=\"Elevii Colegiului Na\u021bional Militar \u201eMihai Viteazul\u201d Alba Iulia au r\u0103spuns din nou pozitiv apelurilor lansate de c\u0103tre Centrul de Transfuzie Sanguin\u0103 Alba,\" \/>\n<meta name=\"twitter:image\" content=\"https:\/\/urbeamea.ro\/albaiulia\/wp-content\/uploads\/2026\/01\/1000062254.jpg\" \/>\n<meta name=\"twitter:creator\" content=\"@urbeameaweb\" \/>\n<meta name=\"twitter:site\" content=\"@urbeameaweb\" \/>\n<script type=\"application\/ld+json\" class=\"yoast-schema-graph\">{\"@context\":\"https:\\\/\\\/schema.org\",\"@graph\":[{\"@type\":\"Article\",\"@id\":\"https:\\\/\\\/urbeamea.ro\\\/albaiulia\\\/elevii-colegiului-national-militar-mihai-viteazul-alba-au-donat-sange-pentru-semenii-aflati-in-suferinta\\\/#article\",\"isPartOf\":{\"@id\":\"https:\\\/\\\/urbeamea.ro\\\/albaiulia\\\/elevii-colegiului-national-militar-mihai-viteazul-alba-au-donat-sange-pentru-semenii-aflati-in-suferinta\\\/\"},\"author\":{\"name\":\"Giurca Sorin\",\"@id\":\"https:\\\/\\\/urbeamea.ro\\\/albaiulia\\\/#\\\/schema\\\/person\\\/5db3854ac38c1cc9f0ab4092d6a20f02\"},\"headline\":\"Elevii Colegiului Na\u021bional Militar \u201eMihai Viteazul\u201d Alba, au donat s\u00e2nge pentru semenii afla\u021bi \u00een suferin\u021b\u0103\",\"datePublished\":\"2026-01-21T14:01:16+00:00\",\"dateModified\":\"2026-01-21T14:01:17+00:00\",\"mainEntityOfPage\":{\"@id\":\"https:\\\/\\\/urbeamea.ro\\\/albaiulia\\\/elevii-colegiului-national-militar-mihai-viteazul-alba-au-donat-sange-pentru-semenii-aflati-in-suferinta\\\/\"},\"wordCount\":261,\"commentCount\":0,\"image\":{\"@id\":\"https:\\\/\\\/urbeamea.ro\\\/albaiulia\\\/elevii-colegiului-national-militar-mihai-viteazul-alba-au-donat-sange-pentru-semenii-aflati-in-suferinta\\\/#primaryimage\"},\"thumbnailUrl\":\"https:\\\/\\\/urbeamea.ro\\\/albaiulia\\\/wp-content\\\/uploads\\\/2026\\\/01\\\/1000062254.jpg\",\"keywords\":[\"Colegiul Na\u021bional Militar Mihai Viteazul\",\"donare de sange\"],\"articleSection\":[\"Actualitate\",\"Evenimente\",\"S\u0103n\u0103tate\",\"Social\",\"\u015etiri Urbane\",\"Urbea Mea\"],\"inLanguage\":\"ro-RO\",\"potentialAction\":[{\"@type\":\"CommentAction\",\"name\":\"Comment\",\"target\":[\"https:\\\/\\\/urbeamea.ro\\\/albaiulia\\\/elevii-colegiului-national-militar-mihai-viteazul-alba-au-donat-sange-pentru-semenii-aflati-in-suferinta\\\/#respond\"]}]},{\"@type\":\"WebPage\",\"@id\":\"https:\\\/\\\/urbeamea.ro\\\/albaiulia\\\/elevii-colegiului-national-militar-mihai-viteazul-alba-au-donat-sange-pentru-semenii-aflati-in-suferinta\\\/\",\"url\":\"https:\\\/\\\/urbeamea.ro\\\/albaiulia\\\/elevii-colegiului-national-militar-mihai-viteazul-alba-au-donat-sange-pentru-semenii-aflati-in-suferinta\\\/\",\"name\":\"Elevii Colegiului Na\u021bional Militar \u201eMihai Viteazul\u201d Alba, au donat s\u00e2nge pentru semenii afla\u021bi \u00een suferin\u021b\u0103 - Revista Urbea Mea - Revista de Alba\",\"isPartOf\":{\"@id\":\"https:\\\/\\\/urbeamea.ro\\\/albaiulia\\\/#website\"},\"primaryImageOfPage\":{\"@id\":\"https:\\\/\\\/urbeamea.ro\\\/albaiulia\\\/elevii-colegiului-national-militar-mihai-viteazul-alba-au-donat-sange-pentru-semenii-aflati-in-suferinta\\\/#primaryimage\"},\"image\":{\"@id\":\"https:\\\/\\\/urbeamea.ro\\\/albaiulia\\\/elevii-colegiului-national-militar-mihai-viteazul-alba-au-donat-sange-pentru-semenii-aflati-in-suferinta\\\/#primaryimage\"},\"thumbnailUrl\":\"https:\\\/\\\/urbeamea.ro\\\/albaiulia\\\/wp-content\\\/uploads\\\/2026\\\/01\\\/1000062254.jpg\",\"datePublished\":\"2026-01-21T14:01:16+00:00\",\"dateModified\":\"2026-01-21T14:01:17+00:00\",\"author\":{\"@id\":\"https:\\\/\\\/urbeamea.ro\\\/albaiulia\\\/#\\\/schema\\\/person\\\/5db3854ac38c1cc9f0ab4092d6a20f02\"},\"description\":\"Elevii Colegiului Na\u021bional Militar \u201eMihai Viteazul\u201d Alba Iulia au r\u0103spuns din nou pozitiv apelurilor lansate de c\u0103tre Centrul de Transfuzie Sanguin\u0103 Alba,\",\"breadcrumb\":{\"@id\":\"https:\\\/\\\/urbeamea.ro\\\/albaiulia\\\/elevii-colegiului-national-militar-mihai-viteazul-alba-au-donat-sange-pentru-semenii-aflati-in-suferinta\\\/#breadcrumb\"},\"inLanguage\":\"ro-RO\",\"potentialAction\":[{\"@type\":\"ReadAction\",\"target\":[\"https:\\\/\\\/urbeamea.ro\\\/albaiulia\\\/elevii-colegiului-national-militar-mihai-viteazul-alba-au-donat-sange-pentru-semenii-aflati-in-suferinta\\\/\"]}]},{\"@type\":\"ImageObject\",\"inLanguage\":\"ro-RO\",\"@id\":\"https:\\\/\\\/urbeamea.ro\\\/albaiulia\\\/elevii-colegiului-national-militar-mihai-viteazul-alba-au-donat-sange-pentru-semenii-aflati-in-suferinta\\\/#primaryimage\",\"url\":\"https:\\\/\\\/urbeamea.ro\\\/albaiulia\\\/wp-content\\\/uploads\\\/2026\\\/01\\\/1000062254.jpg\",\"contentUrl\":\"https:\\\/\\\/urbeamea.ro\\\/albaiulia\\\/wp-content\\\/uploads\\\/2026\\\/01\\\/1000062254.jpg\",\"width\":2048,\"height\":1365},{\"@type\":\"BreadcrumbList\",\"@id\":\"https:\\\/\\\/urbeamea.ro\\\/albaiulia\\\/elevii-colegiului-national-militar-mihai-viteazul-alba-au-donat-sange-pentru-semenii-aflati-in-suferinta\\\/#breadcrumb\",\"itemListElement\":[{\"@type\":\"ListItem\",\"position\":1,\"name\":\"Prima pagin\u0103\",\"item\":\"https:\\\/\\\/urbeamea.ro\\\/albaiulia\\\/\"},{\"@type\":\"ListItem\",\"position\":2,\"name\":\"Elevii Colegiului Na\u021bional Militar \u201eMihai Viteazul\u201d Alba, au donat s\u00e2nge pentru semenii afla\u021bi \u00een suferin\u021b\u0103\"}]},{\"@type\":\"WebSite\",\"@id\":\"https:\\\/\\\/urbeamea.ro\\\/albaiulia\\\/#website\",\"url\":\"https:\\\/\\\/urbeamea.ro\\\/albaiulia\\\/\",\"name\":\"Revista Urbea Mea, Stiri urbane\",\"description\":\"Evenimente \u0219i \u0219tiri din Alba Iulia, Sebe\u0219, Aiud, Blaj\",\"potentialAction\":[{\"@type\":\"SearchAction\",\"target\":{\"@type\":\"EntryPoint\",\"urlTemplate\":\"https:\\\/\\\/urbeamea.ro\\\/albaiulia\\\/?s={search_term_string}\"},\"query-input\":{\"@type\":\"PropertyValueSpecification\",\"valueRequired\":true,\"valueName\":\"search_term_string\"}}],\"inLanguage\":\"ro-RO\"},{\"@type\":\"Person\",\"@id\":\"https:\\\/\\\/urbeamea.ro\\\/albaiulia\\\/#\\\/schema\\\/person\\\/5db3854ac38c1cc9f0ab4092d6a20f02\",\"name\":\"Giurca Sorin\",\"image\":{\"@type\":\"ImageObject\",\"inLanguage\":\"ro-RO\",\"@id\":\"https:\\\/\\\/secure.gravatar.com\\\/avatar\\\/120f6fcae7b3b47a7730cb9943f612f4909f68ac5284b5f40ac1c4615fd70576?s=96&d=mm&r=g\",\"url\":\"https:\\\/\\\/secure.gravatar.com\\\/avatar\\\/120f6fcae7b3b47a7730cb9943f612f4909f68ac5284b5f40ac1c4615fd70576?s=96&d=mm&r=g\",\"contentUrl\":\"https:\\\/\\\/secure.gravatar.com\\\/avatar\\\/120f6fcae7b3b47a7730cb9943f612f4909f68ac5284b5f40ac1c4615fd70576?s=96&d=mm&r=g\",\"caption\":\"Giurca Sorin\"},\"url\":\"https:\\\/\\\/urbeamea.ro\\\/albaiulia\\\/author\\\/sorin\\\/\"}]}<\/script>\n<!-- \/ Yoast SEO plugin. -->","yoast_head_json":{"title":"Elevii Colegiului Na\u021bional Militar \u201eMihai Viteazul\u201d Alba, au donat s\u00e2nge pentru semenii afla\u021bi \u00een suferin\u021b\u0103 - Revista Urbea Mea - Revista de Alba","description":"Elevii Colegiului Na\u021bional Militar \u201eMihai Viteazul\u201d Alba Iulia au r\u0103spuns din nou pozitiv apelurilor lansate de c\u0103tre Centrul de Transfuzie Sanguin\u0103 Alba,","robots":{"index":"index","follow":"follow","max-snippet":"max-snippet:-1","max-image-preview":"max-image-preview:large","max-video-preview":"max-video-preview:-1"},"canonical":"https:\/\/urbeamea.ro\/albaiulia\/elevii-colegiului-national-militar-mihai-viteazul-alba-au-donat-sange-pentru-semenii-aflati-in-suferinta\/","twitter_card":"summary_large_image","twitter_title":"Elevii Colegiului Na\u021bional Militar \u201eMihai Viteazul\u201d Alba, au donat s\u00e2nge pentru semenii afla\u021bi \u00een suferin\u021b\u0103 - Revista Urbea Mea - Revista de Alba","twitter_description":"Elevii Colegiului Na\u021bional Militar \u201eMihai Viteazul\u201d Alba Iulia au r\u0103spuns din nou pozitiv apelurilor lansate de c\u0103tre Centrul de Transfuzie Sanguin\u0103 Alba,","twitter_image":"https:\/\/urbeamea.ro\/albaiulia\/wp-content\/uploads\/2026\/01\/1000062254.jpg","twitter_creator":"@urbeameaweb","twitter_site":"@urbeameaweb","schema":{"@context":"https:\/\/schema.org","@graph":[{"@type":"Article","@id":"https:\/\/urbeamea.ro\/albaiulia\/elevii-colegiului-national-militar-mihai-viteazul-alba-au-donat-sange-pentru-semenii-aflati-in-suferinta\/#article","isPartOf":{"@id":"https:\/\/urbeamea.ro\/albaiulia\/elevii-colegiului-national-militar-mihai-viteazul-alba-au-donat-sange-pentru-semenii-aflati-in-suferinta\/"},"author":{"name":"Giurca Sorin","@id":"https:\/\/urbeamea.ro\/albaiulia\/#\/schema\/person\/5db3854ac38c1cc9f0ab4092d6a20f02"},"headline":"Elevii Colegiului Na\u021bional Militar \u201eMihai Viteazul\u201d Alba, au donat s\u00e2nge pentru semenii afla\u021bi \u00een suferin\u021b\u0103","datePublished":"2026-01-21T14:01:16+00:00","dateModified":"2026-01-21T14:01:17+00:00","mainEntityOfPage":{"@id":"https:\/\/urbeamea.ro\/albaiulia\/elevii-colegiului-national-militar-mihai-viteazul-alba-au-donat-sange-pentru-semenii-aflati-in-suferinta\/"},"wordCount":261,"commentCount":0,"image":{"@id":"https:\/\/urbeamea.ro\/albaiulia\/elevii-colegiului-national-militar-mihai-viteazul-alba-au-donat-sange-pentru-semenii-aflati-in-suferinta\/#primaryimage"},"thumbnailUrl":"https:\/\/urbeamea.ro\/albaiulia\/wp-content\/uploads\/2026\/01\/1000062254.jpg","keywords":["Colegiul Na\u021bional Militar Mihai Viteazul","donare de sange"],"articleSection":["Actualitate","Evenimente","S\u0103n\u0103tate","Social","\u015etiri Urbane","Urbea Mea"],"inLanguage":"ro-RO","potentialAction":[{"@type":"CommentAction","name":"Comment","target":["https:\/\/urbeamea.ro\/albaiulia\/elevii-colegiului-national-militar-mihai-viteazul-alba-au-donat-sange-pentru-semenii-aflati-in-suferinta\/#respond"]}]},{"@type":"WebPage","@id":"https:\/\/urbeamea.ro\/albaiulia\/elevii-colegiului-national-militar-mihai-viteazul-alba-au-donat-sange-pentru-semenii-aflati-in-suferinta\/","url":"https:\/\/urbeamea.ro\/albaiulia\/elevii-colegiului-national-militar-mihai-viteazul-alba-au-donat-sange-pentru-semenii-aflati-in-suferinta\/","name":"Elevii Colegiului Na\u021bional Militar \u201eMihai Viteazul\u201d Alba, au donat s\u00e2nge pentru semenii afla\u021bi \u00een suferin\u021b\u0103 - Revista Urbea Mea - Revista de Alba","isPartOf":{"@id":"https:\/\/urbeamea.ro\/albaiulia\/#website"},"primaryImageOfPage":{"@id":"https:\/\/urbeamea.ro\/albaiulia\/elevii-colegiului-national-militar-mihai-viteazul-alba-au-donat-sange-pentru-semenii-aflati-in-suferinta\/#primaryimage"},"image":{"@id":"https:\/\/urbeamea.ro\/albaiulia\/elevii-colegiului-national-militar-mihai-viteazul-alba-au-donat-sange-pentru-semenii-aflati-in-suferinta\/#primaryimage"},"thumbnailUrl":"https:\/\/urbeamea.ro\/albaiulia\/wp-content\/uploads\/2026\/01\/1000062254.jpg","datePublished":"2026-01-21T14:01:16+00:00","dateModified":"2026-01-21T14:01:17+00:00","author":{"@id":"https:\/\/urbeamea.ro\/albaiulia\/#\/schema\/person\/5db3854ac38c1cc9f0ab4092d6a20f02"},"description":"Elevii Colegiului Na\u021bional Militar \u201eMihai Viteazul\u201d Alba Iulia au r\u0103spuns din nou pozitiv apelurilor lansate de c\u0103tre Centrul de Transfuzie Sanguin\u0103 Alba,","breadcrumb":{"@id":"https:\/\/urbeamea.ro\/albaiulia\/elevii-colegiului-national-militar-mihai-viteazul-alba-au-donat-sange-pentru-semenii-aflati-in-suferinta\/#breadcrumb"},"inLanguage":"ro-RO","potentialAction":[{"@type":"ReadAction","target":["https:\/\/urbeamea.ro\/albaiulia\/elevii-colegiului-national-militar-mihai-viteazul-alba-au-donat-sange-pentru-semenii-aflati-in-suferinta\/"]}]},{"@type":"ImageObject","inLanguage":"ro-RO","@id":"https:\/\/urbeamea.ro\/albaiulia\/elevii-colegiului-national-militar-mihai-viteazul-alba-au-donat-sange-pentru-semenii-aflati-in-suferinta\/#primaryimage","url":"https:\/\/urbeamea.ro\/albaiulia\/wp-content\/uploads\/2026\/01\/1000062254.jpg","contentUrl":"https:\/\/urbeamea.ro\/albaiulia\/wp-content\/uploads\/2026\/01\/1000062254.jpg","width":2048,"height":1365},{"@type":"BreadcrumbList","@id":"https:\/\/urbeamea.ro\/albaiulia\/elevii-colegiului-national-militar-mihai-viteazul-alba-au-donat-sange-pentru-semenii-aflati-in-suferinta\/#breadcrumb","itemListElement":[{"@type":"ListItem","position":1,"name":"Prima pagin\u0103","item":"https:\/\/urbeamea.ro\/albaiulia\/"},{"@type":"ListItem","position":2,"name":"Elevii Colegiului Na\u021bional Militar \u201eMihai Viteazul\u201d Alba, au donat s\u00e2nge pentru semenii afla\u021bi \u00een suferin\u021b\u0103"}]},{"@type":"WebSite","@id":"https:\/\/urbeamea.ro\/albaiulia\/#website","url":"https:\/\/urbeamea.ro\/albaiulia\/","name":"Revista Urbea Mea, Stiri urbane","description":"Evenimente \u0219i \u0219tiri din Alba Iulia, Sebe\u0219, Aiud, Blaj","potentialAction":[{"@type":"SearchAction","target":{"@type":"EntryPoint","urlTemplate":"https:\/\/urbeamea.ro\/albaiulia\/?s={search_term_string}"},"query-input":{"@type":"PropertyValueSpecification","valueRequired":true,"valueName":"search_term_string"}}],"inLanguage":"ro-RO"},{"@type":"Person","@id":"https:\/\/urbeamea.ro\/albaiulia\/#\/schema\/person\/5db3854ac38c1cc9f0ab4092d6a20f02","name":"Giurca Sorin","image":{"@type":"ImageObject","inLanguage":"ro-RO","@id":"https:\/\/secure.gravatar.com\/avatar\/120f6fcae7b3b47a7730cb9943f612f4909f68ac5284b5f40ac1c4615fd70576?s=96&d=mm&r=g","url":"https:\/\/secure.gravatar.com\/avatar\/120f6fcae7b3b47a7730cb9943f612f4909f68ac5284b5f40ac1c4615fd70576?s=96&d=mm&r=g","contentUrl":"https:\/\/secure.gravatar.com\/avatar\/120f6fcae7b3b47a7730cb9943f612f4909f68ac5284b5f40ac1c4615fd70576?s=96&d=mm&r=g","caption":"Giurca Sorin"},"url":"https:\/\/urbeamea.ro\/albaiulia\/author\/sorin\/"}]}},"_links":{"self":[{"href":"https:\/\/urbeamea.ro\/albaiulia\/wp-json\/wp\/v2\/posts\/121213","targetHints":{"allow":["GET"]}}],"collection":[{"href":"https:\/\/urbeamea.ro\/albaiulia\/wp-json\/wp\/v2\/posts"}],"about":[{"href":"https:\/\/urbeamea.ro\/albaiulia\/wp-json\/wp\/v2\/types\/post"}],"author":[{"embeddable":true,"href":"https:\/\/urbeamea.ro\/albaiulia\/wp-json\/wp\/v2\/users\/28"}],"replies":[{"embeddable":true,"href":"https:\/\/urbeamea.ro\/albaiulia\/wp-json\/wp\/v2\/comments?post=121213"}],"version-history":[{"count":1,"href":"https:\/\/urbeamea.ro\/albaiulia\/wp-json\/wp\/v2\/posts\/121213\/revisions"}],"predecessor-version":[{"id":121220,"href":"https:\/\/urbeamea.ro\/albaiulia\/wp-json\/wp\/v2\/posts\/121213\/revisions\/121220"}],"wp:featuredmedia":[{"embeddable":true,"href":"https:\/\/urbeamea.ro\/albaiulia\/wp-json\/wp\/v2\/media\/121214"}],"wp:attachment":[{"href":"https:\/\/urbeamea.ro\/albaiulia\/wp-json\/wp\/v2\/media?parent=121213"}],"wp:term":[{"taxonomy":"category","embeddable":true,"href":"https:\/\/urbeamea.ro\/albaiulia\/wp-json\/wp\/v2\/categories?post=121213"},{"taxonomy":"post_tag","embeddable":true,"href":"https:\/\/urbeamea.ro\/albaiulia\/wp-json\/wp\/v2\/tags?post=121213"}],"curies":[{"name":"wp","href":"https:\/\/api.w.org\/{rel}","templated":true}]}}