{"id":121351,"date":"2026-02-02T13:51:59","date_gmt":"2026-02-02T11:51:59","guid":{"rendered":"https:\/\/urbeamea.ro\/albaiulia\/?p=121351"},"modified":"2026-02-02T13:52:02","modified_gmt":"2026-02-02T11:52:02","slug":"teatrul-de-papusi-prichindel-selectionat-la-festivalul-zilele-artei-papusaresti-ale-cartaginei-care-se-va-desfasura-in-tunisia","status":"publish","type":"post","link":"https:\/\/urbeamea.ro\/albaiulia\/teatrul-de-papusi-prichindel-selectionat-la-festivalul-zilele-artei-papusaresti-ale-cartaginei-care-se-va-desfasura-in-tunisia\/","title":{"rendered":"Teatrul de P\u0103pu\u0219i \u201ePrichindel\u201d, selec\u021bionat la Festivalul \u201eZilele Artei P\u0103pu\u0219\u0103re\u0219ti ale Cartaginei\u201d, care se va desf\u0103\u0219ura \u00een Tunisia"},"content":{"rendered":"\n<p><strong>Teatrul de P\u0103pu\u0219i \u201ePrichindel\u201d a fost selec\u021bionat la cea de-a 7-a edi\u021bie a Festivalului Zilele Artei P\u0103pu\u0219\u0103re\u0219ti ale Cartaginei, Tunis, ca urmare a invita\u021biei venite din partea Centrului Na\u021bional al Artei P\u0103pu\u0219\u0103re\u0219ti din Tunisia.<\/strong><\/p>\n\n\n\n<p>E o mare bucurie prezen\u021ba teatrului nostru \u00eentr-un spa\u021biu cultural at\u00e2t de nou \u0219i de diferit pentru noi, unde ne dorim s\u0103 avem parte de un adev\u0103rat schimb cultural, de o experien\u021b\u0103 inedit\u0103, dar \u0219i de un public numeros, care s\u0103 ne descopere prin arta pe care o practic\u0103m.<\/p>\n\n\n\n<p>A\u0219adar, vom sus\u021bine dou\u0103 reprezenta\u021bii ale spectacolului \u201eVia\u021b\u0103 de chibrit\u201d, regia Radu Dinulescu, un spectacol non-verbal, care, prin p\u0103pu\u0219ile-obiect, prin povestea elaborat\u0103 din gesturi, sunete \u0219i imagini, transcende limbajul, lumile \u0219i timpul, oferind perspectiva unui adev\u0103r general valabil, av\u00e2nd \u0219i o component\u0103 clar\u0103 a ceea ce numim specific rom\u00e2nesc prin muzica \u00eenso\u021bitoare.<\/p>\n\n\n\n<p>Cele dou\u0103 reprezenta\u021bii vor fi sus\u021binute \u00een dou\u0103 loca\u021bii ale festivalului, dup\u0103 cum urmeaz\u0103:<\/p>\n\n\n\n<p>Via\u021b\u0103 de chibrit\u201d este un spectacol pentru \u00eentreaga familie. Este istoria unui popor construit din chibrituri. Aventuri amuzante, melancolice sau sensibile vorbesc despre p\u0103catele, temerile \u0219i visele noastre de a fi mai buni, mai puternici.<\/p>\n\n\n\n<p>Povestea noastr\u0103 \u00ee\u0219i propune s\u0103 v\u0103 fac\u0103 s\u0103 r\u00e2de\u021bi \u0219i s\u0103 reflecta\u021bi asupra existen\u021bei, a libert\u0103\u021bii \u0219i a dorin\u021bei de a tr\u0103i cu adev\u0103rat \u00een lini\u0219te \u0219i bog\u0103\u021bie. \u2013 Radu Dinulescu, regizor.<\/p>\n\n\n\n<p>Echipa care ne va reprezenta la acest festival este format\u0103 din: actri\u021bele Viorica Boda \u0219i Teodora Popa, operatorul de lumini Ovidiu T\u0103m\u0103\u0219an, maestrul de sunet Florin Andrea \u0219i managerul teatrului Ioana Bog\u0103\u021ban.<\/p>\n\n\n\n<figure class=\"wp-block-gallery has-nested-images columns-default is-cropped wp-block-gallery-1 is-layout-flex wp-block-gallery-is-layout-flex\">\n<figure class=\"wp-block-image size-large\"><img loading=\"lazy\" decoding=\"async\" width=\"1280\" height=\"853\" data-id=\"121352\" src=\"https:\/\/urbeamea.ro\/albaiulia\/wp-content\/uploads\/2026\/02\/1000063164-1280x853.jpg\" alt=\"\" class=\"wp-image-121352\" srcset=\"https:\/\/urbeamea.ro\/albaiulia\/wp-content\/uploads\/2026\/02\/1000063164-1280x853.jpg 1280w, https:\/\/urbeamea.ro\/albaiulia\/wp-content\/uploads\/2026\/02\/1000063164-640x427.jpg 640w, https:\/\/urbeamea.ro\/albaiulia\/wp-content\/uploads\/2026\/02\/1000063164-150x100.jpg 150w, https:\/\/urbeamea.ro\/albaiulia\/wp-content\/uploads\/2026\/02\/1000063164-768x512.jpg 768w, https:\/\/urbeamea.ro\/albaiulia\/wp-content\/uploads\/2026\/02\/1000063164-1536x1024.jpg 1536w, https:\/\/urbeamea.ro\/albaiulia\/wp-content\/uploads\/2026\/02\/1000063164.jpg 1671w\" sizes=\"auto, (max-width: 1280px) 100vw, 1280px\" \/><\/figure>\n\n\n\n<figure class=\"wp-block-image size-large\"><img loading=\"lazy\" decoding=\"async\" width=\"1280\" height=\"853\" data-id=\"121355\" src=\"https:\/\/urbeamea.ro\/albaiulia\/wp-content\/uploads\/2026\/02\/1000063165-1280x853.jpg\" alt=\"\" class=\"wp-image-121355\" srcset=\"https:\/\/urbeamea.ro\/albaiulia\/wp-content\/uploads\/2026\/02\/1000063165-1280x853.jpg 1280w, https:\/\/urbeamea.ro\/albaiulia\/wp-content\/uploads\/2026\/02\/1000063165-640x427.jpg 640w, https:\/\/urbeamea.ro\/albaiulia\/wp-content\/uploads\/2026\/02\/1000063165-150x100.jpg 150w, https:\/\/urbeamea.ro\/albaiulia\/wp-content\/uploads\/2026\/02\/1000063165-768x512.jpg 768w, https:\/\/urbeamea.ro\/albaiulia\/wp-content\/uploads\/2026\/02\/1000063165-1536x1024.jpg 1536w, https:\/\/urbeamea.ro\/albaiulia\/wp-content\/uploads\/2026\/02\/1000063165.jpg 1671w\" sizes=\"auto, (max-width: 1280px) 100vw, 1280px\" \/><\/figure>\n\n\n\n<figure class=\"wp-block-image size-large\"><img loading=\"lazy\" decoding=\"async\" width=\"1280\" height=\"853\" data-id=\"121353\" src=\"https:\/\/urbeamea.ro\/albaiulia\/wp-content\/uploads\/2026\/02\/1000063166-1280x853.jpg\" alt=\"\" class=\"wp-image-121353\" srcset=\"https:\/\/urbeamea.ro\/albaiulia\/wp-content\/uploads\/2026\/02\/1000063166-1280x853.jpg 1280w, https:\/\/urbeamea.ro\/albaiulia\/wp-content\/uploads\/2026\/02\/1000063166-640x427.jpg 640w, https:\/\/urbeamea.ro\/albaiulia\/wp-content\/uploads\/2026\/02\/1000063166-150x100.jpg 150w, https:\/\/urbeamea.ro\/albaiulia\/wp-content\/uploads\/2026\/02\/1000063166-768x512.jpg 768w, https:\/\/urbeamea.ro\/albaiulia\/wp-content\/uploads\/2026\/02\/1000063166-1536x1024.jpg 1536w, https:\/\/urbeamea.ro\/albaiulia\/wp-content\/uploads\/2026\/02\/1000063166.jpg 1671w\" sizes=\"auto, (max-width: 1280px) 100vw, 1280px\" \/><\/figure>\n\n\n\n<figure class=\"wp-block-image size-large\"><img loading=\"lazy\" decoding=\"async\" width=\"1280\" height=\"853\" data-id=\"121354\" src=\"https:\/\/urbeamea.ro\/albaiulia\/wp-content\/uploads\/2026\/02\/1000063163-1280x853.jpg\" alt=\"\" class=\"wp-image-121354\" srcset=\"https:\/\/urbeamea.ro\/albaiulia\/wp-content\/uploads\/2026\/02\/1000063163-1280x853.jpg 1280w, https:\/\/urbeamea.ro\/albaiulia\/wp-content\/uploads\/2026\/02\/1000063163-640x427.jpg 640w, https:\/\/urbeamea.ro\/albaiulia\/wp-content\/uploads\/2026\/02\/1000063163-150x100.jpg 150w, https:\/\/urbeamea.ro\/albaiulia\/wp-content\/uploads\/2026\/02\/1000063163-768x512.jpg 768w, https:\/\/urbeamea.ro\/albaiulia\/wp-content\/uploads\/2026\/02\/1000063163-1536x1024.jpg 1536w, https:\/\/urbeamea.ro\/albaiulia\/wp-content\/uploads\/2026\/02\/1000063163.jpg 1671w\" sizes=\"auto, (max-width: 1280px) 100vw, 1280px\" \/><\/figure>\n\n\n\n<figure class=\"wp-block-image size-large\"><img loading=\"lazy\" decoding=\"async\" width=\"1280\" height=\"853\" data-id=\"121356\" src=\"https:\/\/urbeamea.ro\/albaiulia\/wp-content\/uploads\/2026\/02\/1000063162-1280x853.jpg\" alt=\"\" class=\"wp-image-121356\" srcset=\"https:\/\/urbeamea.ro\/albaiulia\/wp-content\/uploads\/2026\/02\/1000063162-1280x853.jpg 1280w, https:\/\/urbeamea.ro\/albaiulia\/wp-content\/uploads\/2026\/02\/1000063162-640x427.jpg 640w, https:\/\/urbeamea.ro\/albaiulia\/wp-content\/uploads\/2026\/02\/1000063162-150x100.jpg 150w, https:\/\/urbeamea.ro\/albaiulia\/wp-content\/uploads\/2026\/02\/1000063162-768x512.jpg 768w, https:\/\/urbeamea.ro\/albaiulia\/wp-content\/uploads\/2026\/02\/1000063162-1536x1024.jpg 1536w, https:\/\/urbeamea.ro\/albaiulia\/wp-content\/uploads\/2026\/02\/1000063162.jpg 2048w\" sizes=\"auto, (max-width: 1280px) 100vw, 1280px\" \/><\/figure>\n\n\n\n<figure class=\"wp-block-image size-large\"><img loading=\"lazy\" decoding=\"async\" width=\"1280\" height=\"905\" data-id=\"121357\" src=\"https:\/\/urbeamea.ro\/albaiulia\/wp-content\/uploads\/2026\/02\/1000063161-1280x905.jpg\" alt=\"\" class=\"wp-image-121357\" srcset=\"https:\/\/urbeamea.ro\/albaiulia\/wp-content\/uploads\/2026\/02\/1000063161-1280x905.jpg 1280w, https:\/\/urbeamea.ro\/albaiulia\/wp-content\/uploads\/2026\/02\/1000063161-640x452.jpg 640w, https:\/\/urbeamea.ro\/albaiulia\/wp-content\/uploads\/2026\/02\/1000063161-150x106.jpg 150w, https:\/\/urbeamea.ro\/albaiulia\/wp-content\/uploads\/2026\/02\/1000063161-768x543.jpg 768w, https:\/\/urbeamea.ro\/albaiulia\/wp-content\/uploads\/2026\/02\/1000063161-1536x1086.jpg 1536w, https:\/\/urbeamea.ro\/albaiulia\/wp-content\/uploads\/2026\/02\/1000063161.jpg 1600w\" sizes=\"auto, (max-width: 1280px) 100vw, 1280px\" \/><\/figure>\n<\/figure>\n","protected":false},"excerpt":{"rendered":"<p>Teatrul de P\u0103pu\u0219i \u201ePrichindel\u201d a fost selec\u021bionat la cea de-a 7-a edi\u021bie a Festivalului Zilele Artei P\u0103pu\u0219\u0103re\u0219ti ale Cartaginei, Tunis, ca urmare a invita\u021biei venite din partea Centrului Na\u021bional al Artei P\u0103pu\u0219\u0103re\u0219ti din Tunisia. E o mare bucurie prezen\u021ba teatrului nostru \u00eentr-un spa\u021biu cultural at\u00e2t de nou \u0219i de diferit pentru noi, unde ne dorim &hellip;<\/p>\n","protected":false},"author":28,"featured_media":121353,"comment_status":"open","ping_status":"open","sticky":false,"template":"","format":"standard","meta":{"inline_featured_image":false,"footnotes":""},"categories":[23926,2038,4,2034,1,16344],"tags":[909],"class_list":["post-121351","post","type-post","status-publish","format-standard","has-post-thumbnail","hentry","category-actualitate","category-cultura","category-eveniment","category-social","category-stiri-urbane","category-urbea-mea","tag-teatrul-de-papusi-prichindel"],"yoast_head":"<!-- This site is optimized with the Yoast SEO plugin v27.4 - https:\/\/yoast.com\/product\/yoast-seo-wordpress\/ -->\n<title>Teatrul de P\u0103pu\u0219i \u201ePrichindel\u201d, selec\u021bionat la Festivalul \u201eZilele Artei P\u0103pu\u0219\u0103re\u0219ti ale Cartaginei\u201d, care se va desf\u0103\u0219ura \u00een Tunisia - Revista Urbea Mea - Revista de Alba<\/title>\n<meta name=\"description\" content=\"Teatrul de P\u0103pu\u0219i \u201ePrichindel\u201d a fost selec\u021bionat la cea de-a 7-a edi\u021bie a Festivalului Zilele Artei P\u0103pu\u0219\u0103re\u0219ti ale Cartaginei, Tunis, ca urmare a\" \/>\n<meta name=\"robots\" content=\"index, follow, max-snippet:-1, max-image-preview:large, max-video-preview:-1\" \/>\n<link rel=\"canonical\" href=\"https:\/\/urbeamea.ro\/albaiulia\/teatrul-de-papusi-prichindel-selectionat-la-festivalul-zilele-artei-papusaresti-ale-cartaginei-care-se-va-desfasura-in-tunisia\/\" \/>\n<meta name=\"twitter:card\" content=\"summary_large_image\" \/>\n<meta name=\"twitter:title\" content=\"Teatrul de P\u0103pu\u0219i \u201ePrichindel\u201d, selec\u021bionat la Festivalul \u201eZilele Artei P\u0103pu\u0219\u0103re\u0219ti ale Cartaginei\u201d, care se va desf\u0103\u0219ura \u00een Tunisia - Revista Urbea Mea - Revista de Alba\" \/>\n<meta name=\"twitter:description\" content=\"Teatrul de P\u0103pu\u0219i \u201ePrichindel\u201d a fost selec\u021bionat la cea de-a 7-a edi\u021bie a Festivalului Zilele Artei P\u0103pu\u0219\u0103re\u0219ti ale Cartaginei, Tunis, ca urmare a\" \/>\n<meta name=\"twitter:image\" content=\"https:\/\/urbeamea.ro\/albaiulia\/wp-content\/uploads\/2026\/02\/1000063166.jpg\" \/>\n<meta name=\"twitter:creator\" content=\"@urbeameaweb\" \/>\n<meta name=\"twitter:site\" content=\"@urbeameaweb\" \/>\n<script type=\"application\/ld+json\" class=\"yoast-schema-graph\">{\"@context\":\"https:\\\/\\\/schema.org\",\"@graph\":[{\"@type\":\"Article\",\"@id\":\"https:\\\/\\\/urbeamea.ro\\\/albaiulia\\\/teatrul-de-papusi-prichindel-selectionat-la-festivalul-zilele-artei-papusaresti-ale-cartaginei-care-se-va-desfasura-in-tunisia\\\/#article\",\"isPartOf\":{\"@id\":\"https:\\\/\\\/urbeamea.ro\\\/albaiulia\\\/teatrul-de-papusi-prichindel-selectionat-la-festivalul-zilele-artei-papusaresti-ale-cartaginei-care-se-va-desfasura-in-tunisia\\\/\"},\"author\":{\"name\":\"Giurca Sorin\",\"@id\":\"https:\\\/\\\/urbeamea.ro\\\/albaiulia\\\/#\\\/schema\\\/person\\\/5db3854ac38c1cc9f0ab4092d6a20f02\"},\"headline\":\"Teatrul de P\u0103pu\u0219i \u201ePrichindel\u201d, selec\u021bionat la Festivalul \u201eZilele Artei P\u0103pu\u0219\u0103re\u0219ti ale Cartaginei\u201d, care se va desf\u0103\u0219ura \u00een Tunisia\",\"datePublished\":\"2026-02-02T11:51:59+00:00\",\"dateModified\":\"2026-02-02T11:52:02+00:00\",\"mainEntityOfPage\":{\"@id\":\"https:\\\/\\\/urbeamea.ro\\\/albaiulia\\\/teatrul-de-papusi-prichindel-selectionat-la-festivalul-zilele-artei-papusaresti-ale-cartaginei-care-se-va-desfasura-in-tunisia\\\/\"},\"wordCount\":316,\"commentCount\":0,\"image\":{\"@id\":\"https:\\\/\\\/urbeamea.ro\\\/albaiulia\\\/teatrul-de-papusi-prichindel-selectionat-la-festivalul-zilele-artei-papusaresti-ale-cartaginei-care-se-va-desfasura-in-tunisia\\\/#primaryimage\"},\"thumbnailUrl\":\"https:\\\/\\\/urbeamea.ro\\\/albaiulia\\\/wp-content\\\/uploads\\\/2026\\\/02\\\/1000063166.jpg\",\"keywords\":[\"Teatrul de p\u0103pu\u0219i \u201ePrichindel\u201d\"],\"articleSection\":[\"Actualitate\",\"Cultur\u0103\",\"Evenimente\",\"Social\",\"\u015etiri Urbane\",\"Urbea Mea\"],\"inLanguage\":\"ro-RO\",\"potentialAction\":[{\"@type\":\"CommentAction\",\"name\":\"Comment\",\"target\":[\"https:\\\/\\\/urbeamea.ro\\\/albaiulia\\\/teatrul-de-papusi-prichindel-selectionat-la-festivalul-zilele-artei-papusaresti-ale-cartaginei-care-se-va-desfasura-in-tunisia\\\/#respond\"]}]},{\"@type\":\"WebPage\",\"@id\":\"https:\\\/\\\/urbeamea.ro\\\/albaiulia\\\/teatrul-de-papusi-prichindel-selectionat-la-festivalul-zilele-artei-papusaresti-ale-cartaginei-care-se-va-desfasura-in-tunisia\\\/\",\"url\":\"https:\\\/\\\/urbeamea.ro\\\/albaiulia\\\/teatrul-de-papusi-prichindel-selectionat-la-festivalul-zilele-artei-papusaresti-ale-cartaginei-care-se-va-desfasura-in-tunisia\\\/\",\"name\":\"Teatrul de P\u0103pu\u0219i \u201ePrichindel\u201d, selec\u021bionat la Festivalul \u201eZilele Artei P\u0103pu\u0219\u0103re\u0219ti ale Cartaginei\u201d, care se va desf\u0103\u0219ura \u00een Tunisia - Revista Urbea Mea - Revista de Alba\",\"isPartOf\":{\"@id\":\"https:\\\/\\\/urbeamea.ro\\\/albaiulia\\\/#website\"},\"primaryImageOfPage\":{\"@id\":\"https:\\\/\\\/urbeamea.ro\\\/albaiulia\\\/teatrul-de-papusi-prichindel-selectionat-la-festivalul-zilele-artei-papusaresti-ale-cartaginei-care-se-va-desfasura-in-tunisia\\\/#primaryimage\"},\"image\":{\"@id\":\"https:\\\/\\\/urbeamea.ro\\\/albaiulia\\\/teatrul-de-papusi-prichindel-selectionat-la-festivalul-zilele-artei-papusaresti-ale-cartaginei-care-se-va-desfasura-in-tunisia\\\/#primaryimage\"},\"thumbnailUrl\":\"https:\\\/\\\/urbeamea.ro\\\/albaiulia\\\/wp-content\\\/uploads\\\/2026\\\/02\\\/1000063166.jpg\",\"datePublished\":\"2026-02-02T11:51:59+00:00\",\"dateModified\":\"2026-02-02T11:52:02+00:00\",\"author\":{\"@id\":\"https:\\\/\\\/urbeamea.ro\\\/albaiulia\\\/#\\\/schema\\\/person\\\/5db3854ac38c1cc9f0ab4092d6a20f02\"},\"description\":\"Teatrul de P\u0103pu\u0219i \u201ePrichindel\u201d a fost selec\u021bionat la cea de-a 7-a edi\u021bie a Festivalului Zilele Artei P\u0103pu\u0219\u0103re\u0219ti ale Cartaginei, Tunis, ca urmare a\",\"breadcrumb\":{\"@id\":\"https:\\\/\\\/urbeamea.ro\\\/albaiulia\\\/teatrul-de-papusi-prichindel-selectionat-la-festivalul-zilele-artei-papusaresti-ale-cartaginei-care-se-va-desfasura-in-tunisia\\\/#breadcrumb\"},\"inLanguage\":\"ro-RO\",\"potentialAction\":[{\"@type\":\"ReadAction\",\"target\":[\"https:\\\/\\\/urbeamea.ro\\\/albaiulia\\\/teatrul-de-papusi-prichindel-selectionat-la-festivalul-zilele-artei-papusaresti-ale-cartaginei-care-se-va-desfasura-in-tunisia\\\/\"]}]},{\"@type\":\"ImageObject\",\"inLanguage\":\"ro-RO\",\"@id\":\"https:\\\/\\\/urbeamea.ro\\\/albaiulia\\\/teatrul-de-papusi-prichindel-selectionat-la-festivalul-zilele-artei-papusaresti-ale-cartaginei-care-se-va-desfasura-in-tunisia\\\/#primaryimage\",\"url\":\"https:\\\/\\\/urbeamea.ro\\\/albaiulia\\\/wp-content\\\/uploads\\\/2026\\\/02\\\/1000063166.jpg\",\"contentUrl\":\"https:\\\/\\\/urbeamea.ro\\\/albaiulia\\\/wp-content\\\/uploads\\\/2026\\\/02\\\/1000063166.jpg\",\"width\":1671,\"height\":1114},{\"@type\":\"BreadcrumbList\",\"@id\":\"https:\\\/\\\/urbeamea.ro\\\/albaiulia\\\/teatrul-de-papusi-prichindel-selectionat-la-festivalul-zilele-artei-papusaresti-ale-cartaginei-care-se-va-desfasura-in-tunisia\\\/#breadcrumb\",\"itemListElement\":[{\"@type\":\"ListItem\",\"position\":1,\"name\":\"Prima pagin\u0103\",\"item\":\"https:\\\/\\\/urbeamea.ro\\\/albaiulia\\\/\"},{\"@type\":\"ListItem\",\"position\":2,\"name\":\"Teatrul de P\u0103pu\u0219i \u201ePrichindel\u201d, selec\u021bionat la Festivalul \u201eZilele Artei P\u0103pu\u0219\u0103re\u0219ti ale Cartaginei\u201d, care se va desf\u0103\u0219ura \u00een Tunisia\"}]},{\"@type\":\"WebSite\",\"@id\":\"https:\\\/\\\/urbeamea.ro\\\/albaiulia\\\/#website\",\"url\":\"https:\\\/\\\/urbeamea.ro\\\/albaiulia\\\/\",\"name\":\"Revista Urbea Mea, Stiri urbane\",\"description\":\"Evenimente \u0219i \u0219tiri din Alba Iulia, Sebe\u0219, Aiud, Blaj\",\"potentialAction\":[{\"@type\":\"SearchAction\",\"target\":{\"@type\":\"EntryPoint\",\"urlTemplate\":\"https:\\\/\\\/urbeamea.ro\\\/albaiulia\\\/?s={search_term_string}\"},\"query-input\":{\"@type\":\"PropertyValueSpecification\",\"valueRequired\":true,\"valueName\":\"search_term_string\"}}],\"inLanguage\":\"ro-RO\"},{\"@type\":\"Person\",\"@id\":\"https:\\\/\\\/urbeamea.ro\\\/albaiulia\\\/#\\\/schema\\\/person\\\/5db3854ac38c1cc9f0ab4092d6a20f02\",\"name\":\"Giurca Sorin\",\"image\":{\"@type\":\"ImageObject\",\"inLanguage\":\"ro-RO\",\"@id\":\"https:\\\/\\\/secure.gravatar.com\\\/avatar\\\/120f6fcae7b3b47a7730cb9943f612f4909f68ac5284b5f40ac1c4615fd70576?s=96&d=mm&r=g\",\"url\":\"https:\\\/\\\/secure.gravatar.com\\\/avatar\\\/120f6fcae7b3b47a7730cb9943f612f4909f68ac5284b5f40ac1c4615fd70576?s=96&d=mm&r=g\",\"contentUrl\":\"https:\\\/\\\/secure.gravatar.com\\\/avatar\\\/120f6fcae7b3b47a7730cb9943f612f4909f68ac5284b5f40ac1c4615fd70576?s=96&d=mm&r=g\",\"caption\":\"Giurca Sorin\"},\"url\":\"https:\\\/\\\/urbeamea.ro\\\/albaiulia\\\/author\\\/sorin\\\/\"}]}<\/script>\n<!-- \/ Yoast SEO plugin. -->","yoast_head_json":{"title":"Teatrul de P\u0103pu\u0219i \u201ePrichindel\u201d, selec\u021bionat la Festivalul \u201eZilele Artei P\u0103pu\u0219\u0103re\u0219ti ale Cartaginei\u201d, care se va desf\u0103\u0219ura \u00een Tunisia - Revista Urbea Mea - Revista de Alba","description":"Teatrul de P\u0103pu\u0219i \u201ePrichindel\u201d a fost selec\u021bionat la cea de-a 7-a edi\u021bie a Festivalului Zilele Artei P\u0103pu\u0219\u0103re\u0219ti ale Cartaginei, Tunis, ca urmare a","robots":{"index":"index","follow":"follow","max-snippet":"max-snippet:-1","max-image-preview":"max-image-preview:large","max-video-preview":"max-video-preview:-1"},"canonical":"https:\/\/urbeamea.ro\/albaiulia\/teatrul-de-papusi-prichindel-selectionat-la-festivalul-zilele-artei-papusaresti-ale-cartaginei-care-se-va-desfasura-in-tunisia\/","twitter_card":"summary_large_image","twitter_title":"Teatrul de P\u0103pu\u0219i \u201ePrichindel\u201d, selec\u021bionat la Festivalul \u201eZilele Artei P\u0103pu\u0219\u0103re\u0219ti ale Cartaginei\u201d, care se va desf\u0103\u0219ura \u00een Tunisia - Revista Urbea Mea - Revista de Alba","twitter_description":"Teatrul de P\u0103pu\u0219i \u201ePrichindel\u201d a fost selec\u021bionat la cea de-a 7-a edi\u021bie a Festivalului Zilele Artei P\u0103pu\u0219\u0103re\u0219ti ale Cartaginei, Tunis, ca urmare a","twitter_image":"https:\/\/urbeamea.ro\/albaiulia\/wp-content\/uploads\/2026\/02\/1000063166.jpg","twitter_creator":"@urbeameaweb","twitter_site":"@urbeameaweb","schema":{"@context":"https:\/\/schema.org","@graph":[{"@type":"Article","@id":"https:\/\/urbeamea.ro\/albaiulia\/teatrul-de-papusi-prichindel-selectionat-la-festivalul-zilele-artei-papusaresti-ale-cartaginei-care-se-va-desfasura-in-tunisia\/#article","isPartOf":{"@id":"https:\/\/urbeamea.ro\/albaiulia\/teatrul-de-papusi-prichindel-selectionat-la-festivalul-zilele-artei-papusaresti-ale-cartaginei-care-se-va-desfasura-in-tunisia\/"},"author":{"name":"Giurca Sorin","@id":"https:\/\/urbeamea.ro\/albaiulia\/#\/schema\/person\/5db3854ac38c1cc9f0ab4092d6a20f02"},"headline":"Teatrul de P\u0103pu\u0219i \u201ePrichindel\u201d, selec\u021bionat la Festivalul \u201eZilele Artei P\u0103pu\u0219\u0103re\u0219ti ale Cartaginei\u201d, care se va desf\u0103\u0219ura \u00een Tunisia","datePublished":"2026-02-02T11:51:59+00:00","dateModified":"2026-02-02T11:52:02+00:00","mainEntityOfPage":{"@id":"https:\/\/urbeamea.ro\/albaiulia\/teatrul-de-papusi-prichindel-selectionat-la-festivalul-zilele-artei-papusaresti-ale-cartaginei-care-se-va-desfasura-in-tunisia\/"},"wordCount":316,"commentCount":0,"image":{"@id":"https:\/\/urbeamea.ro\/albaiulia\/teatrul-de-papusi-prichindel-selectionat-la-festivalul-zilele-artei-papusaresti-ale-cartaginei-care-se-va-desfasura-in-tunisia\/#primaryimage"},"thumbnailUrl":"https:\/\/urbeamea.ro\/albaiulia\/wp-content\/uploads\/2026\/02\/1000063166.jpg","keywords":["Teatrul de p\u0103pu\u0219i \u201ePrichindel\u201d"],"articleSection":["Actualitate","Cultur\u0103","Evenimente","Social","\u015etiri Urbane","Urbea Mea"],"inLanguage":"ro-RO","potentialAction":[{"@type":"CommentAction","name":"Comment","target":["https:\/\/urbeamea.ro\/albaiulia\/teatrul-de-papusi-prichindel-selectionat-la-festivalul-zilele-artei-papusaresti-ale-cartaginei-care-se-va-desfasura-in-tunisia\/#respond"]}]},{"@type":"WebPage","@id":"https:\/\/urbeamea.ro\/albaiulia\/teatrul-de-papusi-prichindel-selectionat-la-festivalul-zilele-artei-papusaresti-ale-cartaginei-care-se-va-desfasura-in-tunisia\/","url":"https:\/\/urbeamea.ro\/albaiulia\/teatrul-de-papusi-prichindel-selectionat-la-festivalul-zilele-artei-papusaresti-ale-cartaginei-care-se-va-desfasura-in-tunisia\/","name":"Teatrul de P\u0103pu\u0219i \u201ePrichindel\u201d, selec\u021bionat la Festivalul \u201eZilele Artei P\u0103pu\u0219\u0103re\u0219ti ale Cartaginei\u201d, care se va desf\u0103\u0219ura \u00een Tunisia - Revista Urbea Mea - Revista de Alba","isPartOf":{"@id":"https:\/\/urbeamea.ro\/albaiulia\/#website"},"primaryImageOfPage":{"@id":"https:\/\/urbeamea.ro\/albaiulia\/teatrul-de-papusi-prichindel-selectionat-la-festivalul-zilele-artei-papusaresti-ale-cartaginei-care-se-va-desfasura-in-tunisia\/#primaryimage"},"image":{"@id":"https:\/\/urbeamea.ro\/albaiulia\/teatrul-de-papusi-prichindel-selectionat-la-festivalul-zilele-artei-papusaresti-ale-cartaginei-care-se-va-desfasura-in-tunisia\/#primaryimage"},"thumbnailUrl":"https:\/\/urbeamea.ro\/albaiulia\/wp-content\/uploads\/2026\/02\/1000063166.jpg","datePublished":"2026-02-02T11:51:59+00:00","dateModified":"2026-02-02T11:52:02+00:00","author":{"@id":"https:\/\/urbeamea.ro\/albaiulia\/#\/schema\/person\/5db3854ac38c1cc9f0ab4092d6a20f02"},"description":"Teatrul de P\u0103pu\u0219i \u201ePrichindel\u201d a fost selec\u021bionat la cea de-a 7-a edi\u021bie a Festivalului Zilele Artei P\u0103pu\u0219\u0103re\u0219ti ale Cartaginei, Tunis, ca urmare a","breadcrumb":{"@id":"https:\/\/urbeamea.ro\/albaiulia\/teatrul-de-papusi-prichindel-selectionat-la-festivalul-zilele-artei-papusaresti-ale-cartaginei-care-se-va-desfasura-in-tunisia\/#breadcrumb"},"inLanguage":"ro-RO","potentialAction":[{"@type":"ReadAction","target":["https:\/\/urbeamea.ro\/albaiulia\/teatrul-de-papusi-prichindel-selectionat-la-festivalul-zilele-artei-papusaresti-ale-cartaginei-care-se-va-desfasura-in-tunisia\/"]}]},{"@type":"ImageObject","inLanguage":"ro-RO","@id":"https:\/\/urbeamea.ro\/albaiulia\/teatrul-de-papusi-prichindel-selectionat-la-festivalul-zilele-artei-papusaresti-ale-cartaginei-care-se-va-desfasura-in-tunisia\/#primaryimage","url":"https:\/\/urbeamea.ro\/albaiulia\/wp-content\/uploads\/2026\/02\/1000063166.jpg","contentUrl":"https:\/\/urbeamea.ro\/albaiulia\/wp-content\/uploads\/2026\/02\/1000063166.jpg","width":1671,"height":1114},{"@type":"BreadcrumbList","@id":"https:\/\/urbeamea.ro\/albaiulia\/teatrul-de-papusi-prichindel-selectionat-la-festivalul-zilele-artei-papusaresti-ale-cartaginei-care-se-va-desfasura-in-tunisia\/#breadcrumb","itemListElement":[{"@type":"ListItem","position":1,"name":"Prima pagin\u0103","item":"https:\/\/urbeamea.ro\/albaiulia\/"},{"@type":"ListItem","position":2,"name":"Teatrul de P\u0103pu\u0219i \u201ePrichindel\u201d, selec\u021bionat la Festivalul \u201eZilele Artei P\u0103pu\u0219\u0103re\u0219ti ale Cartaginei\u201d, care se va desf\u0103\u0219ura \u00een Tunisia"}]},{"@type":"WebSite","@id":"https:\/\/urbeamea.ro\/albaiulia\/#website","url":"https:\/\/urbeamea.ro\/albaiulia\/","name":"Revista Urbea Mea, Stiri urbane","description":"Evenimente \u0219i \u0219tiri din Alba Iulia, Sebe\u0219, Aiud, Blaj","potentialAction":[{"@type":"SearchAction","target":{"@type":"EntryPoint","urlTemplate":"https:\/\/urbeamea.ro\/albaiulia\/?s={search_term_string}"},"query-input":{"@type":"PropertyValueSpecification","valueRequired":true,"valueName":"search_term_string"}}],"inLanguage":"ro-RO"},{"@type":"Person","@id":"https:\/\/urbeamea.ro\/albaiulia\/#\/schema\/person\/5db3854ac38c1cc9f0ab4092d6a20f02","name":"Giurca Sorin","image":{"@type":"ImageObject","inLanguage":"ro-RO","@id":"https:\/\/secure.gravatar.com\/avatar\/120f6fcae7b3b47a7730cb9943f612f4909f68ac5284b5f40ac1c4615fd70576?s=96&d=mm&r=g","url":"https:\/\/secure.gravatar.com\/avatar\/120f6fcae7b3b47a7730cb9943f612f4909f68ac5284b5f40ac1c4615fd70576?s=96&d=mm&r=g","contentUrl":"https:\/\/secure.gravatar.com\/avatar\/120f6fcae7b3b47a7730cb9943f612f4909f68ac5284b5f40ac1c4615fd70576?s=96&d=mm&r=g","caption":"Giurca Sorin"},"url":"https:\/\/urbeamea.ro\/albaiulia\/author\/sorin\/"}]}},"_links":{"self":[{"href":"https:\/\/urbeamea.ro\/albaiulia\/wp-json\/wp\/v2\/posts\/121351","targetHints":{"allow":["GET"]}}],"collection":[{"href":"https:\/\/urbeamea.ro\/albaiulia\/wp-json\/wp\/v2\/posts"}],"about":[{"href":"https:\/\/urbeamea.ro\/albaiulia\/wp-json\/wp\/v2\/types\/post"}],"author":[{"embeddable":true,"href":"https:\/\/urbeamea.ro\/albaiulia\/wp-json\/wp\/v2\/users\/28"}],"replies":[{"embeddable":true,"href":"https:\/\/urbeamea.ro\/albaiulia\/wp-json\/wp\/v2\/comments?post=121351"}],"version-history":[{"count":1,"href":"https:\/\/urbeamea.ro\/albaiulia\/wp-json\/wp\/v2\/posts\/121351\/revisions"}],"predecessor-version":[{"id":121358,"href":"https:\/\/urbeamea.ro\/albaiulia\/wp-json\/wp\/v2\/posts\/121351\/revisions\/121358"}],"wp:featuredmedia":[{"embeddable":true,"href":"https:\/\/urbeamea.ro\/albaiulia\/wp-json\/wp\/v2\/media\/121353"}],"wp:attachment":[{"href":"https:\/\/urbeamea.ro\/albaiulia\/wp-json\/wp\/v2\/media?parent=121351"}],"wp:term":[{"taxonomy":"category","embeddable":true,"href":"https:\/\/urbeamea.ro\/albaiulia\/wp-json\/wp\/v2\/categories?post=121351"},{"taxonomy":"post_tag","embeddable":true,"href":"https:\/\/urbeamea.ro\/albaiulia\/wp-json\/wp\/v2\/tags?post=121351"}],"curies":[{"name":"wp","href":"https:\/\/api.w.org\/{rel}","templated":true}]}}