{"id":121439,"date":"2026-02-10T16:52:34","date_gmt":"2026-02-10T14:52:34","guid":{"rendered":"https:\/\/urbeamea.ro\/albaiulia\/?p=121439"},"modified":"2026-02-10T16:52:35","modified_gmt":"2026-02-10T14:52:35","slug":"tabara-de-zi-pentru-copii-la-palatul-principilor-transilvaniei-din-alba-iulia","status":"publish","type":"post","link":"https:\/\/urbeamea.ro\/albaiulia\/tabara-de-zi-pentru-copii-la-palatul-principilor-transilvaniei-din-alba-iulia\/","title":{"rendered":"Tab\u0103r\u0103 de zi pentru copii, la Palatul Principilor Transilvaniei din Alba Iulia"},"content":{"rendered":"\n<p><strong>\u00cen perioada 23\u201327 februarie 2026, Centrul Cultural Palatul Principilor Transilvaniei organizeaz\u0103 tab\u0103ra de zi \u201eVacan\u021b\u0103 la Palat \u2013 Exploratorii istoriei\u201d. Astfel, \u00een vacan\u021ba ce urmeaz\u0103, le propunem p\u0103rin\u021bilor elevilor din ciclul primar un program educativ \u0219i recreativ dedicat copiilor, conceput ca o experien\u021b\u0103 de explorare a istoriei prin joc, dialog \u0219i activit\u0103\u021bi creative.<\/strong><\/p>\n\n\n\n<p>Ce am preg\u0103tit?<\/p>\n\n\n\n<p>Un program echilibrat, alc\u0103tuit din ateliere tematice, activit\u0103\u021bi creative \u0219i recreative, desf\u0103\u0219urate preponderent \u00een spa\u021biile Muzeului Palatul Principilor Transilvaniei, precum \u0219i \u00een Spa\u021biul Muzeal Principia.<\/p>\n\n\n\n<p>\u00cen fiecare zi, micii exploratori vor participa \u0219i la o excursie \u00een afara muzeului, c\u0103tre locuri speciale din apropiere, menite s\u0103-i inspire \u0219i s\u0103 le st\u00e2rneasc\u0103 curiozitatea \u2013 fie c\u0103 e vorba de incursiuni \u00een universul altor muzee, experien\u021be \u00een natur\u0103, descoperirea vie\u021bii de la ferm\u0103, activit\u0103\u021bi sportive, ori o relaxare la film.<\/p>\n\n\n\n<p>Finalul taberei va fi marcat de o petrecere tematic\u0103 cu surprize!<\/p>\n\n\n\n<p>Date organizatorice:<\/p>\n\n\n\n<p>Perioad\u0103: 23 \u2013 27 februarie 2026<\/p>\n\n\n\n<p>Program zilnic: 08:00 \u2013 16:00<\/p>\n\n\n\n<p>Mese: dou\u0103 gust\u0103ri zilnice incluse + pr\u00e2nz (catering)<\/p>\n\n\n\n<p>Program extins disponibil: preluare de la ora 07:30 \u0219i predare p\u00e2n\u0103 la 16:30<\/p>\n\n\n\n<p>Num\u0103r limitat de locuri!<\/p>\n\n\n\n<p>\u00censcrieri \u0219i informa\u021bii suplimentare: 0371.337.148 sau direct la Centrul Na\u021bional de Informare \u0219i Promovare Turistic\u0103, Alba Iulia. <\/p>\n\n\n\n<p>Descrierea complet\u0103 a atelierelor, programul zilnic \u0219i alte detalii organizatorice sunt disponibile pe site-ul Palatului Principilor Transilvaniei<\/p>\n\n\n\n<figure class=\"wp-block-image size-large\"><img loading=\"lazy\" decoding=\"async\" width=\"1068\" height=\"1280\" src=\"https:\/\/urbeamea.ro\/albaiulia\/wp-content\/uploads\/2026\/02\/1000064026-1068x1280.jpg\" alt=\"\" class=\"wp-image-121440\" srcset=\"https:\/\/urbeamea.ro\/albaiulia\/wp-content\/uploads\/2026\/02\/1000064026-1068x1280.jpg 1068w, https:\/\/urbeamea.ro\/albaiulia\/wp-content\/uploads\/2026\/02\/1000064026-534x640.jpg 534w, https:\/\/urbeamea.ro\/albaiulia\/wp-content\/uploads\/2026\/02\/1000064026-125x150.jpg 125w, https:\/\/urbeamea.ro\/albaiulia\/wp-content\/uploads\/2026\/02\/1000064026-768x920.jpg 768w, https:\/\/urbeamea.ro\/albaiulia\/wp-content\/uploads\/2026\/02\/1000064026-1282x1536.jpg 1282w, https:\/\/urbeamea.ro\/albaiulia\/wp-content\/uploads\/2026\/02\/1000064026.jpg 1335w\" sizes=\"auto, (max-width: 1068px) 100vw, 1068px\" \/><\/figure>\n\n\n\n<p><\/p>\n","protected":false},"excerpt":{"rendered":"<p>\u00cen perioada 23\u201327 februarie 2026, Centrul Cultural Palatul Principilor Transilvaniei organizeaz\u0103 tab\u0103ra de zi \u201eVacan\u021b\u0103 la Palat \u2013 Exploratorii istoriei\u201d. Astfel, \u00een vacan\u021ba ce urmeaz\u0103, le propunem p\u0103rin\u021bilor elevilor din ciclul primar un program educativ \u0219i recreativ dedicat copiilor, conceput ca o experien\u021b\u0103 de explorare a istoriei prin joc, dialog \u0219i activit\u0103\u021bi creative. Ce am &hellip;<\/p>\n","protected":false},"author":28,"featured_media":121440,"comment_status":"open","ping_status":"open","sticky":false,"template":"","format":"standard","meta":{"inline_featured_image":false,"footnotes":""},"categories":[23926,2039,4,2034,1,16344],"tags":[25503,25530],"class_list":["post-121439","post","type-post","status-publish","format-standard","has-post-thumbnail","hentry","category-actualitate","category-educatie","category-eveniment","category-social","category-stiri-urbane","category-urbea-mea","tag-palatul-principilor-transilvaniei","tag-tabara-de-vara-2"],"yoast_head":"<!-- This site is optimized with the Yoast SEO plugin v27.4 - https:\/\/yoast.com\/product\/yoast-seo-wordpress\/ -->\n<title>Tab\u0103r\u0103 de zi pentru copii, la Palatul Principilor Transilvaniei din Alba Iulia - Revista Urbea Mea - Revista de Alba<\/title>\n<meta name=\"description\" content=\"\u00cen perioada 23\u201327 februarie 2026, Centrul Cultural Palatul Principilor Transilvaniei organizeaz\u0103 tab\u0103ra de zi \u201eVacan\u021b\u0103 la Palat \u2013 Exploratorii istoriei\u201d.\" \/>\n<meta name=\"robots\" content=\"index, follow, max-snippet:-1, max-image-preview:large, max-video-preview:-1\" \/>\n<link rel=\"canonical\" href=\"https:\/\/urbeamea.ro\/albaiulia\/tabara-de-zi-pentru-copii-la-palatul-principilor-transilvaniei-din-alba-iulia\/\" \/>\n<meta name=\"twitter:card\" content=\"summary_large_image\" \/>\n<meta name=\"twitter:title\" content=\"Tab\u0103r\u0103 de zi pentru copii, la Palatul Principilor Transilvaniei din Alba Iulia - Revista Urbea Mea - Revista de Alba\" \/>\n<meta name=\"twitter:description\" content=\"\u00cen perioada 23\u201327 februarie 2026, Centrul Cultural Palatul Principilor Transilvaniei organizeaz\u0103 tab\u0103ra de zi \u201eVacan\u021b\u0103 la Palat \u2013 Exploratorii istoriei\u201d.\" \/>\n<meta name=\"twitter:image\" content=\"https:\/\/urbeamea.ro\/albaiulia\/wp-content\/uploads\/2026\/02\/1000064026.jpg\" \/>\n<meta name=\"twitter:creator\" content=\"@urbeameaweb\" \/>\n<meta name=\"twitter:site\" content=\"@urbeameaweb\" \/>\n<script type=\"application\/ld+json\" class=\"yoast-schema-graph\">{\"@context\":\"https:\\\/\\\/schema.org\",\"@graph\":[{\"@type\":\"Article\",\"@id\":\"https:\\\/\\\/urbeamea.ro\\\/albaiulia\\\/tabara-de-zi-pentru-copii-la-palatul-principilor-transilvaniei-din-alba-iulia\\\/#article\",\"isPartOf\":{\"@id\":\"https:\\\/\\\/urbeamea.ro\\\/albaiulia\\\/tabara-de-zi-pentru-copii-la-palatul-principilor-transilvaniei-din-alba-iulia\\\/\"},\"author\":{\"name\":\"Giurca Sorin\",\"@id\":\"https:\\\/\\\/urbeamea.ro\\\/albaiulia\\\/#\\\/schema\\\/person\\\/5db3854ac38c1cc9f0ab4092d6a20f02\"},\"headline\":\"Tab\u0103r\u0103 de zi pentru copii, la Palatul Principilor Transilvaniei din Alba Iulia\",\"datePublished\":\"2026-02-10T14:52:34+00:00\",\"dateModified\":\"2026-02-10T14:52:35+00:00\",\"mainEntityOfPage\":{\"@id\":\"https:\\\/\\\/urbeamea.ro\\\/albaiulia\\\/tabara-de-zi-pentru-copii-la-palatul-principilor-transilvaniei-din-alba-iulia\\\/\"},\"wordCount\":238,\"commentCount\":0,\"image\":{\"@id\":\"https:\\\/\\\/urbeamea.ro\\\/albaiulia\\\/tabara-de-zi-pentru-copii-la-palatul-principilor-transilvaniei-din-alba-iulia\\\/#primaryimage\"},\"thumbnailUrl\":\"https:\\\/\\\/urbeamea.ro\\\/albaiulia\\\/wp-content\\\/uploads\\\/2026\\\/02\\\/1000064026.jpg\",\"keywords\":[\"Palatul Principilor Transilvaniei\",\"Tab\u0103r\u0103 de var\u0103\"],\"articleSection\":[\"Actualitate\",\"Educa\u021bie\",\"Evenimente\",\"Social\",\"\u015etiri Urbane\",\"Urbea Mea\"],\"inLanguage\":\"ro-RO\",\"potentialAction\":[{\"@type\":\"CommentAction\",\"name\":\"Comment\",\"target\":[\"https:\\\/\\\/urbeamea.ro\\\/albaiulia\\\/tabara-de-zi-pentru-copii-la-palatul-principilor-transilvaniei-din-alba-iulia\\\/#respond\"]}]},{\"@type\":\"WebPage\",\"@id\":\"https:\\\/\\\/urbeamea.ro\\\/albaiulia\\\/tabara-de-zi-pentru-copii-la-palatul-principilor-transilvaniei-din-alba-iulia\\\/\",\"url\":\"https:\\\/\\\/urbeamea.ro\\\/albaiulia\\\/tabara-de-zi-pentru-copii-la-palatul-principilor-transilvaniei-din-alba-iulia\\\/\",\"name\":\"Tab\u0103r\u0103 de zi pentru copii, la Palatul Principilor Transilvaniei din Alba Iulia - Revista Urbea Mea - Revista de Alba\",\"isPartOf\":{\"@id\":\"https:\\\/\\\/urbeamea.ro\\\/albaiulia\\\/#website\"},\"primaryImageOfPage\":{\"@id\":\"https:\\\/\\\/urbeamea.ro\\\/albaiulia\\\/tabara-de-zi-pentru-copii-la-palatul-principilor-transilvaniei-din-alba-iulia\\\/#primaryimage\"},\"image\":{\"@id\":\"https:\\\/\\\/urbeamea.ro\\\/albaiulia\\\/tabara-de-zi-pentru-copii-la-palatul-principilor-transilvaniei-din-alba-iulia\\\/#primaryimage\"},\"thumbnailUrl\":\"https:\\\/\\\/urbeamea.ro\\\/albaiulia\\\/wp-content\\\/uploads\\\/2026\\\/02\\\/1000064026.jpg\",\"datePublished\":\"2026-02-10T14:52:34+00:00\",\"dateModified\":\"2026-02-10T14:52:35+00:00\",\"author\":{\"@id\":\"https:\\\/\\\/urbeamea.ro\\\/albaiulia\\\/#\\\/schema\\\/person\\\/5db3854ac38c1cc9f0ab4092d6a20f02\"},\"description\":\"\u00cen perioada 23\u201327 februarie 2026, Centrul Cultural Palatul Principilor Transilvaniei organizeaz\u0103 tab\u0103ra de zi \u201eVacan\u021b\u0103 la Palat \u2013 Exploratorii istoriei\u201d.\",\"breadcrumb\":{\"@id\":\"https:\\\/\\\/urbeamea.ro\\\/albaiulia\\\/tabara-de-zi-pentru-copii-la-palatul-principilor-transilvaniei-din-alba-iulia\\\/#breadcrumb\"},\"inLanguage\":\"ro-RO\",\"potentialAction\":[{\"@type\":\"ReadAction\",\"target\":[\"https:\\\/\\\/urbeamea.ro\\\/albaiulia\\\/tabara-de-zi-pentru-copii-la-palatul-principilor-transilvaniei-din-alba-iulia\\\/\"]}]},{\"@type\":\"ImageObject\",\"inLanguage\":\"ro-RO\",\"@id\":\"https:\\\/\\\/urbeamea.ro\\\/albaiulia\\\/tabara-de-zi-pentru-copii-la-palatul-principilor-transilvaniei-din-alba-iulia\\\/#primaryimage\",\"url\":\"https:\\\/\\\/urbeamea.ro\\\/albaiulia\\\/wp-content\\\/uploads\\\/2026\\\/02\\\/1000064026.jpg\",\"contentUrl\":\"https:\\\/\\\/urbeamea.ro\\\/albaiulia\\\/wp-content\\\/uploads\\\/2026\\\/02\\\/1000064026.jpg\",\"width\":1335,\"height\":1600},{\"@type\":\"BreadcrumbList\",\"@id\":\"https:\\\/\\\/urbeamea.ro\\\/albaiulia\\\/tabara-de-zi-pentru-copii-la-palatul-principilor-transilvaniei-din-alba-iulia\\\/#breadcrumb\",\"itemListElement\":[{\"@type\":\"ListItem\",\"position\":1,\"name\":\"Prima pagin\u0103\",\"item\":\"https:\\\/\\\/urbeamea.ro\\\/albaiulia\\\/\"},{\"@type\":\"ListItem\",\"position\":2,\"name\":\"Tab\u0103r\u0103 de zi pentru copii, la Palatul Principilor Transilvaniei din Alba Iulia\"}]},{\"@type\":\"WebSite\",\"@id\":\"https:\\\/\\\/urbeamea.ro\\\/albaiulia\\\/#website\",\"url\":\"https:\\\/\\\/urbeamea.ro\\\/albaiulia\\\/\",\"name\":\"Revista Urbea Mea, Stiri urbane\",\"description\":\"Evenimente \u0219i \u0219tiri din Alba Iulia, Sebe\u0219, Aiud, Blaj\",\"potentialAction\":[{\"@type\":\"SearchAction\",\"target\":{\"@type\":\"EntryPoint\",\"urlTemplate\":\"https:\\\/\\\/urbeamea.ro\\\/albaiulia\\\/?s={search_term_string}\"},\"query-input\":{\"@type\":\"PropertyValueSpecification\",\"valueRequired\":true,\"valueName\":\"search_term_string\"}}],\"inLanguage\":\"ro-RO\"},{\"@type\":\"Person\",\"@id\":\"https:\\\/\\\/urbeamea.ro\\\/albaiulia\\\/#\\\/schema\\\/person\\\/5db3854ac38c1cc9f0ab4092d6a20f02\",\"name\":\"Giurca Sorin\",\"image\":{\"@type\":\"ImageObject\",\"inLanguage\":\"ro-RO\",\"@id\":\"https:\\\/\\\/secure.gravatar.com\\\/avatar\\\/120f6fcae7b3b47a7730cb9943f612f4909f68ac5284b5f40ac1c4615fd70576?s=96&d=mm&r=g\",\"url\":\"https:\\\/\\\/secure.gravatar.com\\\/avatar\\\/120f6fcae7b3b47a7730cb9943f612f4909f68ac5284b5f40ac1c4615fd70576?s=96&d=mm&r=g\",\"contentUrl\":\"https:\\\/\\\/secure.gravatar.com\\\/avatar\\\/120f6fcae7b3b47a7730cb9943f612f4909f68ac5284b5f40ac1c4615fd70576?s=96&d=mm&r=g\",\"caption\":\"Giurca Sorin\"},\"url\":\"https:\\\/\\\/urbeamea.ro\\\/albaiulia\\\/author\\\/sorin\\\/\"}]}<\/script>\n<!-- \/ Yoast SEO plugin. -->","yoast_head_json":{"title":"Tab\u0103r\u0103 de zi pentru copii, la Palatul Principilor Transilvaniei din Alba Iulia - Revista Urbea Mea - Revista de Alba","description":"\u00cen perioada 23\u201327 februarie 2026, Centrul Cultural Palatul Principilor Transilvaniei organizeaz\u0103 tab\u0103ra de zi \u201eVacan\u021b\u0103 la Palat \u2013 Exploratorii istoriei\u201d.","robots":{"index":"index","follow":"follow","max-snippet":"max-snippet:-1","max-image-preview":"max-image-preview:large","max-video-preview":"max-video-preview:-1"},"canonical":"https:\/\/urbeamea.ro\/albaiulia\/tabara-de-zi-pentru-copii-la-palatul-principilor-transilvaniei-din-alba-iulia\/","twitter_card":"summary_large_image","twitter_title":"Tab\u0103r\u0103 de zi pentru copii, la Palatul Principilor Transilvaniei din Alba Iulia - Revista Urbea Mea - Revista de Alba","twitter_description":"\u00cen perioada 23\u201327 februarie 2026, Centrul Cultural Palatul Principilor Transilvaniei organizeaz\u0103 tab\u0103ra de zi \u201eVacan\u021b\u0103 la Palat \u2013 Exploratorii istoriei\u201d.","twitter_image":"https:\/\/urbeamea.ro\/albaiulia\/wp-content\/uploads\/2026\/02\/1000064026.jpg","twitter_creator":"@urbeameaweb","twitter_site":"@urbeameaweb","schema":{"@context":"https:\/\/schema.org","@graph":[{"@type":"Article","@id":"https:\/\/urbeamea.ro\/albaiulia\/tabara-de-zi-pentru-copii-la-palatul-principilor-transilvaniei-din-alba-iulia\/#article","isPartOf":{"@id":"https:\/\/urbeamea.ro\/albaiulia\/tabara-de-zi-pentru-copii-la-palatul-principilor-transilvaniei-din-alba-iulia\/"},"author":{"name":"Giurca Sorin","@id":"https:\/\/urbeamea.ro\/albaiulia\/#\/schema\/person\/5db3854ac38c1cc9f0ab4092d6a20f02"},"headline":"Tab\u0103r\u0103 de zi pentru copii, la Palatul Principilor Transilvaniei din Alba Iulia","datePublished":"2026-02-10T14:52:34+00:00","dateModified":"2026-02-10T14:52:35+00:00","mainEntityOfPage":{"@id":"https:\/\/urbeamea.ro\/albaiulia\/tabara-de-zi-pentru-copii-la-palatul-principilor-transilvaniei-din-alba-iulia\/"},"wordCount":238,"commentCount":0,"image":{"@id":"https:\/\/urbeamea.ro\/albaiulia\/tabara-de-zi-pentru-copii-la-palatul-principilor-transilvaniei-din-alba-iulia\/#primaryimage"},"thumbnailUrl":"https:\/\/urbeamea.ro\/albaiulia\/wp-content\/uploads\/2026\/02\/1000064026.jpg","keywords":["Palatul Principilor Transilvaniei","Tab\u0103r\u0103 de var\u0103"],"articleSection":["Actualitate","Educa\u021bie","Evenimente","Social","\u015etiri Urbane","Urbea Mea"],"inLanguage":"ro-RO","potentialAction":[{"@type":"CommentAction","name":"Comment","target":["https:\/\/urbeamea.ro\/albaiulia\/tabara-de-zi-pentru-copii-la-palatul-principilor-transilvaniei-din-alba-iulia\/#respond"]}]},{"@type":"WebPage","@id":"https:\/\/urbeamea.ro\/albaiulia\/tabara-de-zi-pentru-copii-la-palatul-principilor-transilvaniei-din-alba-iulia\/","url":"https:\/\/urbeamea.ro\/albaiulia\/tabara-de-zi-pentru-copii-la-palatul-principilor-transilvaniei-din-alba-iulia\/","name":"Tab\u0103r\u0103 de zi pentru copii, la Palatul Principilor Transilvaniei din Alba Iulia - Revista Urbea Mea - Revista de Alba","isPartOf":{"@id":"https:\/\/urbeamea.ro\/albaiulia\/#website"},"primaryImageOfPage":{"@id":"https:\/\/urbeamea.ro\/albaiulia\/tabara-de-zi-pentru-copii-la-palatul-principilor-transilvaniei-din-alba-iulia\/#primaryimage"},"image":{"@id":"https:\/\/urbeamea.ro\/albaiulia\/tabara-de-zi-pentru-copii-la-palatul-principilor-transilvaniei-din-alba-iulia\/#primaryimage"},"thumbnailUrl":"https:\/\/urbeamea.ro\/albaiulia\/wp-content\/uploads\/2026\/02\/1000064026.jpg","datePublished":"2026-02-10T14:52:34+00:00","dateModified":"2026-02-10T14:52:35+00:00","author":{"@id":"https:\/\/urbeamea.ro\/albaiulia\/#\/schema\/person\/5db3854ac38c1cc9f0ab4092d6a20f02"},"description":"\u00cen perioada 23\u201327 februarie 2026, Centrul Cultural Palatul Principilor Transilvaniei organizeaz\u0103 tab\u0103ra de zi \u201eVacan\u021b\u0103 la Palat \u2013 Exploratorii istoriei\u201d.","breadcrumb":{"@id":"https:\/\/urbeamea.ro\/albaiulia\/tabara-de-zi-pentru-copii-la-palatul-principilor-transilvaniei-din-alba-iulia\/#breadcrumb"},"inLanguage":"ro-RO","potentialAction":[{"@type":"ReadAction","target":["https:\/\/urbeamea.ro\/albaiulia\/tabara-de-zi-pentru-copii-la-palatul-principilor-transilvaniei-din-alba-iulia\/"]}]},{"@type":"ImageObject","inLanguage":"ro-RO","@id":"https:\/\/urbeamea.ro\/albaiulia\/tabara-de-zi-pentru-copii-la-palatul-principilor-transilvaniei-din-alba-iulia\/#primaryimage","url":"https:\/\/urbeamea.ro\/albaiulia\/wp-content\/uploads\/2026\/02\/1000064026.jpg","contentUrl":"https:\/\/urbeamea.ro\/albaiulia\/wp-content\/uploads\/2026\/02\/1000064026.jpg","width":1335,"height":1600},{"@type":"BreadcrumbList","@id":"https:\/\/urbeamea.ro\/albaiulia\/tabara-de-zi-pentru-copii-la-palatul-principilor-transilvaniei-din-alba-iulia\/#breadcrumb","itemListElement":[{"@type":"ListItem","position":1,"name":"Prima pagin\u0103","item":"https:\/\/urbeamea.ro\/albaiulia\/"},{"@type":"ListItem","position":2,"name":"Tab\u0103r\u0103 de zi pentru copii, la Palatul Principilor Transilvaniei din Alba Iulia"}]},{"@type":"WebSite","@id":"https:\/\/urbeamea.ro\/albaiulia\/#website","url":"https:\/\/urbeamea.ro\/albaiulia\/","name":"Revista Urbea Mea, Stiri urbane","description":"Evenimente \u0219i \u0219tiri din Alba Iulia, Sebe\u0219, Aiud, Blaj","potentialAction":[{"@type":"SearchAction","target":{"@type":"EntryPoint","urlTemplate":"https:\/\/urbeamea.ro\/albaiulia\/?s={search_term_string}"},"query-input":{"@type":"PropertyValueSpecification","valueRequired":true,"valueName":"search_term_string"}}],"inLanguage":"ro-RO"},{"@type":"Person","@id":"https:\/\/urbeamea.ro\/albaiulia\/#\/schema\/person\/5db3854ac38c1cc9f0ab4092d6a20f02","name":"Giurca Sorin","image":{"@type":"ImageObject","inLanguage":"ro-RO","@id":"https:\/\/secure.gravatar.com\/avatar\/120f6fcae7b3b47a7730cb9943f612f4909f68ac5284b5f40ac1c4615fd70576?s=96&d=mm&r=g","url":"https:\/\/secure.gravatar.com\/avatar\/120f6fcae7b3b47a7730cb9943f612f4909f68ac5284b5f40ac1c4615fd70576?s=96&d=mm&r=g","contentUrl":"https:\/\/secure.gravatar.com\/avatar\/120f6fcae7b3b47a7730cb9943f612f4909f68ac5284b5f40ac1c4615fd70576?s=96&d=mm&r=g","caption":"Giurca Sorin"},"url":"https:\/\/urbeamea.ro\/albaiulia\/author\/sorin\/"}]}},"_links":{"self":[{"href":"https:\/\/urbeamea.ro\/albaiulia\/wp-json\/wp\/v2\/posts\/121439","targetHints":{"allow":["GET"]}}],"collection":[{"href":"https:\/\/urbeamea.ro\/albaiulia\/wp-json\/wp\/v2\/posts"}],"about":[{"href":"https:\/\/urbeamea.ro\/albaiulia\/wp-json\/wp\/v2\/types\/post"}],"author":[{"embeddable":true,"href":"https:\/\/urbeamea.ro\/albaiulia\/wp-json\/wp\/v2\/users\/28"}],"replies":[{"embeddable":true,"href":"https:\/\/urbeamea.ro\/albaiulia\/wp-json\/wp\/v2\/comments?post=121439"}],"version-history":[{"count":1,"href":"https:\/\/urbeamea.ro\/albaiulia\/wp-json\/wp\/v2\/posts\/121439\/revisions"}],"predecessor-version":[{"id":121441,"href":"https:\/\/urbeamea.ro\/albaiulia\/wp-json\/wp\/v2\/posts\/121439\/revisions\/121441"}],"wp:featuredmedia":[{"embeddable":true,"href":"https:\/\/urbeamea.ro\/albaiulia\/wp-json\/wp\/v2\/media\/121440"}],"wp:attachment":[{"href":"https:\/\/urbeamea.ro\/albaiulia\/wp-json\/wp\/v2\/media?parent=121439"}],"wp:term":[{"taxonomy":"category","embeddable":true,"href":"https:\/\/urbeamea.ro\/albaiulia\/wp-json\/wp\/v2\/categories?post=121439"},{"taxonomy":"post_tag","embeddable":true,"href":"https:\/\/urbeamea.ro\/albaiulia\/wp-json\/wp\/v2\/tags?post=121439"}],"curies":[{"name":"wp","href":"https:\/\/api.w.org\/{rel}","templated":true}]}}