{"id":121442,"date":"2026-02-10T17:19:43","date_gmt":"2026-02-10T15:19:43","guid":{"rendered":"https:\/\/urbeamea.ro\/albaiulia\/?p=121442"},"modified":"2026-02-10T17:19:44","modified_gmt":"2026-02-10T15:19:44","slug":"ghita-bordea-plutonier-adjutant-principal-din-cadrul-colegiului-national-militar-mihai-viteazul-alba-iulia-final-de-cariera-dupa-40-ani-de-activitate","status":"publish","type":"post","link":"https:\/\/urbeamea.ro\/albaiulia\/ghita-bordea-plutonier-adjutant-principal-din-cadrul-colegiului-national-militar-mihai-viteazul-alba-iulia-final-de-cariera-dupa-40-ani-de-activitate\/","title":{"rendered":"Ghi\u021b\u0103 Bordea, plutonier adjutant principal din cadrul Colegiului Na\u021bional Militar \u201eMihai Viteazul\u201d Alba Iulia, final de carier\u0103 dup\u0103 40 ani de activitate"},"content":{"rendered":"\n<p><strong>Plutonier adjutant principal Ghi\u021b\u0103 Bordea, din cadrul Colegiului Na\u021bional Militar \u201eMihai Viteazul\u201d Alba Iulia, a ajuns la final de carier\u0103 dup\u0103 40 ani de activitate \u00een cadrul institu\u021biei de \u00eenv\u0103\u021b\u0103m\u00e2nt.<\/strong><\/p>\n\n\n\n<p>\u201d A purtat uniforma militar\u0103 aproape 40 de ani, de c\u00e2nd a fost admis la \u0218coala militar\u0103 de Subofi\u021beri de Geniu, \u00een anul 1987. Din \u00eentreaga sa carier\u0103 militar\u0103, mai bine de jum\u0103tate a petrecut-o \u00een Colegiul Na\u021bional Militar \u201eMihai Viteazul\u201d Alba Iulia, 22 de ani.<\/p>\n\n\n\n<p>De-a lungul acestor ani, domnul plutonier adjutant principal Ghi\u021b\u0103 Bordea, subofi\u021ber de comand\u0103, a demonstrat profesionalism \u0219i dedicare \u00een desf\u0103\u0219urarea activit\u0103\u021bii, iar prin experien\u021ba acumulat\u0103 \u0219i seriozitatea de care a dat dovad\u0103, a reprezentat un reper \u0219i un sprijin real pentru colegi.<\/p>\n\n\n\n<p>Parcursul s\u0103u profesional a fost definit de responsabilitate \u0219i respect fa\u021b\u0103 de institu\u021bie \u0219i oameni.<\/p>\n\n\n\n<p>Cu recuno\u0219tin\u021b\u0103 \u0219i respect \u00eei mul\u021bumim pentru to\u021bi ace\u0219ti ani de activitate \u0219i pentru amprenta pe care o las\u0103 asupra colectivului.<\/p>\n\n\n\n<p>\u00cei dorim mult\u0103 s\u0103n\u0103tate, lini\u0219te \u0219i bucurii \u00een noua etap\u0103 a vie\u021bii!, au transmis, mar\u021bi, reprezentan\u021bii Colegiului Militar din Alba Iulia.<\/p>\n\n\n\n<figure class=\"wp-block-gallery has-nested-images columns-default is-cropped wp-block-gallery-1 is-layout-flex wp-block-gallery-is-layout-flex\">\n<figure class=\"wp-block-image size-large\"><img loading=\"lazy\" decoding=\"async\" width=\"853\" height=\"1280\" data-id=\"121443\" src=\"https:\/\/urbeamea.ro\/albaiulia\/wp-content\/uploads\/2026\/02\/1000064027-853x1280.jpg\" alt=\"\" class=\"wp-image-121443\" srcset=\"https:\/\/urbeamea.ro\/albaiulia\/wp-content\/uploads\/2026\/02\/1000064027-853x1280.jpg 853w, https:\/\/urbeamea.ro\/albaiulia\/wp-content\/uploads\/2026\/02\/1000064027-427x640.jpg 427w, https:\/\/urbeamea.ro\/albaiulia\/wp-content\/uploads\/2026\/02\/1000064027-100x150.jpg 100w, https:\/\/urbeamea.ro\/albaiulia\/wp-content\/uploads\/2026\/02\/1000064027-768x1152.jpg 768w, https:\/\/urbeamea.ro\/albaiulia\/wp-content\/uploads\/2026\/02\/1000064027-1024x1536.jpg 1024w, https:\/\/urbeamea.ro\/albaiulia\/wp-content\/uploads\/2026\/02\/1000064027.jpg 1365w\" sizes=\"auto, (max-width: 853px) 100vw, 853px\" \/><\/figure>\n\n\n\n<figure class=\"wp-block-image size-large\"><img loading=\"lazy\" decoding=\"async\" width=\"1280\" height=\"825\" data-id=\"121444\" src=\"https:\/\/urbeamea.ro\/albaiulia\/wp-content\/uploads\/2026\/02\/1000064028-1280x825.jpg\" alt=\"\" class=\"wp-image-121444\" srcset=\"https:\/\/urbeamea.ro\/albaiulia\/wp-content\/uploads\/2026\/02\/1000064028-1280x825.jpg 1280w, https:\/\/urbeamea.ro\/albaiulia\/wp-content\/uploads\/2026\/02\/1000064028-640x413.jpg 640w, https:\/\/urbeamea.ro\/albaiulia\/wp-content\/uploads\/2026\/02\/1000064028-150x97.jpg 150w, https:\/\/urbeamea.ro\/albaiulia\/wp-content\/uploads\/2026\/02\/1000064028-768x495.jpg 768w, https:\/\/urbeamea.ro\/albaiulia\/wp-content\/uploads\/2026\/02\/1000064028-1536x990.jpg 1536w, https:\/\/urbeamea.ro\/albaiulia\/wp-content\/uploads\/2026\/02\/1000064028.jpg 2048w\" sizes=\"auto, (max-width: 1280px) 100vw, 1280px\" \/><\/figure>\n<\/figure>\n","protected":false},"excerpt":{"rendered":"<p>Plutonier adjutant principal Ghi\u021b\u0103 Bordea, din cadrul Colegiului Na\u021bional Militar \u201eMihai Viteazul\u201d Alba Iulia, a ajuns la final de carier\u0103 dup\u0103 40 ani de activitate \u00een cadrul institu\u021biei de \u00eenv\u0103\u021b\u0103m\u00e2nt. \u201d A purtat uniforma militar\u0103 aproape 40 de ani, de c\u00e2nd a fost admis la \u0218coala militar\u0103 de Subofi\u021beri de Geniu, \u00een anul 1987. Din &hellip;<\/p>\n","protected":false},"author":28,"featured_media":121444,"comment_status":"open","ping_status":"open","sticky":false,"template":"","format":"standard","meta":{"inline_featured_image":false,"footnotes":""},"categories":[23926,2039,4,2034,1,16344],"tags":[5443],"class_list":["post-121442","post","type-post","status-publish","format-standard","has-post-thumbnail","hentry","category-actualitate","category-educatie","category-eveniment","category-social","category-stiri-urbane","category-urbea-mea","tag-colegiul-nationa-militar-mihai-viteazul"],"yoast_head":"<!-- This site is optimized with the Yoast SEO plugin v27.4 - https:\/\/yoast.com\/product\/yoast-seo-wordpress\/ -->\n<title>Ghi\u021b\u0103 Bordea, plutonier adjutant principal din cadrul Colegiului Na\u021bional Militar \u201eMihai Viteazul\u201d Alba Iulia, final de carier\u0103 dup\u0103 40 ani de activitate - Revista Urbea Mea - Revista de Alba<\/title>\n<meta name=\"description\" content=\"Plutonier adjutant principal Ghi\u021b\u0103 Bordea, din cadrul Colegiului Na\u021bional Militar \u201eMihai Viteazul\u201d Alba Iulia, a ajuns la final de carier\u0103 dup\u0103 40 ani de\" \/>\n<meta name=\"robots\" content=\"index, follow, max-snippet:-1, max-image-preview:large, max-video-preview:-1\" \/>\n<link rel=\"canonical\" href=\"https:\/\/urbeamea.ro\/albaiulia\/ghita-bordea-plutonier-adjutant-principal-din-cadrul-colegiului-national-militar-mihai-viteazul-alba-iulia-final-de-cariera-dupa-40-ani-de-activitate\/\" \/>\n<meta name=\"twitter:card\" content=\"summary_large_image\" \/>\n<meta name=\"twitter:title\" content=\"Ghi\u021b\u0103 Bordea, plutonier adjutant principal din cadrul Colegiului Na\u021bional Militar \u201eMihai Viteazul\u201d Alba Iulia, final de carier\u0103 dup\u0103 40 ani de activitate - Revista Urbea Mea - Revista de Alba\" \/>\n<meta name=\"twitter:description\" content=\"Plutonier adjutant principal Ghi\u021b\u0103 Bordea, din cadrul Colegiului Na\u021bional Militar \u201eMihai Viteazul\u201d Alba Iulia, a ajuns la final de carier\u0103 dup\u0103 40 ani de\" \/>\n<meta name=\"twitter:image\" content=\"https:\/\/urbeamea.ro\/albaiulia\/wp-content\/uploads\/2026\/02\/1000064028.jpg\" \/>\n<meta name=\"twitter:creator\" content=\"@urbeameaweb\" \/>\n<meta name=\"twitter:site\" content=\"@urbeameaweb\" \/>\n<script type=\"application\/ld+json\" class=\"yoast-schema-graph\">{\"@context\":\"https:\\\/\\\/schema.org\",\"@graph\":[{\"@type\":\"Article\",\"@id\":\"https:\\\/\\\/urbeamea.ro\\\/albaiulia\\\/ghita-bordea-plutonier-adjutant-principal-din-cadrul-colegiului-national-militar-mihai-viteazul-alba-iulia-final-de-cariera-dupa-40-ani-de-activitate\\\/#article\",\"isPartOf\":{\"@id\":\"https:\\\/\\\/urbeamea.ro\\\/albaiulia\\\/ghita-bordea-plutonier-adjutant-principal-din-cadrul-colegiului-national-militar-mihai-viteazul-alba-iulia-final-de-cariera-dupa-40-ani-de-activitate\\\/\"},\"author\":{\"name\":\"Giurca Sorin\",\"@id\":\"https:\\\/\\\/urbeamea.ro\\\/albaiulia\\\/#\\\/schema\\\/person\\\/5db3854ac38c1cc9f0ab4092d6a20f02\"},\"headline\":\"Ghi\u021b\u0103 Bordea, plutonier adjutant principal din cadrul Colegiului Na\u021bional Militar \u201eMihai Viteazul\u201d Alba Iulia, final de carier\u0103 dup\u0103 40 ani de activitate\",\"datePublished\":\"2026-02-10T15:19:43+00:00\",\"dateModified\":\"2026-02-10T15:19:44+00:00\",\"mainEntityOfPage\":{\"@id\":\"https:\\\/\\\/urbeamea.ro\\\/albaiulia\\\/ghita-bordea-plutonier-adjutant-principal-din-cadrul-colegiului-national-militar-mihai-viteazul-alba-iulia-final-de-cariera-dupa-40-ani-de-activitate\\\/\"},\"wordCount\":216,\"commentCount\":0,\"image\":{\"@id\":\"https:\\\/\\\/urbeamea.ro\\\/albaiulia\\\/ghita-bordea-plutonier-adjutant-principal-din-cadrul-colegiului-national-militar-mihai-viteazul-alba-iulia-final-de-cariera-dupa-40-ani-de-activitate\\\/#primaryimage\"},\"thumbnailUrl\":\"https:\\\/\\\/urbeamea.ro\\\/albaiulia\\\/wp-content\\\/uploads\\\/2026\\\/02\\\/1000064028.jpg\",\"keywords\":[\"colegiul nationa militar mihai viteazul\"],\"articleSection\":[\"Actualitate\",\"Educa\u021bie\",\"Evenimente\",\"Social\",\"\u015etiri Urbane\",\"Urbea Mea\"],\"inLanguage\":\"ro-RO\",\"potentialAction\":[{\"@type\":\"CommentAction\",\"name\":\"Comment\",\"target\":[\"https:\\\/\\\/urbeamea.ro\\\/albaiulia\\\/ghita-bordea-plutonier-adjutant-principal-din-cadrul-colegiului-national-militar-mihai-viteazul-alba-iulia-final-de-cariera-dupa-40-ani-de-activitate\\\/#respond\"]}]},{\"@type\":\"WebPage\",\"@id\":\"https:\\\/\\\/urbeamea.ro\\\/albaiulia\\\/ghita-bordea-plutonier-adjutant-principal-din-cadrul-colegiului-national-militar-mihai-viteazul-alba-iulia-final-de-cariera-dupa-40-ani-de-activitate\\\/\",\"url\":\"https:\\\/\\\/urbeamea.ro\\\/albaiulia\\\/ghita-bordea-plutonier-adjutant-principal-din-cadrul-colegiului-national-militar-mihai-viteazul-alba-iulia-final-de-cariera-dupa-40-ani-de-activitate\\\/\",\"name\":\"Ghi\u021b\u0103 Bordea, plutonier adjutant principal din cadrul Colegiului Na\u021bional Militar \u201eMihai Viteazul\u201d Alba Iulia, final de carier\u0103 dup\u0103 40 ani de activitate - Revista Urbea Mea - Revista de Alba\",\"isPartOf\":{\"@id\":\"https:\\\/\\\/urbeamea.ro\\\/albaiulia\\\/#website\"},\"primaryImageOfPage\":{\"@id\":\"https:\\\/\\\/urbeamea.ro\\\/albaiulia\\\/ghita-bordea-plutonier-adjutant-principal-din-cadrul-colegiului-national-militar-mihai-viteazul-alba-iulia-final-de-cariera-dupa-40-ani-de-activitate\\\/#primaryimage\"},\"image\":{\"@id\":\"https:\\\/\\\/urbeamea.ro\\\/albaiulia\\\/ghita-bordea-plutonier-adjutant-principal-din-cadrul-colegiului-national-militar-mihai-viteazul-alba-iulia-final-de-cariera-dupa-40-ani-de-activitate\\\/#primaryimage\"},\"thumbnailUrl\":\"https:\\\/\\\/urbeamea.ro\\\/albaiulia\\\/wp-content\\\/uploads\\\/2026\\\/02\\\/1000064028.jpg\",\"datePublished\":\"2026-02-10T15:19:43+00:00\",\"dateModified\":\"2026-02-10T15:19:44+00:00\",\"author\":{\"@id\":\"https:\\\/\\\/urbeamea.ro\\\/albaiulia\\\/#\\\/schema\\\/person\\\/5db3854ac38c1cc9f0ab4092d6a20f02\"},\"description\":\"Plutonier adjutant principal Ghi\u021b\u0103 Bordea, din cadrul Colegiului Na\u021bional Militar \u201eMihai Viteazul\u201d Alba Iulia, a ajuns la final de carier\u0103 dup\u0103 40 ani de\",\"breadcrumb\":{\"@id\":\"https:\\\/\\\/urbeamea.ro\\\/albaiulia\\\/ghita-bordea-plutonier-adjutant-principal-din-cadrul-colegiului-national-militar-mihai-viteazul-alba-iulia-final-de-cariera-dupa-40-ani-de-activitate\\\/#breadcrumb\"},\"inLanguage\":\"ro-RO\",\"potentialAction\":[{\"@type\":\"ReadAction\",\"target\":[\"https:\\\/\\\/urbeamea.ro\\\/albaiulia\\\/ghita-bordea-plutonier-adjutant-principal-din-cadrul-colegiului-national-militar-mihai-viteazul-alba-iulia-final-de-cariera-dupa-40-ani-de-activitate\\\/\"]}]},{\"@type\":\"ImageObject\",\"inLanguage\":\"ro-RO\",\"@id\":\"https:\\\/\\\/urbeamea.ro\\\/albaiulia\\\/ghita-bordea-plutonier-adjutant-principal-din-cadrul-colegiului-national-militar-mihai-viteazul-alba-iulia-final-de-cariera-dupa-40-ani-de-activitate\\\/#primaryimage\",\"url\":\"https:\\\/\\\/urbeamea.ro\\\/albaiulia\\\/wp-content\\\/uploads\\\/2026\\\/02\\\/1000064028.jpg\",\"contentUrl\":\"https:\\\/\\\/urbeamea.ro\\\/albaiulia\\\/wp-content\\\/uploads\\\/2026\\\/02\\\/1000064028.jpg\",\"width\":2048,\"height\":1320},{\"@type\":\"BreadcrumbList\",\"@id\":\"https:\\\/\\\/urbeamea.ro\\\/albaiulia\\\/ghita-bordea-plutonier-adjutant-principal-din-cadrul-colegiului-national-militar-mihai-viteazul-alba-iulia-final-de-cariera-dupa-40-ani-de-activitate\\\/#breadcrumb\",\"itemListElement\":[{\"@type\":\"ListItem\",\"position\":1,\"name\":\"Prima pagin\u0103\",\"item\":\"https:\\\/\\\/urbeamea.ro\\\/albaiulia\\\/\"},{\"@type\":\"ListItem\",\"position\":2,\"name\":\"Ghi\u021b\u0103 Bordea, plutonier adjutant principal din cadrul Colegiului Na\u021bional Militar \u201eMihai Viteazul\u201d Alba Iulia, final de carier\u0103 dup\u0103 40 ani de activitate\"}]},{\"@type\":\"WebSite\",\"@id\":\"https:\\\/\\\/urbeamea.ro\\\/albaiulia\\\/#website\",\"url\":\"https:\\\/\\\/urbeamea.ro\\\/albaiulia\\\/\",\"name\":\"Revista Urbea Mea, Stiri urbane\",\"description\":\"Evenimente \u0219i \u0219tiri din Alba Iulia, Sebe\u0219, Aiud, Blaj\",\"potentialAction\":[{\"@type\":\"SearchAction\",\"target\":{\"@type\":\"EntryPoint\",\"urlTemplate\":\"https:\\\/\\\/urbeamea.ro\\\/albaiulia\\\/?s={search_term_string}\"},\"query-input\":{\"@type\":\"PropertyValueSpecification\",\"valueRequired\":true,\"valueName\":\"search_term_string\"}}],\"inLanguage\":\"ro-RO\"},{\"@type\":\"Person\",\"@id\":\"https:\\\/\\\/urbeamea.ro\\\/albaiulia\\\/#\\\/schema\\\/person\\\/5db3854ac38c1cc9f0ab4092d6a20f02\",\"name\":\"Giurca Sorin\",\"image\":{\"@type\":\"ImageObject\",\"inLanguage\":\"ro-RO\",\"@id\":\"https:\\\/\\\/secure.gravatar.com\\\/avatar\\\/120f6fcae7b3b47a7730cb9943f612f4909f68ac5284b5f40ac1c4615fd70576?s=96&d=mm&r=g\",\"url\":\"https:\\\/\\\/secure.gravatar.com\\\/avatar\\\/120f6fcae7b3b47a7730cb9943f612f4909f68ac5284b5f40ac1c4615fd70576?s=96&d=mm&r=g\",\"contentUrl\":\"https:\\\/\\\/secure.gravatar.com\\\/avatar\\\/120f6fcae7b3b47a7730cb9943f612f4909f68ac5284b5f40ac1c4615fd70576?s=96&d=mm&r=g\",\"caption\":\"Giurca Sorin\"},\"url\":\"https:\\\/\\\/urbeamea.ro\\\/albaiulia\\\/author\\\/sorin\\\/\"}]}<\/script>\n<!-- \/ Yoast SEO plugin. -->","yoast_head_json":{"title":"Ghi\u021b\u0103 Bordea, plutonier adjutant principal din cadrul Colegiului Na\u021bional Militar \u201eMihai Viteazul\u201d Alba Iulia, final de carier\u0103 dup\u0103 40 ani de activitate - Revista Urbea Mea - Revista de Alba","description":"Plutonier adjutant principal Ghi\u021b\u0103 Bordea, din cadrul Colegiului Na\u021bional Militar \u201eMihai Viteazul\u201d Alba Iulia, a ajuns la final de carier\u0103 dup\u0103 40 ani de","robots":{"index":"index","follow":"follow","max-snippet":"max-snippet:-1","max-image-preview":"max-image-preview:large","max-video-preview":"max-video-preview:-1"},"canonical":"https:\/\/urbeamea.ro\/albaiulia\/ghita-bordea-plutonier-adjutant-principal-din-cadrul-colegiului-national-militar-mihai-viteazul-alba-iulia-final-de-cariera-dupa-40-ani-de-activitate\/","twitter_card":"summary_large_image","twitter_title":"Ghi\u021b\u0103 Bordea, plutonier adjutant principal din cadrul Colegiului Na\u021bional Militar \u201eMihai Viteazul\u201d Alba Iulia, final de carier\u0103 dup\u0103 40 ani de activitate - Revista Urbea Mea - Revista de Alba","twitter_description":"Plutonier adjutant principal Ghi\u021b\u0103 Bordea, din cadrul Colegiului Na\u021bional Militar \u201eMihai Viteazul\u201d Alba Iulia, a ajuns la final de carier\u0103 dup\u0103 40 ani de","twitter_image":"https:\/\/urbeamea.ro\/albaiulia\/wp-content\/uploads\/2026\/02\/1000064028.jpg","twitter_creator":"@urbeameaweb","twitter_site":"@urbeameaweb","schema":{"@context":"https:\/\/schema.org","@graph":[{"@type":"Article","@id":"https:\/\/urbeamea.ro\/albaiulia\/ghita-bordea-plutonier-adjutant-principal-din-cadrul-colegiului-national-militar-mihai-viteazul-alba-iulia-final-de-cariera-dupa-40-ani-de-activitate\/#article","isPartOf":{"@id":"https:\/\/urbeamea.ro\/albaiulia\/ghita-bordea-plutonier-adjutant-principal-din-cadrul-colegiului-national-militar-mihai-viteazul-alba-iulia-final-de-cariera-dupa-40-ani-de-activitate\/"},"author":{"name":"Giurca Sorin","@id":"https:\/\/urbeamea.ro\/albaiulia\/#\/schema\/person\/5db3854ac38c1cc9f0ab4092d6a20f02"},"headline":"Ghi\u021b\u0103 Bordea, plutonier adjutant principal din cadrul Colegiului Na\u021bional Militar \u201eMihai Viteazul\u201d Alba Iulia, final de carier\u0103 dup\u0103 40 ani de activitate","datePublished":"2026-02-10T15:19:43+00:00","dateModified":"2026-02-10T15:19:44+00:00","mainEntityOfPage":{"@id":"https:\/\/urbeamea.ro\/albaiulia\/ghita-bordea-plutonier-adjutant-principal-din-cadrul-colegiului-national-militar-mihai-viteazul-alba-iulia-final-de-cariera-dupa-40-ani-de-activitate\/"},"wordCount":216,"commentCount":0,"image":{"@id":"https:\/\/urbeamea.ro\/albaiulia\/ghita-bordea-plutonier-adjutant-principal-din-cadrul-colegiului-national-militar-mihai-viteazul-alba-iulia-final-de-cariera-dupa-40-ani-de-activitate\/#primaryimage"},"thumbnailUrl":"https:\/\/urbeamea.ro\/albaiulia\/wp-content\/uploads\/2026\/02\/1000064028.jpg","keywords":["colegiul nationa militar mihai viteazul"],"articleSection":["Actualitate","Educa\u021bie","Evenimente","Social","\u015etiri Urbane","Urbea Mea"],"inLanguage":"ro-RO","potentialAction":[{"@type":"CommentAction","name":"Comment","target":["https:\/\/urbeamea.ro\/albaiulia\/ghita-bordea-plutonier-adjutant-principal-din-cadrul-colegiului-national-militar-mihai-viteazul-alba-iulia-final-de-cariera-dupa-40-ani-de-activitate\/#respond"]}]},{"@type":"WebPage","@id":"https:\/\/urbeamea.ro\/albaiulia\/ghita-bordea-plutonier-adjutant-principal-din-cadrul-colegiului-national-militar-mihai-viteazul-alba-iulia-final-de-cariera-dupa-40-ani-de-activitate\/","url":"https:\/\/urbeamea.ro\/albaiulia\/ghita-bordea-plutonier-adjutant-principal-din-cadrul-colegiului-national-militar-mihai-viteazul-alba-iulia-final-de-cariera-dupa-40-ani-de-activitate\/","name":"Ghi\u021b\u0103 Bordea, plutonier adjutant principal din cadrul Colegiului Na\u021bional Militar \u201eMihai Viteazul\u201d Alba Iulia, final de carier\u0103 dup\u0103 40 ani de activitate - Revista Urbea Mea - Revista de Alba","isPartOf":{"@id":"https:\/\/urbeamea.ro\/albaiulia\/#website"},"primaryImageOfPage":{"@id":"https:\/\/urbeamea.ro\/albaiulia\/ghita-bordea-plutonier-adjutant-principal-din-cadrul-colegiului-national-militar-mihai-viteazul-alba-iulia-final-de-cariera-dupa-40-ani-de-activitate\/#primaryimage"},"image":{"@id":"https:\/\/urbeamea.ro\/albaiulia\/ghita-bordea-plutonier-adjutant-principal-din-cadrul-colegiului-national-militar-mihai-viteazul-alba-iulia-final-de-cariera-dupa-40-ani-de-activitate\/#primaryimage"},"thumbnailUrl":"https:\/\/urbeamea.ro\/albaiulia\/wp-content\/uploads\/2026\/02\/1000064028.jpg","datePublished":"2026-02-10T15:19:43+00:00","dateModified":"2026-02-10T15:19:44+00:00","author":{"@id":"https:\/\/urbeamea.ro\/albaiulia\/#\/schema\/person\/5db3854ac38c1cc9f0ab4092d6a20f02"},"description":"Plutonier adjutant principal Ghi\u021b\u0103 Bordea, din cadrul Colegiului Na\u021bional Militar \u201eMihai Viteazul\u201d Alba Iulia, a ajuns la final de carier\u0103 dup\u0103 40 ani de","breadcrumb":{"@id":"https:\/\/urbeamea.ro\/albaiulia\/ghita-bordea-plutonier-adjutant-principal-din-cadrul-colegiului-national-militar-mihai-viteazul-alba-iulia-final-de-cariera-dupa-40-ani-de-activitate\/#breadcrumb"},"inLanguage":"ro-RO","potentialAction":[{"@type":"ReadAction","target":["https:\/\/urbeamea.ro\/albaiulia\/ghita-bordea-plutonier-adjutant-principal-din-cadrul-colegiului-national-militar-mihai-viteazul-alba-iulia-final-de-cariera-dupa-40-ani-de-activitate\/"]}]},{"@type":"ImageObject","inLanguage":"ro-RO","@id":"https:\/\/urbeamea.ro\/albaiulia\/ghita-bordea-plutonier-adjutant-principal-din-cadrul-colegiului-national-militar-mihai-viteazul-alba-iulia-final-de-cariera-dupa-40-ani-de-activitate\/#primaryimage","url":"https:\/\/urbeamea.ro\/albaiulia\/wp-content\/uploads\/2026\/02\/1000064028.jpg","contentUrl":"https:\/\/urbeamea.ro\/albaiulia\/wp-content\/uploads\/2026\/02\/1000064028.jpg","width":2048,"height":1320},{"@type":"BreadcrumbList","@id":"https:\/\/urbeamea.ro\/albaiulia\/ghita-bordea-plutonier-adjutant-principal-din-cadrul-colegiului-national-militar-mihai-viteazul-alba-iulia-final-de-cariera-dupa-40-ani-de-activitate\/#breadcrumb","itemListElement":[{"@type":"ListItem","position":1,"name":"Prima pagin\u0103","item":"https:\/\/urbeamea.ro\/albaiulia\/"},{"@type":"ListItem","position":2,"name":"Ghi\u021b\u0103 Bordea, plutonier adjutant principal din cadrul Colegiului Na\u021bional Militar \u201eMihai Viteazul\u201d Alba Iulia, final de carier\u0103 dup\u0103 40 ani de activitate"}]},{"@type":"WebSite","@id":"https:\/\/urbeamea.ro\/albaiulia\/#website","url":"https:\/\/urbeamea.ro\/albaiulia\/","name":"Revista Urbea Mea, Stiri urbane","description":"Evenimente \u0219i \u0219tiri din Alba Iulia, Sebe\u0219, Aiud, Blaj","potentialAction":[{"@type":"SearchAction","target":{"@type":"EntryPoint","urlTemplate":"https:\/\/urbeamea.ro\/albaiulia\/?s={search_term_string}"},"query-input":{"@type":"PropertyValueSpecification","valueRequired":true,"valueName":"search_term_string"}}],"inLanguage":"ro-RO"},{"@type":"Person","@id":"https:\/\/urbeamea.ro\/albaiulia\/#\/schema\/person\/5db3854ac38c1cc9f0ab4092d6a20f02","name":"Giurca Sorin","image":{"@type":"ImageObject","inLanguage":"ro-RO","@id":"https:\/\/secure.gravatar.com\/avatar\/120f6fcae7b3b47a7730cb9943f612f4909f68ac5284b5f40ac1c4615fd70576?s=96&d=mm&r=g","url":"https:\/\/secure.gravatar.com\/avatar\/120f6fcae7b3b47a7730cb9943f612f4909f68ac5284b5f40ac1c4615fd70576?s=96&d=mm&r=g","contentUrl":"https:\/\/secure.gravatar.com\/avatar\/120f6fcae7b3b47a7730cb9943f612f4909f68ac5284b5f40ac1c4615fd70576?s=96&d=mm&r=g","caption":"Giurca Sorin"},"url":"https:\/\/urbeamea.ro\/albaiulia\/author\/sorin\/"}]}},"_links":{"self":[{"href":"https:\/\/urbeamea.ro\/albaiulia\/wp-json\/wp\/v2\/posts\/121442","targetHints":{"allow":["GET"]}}],"collection":[{"href":"https:\/\/urbeamea.ro\/albaiulia\/wp-json\/wp\/v2\/posts"}],"about":[{"href":"https:\/\/urbeamea.ro\/albaiulia\/wp-json\/wp\/v2\/types\/post"}],"author":[{"embeddable":true,"href":"https:\/\/urbeamea.ro\/albaiulia\/wp-json\/wp\/v2\/users\/28"}],"replies":[{"embeddable":true,"href":"https:\/\/urbeamea.ro\/albaiulia\/wp-json\/wp\/v2\/comments?post=121442"}],"version-history":[{"count":1,"href":"https:\/\/urbeamea.ro\/albaiulia\/wp-json\/wp\/v2\/posts\/121442\/revisions"}],"predecessor-version":[{"id":121445,"href":"https:\/\/urbeamea.ro\/albaiulia\/wp-json\/wp\/v2\/posts\/121442\/revisions\/121445"}],"wp:featuredmedia":[{"embeddable":true,"href":"https:\/\/urbeamea.ro\/albaiulia\/wp-json\/wp\/v2\/media\/121444"}],"wp:attachment":[{"href":"https:\/\/urbeamea.ro\/albaiulia\/wp-json\/wp\/v2\/media?parent=121442"}],"wp:term":[{"taxonomy":"category","embeddable":true,"href":"https:\/\/urbeamea.ro\/albaiulia\/wp-json\/wp\/v2\/categories?post=121442"},{"taxonomy":"post_tag","embeddable":true,"href":"https:\/\/urbeamea.ro\/albaiulia\/wp-json\/wp\/v2\/tags?post=121442"}],"curies":[{"name":"wp","href":"https:\/\/api.w.org\/{rel}","templated":true}]}}