{"id":121699,"date":"2026-03-10T19:18:43","date_gmt":"2026-03-10T17:18:43","guid":{"rendered":"https:\/\/urbeamea.ro\/albaiulia\/?p=121699"},"modified":"2026-03-10T19:18:46","modified_gmt":"2026-03-10T17:18:46","slug":"larisa-ardean-cs-unirea-alba-iulia-medalie-de-aur-in-proba-de-3000-metri-mars-la-campionatul-national-de-sala-u-20-de-la-bucuresti","status":"publish","type":"post","link":"https:\/\/urbeamea.ro\/albaiulia\/larisa-ardean-cs-unirea-alba-iulia-medalie-de-aur-in-proba-de-3000-metri-mars-la-campionatul-national-de-sala-u-20-de-la-bucuresti\/","title":{"rendered":"Larisa Ardean (CS Unirea Alba Iulia), medalie de aur \u00een proba de 3000 metri mar\u0219, la Campionatul Na\u021bional de Sal\u0103 U-20 de la Bucure\u0219ti"},"content":{"rendered":"\n<p><strong>Larisa Ardean, sportiv\u0103 cu dubl\u0103 legitimare la CS Unirea Alba Iulia \u0219i LPS Alba Iulia, a c\u00e2\u0219tigat medalia de aur \u00een proba de 3.000 de metri mar\u0219 la Campionatul Na\u021bional de Sal\u0103 U20, desf\u0103\u0219urat \u00een weekend la Bucure\u0219ti.<\/strong><\/p>\n\n\n\n<p>La doar 16 ani, Larisa Ardean a reu\u0219it s\u0103 ob\u021bin\u0103 al 15-lea titlu na\u021bional din tot at\u00e2tea particip\u0103ri la competi\u021bii de profil, demonstr\u00e2nd \u00eenc\u0103 o dat\u0103 seriozitate \u0219i consecven\u021b\u0103.<\/p>\n\n\n\n<p> Sportiva a \u00eencheiat cursa cu timpul de 15:13,08.Preg\u0103tit\u0103 de profesorul Gabriel Avram, Larisa Ardean este considerat\u0103 una dintre cele mai promi\u021b\u0103toare tinere sportive din atletismul rom\u00e2nesc.<\/p>\n\n\n\n<p>De men\u021bionat c\u0103, la finalul lunii februarie, Larisa Ardean a c\u00e2\u0219tigat \u00een manier\u0103 categoric\u0103 proba de 3.000 de metri mar\u0219 din cadrul Campionatelor Na\u021bionale de Atletism, confirm\u00e2nd forma sportiv\u0103 foarte bun\u0103 \u0219i din acest sezon.<\/p>\n\n\n\n<p>CS Unirea Alba Iulia transmite felicit\u0103ri sportivei \u0219i antrenorului \u0219i mult succes la urm\u0103toarea competi\u021bie \u2013 Campionatul Balcanic de Mar\u0219 de la Izmir, Turcia.<\/p>\n\n\n\n<figure class=\"wp-block-image size-large\"><img loading=\"lazy\" decoding=\"async\" width=\"1280\" height=\"720\" src=\"https:\/\/urbeamea.ro\/albaiulia\/wp-content\/uploads\/2026\/03\/FB_IMG_1773162649648-1280x720.jpg\" alt=\"\" class=\"wp-image-121700\" srcset=\"https:\/\/urbeamea.ro\/albaiulia\/wp-content\/uploads\/2026\/03\/FB_IMG_1773162649648-1280x720.jpg 1280w, https:\/\/urbeamea.ro\/albaiulia\/wp-content\/uploads\/2026\/03\/FB_IMG_1773162649648-640x360.jpg 640w, https:\/\/urbeamea.ro\/albaiulia\/wp-content\/uploads\/2026\/03\/FB_IMG_1773162649648-150x84.jpg 150w, https:\/\/urbeamea.ro\/albaiulia\/wp-content\/uploads\/2026\/03\/FB_IMG_1773162649648-768x432.jpg 768w, https:\/\/urbeamea.ro\/albaiulia\/wp-content\/uploads\/2026\/03\/FB_IMG_1773162649648-1536x864.jpg 1536w, https:\/\/urbeamea.ro\/albaiulia\/wp-content\/uploads\/2026\/03\/FB_IMG_1773162649648-390x220.jpg 390w, https:\/\/urbeamea.ro\/albaiulia\/wp-content\/uploads\/2026\/03\/FB_IMG_1773162649648.jpg 1560w\" sizes=\"auto, (max-width: 1280px) 100vw, 1280px\" \/><\/figure>\n","protected":false},"excerpt":{"rendered":"<p>Larisa Ardean, sportiv\u0103 cu dubl\u0103 legitimare la CS Unirea Alba Iulia \u0219i LPS Alba Iulia, a c\u00e2\u0219tigat medalia de aur \u00een proba de 3.000 de metri mar\u0219 la Campionatul Na\u021bional de Sal\u0103 U20, desf\u0103\u0219urat \u00een weekend la Bucure\u0219ti. La doar 16 ani, Larisa Ardean a reu\u0219it s\u0103 ob\u021bin\u0103 al 15-lea titlu na\u021bional din tot at\u00e2tea &hellip;<\/p>\n","protected":false},"author":28,"featured_media":121700,"comment_status":"open","ping_status":"open","sticky":false,"template":"","format":"standard","meta":{"inline_featured_image":false,"footnotes":""},"categories":[23926,4,2034,2037,1,16344],"tags":[5050,25545],"class_list":["post-121699","post","type-post","status-publish","format-standard","has-post-thumbnail","hentry","category-actualitate","category-eveniment","category-social","category-sport","category-stiri-urbane","category-urbea-mea","tag-cs-unirea-alba-iulia","tag-larisa-ardean"],"yoast_head":"<!-- This site is optimized with the Yoast SEO plugin v27.4 - https:\/\/yoast.com\/product\/yoast-seo-wordpress\/ -->\n<title>Larisa Ardean (CS Unirea Alba Iulia), medalie de aur \u00een proba de 3000 metri mar\u0219, la Campionatul Na\u021bional de Sal\u0103 U-20 de la Bucure\u0219ti - Revista Urbea Mea - Revista de Alba<\/title>\n<meta name=\"description\" content=\"Larisa Ardean, sportiv\u0103 cu dubl\u0103 legitimare la CS Unirea Alba Iulia \u0219i LPS Alba Iulia, a c\u00e2\u0219tigat medalia de aur \u00een proba de 3.000 de metri mar\u0219 la\" \/>\n<meta name=\"robots\" content=\"index, follow, max-snippet:-1, max-image-preview:large, max-video-preview:-1\" \/>\n<link rel=\"canonical\" href=\"https:\/\/urbeamea.ro\/albaiulia\/larisa-ardean-cs-unirea-alba-iulia-medalie-de-aur-in-proba-de-3000-metri-mars-la-campionatul-national-de-sala-u-20-de-la-bucuresti\/\" \/>\n<meta name=\"twitter:card\" content=\"summary_large_image\" \/>\n<meta name=\"twitter:title\" content=\"Larisa Ardean (CS Unirea Alba Iulia), medalie de aur \u00een proba de 3000 metri mar\u0219, la Campionatul Na\u021bional de Sal\u0103 U-20 de la Bucure\u0219ti - Revista Urbea Mea - Revista de Alba\" \/>\n<meta name=\"twitter:description\" content=\"Larisa Ardean, sportiv\u0103 cu dubl\u0103 legitimare la CS Unirea Alba Iulia \u0219i LPS Alba Iulia, a c\u00e2\u0219tigat medalia de aur \u00een proba de 3.000 de metri mar\u0219 la\" \/>\n<meta name=\"twitter:image\" content=\"https:\/\/urbeamea.ro\/albaiulia\/wp-content\/uploads\/2026\/03\/FB_IMG_1773162649648.jpg\" \/>\n<meta name=\"twitter:creator\" content=\"@urbeameaweb\" \/>\n<meta name=\"twitter:site\" content=\"@urbeameaweb\" \/>\n<script type=\"application\/ld+json\" class=\"yoast-schema-graph\">{\"@context\":\"https:\\\/\\\/schema.org\",\"@graph\":[{\"@type\":\"Article\",\"@id\":\"https:\\\/\\\/urbeamea.ro\\\/albaiulia\\\/larisa-ardean-cs-unirea-alba-iulia-medalie-de-aur-in-proba-de-3000-metri-mars-la-campionatul-national-de-sala-u-20-de-la-bucuresti\\\/#article\",\"isPartOf\":{\"@id\":\"https:\\\/\\\/urbeamea.ro\\\/albaiulia\\\/larisa-ardean-cs-unirea-alba-iulia-medalie-de-aur-in-proba-de-3000-metri-mars-la-campionatul-national-de-sala-u-20-de-la-bucuresti\\\/\"},\"author\":{\"name\":\"Giurca Sorin\",\"@id\":\"https:\\\/\\\/urbeamea.ro\\\/albaiulia\\\/#\\\/schema\\\/person\\\/5db3854ac38c1cc9f0ab4092d6a20f02\"},\"headline\":\"Larisa Ardean (CS Unirea Alba Iulia), medalie de aur \u00een proba de 3000 metri mar\u0219, la Campionatul Na\u021bional de Sal\u0103 U-20 de la Bucure\u0219ti\",\"datePublished\":\"2026-03-10T17:18:43+00:00\",\"dateModified\":\"2026-03-10T17:18:46+00:00\",\"mainEntityOfPage\":{\"@id\":\"https:\\\/\\\/urbeamea.ro\\\/albaiulia\\\/larisa-ardean-cs-unirea-alba-iulia-medalie-de-aur-in-proba-de-3000-metri-mars-la-campionatul-national-de-sala-u-20-de-la-bucuresti\\\/\"},\"wordCount\":194,\"commentCount\":0,\"image\":{\"@id\":\"https:\\\/\\\/urbeamea.ro\\\/albaiulia\\\/larisa-ardean-cs-unirea-alba-iulia-medalie-de-aur-in-proba-de-3000-metri-mars-la-campionatul-national-de-sala-u-20-de-la-bucuresti\\\/#primaryimage\"},\"thumbnailUrl\":\"https:\\\/\\\/urbeamea.ro\\\/albaiulia\\\/wp-content\\\/uploads\\\/2026\\\/03\\\/FB_IMG_1773162649648.jpg\",\"keywords\":[\"CS Unirea Alba IULIA\",\"Larisa Ardean\"],\"articleSection\":[\"Actualitate\",\"Evenimente\",\"Social\",\"Sport\",\"\u015etiri Urbane\",\"Urbea Mea\"],\"inLanguage\":\"ro-RO\",\"potentialAction\":[{\"@type\":\"CommentAction\",\"name\":\"Comment\",\"target\":[\"https:\\\/\\\/urbeamea.ro\\\/albaiulia\\\/larisa-ardean-cs-unirea-alba-iulia-medalie-de-aur-in-proba-de-3000-metri-mars-la-campionatul-national-de-sala-u-20-de-la-bucuresti\\\/#respond\"]}]},{\"@type\":\"WebPage\",\"@id\":\"https:\\\/\\\/urbeamea.ro\\\/albaiulia\\\/larisa-ardean-cs-unirea-alba-iulia-medalie-de-aur-in-proba-de-3000-metri-mars-la-campionatul-national-de-sala-u-20-de-la-bucuresti\\\/\",\"url\":\"https:\\\/\\\/urbeamea.ro\\\/albaiulia\\\/larisa-ardean-cs-unirea-alba-iulia-medalie-de-aur-in-proba-de-3000-metri-mars-la-campionatul-national-de-sala-u-20-de-la-bucuresti\\\/\",\"name\":\"Larisa Ardean (CS Unirea Alba Iulia), medalie de aur \u00een proba de 3000 metri mar\u0219, la Campionatul Na\u021bional de Sal\u0103 U-20 de la Bucure\u0219ti - Revista Urbea Mea - Revista de Alba\",\"isPartOf\":{\"@id\":\"https:\\\/\\\/urbeamea.ro\\\/albaiulia\\\/#website\"},\"primaryImageOfPage\":{\"@id\":\"https:\\\/\\\/urbeamea.ro\\\/albaiulia\\\/larisa-ardean-cs-unirea-alba-iulia-medalie-de-aur-in-proba-de-3000-metri-mars-la-campionatul-national-de-sala-u-20-de-la-bucuresti\\\/#primaryimage\"},\"image\":{\"@id\":\"https:\\\/\\\/urbeamea.ro\\\/albaiulia\\\/larisa-ardean-cs-unirea-alba-iulia-medalie-de-aur-in-proba-de-3000-metri-mars-la-campionatul-national-de-sala-u-20-de-la-bucuresti\\\/#primaryimage\"},\"thumbnailUrl\":\"https:\\\/\\\/urbeamea.ro\\\/albaiulia\\\/wp-content\\\/uploads\\\/2026\\\/03\\\/FB_IMG_1773162649648.jpg\",\"datePublished\":\"2026-03-10T17:18:43+00:00\",\"dateModified\":\"2026-03-10T17:18:46+00:00\",\"author\":{\"@id\":\"https:\\\/\\\/urbeamea.ro\\\/albaiulia\\\/#\\\/schema\\\/person\\\/5db3854ac38c1cc9f0ab4092d6a20f02\"},\"description\":\"Larisa Ardean, sportiv\u0103 cu dubl\u0103 legitimare la CS Unirea Alba Iulia \u0219i LPS Alba Iulia, a c\u00e2\u0219tigat medalia de aur \u00een proba de 3.000 de metri mar\u0219 la\",\"breadcrumb\":{\"@id\":\"https:\\\/\\\/urbeamea.ro\\\/albaiulia\\\/larisa-ardean-cs-unirea-alba-iulia-medalie-de-aur-in-proba-de-3000-metri-mars-la-campionatul-national-de-sala-u-20-de-la-bucuresti\\\/#breadcrumb\"},\"inLanguage\":\"ro-RO\",\"potentialAction\":[{\"@type\":\"ReadAction\",\"target\":[\"https:\\\/\\\/urbeamea.ro\\\/albaiulia\\\/larisa-ardean-cs-unirea-alba-iulia-medalie-de-aur-in-proba-de-3000-metri-mars-la-campionatul-national-de-sala-u-20-de-la-bucuresti\\\/\"]}]},{\"@type\":\"ImageObject\",\"inLanguage\":\"ro-RO\",\"@id\":\"https:\\\/\\\/urbeamea.ro\\\/albaiulia\\\/larisa-ardean-cs-unirea-alba-iulia-medalie-de-aur-in-proba-de-3000-metri-mars-la-campionatul-national-de-sala-u-20-de-la-bucuresti\\\/#primaryimage\",\"url\":\"https:\\\/\\\/urbeamea.ro\\\/albaiulia\\\/wp-content\\\/uploads\\\/2026\\\/03\\\/FB_IMG_1773162649648.jpg\",\"contentUrl\":\"https:\\\/\\\/urbeamea.ro\\\/albaiulia\\\/wp-content\\\/uploads\\\/2026\\\/03\\\/FB_IMG_1773162649648.jpg\",\"width\":1560,\"height\":878},{\"@type\":\"BreadcrumbList\",\"@id\":\"https:\\\/\\\/urbeamea.ro\\\/albaiulia\\\/larisa-ardean-cs-unirea-alba-iulia-medalie-de-aur-in-proba-de-3000-metri-mars-la-campionatul-national-de-sala-u-20-de-la-bucuresti\\\/#breadcrumb\",\"itemListElement\":[{\"@type\":\"ListItem\",\"position\":1,\"name\":\"Prima pagin\u0103\",\"item\":\"https:\\\/\\\/urbeamea.ro\\\/albaiulia\\\/\"},{\"@type\":\"ListItem\",\"position\":2,\"name\":\"Larisa Ardean (CS Unirea Alba Iulia), medalie de aur \u00een proba de 3000 metri mar\u0219, la Campionatul Na\u021bional de Sal\u0103 U-20 de la Bucure\u0219ti\"}]},{\"@type\":\"WebSite\",\"@id\":\"https:\\\/\\\/urbeamea.ro\\\/albaiulia\\\/#website\",\"url\":\"https:\\\/\\\/urbeamea.ro\\\/albaiulia\\\/\",\"name\":\"Revista Urbea Mea, Stiri urbane\",\"description\":\"Evenimente \u0219i \u0219tiri din Alba Iulia, Sebe\u0219, Aiud, Blaj\",\"potentialAction\":[{\"@type\":\"SearchAction\",\"target\":{\"@type\":\"EntryPoint\",\"urlTemplate\":\"https:\\\/\\\/urbeamea.ro\\\/albaiulia\\\/?s={search_term_string}\"},\"query-input\":{\"@type\":\"PropertyValueSpecification\",\"valueRequired\":true,\"valueName\":\"search_term_string\"}}],\"inLanguage\":\"ro-RO\"},{\"@type\":\"Person\",\"@id\":\"https:\\\/\\\/urbeamea.ro\\\/albaiulia\\\/#\\\/schema\\\/person\\\/5db3854ac38c1cc9f0ab4092d6a20f02\",\"name\":\"Giurca Sorin\",\"image\":{\"@type\":\"ImageObject\",\"inLanguage\":\"ro-RO\",\"@id\":\"https:\\\/\\\/secure.gravatar.com\\\/avatar\\\/120f6fcae7b3b47a7730cb9943f612f4909f68ac5284b5f40ac1c4615fd70576?s=96&d=mm&r=g\",\"url\":\"https:\\\/\\\/secure.gravatar.com\\\/avatar\\\/120f6fcae7b3b47a7730cb9943f612f4909f68ac5284b5f40ac1c4615fd70576?s=96&d=mm&r=g\",\"contentUrl\":\"https:\\\/\\\/secure.gravatar.com\\\/avatar\\\/120f6fcae7b3b47a7730cb9943f612f4909f68ac5284b5f40ac1c4615fd70576?s=96&d=mm&r=g\",\"caption\":\"Giurca Sorin\"},\"url\":\"https:\\\/\\\/urbeamea.ro\\\/albaiulia\\\/author\\\/sorin\\\/\"}]}<\/script>\n<!-- \/ Yoast SEO plugin. -->","yoast_head_json":{"title":"Larisa Ardean (CS Unirea Alba Iulia), medalie de aur \u00een proba de 3000 metri mar\u0219, la Campionatul Na\u021bional de Sal\u0103 U-20 de la Bucure\u0219ti - Revista Urbea Mea - Revista de Alba","description":"Larisa Ardean, sportiv\u0103 cu dubl\u0103 legitimare la CS Unirea Alba Iulia \u0219i LPS Alba Iulia, a c\u00e2\u0219tigat medalia de aur \u00een proba de 3.000 de metri mar\u0219 la","robots":{"index":"index","follow":"follow","max-snippet":"max-snippet:-1","max-image-preview":"max-image-preview:large","max-video-preview":"max-video-preview:-1"},"canonical":"https:\/\/urbeamea.ro\/albaiulia\/larisa-ardean-cs-unirea-alba-iulia-medalie-de-aur-in-proba-de-3000-metri-mars-la-campionatul-national-de-sala-u-20-de-la-bucuresti\/","twitter_card":"summary_large_image","twitter_title":"Larisa Ardean (CS Unirea Alba Iulia), medalie de aur \u00een proba de 3000 metri mar\u0219, la Campionatul Na\u021bional de Sal\u0103 U-20 de la Bucure\u0219ti - Revista Urbea Mea - Revista de Alba","twitter_description":"Larisa Ardean, sportiv\u0103 cu dubl\u0103 legitimare la CS Unirea Alba Iulia \u0219i LPS Alba Iulia, a c\u00e2\u0219tigat medalia de aur \u00een proba de 3.000 de metri mar\u0219 la","twitter_image":"https:\/\/urbeamea.ro\/albaiulia\/wp-content\/uploads\/2026\/03\/FB_IMG_1773162649648.jpg","twitter_creator":"@urbeameaweb","twitter_site":"@urbeameaweb","schema":{"@context":"https:\/\/schema.org","@graph":[{"@type":"Article","@id":"https:\/\/urbeamea.ro\/albaiulia\/larisa-ardean-cs-unirea-alba-iulia-medalie-de-aur-in-proba-de-3000-metri-mars-la-campionatul-national-de-sala-u-20-de-la-bucuresti\/#article","isPartOf":{"@id":"https:\/\/urbeamea.ro\/albaiulia\/larisa-ardean-cs-unirea-alba-iulia-medalie-de-aur-in-proba-de-3000-metri-mars-la-campionatul-national-de-sala-u-20-de-la-bucuresti\/"},"author":{"name":"Giurca Sorin","@id":"https:\/\/urbeamea.ro\/albaiulia\/#\/schema\/person\/5db3854ac38c1cc9f0ab4092d6a20f02"},"headline":"Larisa Ardean (CS Unirea Alba Iulia), medalie de aur \u00een proba de 3000 metri mar\u0219, la Campionatul Na\u021bional de Sal\u0103 U-20 de la Bucure\u0219ti","datePublished":"2026-03-10T17:18:43+00:00","dateModified":"2026-03-10T17:18:46+00:00","mainEntityOfPage":{"@id":"https:\/\/urbeamea.ro\/albaiulia\/larisa-ardean-cs-unirea-alba-iulia-medalie-de-aur-in-proba-de-3000-metri-mars-la-campionatul-national-de-sala-u-20-de-la-bucuresti\/"},"wordCount":194,"commentCount":0,"image":{"@id":"https:\/\/urbeamea.ro\/albaiulia\/larisa-ardean-cs-unirea-alba-iulia-medalie-de-aur-in-proba-de-3000-metri-mars-la-campionatul-national-de-sala-u-20-de-la-bucuresti\/#primaryimage"},"thumbnailUrl":"https:\/\/urbeamea.ro\/albaiulia\/wp-content\/uploads\/2026\/03\/FB_IMG_1773162649648.jpg","keywords":["CS Unirea Alba IULIA","Larisa Ardean"],"articleSection":["Actualitate","Evenimente","Social","Sport","\u015etiri Urbane","Urbea Mea"],"inLanguage":"ro-RO","potentialAction":[{"@type":"CommentAction","name":"Comment","target":["https:\/\/urbeamea.ro\/albaiulia\/larisa-ardean-cs-unirea-alba-iulia-medalie-de-aur-in-proba-de-3000-metri-mars-la-campionatul-national-de-sala-u-20-de-la-bucuresti\/#respond"]}]},{"@type":"WebPage","@id":"https:\/\/urbeamea.ro\/albaiulia\/larisa-ardean-cs-unirea-alba-iulia-medalie-de-aur-in-proba-de-3000-metri-mars-la-campionatul-national-de-sala-u-20-de-la-bucuresti\/","url":"https:\/\/urbeamea.ro\/albaiulia\/larisa-ardean-cs-unirea-alba-iulia-medalie-de-aur-in-proba-de-3000-metri-mars-la-campionatul-national-de-sala-u-20-de-la-bucuresti\/","name":"Larisa Ardean (CS Unirea Alba Iulia), medalie de aur \u00een proba de 3000 metri mar\u0219, la Campionatul Na\u021bional de Sal\u0103 U-20 de la Bucure\u0219ti - Revista Urbea Mea - Revista de Alba","isPartOf":{"@id":"https:\/\/urbeamea.ro\/albaiulia\/#website"},"primaryImageOfPage":{"@id":"https:\/\/urbeamea.ro\/albaiulia\/larisa-ardean-cs-unirea-alba-iulia-medalie-de-aur-in-proba-de-3000-metri-mars-la-campionatul-national-de-sala-u-20-de-la-bucuresti\/#primaryimage"},"image":{"@id":"https:\/\/urbeamea.ro\/albaiulia\/larisa-ardean-cs-unirea-alba-iulia-medalie-de-aur-in-proba-de-3000-metri-mars-la-campionatul-national-de-sala-u-20-de-la-bucuresti\/#primaryimage"},"thumbnailUrl":"https:\/\/urbeamea.ro\/albaiulia\/wp-content\/uploads\/2026\/03\/FB_IMG_1773162649648.jpg","datePublished":"2026-03-10T17:18:43+00:00","dateModified":"2026-03-10T17:18:46+00:00","author":{"@id":"https:\/\/urbeamea.ro\/albaiulia\/#\/schema\/person\/5db3854ac38c1cc9f0ab4092d6a20f02"},"description":"Larisa Ardean, sportiv\u0103 cu dubl\u0103 legitimare la CS Unirea Alba Iulia \u0219i LPS Alba Iulia, a c\u00e2\u0219tigat medalia de aur \u00een proba de 3.000 de metri mar\u0219 la","breadcrumb":{"@id":"https:\/\/urbeamea.ro\/albaiulia\/larisa-ardean-cs-unirea-alba-iulia-medalie-de-aur-in-proba-de-3000-metri-mars-la-campionatul-national-de-sala-u-20-de-la-bucuresti\/#breadcrumb"},"inLanguage":"ro-RO","potentialAction":[{"@type":"ReadAction","target":["https:\/\/urbeamea.ro\/albaiulia\/larisa-ardean-cs-unirea-alba-iulia-medalie-de-aur-in-proba-de-3000-metri-mars-la-campionatul-national-de-sala-u-20-de-la-bucuresti\/"]}]},{"@type":"ImageObject","inLanguage":"ro-RO","@id":"https:\/\/urbeamea.ro\/albaiulia\/larisa-ardean-cs-unirea-alba-iulia-medalie-de-aur-in-proba-de-3000-metri-mars-la-campionatul-national-de-sala-u-20-de-la-bucuresti\/#primaryimage","url":"https:\/\/urbeamea.ro\/albaiulia\/wp-content\/uploads\/2026\/03\/FB_IMG_1773162649648.jpg","contentUrl":"https:\/\/urbeamea.ro\/albaiulia\/wp-content\/uploads\/2026\/03\/FB_IMG_1773162649648.jpg","width":1560,"height":878},{"@type":"BreadcrumbList","@id":"https:\/\/urbeamea.ro\/albaiulia\/larisa-ardean-cs-unirea-alba-iulia-medalie-de-aur-in-proba-de-3000-metri-mars-la-campionatul-national-de-sala-u-20-de-la-bucuresti\/#breadcrumb","itemListElement":[{"@type":"ListItem","position":1,"name":"Prima pagin\u0103","item":"https:\/\/urbeamea.ro\/albaiulia\/"},{"@type":"ListItem","position":2,"name":"Larisa Ardean (CS Unirea Alba Iulia), medalie de aur \u00een proba de 3000 metri mar\u0219, la Campionatul Na\u021bional de Sal\u0103 U-20 de la Bucure\u0219ti"}]},{"@type":"WebSite","@id":"https:\/\/urbeamea.ro\/albaiulia\/#website","url":"https:\/\/urbeamea.ro\/albaiulia\/","name":"Revista Urbea Mea, Stiri urbane","description":"Evenimente \u0219i \u0219tiri din Alba Iulia, Sebe\u0219, Aiud, Blaj","potentialAction":[{"@type":"SearchAction","target":{"@type":"EntryPoint","urlTemplate":"https:\/\/urbeamea.ro\/albaiulia\/?s={search_term_string}"},"query-input":{"@type":"PropertyValueSpecification","valueRequired":true,"valueName":"search_term_string"}}],"inLanguage":"ro-RO"},{"@type":"Person","@id":"https:\/\/urbeamea.ro\/albaiulia\/#\/schema\/person\/5db3854ac38c1cc9f0ab4092d6a20f02","name":"Giurca Sorin","image":{"@type":"ImageObject","inLanguage":"ro-RO","@id":"https:\/\/secure.gravatar.com\/avatar\/120f6fcae7b3b47a7730cb9943f612f4909f68ac5284b5f40ac1c4615fd70576?s=96&d=mm&r=g","url":"https:\/\/secure.gravatar.com\/avatar\/120f6fcae7b3b47a7730cb9943f612f4909f68ac5284b5f40ac1c4615fd70576?s=96&d=mm&r=g","contentUrl":"https:\/\/secure.gravatar.com\/avatar\/120f6fcae7b3b47a7730cb9943f612f4909f68ac5284b5f40ac1c4615fd70576?s=96&d=mm&r=g","caption":"Giurca Sorin"},"url":"https:\/\/urbeamea.ro\/albaiulia\/author\/sorin\/"}]}},"_links":{"self":[{"href":"https:\/\/urbeamea.ro\/albaiulia\/wp-json\/wp\/v2\/posts\/121699","targetHints":{"allow":["GET"]}}],"collection":[{"href":"https:\/\/urbeamea.ro\/albaiulia\/wp-json\/wp\/v2\/posts"}],"about":[{"href":"https:\/\/urbeamea.ro\/albaiulia\/wp-json\/wp\/v2\/types\/post"}],"author":[{"embeddable":true,"href":"https:\/\/urbeamea.ro\/albaiulia\/wp-json\/wp\/v2\/users\/28"}],"replies":[{"embeddable":true,"href":"https:\/\/urbeamea.ro\/albaiulia\/wp-json\/wp\/v2\/comments?post=121699"}],"version-history":[{"count":1,"href":"https:\/\/urbeamea.ro\/albaiulia\/wp-json\/wp\/v2\/posts\/121699\/revisions"}],"predecessor-version":[{"id":121701,"href":"https:\/\/urbeamea.ro\/albaiulia\/wp-json\/wp\/v2\/posts\/121699\/revisions\/121701"}],"wp:featuredmedia":[{"embeddable":true,"href":"https:\/\/urbeamea.ro\/albaiulia\/wp-json\/wp\/v2\/media\/121700"}],"wp:attachment":[{"href":"https:\/\/urbeamea.ro\/albaiulia\/wp-json\/wp\/v2\/media?parent=121699"}],"wp:term":[{"taxonomy":"category","embeddable":true,"href":"https:\/\/urbeamea.ro\/albaiulia\/wp-json\/wp\/v2\/categories?post=121699"},{"taxonomy":"post_tag","embeddable":true,"href":"https:\/\/urbeamea.ro\/albaiulia\/wp-json\/wp\/v2\/tags?post=121699"}],"curies":[{"name":"wp","href":"https:\/\/api.w.org\/{rel}","templated":true}]}}