{"id":121702,"date":"2026-03-11T07:48:57","date_gmt":"2026-03-11T05:48:57","guid":{"rendered":"https:\/\/urbeamea.ro\/albaiulia\/?p=121702"},"modified":"2026-03-11T07:49:00","modified_gmt":"2026-03-11T05:49:00","slug":"biblioteca-judeteana-lucian-blaga-alba-lanseaza-cercul-de-critica-literara-nicolae-manolescu","status":"publish","type":"post","link":"https:\/\/urbeamea.ro\/albaiulia\/biblioteca-judeteana-lucian-blaga-alba-lanseaza-cercul-de-critica-literara-nicolae-manolescu\/","title":{"rendered":"Biblioteca Jude\u021bean\u0103 \u201d Lucian Blaga\u201d Alba, lanseaz\u0103 Cercul de Critic\u0103 Literar\u0103 \u201eNicolae Manolescu\u201d"},"content":{"rendered":"\n<p><strong>Consiliul Jude\u021bean Alba \u0219i Biblioteca Jude\u021bean\u0103 \u201eLucian Blaga\u201d Alba anun\u021b\u0103 lansarea unui nou proiect cultural-educativ: Cercul de Critic\u0103 Literar\u0103 \u201eNicolae Manolescu\u201d.<\/strong><\/p>\n\n\n\n<p>Proiectul se desf\u0103\u0219oar\u0103 sub forma unui cerc de critic\u0103 literar\u0103 cu \u00eent\u00e2lniri periodice, \u00een prezen\u021ba \u0219i cu contribu\u021bia unui critic literar \u0219i urm\u0103re\u0219te promovarea lecturii, a dialogului intelectual \u0219i dezvolt\u0103rii spiritului critic, \u00een r\u00e2ndul publicului larg.<\/p>\n\n\n\n<p>Cercul se adreseaz\u0103 iubitorilor de literatur\u0103 de toate v\u00e2rstele, iar scopul principal al acestuia este de a aduce mai aproape de comunitate colec\u021biile bibliotecii \u0219i de a crea un spa\u021biu deschis de reflec\u021bie, analiz\u0103 \u0219i dezbatere \u00een jurul literaturii, contribuind astfel la formarea \u0219i dezvoltarea unei g\u00e2ndiri critice \u00een domeniul literar.<\/p>\n\n\n\n<p>\u201ePrin acest demers, Biblioteca Jude\u021bean\u0103 \u201eLucian Blaga\u201d Alba \u00ee\u0219i reafirm\u0103 rolul de institu\u021bie activ\u0103 \u00een via\u021ba cultural\u0103 a comunit\u0103\u021bii, deschis\u0103 c\u0103tre proiecte care stimuleaz\u0103 lectura, dialogul \u0219i reflec\u021bia asupra literaturii. \u00cen acest spirit consider\u0103m c\u0103 apari\u021bia unui astfel de cerc este un lucru bun \u0219i corect \u0219i aduce un echilibru \u00eentr-o institu\u021bie ce promoveaz\u0103 scriitorii \u0219i c\u0103r\u021bile lor.<\/p>\n\n\n\n<p>Numele cercului a fost ales \u00een memoria criticului \u0219i istoricului literar, academicianul Nicolae Manolescu, a c\u0103rui personalitate \u0219i oper\u0103 se impun prin valoare, rigoare \u0219i influen\u021b\u0103 \u00een cultura rom\u00e2n\u0103 contemporan\u0103.<\/p>\n\n\n\n<p>De asemenea, alegerea acestui nume reprezint\u0103 \u0219i un gest de recunoa\u0219tere \u0219i recuno\u0219tin\u021b\u0103 pentru sprijinul pe care Nicolae Manolescu l-a acordat jude\u021bului Alba, \u00een derularea unor importante proiecte culturale, cum ar fi: Premiul Na\u021bional pentru Poezie \u201eLucian Blaga\u201d Opera Omnia, Gala Poeziei Rom\u00e2ne Contemporane, Colocviile Romanului Rom\u00e2nesc Contemporan, Colocviile Tinerilor Scriitori.\u201d a declarat Silvan St\u00e2ncel, manager al Bibliotecii Jude\u021bene \u201eLucian Blaga\u201d Alba.<\/p>\n\n\n\n<p>Prima activitate din cadrul proiectului 3.39 Cercul de Critic\u0103 Literar\u0103 \u201eNicolae Manolescu\u201d va avea loc \u00een data de 13 martie 2026, de la ora 17:00, la sala de lectur\u0103 a Bibliotecii Jude\u021bene \u201eLucian Blaga\u201d Alba. <\/p>\n\n\n\n<p>Activitatea cultural \u2013 educativ\u0103 se va desf\u0103\u0219ura \u00een colaborare cu criticul literar Savu Popa.Pe termen lung, ini\u021biatorii proiectului \u00ee\u0219i propun s\u0103 atrag\u0103 \u00een cadrul cercului c\u00e2t mai mul\u021bi critici literari de valoare na\u021bional\u0103, valida\u021bi de Uniunea Scriitorilor din Rom\u00e2nia, pentru a oferi publicului \u00eent\u00e2lniri relevante, dialoguri consistente \u0219i perspective critice diverse asupra literaturii.<\/p>\n\n\n\n<p>Publicul interesat este invitat s\u0103 urm\u0103reasc\u0103 canalele de comunicare ale bibliotecii, pentru informa\u021bii despre calendarul \u00eent\u00e2lnirilor \u0219i invita\u021bii speciali ai Cercului de Critic\u0103 Literar\u0103 \u201eNicolae Manolescu\u201d.<\/p>\n\n\n\n<p>Activitatea din data de 13 martie 2026 va debuta la ora 17:00 cu prezentarea vie\u021bii \u0219i a operei criticului \u0219i istoricului literar Nicolae Manolescu, dup\u0103 care se vor discuta c\u00e2teva informa\u021bii esen\u021biale pentru \u00een\u021belegerea rolului \u0219i locului criticului literar \u0219i al revistelor literare \u00een societatea contemporan\u0103.<\/p>\n\n\n\n<p>Criticul Savu Popa va analiza profilul cronicarului literar \u0219i rolul acestuia \u00een societate, se vor lectura cronici sau recenzii din principalele publica\u021bii culturale ale momentului \u0219i vor avea loc dezbateri pe marginea lor, urm\u0103rind forma, con\u021binutul, mesajul \u0219i structura unor astfel de texte.<\/p>\n\n\n\n<p>Totodat\u0103, Savu Popa va explica \u0219i va exemplifica \u00een fa\u021ba celor prezen\u021bi, conceptul de interpretare a unui text, provoc\u00e2ndu-i pe participan\u021bi la exerci\u021bii de analiz\u0103 a unor texte de fic\u021biune, din punct de vedere structural \u0219i al imaginarului abordat. Savu Popa este profesor de Limba \u0219i literatura rom\u00e2n\u0103, doctor \u00een filologie \u0219i membru al Uniunii Scriitorilor din Rom\u00e2nia, filiala Sibiu.<\/p>\n\n\n\n<p>A debutat \u00een revista Euphorion, cu un grupaj de versuri. Are apari\u021bii \u00een foarte multe reviste (tip\u0103rite sau online) cu versuri, proz\u0103, cronici\/recenzii literare.<\/p>\n\n\n\n<p>A ob\u021binut c\u00e2teva premii pentru poezie \u0219i proz\u0103, la festivaluri literare din \u021bar\u0103: Marin Preda, Al. Macedonski, Mo\u0219tenirea V\u0103c\u0103re\u0219tilor, Ioan Slavici, Nicolae Labi\u0219, etc. <\/p>\n\n\n\n<p>A publicat volumele: Ipostaze, Editura Paralela 45, Pite\u0219ti, 2017; Noaptea mea de insomnie, Editura Cartea rom\u00e2neasc\u0103, Pite\u0219ti, 2018; O camera f\u0103r\u0103 prize, Editura Casa de Pariuri Literare, Bucure\u0219ti, 2021; O hermeneutic\u0103 a incertitudinii. Incursiuni \u00een poezia lui Aurel Pantea \u0219i Ion Mure\u0219an, Editura Eikon, Bucure\u0219ti, 2022; Strigoi\u021ba, Editura pentru Art\u0103 \u0219i Literatur\u0103, Bucure\u0219ti, 2023; De-a v-a\u021bi ascunselea cu poezia, Editura \u0218coala Ardelean\u0103, Cluj-Napoca, 2023; Re\u021beaua Subteran\u0103, Editura Cartea Rom\u00e2neasc\u0103 -Art, Bucure\u0219ti, 2024; Povestea lui Samson Bodn\u0103rescu. Dintr-o prim\u0103var\u0103 furtunoas\u0103, Editura PIM, Ia\u0219i, Colec\u021bia Ipote\u0219ti, 2024; Arborele \u00eendoielii, Editura pentru Art\u0103 \u0219i Literatur\u0103, Bucure\u0219ti, 2025.<\/p>\n\n\n\n<figure class=\"wp-block-image size-full\"><img loading=\"lazy\" decoding=\"async\" width=\"1080\" height=\"1080\" src=\"https:\/\/urbeamea.ro\/albaiulia\/wp-content\/uploads\/2026\/03\/FB_IMG_1773207240131.jpg\" alt=\"\" class=\"wp-image-121703\" srcset=\"https:\/\/urbeamea.ro\/albaiulia\/wp-content\/uploads\/2026\/03\/FB_IMG_1773207240131.jpg 1080w, https:\/\/urbeamea.ro\/albaiulia\/wp-content\/uploads\/2026\/03\/FB_IMG_1773207240131-640x640.jpg 640w, https:\/\/urbeamea.ro\/albaiulia\/wp-content\/uploads\/2026\/03\/FB_IMG_1773207240131-150x150.jpg 150w, https:\/\/urbeamea.ro\/albaiulia\/wp-content\/uploads\/2026\/03\/FB_IMG_1773207240131-768x768.jpg 768w\" sizes=\"auto, (max-width: 1080px) 100vw, 1080px\" \/><\/figure>\n\n\n\n<p><\/p>\n","protected":false},"excerpt":{"rendered":"<p>Consiliul Jude\u021bean Alba \u0219i Biblioteca Jude\u021bean\u0103 \u201eLucian Blaga\u201d Alba anun\u021b\u0103 lansarea unui nou proiect cultural-educativ: Cercul de Critic\u0103 Literar\u0103 \u201eNicolae Manolescu\u201d. Proiectul se desf\u0103\u0219oar\u0103 sub forma unui cerc de critic\u0103 literar\u0103 cu \u00eent\u00e2lniri periodice, \u00een prezen\u021ba \u0219i cu contribu\u021bia unui critic literar \u0219i urm\u0103re\u0219te promovarea lecturii, a dialogului intelectual \u0219i dezvolt\u0103rii spiritului critic, \u00een r\u00e2ndul &hellip;<\/p>\n","protected":false},"author":28,"featured_media":121703,"comment_status":"open","ping_status":"open","sticky":false,"template":"","format":"standard","meta":{"inline_featured_image":false,"footnotes":""},"categories":[23926,2038,2039,4,2036,2034,1,61,16344],"tags":[25294,25546,25547],"class_list":["post-121702","post","type-post","status-publish","format-standard","has-post-thumbnail","hentry","category-actualitate","category-cultura","category-educatie","category-eveniment","category-monden","category-social","category-stiri-urbane","category-turism","category-urbea-mea","tag-biblioteca-judeteana-lucian-blaga-2","tag-cerc-de-critica-literara","tag-liviu-manolescu"],"yoast_head":"<!-- This site is optimized with the Yoast SEO plugin v27.4 - https:\/\/yoast.com\/product\/yoast-seo-wordpress\/ -->\n<title>Biblioteca Jude\u021bean\u0103 \u201d Lucian Blaga\u201d Alba, lanseaz\u0103 Cercul de Critic\u0103 Literar\u0103 \u201eNicolae Manolescu\u201d - Revista Urbea Mea - Revista de Alba<\/title>\n<meta name=\"description\" content=\"Consiliul Jude\u021bean Alba \u0219i Biblioteca Jude\u021bean\u0103 \u201eLucian Blaga\u201d Alba anun\u021b\u0103 lansarea unui nou proiect cultural-educativ: Cercul de Critic\u0103 Literar\u0103\" \/>\n<meta name=\"robots\" content=\"index, follow, max-snippet:-1, max-image-preview:large, max-video-preview:-1\" \/>\n<link rel=\"canonical\" href=\"https:\/\/urbeamea.ro\/albaiulia\/biblioteca-judeteana-lucian-blaga-alba-lanseaza-cercul-de-critica-literara-nicolae-manolescu\/\" \/>\n<meta name=\"twitter:card\" content=\"summary_large_image\" \/>\n<meta name=\"twitter:title\" content=\"Biblioteca Jude\u021bean\u0103 \u201d Lucian Blaga\u201d Alba, lanseaz\u0103 Cercul de Critic\u0103 Literar\u0103 \u201eNicolae Manolescu\u201d - Revista Urbea Mea - Revista de Alba\" \/>\n<meta name=\"twitter:description\" content=\"Consiliul Jude\u021bean Alba \u0219i Biblioteca Jude\u021bean\u0103 \u201eLucian Blaga\u201d Alba anun\u021b\u0103 lansarea unui nou proiect cultural-educativ: Cercul de Critic\u0103 Literar\u0103\" \/>\n<meta name=\"twitter:image\" content=\"https:\/\/urbeamea.ro\/albaiulia\/wp-content\/uploads\/2026\/03\/FB_IMG_1773207240131.jpg\" \/>\n<meta name=\"twitter:creator\" content=\"@urbeameaweb\" \/>\n<meta name=\"twitter:site\" content=\"@urbeameaweb\" \/>\n<script type=\"application\/ld+json\" class=\"yoast-schema-graph\">{\"@context\":\"https:\\\/\\\/schema.org\",\"@graph\":[{\"@type\":\"Article\",\"@id\":\"https:\\\/\\\/urbeamea.ro\\\/albaiulia\\\/biblioteca-judeteana-lucian-blaga-alba-lanseaza-cercul-de-critica-literara-nicolae-manolescu\\\/#article\",\"isPartOf\":{\"@id\":\"https:\\\/\\\/urbeamea.ro\\\/albaiulia\\\/biblioteca-judeteana-lucian-blaga-alba-lanseaza-cercul-de-critica-literara-nicolae-manolescu\\\/\"},\"author\":{\"name\":\"Giurca Sorin\",\"@id\":\"https:\\\/\\\/urbeamea.ro\\\/albaiulia\\\/#\\\/schema\\\/person\\\/5db3854ac38c1cc9f0ab4092d6a20f02\"},\"headline\":\"Biblioteca Jude\u021bean\u0103 \u201d Lucian Blaga\u201d Alba, lanseaz\u0103 Cercul de Critic\u0103 Literar\u0103 \u201eNicolae Manolescu\u201d\",\"datePublished\":\"2026-03-11T05:48:57+00:00\",\"dateModified\":\"2026-03-11T05:49:00+00:00\",\"mainEntityOfPage\":{\"@id\":\"https:\\\/\\\/urbeamea.ro\\\/albaiulia\\\/biblioteca-judeteana-lucian-blaga-alba-lanseaza-cercul-de-critica-literara-nicolae-manolescu\\\/\"},\"wordCount\":752,\"commentCount\":0,\"image\":{\"@id\":\"https:\\\/\\\/urbeamea.ro\\\/albaiulia\\\/biblioteca-judeteana-lucian-blaga-alba-lanseaza-cercul-de-critica-literara-nicolae-manolescu\\\/#primaryimage\"},\"thumbnailUrl\":\"https:\\\/\\\/urbeamea.ro\\\/albaiulia\\\/wp-content\\\/uploads\\\/2026\\\/03\\\/FB_IMG_1773207240131.jpg\",\"keywords\":[\"Biblioteca Jude\u021bean\u0103 Lucian Blaga\",\"Cerc de critic\u0103 literar\u0103\",\"Liviu Manolescu\"],\"articleSection\":[\"Actualitate\",\"Cultur\u0103\",\"Educa\u021bie\",\"Evenimente\",\"Monden\",\"Social\",\"\u015etiri Urbane\",\"Turism \u0219i Ghidaj turistic\",\"Urbea Mea\"],\"inLanguage\":\"ro-RO\",\"potentialAction\":[{\"@type\":\"CommentAction\",\"name\":\"Comment\",\"target\":[\"https:\\\/\\\/urbeamea.ro\\\/albaiulia\\\/biblioteca-judeteana-lucian-blaga-alba-lanseaza-cercul-de-critica-literara-nicolae-manolescu\\\/#respond\"]}]},{\"@type\":\"WebPage\",\"@id\":\"https:\\\/\\\/urbeamea.ro\\\/albaiulia\\\/biblioteca-judeteana-lucian-blaga-alba-lanseaza-cercul-de-critica-literara-nicolae-manolescu\\\/\",\"url\":\"https:\\\/\\\/urbeamea.ro\\\/albaiulia\\\/biblioteca-judeteana-lucian-blaga-alba-lanseaza-cercul-de-critica-literara-nicolae-manolescu\\\/\",\"name\":\"Biblioteca Jude\u021bean\u0103 \u201d Lucian Blaga\u201d Alba, lanseaz\u0103 Cercul de Critic\u0103 Literar\u0103 \u201eNicolae Manolescu\u201d - Revista Urbea Mea - Revista de Alba\",\"isPartOf\":{\"@id\":\"https:\\\/\\\/urbeamea.ro\\\/albaiulia\\\/#website\"},\"primaryImageOfPage\":{\"@id\":\"https:\\\/\\\/urbeamea.ro\\\/albaiulia\\\/biblioteca-judeteana-lucian-blaga-alba-lanseaza-cercul-de-critica-literara-nicolae-manolescu\\\/#primaryimage\"},\"image\":{\"@id\":\"https:\\\/\\\/urbeamea.ro\\\/albaiulia\\\/biblioteca-judeteana-lucian-blaga-alba-lanseaza-cercul-de-critica-literara-nicolae-manolescu\\\/#primaryimage\"},\"thumbnailUrl\":\"https:\\\/\\\/urbeamea.ro\\\/albaiulia\\\/wp-content\\\/uploads\\\/2026\\\/03\\\/FB_IMG_1773207240131.jpg\",\"datePublished\":\"2026-03-11T05:48:57+00:00\",\"dateModified\":\"2026-03-11T05:49:00+00:00\",\"author\":{\"@id\":\"https:\\\/\\\/urbeamea.ro\\\/albaiulia\\\/#\\\/schema\\\/person\\\/5db3854ac38c1cc9f0ab4092d6a20f02\"},\"description\":\"Consiliul Jude\u021bean Alba \u0219i Biblioteca Jude\u021bean\u0103 \u201eLucian Blaga\u201d Alba anun\u021b\u0103 lansarea unui nou proiect cultural-educativ: Cercul de Critic\u0103 Literar\u0103\",\"breadcrumb\":{\"@id\":\"https:\\\/\\\/urbeamea.ro\\\/albaiulia\\\/biblioteca-judeteana-lucian-blaga-alba-lanseaza-cercul-de-critica-literara-nicolae-manolescu\\\/#breadcrumb\"},\"inLanguage\":\"ro-RO\",\"potentialAction\":[{\"@type\":\"ReadAction\",\"target\":[\"https:\\\/\\\/urbeamea.ro\\\/albaiulia\\\/biblioteca-judeteana-lucian-blaga-alba-lanseaza-cercul-de-critica-literara-nicolae-manolescu\\\/\"]}]},{\"@type\":\"ImageObject\",\"inLanguage\":\"ro-RO\",\"@id\":\"https:\\\/\\\/urbeamea.ro\\\/albaiulia\\\/biblioteca-judeteana-lucian-blaga-alba-lanseaza-cercul-de-critica-literara-nicolae-manolescu\\\/#primaryimage\",\"url\":\"https:\\\/\\\/urbeamea.ro\\\/albaiulia\\\/wp-content\\\/uploads\\\/2026\\\/03\\\/FB_IMG_1773207240131.jpg\",\"contentUrl\":\"https:\\\/\\\/urbeamea.ro\\\/albaiulia\\\/wp-content\\\/uploads\\\/2026\\\/03\\\/FB_IMG_1773207240131.jpg\",\"width\":1080,\"height\":1080},{\"@type\":\"BreadcrumbList\",\"@id\":\"https:\\\/\\\/urbeamea.ro\\\/albaiulia\\\/biblioteca-judeteana-lucian-blaga-alba-lanseaza-cercul-de-critica-literara-nicolae-manolescu\\\/#breadcrumb\",\"itemListElement\":[{\"@type\":\"ListItem\",\"position\":1,\"name\":\"Prima pagin\u0103\",\"item\":\"https:\\\/\\\/urbeamea.ro\\\/albaiulia\\\/\"},{\"@type\":\"ListItem\",\"position\":2,\"name\":\"Biblioteca Jude\u021bean\u0103 \u201d Lucian Blaga\u201d Alba, lanseaz\u0103 Cercul de Critic\u0103 Literar\u0103 \u201eNicolae Manolescu\u201d\"}]},{\"@type\":\"WebSite\",\"@id\":\"https:\\\/\\\/urbeamea.ro\\\/albaiulia\\\/#website\",\"url\":\"https:\\\/\\\/urbeamea.ro\\\/albaiulia\\\/\",\"name\":\"Revista Urbea Mea, Stiri urbane\",\"description\":\"Evenimente \u0219i \u0219tiri din Alba Iulia, Sebe\u0219, Aiud, Blaj\",\"potentialAction\":[{\"@type\":\"SearchAction\",\"target\":{\"@type\":\"EntryPoint\",\"urlTemplate\":\"https:\\\/\\\/urbeamea.ro\\\/albaiulia\\\/?s={search_term_string}\"},\"query-input\":{\"@type\":\"PropertyValueSpecification\",\"valueRequired\":true,\"valueName\":\"search_term_string\"}}],\"inLanguage\":\"ro-RO\"},{\"@type\":\"Person\",\"@id\":\"https:\\\/\\\/urbeamea.ro\\\/albaiulia\\\/#\\\/schema\\\/person\\\/5db3854ac38c1cc9f0ab4092d6a20f02\",\"name\":\"Giurca Sorin\",\"image\":{\"@type\":\"ImageObject\",\"inLanguage\":\"ro-RO\",\"@id\":\"https:\\\/\\\/secure.gravatar.com\\\/avatar\\\/120f6fcae7b3b47a7730cb9943f612f4909f68ac5284b5f40ac1c4615fd70576?s=96&d=mm&r=g\",\"url\":\"https:\\\/\\\/secure.gravatar.com\\\/avatar\\\/120f6fcae7b3b47a7730cb9943f612f4909f68ac5284b5f40ac1c4615fd70576?s=96&d=mm&r=g\",\"contentUrl\":\"https:\\\/\\\/secure.gravatar.com\\\/avatar\\\/120f6fcae7b3b47a7730cb9943f612f4909f68ac5284b5f40ac1c4615fd70576?s=96&d=mm&r=g\",\"caption\":\"Giurca Sorin\"},\"url\":\"https:\\\/\\\/urbeamea.ro\\\/albaiulia\\\/author\\\/sorin\\\/\"}]}<\/script>\n<!-- \/ Yoast SEO plugin. -->","yoast_head_json":{"title":"Biblioteca Jude\u021bean\u0103 \u201d Lucian Blaga\u201d Alba, lanseaz\u0103 Cercul de Critic\u0103 Literar\u0103 \u201eNicolae Manolescu\u201d - Revista Urbea Mea - Revista de Alba","description":"Consiliul Jude\u021bean Alba \u0219i Biblioteca Jude\u021bean\u0103 \u201eLucian Blaga\u201d Alba anun\u021b\u0103 lansarea unui nou proiect cultural-educativ: Cercul de Critic\u0103 Literar\u0103","robots":{"index":"index","follow":"follow","max-snippet":"max-snippet:-1","max-image-preview":"max-image-preview:large","max-video-preview":"max-video-preview:-1"},"canonical":"https:\/\/urbeamea.ro\/albaiulia\/biblioteca-judeteana-lucian-blaga-alba-lanseaza-cercul-de-critica-literara-nicolae-manolescu\/","twitter_card":"summary_large_image","twitter_title":"Biblioteca Jude\u021bean\u0103 \u201d Lucian Blaga\u201d Alba, lanseaz\u0103 Cercul de Critic\u0103 Literar\u0103 \u201eNicolae Manolescu\u201d - Revista Urbea Mea - Revista de Alba","twitter_description":"Consiliul Jude\u021bean Alba \u0219i Biblioteca Jude\u021bean\u0103 \u201eLucian Blaga\u201d Alba anun\u021b\u0103 lansarea unui nou proiect cultural-educativ: Cercul de Critic\u0103 Literar\u0103","twitter_image":"https:\/\/urbeamea.ro\/albaiulia\/wp-content\/uploads\/2026\/03\/FB_IMG_1773207240131.jpg","twitter_creator":"@urbeameaweb","twitter_site":"@urbeameaweb","schema":{"@context":"https:\/\/schema.org","@graph":[{"@type":"Article","@id":"https:\/\/urbeamea.ro\/albaiulia\/biblioteca-judeteana-lucian-blaga-alba-lanseaza-cercul-de-critica-literara-nicolae-manolescu\/#article","isPartOf":{"@id":"https:\/\/urbeamea.ro\/albaiulia\/biblioteca-judeteana-lucian-blaga-alba-lanseaza-cercul-de-critica-literara-nicolae-manolescu\/"},"author":{"name":"Giurca Sorin","@id":"https:\/\/urbeamea.ro\/albaiulia\/#\/schema\/person\/5db3854ac38c1cc9f0ab4092d6a20f02"},"headline":"Biblioteca Jude\u021bean\u0103 \u201d Lucian Blaga\u201d Alba, lanseaz\u0103 Cercul de Critic\u0103 Literar\u0103 \u201eNicolae Manolescu\u201d","datePublished":"2026-03-11T05:48:57+00:00","dateModified":"2026-03-11T05:49:00+00:00","mainEntityOfPage":{"@id":"https:\/\/urbeamea.ro\/albaiulia\/biblioteca-judeteana-lucian-blaga-alba-lanseaza-cercul-de-critica-literara-nicolae-manolescu\/"},"wordCount":752,"commentCount":0,"image":{"@id":"https:\/\/urbeamea.ro\/albaiulia\/biblioteca-judeteana-lucian-blaga-alba-lanseaza-cercul-de-critica-literara-nicolae-manolescu\/#primaryimage"},"thumbnailUrl":"https:\/\/urbeamea.ro\/albaiulia\/wp-content\/uploads\/2026\/03\/FB_IMG_1773207240131.jpg","keywords":["Biblioteca Jude\u021bean\u0103 Lucian Blaga","Cerc de critic\u0103 literar\u0103","Liviu Manolescu"],"articleSection":["Actualitate","Cultur\u0103","Educa\u021bie","Evenimente","Monden","Social","\u015etiri Urbane","Turism \u0219i Ghidaj turistic","Urbea Mea"],"inLanguage":"ro-RO","potentialAction":[{"@type":"CommentAction","name":"Comment","target":["https:\/\/urbeamea.ro\/albaiulia\/biblioteca-judeteana-lucian-blaga-alba-lanseaza-cercul-de-critica-literara-nicolae-manolescu\/#respond"]}]},{"@type":"WebPage","@id":"https:\/\/urbeamea.ro\/albaiulia\/biblioteca-judeteana-lucian-blaga-alba-lanseaza-cercul-de-critica-literara-nicolae-manolescu\/","url":"https:\/\/urbeamea.ro\/albaiulia\/biblioteca-judeteana-lucian-blaga-alba-lanseaza-cercul-de-critica-literara-nicolae-manolescu\/","name":"Biblioteca Jude\u021bean\u0103 \u201d Lucian Blaga\u201d Alba, lanseaz\u0103 Cercul de Critic\u0103 Literar\u0103 \u201eNicolae Manolescu\u201d - Revista Urbea Mea - Revista de Alba","isPartOf":{"@id":"https:\/\/urbeamea.ro\/albaiulia\/#website"},"primaryImageOfPage":{"@id":"https:\/\/urbeamea.ro\/albaiulia\/biblioteca-judeteana-lucian-blaga-alba-lanseaza-cercul-de-critica-literara-nicolae-manolescu\/#primaryimage"},"image":{"@id":"https:\/\/urbeamea.ro\/albaiulia\/biblioteca-judeteana-lucian-blaga-alba-lanseaza-cercul-de-critica-literara-nicolae-manolescu\/#primaryimage"},"thumbnailUrl":"https:\/\/urbeamea.ro\/albaiulia\/wp-content\/uploads\/2026\/03\/FB_IMG_1773207240131.jpg","datePublished":"2026-03-11T05:48:57+00:00","dateModified":"2026-03-11T05:49:00+00:00","author":{"@id":"https:\/\/urbeamea.ro\/albaiulia\/#\/schema\/person\/5db3854ac38c1cc9f0ab4092d6a20f02"},"description":"Consiliul Jude\u021bean Alba \u0219i Biblioteca Jude\u021bean\u0103 \u201eLucian Blaga\u201d Alba anun\u021b\u0103 lansarea unui nou proiect cultural-educativ: Cercul de Critic\u0103 Literar\u0103","breadcrumb":{"@id":"https:\/\/urbeamea.ro\/albaiulia\/biblioteca-judeteana-lucian-blaga-alba-lanseaza-cercul-de-critica-literara-nicolae-manolescu\/#breadcrumb"},"inLanguage":"ro-RO","potentialAction":[{"@type":"ReadAction","target":["https:\/\/urbeamea.ro\/albaiulia\/biblioteca-judeteana-lucian-blaga-alba-lanseaza-cercul-de-critica-literara-nicolae-manolescu\/"]}]},{"@type":"ImageObject","inLanguage":"ro-RO","@id":"https:\/\/urbeamea.ro\/albaiulia\/biblioteca-judeteana-lucian-blaga-alba-lanseaza-cercul-de-critica-literara-nicolae-manolescu\/#primaryimage","url":"https:\/\/urbeamea.ro\/albaiulia\/wp-content\/uploads\/2026\/03\/FB_IMG_1773207240131.jpg","contentUrl":"https:\/\/urbeamea.ro\/albaiulia\/wp-content\/uploads\/2026\/03\/FB_IMG_1773207240131.jpg","width":1080,"height":1080},{"@type":"BreadcrumbList","@id":"https:\/\/urbeamea.ro\/albaiulia\/biblioteca-judeteana-lucian-blaga-alba-lanseaza-cercul-de-critica-literara-nicolae-manolescu\/#breadcrumb","itemListElement":[{"@type":"ListItem","position":1,"name":"Prima pagin\u0103","item":"https:\/\/urbeamea.ro\/albaiulia\/"},{"@type":"ListItem","position":2,"name":"Biblioteca Jude\u021bean\u0103 \u201d Lucian Blaga\u201d Alba, lanseaz\u0103 Cercul de Critic\u0103 Literar\u0103 \u201eNicolae Manolescu\u201d"}]},{"@type":"WebSite","@id":"https:\/\/urbeamea.ro\/albaiulia\/#website","url":"https:\/\/urbeamea.ro\/albaiulia\/","name":"Revista Urbea Mea, Stiri urbane","description":"Evenimente \u0219i \u0219tiri din Alba Iulia, Sebe\u0219, Aiud, Blaj","potentialAction":[{"@type":"SearchAction","target":{"@type":"EntryPoint","urlTemplate":"https:\/\/urbeamea.ro\/albaiulia\/?s={search_term_string}"},"query-input":{"@type":"PropertyValueSpecification","valueRequired":true,"valueName":"search_term_string"}}],"inLanguage":"ro-RO"},{"@type":"Person","@id":"https:\/\/urbeamea.ro\/albaiulia\/#\/schema\/person\/5db3854ac38c1cc9f0ab4092d6a20f02","name":"Giurca Sorin","image":{"@type":"ImageObject","inLanguage":"ro-RO","@id":"https:\/\/secure.gravatar.com\/avatar\/120f6fcae7b3b47a7730cb9943f612f4909f68ac5284b5f40ac1c4615fd70576?s=96&d=mm&r=g","url":"https:\/\/secure.gravatar.com\/avatar\/120f6fcae7b3b47a7730cb9943f612f4909f68ac5284b5f40ac1c4615fd70576?s=96&d=mm&r=g","contentUrl":"https:\/\/secure.gravatar.com\/avatar\/120f6fcae7b3b47a7730cb9943f612f4909f68ac5284b5f40ac1c4615fd70576?s=96&d=mm&r=g","caption":"Giurca Sorin"},"url":"https:\/\/urbeamea.ro\/albaiulia\/author\/sorin\/"}]}},"_links":{"self":[{"href":"https:\/\/urbeamea.ro\/albaiulia\/wp-json\/wp\/v2\/posts\/121702","targetHints":{"allow":["GET"]}}],"collection":[{"href":"https:\/\/urbeamea.ro\/albaiulia\/wp-json\/wp\/v2\/posts"}],"about":[{"href":"https:\/\/urbeamea.ro\/albaiulia\/wp-json\/wp\/v2\/types\/post"}],"author":[{"embeddable":true,"href":"https:\/\/urbeamea.ro\/albaiulia\/wp-json\/wp\/v2\/users\/28"}],"replies":[{"embeddable":true,"href":"https:\/\/urbeamea.ro\/albaiulia\/wp-json\/wp\/v2\/comments?post=121702"}],"version-history":[{"count":1,"href":"https:\/\/urbeamea.ro\/albaiulia\/wp-json\/wp\/v2\/posts\/121702\/revisions"}],"predecessor-version":[{"id":121704,"href":"https:\/\/urbeamea.ro\/albaiulia\/wp-json\/wp\/v2\/posts\/121702\/revisions\/121704"}],"wp:featuredmedia":[{"embeddable":true,"href":"https:\/\/urbeamea.ro\/albaiulia\/wp-json\/wp\/v2\/media\/121703"}],"wp:attachment":[{"href":"https:\/\/urbeamea.ro\/albaiulia\/wp-json\/wp\/v2\/media?parent=121702"}],"wp:term":[{"taxonomy":"category","embeddable":true,"href":"https:\/\/urbeamea.ro\/albaiulia\/wp-json\/wp\/v2\/categories?post=121702"},{"taxonomy":"post_tag","embeddable":true,"href":"https:\/\/urbeamea.ro\/albaiulia\/wp-json\/wp\/v2\/tags?post=121702"}],"curies":[{"name":"wp","href":"https:\/\/api.w.org\/{rel}","templated":true}]}}