{"id":121706,"date":"2026-03-13T08:43:59","date_gmt":"2026-03-13T06:43:59","guid":{"rendered":"https:\/\/urbeamea.ro\/albaiulia\/?p=121706"},"modified":"2026-03-13T08:44:02","modified_gmt":"2026-03-13T06:44:02","slug":"13-14-martie-simpozion-national-de-martirologie-eroinele-portrete-feminine-in-universul-carceral-si-rezistenta-anticomunista-la-muzeul-national-al-unirii-si-facultatea-de-teolog","status":"publish","type":"post","link":"https:\/\/urbeamea.ro\/albaiulia\/13-14-martie-simpozion-national-de-martirologie-eroinele-portrete-feminine-in-universul-carceral-si-rezistenta-anticomunista-la-muzeul-national-al-unirii-si-facultatea-de-teolog\/","title":{"rendered":"13-14 martie: Simpozion Na\u021bional de Martirologie: \u201d Eroinele: portrete feminine \u00een universul carceral \u0219i rezisten\u021ba anticomunist\u0103\u201d, la Muzeul Na\u021bional al Unirii \u0219i Facultatea de Teologie Ortodox\u0103 din Alba Iulia"},"content":{"rendered":"\n<p><strong>Muzeul Na\u021bional al Unirii Alba Iulia, \u00een colaborare cu Arhiepiscopia Alba Iuliei, Facultatea de Teologie Ortodox\u0103 din cadrul Universit\u0103\u021bii \u201e1 Decembrie 1918\u201d Alba Iulia \u0219i Inspectoratul \u0218colar Jude\u021bean Alba organizeaz\u0103, \u00een perioada 13-14 martie 2025, a dou\u0103sprezecea edi\u021bie a Simpozionului Na\u021bional de Martirologie, cu tema Eroinele: portrete feminine \u00een universul carceral \u0219i rezisten\u021ba anticomunist\u0103.<\/strong><\/p>\n\n\n\n<p>Vineri \u2013 13 martie \u2013 \u00eencep\u00e2nd ora 9:00 va avea loc deschiderea oficial\u0103 a evenimentului, la Facultatea de Teologie Ortodox\u0103 (Aula \u201eSf. Simion \u0218tefan\u201d), urmat\u0103 de desf\u0103\u0219urarea \u00een plen a lucr\u0103rilor simpozionului, la care vor lua parte cercet\u0103tori de prestigiu (istorici, teologi, filologi, antropologi).<\/p>\n\n\n\n<p>De asemenea, \u00een aceea\u0219i zi, la ora 12:30, va avea loc lansarea volumului Nicoleta P\u0103limaru, Anca Manolache: portret de teolog la centenar, Rena\u0219terea, Cluj-Napoca (prezint\u0103 Ioana Ursu).\u00cen aceea\u0219i zi, de la 14:00, se va derula cea de-a doua sesiune de comunic\u0103ri, \u00een format on-line, lucr\u0103rile vor putea fi urm\u0103rite acces\u00e2nd linkul disponibil*.<\/p>\n\n\n\n<p>S\u00e2mb\u0103t\u0103 \u2013 14 martie \u2013 \u00eencep\u00e2nd cu ora 12:00 va avea loc, \u00een amfiteatrul m\u0103n\u0103stirii-memorial \u201eR\u00e2pa Robilor\u201d din Aiud, conferin\u021ba cu titlul \u201eDeclin\u0103ri la feminin ale experien\u021bei carcerale din universul comunist: Dina, Lena, Adriana, Ileana, Ioana, Iuliana\u201d, sus\u021binut\u0103 de Ioana Ursu (Muzeul Na\u021bional al Unirii Alba Iulia).<\/p>\n\n\n\n<p>\u00cent\u00e2lnirea se va \u00eencheia cu programul artistic sus\u021binut de elevii Liceul de Arte Regina Maria Alba Iulia, Colegiul Na\u021bional \u201eTitu Maiorescu\u201d Aiud, \u0218coala Gimnazial\u0103 \u201eOvidiu Hulea\u201d Aiud, \u0218coala Gimnazial\u0103 \u201eAxente Sever\u201d Aiud \u0219i Liceul Tehnologic Ocna Mure\u0219 din cadrul proiectului \u201ePoezia m\u0103rturie din temni\u021ba comunist\u0103\u201d (edi\u021bia a VII-a).<\/p>\n\n\n\n<figure class=\"wp-block-gallery has-nested-images columns-default is-cropped wp-block-gallery-1 is-layout-flex wp-block-gallery-is-layout-flex\">\n<figure class=\"wp-block-image size-large\"><img loading=\"lazy\" decoding=\"async\" width=\"905\" height=\"1280\" data-id=\"121707\" src=\"https:\/\/urbeamea.ro\/albaiulia\/wp-content\/uploads\/2026\/03\/FB_IMG_1773379700633-905x1280.jpg\" alt=\"\" class=\"wp-image-121707\" srcset=\"https:\/\/urbeamea.ro\/albaiulia\/wp-content\/uploads\/2026\/03\/FB_IMG_1773379700633-905x1280.jpg 905w, https:\/\/urbeamea.ro\/albaiulia\/wp-content\/uploads\/2026\/03\/FB_IMG_1773379700633-452x640.jpg 452w, https:\/\/urbeamea.ro\/albaiulia\/wp-content\/uploads\/2026\/03\/FB_IMG_1773379700633-106x150.jpg 106w, https:\/\/urbeamea.ro\/albaiulia\/wp-content\/uploads\/2026\/03\/FB_IMG_1773379700633-768x1086.jpg 768w, https:\/\/urbeamea.ro\/albaiulia\/wp-content\/uploads\/2026\/03\/FB_IMG_1773379700633-1086x1536.jpg 1086w, https:\/\/urbeamea.ro\/albaiulia\/wp-content\/uploads\/2026\/03\/FB_IMG_1773379700633.jpg 1414w\" sizes=\"auto, (max-width: 905px) 100vw, 905px\" \/><\/figure>\n<\/figure>\n\n\n\n<figure class=\"wp-block-gallery has-nested-images columns-default is-cropped wp-block-gallery-2 is-layout-flex wp-block-gallery-is-layout-flex\">\n<figure class=\"wp-block-image size-large\"><img loading=\"lazy\" decoding=\"async\" width=\"905\" height=\"1280\" data-id=\"121708\" src=\"https:\/\/urbeamea.ro\/albaiulia\/wp-content\/uploads\/2026\/03\/FB_IMG_1773379694300-905x1280.jpg\" alt=\"\" class=\"wp-image-121708\" srcset=\"https:\/\/urbeamea.ro\/albaiulia\/wp-content\/uploads\/2026\/03\/FB_IMG_1773379694300-905x1280.jpg 905w, https:\/\/urbeamea.ro\/albaiulia\/wp-content\/uploads\/2026\/03\/FB_IMG_1773379694300-452x640.jpg 452w, https:\/\/urbeamea.ro\/albaiulia\/wp-content\/uploads\/2026\/03\/FB_IMG_1773379694300-106x150.jpg 106w, https:\/\/urbeamea.ro\/albaiulia\/wp-content\/uploads\/2026\/03\/FB_IMG_1773379694300-768x1086.jpg 768w, https:\/\/urbeamea.ro\/albaiulia\/wp-content\/uploads\/2026\/03\/FB_IMG_1773379694300-1086x1536.jpg 1086w, https:\/\/urbeamea.ro\/albaiulia\/wp-content\/uploads\/2026\/03\/FB_IMG_1773379694300.jpg 1414w\" sizes=\"auto, (max-width: 905px) 100vw, 905px\" \/><\/figure>\n\n\n\n<figure class=\"wp-block-image size-large\"><img loading=\"lazy\" decoding=\"async\" width=\"905\" height=\"1280\" data-id=\"121709\" src=\"https:\/\/urbeamea.ro\/albaiulia\/wp-content\/uploads\/2026\/03\/FB_IMG_1773379697342-905x1280.jpg\" alt=\"\" class=\"wp-image-121709\" srcset=\"https:\/\/urbeamea.ro\/albaiulia\/wp-content\/uploads\/2026\/03\/FB_IMG_1773379697342-905x1280.jpg 905w, https:\/\/urbeamea.ro\/albaiulia\/wp-content\/uploads\/2026\/03\/FB_IMG_1773379697342-452x640.jpg 452w, https:\/\/urbeamea.ro\/albaiulia\/wp-content\/uploads\/2026\/03\/FB_IMG_1773379697342-106x150.jpg 106w, https:\/\/urbeamea.ro\/albaiulia\/wp-content\/uploads\/2026\/03\/FB_IMG_1773379697342-768x1086.jpg 768w, https:\/\/urbeamea.ro\/albaiulia\/wp-content\/uploads\/2026\/03\/FB_IMG_1773379697342-1086x1536.jpg 1086w, https:\/\/urbeamea.ro\/albaiulia\/wp-content\/uploads\/2026\/03\/FB_IMG_1773379697342.jpg 1414w\" sizes=\"auto, (max-width: 905px) 100vw, 905px\" \/><\/figure>\n<\/figure>\n","protected":false},"excerpt":{"rendered":"<p>Muzeul Na\u021bional al Unirii Alba Iulia, \u00een colaborare cu Arhiepiscopia Alba Iuliei, Facultatea de Teologie Ortodox\u0103 din cadrul Universit\u0103\u021bii \u201e1 Decembrie 1918\u201d Alba Iulia \u0219i Inspectoratul \u0218colar Jude\u021bean Alba organizeaz\u0103, \u00een perioada 13-14 martie 2025, a dou\u0103sprezecea edi\u021bie a Simpozionului Na\u021bional de Martirologie, cu tema Eroinele: portrete feminine \u00een universul carceral \u0219i rezisten\u021ba anticomunist\u0103. Vineri &hellip;<\/p>\n","protected":false},"author":28,"featured_media":121707,"comment_status":"open","ping_status":"open","sticky":false,"template":"","format":"standard","meta":{"inline_featured_image":false,"footnotes":""},"categories":[23926,2038,2039,4,8857,2036,2034,1,61,16344],"tags":[25052,25548],"class_list":["post-121706","post","type-post","status-publish","format-standard","has-post-thumbnail","hentry","category-actualitate","category-cultura","category-educatie","category-eveniment","category-istorie","category-monden","category-social","category-stiri-urbane","category-turism","category-urbea-mea","tag-muzeul-national-al-unirii-2","tag-simpozion-national-de-martirologie"],"yoast_head":"<!-- This site is optimized with the Yoast SEO plugin v27.4 - https:\/\/yoast.com\/product\/yoast-seo-wordpress\/ -->\n<title>13-14 martie: Simpozion Na\u021bional de Martirologie: \u201d Eroinele: portrete feminine \u00een universul carceral \u0219i rezisten\u021ba anticomunist\u0103\u201d, la Muzeul Na\u021bional al Unirii \u0219i Facultatea de Teologie Ortodox\u0103 din Alba Iulia - Revista Urbea Mea - Revista de Alba<\/title>\n<meta name=\"description\" content=\"Muzeul Na\u021bional al Unirii Alba Iulia, \u00een colaborare cu Arhiepiscopia Alba Iuliei, Facultatea de Teologie Ortodox\u0103 din cadrul Universit\u0103\u021bii \u201e1 Decembrie\" \/>\n<meta name=\"robots\" content=\"index, follow, max-snippet:-1, max-image-preview:large, max-video-preview:-1\" \/>\n<link rel=\"canonical\" href=\"https:\/\/urbeamea.ro\/albaiulia\/13-14-martie-simpozion-national-de-martirologie-eroinele-portrete-feminine-in-universul-carceral-si-rezistenta-anticomunista-la-muzeul-national-al-unirii-si-facultatea-de-teolog\/\" \/>\n<meta name=\"twitter:card\" content=\"summary_large_image\" \/>\n<meta name=\"twitter:title\" content=\"13-14 martie: Simpozion Na\u021bional de Martirologie: \u201d Eroinele: portrete feminine \u00een universul carceral \u0219i rezisten\u021ba anticomunist\u0103\u201d, la Muzeul Na\u021bional al Unirii \u0219i Facultatea de Teologie Ortodox\u0103 din Alba Iulia - Revista Urbea Mea - Revista de Alba\" \/>\n<meta name=\"twitter:description\" content=\"Muzeul Na\u021bional al Unirii Alba Iulia, \u00een colaborare cu Arhiepiscopia Alba Iuliei, Facultatea de Teologie Ortodox\u0103 din cadrul Universit\u0103\u021bii \u201e1 Decembrie\" \/>\n<meta name=\"twitter:image\" content=\"https:\/\/urbeamea.ro\/albaiulia\/wp-content\/uploads\/2026\/03\/FB_IMG_1773379700633.jpg\" \/>\n<meta name=\"twitter:creator\" content=\"@urbeameaweb\" \/>\n<meta name=\"twitter:site\" content=\"@urbeameaweb\" \/>\n<script type=\"application\/ld+json\" class=\"yoast-schema-graph\">{\"@context\":\"https:\\\/\\\/schema.org\",\"@graph\":[{\"@type\":\"Article\",\"@id\":\"https:\\\/\\\/urbeamea.ro\\\/albaiulia\\\/13-14-martie-simpozion-national-de-martirologie-eroinele-portrete-feminine-in-universul-carceral-si-rezistenta-anticomunista-la-muzeul-national-al-unirii-si-facultatea-de-teolog\\\/#article\",\"isPartOf\":{\"@id\":\"https:\\\/\\\/urbeamea.ro\\\/albaiulia\\\/13-14-martie-simpozion-national-de-martirologie-eroinele-portrete-feminine-in-universul-carceral-si-rezistenta-anticomunista-la-muzeul-national-al-unirii-si-facultatea-de-teolog\\\/\"},\"author\":{\"name\":\"Giurca Sorin\",\"@id\":\"https:\\\/\\\/urbeamea.ro\\\/albaiulia\\\/#\\\/schema\\\/person\\\/5db3854ac38c1cc9f0ab4092d6a20f02\"},\"headline\":\"13-14 martie: Simpozion Na\u021bional de Martirologie: \u201d Eroinele: portrete feminine \u00een universul carceral \u0219i rezisten\u021ba anticomunist\u0103\u201d, la Muzeul Na\u021bional al Unirii \u0219i Facultatea de Teologie Ortodox\u0103 din Alba Iulia\",\"datePublished\":\"2026-03-13T06:43:59+00:00\",\"dateModified\":\"2026-03-13T06:44:02+00:00\",\"mainEntityOfPage\":{\"@id\":\"https:\\\/\\\/urbeamea.ro\\\/albaiulia\\\/13-14-martie-simpozion-national-de-martirologie-eroinele-portrete-feminine-in-universul-carceral-si-rezistenta-anticomunista-la-muzeul-national-al-unirii-si-facultatea-de-teolog\\\/\"},\"wordCount\":300,\"commentCount\":0,\"image\":{\"@id\":\"https:\\\/\\\/urbeamea.ro\\\/albaiulia\\\/13-14-martie-simpozion-national-de-martirologie-eroinele-portrete-feminine-in-universul-carceral-si-rezistenta-anticomunista-la-muzeul-national-al-unirii-si-facultatea-de-teolog\\\/#primaryimage\"},\"thumbnailUrl\":\"https:\\\/\\\/urbeamea.ro\\\/albaiulia\\\/wp-content\\\/uploads\\\/2026\\\/03\\\/FB_IMG_1773379700633.jpg\",\"keywords\":[\"Muzeul Na\u021bional al Unirii\",\"Simpozion na\u021bional de Martirologie\"],\"articleSection\":[\"Actualitate\",\"Cultur\u0103\",\"Educa\u021bie\",\"Evenimente\",\"Istorie\",\"Monden\",\"Social\",\"\u015etiri Urbane\",\"Turism \u0219i Ghidaj turistic\",\"Urbea Mea\"],\"inLanguage\":\"ro-RO\",\"potentialAction\":[{\"@type\":\"CommentAction\",\"name\":\"Comment\",\"target\":[\"https:\\\/\\\/urbeamea.ro\\\/albaiulia\\\/13-14-martie-simpozion-national-de-martirologie-eroinele-portrete-feminine-in-universul-carceral-si-rezistenta-anticomunista-la-muzeul-national-al-unirii-si-facultatea-de-teolog\\\/#respond\"]}]},{\"@type\":\"WebPage\",\"@id\":\"https:\\\/\\\/urbeamea.ro\\\/albaiulia\\\/13-14-martie-simpozion-national-de-martirologie-eroinele-portrete-feminine-in-universul-carceral-si-rezistenta-anticomunista-la-muzeul-national-al-unirii-si-facultatea-de-teolog\\\/\",\"url\":\"https:\\\/\\\/urbeamea.ro\\\/albaiulia\\\/13-14-martie-simpozion-national-de-martirologie-eroinele-portrete-feminine-in-universul-carceral-si-rezistenta-anticomunista-la-muzeul-national-al-unirii-si-facultatea-de-teolog\\\/\",\"name\":\"13-14 martie: Simpozion Na\u021bional de Martirologie: \u201d Eroinele: portrete feminine \u00een universul carceral \u0219i rezisten\u021ba anticomunist\u0103\u201d, la Muzeul Na\u021bional al Unirii \u0219i Facultatea de Teologie Ortodox\u0103 din Alba Iulia - Revista Urbea Mea - Revista de Alba\",\"isPartOf\":{\"@id\":\"https:\\\/\\\/urbeamea.ro\\\/albaiulia\\\/#website\"},\"primaryImageOfPage\":{\"@id\":\"https:\\\/\\\/urbeamea.ro\\\/albaiulia\\\/13-14-martie-simpozion-national-de-martirologie-eroinele-portrete-feminine-in-universul-carceral-si-rezistenta-anticomunista-la-muzeul-national-al-unirii-si-facultatea-de-teolog\\\/#primaryimage\"},\"image\":{\"@id\":\"https:\\\/\\\/urbeamea.ro\\\/albaiulia\\\/13-14-martie-simpozion-national-de-martirologie-eroinele-portrete-feminine-in-universul-carceral-si-rezistenta-anticomunista-la-muzeul-national-al-unirii-si-facultatea-de-teolog\\\/#primaryimage\"},\"thumbnailUrl\":\"https:\\\/\\\/urbeamea.ro\\\/albaiulia\\\/wp-content\\\/uploads\\\/2026\\\/03\\\/FB_IMG_1773379700633.jpg\",\"datePublished\":\"2026-03-13T06:43:59+00:00\",\"dateModified\":\"2026-03-13T06:44:02+00:00\",\"author\":{\"@id\":\"https:\\\/\\\/urbeamea.ro\\\/albaiulia\\\/#\\\/schema\\\/person\\\/5db3854ac38c1cc9f0ab4092d6a20f02\"},\"description\":\"Muzeul Na\u021bional al Unirii Alba Iulia, \u00een colaborare cu Arhiepiscopia Alba Iuliei, Facultatea de Teologie Ortodox\u0103 din cadrul Universit\u0103\u021bii \u201e1 Decembrie\",\"breadcrumb\":{\"@id\":\"https:\\\/\\\/urbeamea.ro\\\/albaiulia\\\/13-14-martie-simpozion-national-de-martirologie-eroinele-portrete-feminine-in-universul-carceral-si-rezistenta-anticomunista-la-muzeul-national-al-unirii-si-facultatea-de-teolog\\\/#breadcrumb\"},\"inLanguage\":\"ro-RO\",\"potentialAction\":[{\"@type\":\"ReadAction\",\"target\":[\"https:\\\/\\\/urbeamea.ro\\\/albaiulia\\\/13-14-martie-simpozion-national-de-martirologie-eroinele-portrete-feminine-in-universul-carceral-si-rezistenta-anticomunista-la-muzeul-national-al-unirii-si-facultatea-de-teolog\\\/\"]}]},{\"@type\":\"ImageObject\",\"inLanguage\":\"ro-RO\",\"@id\":\"https:\\\/\\\/urbeamea.ro\\\/albaiulia\\\/13-14-martie-simpozion-national-de-martirologie-eroinele-portrete-feminine-in-universul-carceral-si-rezistenta-anticomunista-la-muzeul-national-al-unirii-si-facultatea-de-teolog\\\/#primaryimage\",\"url\":\"https:\\\/\\\/urbeamea.ro\\\/albaiulia\\\/wp-content\\\/uploads\\\/2026\\\/03\\\/FB_IMG_1773379700633.jpg\",\"contentUrl\":\"https:\\\/\\\/urbeamea.ro\\\/albaiulia\\\/wp-content\\\/uploads\\\/2026\\\/03\\\/FB_IMG_1773379700633.jpg\",\"width\":1414,\"height\":2000},{\"@type\":\"BreadcrumbList\",\"@id\":\"https:\\\/\\\/urbeamea.ro\\\/albaiulia\\\/13-14-martie-simpozion-national-de-martirologie-eroinele-portrete-feminine-in-universul-carceral-si-rezistenta-anticomunista-la-muzeul-national-al-unirii-si-facultatea-de-teolog\\\/#breadcrumb\",\"itemListElement\":[{\"@type\":\"ListItem\",\"position\":1,\"name\":\"Prima pagin\u0103\",\"item\":\"https:\\\/\\\/urbeamea.ro\\\/albaiulia\\\/\"},{\"@type\":\"ListItem\",\"position\":2,\"name\":\"13-14 martie: Simpozion Na\u021bional de Martirologie: \u201d Eroinele: portrete feminine \u00een universul carceral \u0219i rezisten\u021ba anticomunist\u0103\u201d, la Muzeul Na\u021bional al Unirii \u0219i Facultatea de Teologie Ortodox\u0103 din Alba Iulia\"}]},{\"@type\":\"WebSite\",\"@id\":\"https:\\\/\\\/urbeamea.ro\\\/albaiulia\\\/#website\",\"url\":\"https:\\\/\\\/urbeamea.ro\\\/albaiulia\\\/\",\"name\":\"Revista Urbea Mea, Stiri urbane\",\"description\":\"Evenimente \u0219i \u0219tiri din Alba Iulia, Sebe\u0219, Aiud, Blaj\",\"potentialAction\":[{\"@type\":\"SearchAction\",\"target\":{\"@type\":\"EntryPoint\",\"urlTemplate\":\"https:\\\/\\\/urbeamea.ro\\\/albaiulia\\\/?s={search_term_string}\"},\"query-input\":{\"@type\":\"PropertyValueSpecification\",\"valueRequired\":true,\"valueName\":\"search_term_string\"}}],\"inLanguage\":\"ro-RO\"},{\"@type\":\"Person\",\"@id\":\"https:\\\/\\\/urbeamea.ro\\\/albaiulia\\\/#\\\/schema\\\/person\\\/5db3854ac38c1cc9f0ab4092d6a20f02\",\"name\":\"Giurca Sorin\",\"image\":{\"@type\":\"ImageObject\",\"inLanguage\":\"ro-RO\",\"@id\":\"https:\\\/\\\/secure.gravatar.com\\\/avatar\\\/120f6fcae7b3b47a7730cb9943f612f4909f68ac5284b5f40ac1c4615fd70576?s=96&d=mm&r=g\",\"url\":\"https:\\\/\\\/secure.gravatar.com\\\/avatar\\\/120f6fcae7b3b47a7730cb9943f612f4909f68ac5284b5f40ac1c4615fd70576?s=96&d=mm&r=g\",\"contentUrl\":\"https:\\\/\\\/secure.gravatar.com\\\/avatar\\\/120f6fcae7b3b47a7730cb9943f612f4909f68ac5284b5f40ac1c4615fd70576?s=96&d=mm&r=g\",\"caption\":\"Giurca Sorin\"},\"url\":\"https:\\\/\\\/urbeamea.ro\\\/albaiulia\\\/author\\\/sorin\\\/\"}]}<\/script>\n<!-- \/ Yoast SEO plugin. -->","yoast_head_json":{"title":"13-14 martie: Simpozion Na\u021bional de Martirologie: \u201d Eroinele: portrete feminine \u00een universul carceral \u0219i rezisten\u021ba anticomunist\u0103\u201d, la Muzeul Na\u021bional al Unirii \u0219i Facultatea de Teologie Ortodox\u0103 din Alba Iulia - Revista Urbea Mea - Revista de Alba","description":"Muzeul Na\u021bional al Unirii Alba Iulia, \u00een colaborare cu Arhiepiscopia Alba Iuliei, Facultatea de Teologie Ortodox\u0103 din cadrul Universit\u0103\u021bii \u201e1 Decembrie","robots":{"index":"index","follow":"follow","max-snippet":"max-snippet:-1","max-image-preview":"max-image-preview:large","max-video-preview":"max-video-preview:-1"},"canonical":"https:\/\/urbeamea.ro\/albaiulia\/13-14-martie-simpozion-national-de-martirologie-eroinele-portrete-feminine-in-universul-carceral-si-rezistenta-anticomunista-la-muzeul-national-al-unirii-si-facultatea-de-teolog\/","twitter_card":"summary_large_image","twitter_title":"13-14 martie: Simpozion Na\u021bional de Martirologie: \u201d Eroinele: portrete feminine \u00een universul carceral \u0219i rezisten\u021ba anticomunist\u0103\u201d, la Muzeul Na\u021bional al Unirii \u0219i Facultatea de Teologie Ortodox\u0103 din Alba Iulia - Revista Urbea Mea - Revista de Alba","twitter_description":"Muzeul Na\u021bional al Unirii Alba Iulia, \u00een colaborare cu Arhiepiscopia Alba Iuliei, Facultatea de Teologie Ortodox\u0103 din cadrul Universit\u0103\u021bii \u201e1 Decembrie","twitter_image":"https:\/\/urbeamea.ro\/albaiulia\/wp-content\/uploads\/2026\/03\/FB_IMG_1773379700633.jpg","twitter_creator":"@urbeameaweb","twitter_site":"@urbeameaweb","schema":{"@context":"https:\/\/schema.org","@graph":[{"@type":"Article","@id":"https:\/\/urbeamea.ro\/albaiulia\/13-14-martie-simpozion-national-de-martirologie-eroinele-portrete-feminine-in-universul-carceral-si-rezistenta-anticomunista-la-muzeul-national-al-unirii-si-facultatea-de-teolog\/#article","isPartOf":{"@id":"https:\/\/urbeamea.ro\/albaiulia\/13-14-martie-simpozion-national-de-martirologie-eroinele-portrete-feminine-in-universul-carceral-si-rezistenta-anticomunista-la-muzeul-national-al-unirii-si-facultatea-de-teolog\/"},"author":{"name":"Giurca Sorin","@id":"https:\/\/urbeamea.ro\/albaiulia\/#\/schema\/person\/5db3854ac38c1cc9f0ab4092d6a20f02"},"headline":"13-14 martie: Simpozion Na\u021bional de Martirologie: \u201d Eroinele: portrete feminine \u00een universul carceral \u0219i rezisten\u021ba anticomunist\u0103\u201d, la Muzeul Na\u021bional al Unirii \u0219i Facultatea de Teologie Ortodox\u0103 din Alba Iulia","datePublished":"2026-03-13T06:43:59+00:00","dateModified":"2026-03-13T06:44:02+00:00","mainEntityOfPage":{"@id":"https:\/\/urbeamea.ro\/albaiulia\/13-14-martie-simpozion-national-de-martirologie-eroinele-portrete-feminine-in-universul-carceral-si-rezistenta-anticomunista-la-muzeul-national-al-unirii-si-facultatea-de-teolog\/"},"wordCount":300,"commentCount":0,"image":{"@id":"https:\/\/urbeamea.ro\/albaiulia\/13-14-martie-simpozion-national-de-martirologie-eroinele-portrete-feminine-in-universul-carceral-si-rezistenta-anticomunista-la-muzeul-national-al-unirii-si-facultatea-de-teolog\/#primaryimage"},"thumbnailUrl":"https:\/\/urbeamea.ro\/albaiulia\/wp-content\/uploads\/2026\/03\/FB_IMG_1773379700633.jpg","keywords":["Muzeul Na\u021bional al Unirii","Simpozion na\u021bional de Martirologie"],"articleSection":["Actualitate","Cultur\u0103","Educa\u021bie","Evenimente","Istorie","Monden","Social","\u015etiri Urbane","Turism \u0219i Ghidaj turistic","Urbea Mea"],"inLanguage":"ro-RO","potentialAction":[{"@type":"CommentAction","name":"Comment","target":["https:\/\/urbeamea.ro\/albaiulia\/13-14-martie-simpozion-national-de-martirologie-eroinele-portrete-feminine-in-universul-carceral-si-rezistenta-anticomunista-la-muzeul-national-al-unirii-si-facultatea-de-teolog\/#respond"]}]},{"@type":"WebPage","@id":"https:\/\/urbeamea.ro\/albaiulia\/13-14-martie-simpozion-national-de-martirologie-eroinele-portrete-feminine-in-universul-carceral-si-rezistenta-anticomunista-la-muzeul-national-al-unirii-si-facultatea-de-teolog\/","url":"https:\/\/urbeamea.ro\/albaiulia\/13-14-martie-simpozion-national-de-martirologie-eroinele-portrete-feminine-in-universul-carceral-si-rezistenta-anticomunista-la-muzeul-national-al-unirii-si-facultatea-de-teolog\/","name":"13-14 martie: Simpozion Na\u021bional de Martirologie: \u201d Eroinele: portrete feminine \u00een universul carceral \u0219i rezisten\u021ba anticomunist\u0103\u201d, la Muzeul Na\u021bional al Unirii \u0219i Facultatea de Teologie Ortodox\u0103 din Alba Iulia - Revista Urbea Mea - Revista de Alba","isPartOf":{"@id":"https:\/\/urbeamea.ro\/albaiulia\/#website"},"primaryImageOfPage":{"@id":"https:\/\/urbeamea.ro\/albaiulia\/13-14-martie-simpozion-national-de-martirologie-eroinele-portrete-feminine-in-universul-carceral-si-rezistenta-anticomunista-la-muzeul-national-al-unirii-si-facultatea-de-teolog\/#primaryimage"},"image":{"@id":"https:\/\/urbeamea.ro\/albaiulia\/13-14-martie-simpozion-national-de-martirologie-eroinele-portrete-feminine-in-universul-carceral-si-rezistenta-anticomunista-la-muzeul-national-al-unirii-si-facultatea-de-teolog\/#primaryimage"},"thumbnailUrl":"https:\/\/urbeamea.ro\/albaiulia\/wp-content\/uploads\/2026\/03\/FB_IMG_1773379700633.jpg","datePublished":"2026-03-13T06:43:59+00:00","dateModified":"2026-03-13T06:44:02+00:00","author":{"@id":"https:\/\/urbeamea.ro\/albaiulia\/#\/schema\/person\/5db3854ac38c1cc9f0ab4092d6a20f02"},"description":"Muzeul Na\u021bional al Unirii Alba Iulia, \u00een colaborare cu Arhiepiscopia Alba Iuliei, Facultatea de Teologie Ortodox\u0103 din cadrul Universit\u0103\u021bii \u201e1 Decembrie","breadcrumb":{"@id":"https:\/\/urbeamea.ro\/albaiulia\/13-14-martie-simpozion-national-de-martirologie-eroinele-portrete-feminine-in-universul-carceral-si-rezistenta-anticomunista-la-muzeul-national-al-unirii-si-facultatea-de-teolog\/#breadcrumb"},"inLanguage":"ro-RO","potentialAction":[{"@type":"ReadAction","target":["https:\/\/urbeamea.ro\/albaiulia\/13-14-martie-simpozion-national-de-martirologie-eroinele-portrete-feminine-in-universul-carceral-si-rezistenta-anticomunista-la-muzeul-national-al-unirii-si-facultatea-de-teolog\/"]}]},{"@type":"ImageObject","inLanguage":"ro-RO","@id":"https:\/\/urbeamea.ro\/albaiulia\/13-14-martie-simpozion-national-de-martirologie-eroinele-portrete-feminine-in-universul-carceral-si-rezistenta-anticomunista-la-muzeul-national-al-unirii-si-facultatea-de-teolog\/#primaryimage","url":"https:\/\/urbeamea.ro\/albaiulia\/wp-content\/uploads\/2026\/03\/FB_IMG_1773379700633.jpg","contentUrl":"https:\/\/urbeamea.ro\/albaiulia\/wp-content\/uploads\/2026\/03\/FB_IMG_1773379700633.jpg","width":1414,"height":2000},{"@type":"BreadcrumbList","@id":"https:\/\/urbeamea.ro\/albaiulia\/13-14-martie-simpozion-national-de-martirologie-eroinele-portrete-feminine-in-universul-carceral-si-rezistenta-anticomunista-la-muzeul-national-al-unirii-si-facultatea-de-teolog\/#breadcrumb","itemListElement":[{"@type":"ListItem","position":1,"name":"Prima pagin\u0103","item":"https:\/\/urbeamea.ro\/albaiulia\/"},{"@type":"ListItem","position":2,"name":"13-14 martie: Simpozion Na\u021bional de Martirologie: \u201d Eroinele: portrete feminine \u00een universul carceral \u0219i rezisten\u021ba anticomunist\u0103\u201d, la Muzeul Na\u021bional al Unirii \u0219i Facultatea de Teologie Ortodox\u0103 din Alba Iulia"}]},{"@type":"WebSite","@id":"https:\/\/urbeamea.ro\/albaiulia\/#website","url":"https:\/\/urbeamea.ro\/albaiulia\/","name":"Revista Urbea Mea, Stiri urbane","description":"Evenimente \u0219i \u0219tiri din Alba Iulia, Sebe\u0219, Aiud, Blaj","potentialAction":[{"@type":"SearchAction","target":{"@type":"EntryPoint","urlTemplate":"https:\/\/urbeamea.ro\/albaiulia\/?s={search_term_string}"},"query-input":{"@type":"PropertyValueSpecification","valueRequired":true,"valueName":"search_term_string"}}],"inLanguage":"ro-RO"},{"@type":"Person","@id":"https:\/\/urbeamea.ro\/albaiulia\/#\/schema\/person\/5db3854ac38c1cc9f0ab4092d6a20f02","name":"Giurca Sorin","image":{"@type":"ImageObject","inLanguage":"ro-RO","@id":"https:\/\/secure.gravatar.com\/avatar\/120f6fcae7b3b47a7730cb9943f612f4909f68ac5284b5f40ac1c4615fd70576?s=96&d=mm&r=g","url":"https:\/\/secure.gravatar.com\/avatar\/120f6fcae7b3b47a7730cb9943f612f4909f68ac5284b5f40ac1c4615fd70576?s=96&d=mm&r=g","contentUrl":"https:\/\/secure.gravatar.com\/avatar\/120f6fcae7b3b47a7730cb9943f612f4909f68ac5284b5f40ac1c4615fd70576?s=96&d=mm&r=g","caption":"Giurca Sorin"},"url":"https:\/\/urbeamea.ro\/albaiulia\/author\/sorin\/"}]}},"_links":{"self":[{"href":"https:\/\/urbeamea.ro\/albaiulia\/wp-json\/wp\/v2\/posts\/121706","targetHints":{"allow":["GET"]}}],"collection":[{"href":"https:\/\/urbeamea.ro\/albaiulia\/wp-json\/wp\/v2\/posts"}],"about":[{"href":"https:\/\/urbeamea.ro\/albaiulia\/wp-json\/wp\/v2\/types\/post"}],"author":[{"embeddable":true,"href":"https:\/\/urbeamea.ro\/albaiulia\/wp-json\/wp\/v2\/users\/28"}],"replies":[{"embeddable":true,"href":"https:\/\/urbeamea.ro\/albaiulia\/wp-json\/wp\/v2\/comments?post=121706"}],"version-history":[{"count":1,"href":"https:\/\/urbeamea.ro\/albaiulia\/wp-json\/wp\/v2\/posts\/121706\/revisions"}],"predecessor-version":[{"id":121710,"href":"https:\/\/urbeamea.ro\/albaiulia\/wp-json\/wp\/v2\/posts\/121706\/revisions\/121710"}],"wp:featuredmedia":[{"embeddable":true,"href":"https:\/\/urbeamea.ro\/albaiulia\/wp-json\/wp\/v2\/media\/121707"}],"wp:attachment":[{"href":"https:\/\/urbeamea.ro\/albaiulia\/wp-json\/wp\/v2\/media?parent=121706"}],"wp:term":[{"taxonomy":"category","embeddable":true,"href":"https:\/\/urbeamea.ro\/albaiulia\/wp-json\/wp\/v2\/categories?post=121706"},{"taxonomy":"post_tag","embeddable":true,"href":"https:\/\/urbeamea.ro\/albaiulia\/wp-json\/wp\/v2\/tags?post=121706"}],"curies":[{"name":"wp","href":"https:\/\/api.w.org\/{rel}","templated":true}]}}