{"id":121714,"date":"2026-03-15T14:02:42","date_gmt":"2026-03-15T12:02:42","guid":{"rendered":"https:\/\/urbeamea.ro\/albaiulia\/?p=121714"},"modified":"2026-03-15T14:02:45","modified_gmt":"2026-03-15T12:02:45","slug":"atleta-larisa-ardelean-cs-unirea-alba-iulia-locul-4-la-campionatul-balcanic-de-mars-din-turcia","status":"publish","type":"post","link":"https:\/\/urbeamea.ro\/albaiulia\/atleta-larisa-ardelean-cs-unirea-alba-iulia-locul-4-la-campionatul-balcanic-de-mars-din-turcia\/","title":{"rendered":"Atleta Larisa Ardelean (CS Unirea Alba Iulia), locul 4 la Campionatul Balcanic de mar\u0219 din Turcia"},"content":{"rendered":"\n<p><strong>Larisa Ardean, sportiv\u0103 cu dubl\u0103 legitimare la CS Unirea Alba Iulia \u0219i LPS Alba Iulia, a ob\u021binut locul 4 la Campionatul Balcanic de mar\u0219 desf\u0103\u0219urat la Izmir, \u00een Turcia, s\u00e2mb\u0103t\u0103, 14 martie.<\/strong><\/p>\n\n\n\n<p>\u00cen v\u00e2rst\u0103 de 16 ani, Larisa Ardean a concurat la categoria Under 18, \u00een proba de 5 kilometri mar\u0219, pe care a \u00eencheiat-o cu timpul de 24:03, acesta reprezent\u00e2nd un nou record personal pentru t\u00e2n\u0103ra sportiv\u0103.<\/p>\n\n\n\n<p>Larisa este preg\u0103tit\u0103 de antrenorul Gabriel Avram \u0219i vine dup\u0103 rezultate foarte bune pe plan na\u021bional: medalie de aur \u00een proba de 3.000 m mar\u0219 la Campionatul Na\u021bional de Sal\u0103 U20 \u0219i medalie de aur \u00een proba de 3.000 m mar\u0219 din cadrul Campionatelor Na\u021bionale de Atletism.<\/p>\n\n\n\n<p>Rezultatul ob\u021binut la Izmir, unde a concurat al\u0103turi de cele mai bune sportive din zona balcanic\u0103, confirm\u0103 seriozitatea, disciplina \u0219i perseveren\u021ba Larisei, precum \u0219i forma sportiv\u0103 foarte bun\u0103 \u00een care se afl\u0103.<\/p>\n\n\n\n<p>Ea a fost foarte aproape de o medalie, la prima sa participare \u00eentr-o competi\u021bie interna\u021bional\u0103.<\/p>\n\n\n\n<p>CS Unirea Alba Iulia transmite felicit\u0103ri sportivei \u0219i antrenorului s\u0103u \u0219i le ureaz\u0103 mult succes la viitoarele competi\u021bii.<\/p>\n\n\n\n<figure class=\"wp-block-image size-full\"><img loading=\"lazy\" decoding=\"async\" width=\"720\" height=\"960\" src=\"https:\/\/urbeamea.ro\/albaiulia\/wp-content\/uploads\/2026\/03\/FB_IMG_1773575822005.jpg\" alt=\"\" class=\"wp-image-121715\" srcset=\"https:\/\/urbeamea.ro\/albaiulia\/wp-content\/uploads\/2026\/03\/FB_IMG_1773575822005.jpg 720w, https:\/\/urbeamea.ro\/albaiulia\/wp-content\/uploads\/2026\/03\/FB_IMG_1773575822005-480x640.jpg 480w, https:\/\/urbeamea.ro\/albaiulia\/wp-content\/uploads\/2026\/03\/FB_IMG_1773575822005-113x150.jpg 113w\" sizes=\"auto, (max-width: 720px) 100vw, 720px\" \/><\/figure>\n\n\n\n<p><\/p>\n","protected":false},"excerpt":{"rendered":"<p>Larisa Ardean, sportiv\u0103 cu dubl\u0103 legitimare la CS Unirea Alba Iulia \u0219i LPS Alba Iulia, a ob\u021binut locul 4 la Campionatul Balcanic de mar\u0219 desf\u0103\u0219urat la Izmir, \u00een Turcia, s\u00e2mb\u0103t\u0103, 14 martie. \u00cen v\u00e2rst\u0103 de 16 ani, Larisa Ardean a concurat la categoria Under 18, \u00een proba de 5 kilometri mar\u0219, pe care a \u00eencheiat-o &hellip;<\/p>\n","protected":false},"author":28,"featured_media":121715,"comment_status":"open","ping_status":"open","sticky":false,"template":"","format":"standard","meta":{"inline_featured_image":false,"footnotes":""},"categories":[23926,4,2034,2037,1,16344],"tags":[5050,25545],"class_list":["post-121714","post","type-post","status-publish","format-standard","has-post-thumbnail","hentry","category-actualitate","category-eveniment","category-social","category-sport","category-stiri-urbane","category-urbea-mea","tag-cs-unirea-alba-iulia","tag-larisa-ardean"],"yoast_head":"<!-- This site is optimized with the Yoast SEO plugin v27.4 - https:\/\/yoast.com\/product\/yoast-seo-wordpress\/ -->\n<title>Atleta Larisa Ardelean (CS Unirea Alba Iulia), locul 4 la Campionatul Balcanic de mar\u0219 din Turcia - Revista Urbea Mea - Revista de Alba<\/title>\n<meta name=\"description\" content=\"Larisa Ardean, sportiv\u0103 cu dubl\u0103 legitimare la CS Unirea Alba Iulia \u0219i LPS Alba Iulia, a ob\u021binut locul 4 la Campionatul Balcanic de mar\u0219 desf\u0103\u0219urat la\" \/>\n<meta name=\"robots\" content=\"index, follow, max-snippet:-1, max-image-preview:large, max-video-preview:-1\" \/>\n<link rel=\"canonical\" href=\"https:\/\/urbeamea.ro\/albaiulia\/atleta-larisa-ardelean-cs-unirea-alba-iulia-locul-4-la-campionatul-balcanic-de-mars-din-turcia\/\" \/>\n<meta name=\"twitter:card\" content=\"summary_large_image\" \/>\n<meta name=\"twitter:title\" content=\"Atleta Larisa Ardelean (CS Unirea Alba Iulia), locul 4 la Campionatul Balcanic de mar\u0219 din Turcia - Revista Urbea Mea - Revista de Alba\" \/>\n<meta name=\"twitter:description\" content=\"Larisa Ardean, sportiv\u0103 cu dubl\u0103 legitimare la CS Unirea Alba Iulia \u0219i LPS Alba Iulia, a ob\u021binut locul 4 la Campionatul Balcanic de mar\u0219 desf\u0103\u0219urat la\" \/>\n<meta name=\"twitter:image\" content=\"https:\/\/urbeamea.ro\/albaiulia\/wp-content\/uploads\/2026\/03\/FB_IMG_1773575822005.jpg\" \/>\n<meta name=\"twitter:creator\" content=\"@urbeameaweb\" \/>\n<meta name=\"twitter:site\" content=\"@urbeameaweb\" \/>\n<script type=\"application\/ld+json\" class=\"yoast-schema-graph\">{\"@context\":\"https:\\\/\\\/schema.org\",\"@graph\":[{\"@type\":\"Article\",\"@id\":\"https:\\\/\\\/urbeamea.ro\\\/albaiulia\\\/atleta-larisa-ardelean-cs-unirea-alba-iulia-locul-4-la-campionatul-balcanic-de-mars-din-turcia\\\/#article\",\"isPartOf\":{\"@id\":\"https:\\\/\\\/urbeamea.ro\\\/albaiulia\\\/atleta-larisa-ardelean-cs-unirea-alba-iulia-locul-4-la-campionatul-balcanic-de-mars-din-turcia\\\/\"},\"author\":{\"name\":\"Giurca Sorin\",\"@id\":\"https:\\\/\\\/urbeamea.ro\\\/albaiulia\\\/#\\\/schema\\\/person\\\/5db3854ac38c1cc9f0ab4092d6a20f02\"},\"headline\":\"Atleta Larisa Ardelean (CS Unirea Alba Iulia), locul 4 la Campionatul Balcanic de mar\u0219 din Turcia\",\"datePublished\":\"2026-03-15T12:02:42+00:00\",\"dateModified\":\"2026-03-15T12:02:45+00:00\",\"mainEntityOfPage\":{\"@id\":\"https:\\\/\\\/urbeamea.ro\\\/albaiulia\\\/atleta-larisa-ardelean-cs-unirea-alba-iulia-locul-4-la-campionatul-balcanic-de-mars-din-turcia\\\/\"},\"wordCount\":207,\"commentCount\":0,\"image\":{\"@id\":\"https:\\\/\\\/urbeamea.ro\\\/albaiulia\\\/atleta-larisa-ardelean-cs-unirea-alba-iulia-locul-4-la-campionatul-balcanic-de-mars-din-turcia\\\/#primaryimage\"},\"thumbnailUrl\":\"https:\\\/\\\/urbeamea.ro\\\/albaiulia\\\/wp-content\\\/uploads\\\/2026\\\/03\\\/FB_IMG_1773575822005.jpg\",\"keywords\":[\"CS Unirea Alba IULIA\",\"Larisa Ardean\"],\"articleSection\":[\"Actualitate\",\"Evenimente\",\"Social\",\"Sport\",\"\u015etiri Urbane\",\"Urbea Mea\"],\"inLanguage\":\"ro-RO\",\"potentialAction\":[{\"@type\":\"CommentAction\",\"name\":\"Comment\",\"target\":[\"https:\\\/\\\/urbeamea.ro\\\/albaiulia\\\/atleta-larisa-ardelean-cs-unirea-alba-iulia-locul-4-la-campionatul-balcanic-de-mars-din-turcia\\\/#respond\"]}]},{\"@type\":\"WebPage\",\"@id\":\"https:\\\/\\\/urbeamea.ro\\\/albaiulia\\\/atleta-larisa-ardelean-cs-unirea-alba-iulia-locul-4-la-campionatul-balcanic-de-mars-din-turcia\\\/\",\"url\":\"https:\\\/\\\/urbeamea.ro\\\/albaiulia\\\/atleta-larisa-ardelean-cs-unirea-alba-iulia-locul-4-la-campionatul-balcanic-de-mars-din-turcia\\\/\",\"name\":\"Atleta Larisa Ardelean (CS Unirea Alba Iulia), locul 4 la Campionatul Balcanic de mar\u0219 din Turcia - Revista Urbea Mea - Revista de Alba\",\"isPartOf\":{\"@id\":\"https:\\\/\\\/urbeamea.ro\\\/albaiulia\\\/#website\"},\"primaryImageOfPage\":{\"@id\":\"https:\\\/\\\/urbeamea.ro\\\/albaiulia\\\/atleta-larisa-ardelean-cs-unirea-alba-iulia-locul-4-la-campionatul-balcanic-de-mars-din-turcia\\\/#primaryimage\"},\"image\":{\"@id\":\"https:\\\/\\\/urbeamea.ro\\\/albaiulia\\\/atleta-larisa-ardelean-cs-unirea-alba-iulia-locul-4-la-campionatul-balcanic-de-mars-din-turcia\\\/#primaryimage\"},\"thumbnailUrl\":\"https:\\\/\\\/urbeamea.ro\\\/albaiulia\\\/wp-content\\\/uploads\\\/2026\\\/03\\\/FB_IMG_1773575822005.jpg\",\"datePublished\":\"2026-03-15T12:02:42+00:00\",\"dateModified\":\"2026-03-15T12:02:45+00:00\",\"author\":{\"@id\":\"https:\\\/\\\/urbeamea.ro\\\/albaiulia\\\/#\\\/schema\\\/person\\\/5db3854ac38c1cc9f0ab4092d6a20f02\"},\"description\":\"Larisa Ardean, sportiv\u0103 cu dubl\u0103 legitimare la CS Unirea Alba Iulia \u0219i LPS Alba Iulia, a ob\u021binut locul 4 la Campionatul Balcanic de mar\u0219 desf\u0103\u0219urat la\",\"breadcrumb\":{\"@id\":\"https:\\\/\\\/urbeamea.ro\\\/albaiulia\\\/atleta-larisa-ardelean-cs-unirea-alba-iulia-locul-4-la-campionatul-balcanic-de-mars-din-turcia\\\/#breadcrumb\"},\"inLanguage\":\"ro-RO\",\"potentialAction\":[{\"@type\":\"ReadAction\",\"target\":[\"https:\\\/\\\/urbeamea.ro\\\/albaiulia\\\/atleta-larisa-ardelean-cs-unirea-alba-iulia-locul-4-la-campionatul-balcanic-de-mars-din-turcia\\\/\"]}]},{\"@type\":\"ImageObject\",\"inLanguage\":\"ro-RO\",\"@id\":\"https:\\\/\\\/urbeamea.ro\\\/albaiulia\\\/atleta-larisa-ardelean-cs-unirea-alba-iulia-locul-4-la-campionatul-balcanic-de-mars-din-turcia\\\/#primaryimage\",\"url\":\"https:\\\/\\\/urbeamea.ro\\\/albaiulia\\\/wp-content\\\/uploads\\\/2026\\\/03\\\/FB_IMG_1773575822005.jpg\",\"contentUrl\":\"https:\\\/\\\/urbeamea.ro\\\/albaiulia\\\/wp-content\\\/uploads\\\/2026\\\/03\\\/FB_IMG_1773575822005.jpg\",\"width\":720,\"height\":960},{\"@type\":\"BreadcrumbList\",\"@id\":\"https:\\\/\\\/urbeamea.ro\\\/albaiulia\\\/atleta-larisa-ardelean-cs-unirea-alba-iulia-locul-4-la-campionatul-balcanic-de-mars-din-turcia\\\/#breadcrumb\",\"itemListElement\":[{\"@type\":\"ListItem\",\"position\":1,\"name\":\"Prima pagin\u0103\",\"item\":\"https:\\\/\\\/urbeamea.ro\\\/albaiulia\\\/\"},{\"@type\":\"ListItem\",\"position\":2,\"name\":\"Atleta Larisa Ardelean (CS Unirea Alba Iulia), locul 4 la Campionatul Balcanic de mar\u0219 din Turcia\"}]},{\"@type\":\"WebSite\",\"@id\":\"https:\\\/\\\/urbeamea.ro\\\/albaiulia\\\/#website\",\"url\":\"https:\\\/\\\/urbeamea.ro\\\/albaiulia\\\/\",\"name\":\"Revista Urbea Mea, Stiri urbane\",\"description\":\"Evenimente \u0219i \u0219tiri din Alba Iulia, Sebe\u0219, Aiud, Blaj\",\"potentialAction\":[{\"@type\":\"SearchAction\",\"target\":{\"@type\":\"EntryPoint\",\"urlTemplate\":\"https:\\\/\\\/urbeamea.ro\\\/albaiulia\\\/?s={search_term_string}\"},\"query-input\":{\"@type\":\"PropertyValueSpecification\",\"valueRequired\":true,\"valueName\":\"search_term_string\"}}],\"inLanguage\":\"ro-RO\"},{\"@type\":\"Person\",\"@id\":\"https:\\\/\\\/urbeamea.ro\\\/albaiulia\\\/#\\\/schema\\\/person\\\/5db3854ac38c1cc9f0ab4092d6a20f02\",\"name\":\"Giurca Sorin\",\"image\":{\"@type\":\"ImageObject\",\"inLanguage\":\"ro-RO\",\"@id\":\"https:\\\/\\\/secure.gravatar.com\\\/avatar\\\/120f6fcae7b3b47a7730cb9943f612f4909f68ac5284b5f40ac1c4615fd70576?s=96&d=mm&r=g\",\"url\":\"https:\\\/\\\/secure.gravatar.com\\\/avatar\\\/120f6fcae7b3b47a7730cb9943f612f4909f68ac5284b5f40ac1c4615fd70576?s=96&d=mm&r=g\",\"contentUrl\":\"https:\\\/\\\/secure.gravatar.com\\\/avatar\\\/120f6fcae7b3b47a7730cb9943f612f4909f68ac5284b5f40ac1c4615fd70576?s=96&d=mm&r=g\",\"caption\":\"Giurca Sorin\"},\"url\":\"https:\\\/\\\/urbeamea.ro\\\/albaiulia\\\/author\\\/sorin\\\/\"}]}<\/script>\n<!-- \/ Yoast SEO plugin. -->","yoast_head_json":{"title":"Atleta Larisa Ardelean (CS Unirea Alba Iulia), locul 4 la Campionatul Balcanic de mar\u0219 din Turcia - Revista Urbea Mea - Revista de Alba","description":"Larisa Ardean, sportiv\u0103 cu dubl\u0103 legitimare la CS Unirea Alba Iulia \u0219i LPS Alba Iulia, a ob\u021binut locul 4 la Campionatul Balcanic de mar\u0219 desf\u0103\u0219urat la","robots":{"index":"index","follow":"follow","max-snippet":"max-snippet:-1","max-image-preview":"max-image-preview:large","max-video-preview":"max-video-preview:-1"},"canonical":"https:\/\/urbeamea.ro\/albaiulia\/atleta-larisa-ardelean-cs-unirea-alba-iulia-locul-4-la-campionatul-balcanic-de-mars-din-turcia\/","twitter_card":"summary_large_image","twitter_title":"Atleta Larisa Ardelean (CS Unirea Alba Iulia), locul 4 la Campionatul Balcanic de mar\u0219 din Turcia - Revista Urbea Mea - Revista de Alba","twitter_description":"Larisa Ardean, sportiv\u0103 cu dubl\u0103 legitimare la CS Unirea Alba Iulia \u0219i LPS Alba Iulia, a ob\u021binut locul 4 la Campionatul Balcanic de mar\u0219 desf\u0103\u0219urat la","twitter_image":"https:\/\/urbeamea.ro\/albaiulia\/wp-content\/uploads\/2026\/03\/FB_IMG_1773575822005.jpg","twitter_creator":"@urbeameaweb","twitter_site":"@urbeameaweb","schema":{"@context":"https:\/\/schema.org","@graph":[{"@type":"Article","@id":"https:\/\/urbeamea.ro\/albaiulia\/atleta-larisa-ardelean-cs-unirea-alba-iulia-locul-4-la-campionatul-balcanic-de-mars-din-turcia\/#article","isPartOf":{"@id":"https:\/\/urbeamea.ro\/albaiulia\/atleta-larisa-ardelean-cs-unirea-alba-iulia-locul-4-la-campionatul-balcanic-de-mars-din-turcia\/"},"author":{"name":"Giurca Sorin","@id":"https:\/\/urbeamea.ro\/albaiulia\/#\/schema\/person\/5db3854ac38c1cc9f0ab4092d6a20f02"},"headline":"Atleta Larisa Ardelean (CS Unirea Alba Iulia), locul 4 la Campionatul Balcanic de mar\u0219 din Turcia","datePublished":"2026-03-15T12:02:42+00:00","dateModified":"2026-03-15T12:02:45+00:00","mainEntityOfPage":{"@id":"https:\/\/urbeamea.ro\/albaiulia\/atleta-larisa-ardelean-cs-unirea-alba-iulia-locul-4-la-campionatul-balcanic-de-mars-din-turcia\/"},"wordCount":207,"commentCount":0,"image":{"@id":"https:\/\/urbeamea.ro\/albaiulia\/atleta-larisa-ardelean-cs-unirea-alba-iulia-locul-4-la-campionatul-balcanic-de-mars-din-turcia\/#primaryimage"},"thumbnailUrl":"https:\/\/urbeamea.ro\/albaiulia\/wp-content\/uploads\/2026\/03\/FB_IMG_1773575822005.jpg","keywords":["CS Unirea Alba IULIA","Larisa Ardean"],"articleSection":["Actualitate","Evenimente","Social","Sport","\u015etiri Urbane","Urbea Mea"],"inLanguage":"ro-RO","potentialAction":[{"@type":"CommentAction","name":"Comment","target":["https:\/\/urbeamea.ro\/albaiulia\/atleta-larisa-ardelean-cs-unirea-alba-iulia-locul-4-la-campionatul-balcanic-de-mars-din-turcia\/#respond"]}]},{"@type":"WebPage","@id":"https:\/\/urbeamea.ro\/albaiulia\/atleta-larisa-ardelean-cs-unirea-alba-iulia-locul-4-la-campionatul-balcanic-de-mars-din-turcia\/","url":"https:\/\/urbeamea.ro\/albaiulia\/atleta-larisa-ardelean-cs-unirea-alba-iulia-locul-4-la-campionatul-balcanic-de-mars-din-turcia\/","name":"Atleta Larisa Ardelean (CS Unirea Alba Iulia), locul 4 la Campionatul Balcanic de mar\u0219 din Turcia - Revista Urbea Mea - Revista de Alba","isPartOf":{"@id":"https:\/\/urbeamea.ro\/albaiulia\/#website"},"primaryImageOfPage":{"@id":"https:\/\/urbeamea.ro\/albaiulia\/atleta-larisa-ardelean-cs-unirea-alba-iulia-locul-4-la-campionatul-balcanic-de-mars-din-turcia\/#primaryimage"},"image":{"@id":"https:\/\/urbeamea.ro\/albaiulia\/atleta-larisa-ardelean-cs-unirea-alba-iulia-locul-4-la-campionatul-balcanic-de-mars-din-turcia\/#primaryimage"},"thumbnailUrl":"https:\/\/urbeamea.ro\/albaiulia\/wp-content\/uploads\/2026\/03\/FB_IMG_1773575822005.jpg","datePublished":"2026-03-15T12:02:42+00:00","dateModified":"2026-03-15T12:02:45+00:00","author":{"@id":"https:\/\/urbeamea.ro\/albaiulia\/#\/schema\/person\/5db3854ac38c1cc9f0ab4092d6a20f02"},"description":"Larisa Ardean, sportiv\u0103 cu dubl\u0103 legitimare la CS Unirea Alba Iulia \u0219i LPS Alba Iulia, a ob\u021binut locul 4 la Campionatul Balcanic de mar\u0219 desf\u0103\u0219urat la","breadcrumb":{"@id":"https:\/\/urbeamea.ro\/albaiulia\/atleta-larisa-ardelean-cs-unirea-alba-iulia-locul-4-la-campionatul-balcanic-de-mars-din-turcia\/#breadcrumb"},"inLanguage":"ro-RO","potentialAction":[{"@type":"ReadAction","target":["https:\/\/urbeamea.ro\/albaiulia\/atleta-larisa-ardelean-cs-unirea-alba-iulia-locul-4-la-campionatul-balcanic-de-mars-din-turcia\/"]}]},{"@type":"ImageObject","inLanguage":"ro-RO","@id":"https:\/\/urbeamea.ro\/albaiulia\/atleta-larisa-ardelean-cs-unirea-alba-iulia-locul-4-la-campionatul-balcanic-de-mars-din-turcia\/#primaryimage","url":"https:\/\/urbeamea.ro\/albaiulia\/wp-content\/uploads\/2026\/03\/FB_IMG_1773575822005.jpg","contentUrl":"https:\/\/urbeamea.ro\/albaiulia\/wp-content\/uploads\/2026\/03\/FB_IMG_1773575822005.jpg","width":720,"height":960},{"@type":"BreadcrumbList","@id":"https:\/\/urbeamea.ro\/albaiulia\/atleta-larisa-ardelean-cs-unirea-alba-iulia-locul-4-la-campionatul-balcanic-de-mars-din-turcia\/#breadcrumb","itemListElement":[{"@type":"ListItem","position":1,"name":"Prima pagin\u0103","item":"https:\/\/urbeamea.ro\/albaiulia\/"},{"@type":"ListItem","position":2,"name":"Atleta Larisa Ardelean (CS Unirea Alba Iulia), locul 4 la Campionatul Balcanic de mar\u0219 din Turcia"}]},{"@type":"WebSite","@id":"https:\/\/urbeamea.ro\/albaiulia\/#website","url":"https:\/\/urbeamea.ro\/albaiulia\/","name":"Revista Urbea Mea, Stiri urbane","description":"Evenimente \u0219i \u0219tiri din Alba Iulia, Sebe\u0219, Aiud, Blaj","potentialAction":[{"@type":"SearchAction","target":{"@type":"EntryPoint","urlTemplate":"https:\/\/urbeamea.ro\/albaiulia\/?s={search_term_string}"},"query-input":{"@type":"PropertyValueSpecification","valueRequired":true,"valueName":"search_term_string"}}],"inLanguage":"ro-RO"},{"@type":"Person","@id":"https:\/\/urbeamea.ro\/albaiulia\/#\/schema\/person\/5db3854ac38c1cc9f0ab4092d6a20f02","name":"Giurca Sorin","image":{"@type":"ImageObject","inLanguage":"ro-RO","@id":"https:\/\/secure.gravatar.com\/avatar\/120f6fcae7b3b47a7730cb9943f612f4909f68ac5284b5f40ac1c4615fd70576?s=96&d=mm&r=g","url":"https:\/\/secure.gravatar.com\/avatar\/120f6fcae7b3b47a7730cb9943f612f4909f68ac5284b5f40ac1c4615fd70576?s=96&d=mm&r=g","contentUrl":"https:\/\/secure.gravatar.com\/avatar\/120f6fcae7b3b47a7730cb9943f612f4909f68ac5284b5f40ac1c4615fd70576?s=96&d=mm&r=g","caption":"Giurca Sorin"},"url":"https:\/\/urbeamea.ro\/albaiulia\/author\/sorin\/"}]}},"_links":{"self":[{"href":"https:\/\/urbeamea.ro\/albaiulia\/wp-json\/wp\/v2\/posts\/121714","targetHints":{"allow":["GET"]}}],"collection":[{"href":"https:\/\/urbeamea.ro\/albaiulia\/wp-json\/wp\/v2\/posts"}],"about":[{"href":"https:\/\/urbeamea.ro\/albaiulia\/wp-json\/wp\/v2\/types\/post"}],"author":[{"embeddable":true,"href":"https:\/\/urbeamea.ro\/albaiulia\/wp-json\/wp\/v2\/users\/28"}],"replies":[{"embeddable":true,"href":"https:\/\/urbeamea.ro\/albaiulia\/wp-json\/wp\/v2\/comments?post=121714"}],"version-history":[{"count":1,"href":"https:\/\/urbeamea.ro\/albaiulia\/wp-json\/wp\/v2\/posts\/121714\/revisions"}],"predecessor-version":[{"id":121716,"href":"https:\/\/urbeamea.ro\/albaiulia\/wp-json\/wp\/v2\/posts\/121714\/revisions\/121716"}],"wp:featuredmedia":[{"embeddable":true,"href":"https:\/\/urbeamea.ro\/albaiulia\/wp-json\/wp\/v2\/media\/121715"}],"wp:attachment":[{"href":"https:\/\/urbeamea.ro\/albaiulia\/wp-json\/wp\/v2\/media?parent=121714"}],"wp:term":[{"taxonomy":"category","embeddable":true,"href":"https:\/\/urbeamea.ro\/albaiulia\/wp-json\/wp\/v2\/categories?post=121714"},{"taxonomy":"post_tag","embeddable":true,"href":"https:\/\/urbeamea.ro\/albaiulia\/wp-json\/wp\/v2\/tags?post=121714"}],"curies":[{"name":"wp","href":"https:\/\/api.w.org\/{rel}","templated":true}]}}