{"id":121749,"date":"2026-03-20T07:46:07","date_gmt":"2026-03-20T05:46:07","guid":{"rendered":"https:\/\/urbeamea.ro\/albaiulia\/?p=121749"},"modified":"2026-03-20T07:46:10","modified_gmt":"2026-03-20T05:46:10","slug":"astazi-festivalul-concurs-echos-francais-dans-notre-ville-pe-scena-centrului-cultural-lucian-blaga-sebes","status":"publish","type":"post","link":"https:\/\/urbeamea.ro\/albaiulia\/astazi-festivalul-concurs-echos-francais-dans-notre-ville-pe-scena-centrului-cultural-lucian-blaga-sebes\/","title":{"rendered":"Ast\u0103zi: Festivalul -concurs \u201eEchos fran\u00e7ais dans notre ville\u201d, pe scena Centrului Cultural \u201eLucian Blaga\u201d Sebe\u0219"},"content":{"rendered":"\n<p><strong>Ast\u0103zi, 20 martie, pe scena Centrului Cultural \u201eLucian Blaga\u201d din Sebe\u0219, va avea loc Festivalul -concurs \u201eEchos fran\u00e7ais dans notre ville\u201d.<\/strong><\/p>\n\n\n\n<p>Acesta va aduce \u00eempreun\u0103 elevi, profesori \u0219i comunitatea local\u0103 pentru a celebra farmecul limbii franceze \u0219i bog\u0103\u021bia culturii francofone. Inspirat de pasiunea copiilor pentru art\u0103, muzic\u0103 \u0219i teatru, proiectul propune o \u00eent\u00e2lnire vie \u00eentre limb\u0103 \u0219i expresie artistic\u0103, \u00eentr-un cadru modern \u0219i deschis colabor\u0103rii.<\/p>\n\n\n\n<p>Edi\u021bia din acest an reune\u0219te cinci \u0219coli din jude\u021bul Alba, aproximativ 150 de elevi, p\u0103rin\u021bi ai acestora \u0219i reprezentan\u021bi ai comunit\u0103\u021bii locale, care descoper\u0103 franceza \u00een contexte autentice, dincolo de sala de clas\u0103.Organizatori: Liceul cu Program Sportiv \u201eFlorin Fle\u0219eriu\u201d Sebe\u0219 \u0219i \u0218coala Gimnazial\u0103 S\u0103sciori-structura Loman.<\/p>\n\n\n\n<p>Participan\u021bi invita\u021bi: \u0218coala Gimnazial\u0103 \u201eAvram Iancu\u201d Alba Iulia, \u0218coala Gimnazial\u0103 S\u0103sciori \u0219i Liceul Tehnologic \u201eAlexandru Dom\u0219a\u201d Alba Iulia.<\/p>\n\n\n\n<p><\/p>\n\n\n\n<p>Evenimentul este sprijinit de Prim\u0103ria Municipiului Sebe\u0219 \u0219i Centrul Cultural \u201eLucian Blaga\u201d Sebe\u0219.<\/p>\n\n\n\n<figure class=\"wp-block-image size-large\"><img loading=\"lazy\" decoding=\"async\" width=\"948\" height=\"1280\" src=\"https:\/\/urbeamea.ro\/albaiulia\/wp-content\/uploads\/2026\/03\/FB_IMG_1773985083258-948x1280.jpg\" alt=\"\" class=\"wp-image-121750\" srcset=\"https:\/\/urbeamea.ro\/albaiulia\/wp-content\/uploads\/2026\/03\/FB_IMG_1773985083258-948x1280.jpg 948w, https:\/\/urbeamea.ro\/albaiulia\/wp-content\/uploads\/2026\/03\/FB_IMG_1773985083258-474x640.jpg 474w, https:\/\/urbeamea.ro\/albaiulia\/wp-content\/uploads\/2026\/03\/FB_IMG_1773985083258-111x150.jpg 111w, https:\/\/urbeamea.ro\/albaiulia\/wp-content\/uploads\/2026\/03\/FB_IMG_1773985083258-768x1037.jpg 768w, https:\/\/urbeamea.ro\/albaiulia\/wp-content\/uploads\/2026\/03\/FB_IMG_1773985083258.jpg 1033w\" sizes=\"auto, (max-width: 948px) 100vw, 948px\" \/><\/figure>\n","protected":false},"excerpt":{"rendered":"<p>Ast\u0103zi, 20 martie, pe scena Centrului Cultural \u201eLucian Blaga\u201d din Sebe\u0219, va avea loc Festivalul -concurs \u201eEchos fran\u00e7ais dans notre ville\u201d. Acesta va aduce \u00eempreun\u0103 elevi, profesori \u0219i comunitatea local\u0103 pentru a celebra farmecul limbii franceze \u0219i bog\u0103\u021bia culturii francofone. Inspirat de pasiunea copiilor pentru art\u0103, muzic\u0103 \u0219i teatru, proiectul propune o \u00eent\u00e2lnire vie \u00eentre &hellip;<\/p>\n","protected":false},"author":28,"featured_media":121750,"comment_status":"open","ping_status":"open","sticky":false,"template":"","format":"standard","meta":{"inline_featured_image":false,"footnotes":""},"categories":[23926,2039,4,2034,1,61,16344],"tags":[8430,820],"class_list":["post-121749","post","type-post","status-publish","format-standard","has-post-thumbnail","hentry","category-actualitate","category-educatie","category-eveniment","category-social","category-stiri-urbane","category-turism","category-urbea-mea","tag-centrul-cultural-sebes","tag-festival-concurs"],"yoast_head":"<!-- This site is optimized with the Yoast SEO plugin v27.4 - https:\/\/yoast.com\/product\/yoast-seo-wordpress\/ -->\n<title>Ast\u0103zi: Festivalul -concurs \u201eEchos fran\u00e7ais dans notre ville\u201d, pe scena Centrului Cultural \u201eLucian Blaga\u201d Sebe\u0219 - Revista Urbea Mea - Revista de Alba<\/title>\n<meta name=\"description\" content=\"Ast\u0103zi, 20 martie, pe scena Centrului Cultural \u201eLucian Blaga\u201d din Sebe\u0219, va avea loc Festivalul -concurs \u201eEchos fran\u00e7ais dans notre ville\u201d. Acesta va\" \/>\n<meta name=\"robots\" content=\"index, follow, max-snippet:-1, max-image-preview:large, max-video-preview:-1\" \/>\n<link rel=\"canonical\" href=\"https:\/\/urbeamea.ro\/albaiulia\/astazi-festivalul-concurs-echos-francais-dans-notre-ville-pe-scena-centrului-cultural-lucian-blaga-sebes\/\" \/>\n<meta name=\"twitter:card\" content=\"summary_large_image\" \/>\n<meta name=\"twitter:title\" content=\"Ast\u0103zi: Festivalul -concurs \u201eEchos fran\u00e7ais dans notre ville\u201d, pe scena Centrului Cultural \u201eLucian Blaga\u201d Sebe\u0219 - Revista Urbea Mea - Revista de Alba\" \/>\n<meta name=\"twitter:description\" content=\"Ast\u0103zi, 20 martie, pe scena Centrului Cultural \u201eLucian Blaga\u201d din Sebe\u0219, va avea loc Festivalul -concurs \u201eEchos fran\u00e7ais dans notre ville\u201d. Acesta va\" \/>\n<meta name=\"twitter:image\" content=\"https:\/\/urbeamea.ro\/albaiulia\/wp-content\/uploads\/2026\/03\/FB_IMG_1773985083258.jpg\" \/>\n<meta name=\"twitter:creator\" content=\"@urbeameaweb\" \/>\n<meta name=\"twitter:site\" content=\"@urbeameaweb\" \/>\n<script type=\"application\/ld+json\" class=\"yoast-schema-graph\">{\"@context\":\"https:\\\/\\\/schema.org\",\"@graph\":[{\"@type\":\"Article\",\"@id\":\"https:\\\/\\\/urbeamea.ro\\\/albaiulia\\\/astazi-festivalul-concurs-echos-francais-dans-notre-ville-pe-scena-centrului-cultural-lucian-blaga-sebes\\\/#article\",\"isPartOf\":{\"@id\":\"https:\\\/\\\/urbeamea.ro\\\/albaiulia\\\/astazi-festivalul-concurs-echos-francais-dans-notre-ville-pe-scena-centrului-cultural-lucian-blaga-sebes\\\/\"},\"author\":{\"name\":\"Giurca Sorin\",\"@id\":\"https:\\\/\\\/urbeamea.ro\\\/albaiulia\\\/#\\\/schema\\\/person\\\/5db3854ac38c1cc9f0ab4092d6a20f02\"},\"headline\":\"Ast\u0103zi: Festivalul -concurs \u201eEchos fran\u00e7ais dans notre ville\u201d, pe scena Centrului Cultural \u201eLucian Blaga\u201d Sebe\u0219\",\"datePublished\":\"2026-03-20T05:46:07+00:00\",\"dateModified\":\"2026-03-20T05:46:10+00:00\",\"mainEntityOfPage\":{\"@id\":\"https:\\\/\\\/urbeamea.ro\\\/albaiulia\\\/astazi-festivalul-concurs-echos-francais-dans-notre-ville-pe-scena-centrului-cultural-lucian-blaga-sebes\\\/\"},\"wordCount\":176,\"commentCount\":0,\"image\":{\"@id\":\"https:\\\/\\\/urbeamea.ro\\\/albaiulia\\\/astazi-festivalul-concurs-echos-francais-dans-notre-ville-pe-scena-centrului-cultural-lucian-blaga-sebes\\\/#primaryimage\"},\"thumbnailUrl\":\"https:\\\/\\\/urbeamea.ro\\\/albaiulia\\\/wp-content\\\/uploads\\\/2026\\\/03\\\/FB_IMG_1773985083258.jpg\",\"keywords\":[\"centrul cultural sebes\",\"festival concurs\"],\"articleSection\":[\"Actualitate\",\"Educa\u021bie\",\"Evenimente\",\"Social\",\"\u015etiri Urbane\",\"Turism \u0219i Ghidaj turistic\",\"Urbea Mea\"],\"inLanguage\":\"ro-RO\",\"potentialAction\":[{\"@type\":\"CommentAction\",\"name\":\"Comment\",\"target\":[\"https:\\\/\\\/urbeamea.ro\\\/albaiulia\\\/astazi-festivalul-concurs-echos-francais-dans-notre-ville-pe-scena-centrului-cultural-lucian-blaga-sebes\\\/#respond\"]}]},{\"@type\":\"WebPage\",\"@id\":\"https:\\\/\\\/urbeamea.ro\\\/albaiulia\\\/astazi-festivalul-concurs-echos-francais-dans-notre-ville-pe-scena-centrului-cultural-lucian-blaga-sebes\\\/\",\"url\":\"https:\\\/\\\/urbeamea.ro\\\/albaiulia\\\/astazi-festivalul-concurs-echos-francais-dans-notre-ville-pe-scena-centrului-cultural-lucian-blaga-sebes\\\/\",\"name\":\"Ast\u0103zi: Festivalul -concurs \u201eEchos fran\u00e7ais dans notre ville\u201d, pe scena Centrului Cultural \u201eLucian Blaga\u201d Sebe\u0219 - Revista Urbea Mea - Revista de Alba\",\"isPartOf\":{\"@id\":\"https:\\\/\\\/urbeamea.ro\\\/albaiulia\\\/#website\"},\"primaryImageOfPage\":{\"@id\":\"https:\\\/\\\/urbeamea.ro\\\/albaiulia\\\/astazi-festivalul-concurs-echos-francais-dans-notre-ville-pe-scena-centrului-cultural-lucian-blaga-sebes\\\/#primaryimage\"},\"image\":{\"@id\":\"https:\\\/\\\/urbeamea.ro\\\/albaiulia\\\/astazi-festivalul-concurs-echos-francais-dans-notre-ville-pe-scena-centrului-cultural-lucian-blaga-sebes\\\/#primaryimage\"},\"thumbnailUrl\":\"https:\\\/\\\/urbeamea.ro\\\/albaiulia\\\/wp-content\\\/uploads\\\/2026\\\/03\\\/FB_IMG_1773985083258.jpg\",\"datePublished\":\"2026-03-20T05:46:07+00:00\",\"dateModified\":\"2026-03-20T05:46:10+00:00\",\"author\":{\"@id\":\"https:\\\/\\\/urbeamea.ro\\\/albaiulia\\\/#\\\/schema\\\/person\\\/5db3854ac38c1cc9f0ab4092d6a20f02\"},\"description\":\"Ast\u0103zi, 20 martie, pe scena Centrului Cultural \u201eLucian Blaga\u201d din Sebe\u0219, va avea loc Festivalul -concurs \u201eEchos fran\u00e7ais dans notre ville\u201d. Acesta va\",\"breadcrumb\":{\"@id\":\"https:\\\/\\\/urbeamea.ro\\\/albaiulia\\\/astazi-festivalul-concurs-echos-francais-dans-notre-ville-pe-scena-centrului-cultural-lucian-blaga-sebes\\\/#breadcrumb\"},\"inLanguage\":\"ro-RO\",\"potentialAction\":[{\"@type\":\"ReadAction\",\"target\":[\"https:\\\/\\\/urbeamea.ro\\\/albaiulia\\\/astazi-festivalul-concurs-echos-francais-dans-notre-ville-pe-scena-centrului-cultural-lucian-blaga-sebes\\\/\"]}]},{\"@type\":\"ImageObject\",\"inLanguage\":\"ro-RO\",\"@id\":\"https:\\\/\\\/urbeamea.ro\\\/albaiulia\\\/astazi-festivalul-concurs-echos-francais-dans-notre-ville-pe-scena-centrului-cultural-lucian-blaga-sebes\\\/#primaryimage\",\"url\":\"https:\\\/\\\/urbeamea.ro\\\/albaiulia\\\/wp-content\\\/uploads\\\/2026\\\/03\\\/FB_IMG_1773985083258.jpg\",\"contentUrl\":\"https:\\\/\\\/urbeamea.ro\\\/albaiulia\\\/wp-content\\\/uploads\\\/2026\\\/03\\\/FB_IMG_1773985083258.jpg\",\"width\":1033,\"height\":1395},{\"@type\":\"BreadcrumbList\",\"@id\":\"https:\\\/\\\/urbeamea.ro\\\/albaiulia\\\/astazi-festivalul-concurs-echos-francais-dans-notre-ville-pe-scena-centrului-cultural-lucian-blaga-sebes\\\/#breadcrumb\",\"itemListElement\":[{\"@type\":\"ListItem\",\"position\":1,\"name\":\"Prima pagin\u0103\",\"item\":\"https:\\\/\\\/urbeamea.ro\\\/albaiulia\\\/\"},{\"@type\":\"ListItem\",\"position\":2,\"name\":\"Ast\u0103zi: Festivalul -concurs \u201eEchos fran\u00e7ais dans notre ville\u201d, pe scena Centrului Cultural \u201eLucian Blaga\u201d Sebe\u0219\"}]},{\"@type\":\"WebSite\",\"@id\":\"https:\\\/\\\/urbeamea.ro\\\/albaiulia\\\/#website\",\"url\":\"https:\\\/\\\/urbeamea.ro\\\/albaiulia\\\/\",\"name\":\"Revista Urbea Mea, Stiri urbane\",\"description\":\"Evenimente \u0219i \u0219tiri din Alba Iulia, Sebe\u0219, Aiud, Blaj\",\"potentialAction\":[{\"@type\":\"SearchAction\",\"target\":{\"@type\":\"EntryPoint\",\"urlTemplate\":\"https:\\\/\\\/urbeamea.ro\\\/albaiulia\\\/?s={search_term_string}\"},\"query-input\":{\"@type\":\"PropertyValueSpecification\",\"valueRequired\":true,\"valueName\":\"search_term_string\"}}],\"inLanguage\":\"ro-RO\"},{\"@type\":\"Person\",\"@id\":\"https:\\\/\\\/urbeamea.ro\\\/albaiulia\\\/#\\\/schema\\\/person\\\/5db3854ac38c1cc9f0ab4092d6a20f02\",\"name\":\"Giurca Sorin\",\"image\":{\"@type\":\"ImageObject\",\"inLanguage\":\"ro-RO\",\"@id\":\"https:\\\/\\\/secure.gravatar.com\\\/avatar\\\/120f6fcae7b3b47a7730cb9943f612f4909f68ac5284b5f40ac1c4615fd70576?s=96&d=mm&r=g\",\"url\":\"https:\\\/\\\/secure.gravatar.com\\\/avatar\\\/120f6fcae7b3b47a7730cb9943f612f4909f68ac5284b5f40ac1c4615fd70576?s=96&d=mm&r=g\",\"contentUrl\":\"https:\\\/\\\/secure.gravatar.com\\\/avatar\\\/120f6fcae7b3b47a7730cb9943f612f4909f68ac5284b5f40ac1c4615fd70576?s=96&d=mm&r=g\",\"caption\":\"Giurca Sorin\"},\"url\":\"https:\\\/\\\/urbeamea.ro\\\/albaiulia\\\/author\\\/sorin\\\/\"}]}<\/script>\n<!-- \/ Yoast SEO plugin. -->","yoast_head_json":{"title":"Ast\u0103zi: Festivalul -concurs \u201eEchos fran\u00e7ais dans notre ville\u201d, pe scena Centrului Cultural \u201eLucian Blaga\u201d Sebe\u0219 - Revista Urbea Mea - Revista de Alba","description":"Ast\u0103zi, 20 martie, pe scena Centrului Cultural \u201eLucian Blaga\u201d din Sebe\u0219, va avea loc Festivalul -concurs \u201eEchos fran\u00e7ais dans notre ville\u201d. Acesta va","robots":{"index":"index","follow":"follow","max-snippet":"max-snippet:-1","max-image-preview":"max-image-preview:large","max-video-preview":"max-video-preview:-1"},"canonical":"https:\/\/urbeamea.ro\/albaiulia\/astazi-festivalul-concurs-echos-francais-dans-notre-ville-pe-scena-centrului-cultural-lucian-blaga-sebes\/","twitter_card":"summary_large_image","twitter_title":"Ast\u0103zi: Festivalul -concurs \u201eEchos fran\u00e7ais dans notre ville\u201d, pe scena Centrului Cultural \u201eLucian Blaga\u201d Sebe\u0219 - Revista Urbea Mea - Revista de Alba","twitter_description":"Ast\u0103zi, 20 martie, pe scena Centrului Cultural \u201eLucian Blaga\u201d din Sebe\u0219, va avea loc Festivalul -concurs \u201eEchos fran\u00e7ais dans notre ville\u201d. Acesta va","twitter_image":"https:\/\/urbeamea.ro\/albaiulia\/wp-content\/uploads\/2026\/03\/FB_IMG_1773985083258.jpg","twitter_creator":"@urbeameaweb","twitter_site":"@urbeameaweb","schema":{"@context":"https:\/\/schema.org","@graph":[{"@type":"Article","@id":"https:\/\/urbeamea.ro\/albaiulia\/astazi-festivalul-concurs-echos-francais-dans-notre-ville-pe-scena-centrului-cultural-lucian-blaga-sebes\/#article","isPartOf":{"@id":"https:\/\/urbeamea.ro\/albaiulia\/astazi-festivalul-concurs-echos-francais-dans-notre-ville-pe-scena-centrului-cultural-lucian-blaga-sebes\/"},"author":{"name":"Giurca Sorin","@id":"https:\/\/urbeamea.ro\/albaiulia\/#\/schema\/person\/5db3854ac38c1cc9f0ab4092d6a20f02"},"headline":"Ast\u0103zi: Festivalul -concurs \u201eEchos fran\u00e7ais dans notre ville\u201d, pe scena Centrului Cultural \u201eLucian Blaga\u201d Sebe\u0219","datePublished":"2026-03-20T05:46:07+00:00","dateModified":"2026-03-20T05:46:10+00:00","mainEntityOfPage":{"@id":"https:\/\/urbeamea.ro\/albaiulia\/astazi-festivalul-concurs-echos-francais-dans-notre-ville-pe-scena-centrului-cultural-lucian-blaga-sebes\/"},"wordCount":176,"commentCount":0,"image":{"@id":"https:\/\/urbeamea.ro\/albaiulia\/astazi-festivalul-concurs-echos-francais-dans-notre-ville-pe-scena-centrului-cultural-lucian-blaga-sebes\/#primaryimage"},"thumbnailUrl":"https:\/\/urbeamea.ro\/albaiulia\/wp-content\/uploads\/2026\/03\/FB_IMG_1773985083258.jpg","keywords":["centrul cultural sebes","festival concurs"],"articleSection":["Actualitate","Educa\u021bie","Evenimente","Social","\u015etiri Urbane","Turism \u0219i Ghidaj turistic","Urbea Mea"],"inLanguage":"ro-RO","potentialAction":[{"@type":"CommentAction","name":"Comment","target":["https:\/\/urbeamea.ro\/albaiulia\/astazi-festivalul-concurs-echos-francais-dans-notre-ville-pe-scena-centrului-cultural-lucian-blaga-sebes\/#respond"]}]},{"@type":"WebPage","@id":"https:\/\/urbeamea.ro\/albaiulia\/astazi-festivalul-concurs-echos-francais-dans-notre-ville-pe-scena-centrului-cultural-lucian-blaga-sebes\/","url":"https:\/\/urbeamea.ro\/albaiulia\/astazi-festivalul-concurs-echos-francais-dans-notre-ville-pe-scena-centrului-cultural-lucian-blaga-sebes\/","name":"Ast\u0103zi: Festivalul -concurs \u201eEchos fran\u00e7ais dans notre ville\u201d, pe scena Centrului Cultural \u201eLucian Blaga\u201d Sebe\u0219 - Revista Urbea Mea - Revista de Alba","isPartOf":{"@id":"https:\/\/urbeamea.ro\/albaiulia\/#website"},"primaryImageOfPage":{"@id":"https:\/\/urbeamea.ro\/albaiulia\/astazi-festivalul-concurs-echos-francais-dans-notre-ville-pe-scena-centrului-cultural-lucian-blaga-sebes\/#primaryimage"},"image":{"@id":"https:\/\/urbeamea.ro\/albaiulia\/astazi-festivalul-concurs-echos-francais-dans-notre-ville-pe-scena-centrului-cultural-lucian-blaga-sebes\/#primaryimage"},"thumbnailUrl":"https:\/\/urbeamea.ro\/albaiulia\/wp-content\/uploads\/2026\/03\/FB_IMG_1773985083258.jpg","datePublished":"2026-03-20T05:46:07+00:00","dateModified":"2026-03-20T05:46:10+00:00","author":{"@id":"https:\/\/urbeamea.ro\/albaiulia\/#\/schema\/person\/5db3854ac38c1cc9f0ab4092d6a20f02"},"description":"Ast\u0103zi, 20 martie, pe scena Centrului Cultural \u201eLucian Blaga\u201d din Sebe\u0219, va avea loc Festivalul -concurs \u201eEchos fran\u00e7ais dans notre ville\u201d. Acesta va","breadcrumb":{"@id":"https:\/\/urbeamea.ro\/albaiulia\/astazi-festivalul-concurs-echos-francais-dans-notre-ville-pe-scena-centrului-cultural-lucian-blaga-sebes\/#breadcrumb"},"inLanguage":"ro-RO","potentialAction":[{"@type":"ReadAction","target":["https:\/\/urbeamea.ro\/albaiulia\/astazi-festivalul-concurs-echos-francais-dans-notre-ville-pe-scena-centrului-cultural-lucian-blaga-sebes\/"]}]},{"@type":"ImageObject","inLanguage":"ro-RO","@id":"https:\/\/urbeamea.ro\/albaiulia\/astazi-festivalul-concurs-echos-francais-dans-notre-ville-pe-scena-centrului-cultural-lucian-blaga-sebes\/#primaryimage","url":"https:\/\/urbeamea.ro\/albaiulia\/wp-content\/uploads\/2026\/03\/FB_IMG_1773985083258.jpg","contentUrl":"https:\/\/urbeamea.ro\/albaiulia\/wp-content\/uploads\/2026\/03\/FB_IMG_1773985083258.jpg","width":1033,"height":1395},{"@type":"BreadcrumbList","@id":"https:\/\/urbeamea.ro\/albaiulia\/astazi-festivalul-concurs-echos-francais-dans-notre-ville-pe-scena-centrului-cultural-lucian-blaga-sebes\/#breadcrumb","itemListElement":[{"@type":"ListItem","position":1,"name":"Prima pagin\u0103","item":"https:\/\/urbeamea.ro\/albaiulia\/"},{"@type":"ListItem","position":2,"name":"Ast\u0103zi: Festivalul -concurs \u201eEchos fran\u00e7ais dans notre ville\u201d, pe scena Centrului Cultural \u201eLucian Blaga\u201d Sebe\u0219"}]},{"@type":"WebSite","@id":"https:\/\/urbeamea.ro\/albaiulia\/#website","url":"https:\/\/urbeamea.ro\/albaiulia\/","name":"Revista Urbea Mea, Stiri urbane","description":"Evenimente \u0219i \u0219tiri din Alba Iulia, Sebe\u0219, Aiud, Blaj","potentialAction":[{"@type":"SearchAction","target":{"@type":"EntryPoint","urlTemplate":"https:\/\/urbeamea.ro\/albaiulia\/?s={search_term_string}"},"query-input":{"@type":"PropertyValueSpecification","valueRequired":true,"valueName":"search_term_string"}}],"inLanguage":"ro-RO"},{"@type":"Person","@id":"https:\/\/urbeamea.ro\/albaiulia\/#\/schema\/person\/5db3854ac38c1cc9f0ab4092d6a20f02","name":"Giurca Sorin","image":{"@type":"ImageObject","inLanguage":"ro-RO","@id":"https:\/\/secure.gravatar.com\/avatar\/120f6fcae7b3b47a7730cb9943f612f4909f68ac5284b5f40ac1c4615fd70576?s=96&d=mm&r=g","url":"https:\/\/secure.gravatar.com\/avatar\/120f6fcae7b3b47a7730cb9943f612f4909f68ac5284b5f40ac1c4615fd70576?s=96&d=mm&r=g","contentUrl":"https:\/\/secure.gravatar.com\/avatar\/120f6fcae7b3b47a7730cb9943f612f4909f68ac5284b5f40ac1c4615fd70576?s=96&d=mm&r=g","caption":"Giurca Sorin"},"url":"https:\/\/urbeamea.ro\/albaiulia\/author\/sorin\/"}]}},"_links":{"self":[{"href":"https:\/\/urbeamea.ro\/albaiulia\/wp-json\/wp\/v2\/posts\/121749","targetHints":{"allow":["GET"]}}],"collection":[{"href":"https:\/\/urbeamea.ro\/albaiulia\/wp-json\/wp\/v2\/posts"}],"about":[{"href":"https:\/\/urbeamea.ro\/albaiulia\/wp-json\/wp\/v2\/types\/post"}],"author":[{"embeddable":true,"href":"https:\/\/urbeamea.ro\/albaiulia\/wp-json\/wp\/v2\/users\/28"}],"replies":[{"embeddable":true,"href":"https:\/\/urbeamea.ro\/albaiulia\/wp-json\/wp\/v2\/comments?post=121749"}],"version-history":[{"count":1,"href":"https:\/\/urbeamea.ro\/albaiulia\/wp-json\/wp\/v2\/posts\/121749\/revisions"}],"predecessor-version":[{"id":121751,"href":"https:\/\/urbeamea.ro\/albaiulia\/wp-json\/wp\/v2\/posts\/121749\/revisions\/121751"}],"wp:featuredmedia":[{"embeddable":true,"href":"https:\/\/urbeamea.ro\/albaiulia\/wp-json\/wp\/v2\/media\/121750"}],"wp:attachment":[{"href":"https:\/\/urbeamea.ro\/albaiulia\/wp-json\/wp\/v2\/media?parent=121749"}],"wp:term":[{"taxonomy":"category","embeddable":true,"href":"https:\/\/urbeamea.ro\/albaiulia\/wp-json\/wp\/v2\/categories?post=121749"},{"taxonomy":"post_tag","embeddable":true,"href":"https:\/\/urbeamea.ro\/albaiulia\/wp-json\/wp\/v2\/tags?post=121749"}],"curies":[{"name":"wp","href":"https:\/\/api.w.org\/{rel}","templated":true}]}}