{"id":121805,"date":"2026-03-27T08:35:09","date_gmt":"2026-03-27T06:35:09","guid":{"rendered":"https:\/\/urbeamea.ro\/albaiulia\/?p=121805"},"modified":"2026-03-27T08:35:12","modified_gmt":"2026-03-27T06:35:12","slug":"27-29-martie-targul-gradinarului-in-cetatea-alba-carolina-expozitii-cu-vanzare-prezentari-de-produse-si-material-saditor-demonstratii-si-sfaturi-practice-de-la-profesio","status":"publish","type":"post","link":"https:\/\/urbeamea.ro\/albaiulia\/27-29-martie-targul-gradinarului-in-cetatea-alba-carolina-expozitii-cu-vanzare-prezentari-de-produse-si-material-saditor-demonstratii-si-sfaturi-practice-de-la-profesio\/","title":{"rendered":"27 \u2013 29 martie: \u201eT\u00e2rgul Gr\u0103dinarului\u201d \u00een Cetatea Alba Carolina: expozi\u021bii cu v\u00e2nzare, prezent\u0103ri de produse \u0219i material s\u0103ditor, demonstra\u021bii \u0219i sfaturi practice de la profesioni\u0219ti, Ateliere interactive copii"},"content":{"rendered":"\n<p><strong>T\u00e2rgul Gr\u0103dinarului, unul dintre cele mai importante evenimente dedicate pasiona\u021bilor de horticultur\u0103 \u0219i agricultur\u0103, va avea loc la Alba Iulia \u00een perioada 27\u201329 martie 2026, \u00een spa\u021biul situat pe latura de vest a Cet\u0103\u021bii Alba Carolina.<\/strong><\/p>\n\n\n\n<p>Deschiderea oficial\u0103 este programat\u0103 vineri, 27 martie, de la ora 11:00, iar t\u00e2rgul va putea fi vizitat zilnic \u00eentre orele 10:00 \u0219i 18:00.<\/p>\n\n\n\n<p>Evenimentul este organizat de Consiliul Jude\u0163ean Alba, \u00eempreun\u0103 cu Prim\u0103ria Alba Iulia \u015fi Grupurile de Ac\u0163iune Local\u0103 Pe Mure\u015f \u015fi pe T\u00e2rnave, Mun\u0163ii Metaliferi, Trasc\u0103u \u015fi Muntele Mare, \u0162ara Seca\u015felor Alba \u2013 Sibiu, Valea Ampoiului \u2013 Valea Mure\u015fului.<\/p>\n\n\n\n<p>La edi\u0163ia din acest an a T\u00e2rgului Gr\u0103dinarului vor fi prezen\u0163i peste 65 de expozan\u0163i, care vor oferi vizitatorilor o gam\u0103 variat\u0103 de produse (flori, semin\u021be, bulbi, buta\u0219i, pomi fructiferi, vi\u021b\u0103 de vie, material s\u0103ditor), precum \u0219i servicii de consultan\u021b\u0103 \u00een amenajarea spa\u0163iului verde.<\/p>\n\n\n\n<p>De asemenea, speciali\u0219ti \u00een domeniu agricol vor veni \u00een sprijinul celor interesa\u021bi cu demonstra\u021bii practice \u0219i cu informa\u0163ii actualizate despre cele mai recente oportunit\u0103\u0163i de finan\u0163are disponibile \u00een acest sector.<\/p>\n\n\n\n<p>PROGRAM T\u00e2rgul Gr\u0103dinarului 2026Edi\u0163ia a XVI-a, Latura de vest a Cet\u0103\u0163ii Alba Carolina Alba Iulia, \u00eentre orele 10:00 \u2013 18:00<\/p>\n\n\n\n<p>Vineri, 27 martie 2026<\/p>\n\n\n\n<p>11:00 Deschiderea oficial\u0103 a evenimentului<\/p>\n\n\n\n<p>10:00 \u2013 15:00 Pagini din gr\u0103dina fermecat\u0103 \u2013 atelier de lectur\u0103 \u015fi colorat pentru copii \u015fi stand de carteAventur\u0103 \u00een natur\u0103 \u2013 concurs de \u00eentreb\u0103ri \u0219i ghicitori pentru copii <\/p>\n\n\n\n<p>Biblioteca Jude\u0163ean\u0103 \u201eLucian Blaga\u201d Alba<\/p>\n\n\n\n<p>10:00 \u2013 16:00 Din istoria ilustra\u021biei botanice \u2013 artiste \u0219i arti\u0219ti din secolele XVII-XIX expozi\u0163ie<\/p>\n\n\n\n<p>Ateliere creativ-educative pentru copii: Gr\u0103dina \u00eentr-un colaj vesel<\/p>\n\n\n\n<p>Felicit\u0103ri handmade cu motive florale<\/p>\n\n\n\n<p>Coresponden\u0163\u0103 de prim\u0103var\u0103 \u2013 c\u0103r\u0163i po\u015ftale cu mesaj floral<\/p>\n\n\n\n<p>Muzeul Na\u0163ional al Unirii din Alba Iulia<\/p>\n\n\n\n<p>13:00 \u2013 13:30 Fii agriCOOL! \u2013 oferta educa\u0163ional\u0103 a liceelor cu profil agricol<\/p>\n\n\n\n<p>Prezentare: Floralis \u015fi Design Construct \u2013 firme de exerci\u0163iu, Liceul Tehnologic Aiud<\/p>\n\n\n\n<p>S\u00e2mb\u0103t\u0103, 28 martie 2026<\/p>\n\n\n\n<p>10:00 \u2013 16:00 File din gr\u0103dina fermecat\u0103 \u2013 atelier de lectur\u0103 \u015fi colorat pentru copii \u015fi stand de carte<\/p>\n\n\n\n<p>Aripi \u0219i petale din h\u00e2rtie \u2013 atelier de origami pentru copii<\/p>\n\n\n\n<p>Aventur\u0103 \u00een natur\u0103 \u2013 concurs de \u00eentreb\u0103ri \u0219i ghicitori despre natur\u0103Biblioteca Jude\u0163ean\u0103 \u201eLucian Blaga\u201dAlba<\/p>\n\n\n\n<p>10:00 \u2013 16:00 G\u0103nduri de prim\u0103var\u0103 \u2013 c\u0103r\u0163i po\u015ftale cu mesaj floral<\/p>\n\n\n\n<p>Muzeul Na\u0163ional al Unirii din Alba Iulia<\/p>\n\n\n\n<p>13:00 \u2013 13:30 Dansul prim\u0103verii \u2013 grupa de majorete \u201eCheers\u201d, Ocna Mure\u015f<\/p>\n\n\n\n<p>14:00 \u2013 14:30 Robo\u0163i \u015fi tehnologie \u00een gr\u0103din\u0103rit \u2013 demonstra\u0163ie tehnic\u0103, Landscape Universal SRL<\/p>\n\n\n\n<p>15:00 \u2013 15:30 Gr\u0103dini cu dichis \u2013 lansare revist\u0103 \u015fi demonstra\u0163ie de specialitate, Petra Pavaje SRL<\/p>\n\n\n\n<p>Duminic\u0103, 29 martie 2026<\/p>\n\n\n\n<p>10:00 \u2013 16:00 Ve\u015fti de prim\u0103var\u0103 \u2013 c\u0103r\u0163i po\u015ftale cu mesaj floralMuzeul Na\u0163ional al Unirii din Alba Iulia<\/p>\n\n\n\n<p>11:30 \u2013 12:30 Piticii planteaz\u0103 \u2013 atelier de plantat pentru copii<\/p>\n\n\n\n<p>12:30 \u2013 13:30 Fata babei \u015fi fata mo\u015fneagului \u2013 spectacol de teatru pentru copiiTeatrul de p\u0103pu\u015fi \u201ePrichindel\u201dAlba Iuli<\/p>\n\n\n\n<p>13:30 \u2013 14:00 Arta tunderii arborilor ornamentali \u2013 demonstra\u0163ie practic\u0103, Boro\u015f Cristian<\/p>\n\n\n\n<p>14:00 \u2013 14:30 Aranjamente florale \u00een jardiniere \u2013 demonstra\u0163ie tehnic\u0103, Landscape Universal SRL<\/p>\n\n\n","protected":false},"excerpt":{"rendered":"<p>T\u00e2rgul Gr\u0103dinarului, unul dintre cele mai importante evenimente dedicate pasiona\u021bilor de horticultur\u0103 \u0219i agricultur\u0103, va avea loc la Alba Iulia \u00een perioada 27\u201329 martie 2026, \u00een spa\u021biul situat pe latura de vest a Cet\u0103\u021bii Alba Carolina. Deschiderea oficial\u0103 este programat\u0103 vineri, 27 martie, de la ora 11:00, iar t\u00e2rgul va putea fi vizitat zilnic \u00eentre &hellip;<\/p>\n","protected":false},"author":28,"featured_media":0,"comment_status":"open","ping_status":"open","sticky":false,"template":"","format":"standard","meta":{"inline_featured_image":false,"footnotes":""},"categories":[23926,2038,4,25,2036,2034,1,61,16344],"tags":[25555],"class_list":["post-121805","post","type-post","status-publish","format-standard","hentry","category-actualitate","category-cultura","category-eveniment","category-lifestyle-fashion","category-monden","category-social","category-stiri-urbane","category-turism","category-urbea-mea","tag-targul-gradinarului-2"],"yoast_head":"<!-- This site is optimized with the Yoast SEO plugin v27.4 - https:\/\/yoast.com\/product\/yoast-seo-wordpress\/ -->\n<title>27 \u2013 29 martie: \u201eT\u00e2rgul Gr\u0103dinarului\u201d \u00een Cetatea Alba Carolina: expozi\u021bii cu v\u00e2nzare, prezent\u0103ri de produse \u0219i material s\u0103ditor, demonstra\u021bii \u0219i sfaturi practice de la profesioni\u0219ti, Ateliere interactive copii - Revista Urbea Mea - Revista de Alba<\/title>\n<meta name=\"description\" content=\"T\u00e2rgul Gr\u0103dinarului, unul dintre cele mai importante evenimente dedicate pasiona\u021bilor de horticultur\u0103 \u0219i agricultur\u0103, va avea loc la Alba Iulia \u00een\" \/>\n<meta name=\"robots\" content=\"index, follow, max-snippet:-1, max-image-preview:large, max-video-preview:-1\" \/>\n<link rel=\"canonical\" href=\"https:\/\/urbeamea.ro\/albaiulia\/27-29-martie-targul-gradinarului-in-cetatea-alba-carolina-expozitii-cu-vanzare-prezentari-de-produse-si-material-saditor-demonstratii-si-sfaturi-practice-de-la-profesio\/\" \/>\n<meta name=\"twitter:card\" content=\"summary_large_image\" \/>\n<meta name=\"twitter:title\" content=\"27 \u2013 29 martie: \u201eT\u00e2rgul Gr\u0103dinarului\u201d \u00een Cetatea Alba Carolina: expozi\u021bii cu v\u00e2nzare, prezent\u0103ri de produse \u0219i material s\u0103ditor, demonstra\u021bii \u0219i sfaturi practice de la profesioni\u0219ti, Ateliere interactive copii - Revista Urbea Mea - Revista de Alba\" \/>\n<meta name=\"twitter:description\" content=\"T\u00e2rgul Gr\u0103dinarului, unul dintre cele mai importante evenimente dedicate pasiona\u021bilor de horticultur\u0103 \u0219i agricultur\u0103, va avea loc la Alba Iulia \u00een\" \/>\n<meta name=\"twitter:creator\" content=\"@urbeameaweb\" \/>\n<meta name=\"twitter:site\" content=\"@urbeameaweb\" \/>\n<script type=\"application\/ld+json\" class=\"yoast-schema-graph\">{\"@context\":\"https:\\\/\\\/schema.org\",\"@graph\":[{\"@type\":\"Article\",\"@id\":\"https:\\\/\\\/urbeamea.ro\\\/albaiulia\\\/27-29-martie-targul-gradinarului-in-cetatea-alba-carolina-expozitii-cu-vanzare-prezentari-de-produse-si-material-saditor-demonstratii-si-sfaturi-practice-de-la-profesio\\\/#article\",\"isPartOf\":{\"@id\":\"https:\\\/\\\/urbeamea.ro\\\/albaiulia\\\/27-29-martie-targul-gradinarului-in-cetatea-alba-carolina-expozitii-cu-vanzare-prezentari-de-produse-si-material-saditor-demonstratii-si-sfaturi-practice-de-la-profesio\\\/\"},\"author\":{\"name\":\"Giurca Sorin\",\"@id\":\"https:\\\/\\\/urbeamea.ro\\\/albaiulia\\\/#\\\/schema\\\/person\\\/5db3854ac38c1cc9f0ab4092d6a20f02\"},\"headline\":\"27 \u2013 29 martie: \u201eT\u00e2rgul Gr\u0103dinarului\u201d \u00een Cetatea Alba Carolina: expozi\u021bii cu v\u00e2nzare, prezent\u0103ri de produse \u0219i material s\u0103ditor, demonstra\u021bii \u0219i sfaturi practice de la profesioni\u0219ti, Ateliere interactive copii\",\"datePublished\":\"2026-03-27T06:35:09+00:00\",\"dateModified\":\"2026-03-27T06:35:12+00:00\",\"mainEntityOfPage\":{\"@id\":\"https:\\\/\\\/urbeamea.ro\\\/albaiulia\\\/27-29-martie-targul-gradinarului-in-cetatea-alba-carolina-expozitii-cu-vanzare-prezentari-de-produse-si-material-saditor-demonstratii-si-sfaturi-practice-de-la-profesio\\\/\"},\"wordCount\":527,\"commentCount\":0,\"keywords\":[\"T\u00e2rgul gr\u0103dinarului\"],\"articleSection\":[\"Actualitate\",\"Cultur\u0103\",\"Evenimente\",\"Lifestyle &amp; Fashion\",\"Monden\",\"Social\",\"\u015etiri Urbane\",\"Turism \u0219i Ghidaj turistic\",\"Urbea Mea\"],\"inLanguage\":\"ro-RO\",\"potentialAction\":[{\"@type\":\"CommentAction\",\"name\":\"Comment\",\"target\":[\"https:\\\/\\\/urbeamea.ro\\\/albaiulia\\\/27-29-martie-targul-gradinarului-in-cetatea-alba-carolina-expozitii-cu-vanzare-prezentari-de-produse-si-material-saditor-demonstratii-si-sfaturi-practice-de-la-profesio\\\/#respond\"]}]},{\"@type\":\"WebPage\",\"@id\":\"https:\\\/\\\/urbeamea.ro\\\/albaiulia\\\/27-29-martie-targul-gradinarului-in-cetatea-alba-carolina-expozitii-cu-vanzare-prezentari-de-produse-si-material-saditor-demonstratii-si-sfaturi-practice-de-la-profesio\\\/\",\"url\":\"https:\\\/\\\/urbeamea.ro\\\/albaiulia\\\/27-29-martie-targul-gradinarului-in-cetatea-alba-carolina-expozitii-cu-vanzare-prezentari-de-produse-si-material-saditor-demonstratii-si-sfaturi-practice-de-la-profesio\\\/\",\"name\":\"27 \u2013 29 martie: \u201eT\u00e2rgul Gr\u0103dinarului\u201d \u00een Cetatea Alba Carolina: expozi\u021bii cu v\u00e2nzare, prezent\u0103ri de produse \u0219i material s\u0103ditor, demonstra\u021bii \u0219i sfaturi practice de la profesioni\u0219ti, Ateliere interactive copii - Revista Urbea Mea - Revista de Alba\",\"isPartOf\":{\"@id\":\"https:\\\/\\\/urbeamea.ro\\\/albaiulia\\\/#website\"},\"datePublished\":\"2026-03-27T06:35:09+00:00\",\"dateModified\":\"2026-03-27T06:35:12+00:00\",\"author\":{\"@id\":\"https:\\\/\\\/urbeamea.ro\\\/albaiulia\\\/#\\\/schema\\\/person\\\/5db3854ac38c1cc9f0ab4092d6a20f02\"},\"description\":\"T\u00e2rgul Gr\u0103dinarului, unul dintre cele mai importante evenimente dedicate pasiona\u021bilor de horticultur\u0103 \u0219i agricultur\u0103, va avea loc la Alba Iulia \u00een\",\"breadcrumb\":{\"@id\":\"https:\\\/\\\/urbeamea.ro\\\/albaiulia\\\/27-29-martie-targul-gradinarului-in-cetatea-alba-carolina-expozitii-cu-vanzare-prezentari-de-produse-si-material-saditor-demonstratii-si-sfaturi-practice-de-la-profesio\\\/#breadcrumb\"},\"inLanguage\":\"ro-RO\",\"potentialAction\":[{\"@type\":\"ReadAction\",\"target\":[\"https:\\\/\\\/urbeamea.ro\\\/albaiulia\\\/27-29-martie-targul-gradinarului-in-cetatea-alba-carolina-expozitii-cu-vanzare-prezentari-de-produse-si-material-saditor-demonstratii-si-sfaturi-practice-de-la-profesio\\\/\"]}]},{\"@type\":\"BreadcrumbList\",\"@id\":\"https:\\\/\\\/urbeamea.ro\\\/albaiulia\\\/27-29-martie-targul-gradinarului-in-cetatea-alba-carolina-expozitii-cu-vanzare-prezentari-de-produse-si-material-saditor-demonstratii-si-sfaturi-practice-de-la-profesio\\\/#breadcrumb\",\"itemListElement\":[{\"@type\":\"ListItem\",\"position\":1,\"name\":\"Prima pagin\u0103\",\"item\":\"https:\\\/\\\/urbeamea.ro\\\/albaiulia\\\/\"},{\"@type\":\"ListItem\",\"position\":2,\"name\":\"27 \u2013 29 martie: \u201eT\u00e2rgul Gr\u0103dinarului\u201d \u00een Cetatea Alba Carolina: expozi\u021bii cu v\u00e2nzare, prezent\u0103ri de produse \u0219i material s\u0103ditor, demonstra\u021bii \u0219i sfaturi practice de la profesioni\u0219ti, Ateliere interactive copii\"}]},{\"@type\":\"WebSite\",\"@id\":\"https:\\\/\\\/urbeamea.ro\\\/albaiulia\\\/#website\",\"url\":\"https:\\\/\\\/urbeamea.ro\\\/albaiulia\\\/\",\"name\":\"Revista Urbea Mea, Stiri urbane\",\"description\":\"Evenimente \u0219i \u0219tiri din Alba Iulia, Sebe\u0219, Aiud, Blaj\",\"potentialAction\":[{\"@type\":\"SearchAction\",\"target\":{\"@type\":\"EntryPoint\",\"urlTemplate\":\"https:\\\/\\\/urbeamea.ro\\\/albaiulia\\\/?s={search_term_string}\"},\"query-input\":{\"@type\":\"PropertyValueSpecification\",\"valueRequired\":true,\"valueName\":\"search_term_string\"}}],\"inLanguage\":\"ro-RO\"},{\"@type\":\"Person\",\"@id\":\"https:\\\/\\\/urbeamea.ro\\\/albaiulia\\\/#\\\/schema\\\/person\\\/5db3854ac38c1cc9f0ab4092d6a20f02\",\"name\":\"Giurca Sorin\",\"image\":{\"@type\":\"ImageObject\",\"inLanguage\":\"ro-RO\",\"@id\":\"https:\\\/\\\/secure.gravatar.com\\\/avatar\\\/120f6fcae7b3b47a7730cb9943f612f4909f68ac5284b5f40ac1c4615fd70576?s=96&d=mm&r=g\",\"url\":\"https:\\\/\\\/secure.gravatar.com\\\/avatar\\\/120f6fcae7b3b47a7730cb9943f612f4909f68ac5284b5f40ac1c4615fd70576?s=96&d=mm&r=g\",\"contentUrl\":\"https:\\\/\\\/secure.gravatar.com\\\/avatar\\\/120f6fcae7b3b47a7730cb9943f612f4909f68ac5284b5f40ac1c4615fd70576?s=96&d=mm&r=g\",\"caption\":\"Giurca Sorin\"},\"url\":\"https:\\\/\\\/urbeamea.ro\\\/albaiulia\\\/author\\\/sorin\\\/\"}]}<\/script>\n<!-- \/ Yoast SEO plugin. -->","yoast_head_json":{"title":"27 \u2013 29 martie: \u201eT\u00e2rgul Gr\u0103dinarului\u201d \u00een Cetatea Alba Carolina: expozi\u021bii cu v\u00e2nzare, prezent\u0103ri de produse \u0219i material s\u0103ditor, demonstra\u021bii \u0219i sfaturi practice de la profesioni\u0219ti, Ateliere interactive copii - Revista Urbea Mea - Revista de Alba","description":"T\u00e2rgul Gr\u0103dinarului, unul dintre cele mai importante evenimente dedicate pasiona\u021bilor de horticultur\u0103 \u0219i agricultur\u0103, va avea loc la Alba Iulia \u00een","robots":{"index":"index","follow":"follow","max-snippet":"max-snippet:-1","max-image-preview":"max-image-preview:large","max-video-preview":"max-video-preview:-1"},"canonical":"https:\/\/urbeamea.ro\/albaiulia\/27-29-martie-targul-gradinarului-in-cetatea-alba-carolina-expozitii-cu-vanzare-prezentari-de-produse-si-material-saditor-demonstratii-si-sfaturi-practice-de-la-profesio\/","twitter_card":"summary_large_image","twitter_title":"27 \u2013 29 martie: \u201eT\u00e2rgul Gr\u0103dinarului\u201d \u00een Cetatea Alba Carolina: expozi\u021bii cu v\u00e2nzare, prezent\u0103ri de produse \u0219i material s\u0103ditor, demonstra\u021bii \u0219i sfaturi practice de la profesioni\u0219ti, Ateliere interactive copii - Revista Urbea Mea - Revista de Alba","twitter_description":"T\u00e2rgul Gr\u0103dinarului, unul dintre cele mai importante evenimente dedicate pasiona\u021bilor de horticultur\u0103 \u0219i agricultur\u0103, va avea loc la Alba Iulia \u00een","twitter_creator":"@urbeameaweb","twitter_site":"@urbeameaweb","schema":{"@context":"https:\/\/schema.org","@graph":[{"@type":"Article","@id":"https:\/\/urbeamea.ro\/albaiulia\/27-29-martie-targul-gradinarului-in-cetatea-alba-carolina-expozitii-cu-vanzare-prezentari-de-produse-si-material-saditor-demonstratii-si-sfaturi-practice-de-la-profesio\/#article","isPartOf":{"@id":"https:\/\/urbeamea.ro\/albaiulia\/27-29-martie-targul-gradinarului-in-cetatea-alba-carolina-expozitii-cu-vanzare-prezentari-de-produse-si-material-saditor-demonstratii-si-sfaturi-practice-de-la-profesio\/"},"author":{"name":"Giurca Sorin","@id":"https:\/\/urbeamea.ro\/albaiulia\/#\/schema\/person\/5db3854ac38c1cc9f0ab4092d6a20f02"},"headline":"27 \u2013 29 martie: \u201eT\u00e2rgul Gr\u0103dinarului\u201d \u00een Cetatea Alba Carolina: expozi\u021bii cu v\u00e2nzare, prezent\u0103ri de produse \u0219i material s\u0103ditor, demonstra\u021bii \u0219i sfaturi practice de la profesioni\u0219ti, Ateliere interactive copii","datePublished":"2026-03-27T06:35:09+00:00","dateModified":"2026-03-27T06:35:12+00:00","mainEntityOfPage":{"@id":"https:\/\/urbeamea.ro\/albaiulia\/27-29-martie-targul-gradinarului-in-cetatea-alba-carolina-expozitii-cu-vanzare-prezentari-de-produse-si-material-saditor-demonstratii-si-sfaturi-practice-de-la-profesio\/"},"wordCount":527,"commentCount":0,"keywords":["T\u00e2rgul gr\u0103dinarului"],"articleSection":["Actualitate","Cultur\u0103","Evenimente","Lifestyle &amp; Fashion","Monden","Social","\u015etiri Urbane","Turism \u0219i Ghidaj turistic","Urbea Mea"],"inLanguage":"ro-RO","potentialAction":[{"@type":"CommentAction","name":"Comment","target":["https:\/\/urbeamea.ro\/albaiulia\/27-29-martie-targul-gradinarului-in-cetatea-alba-carolina-expozitii-cu-vanzare-prezentari-de-produse-si-material-saditor-demonstratii-si-sfaturi-practice-de-la-profesio\/#respond"]}]},{"@type":"WebPage","@id":"https:\/\/urbeamea.ro\/albaiulia\/27-29-martie-targul-gradinarului-in-cetatea-alba-carolina-expozitii-cu-vanzare-prezentari-de-produse-si-material-saditor-demonstratii-si-sfaturi-practice-de-la-profesio\/","url":"https:\/\/urbeamea.ro\/albaiulia\/27-29-martie-targul-gradinarului-in-cetatea-alba-carolina-expozitii-cu-vanzare-prezentari-de-produse-si-material-saditor-demonstratii-si-sfaturi-practice-de-la-profesio\/","name":"27 \u2013 29 martie: \u201eT\u00e2rgul Gr\u0103dinarului\u201d \u00een Cetatea Alba Carolina: expozi\u021bii cu v\u00e2nzare, prezent\u0103ri de produse \u0219i material s\u0103ditor, demonstra\u021bii \u0219i sfaturi practice de la profesioni\u0219ti, Ateliere interactive copii - Revista Urbea Mea - Revista de Alba","isPartOf":{"@id":"https:\/\/urbeamea.ro\/albaiulia\/#website"},"datePublished":"2026-03-27T06:35:09+00:00","dateModified":"2026-03-27T06:35:12+00:00","author":{"@id":"https:\/\/urbeamea.ro\/albaiulia\/#\/schema\/person\/5db3854ac38c1cc9f0ab4092d6a20f02"},"description":"T\u00e2rgul Gr\u0103dinarului, unul dintre cele mai importante evenimente dedicate pasiona\u021bilor de horticultur\u0103 \u0219i agricultur\u0103, va avea loc la Alba Iulia \u00een","breadcrumb":{"@id":"https:\/\/urbeamea.ro\/albaiulia\/27-29-martie-targul-gradinarului-in-cetatea-alba-carolina-expozitii-cu-vanzare-prezentari-de-produse-si-material-saditor-demonstratii-si-sfaturi-practice-de-la-profesio\/#breadcrumb"},"inLanguage":"ro-RO","potentialAction":[{"@type":"ReadAction","target":["https:\/\/urbeamea.ro\/albaiulia\/27-29-martie-targul-gradinarului-in-cetatea-alba-carolina-expozitii-cu-vanzare-prezentari-de-produse-si-material-saditor-demonstratii-si-sfaturi-practice-de-la-profesio\/"]}]},{"@type":"BreadcrumbList","@id":"https:\/\/urbeamea.ro\/albaiulia\/27-29-martie-targul-gradinarului-in-cetatea-alba-carolina-expozitii-cu-vanzare-prezentari-de-produse-si-material-saditor-demonstratii-si-sfaturi-practice-de-la-profesio\/#breadcrumb","itemListElement":[{"@type":"ListItem","position":1,"name":"Prima pagin\u0103","item":"https:\/\/urbeamea.ro\/albaiulia\/"},{"@type":"ListItem","position":2,"name":"27 \u2013 29 martie: \u201eT\u00e2rgul Gr\u0103dinarului\u201d \u00een Cetatea Alba Carolina: expozi\u021bii cu v\u00e2nzare, prezent\u0103ri de produse \u0219i material s\u0103ditor, demonstra\u021bii \u0219i sfaturi practice de la profesioni\u0219ti, Ateliere interactive copii"}]},{"@type":"WebSite","@id":"https:\/\/urbeamea.ro\/albaiulia\/#website","url":"https:\/\/urbeamea.ro\/albaiulia\/","name":"Revista Urbea Mea, Stiri urbane","description":"Evenimente \u0219i \u0219tiri din Alba Iulia, Sebe\u0219, Aiud, Blaj","potentialAction":[{"@type":"SearchAction","target":{"@type":"EntryPoint","urlTemplate":"https:\/\/urbeamea.ro\/albaiulia\/?s={search_term_string}"},"query-input":{"@type":"PropertyValueSpecification","valueRequired":true,"valueName":"search_term_string"}}],"inLanguage":"ro-RO"},{"@type":"Person","@id":"https:\/\/urbeamea.ro\/albaiulia\/#\/schema\/person\/5db3854ac38c1cc9f0ab4092d6a20f02","name":"Giurca Sorin","image":{"@type":"ImageObject","inLanguage":"ro-RO","@id":"https:\/\/secure.gravatar.com\/avatar\/120f6fcae7b3b47a7730cb9943f612f4909f68ac5284b5f40ac1c4615fd70576?s=96&d=mm&r=g","url":"https:\/\/secure.gravatar.com\/avatar\/120f6fcae7b3b47a7730cb9943f612f4909f68ac5284b5f40ac1c4615fd70576?s=96&d=mm&r=g","contentUrl":"https:\/\/secure.gravatar.com\/avatar\/120f6fcae7b3b47a7730cb9943f612f4909f68ac5284b5f40ac1c4615fd70576?s=96&d=mm&r=g","caption":"Giurca Sorin"},"url":"https:\/\/urbeamea.ro\/albaiulia\/author\/sorin\/"}]}},"_links":{"self":[{"href":"https:\/\/urbeamea.ro\/albaiulia\/wp-json\/wp\/v2\/posts\/121805","targetHints":{"allow":["GET"]}}],"collection":[{"href":"https:\/\/urbeamea.ro\/albaiulia\/wp-json\/wp\/v2\/posts"}],"about":[{"href":"https:\/\/urbeamea.ro\/albaiulia\/wp-json\/wp\/v2\/types\/post"}],"author":[{"embeddable":true,"href":"https:\/\/urbeamea.ro\/albaiulia\/wp-json\/wp\/v2\/users\/28"}],"replies":[{"embeddable":true,"href":"https:\/\/urbeamea.ro\/albaiulia\/wp-json\/wp\/v2\/comments?post=121805"}],"version-history":[{"count":1,"href":"https:\/\/urbeamea.ro\/albaiulia\/wp-json\/wp\/v2\/posts\/121805\/revisions"}],"predecessor-version":[{"id":121806,"href":"https:\/\/urbeamea.ro\/albaiulia\/wp-json\/wp\/v2\/posts\/121805\/revisions\/121806"}],"wp:attachment":[{"href":"https:\/\/urbeamea.ro\/albaiulia\/wp-json\/wp\/v2\/media?parent=121805"}],"wp:term":[{"taxonomy":"category","embeddable":true,"href":"https:\/\/urbeamea.ro\/albaiulia\/wp-json\/wp\/v2\/categories?post=121805"},{"taxonomy":"post_tag","embeddable":true,"href":"https:\/\/urbeamea.ro\/albaiulia\/wp-json\/wp\/v2\/tags?post=121805"}],"curies":[{"name":"wp","href":"https:\/\/api.w.org\/{rel}","templated":true}]}}