{"id":121810,"date":"2026-03-29T13:43:41","date_gmt":"2026-03-29T10:43:41","guid":{"rendered":"https:\/\/urbeamea.ro\/albaiulia\/?p=121810"},"modified":"2026-03-29T13:43:45","modified_gmt":"2026-03-29T10:43:45","slug":"30-martie-2-aprilie-zilele-cartii-pentru-copii-si-tineret-la-biblioteca-din-sebes-ateliere-de-lectura-vizionare-de-film-pentru-copii-expozitie-de-carte","status":"publish","type":"post","link":"https:\/\/urbeamea.ro\/albaiulia\/30-martie-2-aprilie-zilele-cartii-pentru-copii-si-tineret-la-biblioteca-din-sebes-ateliere-de-lectura-vizionare-de-film-pentru-copii-expozitie-de-carte\/","title":{"rendered":"30 martie-2 aprilie: Zilele C\u0103r\u021bii pentru Copii \u0219i Tineret la Biblioteca din Sebe\u0219: Ateliere de lectur\u0103, vizionare de film pentru copii, expozi\u021bie de carte"},"content":{"rendered":"\n<p><strong>Data de 2 aprilie a fost declarat\u0103 Ziua Interna\u021bional\u0103 a C\u0103r\u021bii pentru Copii \u0219i Tineret \u0219i coincide cu aniversarea celui mai \u00eendr\u0103git autor de basme: scriitorul danez Hans Christian Andersen (2 aprilie 1805-4 august 1875).<\/strong><\/p>\n\n\n\n<p>Opera lui Andersen continu\u0103 s\u0103 fascineze genera\u021bii \u00eentregi, \u201eCr\u0103iasa z\u0103pezii\u201d, \u201eDege\u021bica\u201d, \u201eLebedele\u201d, \u201eHainele cele noi ale \u00eemp\u0103ratului\u201d, \u201eMica siren\u0103\u201d, \u201eFeti\u021ba cu chibrituri\u201d sunt doar c\u00e2teva dintre pove\u0219tile cele mai cunoscute, atemporale, adev\u0103rate lec\u021bii despre curaj, iubire, speran\u021b\u0103, cu personaje care \u00eei \u00eenc\u00e2nt\u0103 pe cei mai mici cititori.<\/p>\n\n\n\n<p>\u00cen perioada 30 martie \u2013 2 aprilie 2026, Centrul Cultural \u201eLucian Blaga\u201d Sebe\u0219, prin Biblioteca Municipal\u0103, va fi gazda Zilelor c\u0103r\u021bii pentru copii \u0219i tineret.  <\/p>\n\n\n\n<p>Ateliere de lectur\u0103, vizion\u0103ri de filme educative, expozi\u021bii de carte pentru copii, nout\u0103\u021bi editoriale vor fi preg\u0103tite cu bucurie, pentru pre\u0219colarii \u0219i elevii din municipiul Sebe\u0219 \u0219i din localit\u0103\u021bile apar\u021bin\u0103toare.<\/p>\n\n\n\n<p>De la farmecul basmelor clasice, p\u00e2n\u0103 la literatura contemporan\u0103 dedicat\u0103 copiilor \u0219i adolescen\u021bilor, participan\u021bii se vor bucura de o varietate bogat\u0103 de lecturi.<\/p>\n\n\n\n<p>V\u0103 a\u0219tept\u0103m, cu mult drag, la bibliotec\u0103!<\/p>\n\n\n\n<figure class=\"wp-block-gallery has-nested-images columns-default is-cropped wp-block-gallery-1 is-layout-flex wp-block-gallery-is-layout-flex\">\n<figure class=\"wp-block-image size-large\"><img loading=\"lazy\" decoding=\"async\" width=\"724\" height=\"1024\" data-id=\"121811\" src=\"https:\/\/urbeamea.ro\/albaiulia\/wp-content\/uploads\/2026\/03\/FB_IMG_1774780434315.jpg\" alt=\"\" class=\"wp-image-121811\" srcset=\"https:\/\/urbeamea.ro\/albaiulia\/wp-content\/uploads\/2026\/03\/FB_IMG_1774780434315.jpg 724w, https:\/\/urbeamea.ro\/albaiulia\/wp-content\/uploads\/2026\/03\/FB_IMG_1774780434315-453x640.jpg 453w, https:\/\/urbeamea.ro\/albaiulia\/wp-content\/uploads\/2026\/03\/FB_IMG_1774780434315-106x150.jpg 106w\" sizes=\"auto, (max-width: 724px) 100vw, 724px\" \/><\/figure>\n<\/figure>\n","protected":false},"excerpt":{"rendered":"<p>Data de 2 aprilie a fost declarat\u0103 Ziua Interna\u021bional\u0103 a C\u0103r\u021bii pentru Copii \u0219i Tineret \u0219i coincide cu aniversarea celui mai \u00eendr\u0103git autor de basme: scriitorul danez Hans Christian Andersen (2 aprilie 1805-4 august 1875). Opera lui Andersen continu\u0103 s\u0103 fascineze genera\u021bii \u00eentregi, \u201eCr\u0103iasa z\u0103pezii\u201d, \u201eDege\u021bica\u201d, \u201eLebedele\u201d, \u201eHainele cele noi ale \u00eemp\u0103ratului\u201d, \u201eMica siren\u0103\u201d, \u201eFeti\u021ba &hellip;<\/p>\n","protected":false},"author":28,"featured_media":121811,"comment_status":"open","ping_status":"open","sticky":false,"template":"","format":"standard","meta":{"inline_featured_image":false,"footnotes":""},"categories":[23926,2038,2039,4,2036,2034,1,61,16344],"tags":[22425,25556],"class_list":["post-121810","post","type-post","status-publish","format-standard","has-post-thumbnail","hentry","category-actualitate","category-cultura","category-educatie","category-eveniment","category-monden","category-social","category-stiri-urbane","category-turism","category-urbea-mea","tag-biblioteca-din-sebes","tag-zilele-cartii-pentru-copii-si-tineret"],"yoast_head":"<!-- This site is optimized with the Yoast SEO plugin v27.4 - https:\/\/yoast.com\/product\/yoast-seo-wordpress\/ -->\n<title>30 martie-2 aprilie: Zilele C\u0103r\u021bii pentru Copii \u0219i Tineret la Biblioteca din Sebe\u0219: Ateliere de lectur\u0103, vizionare de film pentru copii, expozi\u021bie de carte - Revista Urbea Mea - Revista de Alba<\/title>\n<meta name=\"description\" content=\"Data de 2 aprilie a fost declarat\u0103 Ziua Interna\u021bional\u0103 a C\u0103r\u021bii pentru Copii \u0219i Tineret \u0219i coincide cu aniversarea celui mai \u00eendr\u0103git autor de basme:\" \/>\n<meta name=\"robots\" content=\"index, follow, max-snippet:-1, max-image-preview:large, max-video-preview:-1\" \/>\n<link rel=\"canonical\" href=\"https:\/\/urbeamea.ro\/albaiulia\/30-martie-2-aprilie-zilele-cartii-pentru-copii-si-tineret-la-biblioteca-din-sebes-ateliere-de-lectura-vizionare-de-film-pentru-copii-expozitie-de-carte\/\" \/>\n<meta name=\"twitter:card\" content=\"summary_large_image\" \/>\n<meta name=\"twitter:title\" content=\"30 martie-2 aprilie: Zilele C\u0103r\u021bii pentru Copii \u0219i Tineret la Biblioteca din Sebe\u0219: Ateliere de lectur\u0103, vizionare de film pentru copii, expozi\u021bie de carte - Revista Urbea Mea - Revista de Alba\" \/>\n<meta name=\"twitter:description\" content=\"Data de 2 aprilie a fost declarat\u0103 Ziua Interna\u021bional\u0103 a C\u0103r\u021bii pentru Copii \u0219i Tineret \u0219i coincide cu aniversarea celui mai \u00eendr\u0103git autor de basme:\" \/>\n<meta name=\"twitter:image\" content=\"https:\/\/urbeamea.ro\/albaiulia\/wp-content\/uploads\/2026\/03\/FB_IMG_1774780434315.jpg\" \/>\n<meta name=\"twitter:creator\" content=\"@urbeameaweb\" \/>\n<meta name=\"twitter:site\" content=\"@urbeameaweb\" \/>\n<script type=\"application\/ld+json\" class=\"yoast-schema-graph\">{\"@context\":\"https:\\\/\\\/schema.org\",\"@graph\":[{\"@type\":\"Article\",\"@id\":\"https:\\\/\\\/urbeamea.ro\\\/albaiulia\\\/30-martie-2-aprilie-zilele-cartii-pentru-copii-si-tineret-la-biblioteca-din-sebes-ateliere-de-lectura-vizionare-de-film-pentru-copii-expozitie-de-carte\\\/#article\",\"isPartOf\":{\"@id\":\"https:\\\/\\\/urbeamea.ro\\\/albaiulia\\\/30-martie-2-aprilie-zilele-cartii-pentru-copii-si-tineret-la-biblioteca-din-sebes-ateliere-de-lectura-vizionare-de-film-pentru-copii-expozitie-de-carte\\\/\"},\"author\":{\"name\":\"Giurca Sorin\",\"@id\":\"https:\\\/\\\/urbeamea.ro\\\/albaiulia\\\/#\\\/schema\\\/person\\\/5db3854ac38c1cc9f0ab4092d6a20f02\"},\"headline\":\"30 martie-2 aprilie: Zilele C\u0103r\u021bii pentru Copii \u0219i Tineret la Biblioteca din Sebe\u0219: Ateliere de lectur\u0103, vizionare de film pentru copii, expozi\u021bie de carte\",\"datePublished\":\"2026-03-29T10:43:41+00:00\",\"dateModified\":\"2026-03-29T10:43:45+00:00\",\"mainEntityOfPage\":{\"@id\":\"https:\\\/\\\/urbeamea.ro\\\/albaiulia\\\/30-martie-2-aprilie-zilele-cartii-pentru-copii-si-tineret-la-biblioteca-din-sebes-ateliere-de-lectura-vizionare-de-film-pentru-copii-expozitie-de-carte\\\/\"},\"wordCount\":216,\"commentCount\":0,\"image\":{\"@id\":\"https:\\\/\\\/urbeamea.ro\\\/albaiulia\\\/30-martie-2-aprilie-zilele-cartii-pentru-copii-si-tineret-la-biblioteca-din-sebes-ateliere-de-lectura-vizionare-de-film-pentru-copii-expozitie-de-carte\\\/#primaryimage\"},\"thumbnailUrl\":\"https:\\\/\\\/urbeamea.ro\\\/albaiulia\\\/wp-content\\\/uploads\\\/2026\\\/03\\\/FB_IMG_1774780434315.jpg\",\"keywords\":[\"biblioteca din sebes\",\"Zilele C\u0103r\u021bii pentru Copii \u0219i Tineret\"],\"articleSection\":[\"Actualitate\",\"Cultur\u0103\",\"Educa\u021bie\",\"Evenimente\",\"Monden\",\"Social\",\"\u015etiri Urbane\",\"Turism \u0219i Ghidaj turistic\",\"Urbea Mea\"],\"inLanguage\":\"ro-RO\",\"potentialAction\":[{\"@type\":\"CommentAction\",\"name\":\"Comment\",\"target\":[\"https:\\\/\\\/urbeamea.ro\\\/albaiulia\\\/30-martie-2-aprilie-zilele-cartii-pentru-copii-si-tineret-la-biblioteca-din-sebes-ateliere-de-lectura-vizionare-de-film-pentru-copii-expozitie-de-carte\\\/#respond\"]}]},{\"@type\":\"WebPage\",\"@id\":\"https:\\\/\\\/urbeamea.ro\\\/albaiulia\\\/30-martie-2-aprilie-zilele-cartii-pentru-copii-si-tineret-la-biblioteca-din-sebes-ateliere-de-lectura-vizionare-de-film-pentru-copii-expozitie-de-carte\\\/\",\"url\":\"https:\\\/\\\/urbeamea.ro\\\/albaiulia\\\/30-martie-2-aprilie-zilele-cartii-pentru-copii-si-tineret-la-biblioteca-din-sebes-ateliere-de-lectura-vizionare-de-film-pentru-copii-expozitie-de-carte\\\/\",\"name\":\"30 martie-2 aprilie: Zilele C\u0103r\u021bii pentru Copii \u0219i Tineret la Biblioteca din Sebe\u0219: Ateliere de lectur\u0103, vizionare de film pentru copii, expozi\u021bie de carte - Revista Urbea Mea - Revista de Alba\",\"isPartOf\":{\"@id\":\"https:\\\/\\\/urbeamea.ro\\\/albaiulia\\\/#website\"},\"primaryImageOfPage\":{\"@id\":\"https:\\\/\\\/urbeamea.ro\\\/albaiulia\\\/30-martie-2-aprilie-zilele-cartii-pentru-copii-si-tineret-la-biblioteca-din-sebes-ateliere-de-lectura-vizionare-de-film-pentru-copii-expozitie-de-carte\\\/#primaryimage\"},\"image\":{\"@id\":\"https:\\\/\\\/urbeamea.ro\\\/albaiulia\\\/30-martie-2-aprilie-zilele-cartii-pentru-copii-si-tineret-la-biblioteca-din-sebes-ateliere-de-lectura-vizionare-de-film-pentru-copii-expozitie-de-carte\\\/#primaryimage\"},\"thumbnailUrl\":\"https:\\\/\\\/urbeamea.ro\\\/albaiulia\\\/wp-content\\\/uploads\\\/2026\\\/03\\\/FB_IMG_1774780434315.jpg\",\"datePublished\":\"2026-03-29T10:43:41+00:00\",\"dateModified\":\"2026-03-29T10:43:45+00:00\",\"author\":{\"@id\":\"https:\\\/\\\/urbeamea.ro\\\/albaiulia\\\/#\\\/schema\\\/person\\\/5db3854ac38c1cc9f0ab4092d6a20f02\"},\"description\":\"Data de 2 aprilie a fost declarat\u0103 Ziua Interna\u021bional\u0103 a C\u0103r\u021bii pentru Copii \u0219i Tineret \u0219i coincide cu aniversarea celui mai \u00eendr\u0103git autor de basme:\",\"breadcrumb\":{\"@id\":\"https:\\\/\\\/urbeamea.ro\\\/albaiulia\\\/30-martie-2-aprilie-zilele-cartii-pentru-copii-si-tineret-la-biblioteca-din-sebes-ateliere-de-lectura-vizionare-de-film-pentru-copii-expozitie-de-carte\\\/#breadcrumb\"},\"inLanguage\":\"ro-RO\",\"potentialAction\":[{\"@type\":\"ReadAction\",\"target\":[\"https:\\\/\\\/urbeamea.ro\\\/albaiulia\\\/30-martie-2-aprilie-zilele-cartii-pentru-copii-si-tineret-la-biblioteca-din-sebes-ateliere-de-lectura-vizionare-de-film-pentru-copii-expozitie-de-carte\\\/\"]}]},{\"@type\":\"ImageObject\",\"inLanguage\":\"ro-RO\",\"@id\":\"https:\\\/\\\/urbeamea.ro\\\/albaiulia\\\/30-martie-2-aprilie-zilele-cartii-pentru-copii-si-tineret-la-biblioteca-din-sebes-ateliere-de-lectura-vizionare-de-film-pentru-copii-expozitie-de-carte\\\/#primaryimage\",\"url\":\"https:\\\/\\\/urbeamea.ro\\\/albaiulia\\\/wp-content\\\/uploads\\\/2026\\\/03\\\/FB_IMG_1774780434315.jpg\",\"contentUrl\":\"https:\\\/\\\/urbeamea.ro\\\/albaiulia\\\/wp-content\\\/uploads\\\/2026\\\/03\\\/FB_IMG_1774780434315.jpg\",\"width\":724,\"height\":1024},{\"@type\":\"BreadcrumbList\",\"@id\":\"https:\\\/\\\/urbeamea.ro\\\/albaiulia\\\/30-martie-2-aprilie-zilele-cartii-pentru-copii-si-tineret-la-biblioteca-din-sebes-ateliere-de-lectura-vizionare-de-film-pentru-copii-expozitie-de-carte\\\/#breadcrumb\",\"itemListElement\":[{\"@type\":\"ListItem\",\"position\":1,\"name\":\"Prima pagin\u0103\",\"item\":\"https:\\\/\\\/urbeamea.ro\\\/albaiulia\\\/\"},{\"@type\":\"ListItem\",\"position\":2,\"name\":\"30 martie-2 aprilie: Zilele C\u0103r\u021bii pentru Copii \u0219i Tineret la Biblioteca din Sebe\u0219: Ateliere de lectur\u0103, vizionare de film pentru copii, expozi\u021bie de carte\"}]},{\"@type\":\"WebSite\",\"@id\":\"https:\\\/\\\/urbeamea.ro\\\/albaiulia\\\/#website\",\"url\":\"https:\\\/\\\/urbeamea.ro\\\/albaiulia\\\/\",\"name\":\"Revista Urbea Mea, Stiri urbane\",\"description\":\"Evenimente \u0219i \u0219tiri din Alba Iulia, Sebe\u0219, Aiud, Blaj\",\"potentialAction\":[{\"@type\":\"SearchAction\",\"target\":{\"@type\":\"EntryPoint\",\"urlTemplate\":\"https:\\\/\\\/urbeamea.ro\\\/albaiulia\\\/?s={search_term_string}\"},\"query-input\":{\"@type\":\"PropertyValueSpecification\",\"valueRequired\":true,\"valueName\":\"search_term_string\"}}],\"inLanguage\":\"ro-RO\"},{\"@type\":\"Person\",\"@id\":\"https:\\\/\\\/urbeamea.ro\\\/albaiulia\\\/#\\\/schema\\\/person\\\/5db3854ac38c1cc9f0ab4092d6a20f02\",\"name\":\"Giurca Sorin\",\"image\":{\"@type\":\"ImageObject\",\"inLanguage\":\"ro-RO\",\"@id\":\"https:\\\/\\\/secure.gravatar.com\\\/avatar\\\/120f6fcae7b3b47a7730cb9943f612f4909f68ac5284b5f40ac1c4615fd70576?s=96&d=mm&r=g\",\"url\":\"https:\\\/\\\/secure.gravatar.com\\\/avatar\\\/120f6fcae7b3b47a7730cb9943f612f4909f68ac5284b5f40ac1c4615fd70576?s=96&d=mm&r=g\",\"contentUrl\":\"https:\\\/\\\/secure.gravatar.com\\\/avatar\\\/120f6fcae7b3b47a7730cb9943f612f4909f68ac5284b5f40ac1c4615fd70576?s=96&d=mm&r=g\",\"caption\":\"Giurca Sorin\"},\"url\":\"https:\\\/\\\/urbeamea.ro\\\/albaiulia\\\/author\\\/sorin\\\/\"}]}<\/script>\n<!-- \/ Yoast SEO plugin. -->","yoast_head_json":{"title":"30 martie-2 aprilie: Zilele C\u0103r\u021bii pentru Copii \u0219i Tineret la Biblioteca din Sebe\u0219: Ateliere de lectur\u0103, vizionare de film pentru copii, expozi\u021bie de carte - Revista Urbea Mea - Revista de Alba","description":"Data de 2 aprilie a fost declarat\u0103 Ziua Interna\u021bional\u0103 a C\u0103r\u021bii pentru Copii \u0219i Tineret \u0219i coincide cu aniversarea celui mai \u00eendr\u0103git autor de basme:","robots":{"index":"index","follow":"follow","max-snippet":"max-snippet:-1","max-image-preview":"max-image-preview:large","max-video-preview":"max-video-preview:-1"},"canonical":"https:\/\/urbeamea.ro\/albaiulia\/30-martie-2-aprilie-zilele-cartii-pentru-copii-si-tineret-la-biblioteca-din-sebes-ateliere-de-lectura-vizionare-de-film-pentru-copii-expozitie-de-carte\/","twitter_card":"summary_large_image","twitter_title":"30 martie-2 aprilie: Zilele C\u0103r\u021bii pentru Copii \u0219i Tineret la Biblioteca din Sebe\u0219: Ateliere de lectur\u0103, vizionare de film pentru copii, expozi\u021bie de carte - Revista Urbea Mea - Revista de Alba","twitter_description":"Data de 2 aprilie a fost declarat\u0103 Ziua Interna\u021bional\u0103 a C\u0103r\u021bii pentru Copii \u0219i Tineret \u0219i coincide cu aniversarea celui mai \u00eendr\u0103git autor de basme:","twitter_image":"https:\/\/urbeamea.ro\/albaiulia\/wp-content\/uploads\/2026\/03\/FB_IMG_1774780434315.jpg","twitter_creator":"@urbeameaweb","twitter_site":"@urbeameaweb","schema":{"@context":"https:\/\/schema.org","@graph":[{"@type":"Article","@id":"https:\/\/urbeamea.ro\/albaiulia\/30-martie-2-aprilie-zilele-cartii-pentru-copii-si-tineret-la-biblioteca-din-sebes-ateliere-de-lectura-vizionare-de-film-pentru-copii-expozitie-de-carte\/#article","isPartOf":{"@id":"https:\/\/urbeamea.ro\/albaiulia\/30-martie-2-aprilie-zilele-cartii-pentru-copii-si-tineret-la-biblioteca-din-sebes-ateliere-de-lectura-vizionare-de-film-pentru-copii-expozitie-de-carte\/"},"author":{"name":"Giurca Sorin","@id":"https:\/\/urbeamea.ro\/albaiulia\/#\/schema\/person\/5db3854ac38c1cc9f0ab4092d6a20f02"},"headline":"30 martie-2 aprilie: Zilele C\u0103r\u021bii pentru Copii \u0219i Tineret la Biblioteca din Sebe\u0219: Ateliere de lectur\u0103, vizionare de film pentru copii, expozi\u021bie de carte","datePublished":"2026-03-29T10:43:41+00:00","dateModified":"2026-03-29T10:43:45+00:00","mainEntityOfPage":{"@id":"https:\/\/urbeamea.ro\/albaiulia\/30-martie-2-aprilie-zilele-cartii-pentru-copii-si-tineret-la-biblioteca-din-sebes-ateliere-de-lectura-vizionare-de-film-pentru-copii-expozitie-de-carte\/"},"wordCount":216,"commentCount":0,"image":{"@id":"https:\/\/urbeamea.ro\/albaiulia\/30-martie-2-aprilie-zilele-cartii-pentru-copii-si-tineret-la-biblioteca-din-sebes-ateliere-de-lectura-vizionare-de-film-pentru-copii-expozitie-de-carte\/#primaryimage"},"thumbnailUrl":"https:\/\/urbeamea.ro\/albaiulia\/wp-content\/uploads\/2026\/03\/FB_IMG_1774780434315.jpg","keywords":["biblioteca din sebes","Zilele C\u0103r\u021bii pentru Copii \u0219i Tineret"],"articleSection":["Actualitate","Cultur\u0103","Educa\u021bie","Evenimente","Monden","Social","\u015etiri Urbane","Turism \u0219i Ghidaj turistic","Urbea Mea"],"inLanguage":"ro-RO","potentialAction":[{"@type":"CommentAction","name":"Comment","target":["https:\/\/urbeamea.ro\/albaiulia\/30-martie-2-aprilie-zilele-cartii-pentru-copii-si-tineret-la-biblioteca-din-sebes-ateliere-de-lectura-vizionare-de-film-pentru-copii-expozitie-de-carte\/#respond"]}]},{"@type":"WebPage","@id":"https:\/\/urbeamea.ro\/albaiulia\/30-martie-2-aprilie-zilele-cartii-pentru-copii-si-tineret-la-biblioteca-din-sebes-ateliere-de-lectura-vizionare-de-film-pentru-copii-expozitie-de-carte\/","url":"https:\/\/urbeamea.ro\/albaiulia\/30-martie-2-aprilie-zilele-cartii-pentru-copii-si-tineret-la-biblioteca-din-sebes-ateliere-de-lectura-vizionare-de-film-pentru-copii-expozitie-de-carte\/","name":"30 martie-2 aprilie: Zilele C\u0103r\u021bii pentru Copii \u0219i Tineret la Biblioteca din Sebe\u0219: Ateliere de lectur\u0103, vizionare de film pentru copii, expozi\u021bie de carte - Revista Urbea Mea - Revista de Alba","isPartOf":{"@id":"https:\/\/urbeamea.ro\/albaiulia\/#website"},"primaryImageOfPage":{"@id":"https:\/\/urbeamea.ro\/albaiulia\/30-martie-2-aprilie-zilele-cartii-pentru-copii-si-tineret-la-biblioteca-din-sebes-ateliere-de-lectura-vizionare-de-film-pentru-copii-expozitie-de-carte\/#primaryimage"},"image":{"@id":"https:\/\/urbeamea.ro\/albaiulia\/30-martie-2-aprilie-zilele-cartii-pentru-copii-si-tineret-la-biblioteca-din-sebes-ateliere-de-lectura-vizionare-de-film-pentru-copii-expozitie-de-carte\/#primaryimage"},"thumbnailUrl":"https:\/\/urbeamea.ro\/albaiulia\/wp-content\/uploads\/2026\/03\/FB_IMG_1774780434315.jpg","datePublished":"2026-03-29T10:43:41+00:00","dateModified":"2026-03-29T10:43:45+00:00","author":{"@id":"https:\/\/urbeamea.ro\/albaiulia\/#\/schema\/person\/5db3854ac38c1cc9f0ab4092d6a20f02"},"description":"Data de 2 aprilie a fost declarat\u0103 Ziua Interna\u021bional\u0103 a C\u0103r\u021bii pentru Copii \u0219i Tineret \u0219i coincide cu aniversarea celui mai \u00eendr\u0103git autor de basme:","breadcrumb":{"@id":"https:\/\/urbeamea.ro\/albaiulia\/30-martie-2-aprilie-zilele-cartii-pentru-copii-si-tineret-la-biblioteca-din-sebes-ateliere-de-lectura-vizionare-de-film-pentru-copii-expozitie-de-carte\/#breadcrumb"},"inLanguage":"ro-RO","potentialAction":[{"@type":"ReadAction","target":["https:\/\/urbeamea.ro\/albaiulia\/30-martie-2-aprilie-zilele-cartii-pentru-copii-si-tineret-la-biblioteca-din-sebes-ateliere-de-lectura-vizionare-de-film-pentru-copii-expozitie-de-carte\/"]}]},{"@type":"ImageObject","inLanguage":"ro-RO","@id":"https:\/\/urbeamea.ro\/albaiulia\/30-martie-2-aprilie-zilele-cartii-pentru-copii-si-tineret-la-biblioteca-din-sebes-ateliere-de-lectura-vizionare-de-film-pentru-copii-expozitie-de-carte\/#primaryimage","url":"https:\/\/urbeamea.ro\/albaiulia\/wp-content\/uploads\/2026\/03\/FB_IMG_1774780434315.jpg","contentUrl":"https:\/\/urbeamea.ro\/albaiulia\/wp-content\/uploads\/2026\/03\/FB_IMG_1774780434315.jpg","width":724,"height":1024},{"@type":"BreadcrumbList","@id":"https:\/\/urbeamea.ro\/albaiulia\/30-martie-2-aprilie-zilele-cartii-pentru-copii-si-tineret-la-biblioteca-din-sebes-ateliere-de-lectura-vizionare-de-film-pentru-copii-expozitie-de-carte\/#breadcrumb","itemListElement":[{"@type":"ListItem","position":1,"name":"Prima pagin\u0103","item":"https:\/\/urbeamea.ro\/albaiulia\/"},{"@type":"ListItem","position":2,"name":"30 martie-2 aprilie: Zilele C\u0103r\u021bii pentru Copii \u0219i Tineret la Biblioteca din Sebe\u0219: Ateliere de lectur\u0103, vizionare de film pentru copii, expozi\u021bie de carte"}]},{"@type":"WebSite","@id":"https:\/\/urbeamea.ro\/albaiulia\/#website","url":"https:\/\/urbeamea.ro\/albaiulia\/","name":"Revista Urbea Mea, Stiri urbane","description":"Evenimente \u0219i \u0219tiri din Alba Iulia, Sebe\u0219, Aiud, Blaj","potentialAction":[{"@type":"SearchAction","target":{"@type":"EntryPoint","urlTemplate":"https:\/\/urbeamea.ro\/albaiulia\/?s={search_term_string}"},"query-input":{"@type":"PropertyValueSpecification","valueRequired":true,"valueName":"search_term_string"}}],"inLanguage":"ro-RO"},{"@type":"Person","@id":"https:\/\/urbeamea.ro\/albaiulia\/#\/schema\/person\/5db3854ac38c1cc9f0ab4092d6a20f02","name":"Giurca Sorin","image":{"@type":"ImageObject","inLanguage":"ro-RO","@id":"https:\/\/secure.gravatar.com\/avatar\/120f6fcae7b3b47a7730cb9943f612f4909f68ac5284b5f40ac1c4615fd70576?s=96&d=mm&r=g","url":"https:\/\/secure.gravatar.com\/avatar\/120f6fcae7b3b47a7730cb9943f612f4909f68ac5284b5f40ac1c4615fd70576?s=96&d=mm&r=g","contentUrl":"https:\/\/secure.gravatar.com\/avatar\/120f6fcae7b3b47a7730cb9943f612f4909f68ac5284b5f40ac1c4615fd70576?s=96&d=mm&r=g","caption":"Giurca Sorin"},"url":"https:\/\/urbeamea.ro\/albaiulia\/author\/sorin\/"}]}},"_links":{"self":[{"href":"https:\/\/urbeamea.ro\/albaiulia\/wp-json\/wp\/v2\/posts\/121810","targetHints":{"allow":["GET"]}}],"collection":[{"href":"https:\/\/urbeamea.ro\/albaiulia\/wp-json\/wp\/v2\/posts"}],"about":[{"href":"https:\/\/urbeamea.ro\/albaiulia\/wp-json\/wp\/v2\/types\/post"}],"author":[{"embeddable":true,"href":"https:\/\/urbeamea.ro\/albaiulia\/wp-json\/wp\/v2\/users\/28"}],"replies":[{"embeddable":true,"href":"https:\/\/urbeamea.ro\/albaiulia\/wp-json\/wp\/v2\/comments?post=121810"}],"version-history":[{"count":1,"href":"https:\/\/urbeamea.ro\/albaiulia\/wp-json\/wp\/v2\/posts\/121810\/revisions"}],"predecessor-version":[{"id":121812,"href":"https:\/\/urbeamea.ro\/albaiulia\/wp-json\/wp\/v2\/posts\/121810\/revisions\/121812"}],"wp:featuredmedia":[{"embeddable":true,"href":"https:\/\/urbeamea.ro\/albaiulia\/wp-json\/wp\/v2\/media\/121811"}],"wp:attachment":[{"href":"https:\/\/urbeamea.ro\/albaiulia\/wp-json\/wp\/v2\/media?parent=121810"}],"wp:term":[{"taxonomy":"category","embeddable":true,"href":"https:\/\/urbeamea.ro\/albaiulia\/wp-json\/wp\/v2\/categories?post=121810"},{"taxonomy":"post_tag","embeddable":true,"href":"https:\/\/urbeamea.ro\/albaiulia\/wp-json\/wp\/v2\/tags?post=121810"}],"curies":[{"name":"wp","href":"https:\/\/api.w.org\/{rel}","templated":true}]}}