{"id":121813,"date":"2026-03-29T17:00:27","date_gmt":"2026-03-29T14:00:27","guid":{"rendered":"https:\/\/urbeamea.ro\/albaiulia\/?p=121813"},"modified":"2026-03-29T17:00:30","modified_gmt":"2026-03-29T14:00:30","slug":"despre-familie-in-lumina-sfintelor-scripturi-moment-catehetic-in-parohia-acmariu","status":"publish","type":"post","link":"https:\/\/urbeamea.ro\/albaiulia\/despre-familie-in-lumina-sfintelor-scripturi-moment-catehetic-in-parohia-acmariu\/","title":{"rendered":"Despre familie \u00een lumina Sfintelor Scripturi. Moment catehetic \u00een parohia Acmariu"},"content":{"rendered":"\n<p><strong>\u00cen<\/strong> <strong>data de 26 martie 2026, comunitatea parohiei Acmariu, protopopiatul Sebe\u0219, a avut bucuria de a-l avea \u00een mijlocul ei pe p\u0103rintele conf. univ. dr. Alexandru Moldovan, cadru didactic universitar la Facultatea de Teologie Ortodox\u0103 din Alba Iulia.<\/strong><\/p>\n\n\n\n<p>\u00cen prezen\u021ba a numero\u0219i tineri \u0219i a p\u0103rin\u021bilor acestora, sfin\u021bia sa a sus\u021binut o catehez\u0103 care s-a \u00eencadrat nu doar \u00een tematicile generale ale Anului omagial \u0219i comemorativ, ci \u0219i \u00een semantica teologic\u0103 a acestor zile, oferit\u0103 de Praznicul Bunei Vestiri.<\/p>\n\n\n\n<p>Legat\u0103 indispensabil de Taina Cununiei, povestea familiei se na\u0219te \u00eenc\u0103 din Eden, unde ,,femeia a fost zidit\u0103 din coapsa b\u0103rbatului, nu din cap, pentru a fi o ra\u021biune superioar\u0103 b\u0103rbatului, nu din picioare, pentru a fi c\u0103lcat\u0103 \u00een picioare, ci din coast\u0103, adic\u0103 din dreptul inimii, acolo unde str\u00e2ngi persoana iubit\u0103 pentru a-i oferi ocrotire, siguran\u021b\u0103\u201d, a subliniat p\u0103rintele Alexandru Moldovan, \u00een cheia unei interpret\u0103ri a Talmudului.<\/p>\n\n\n\n<p>Cu numeroase exemple \u0219i analogii din lectura Vechiului \u0219i Noului Testament, reu\u0219ita catehezei a fost amplificat\u0103 de adaptarea \u0219i transmiterea ideilor, at\u00e2t grupului de copii, c\u00e2t \u0219i celui de adul\u021bi.<\/p>\n\n\n\n<p>Dup\u0103 reflec\u021bia asupra luminii \u00een care este pus\u0103 familia \u00een lectura Noului Testament \u0219i \u00een \u00eenv\u0103\u021b\u0103tura Bisericii, utiliz\u00e2nd textul Epistolei c\u0103tre Efeseni, respectiv apostolul de la Taina Cununiei, p\u0103rintele profesor Alexandru Moldovan a conchis c\u00e2teva sfaturi-\u201epiloni\u201d, printre care \u0219i deprinderea urm\u0103toarelor cuvinte \u00een familie: \u201e\u00cemi dai voie?\u201d, \u201eMul\u021bumesc\u201d \u0219i \u201eIart\u0103-m\u0103\u201d.<\/p>\n\n\n\n<figure class=\"wp-block-gallery has-nested-images columns-default is-cropped wp-block-gallery-1 is-layout-flex wp-block-gallery-is-layout-flex\">\n<figure class=\"wp-block-image size-large\"><img loading=\"lazy\" decoding=\"async\" width=\"1280\" height=\"853\" data-id=\"121814\" src=\"https:\/\/urbeamea.ro\/albaiulia\/wp-content\/uploads\/2026\/03\/FB_IMG_1774792379569-1280x853.jpg\" alt=\"\" class=\"wp-image-121814\" srcset=\"https:\/\/urbeamea.ro\/albaiulia\/wp-content\/uploads\/2026\/03\/FB_IMG_1774792379569-1280x853.jpg 1280w, https:\/\/urbeamea.ro\/albaiulia\/wp-content\/uploads\/2026\/03\/FB_IMG_1774792379569-640x426.jpg 640w, https:\/\/urbeamea.ro\/albaiulia\/wp-content\/uploads\/2026\/03\/FB_IMG_1774792379569-150x100.jpg 150w, https:\/\/urbeamea.ro\/albaiulia\/wp-content\/uploads\/2026\/03\/FB_IMG_1774792379569-768x512.jpg 768w, https:\/\/urbeamea.ro\/albaiulia\/wp-content\/uploads\/2026\/03\/FB_IMG_1774792379569-1536x1023.jpg 1536w, https:\/\/urbeamea.ro\/albaiulia\/wp-content\/uploads\/2026\/03\/FB_IMG_1774792379569.jpg 1600w\" sizes=\"auto, (max-width: 1280px) 100vw, 1280px\" \/><\/figure>\n\n\n\n<figure class=\"wp-block-image size-large\"><img loading=\"lazy\" decoding=\"async\" width=\"1280\" height=\"853\" data-id=\"121815\" src=\"https:\/\/urbeamea.ro\/albaiulia\/wp-content\/uploads\/2026\/03\/FB_IMG_1774792381762-1280x853.jpg\" alt=\"\" class=\"wp-image-121815\" srcset=\"https:\/\/urbeamea.ro\/albaiulia\/wp-content\/uploads\/2026\/03\/FB_IMG_1774792381762-1280x853.jpg 1280w, https:\/\/urbeamea.ro\/albaiulia\/wp-content\/uploads\/2026\/03\/FB_IMG_1774792381762-640x426.jpg 640w, https:\/\/urbeamea.ro\/albaiulia\/wp-content\/uploads\/2026\/03\/FB_IMG_1774792381762-150x100.jpg 150w, https:\/\/urbeamea.ro\/albaiulia\/wp-content\/uploads\/2026\/03\/FB_IMG_1774792381762-768x512.jpg 768w, https:\/\/urbeamea.ro\/albaiulia\/wp-content\/uploads\/2026\/03\/FB_IMG_1774792381762-1536x1023.jpg 1536w, https:\/\/urbeamea.ro\/albaiulia\/wp-content\/uploads\/2026\/03\/FB_IMG_1774792381762.jpg 1600w\" sizes=\"auto, (max-width: 1280px) 100vw, 1280px\" \/><\/figure>\n\n\n\n<figure class=\"wp-block-image size-large\"><img loading=\"lazy\" decoding=\"async\" width=\"1280\" height=\"853\" data-id=\"121816\" src=\"https:\/\/urbeamea.ro\/albaiulia\/wp-content\/uploads\/2026\/03\/FB_IMG_1774792374899-1280x853.jpg\" alt=\"\" class=\"wp-image-121816\" srcset=\"https:\/\/urbeamea.ro\/albaiulia\/wp-content\/uploads\/2026\/03\/FB_IMG_1774792374899-1280x853.jpg 1280w, https:\/\/urbeamea.ro\/albaiulia\/wp-content\/uploads\/2026\/03\/FB_IMG_1774792374899-640x426.jpg 640w, https:\/\/urbeamea.ro\/albaiulia\/wp-content\/uploads\/2026\/03\/FB_IMG_1774792374899-150x100.jpg 150w, https:\/\/urbeamea.ro\/albaiulia\/wp-content\/uploads\/2026\/03\/FB_IMG_1774792374899-768x512.jpg 768w, https:\/\/urbeamea.ro\/albaiulia\/wp-content\/uploads\/2026\/03\/FB_IMG_1774792374899-1536x1023.jpg 1536w, https:\/\/urbeamea.ro\/albaiulia\/wp-content\/uploads\/2026\/03\/FB_IMG_1774792374899.jpg 1600w\" sizes=\"auto, (max-width: 1280px) 100vw, 1280px\" \/><\/figure>\n\n\n\n<figure class=\"wp-block-image size-large\"><img loading=\"lazy\" decoding=\"async\" width=\"1280\" height=\"853\" data-id=\"121817\" src=\"https:\/\/urbeamea.ro\/albaiulia\/wp-content\/uploads\/2026\/03\/FB_IMG_1774792377192-1280x853.jpg\" alt=\"\" class=\"wp-image-121817\" srcset=\"https:\/\/urbeamea.ro\/albaiulia\/wp-content\/uploads\/2026\/03\/FB_IMG_1774792377192-1280x853.jpg 1280w, https:\/\/urbeamea.ro\/albaiulia\/wp-content\/uploads\/2026\/03\/FB_IMG_1774792377192-640x426.jpg 640w, https:\/\/urbeamea.ro\/albaiulia\/wp-content\/uploads\/2026\/03\/FB_IMG_1774792377192-150x100.jpg 150w, https:\/\/urbeamea.ro\/albaiulia\/wp-content\/uploads\/2026\/03\/FB_IMG_1774792377192-768x512.jpg 768w, https:\/\/urbeamea.ro\/albaiulia\/wp-content\/uploads\/2026\/03\/FB_IMG_1774792377192-1536x1023.jpg 1536w, https:\/\/urbeamea.ro\/albaiulia\/wp-content\/uploads\/2026\/03\/FB_IMG_1774792377192.jpg 1600w\" sizes=\"auto, (max-width: 1280px) 100vw, 1280px\" \/><\/figure>\n\n\n\n<figure class=\"wp-block-image size-large\"><img loading=\"lazy\" decoding=\"async\" width=\"1280\" height=\"853\" data-id=\"121818\" src=\"https:\/\/urbeamea.ro\/albaiulia\/wp-content\/uploads\/2026\/03\/FB_IMG_1774792370429-1280x853.jpg\" alt=\"\" class=\"wp-image-121818\" srcset=\"https:\/\/urbeamea.ro\/albaiulia\/wp-content\/uploads\/2026\/03\/FB_IMG_1774792370429-1280x853.jpg 1280w, https:\/\/urbeamea.ro\/albaiulia\/wp-content\/uploads\/2026\/03\/FB_IMG_1774792370429-640x426.jpg 640w, https:\/\/urbeamea.ro\/albaiulia\/wp-content\/uploads\/2026\/03\/FB_IMG_1774792370429-150x100.jpg 150w, https:\/\/urbeamea.ro\/albaiulia\/wp-content\/uploads\/2026\/03\/FB_IMG_1774792370429-768x512.jpg 768w, https:\/\/urbeamea.ro\/albaiulia\/wp-content\/uploads\/2026\/03\/FB_IMG_1774792370429-1536x1023.jpg 1536w, https:\/\/urbeamea.ro\/albaiulia\/wp-content\/uploads\/2026\/03\/FB_IMG_1774792370429.jpg 1600w\" sizes=\"auto, (max-width: 1280px) 100vw, 1280px\" \/><\/figure>\n\n\n\n<figure class=\"wp-block-image size-large\"><img loading=\"lazy\" decoding=\"async\" width=\"1280\" height=\"853\" data-id=\"121819\" src=\"https:\/\/urbeamea.ro\/albaiulia\/wp-content\/uploads\/2026\/03\/FB_IMG_1774792372738-1280x853.jpg\" alt=\"\" class=\"wp-image-121819\" srcset=\"https:\/\/urbeamea.ro\/albaiulia\/wp-content\/uploads\/2026\/03\/FB_IMG_1774792372738-1280x853.jpg 1280w, https:\/\/urbeamea.ro\/albaiulia\/wp-content\/uploads\/2026\/03\/FB_IMG_1774792372738-640x426.jpg 640w, https:\/\/urbeamea.ro\/albaiulia\/wp-content\/uploads\/2026\/03\/FB_IMG_1774792372738-150x100.jpg 150w, https:\/\/urbeamea.ro\/albaiulia\/wp-content\/uploads\/2026\/03\/FB_IMG_1774792372738-768x512.jpg 768w, https:\/\/urbeamea.ro\/albaiulia\/wp-content\/uploads\/2026\/03\/FB_IMG_1774792372738-1536x1023.jpg 1536w, https:\/\/urbeamea.ro\/albaiulia\/wp-content\/uploads\/2026\/03\/FB_IMG_1774792372738.jpg 1600w\" sizes=\"auto, (max-width: 1280px) 100vw, 1280px\" \/><\/figure>\n<\/figure>\n","protected":false},"excerpt":{"rendered":"<p>\u00cen data de 26 martie 2026, comunitatea parohiei Acmariu, protopopiatul Sebe\u0219, a avut bucuria de a-l avea \u00een mijlocul ei pe p\u0103rintele conf. univ. dr. Alexandru Moldovan, cadru didactic universitar la Facultatea de Teologie Ortodox\u0103 din Alba Iulia. \u00cen prezen\u021ba a numero\u0219i tineri \u0219i a p\u0103rin\u021bilor acestora, sfin\u021bia sa a sus\u021binut o catehez\u0103 care s-a &hellip;<\/p>\n","protected":false},"author":28,"featured_media":121818,"comment_status":"open","ping_status":"open","sticky":false,"template":"","format":"standard","meta":{"inline_featured_image":false,"footnotes":""},"categories":[23926,2039,4,2034,1,16344],"tags":[25558,25557],"class_list":["post-121813","post","type-post","status-publish","format-standard","has-post-thumbnail","hentry","category-actualitate","category-educatie","category-eveniment","category-social","category-stiri-urbane","category-urbea-mea","tag-acmariu","tag-despre-familie-in-lumina-sfintelor-scripturi"],"yoast_head":"<!-- This site is optimized with the Yoast SEO plugin v27.4 - https:\/\/yoast.com\/product\/yoast-seo-wordpress\/ -->\n<title>Despre familie \u00een lumina Sfintelor Scripturi. Moment catehetic \u00een parohia Acmariu - Revista Urbea Mea - Revista de Alba<\/title>\n<meta name=\"description\" content=\"\u00cen data de 26 martie 2026, comunitatea parohiei Acmariu, protopopiatul Sebe\u0219, a avut bucuria de a-l avea \u00een mijlocul ei pe p\u0103rintele conf. univ. dr.\" \/>\n<meta name=\"robots\" content=\"index, follow, max-snippet:-1, max-image-preview:large, max-video-preview:-1\" \/>\n<link rel=\"canonical\" href=\"https:\/\/urbeamea.ro\/albaiulia\/despre-familie-in-lumina-sfintelor-scripturi-moment-catehetic-in-parohia-acmariu\/\" \/>\n<meta name=\"twitter:card\" content=\"summary_large_image\" \/>\n<meta name=\"twitter:title\" content=\"Despre familie \u00een lumina Sfintelor Scripturi. Moment catehetic \u00een parohia Acmariu - Revista Urbea Mea - Revista de Alba\" \/>\n<meta name=\"twitter:description\" content=\"\u00cen data de 26 martie 2026, comunitatea parohiei Acmariu, protopopiatul Sebe\u0219, a avut bucuria de a-l avea \u00een mijlocul ei pe p\u0103rintele conf. univ. dr.\" \/>\n<meta name=\"twitter:image\" content=\"https:\/\/urbeamea.ro\/albaiulia\/wp-content\/uploads\/2026\/03\/FB_IMG_1774792370429.jpg\" \/>\n<meta name=\"twitter:creator\" content=\"@urbeameaweb\" \/>\n<meta name=\"twitter:site\" content=\"@urbeameaweb\" \/>\n<script type=\"application\/ld+json\" class=\"yoast-schema-graph\">{\"@context\":\"https:\\\/\\\/schema.org\",\"@graph\":[{\"@type\":\"Article\",\"@id\":\"https:\\\/\\\/urbeamea.ro\\\/albaiulia\\\/despre-familie-in-lumina-sfintelor-scripturi-moment-catehetic-in-parohia-acmariu\\\/#article\",\"isPartOf\":{\"@id\":\"https:\\\/\\\/urbeamea.ro\\\/albaiulia\\\/despre-familie-in-lumina-sfintelor-scripturi-moment-catehetic-in-parohia-acmariu\\\/\"},\"author\":{\"name\":\"Giurca Sorin\",\"@id\":\"https:\\\/\\\/urbeamea.ro\\\/albaiulia\\\/#\\\/schema\\\/person\\\/5db3854ac38c1cc9f0ab4092d6a20f02\"},\"headline\":\"Despre familie \u00een lumina Sfintelor Scripturi. Moment catehetic \u00een parohia Acmariu\",\"datePublished\":\"2026-03-29T14:00:27+00:00\",\"dateModified\":\"2026-03-29T14:00:30+00:00\",\"mainEntityOfPage\":{\"@id\":\"https:\\\/\\\/urbeamea.ro\\\/albaiulia\\\/despre-familie-in-lumina-sfintelor-scripturi-moment-catehetic-in-parohia-acmariu\\\/\"},\"wordCount\":264,\"commentCount\":0,\"image\":{\"@id\":\"https:\\\/\\\/urbeamea.ro\\\/albaiulia\\\/despre-familie-in-lumina-sfintelor-scripturi-moment-catehetic-in-parohia-acmariu\\\/#primaryimage\"},\"thumbnailUrl\":\"https:\\\/\\\/urbeamea.ro\\\/albaiulia\\\/wp-content\\\/uploads\\\/2026\\\/03\\\/FB_IMG_1774792370429.jpg\",\"keywords\":[\"Acmariu\",\"Despre familie \u00een lumina Sfintelor Scripturi\"],\"articleSection\":[\"Actualitate\",\"Educa\u021bie\",\"Evenimente\",\"Social\",\"\u015etiri Urbane\",\"Urbea Mea\"],\"inLanguage\":\"ro-RO\",\"potentialAction\":[{\"@type\":\"CommentAction\",\"name\":\"Comment\",\"target\":[\"https:\\\/\\\/urbeamea.ro\\\/albaiulia\\\/despre-familie-in-lumina-sfintelor-scripturi-moment-catehetic-in-parohia-acmariu\\\/#respond\"]}]},{\"@type\":\"WebPage\",\"@id\":\"https:\\\/\\\/urbeamea.ro\\\/albaiulia\\\/despre-familie-in-lumina-sfintelor-scripturi-moment-catehetic-in-parohia-acmariu\\\/\",\"url\":\"https:\\\/\\\/urbeamea.ro\\\/albaiulia\\\/despre-familie-in-lumina-sfintelor-scripturi-moment-catehetic-in-parohia-acmariu\\\/\",\"name\":\"Despre familie \u00een lumina Sfintelor Scripturi. Moment catehetic \u00een parohia Acmariu - Revista Urbea Mea - Revista de Alba\",\"isPartOf\":{\"@id\":\"https:\\\/\\\/urbeamea.ro\\\/albaiulia\\\/#website\"},\"primaryImageOfPage\":{\"@id\":\"https:\\\/\\\/urbeamea.ro\\\/albaiulia\\\/despre-familie-in-lumina-sfintelor-scripturi-moment-catehetic-in-parohia-acmariu\\\/#primaryimage\"},\"image\":{\"@id\":\"https:\\\/\\\/urbeamea.ro\\\/albaiulia\\\/despre-familie-in-lumina-sfintelor-scripturi-moment-catehetic-in-parohia-acmariu\\\/#primaryimage\"},\"thumbnailUrl\":\"https:\\\/\\\/urbeamea.ro\\\/albaiulia\\\/wp-content\\\/uploads\\\/2026\\\/03\\\/FB_IMG_1774792370429.jpg\",\"datePublished\":\"2026-03-29T14:00:27+00:00\",\"dateModified\":\"2026-03-29T14:00:30+00:00\",\"author\":{\"@id\":\"https:\\\/\\\/urbeamea.ro\\\/albaiulia\\\/#\\\/schema\\\/person\\\/5db3854ac38c1cc9f0ab4092d6a20f02\"},\"description\":\"\u00cen data de 26 martie 2026, comunitatea parohiei Acmariu, protopopiatul Sebe\u0219, a avut bucuria de a-l avea \u00een mijlocul ei pe p\u0103rintele conf. univ. dr.\",\"breadcrumb\":{\"@id\":\"https:\\\/\\\/urbeamea.ro\\\/albaiulia\\\/despre-familie-in-lumina-sfintelor-scripturi-moment-catehetic-in-parohia-acmariu\\\/#breadcrumb\"},\"inLanguage\":\"ro-RO\",\"potentialAction\":[{\"@type\":\"ReadAction\",\"target\":[\"https:\\\/\\\/urbeamea.ro\\\/albaiulia\\\/despre-familie-in-lumina-sfintelor-scripturi-moment-catehetic-in-parohia-acmariu\\\/\"]}]},{\"@type\":\"ImageObject\",\"inLanguage\":\"ro-RO\",\"@id\":\"https:\\\/\\\/urbeamea.ro\\\/albaiulia\\\/despre-familie-in-lumina-sfintelor-scripturi-moment-catehetic-in-parohia-acmariu\\\/#primaryimage\",\"url\":\"https:\\\/\\\/urbeamea.ro\\\/albaiulia\\\/wp-content\\\/uploads\\\/2026\\\/03\\\/FB_IMG_1774792370429.jpg\",\"contentUrl\":\"https:\\\/\\\/urbeamea.ro\\\/albaiulia\\\/wp-content\\\/uploads\\\/2026\\\/03\\\/FB_IMG_1774792370429.jpg\",\"width\":1600,\"height\":1066},{\"@type\":\"BreadcrumbList\",\"@id\":\"https:\\\/\\\/urbeamea.ro\\\/albaiulia\\\/despre-familie-in-lumina-sfintelor-scripturi-moment-catehetic-in-parohia-acmariu\\\/#breadcrumb\",\"itemListElement\":[{\"@type\":\"ListItem\",\"position\":1,\"name\":\"Prima pagin\u0103\",\"item\":\"https:\\\/\\\/urbeamea.ro\\\/albaiulia\\\/\"},{\"@type\":\"ListItem\",\"position\":2,\"name\":\"Despre familie \u00een lumina Sfintelor Scripturi. Moment catehetic \u00een parohia Acmariu\"}]},{\"@type\":\"WebSite\",\"@id\":\"https:\\\/\\\/urbeamea.ro\\\/albaiulia\\\/#website\",\"url\":\"https:\\\/\\\/urbeamea.ro\\\/albaiulia\\\/\",\"name\":\"Revista Urbea Mea, Stiri urbane\",\"description\":\"Evenimente \u0219i \u0219tiri din Alba Iulia, Sebe\u0219, Aiud, Blaj\",\"potentialAction\":[{\"@type\":\"SearchAction\",\"target\":{\"@type\":\"EntryPoint\",\"urlTemplate\":\"https:\\\/\\\/urbeamea.ro\\\/albaiulia\\\/?s={search_term_string}\"},\"query-input\":{\"@type\":\"PropertyValueSpecification\",\"valueRequired\":true,\"valueName\":\"search_term_string\"}}],\"inLanguage\":\"ro-RO\"},{\"@type\":\"Person\",\"@id\":\"https:\\\/\\\/urbeamea.ro\\\/albaiulia\\\/#\\\/schema\\\/person\\\/5db3854ac38c1cc9f0ab4092d6a20f02\",\"name\":\"Giurca Sorin\",\"image\":{\"@type\":\"ImageObject\",\"inLanguage\":\"ro-RO\",\"@id\":\"https:\\\/\\\/secure.gravatar.com\\\/avatar\\\/120f6fcae7b3b47a7730cb9943f612f4909f68ac5284b5f40ac1c4615fd70576?s=96&d=mm&r=g\",\"url\":\"https:\\\/\\\/secure.gravatar.com\\\/avatar\\\/120f6fcae7b3b47a7730cb9943f612f4909f68ac5284b5f40ac1c4615fd70576?s=96&d=mm&r=g\",\"contentUrl\":\"https:\\\/\\\/secure.gravatar.com\\\/avatar\\\/120f6fcae7b3b47a7730cb9943f612f4909f68ac5284b5f40ac1c4615fd70576?s=96&d=mm&r=g\",\"caption\":\"Giurca Sorin\"},\"url\":\"https:\\\/\\\/urbeamea.ro\\\/albaiulia\\\/author\\\/sorin\\\/\"}]}<\/script>\n<!-- \/ Yoast SEO plugin. -->","yoast_head_json":{"title":"Despre familie \u00een lumina Sfintelor Scripturi. Moment catehetic \u00een parohia Acmariu - Revista Urbea Mea - Revista de Alba","description":"\u00cen data de 26 martie 2026, comunitatea parohiei Acmariu, protopopiatul Sebe\u0219, a avut bucuria de a-l avea \u00een mijlocul ei pe p\u0103rintele conf. univ. dr.","robots":{"index":"index","follow":"follow","max-snippet":"max-snippet:-1","max-image-preview":"max-image-preview:large","max-video-preview":"max-video-preview:-1"},"canonical":"https:\/\/urbeamea.ro\/albaiulia\/despre-familie-in-lumina-sfintelor-scripturi-moment-catehetic-in-parohia-acmariu\/","twitter_card":"summary_large_image","twitter_title":"Despre familie \u00een lumina Sfintelor Scripturi. Moment catehetic \u00een parohia Acmariu - Revista Urbea Mea - Revista de Alba","twitter_description":"\u00cen data de 26 martie 2026, comunitatea parohiei Acmariu, protopopiatul Sebe\u0219, a avut bucuria de a-l avea \u00een mijlocul ei pe p\u0103rintele conf. univ. dr.","twitter_image":"https:\/\/urbeamea.ro\/albaiulia\/wp-content\/uploads\/2026\/03\/FB_IMG_1774792370429.jpg","twitter_creator":"@urbeameaweb","twitter_site":"@urbeameaweb","schema":{"@context":"https:\/\/schema.org","@graph":[{"@type":"Article","@id":"https:\/\/urbeamea.ro\/albaiulia\/despre-familie-in-lumina-sfintelor-scripturi-moment-catehetic-in-parohia-acmariu\/#article","isPartOf":{"@id":"https:\/\/urbeamea.ro\/albaiulia\/despre-familie-in-lumina-sfintelor-scripturi-moment-catehetic-in-parohia-acmariu\/"},"author":{"name":"Giurca Sorin","@id":"https:\/\/urbeamea.ro\/albaiulia\/#\/schema\/person\/5db3854ac38c1cc9f0ab4092d6a20f02"},"headline":"Despre familie \u00een lumina Sfintelor Scripturi. Moment catehetic \u00een parohia Acmariu","datePublished":"2026-03-29T14:00:27+00:00","dateModified":"2026-03-29T14:00:30+00:00","mainEntityOfPage":{"@id":"https:\/\/urbeamea.ro\/albaiulia\/despre-familie-in-lumina-sfintelor-scripturi-moment-catehetic-in-parohia-acmariu\/"},"wordCount":264,"commentCount":0,"image":{"@id":"https:\/\/urbeamea.ro\/albaiulia\/despre-familie-in-lumina-sfintelor-scripturi-moment-catehetic-in-parohia-acmariu\/#primaryimage"},"thumbnailUrl":"https:\/\/urbeamea.ro\/albaiulia\/wp-content\/uploads\/2026\/03\/FB_IMG_1774792370429.jpg","keywords":["Acmariu","Despre familie \u00een lumina Sfintelor Scripturi"],"articleSection":["Actualitate","Educa\u021bie","Evenimente","Social","\u015etiri Urbane","Urbea Mea"],"inLanguage":"ro-RO","potentialAction":[{"@type":"CommentAction","name":"Comment","target":["https:\/\/urbeamea.ro\/albaiulia\/despre-familie-in-lumina-sfintelor-scripturi-moment-catehetic-in-parohia-acmariu\/#respond"]}]},{"@type":"WebPage","@id":"https:\/\/urbeamea.ro\/albaiulia\/despre-familie-in-lumina-sfintelor-scripturi-moment-catehetic-in-parohia-acmariu\/","url":"https:\/\/urbeamea.ro\/albaiulia\/despre-familie-in-lumina-sfintelor-scripturi-moment-catehetic-in-parohia-acmariu\/","name":"Despre familie \u00een lumina Sfintelor Scripturi. Moment catehetic \u00een parohia Acmariu - Revista Urbea Mea - Revista de Alba","isPartOf":{"@id":"https:\/\/urbeamea.ro\/albaiulia\/#website"},"primaryImageOfPage":{"@id":"https:\/\/urbeamea.ro\/albaiulia\/despre-familie-in-lumina-sfintelor-scripturi-moment-catehetic-in-parohia-acmariu\/#primaryimage"},"image":{"@id":"https:\/\/urbeamea.ro\/albaiulia\/despre-familie-in-lumina-sfintelor-scripturi-moment-catehetic-in-parohia-acmariu\/#primaryimage"},"thumbnailUrl":"https:\/\/urbeamea.ro\/albaiulia\/wp-content\/uploads\/2026\/03\/FB_IMG_1774792370429.jpg","datePublished":"2026-03-29T14:00:27+00:00","dateModified":"2026-03-29T14:00:30+00:00","author":{"@id":"https:\/\/urbeamea.ro\/albaiulia\/#\/schema\/person\/5db3854ac38c1cc9f0ab4092d6a20f02"},"description":"\u00cen data de 26 martie 2026, comunitatea parohiei Acmariu, protopopiatul Sebe\u0219, a avut bucuria de a-l avea \u00een mijlocul ei pe p\u0103rintele conf. univ. dr.","breadcrumb":{"@id":"https:\/\/urbeamea.ro\/albaiulia\/despre-familie-in-lumina-sfintelor-scripturi-moment-catehetic-in-parohia-acmariu\/#breadcrumb"},"inLanguage":"ro-RO","potentialAction":[{"@type":"ReadAction","target":["https:\/\/urbeamea.ro\/albaiulia\/despre-familie-in-lumina-sfintelor-scripturi-moment-catehetic-in-parohia-acmariu\/"]}]},{"@type":"ImageObject","inLanguage":"ro-RO","@id":"https:\/\/urbeamea.ro\/albaiulia\/despre-familie-in-lumina-sfintelor-scripturi-moment-catehetic-in-parohia-acmariu\/#primaryimage","url":"https:\/\/urbeamea.ro\/albaiulia\/wp-content\/uploads\/2026\/03\/FB_IMG_1774792370429.jpg","contentUrl":"https:\/\/urbeamea.ro\/albaiulia\/wp-content\/uploads\/2026\/03\/FB_IMG_1774792370429.jpg","width":1600,"height":1066},{"@type":"BreadcrumbList","@id":"https:\/\/urbeamea.ro\/albaiulia\/despre-familie-in-lumina-sfintelor-scripturi-moment-catehetic-in-parohia-acmariu\/#breadcrumb","itemListElement":[{"@type":"ListItem","position":1,"name":"Prima pagin\u0103","item":"https:\/\/urbeamea.ro\/albaiulia\/"},{"@type":"ListItem","position":2,"name":"Despre familie \u00een lumina Sfintelor Scripturi. Moment catehetic \u00een parohia Acmariu"}]},{"@type":"WebSite","@id":"https:\/\/urbeamea.ro\/albaiulia\/#website","url":"https:\/\/urbeamea.ro\/albaiulia\/","name":"Revista Urbea Mea, Stiri urbane","description":"Evenimente \u0219i \u0219tiri din Alba Iulia, Sebe\u0219, Aiud, Blaj","potentialAction":[{"@type":"SearchAction","target":{"@type":"EntryPoint","urlTemplate":"https:\/\/urbeamea.ro\/albaiulia\/?s={search_term_string}"},"query-input":{"@type":"PropertyValueSpecification","valueRequired":true,"valueName":"search_term_string"}}],"inLanguage":"ro-RO"},{"@type":"Person","@id":"https:\/\/urbeamea.ro\/albaiulia\/#\/schema\/person\/5db3854ac38c1cc9f0ab4092d6a20f02","name":"Giurca Sorin","image":{"@type":"ImageObject","inLanguage":"ro-RO","@id":"https:\/\/secure.gravatar.com\/avatar\/120f6fcae7b3b47a7730cb9943f612f4909f68ac5284b5f40ac1c4615fd70576?s=96&d=mm&r=g","url":"https:\/\/secure.gravatar.com\/avatar\/120f6fcae7b3b47a7730cb9943f612f4909f68ac5284b5f40ac1c4615fd70576?s=96&d=mm&r=g","contentUrl":"https:\/\/secure.gravatar.com\/avatar\/120f6fcae7b3b47a7730cb9943f612f4909f68ac5284b5f40ac1c4615fd70576?s=96&d=mm&r=g","caption":"Giurca Sorin"},"url":"https:\/\/urbeamea.ro\/albaiulia\/author\/sorin\/"}]}},"_links":{"self":[{"href":"https:\/\/urbeamea.ro\/albaiulia\/wp-json\/wp\/v2\/posts\/121813","targetHints":{"allow":["GET"]}}],"collection":[{"href":"https:\/\/urbeamea.ro\/albaiulia\/wp-json\/wp\/v2\/posts"}],"about":[{"href":"https:\/\/urbeamea.ro\/albaiulia\/wp-json\/wp\/v2\/types\/post"}],"author":[{"embeddable":true,"href":"https:\/\/urbeamea.ro\/albaiulia\/wp-json\/wp\/v2\/users\/28"}],"replies":[{"embeddable":true,"href":"https:\/\/urbeamea.ro\/albaiulia\/wp-json\/wp\/v2\/comments?post=121813"}],"version-history":[{"count":1,"href":"https:\/\/urbeamea.ro\/albaiulia\/wp-json\/wp\/v2\/posts\/121813\/revisions"}],"predecessor-version":[{"id":121820,"href":"https:\/\/urbeamea.ro\/albaiulia\/wp-json\/wp\/v2\/posts\/121813\/revisions\/121820"}],"wp:featuredmedia":[{"embeddable":true,"href":"https:\/\/urbeamea.ro\/albaiulia\/wp-json\/wp\/v2\/media\/121818"}],"wp:attachment":[{"href":"https:\/\/urbeamea.ro\/albaiulia\/wp-json\/wp\/v2\/media?parent=121813"}],"wp:term":[{"taxonomy":"category","embeddable":true,"href":"https:\/\/urbeamea.ro\/albaiulia\/wp-json\/wp\/v2\/categories?post=121813"},{"taxonomy":"post_tag","embeddable":true,"href":"https:\/\/urbeamea.ro\/albaiulia\/wp-json\/wp\/v2\/tags?post=121813"}],"curies":[{"name":"wp","href":"https:\/\/api.w.org\/{rel}","templated":true}]}}