{"id":121821,"date":"2026-03-31T08:33:52","date_gmt":"2026-03-31T05:33:52","guid":{"rendered":"https:\/\/urbeamea.ro\/albaiulia\/?p=121821"},"modified":"2026-03-31T08:33:55","modified_gmt":"2026-03-31T05:33:55","slug":"3-5-aprilie-spectacol-de-pricesne-veniti-crestini-la-rugaciune-in-trei-biserici-din-alba-iulia","status":"publish","type":"post","link":"https:\/\/urbeamea.ro\/albaiulia\/3-5-aprilie-spectacol-de-pricesne-veniti-crestini-la-rugaciune-in-trei-biserici-din-alba-iulia\/","title":{"rendered":"3 &#8211; 5 aprilie: Spectacol de pricesne \u201eVeni\u021bi, cre\u0219tini, la rug\u0103ciune\u201d, \u00een trei biserici din Alba Iulia"},"content":{"rendered":"\n<p>Un <strong>spectacol de pricesne sub genericul \u201eVeni\u021bi, cre\u0219tini, la rug\u0103ciune\u201d, va avea loc \u00een zilele de vineri, s\u00e2mb\u0103t\u0103 \u0219i duminic\u0103, \u00een trei biserici din Alba Iulia.<\/strong><\/p>\n\n\n\n<p>Evenimentul este organizat de Prim\u0103ria municipiului Alba Iulia, cu ocazia S\u0103rb\u0103torilor Pascale.<\/p>\n\n\n\n<p>Concertul va avea loc \u00een bisericile:<\/p>\n\n\n\n<p>3 aprilie, ora 18:30 \u2013 Biserica Sf\u00e2nta Treime, cartierul Maieri I, preot paroh Nicolae Top\u00eercean<\/p>\n\n\n\n<p>4 aprilie, ora 18:30 \u2013 Biserica Sf\u00e2ntul Ierarh Nicolae, cartierul Mice\u0219ti, preot paroh Ionu\u021b \u0218opterean<\/p>\n\n\n\n<p>5 aprilie, ora 12:30 \u2013 Biserica Sf\u00e2nta Cuvioas\u0103 Parascheva, cartierul Ampoi I, preot paroh Florin Croitoru<\/p>\n\n\n\n<p>Vor performa arti\u0219ti \u00eendr\u0103gi\u021bi, care vor aduce \u00een fa\u021ba albaiulienilor pricesne \u0219i momente muzicale pline de \u00eenc\u0103rc\u0103tur\u0103 spiritual\u0103: Dorel Vi\u0219an, Mariana Anghel \u0219i Cristian Fodor, acompania\u021bi de grupul instrumental \u201eCantores\u201d, grupul vocal al Seminarului Teologic Ortodox din Cluj-Napoca, sub coordonarea profesorului Petru Stanciu \u0219i cu participarea invitatului Sergiu Geogean, la nai.<\/p>\n\n\n\n<p>V\u0103 a\u0219tept\u0103m s\u0103 fim \u00eempreun\u0103 \u00een aceste momente speciale, \u00een care muzica, credin\u021ba \u0219i tradi\u021bia se \u00eent\u00e2lnesc pentru a ne aduce mai aproape unii de ceilal\u021bi \u0219i de valorile care ne definesc.<\/p>\n\n\n\n<figure class=\"wp-block-image size-large\"><img loading=\"lazy\" decoding=\"async\" width=\"905\" height=\"1280\" src=\"https:\/\/urbeamea.ro\/albaiulia\/wp-content\/uploads\/2026\/03\/dorel-visan-alba-iulia-1086x1536-1-905x1280.jpg\" alt=\"\" class=\"wp-image-121822\" srcset=\"https:\/\/urbeamea.ro\/albaiulia\/wp-content\/uploads\/2026\/03\/dorel-visan-alba-iulia-1086x1536-1-905x1280.jpg 905w, https:\/\/urbeamea.ro\/albaiulia\/wp-content\/uploads\/2026\/03\/dorel-visan-alba-iulia-1086x1536-1-453x640.jpg 453w, https:\/\/urbeamea.ro\/albaiulia\/wp-content\/uploads\/2026\/03\/dorel-visan-alba-iulia-1086x1536-1-106x150.jpg 106w, https:\/\/urbeamea.ro\/albaiulia\/wp-content\/uploads\/2026\/03\/dorel-visan-alba-iulia-1086x1536-1-768x1086.jpg 768w, https:\/\/urbeamea.ro\/albaiulia\/wp-content\/uploads\/2026\/03\/dorel-visan-alba-iulia-1086x1536-1.jpg 1086w\" sizes=\"auto, (max-width: 905px) 100vw, 905px\" \/><\/figure>\n","protected":false},"excerpt":{"rendered":"<p>Un spectacol de pricesne sub genericul \u201eVeni\u021bi, cre\u0219tini, la rug\u0103ciune\u201d, va avea loc \u00een zilele de vineri, s\u00e2mb\u0103t\u0103 \u0219i duminic\u0103, \u00een trei biserici din Alba Iulia. Evenimentul este organizat de Prim\u0103ria municipiului Alba Iulia, cu ocazia S\u0103rb\u0103torilor Pascale. Concertul va avea loc \u00een bisericile: 3 aprilie, ora 18:30 \u2013 Biserica Sf\u00e2nta Treime, cartierul Maieri I, &hellip;<\/p>\n","protected":false},"author":28,"featured_media":121822,"comment_status":"open","ping_status":"open","sticky":false,"template":"","format":"standard","meta":{"inline_featured_image":false,"footnotes":""},"categories":[23926,2038,4,2036,16567,2034,1,61,16344],"tags":[25559],"class_list":["post-121821","post","type-post","status-publish","format-standard","has-post-thumbnail","hentry","category-actualitate","category-cultura","category-eveniment","category-monden","category-muzica","category-social","category-stiri-urbane","category-turism","category-urbea-mea","tag-spectacol-de-pricesne"],"yoast_head":"<!-- This site is optimized with the Yoast SEO plugin v27.4 - https:\/\/yoast.com\/product\/yoast-seo-wordpress\/ -->\n<title>3 - 5 aprilie: Spectacol de pricesne \u201eVeni\u021bi, cre\u0219tini, la rug\u0103ciune\u201d, \u00een trei biserici din Alba Iulia - Revista Urbea Mea - Revista de Alba<\/title>\n<meta name=\"description\" content=\"Un spectacol de pricesne sub genericul \u201eVeni\u021bi, cre\u0219tini, la rug\u0103ciune\u201d, va avea loc \u00een zilele de vineri, s\u00e2mb\u0103t\u0103 \u0219i duminic\u0103, \u00een trei biserici din Alba\" \/>\n<meta name=\"robots\" content=\"index, follow, max-snippet:-1, max-image-preview:large, max-video-preview:-1\" \/>\n<link rel=\"canonical\" href=\"https:\/\/urbeamea.ro\/albaiulia\/3-5-aprilie-spectacol-de-pricesne-veniti-crestini-la-rugaciune-in-trei-biserici-din-alba-iulia\/\" \/>\n<meta name=\"twitter:card\" content=\"summary_large_image\" \/>\n<meta name=\"twitter:title\" content=\"3 - 5 aprilie: Spectacol de pricesne \u201eVeni\u021bi, cre\u0219tini, la rug\u0103ciune\u201d, \u00een trei biserici din Alba Iulia - Revista Urbea Mea - Revista de Alba\" \/>\n<meta name=\"twitter:description\" content=\"Un spectacol de pricesne sub genericul \u201eVeni\u021bi, cre\u0219tini, la rug\u0103ciune\u201d, va avea loc \u00een zilele de vineri, s\u00e2mb\u0103t\u0103 \u0219i duminic\u0103, \u00een trei biserici din Alba\" \/>\n<meta name=\"twitter:image\" content=\"https:\/\/urbeamea.ro\/albaiulia\/wp-content\/uploads\/2026\/03\/dorel-visan-alba-iulia-1086x1536-1.jpg\" \/>\n<meta name=\"twitter:creator\" content=\"@urbeameaweb\" \/>\n<meta name=\"twitter:site\" content=\"@urbeameaweb\" \/>\n<script type=\"application\/ld+json\" class=\"yoast-schema-graph\">{\"@context\":\"https:\\\/\\\/schema.org\",\"@graph\":[{\"@type\":\"Article\",\"@id\":\"https:\\\/\\\/urbeamea.ro\\\/albaiulia\\\/3-5-aprilie-spectacol-de-pricesne-veniti-crestini-la-rugaciune-in-trei-biserici-din-alba-iulia\\\/#article\",\"isPartOf\":{\"@id\":\"https:\\\/\\\/urbeamea.ro\\\/albaiulia\\\/3-5-aprilie-spectacol-de-pricesne-veniti-crestini-la-rugaciune-in-trei-biserici-din-alba-iulia\\\/\"},\"author\":{\"name\":\"Giurca Sorin\",\"@id\":\"https:\\\/\\\/urbeamea.ro\\\/albaiulia\\\/#\\\/schema\\\/person\\\/5db3854ac38c1cc9f0ab4092d6a20f02\"},\"headline\":\"3 &#8211; 5 aprilie: Spectacol de pricesne \u201eVeni\u021bi, cre\u0219tini, la rug\u0103ciune\u201d, \u00een trei biserici din Alba Iulia\",\"datePublished\":\"2026-03-31T05:33:52+00:00\",\"dateModified\":\"2026-03-31T05:33:55+00:00\",\"mainEntityOfPage\":{\"@id\":\"https:\\\/\\\/urbeamea.ro\\\/albaiulia\\\/3-5-aprilie-spectacol-de-pricesne-veniti-crestini-la-rugaciune-in-trei-biserici-din-alba-iulia\\\/\"},\"wordCount\":209,\"commentCount\":0,\"image\":{\"@id\":\"https:\\\/\\\/urbeamea.ro\\\/albaiulia\\\/3-5-aprilie-spectacol-de-pricesne-veniti-crestini-la-rugaciune-in-trei-biserici-din-alba-iulia\\\/#primaryimage\"},\"thumbnailUrl\":\"https:\\\/\\\/urbeamea.ro\\\/albaiulia\\\/wp-content\\\/uploads\\\/2026\\\/03\\\/dorel-visan-alba-iulia-1086x1536-1.jpg\",\"keywords\":[\"Spectacol de pricesne\"],\"articleSection\":[\"Actualitate\",\"Cultur\u0103\",\"Evenimente\",\"Monden\",\"Muzic\u0103\",\"Social\",\"\u015etiri Urbane\",\"Turism \u0219i Ghidaj turistic\",\"Urbea Mea\"],\"inLanguage\":\"ro-RO\",\"potentialAction\":[{\"@type\":\"CommentAction\",\"name\":\"Comment\",\"target\":[\"https:\\\/\\\/urbeamea.ro\\\/albaiulia\\\/3-5-aprilie-spectacol-de-pricesne-veniti-crestini-la-rugaciune-in-trei-biserici-din-alba-iulia\\\/#respond\"]}]},{\"@type\":\"WebPage\",\"@id\":\"https:\\\/\\\/urbeamea.ro\\\/albaiulia\\\/3-5-aprilie-spectacol-de-pricesne-veniti-crestini-la-rugaciune-in-trei-biserici-din-alba-iulia\\\/\",\"url\":\"https:\\\/\\\/urbeamea.ro\\\/albaiulia\\\/3-5-aprilie-spectacol-de-pricesne-veniti-crestini-la-rugaciune-in-trei-biserici-din-alba-iulia\\\/\",\"name\":\"3 - 5 aprilie: Spectacol de pricesne \u201eVeni\u021bi, cre\u0219tini, la rug\u0103ciune\u201d, \u00een trei biserici din Alba Iulia - Revista Urbea Mea - Revista de Alba\",\"isPartOf\":{\"@id\":\"https:\\\/\\\/urbeamea.ro\\\/albaiulia\\\/#website\"},\"primaryImageOfPage\":{\"@id\":\"https:\\\/\\\/urbeamea.ro\\\/albaiulia\\\/3-5-aprilie-spectacol-de-pricesne-veniti-crestini-la-rugaciune-in-trei-biserici-din-alba-iulia\\\/#primaryimage\"},\"image\":{\"@id\":\"https:\\\/\\\/urbeamea.ro\\\/albaiulia\\\/3-5-aprilie-spectacol-de-pricesne-veniti-crestini-la-rugaciune-in-trei-biserici-din-alba-iulia\\\/#primaryimage\"},\"thumbnailUrl\":\"https:\\\/\\\/urbeamea.ro\\\/albaiulia\\\/wp-content\\\/uploads\\\/2026\\\/03\\\/dorel-visan-alba-iulia-1086x1536-1.jpg\",\"datePublished\":\"2026-03-31T05:33:52+00:00\",\"dateModified\":\"2026-03-31T05:33:55+00:00\",\"author\":{\"@id\":\"https:\\\/\\\/urbeamea.ro\\\/albaiulia\\\/#\\\/schema\\\/person\\\/5db3854ac38c1cc9f0ab4092d6a20f02\"},\"description\":\"Un spectacol de pricesne sub genericul \u201eVeni\u021bi, cre\u0219tini, la rug\u0103ciune\u201d, va avea loc \u00een zilele de vineri, s\u00e2mb\u0103t\u0103 \u0219i duminic\u0103, \u00een trei biserici din Alba\",\"breadcrumb\":{\"@id\":\"https:\\\/\\\/urbeamea.ro\\\/albaiulia\\\/3-5-aprilie-spectacol-de-pricesne-veniti-crestini-la-rugaciune-in-trei-biserici-din-alba-iulia\\\/#breadcrumb\"},\"inLanguage\":\"ro-RO\",\"potentialAction\":[{\"@type\":\"ReadAction\",\"target\":[\"https:\\\/\\\/urbeamea.ro\\\/albaiulia\\\/3-5-aprilie-spectacol-de-pricesne-veniti-crestini-la-rugaciune-in-trei-biserici-din-alba-iulia\\\/\"]}]},{\"@type\":\"ImageObject\",\"inLanguage\":\"ro-RO\",\"@id\":\"https:\\\/\\\/urbeamea.ro\\\/albaiulia\\\/3-5-aprilie-spectacol-de-pricesne-veniti-crestini-la-rugaciune-in-trei-biserici-din-alba-iulia\\\/#primaryimage\",\"url\":\"https:\\\/\\\/urbeamea.ro\\\/albaiulia\\\/wp-content\\\/uploads\\\/2026\\\/03\\\/dorel-visan-alba-iulia-1086x1536-1.jpg\",\"contentUrl\":\"https:\\\/\\\/urbeamea.ro\\\/albaiulia\\\/wp-content\\\/uploads\\\/2026\\\/03\\\/dorel-visan-alba-iulia-1086x1536-1.jpg\",\"width\":1086,\"height\":1536},{\"@type\":\"BreadcrumbList\",\"@id\":\"https:\\\/\\\/urbeamea.ro\\\/albaiulia\\\/3-5-aprilie-spectacol-de-pricesne-veniti-crestini-la-rugaciune-in-trei-biserici-din-alba-iulia\\\/#breadcrumb\",\"itemListElement\":[{\"@type\":\"ListItem\",\"position\":1,\"name\":\"Prima pagin\u0103\",\"item\":\"https:\\\/\\\/urbeamea.ro\\\/albaiulia\\\/\"},{\"@type\":\"ListItem\",\"position\":2,\"name\":\"3 &#8211; 5 aprilie: Spectacol de pricesne \u201eVeni\u021bi, cre\u0219tini, la rug\u0103ciune\u201d, \u00een trei biserici din Alba Iulia\"}]},{\"@type\":\"WebSite\",\"@id\":\"https:\\\/\\\/urbeamea.ro\\\/albaiulia\\\/#website\",\"url\":\"https:\\\/\\\/urbeamea.ro\\\/albaiulia\\\/\",\"name\":\"Revista Urbea Mea, Stiri urbane\",\"description\":\"Evenimente \u0219i \u0219tiri din Alba Iulia, Sebe\u0219, Aiud, Blaj\",\"potentialAction\":[{\"@type\":\"SearchAction\",\"target\":{\"@type\":\"EntryPoint\",\"urlTemplate\":\"https:\\\/\\\/urbeamea.ro\\\/albaiulia\\\/?s={search_term_string}\"},\"query-input\":{\"@type\":\"PropertyValueSpecification\",\"valueRequired\":true,\"valueName\":\"search_term_string\"}}],\"inLanguage\":\"ro-RO\"},{\"@type\":\"Person\",\"@id\":\"https:\\\/\\\/urbeamea.ro\\\/albaiulia\\\/#\\\/schema\\\/person\\\/5db3854ac38c1cc9f0ab4092d6a20f02\",\"name\":\"Giurca Sorin\",\"image\":{\"@type\":\"ImageObject\",\"inLanguage\":\"ro-RO\",\"@id\":\"https:\\\/\\\/secure.gravatar.com\\\/avatar\\\/120f6fcae7b3b47a7730cb9943f612f4909f68ac5284b5f40ac1c4615fd70576?s=96&d=mm&r=g\",\"url\":\"https:\\\/\\\/secure.gravatar.com\\\/avatar\\\/120f6fcae7b3b47a7730cb9943f612f4909f68ac5284b5f40ac1c4615fd70576?s=96&d=mm&r=g\",\"contentUrl\":\"https:\\\/\\\/secure.gravatar.com\\\/avatar\\\/120f6fcae7b3b47a7730cb9943f612f4909f68ac5284b5f40ac1c4615fd70576?s=96&d=mm&r=g\",\"caption\":\"Giurca Sorin\"},\"url\":\"https:\\\/\\\/urbeamea.ro\\\/albaiulia\\\/author\\\/sorin\\\/\"}]}<\/script>\n<!-- \/ Yoast SEO plugin. -->","yoast_head_json":{"title":"3 - 5 aprilie: Spectacol de pricesne \u201eVeni\u021bi, cre\u0219tini, la rug\u0103ciune\u201d, \u00een trei biserici din Alba Iulia - Revista Urbea Mea - Revista de Alba","description":"Un spectacol de pricesne sub genericul \u201eVeni\u021bi, cre\u0219tini, la rug\u0103ciune\u201d, va avea loc \u00een zilele de vineri, s\u00e2mb\u0103t\u0103 \u0219i duminic\u0103, \u00een trei biserici din Alba","robots":{"index":"index","follow":"follow","max-snippet":"max-snippet:-1","max-image-preview":"max-image-preview:large","max-video-preview":"max-video-preview:-1"},"canonical":"https:\/\/urbeamea.ro\/albaiulia\/3-5-aprilie-spectacol-de-pricesne-veniti-crestini-la-rugaciune-in-trei-biserici-din-alba-iulia\/","twitter_card":"summary_large_image","twitter_title":"3 - 5 aprilie: Spectacol de pricesne \u201eVeni\u021bi, cre\u0219tini, la rug\u0103ciune\u201d, \u00een trei biserici din Alba Iulia - Revista Urbea Mea - Revista de Alba","twitter_description":"Un spectacol de pricesne sub genericul \u201eVeni\u021bi, cre\u0219tini, la rug\u0103ciune\u201d, va avea loc \u00een zilele de vineri, s\u00e2mb\u0103t\u0103 \u0219i duminic\u0103, \u00een trei biserici din Alba","twitter_image":"https:\/\/urbeamea.ro\/albaiulia\/wp-content\/uploads\/2026\/03\/dorel-visan-alba-iulia-1086x1536-1.jpg","twitter_creator":"@urbeameaweb","twitter_site":"@urbeameaweb","schema":{"@context":"https:\/\/schema.org","@graph":[{"@type":"Article","@id":"https:\/\/urbeamea.ro\/albaiulia\/3-5-aprilie-spectacol-de-pricesne-veniti-crestini-la-rugaciune-in-trei-biserici-din-alba-iulia\/#article","isPartOf":{"@id":"https:\/\/urbeamea.ro\/albaiulia\/3-5-aprilie-spectacol-de-pricesne-veniti-crestini-la-rugaciune-in-trei-biserici-din-alba-iulia\/"},"author":{"name":"Giurca Sorin","@id":"https:\/\/urbeamea.ro\/albaiulia\/#\/schema\/person\/5db3854ac38c1cc9f0ab4092d6a20f02"},"headline":"3 &#8211; 5 aprilie: Spectacol de pricesne \u201eVeni\u021bi, cre\u0219tini, la rug\u0103ciune\u201d, \u00een trei biserici din Alba Iulia","datePublished":"2026-03-31T05:33:52+00:00","dateModified":"2026-03-31T05:33:55+00:00","mainEntityOfPage":{"@id":"https:\/\/urbeamea.ro\/albaiulia\/3-5-aprilie-spectacol-de-pricesne-veniti-crestini-la-rugaciune-in-trei-biserici-din-alba-iulia\/"},"wordCount":209,"commentCount":0,"image":{"@id":"https:\/\/urbeamea.ro\/albaiulia\/3-5-aprilie-spectacol-de-pricesne-veniti-crestini-la-rugaciune-in-trei-biserici-din-alba-iulia\/#primaryimage"},"thumbnailUrl":"https:\/\/urbeamea.ro\/albaiulia\/wp-content\/uploads\/2026\/03\/dorel-visan-alba-iulia-1086x1536-1.jpg","keywords":["Spectacol de pricesne"],"articleSection":["Actualitate","Cultur\u0103","Evenimente","Monden","Muzic\u0103","Social","\u015etiri Urbane","Turism \u0219i Ghidaj turistic","Urbea Mea"],"inLanguage":"ro-RO","potentialAction":[{"@type":"CommentAction","name":"Comment","target":["https:\/\/urbeamea.ro\/albaiulia\/3-5-aprilie-spectacol-de-pricesne-veniti-crestini-la-rugaciune-in-trei-biserici-din-alba-iulia\/#respond"]}]},{"@type":"WebPage","@id":"https:\/\/urbeamea.ro\/albaiulia\/3-5-aprilie-spectacol-de-pricesne-veniti-crestini-la-rugaciune-in-trei-biserici-din-alba-iulia\/","url":"https:\/\/urbeamea.ro\/albaiulia\/3-5-aprilie-spectacol-de-pricesne-veniti-crestini-la-rugaciune-in-trei-biserici-din-alba-iulia\/","name":"3 - 5 aprilie: Spectacol de pricesne \u201eVeni\u021bi, cre\u0219tini, la rug\u0103ciune\u201d, \u00een trei biserici din Alba Iulia - Revista Urbea Mea - Revista de Alba","isPartOf":{"@id":"https:\/\/urbeamea.ro\/albaiulia\/#website"},"primaryImageOfPage":{"@id":"https:\/\/urbeamea.ro\/albaiulia\/3-5-aprilie-spectacol-de-pricesne-veniti-crestini-la-rugaciune-in-trei-biserici-din-alba-iulia\/#primaryimage"},"image":{"@id":"https:\/\/urbeamea.ro\/albaiulia\/3-5-aprilie-spectacol-de-pricesne-veniti-crestini-la-rugaciune-in-trei-biserici-din-alba-iulia\/#primaryimage"},"thumbnailUrl":"https:\/\/urbeamea.ro\/albaiulia\/wp-content\/uploads\/2026\/03\/dorel-visan-alba-iulia-1086x1536-1.jpg","datePublished":"2026-03-31T05:33:52+00:00","dateModified":"2026-03-31T05:33:55+00:00","author":{"@id":"https:\/\/urbeamea.ro\/albaiulia\/#\/schema\/person\/5db3854ac38c1cc9f0ab4092d6a20f02"},"description":"Un spectacol de pricesne sub genericul \u201eVeni\u021bi, cre\u0219tini, la rug\u0103ciune\u201d, va avea loc \u00een zilele de vineri, s\u00e2mb\u0103t\u0103 \u0219i duminic\u0103, \u00een trei biserici din Alba","breadcrumb":{"@id":"https:\/\/urbeamea.ro\/albaiulia\/3-5-aprilie-spectacol-de-pricesne-veniti-crestini-la-rugaciune-in-trei-biserici-din-alba-iulia\/#breadcrumb"},"inLanguage":"ro-RO","potentialAction":[{"@type":"ReadAction","target":["https:\/\/urbeamea.ro\/albaiulia\/3-5-aprilie-spectacol-de-pricesne-veniti-crestini-la-rugaciune-in-trei-biserici-din-alba-iulia\/"]}]},{"@type":"ImageObject","inLanguage":"ro-RO","@id":"https:\/\/urbeamea.ro\/albaiulia\/3-5-aprilie-spectacol-de-pricesne-veniti-crestini-la-rugaciune-in-trei-biserici-din-alba-iulia\/#primaryimage","url":"https:\/\/urbeamea.ro\/albaiulia\/wp-content\/uploads\/2026\/03\/dorel-visan-alba-iulia-1086x1536-1.jpg","contentUrl":"https:\/\/urbeamea.ro\/albaiulia\/wp-content\/uploads\/2026\/03\/dorel-visan-alba-iulia-1086x1536-1.jpg","width":1086,"height":1536},{"@type":"BreadcrumbList","@id":"https:\/\/urbeamea.ro\/albaiulia\/3-5-aprilie-spectacol-de-pricesne-veniti-crestini-la-rugaciune-in-trei-biserici-din-alba-iulia\/#breadcrumb","itemListElement":[{"@type":"ListItem","position":1,"name":"Prima pagin\u0103","item":"https:\/\/urbeamea.ro\/albaiulia\/"},{"@type":"ListItem","position":2,"name":"3 &#8211; 5 aprilie: Spectacol de pricesne \u201eVeni\u021bi, cre\u0219tini, la rug\u0103ciune\u201d, \u00een trei biserici din Alba Iulia"}]},{"@type":"WebSite","@id":"https:\/\/urbeamea.ro\/albaiulia\/#website","url":"https:\/\/urbeamea.ro\/albaiulia\/","name":"Revista Urbea Mea, Stiri urbane","description":"Evenimente \u0219i \u0219tiri din Alba Iulia, Sebe\u0219, Aiud, Blaj","potentialAction":[{"@type":"SearchAction","target":{"@type":"EntryPoint","urlTemplate":"https:\/\/urbeamea.ro\/albaiulia\/?s={search_term_string}"},"query-input":{"@type":"PropertyValueSpecification","valueRequired":true,"valueName":"search_term_string"}}],"inLanguage":"ro-RO"},{"@type":"Person","@id":"https:\/\/urbeamea.ro\/albaiulia\/#\/schema\/person\/5db3854ac38c1cc9f0ab4092d6a20f02","name":"Giurca Sorin","image":{"@type":"ImageObject","inLanguage":"ro-RO","@id":"https:\/\/secure.gravatar.com\/avatar\/120f6fcae7b3b47a7730cb9943f612f4909f68ac5284b5f40ac1c4615fd70576?s=96&d=mm&r=g","url":"https:\/\/secure.gravatar.com\/avatar\/120f6fcae7b3b47a7730cb9943f612f4909f68ac5284b5f40ac1c4615fd70576?s=96&d=mm&r=g","contentUrl":"https:\/\/secure.gravatar.com\/avatar\/120f6fcae7b3b47a7730cb9943f612f4909f68ac5284b5f40ac1c4615fd70576?s=96&d=mm&r=g","caption":"Giurca Sorin"},"url":"https:\/\/urbeamea.ro\/albaiulia\/author\/sorin\/"}]}},"_links":{"self":[{"href":"https:\/\/urbeamea.ro\/albaiulia\/wp-json\/wp\/v2\/posts\/121821","targetHints":{"allow":["GET"]}}],"collection":[{"href":"https:\/\/urbeamea.ro\/albaiulia\/wp-json\/wp\/v2\/posts"}],"about":[{"href":"https:\/\/urbeamea.ro\/albaiulia\/wp-json\/wp\/v2\/types\/post"}],"author":[{"embeddable":true,"href":"https:\/\/urbeamea.ro\/albaiulia\/wp-json\/wp\/v2\/users\/28"}],"replies":[{"embeddable":true,"href":"https:\/\/urbeamea.ro\/albaiulia\/wp-json\/wp\/v2\/comments?post=121821"}],"version-history":[{"count":1,"href":"https:\/\/urbeamea.ro\/albaiulia\/wp-json\/wp\/v2\/posts\/121821\/revisions"}],"predecessor-version":[{"id":121823,"href":"https:\/\/urbeamea.ro\/albaiulia\/wp-json\/wp\/v2\/posts\/121821\/revisions\/121823"}],"wp:featuredmedia":[{"embeddable":true,"href":"https:\/\/urbeamea.ro\/albaiulia\/wp-json\/wp\/v2\/media\/121822"}],"wp:attachment":[{"href":"https:\/\/urbeamea.ro\/albaiulia\/wp-json\/wp\/v2\/media?parent=121821"}],"wp:term":[{"taxonomy":"category","embeddable":true,"href":"https:\/\/urbeamea.ro\/albaiulia\/wp-json\/wp\/v2\/categories?post=121821"},{"taxonomy":"post_tag","embeddable":true,"href":"https:\/\/urbeamea.ro\/albaiulia\/wp-json\/wp\/v2\/tags?post=121821"}],"curies":[{"name":"wp","href":"https:\/\/api.w.org\/{rel}","templated":true}]}}