{"id":121827,"date":"2026-03-31T12:46:53","date_gmt":"2026-03-31T09:46:53","guid":{"rendered":"https:\/\/urbeamea.ro\/albaiulia\/?p=121827"},"modified":"2026-03-31T12:46:56","modified_gmt":"2026-03-31T09:46:56","slug":"anunt-pentru-seniorii-sebesului","status":"publish","type":"post","link":"https:\/\/urbeamea.ro\/albaiulia\/anunt-pentru-seniorii-sebesului\/","title":{"rendered":"Anun\u021b pentru seniorii Sebe\u0219ului"},"content":{"rendered":"\n<p>Seniorii care domiciliaz\u0103 \u00een municipiul Sebe\u0219 (inclusiv localit\u0103\u021bile apar\u021bin\u0103toare R\u0103h\u0103u, Petre\u0219ti, Lancr\u0103m) sunt invita\u021bi \u00een data de 21 aprilie 2026 la S\u0103rb\u0103toarea Prim\u0103verii, un eveniment de socializare \u0219i de comuniune care le este dedicat, organizat de Prim\u0103ria Municipiului Sebe\u0219.<\/p>\n\n\n\n<p>Persoanele interesate sunt a\u0219teptate s\u0103 se \u00eenscrie la Biblioteca Municipal\u0103 \u201eLucian Blaga&#8221; Sebe\u0219, de luni p\u00e2n\u0103 vineri, \u00eentre orele 08:00 \u2013 18:00, \u00eencep\u00e2nd cu data de 6 aprilie 2026.<\/p>\n\n\n\n<p>V\u0103 a\u0219tept\u0103m cu drag \u0219i r\u0103m\u00e2nem la dispozi\u021bia dumneavoastr\u0103 pentru orice alte detalii suplimentare. Participarea este gratuit\u0103, \u00een limita locurilor disponibile.<\/p>\n\n\n\n<p><strong>Partenerii evenimentului sunt: Centrul Cultural \u201eLucian Blaga&#8221; Sebe\u0219 \u0219i Direc\u021bia de Asisten\u021b\u0103 Social\u0103 Sebe\u0219<\/strong><\/p>\n","protected":false},"excerpt":{"rendered":"<p>Seniorii care domiciliaz\u0103 \u00een municipiul Sebe\u0219 (inclusiv localit\u0103\u021bile apar\u021bin\u0103toare R\u0103h\u0103u, Petre\u0219ti, Lancr\u0103m) sunt invita\u021bi \u00een data de 21 aprilie 2026 la S\u0103rb\u0103toarea Prim\u0103verii, un eveniment de socializare \u0219i de comuniune care le este dedicat, organizat de Prim\u0103ria Municipiului Sebe\u0219. Persoanele interesate sunt a\u0219teptate s\u0103 se \u00eenscrie la Biblioteca Municipal\u0103 \u201eLucian Blaga&#8221; Sebe\u0219, de luni p\u00e2n\u0103 &hellip;<\/p>\n","protected":false},"author":5,"featured_media":121828,"comment_status":"open","ping_status":"open","sticky":false,"template":"","format":"standard","meta":{"inline_featured_image":false,"footnotes":""},"categories":[1],"tags":[],"class_list":["post-121827","post","type-post","status-publish","format-standard","has-post-thumbnail","hentry","category-stiri-urbane"],"yoast_head":"<!-- This site is optimized with the Yoast SEO plugin v27.4 - https:\/\/yoast.com\/product\/yoast-seo-wordpress\/ -->\n<title>Anun\u021b pentru seniorii Sebe\u0219ului - Revista Urbea Mea - Revista de Alba<\/title>\n<meta name=\"description\" content=\"Seniorii care domiciliaz\u0103 \u00een municipiul Sebe\u0219 (inclusiv localit\u0103\u021bile apar\u021bin\u0103toare R\u0103h\u0103u, Petre\u0219ti, Lancr\u0103m) sunt invita\u021bi \u00een data de 21 aprilie 2026 la\" \/>\n<meta name=\"robots\" content=\"index, follow, max-snippet:-1, max-image-preview:large, max-video-preview:-1\" \/>\n<link rel=\"canonical\" href=\"https:\/\/urbeamea.ro\/albaiulia\/anunt-pentru-seniorii-sebesului\/\" \/>\n<meta name=\"twitter:card\" content=\"summary_large_image\" \/>\n<meta name=\"twitter:title\" content=\"Anun\u021b pentru seniorii Sebe\u0219ului - Revista Urbea Mea - Revista de Alba\" \/>\n<meta name=\"twitter:description\" content=\"Seniorii care domiciliaz\u0103 \u00een municipiul Sebe\u0219 (inclusiv localit\u0103\u021bile apar\u021bin\u0103toare R\u0103h\u0103u, Petre\u0219ti, Lancr\u0103m) sunt invita\u021bi \u00een data de 21 aprilie 2026 la\" \/>\n<meta name=\"twitter:image\" content=\"https:\/\/urbeamea.ro\/albaiulia\/wp-content\/uploads\/2026\/03\/Afis-seniori-2026.jpeg\" \/>\n<meta name=\"twitter:creator\" content=\"@urbeameaweb\" \/>\n<meta name=\"twitter:site\" content=\"@urbeameaweb\" \/>\n<script type=\"application\/ld+json\" class=\"yoast-schema-graph\">{\"@context\":\"https:\\\/\\\/schema.org\",\"@graph\":[{\"@type\":\"Article\",\"@id\":\"https:\\\/\\\/urbeamea.ro\\\/albaiulia\\\/anunt-pentru-seniorii-sebesului\\\/#article\",\"isPartOf\":{\"@id\":\"https:\\\/\\\/urbeamea.ro\\\/albaiulia\\\/anunt-pentru-seniorii-sebesului\\\/\"},\"author\":{\"name\":\"Bogdan P\u0103unescu\",\"@id\":\"https:\\\/\\\/urbeamea.ro\\\/albaiulia\\\/#\\\/schema\\\/person\\\/a115373ce8153754c6b084232d985956\"},\"headline\":\"Anun\u021b pentru seniorii Sebe\u0219ului\",\"datePublished\":\"2026-03-31T09:46:53+00:00\",\"dateModified\":\"2026-03-31T09:46:56+00:00\",\"mainEntityOfPage\":{\"@id\":\"https:\\\/\\\/urbeamea.ro\\\/albaiulia\\\/anunt-pentru-seniorii-sebesului\\\/\"},\"wordCount\":122,\"commentCount\":0,\"image\":{\"@id\":\"https:\\\/\\\/urbeamea.ro\\\/albaiulia\\\/anunt-pentru-seniorii-sebesului\\\/#primaryimage\"},\"thumbnailUrl\":\"https:\\\/\\\/urbeamea.ro\\\/albaiulia\\\/wp-content\\\/uploads\\\/2026\\\/03\\\/Afis-seniori-2026.jpeg\",\"articleSection\":[\"\u015etiri Urbane\"],\"inLanguage\":\"ro-RO\",\"potentialAction\":[{\"@type\":\"CommentAction\",\"name\":\"Comment\",\"target\":[\"https:\\\/\\\/urbeamea.ro\\\/albaiulia\\\/anunt-pentru-seniorii-sebesului\\\/#respond\"]}]},{\"@type\":\"WebPage\",\"@id\":\"https:\\\/\\\/urbeamea.ro\\\/albaiulia\\\/anunt-pentru-seniorii-sebesului\\\/\",\"url\":\"https:\\\/\\\/urbeamea.ro\\\/albaiulia\\\/anunt-pentru-seniorii-sebesului\\\/\",\"name\":\"Anun\u021b pentru seniorii Sebe\u0219ului - Revista Urbea Mea - Revista de Alba\",\"isPartOf\":{\"@id\":\"https:\\\/\\\/urbeamea.ro\\\/albaiulia\\\/#website\"},\"primaryImageOfPage\":{\"@id\":\"https:\\\/\\\/urbeamea.ro\\\/albaiulia\\\/anunt-pentru-seniorii-sebesului\\\/#primaryimage\"},\"image\":{\"@id\":\"https:\\\/\\\/urbeamea.ro\\\/albaiulia\\\/anunt-pentru-seniorii-sebesului\\\/#primaryimage\"},\"thumbnailUrl\":\"https:\\\/\\\/urbeamea.ro\\\/albaiulia\\\/wp-content\\\/uploads\\\/2026\\\/03\\\/Afis-seniori-2026.jpeg\",\"datePublished\":\"2026-03-31T09:46:53+00:00\",\"dateModified\":\"2026-03-31T09:46:56+00:00\",\"author\":{\"@id\":\"https:\\\/\\\/urbeamea.ro\\\/albaiulia\\\/#\\\/schema\\\/person\\\/a115373ce8153754c6b084232d985956\"},\"description\":\"Seniorii care domiciliaz\u0103 \u00een municipiul Sebe\u0219 (inclusiv localit\u0103\u021bile apar\u021bin\u0103toare R\u0103h\u0103u, Petre\u0219ti, Lancr\u0103m) sunt invita\u021bi \u00een data de 21 aprilie 2026 la\",\"breadcrumb\":{\"@id\":\"https:\\\/\\\/urbeamea.ro\\\/albaiulia\\\/anunt-pentru-seniorii-sebesului\\\/#breadcrumb\"},\"inLanguage\":\"ro-RO\",\"potentialAction\":[{\"@type\":\"ReadAction\",\"target\":[\"https:\\\/\\\/urbeamea.ro\\\/albaiulia\\\/anunt-pentru-seniorii-sebesului\\\/\"]}]},{\"@type\":\"ImageObject\",\"inLanguage\":\"ro-RO\",\"@id\":\"https:\\\/\\\/urbeamea.ro\\\/albaiulia\\\/anunt-pentru-seniorii-sebesului\\\/#primaryimage\",\"url\":\"https:\\\/\\\/urbeamea.ro\\\/albaiulia\\\/wp-content\\\/uploads\\\/2026\\\/03\\\/Afis-seniori-2026.jpeg\",\"contentUrl\":\"https:\\\/\\\/urbeamea.ro\\\/albaiulia\\\/wp-content\\\/uploads\\\/2026\\\/03\\\/Afis-seniori-2026.jpeg\",\"width\":1024,\"height\":1024},{\"@type\":\"BreadcrumbList\",\"@id\":\"https:\\\/\\\/urbeamea.ro\\\/albaiulia\\\/anunt-pentru-seniorii-sebesului\\\/#breadcrumb\",\"itemListElement\":[{\"@type\":\"ListItem\",\"position\":1,\"name\":\"Prima pagin\u0103\",\"item\":\"https:\\\/\\\/urbeamea.ro\\\/albaiulia\\\/\"},{\"@type\":\"ListItem\",\"position\":2,\"name\":\"Anun\u021b pentru seniorii Sebe\u0219ului\"}]},{\"@type\":\"WebSite\",\"@id\":\"https:\\\/\\\/urbeamea.ro\\\/albaiulia\\\/#website\",\"url\":\"https:\\\/\\\/urbeamea.ro\\\/albaiulia\\\/\",\"name\":\"Revista Urbea Mea, Stiri urbane\",\"description\":\"Evenimente \u0219i \u0219tiri din Alba Iulia, Sebe\u0219, Aiud, Blaj\",\"potentialAction\":[{\"@type\":\"SearchAction\",\"target\":{\"@type\":\"EntryPoint\",\"urlTemplate\":\"https:\\\/\\\/urbeamea.ro\\\/albaiulia\\\/?s={search_term_string}\"},\"query-input\":{\"@type\":\"PropertyValueSpecification\",\"valueRequired\":true,\"valueName\":\"search_term_string\"}}],\"inLanguage\":\"ro-RO\"},{\"@type\":\"Person\",\"@id\":\"https:\\\/\\\/urbeamea.ro\\\/albaiulia\\\/#\\\/schema\\\/person\\\/a115373ce8153754c6b084232d985956\",\"name\":\"Bogdan P\u0103unescu\",\"image\":{\"@type\":\"ImageObject\",\"inLanguage\":\"ro-RO\",\"@id\":\"https:\\\/\\\/secure.gravatar.com\\\/avatar\\\/f72aa881b5a32ea110a53aabc2049429e3ff68fcb09d283722d01fbf330e9dd9?s=96&d=mm&r=g\",\"url\":\"https:\\\/\\\/secure.gravatar.com\\\/avatar\\\/f72aa881b5a32ea110a53aabc2049429e3ff68fcb09d283722d01fbf330e9dd9?s=96&d=mm&r=g\",\"contentUrl\":\"https:\\\/\\\/secure.gravatar.com\\\/avatar\\\/f72aa881b5a32ea110a53aabc2049429e3ff68fcb09d283722d01fbf330e9dd9?s=96&d=mm&r=g\",\"caption\":\"Bogdan P\u0103unescu\"},\"description\":\"\u00cemi place tot ceea ce este legat de web \u015fi ajut la dezvoltarea \u015fi \u00eembun\u0103t\u0103\u0163irea lui prin tot ceea ce fac.\",\"sameAs\":[\"https:\\\/\\\/www.artonmedia.ro\",\"https:\\\/\\\/www.facebook.com\\\/bogdanvpaunescu\"],\"url\":\"https:\\\/\\\/urbeamea.ro\\\/albaiulia\\\/author\\\/bogdan-paunescu\\\/\"}]}<\/script>\n<!-- \/ Yoast SEO plugin. -->","yoast_head_json":{"title":"Anun\u021b pentru seniorii Sebe\u0219ului - Revista Urbea Mea - Revista de Alba","description":"Seniorii care domiciliaz\u0103 \u00een municipiul Sebe\u0219 (inclusiv localit\u0103\u021bile apar\u021bin\u0103toare R\u0103h\u0103u, Petre\u0219ti, Lancr\u0103m) sunt invita\u021bi \u00een data de 21 aprilie 2026 la","robots":{"index":"index","follow":"follow","max-snippet":"max-snippet:-1","max-image-preview":"max-image-preview:large","max-video-preview":"max-video-preview:-1"},"canonical":"https:\/\/urbeamea.ro\/albaiulia\/anunt-pentru-seniorii-sebesului\/","twitter_card":"summary_large_image","twitter_title":"Anun\u021b pentru seniorii Sebe\u0219ului - Revista Urbea Mea - Revista de Alba","twitter_description":"Seniorii care domiciliaz\u0103 \u00een municipiul Sebe\u0219 (inclusiv localit\u0103\u021bile apar\u021bin\u0103toare R\u0103h\u0103u, Petre\u0219ti, Lancr\u0103m) sunt invita\u021bi \u00een data de 21 aprilie 2026 la","twitter_image":"https:\/\/urbeamea.ro\/albaiulia\/wp-content\/uploads\/2026\/03\/Afis-seniori-2026.jpeg","twitter_creator":"@urbeameaweb","twitter_site":"@urbeameaweb","schema":{"@context":"https:\/\/schema.org","@graph":[{"@type":"Article","@id":"https:\/\/urbeamea.ro\/albaiulia\/anunt-pentru-seniorii-sebesului\/#article","isPartOf":{"@id":"https:\/\/urbeamea.ro\/albaiulia\/anunt-pentru-seniorii-sebesului\/"},"author":{"name":"Bogdan P\u0103unescu","@id":"https:\/\/urbeamea.ro\/albaiulia\/#\/schema\/person\/a115373ce8153754c6b084232d985956"},"headline":"Anun\u021b pentru seniorii Sebe\u0219ului","datePublished":"2026-03-31T09:46:53+00:00","dateModified":"2026-03-31T09:46:56+00:00","mainEntityOfPage":{"@id":"https:\/\/urbeamea.ro\/albaiulia\/anunt-pentru-seniorii-sebesului\/"},"wordCount":122,"commentCount":0,"image":{"@id":"https:\/\/urbeamea.ro\/albaiulia\/anunt-pentru-seniorii-sebesului\/#primaryimage"},"thumbnailUrl":"https:\/\/urbeamea.ro\/albaiulia\/wp-content\/uploads\/2026\/03\/Afis-seniori-2026.jpeg","articleSection":["\u015etiri Urbane"],"inLanguage":"ro-RO","potentialAction":[{"@type":"CommentAction","name":"Comment","target":["https:\/\/urbeamea.ro\/albaiulia\/anunt-pentru-seniorii-sebesului\/#respond"]}]},{"@type":"WebPage","@id":"https:\/\/urbeamea.ro\/albaiulia\/anunt-pentru-seniorii-sebesului\/","url":"https:\/\/urbeamea.ro\/albaiulia\/anunt-pentru-seniorii-sebesului\/","name":"Anun\u021b pentru seniorii Sebe\u0219ului - Revista Urbea Mea - Revista de Alba","isPartOf":{"@id":"https:\/\/urbeamea.ro\/albaiulia\/#website"},"primaryImageOfPage":{"@id":"https:\/\/urbeamea.ro\/albaiulia\/anunt-pentru-seniorii-sebesului\/#primaryimage"},"image":{"@id":"https:\/\/urbeamea.ro\/albaiulia\/anunt-pentru-seniorii-sebesului\/#primaryimage"},"thumbnailUrl":"https:\/\/urbeamea.ro\/albaiulia\/wp-content\/uploads\/2026\/03\/Afis-seniori-2026.jpeg","datePublished":"2026-03-31T09:46:53+00:00","dateModified":"2026-03-31T09:46:56+00:00","author":{"@id":"https:\/\/urbeamea.ro\/albaiulia\/#\/schema\/person\/a115373ce8153754c6b084232d985956"},"description":"Seniorii care domiciliaz\u0103 \u00een municipiul Sebe\u0219 (inclusiv localit\u0103\u021bile apar\u021bin\u0103toare R\u0103h\u0103u, Petre\u0219ti, Lancr\u0103m) sunt invita\u021bi \u00een data de 21 aprilie 2026 la","breadcrumb":{"@id":"https:\/\/urbeamea.ro\/albaiulia\/anunt-pentru-seniorii-sebesului\/#breadcrumb"},"inLanguage":"ro-RO","potentialAction":[{"@type":"ReadAction","target":["https:\/\/urbeamea.ro\/albaiulia\/anunt-pentru-seniorii-sebesului\/"]}]},{"@type":"ImageObject","inLanguage":"ro-RO","@id":"https:\/\/urbeamea.ro\/albaiulia\/anunt-pentru-seniorii-sebesului\/#primaryimage","url":"https:\/\/urbeamea.ro\/albaiulia\/wp-content\/uploads\/2026\/03\/Afis-seniori-2026.jpeg","contentUrl":"https:\/\/urbeamea.ro\/albaiulia\/wp-content\/uploads\/2026\/03\/Afis-seniori-2026.jpeg","width":1024,"height":1024},{"@type":"BreadcrumbList","@id":"https:\/\/urbeamea.ro\/albaiulia\/anunt-pentru-seniorii-sebesului\/#breadcrumb","itemListElement":[{"@type":"ListItem","position":1,"name":"Prima pagin\u0103","item":"https:\/\/urbeamea.ro\/albaiulia\/"},{"@type":"ListItem","position":2,"name":"Anun\u021b pentru seniorii Sebe\u0219ului"}]},{"@type":"WebSite","@id":"https:\/\/urbeamea.ro\/albaiulia\/#website","url":"https:\/\/urbeamea.ro\/albaiulia\/","name":"Revista Urbea Mea, Stiri urbane","description":"Evenimente \u0219i \u0219tiri din Alba Iulia, Sebe\u0219, Aiud, Blaj","potentialAction":[{"@type":"SearchAction","target":{"@type":"EntryPoint","urlTemplate":"https:\/\/urbeamea.ro\/albaiulia\/?s={search_term_string}"},"query-input":{"@type":"PropertyValueSpecification","valueRequired":true,"valueName":"search_term_string"}}],"inLanguage":"ro-RO"},{"@type":"Person","@id":"https:\/\/urbeamea.ro\/albaiulia\/#\/schema\/person\/a115373ce8153754c6b084232d985956","name":"Bogdan P\u0103unescu","image":{"@type":"ImageObject","inLanguage":"ro-RO","@id":"https:\/\/secure.gravatar.com\/avatar\/f72aa881b5a32ea110a53aabc2049429e3ff68fcb09d283722d01fbf330e9dd9?s=96&d=mm&r=g","url":"https:\/\/secure.gravatar.com\/avatar\/f72aa881b5a32ea110a53aabc2049429e3ff68fcb09d283722d01fbf330e9dd9?s=96&d=mm&r=g","contentUrl":"https:\/\/secure.gravatar.com\/avatar\/f72aa881b5a32ea110a53aabc2049429e3ff68fcb09d283722d01fbf330e9dd9?s=96&d=mm&r=g","caption":"Bogdan P\u0103unescu"},"description":"\u00cemi place tot ceea ce este legat de web \u015fi ajut la dezvoltarea \u015fi \u00eembun\u0103t\u0103\u0163irea lui prin tot ceea ce fac.","sameAs":["https:\/\/www.artonmedia.ro","https:\/\/www.facebook.com\/bogdanvpaunescu"],"url":"https:\/\/urbeamea.ro\/albaiulia\/author\/bogdan-paunescu\/"}]}},"_links":{"self":[{"href":"https:\/\/urbeamea.ro\/albaiulia\/wp-json\/wp\/v2\/posts\/121827","targetHints":{"allow":["GET"]}}],"collection":[{"href":"https:\/\/urbeamea.ro\/albaiulia\/wp-json\/wp\/v2\/posts"}],"about":[{"href":"https:\/\/urbeamea.ro\/albaiulia\/wp-json\/wp\/v2\/types\/post"}],"author":[{"embeddable":true,"href":"https:\/\/urbeamea.ro\/albaiulia\/wp-json\/wp\/v2\/users\/5"}],"replies":[{"embeddable":true,"href":"https:\/\/urbeamea.ro\/albaiulia\/wp-json\/wp\/v2\/comments?post=121827"}],"version-history":[{"count":1,"href":"https:\/\/urbeamea.ro\/albaiulia\/wp-json\/wp\/v2\/posts\/121827\/revisions"}],"predecessor-version":[{"id":121829,"href":"https:\/\/urbeamea.ro\/albaiulia\/wp-json\/wp\/v2\/posts\/121827\/revisions\/121829"}],"wp:featuredmedia":[{"embeddable":true,"href":"https:\/\/urbeamea.ro\/albaiulia\/wp-json\/wp\/v2\/media\/121828"}],"wp:attachment":[{"href":"https:\/\/urbeamea.ro\/albaiulia\/wp-json\/wp\/v2\/media?parent=121827"}],"wp:term":[{"taxonomy":"category","embeddable":true,"href":"https:\/\/urbeamea.ro\/albaiulia\/wp-json\/wp\/v2\/categories?post=121827"},{"taxonomy":"post_tag","embeddable":true,"href":"https:\/\/urbeamea.ro\/albaiulia\/wp-json\/wp\/v2\/tags?post=121827"}],"curies":[{"name":"wp","href":"https:\/\/api.w.org\/{rel}","templated":true}]}}