{"id":121831,"date":"2026-04-02T11:30:12","date_gmt":"2026-04-02T08:30:12","guid":{"rendered":"https:\/\/urbeamea.ro\/albaiulia\/?p=121831"},"modified":"2026-04-02T11:30:17","modified_gmt":"2026-04-02T08:30:17","slug":"3-aprilie-festival-judetean-amare-rroma-al-elevilor-dedicat-zilei-internationale-a-rromilor-la-sebes","status":"publish","type":"post","link":"https:\/\/urbeamea.ro\/albaiulia\/3-aprilie-festival-judetean-amare-rroma-al-elevilor-dedicat-zilei-internationale-a-rromilor-la-sebes\/","title":{"rendered":"3 aprilie: Festival jude\u021bean \u201eAmare Rroma\u201d al elevilor, dedicat Zilei Interna\u021bionale a Rromilor la Sebe\u0219"},"content":{"rendered":"\n<p><strong>Vineri, 3 aprilie 2026, la Sebe\u0219 va avea loc cea de-a treia edi\u021bie a Festivalului Jude\u021bean \u201eAmare Rroma\u201d, un eveniment cultural-educativ organizat de Prim\u0103ria Municipiului Sebe\u0219 \u0219i Centrul Cultural \u201eLucian Blaga\u201d, al\u0103turi de Liceul cu Program Sportiv \u201eFlorin Fle\u0219eriu\u201d din Sebe\u0219 \u0219i Direc\u021bia de Asisten\u021b\u0103 Social\u0103 Sebe\u0219, pentru a marca Ziua Interna\u021bional\u0103 a Rromilor.<\/strong><\/p>\n\n\n\n<p>Tinerii etnici rromi, coordona\u021bi de prof. Petre C\u0103ian, au preg\u0103tit pentru aceast\u0103 ocazie o serie de momente artistice, incluz\u00e2nd muzica \u0219i dansurile tradi\u021bionale, precum \u0219i o expozi\u021bie de art\u0103 inspirat\u0103 de cultura rromani.<\/p>\n\n\n\n<p>Organizatorii au preg\u0103tit surprize pentru numero\u0219ii elevi \u0219i tineri care \u0219i-au anun\u021bat participarea la acest festival inedit.V\u0103 invit\u0103m s\u0103 le fim al\u0103turi \u0219i s\u0103 ne bucur\u0103m de frumuse\u021bea tradi\u021biilor comunit\u0103\u021bii rrome din Sebe\u0219!<\/p>\n\n\n\n<p>Divesa Rromilor va jakhavel pe Sebe\u0219 per Festivalo Judesko le \u010chavengoroVineri, 3 Avri\u013e 2026, pe Sebe\u0219 va d\u017eanel o trija edi\u021bie le Festivalo Judesko \u201eAmare Rroma\u201d.<\/p>\n\n\n\n<p>Akava eveniment si organizirda de Prim\u0103ria Sebe\u0219 thaj Centrul Cultural \u201eLucian Blaga\u201d, ka Liceul cu Program Sportiv \u201eFlorin Fle\u0219eriu\u201d thaj Direc\u021bia de Asisten\u021b\u0103 Social\u0103 Sebe\u0219.Le \u010dhave rromenca, koordiniri e prof. Petre C\u0103ian, si pregatind muzika, d\u0103nsuri tradi\u021bionale thaj arte inspirida pe kultura rromani.<\/p>\n\n\n\n<p>Organizatorura si pregatind surpriza le \u010dhavengoro savo avenela te jakhavel pe festivalo.Avel pe festivalo thaj amenge le phirel tut, te veselimos pe frumuse\u021bea le tradicije le komunitate rromengoro pe Sebe\u0219!<\/p>\n\n\n\n<figure class=\"wp-block-image size-large\"><img loading=\"lazy\" decoding=\"async\" width=\"853\" height=\"1280\" src=\"https:\/\/urbeamea.ro\/albaiulia\/wp-content\/uploads\/2026\/04\/FB_IMG_1775118162013-853x1280.jpg\" alt=\"\" class=\"wp-image-121832\" srcset=\"https:\/\/urbeamea.ro\/albaiulia\/wp-content\/uploads\/2026\/04\/FB_IMG_1775118162013-853x1280.jpg 853w, https:\/\/urbeamea.ro\/albaiulia\/wp-content\/uploads\/2026\/04\/FB_IMG_1775118162013-427x640.jpg 427w, https:\/\/urbeamea.ro\/albaiulia\/wp-content\/uploads\/2026\/04\/FB_IMG_1775118162013-100x150.jpg 100w, https:\/\/urbeamea.ro\/albaiulia\/wp-content\/uploads\/2026\/04\/FB_IMG_1775118162013-768x1152.jpg 768w, https:\/\/urbeamea.ro\/albaiulia\/wp-content\/uploads\/2026\/04\/FB_IMG_1775118162013.jpg 1024w\" sizes=\"auto, (max-width: 853px) 100vw, 853px\" \/><\/figure>\n\n\n\n<p><\/p>\n\n\n\n<p><\/p>\n","protected":false},"excerpt":{"rendered":"<p>Vineri, 3 aprilie 2026, la Sebe\u0219 va avea loc cea de-a treia edi\u021bie a Festivalului Jude\u021bean \u201eAmare Rroma\u201d, un eveniment cultural-educativ organizat de Prim\u0103ria Municipiului Sebe\u0219 \u0219i Centrul Cultural \u201eLucian Blaga\u201d, al\u0103turi de Liceul cu Program Sportiv \u201eFlorin Fle\u0219eriu\u201d din Sebe\u0219 \u0219i Direc\u021bia de Asisten\u021b\u0103 Social\u0103 Sebe\u0219, pentru a marca Ziua Interna\u021bional\u0103 a Rromilor. Tinerii &hellip;<\/p>\n","protected":false},"author":28,"featured_media":121832,"comment_status":"open","ping_status":"open","sticky":false,"template":"","format":"standard","meta":{"inline_featured_image":false,"footnotes":""},"categories":[23926,2038,4,2036,16567,2034,1,61,16344],"tags":[8430,25560],"class_list":["post-121831","post","type-post","status-publish","format-standard","has-post-thumbnail","hentry","category-actualitate","category-cultura","category-eveniment","category-monden","category-muzica","category-social","category-stiri-urbane","category-turism","category-urbea-mea","tag-centrul-cultural-sebes","tag-ziua-internationala-a-rromilor"],"yoast_head":"<!-- This site is optimized with the Yoast SEO plugin v27.4 - https:\/\/yoast.com\/product\/yoast-seo-wordpress\/ -->\n<title>3 aprilie: Festival jude\u021bean \u201eAmare Rroma\u201d al elevilor, dedicat Zilei Interna\u021bionale a Rromilor la Sebe\u0219 - Revista Urbea Mea - Revista de Alba<\/title>\n<meta name=\"description\" content=\"Vineri, 3 aprilie 2026, la Sebe\u0219 va avea loc cea de-a treia edi\u021bie a Festivalului Jude\u021bean \u201eAmare Rroma\u201d, un eveniment cultural-educativ organizat de\" \/>\n<meta name=\"robots\" content=\"index, follow, max-snippet:-1, max-image-preview:large, max-video-preview:-1\" \/>\n<link rel=\"canonical\" href=\"https:\/\/urbeamea.ro\/albaiulia\/3-aprilie-festival-judetean-amare-rroma-al-elevilor-dedicat-zilei-internationale-a-rromilor-la-sebes\/\" \/>\n<meta name=\"twitter:card\" content=\"summary_large_image\" \/>\n<meta name=\"twitter:title\" content=\"3 aprilie: Festival jude\u021bean \u201eAmare Rroma\u201d al elevilor, dedicat Zilei Interna\u021bionale a Rromilor la Sebe\u0219 - Revista Urbea Mea - Revista de Alba\" \/>\n<meta name=\"twitter:description\" content=\"Vineri, 3 aprilie 2026, la Sebe\u0219 va avea loc cea de-a treia edi\u021bie a Festivalului Jude\u021bean \u201eAmare Rroma\u201d, un eveniment cultural-educativ organizat de\" \/>\n<meta name=\"twitter:image\" content=\"https:\/\/urbeamea.ro\/albaiulia\/wp-content\/uploads\/2026\/04\/FB_IMG_1775118162013.jpg\" \/>\n<meta name=\"twitter:creator\" content=\"@urbeameaweb\" \/>\n<meta name=\"twitter:site\" content=\"@urbeameaweb\" \/>\n<script type=\"application\/ld+json\" class=\"yoast-schema-graph\">{\"@context\":\"https:\\\/\\\/schema.org\",\"@graph\":[{\"@type\":\"Article\",\"@id\":\"https:\\\/\\\/urbeamea.ro\\\/albaiulia\\\/3-aprilie-festival-judetean-amare-rroma-al-elevilor-dedicat-zilei-internationale-a-rromilor-la-sebes\\\/#article\",\"isPartOf\":{\"@id\":\"https:\\\/\\\/urbeamea.ro\\\/albaiulia\\\/3-aprilie-festival-judetean-amare-rroma-al-elevilor-dedicat-zilei-internationale-a-rromilor-la-sebes\\\/\"},\"author\":{\"name\":\"Giurca Sorin\",\"@id\":\"https:\\\/\\\/urbeamea.ro\\\/albaiulia\\\/#\\\/schema\\\/person\\\/5db3854ac38c1cc9f0ab4092d6a20f02\"},\"headline\":\"3 aprilie: Festival jude\u021bean \u201eAmare Rroma\u201d al elevilor, dedicat Zilei Interna\u021bionale a Rromilor la Sebe\u0219\",\"datePublished\":\"2026-04-02T08:30:12+00:00\",\"dateModified\":\"2026-04-02T08:30:17+00:00\",\"mainEntityOfPage\":{\"@id\":\"https:\\\/\\\/urbeamea.ro\\\/albaiulia\\\/3-aprilie-festival-judetean-amare-rroma-al-elevilor-dedicat-zilei-internationale-a-rromilor-la-sebes\\\/\"},\"wordCount\":265,\"commentCount\":0,\"image\":{\"@id\":\"https:\\\/\\\/urbeamea.ro\\\/albaiulia\\\/3-aprilie-festival-judetean-amare-rroma-al-elevilor-dedicat-zilei-internationale-a-rromilor-la-sebes\\\/#primaryimage\"},\"thumbnailUrl\":\"https:\\\/\\\/urbeamea.ro\\\/albaiulia\\\/wp-content\\\/uploads\\\/2026\\\/04\\\/FB_IMG_1775118162013.jpg\",\"keywords\":[\"centrul cultural sebes\",\"Ziua interna\u021bional\u0103 a rromilor\"],\"articleSection\":[\"Actualitate\",\"Cultur\u0103\",\"Evenimente\",\"Monden\",\"Muzic\u0103\",\"Social\",\"\u015etiri Urbane\",\"Turism \u0219i Ghidaj turistic\",\"Urbea Mea\"],\"inLanguage\":\"ro-RO\",\"potentialAction\":[{\"@type\":\"CommentAction\",\"name\":\"Comment\",\"target\":[\"https:\\\/\\\/urbeamea.ro\\\/albaiulia\\\/3-aprilie-festival-judetean-amare-rroma-al-elevilor-dedicat-zilei-internationale-a-rromilor-la-sebes\\\/#respond\"]}]},{\"@type\":\"WebPage\",\"@id\":\"https:\\\/\\\/urbeamea.ro\\\/albaiulia\\\/3-aprilie-festival-judetean-amare-rroma-al-elevilor-dedicat-zilei-internationale-a-rromilor-la-sebes\\\/\",\"url\":\"https:\\\/\\\/urbeamea.ro\\\/albaiulia\\\/3-aprilie-festival-judetean-amare-rroma-al-elevilor-dedicat-zilei-internationale-a-rromilor-la-sebes\\\/\",\"name\":\"3 aprilie: Festival jude\u021bean \u201eAmare Rroma\u201d al elevilor, dedicat Zilei Interna\u021bionale a Rromilor la Sebe\u0219 - Revista Urbea Mea - Revista de Alba\",\"isPartOf\":{\"@id\":\"https:\\\/\\\/urbeamea.ro\\\/albaiulia\\\/#website\"},\"primaryImageOfPage\":{\"@id\":\"https:\\\/\\\/urbeamea.ro\\\/albaiulia\\\/3-aprilie-festival-judetean-amare-rroma-al-elevilor-dedicat-zilei-internationale-a-rromilor-la-sebes\\\/#primaryimage\"},\"image\":{\"@id\":\"https:\\\/\\\/urbeamea.ro\\\/albaiulia\\\/3-aprilie-festival-judetean-amare-rroma-al-elevilor-dedicat-zilei-internationale-a-rromilor-la-sebes\\\/#primaryimage\"},\"thumbnailUrl\":\"https:\\\/\\\/urbeamea.ro\\\/albaiulia\\\/wp-content\\\/uploads\\\/2026\\\/04\\\/FB_IMG_1775118162013.jpg\",\"datePublished\":\"2026-04-02T08:30:12+00:00\",\"dateModified\":\"2026-04-02T08:30:17+00:00\",\"author\":{\"@id\":\"https:\\\/\\\/urbeamea.ro\\\/albaiulia\\\/#\\\/schema\\\/person\\\/5db3854ac38c1cc9f0ab4092d6a20f02\"},\"description\":\"Vineri, 3 aprilie 2026, la Sebe\u0219 va avea loc cea de-a treia edi\u021bie a Festivalului Jude\u021bean \u201eAmare Rroma\u201d, un eveniment cultural-educativ organizat de\",\"breadcrumb\":{\"@id\":\"https:\\\/\\\/urbeamea.ro\\\/albaiulia\\\/3-aprilie-festival-judetean-amare-rroma-al-elevilor-dedicat-zilei-internationale-a-rromilor-la-sebes\\\/#breadcrumb\"},\"inLanguage\":\"ro-RO\",\"potentialAction\":[{\"@type\":\"ReadAction\",\"target\":[\"https:\\\/\\\/urbeamea.ro\\\/albaiulia\\\/3-aprilie-festival-judetean-amare-rroma-al-elevilor-dedicat-zilei-internationale-a-rromilor-la-sebes\\\/\"]}]},{\"@type\":\"ImageObject\",\"inLanguage\":\"ro-RO\",\"@id\":\"https:\\\/\\\/urbeamea.ro\\\/albaiulia\\\/3-aprilie-festival-judetean-amare-rroma-al-elevilor-dedicat-zilei-internationale-a-rromilor-la-sebes\\\/#primaryimage\",\"url\":\"https:\\\/\\\/urbeamea.ro\\\/albaiulia\\\/wp-content\\\/uploads\\\/2026\\\/04\\\/FB_IMG_1775118162013.jpg\",\"contentUrl\":\"https:\\\/\\\/urbeamea.ro\\\/albaiulia\\\/wp-content\\\/uploads\\\/2026\\\/04\\\/FB_IMG_1775118162013.jpg\",\"width\":1024,\"height\":1536},{\"@type\":\"BreadcrumbList\",\"@id\":\"https:\\\/\\\/urbeamea.ro\\\/albaiulia\\\/3-aprilie-festival-judetean-amare-rroma-al-elevilor-dedicat-zilei-internationale-a-rromilor-la-sebes\\\/#breadcrumb\",\"itemListElement\":[{\"@type\":\"ListItem\",\"position\":1,\"name\":\"Prima pagin\u0103\",\"item\":\"https:\\\/\\\/urbeamea.ro\\\/albaiulia\\\/\"},{\"@type\":\"ListItem\",\"position\":2,\"name\":\"3 aprilie: Festival jude\u021bean \u201eAmare Rroma\u201d al elevilor, dedicat Zilei Interna\u021bionale a Rromilor la Sebe\u0219\"}]},{\"@type\":\"WebSite\",\"@id\":\"https:\\\/\\\/urbeamea.ro\\\/albaiulia\\\/#website\",\"url\":\"https:\\\/\\\/urbeamea.ro\\\/albaiulia\\\/\",\"name\":\"Revista Urbea Mea, Stiri urbane\",\"description\":\"Evenimente \u0219i \u0219tiri din Alba Iulia, Sebe\u0219, Aiud, Blaj\",\"potentialAction\":[{\"@type\":\"SearchAction\",\"target\":{\"@type\":\"EntryPoint\",\"urlTemplate\":\"https:\\\/\\\/urbeamea.ro\\\/albaiulia\\\/?s={search_term_string}\"},\"query-input\":{\"@type\":\"PropertyValueSpecification\",\"valueRequired\":true,\"valueName\":\"search_term_string\"}}],\"inLanguage\":\"ro-RO\"},{\"@type\":\"Person\",\"@id\":\"https:\\\/\\\/urbeamea.ro\\\/albaiulia\\\/#\\\/schema\\\/person\\\/5db3854ac38c1cc9f0ab4092d6a20f02\",\"name\":\"Giurca Sorin\",\"image\":{\"@type\":\"ImageObject\",\"inLanguage\":\"ro-RO\",\"@id\":\"https:\\\/\\\/secure.gravatar.com\\\/avatar\\\/120f6fcae7b3b47a7730cb9943f612f4909f68ac5284b5f40ac1c4615fd70576?s=96&d=mm&r=g\",\"url\":\"https:\\\/\\\/secure.gravatar.com\\\/avatar\\\/120f6fcae7b3b47a7730cb9943f612f4909f68ac5284b5f40ac1c4615fd70576?s=96&d=mm&r=g\",\"contentUrl\":\"https:\\\/\\\/secure.gravatar.com\\\/avatar\\\/120f6fcae7b3b47a7730cb9943f612f4909f68ac5284b5f40ac1c4615fd70576?s=96&d=mm&r=g\",\"caption\":\"Giurca Sorin\"},\"url\":\"https:\\\/\\\/urbeamea.ro\\\/albaiulia\\\/author\\\/sorin\\\/\"}]}<\/script>\n<!-- \/ Yoast SEO plugin. -->","yoast_head_json":{"title":"3 aprilie: Festival jude\u021bean \u201eAmare Rroma\u201d al elevilor, dedicat Zilei Interna\u021bionale a Rromilor la Sebe\u0219 - Revista Urbea Mea - Revista de Alba","description":"Vineri, 3 aprilie 2026, la Sebe\u0219 va avea loc cea de-a treia edi\u021bie a Festivalului Jude\u021bean \u201eAmare Rroma\u201d, un eveniment cultural-educativ organizat de","robots":{"index":"index","follow":"follow","max-snippet":"max-snippet:-1","max-image-preview":"max-image-preview:large","max-video-preview":"max-video-preview:-1"},"canonical":"https:\/\/urbeamea.ro\/albaiulia\/3-aprilie-festival-judetean-amare-rroma-al-elevilor-dedicat-zilei-internationale-a-rromilor-la-sebes\/","twitter_card":"summary_large_image","twitter_title":"3 aprilie: Festival jude\u021bean \u201eAmare Rroma\u201d al elevilor, dedicat Zilei Interna\u021bionale a Rromilor la Sebe\u0219 - Revista Urbea Mea - Revista de Alba","twitter_description":"Vineri, 3 aprilie 2026, la Sebe\u0219 va avea loc cea de-a treia edi\u021bie a Festivalului Jude\u021bean \u201eAmare Rroma\u201d, un eveniment cultural-educativ organizat de","twitter_image":"https:\/\/urbeamea.ro\/albaiulia\/wp-content\/uploads\/2026\/04\/FB_IMG_1775118162013.jpg","twitter_creator":"@urbeameaweb","twitter_site":"@urbeameaweb","schema":{"@context":"https:\/\/schema.org","@graph":[{"@type":"Article","@id":"https:\/\/urbeamea.ro\/albaiulia\/3-aprilie-festival-judetean-amare-rroma-al-elevilor-dedicat-zilei-internationale-a-rromilor-la-sebes\/#article","isPartOf":{"@id":"https:\/\/urbeamea.ro\/albaiulia\/3-aprilie-festival-judetean-amare-rroma-al-elevilor-dedicat-zilei-internationale-a-rromilor-la-sebes\/"},"author":{"name":"Giurca Sorin","@id":"https:\/\/urbeamea.ro\/albaiulia\/#\/schema\/person\/5db3854ac38c1cc9f0ab4092d6a20f02"},"headline":"3 aprilie: Festival jude\u021bean \u201eAmare Rroma\u201d al elevilor, dedicat Zilei Interna\u021bionale a Rromilor la Sebe\u0219","datePublished":"2026-04-02T08:30:12+00:00","dateModified":"2026-04-02T08:30:17+00:00","mainEntityOfPage":{"@id":"https:\/\/urbeamea.ro\/albaiulia\/3-aprilie-festival-judetean-amare-rroma-al-elevilor-dedicat-zilei-internationale-a-rromilor-la-sebes\/"},"wordCount":265,"commentCount":0,"image":{"@id":"https:\/\/urbeamea.ro\/albaiulia\/3-aprilie-festival-judetean-amare-rroma-al-elevilor-dedicat-zilei-internationale-a-rromilor-la-sebes\/#primaryimage"},"thumbnailUrl":"https:\/\/urbeamea.ro\/albaiulia\/wp-content\/uploads\/2026\/04\/FB_IMG_1775118162013.jpg","keywords":["centrul cultural sebes","Ziua interna\u021bional\u0103 a rromilor"],"articleSection":["Actualitate","Cultur\u0103","Evenimente","Monden","Muzic\u0103","Social","\u015etiri Urbane","Turism \u0219i Ghidaj turistic","Urbea Mea"],"inLanguage":"ro-RO","potentialAction":[{"@type":"CommentAction","name":"Comment","target":["https:\/\/urbeamea.ro\/albaiulia\/3-aprilie-festival-judetean-amare-rroma-al-elevilor-dedicat-zilei-internationale-a-rromilor-la-sebes\/#respond"]}]},{"@type":"WebPage","@id":"https:\/\/urbeamea.ro\/albaiulia\/3-aprilie-festival-judetean-amare-rroma-al-elevilor-dedicat-zilei-internationale-a-rromilor-la-sebes\/","url":"https:\/\/urbeamea.ro\/albaiulia\/3-aprilie-festival-judetean-amare-rroma-al-elevilor-dedicat-zilei-internationale-a-rromilor-la-sebes\/","name":"3 aprilie: Festival jude\u021bean \u201eAmare Rroma\u201d al elevilor, dedicat Zilei Interna\u021bionale a Rromilor la Sebe\u0219 - Revista Urbea Mea - Revista de Alba","isPartOf":{"@id":"https:\/\/urbeamea.ro\/albaiulia\/#website"},"primaryImageOfPage":{"@id":"https:\/\/urbeamea.ro\/albaiulia\/3-aprilie-festival-judetean-amare-rroma-al-elevilor-dedicat-zilei-internationale-a-rromilor-la-sebes\/#primaryimage"},"image":{"@id":"https:\/\/urbeamea.ro\/albaiulia\/3-aprilie-festival-judetean-amare-rroma-al-elevilor-dedicat-zilei-internationale-a-rromilor-la-sebes\/#primaryimage"},"thumbnailUrl":"https:\/\/urbeamea.ro\/albaiulia\/wp-content\/uploads\/2026\/04\/FB_IMG_1775118162013.jpg","datePublished":"2026-04-02T08:30:12+00:00","dateModified":"2026-04-02T08:30:17+00:00","author":{"@id":"https:\/\/urbeamea.ro\/albaiulia\/#\/schema\/person\/5db3854ac38c1cc9f0ab4092d6a20f02"},"description":"Vineri, 3 aprilie 2026, la Sebe\u0219 va avea loc cea de-a treia edi\u021bie a Festivalului Jude\u021bean \u201eAmare Rroma\u201d, un eveniment cultural-educativ organizat de","breadcrumb":{"@id":"https:\/\/urbeamea.ro\/albaiulia\/3-aprilie-festival-judetean-amare-rroma-al-elevilor-dedicat-zilei-internationale-a-rromilor-la-sebes\/#breadcrumb"},"inLanguage":"ro-RO","potentialAction":[{"@type":"ReadAction","target":["https:\/\/urbeamea.ro\/albaiulia\/3-aprilie-festival-judetean-amare-rroma-al-elevilor-dedicat-zilei-internationale-a-rromilor-la-sebes\/"]}]},{"@type":"ImageObject","inLanguage":"ro-RO","@id":"https:\/\/urbeamea.ro\/albaiulia\/3-aprilie-festival-judetean-amare-rroma-al-elevilor-dedicat-zilei-internationale-a-rromilor-la-sebes\/#primaryimage","url":"https:\/\/urbeamea.ro\/albaiulia\/wp-content\/uploads\/2026\/04\/FB_IMG_1775118162013.jpg","contentUrl":"https:\/\/urbeamea.ro\/albaiulia\/wp-content\/uploads\/2026\/04\/FB_IMG_1775118162013.jpg","width":1024,"height":1536},{"@type":"BreadcrumbList","@id":"https:\/\/urbeamea.ro\/albaiulia\/3-aprilie-festival-judetean-amare-rroma-al-elevilor-dedicat-zilei-internationale-a-rromilor-la-sebes\/#breadcrumb","itemListElement":[{"@type":"ListItem","position":1,"name":"Prima pagin\u0103","item":"https:\/\/urbeamea.ro\/albaiulia\/"},{"@type":"ListItem","position":2,"name":"3 aprilie: Festival jude\u021bean \u201eAmare Rroma\u201d al elevilor, dedicat Zilei Interna\u021bionale a Rromilor la Sebe\u0219"}]},{"@type":"WebSite","@id":"https:\/\/urbeamea.ro\/albaiulia\/#website","url":"https:\/\/urbeamea.ro\/albaiulia\/","name":"Revista Urbea Mea, Stiri urbane","description":"Evenimente \u0219i \u0219tiri din Alba Iulia, Sebe\u0219, Aiud, Blaj","potentialAction":[{"@type":"SearchAction","target":{"@type":"EntryPoint","urlTemplate":"https:\/\/urbeamea.ro\/albaiulia\/?s={search_term_string}"},"query-input":{"@type":"PropertyValueSpecification","valueRequired":true,"valueName":"search_term_string"}}],"inLanguage":"ro-RO"},{"@type":"Person","@id":"https:\/\/urbeamea.ro\/albaiulia\/#\/schema\/person\/5db3854ac38c1cc9f0ab4092d6a20f02","name":"Giurca Sorin","image":{"@type":"ImageObject","inLanguage":"ro-RO","@id":"https:\/\/secure.gravatar.com\/avatar\/120f6fcae7b3b47a7730cb9943f612f4909f68ac5284b5f40ac1c4615fd70576?s=96&d=mm&r=g","url":"https:\/\/secure.gravatar.com\/avatar\/120f6fcae7b3b47a7730cb9943f612f4909f68ac5284b5f40ac1c4615fd70576?s=96&d=mm&r=g","contentUrl":"https:\/\/secure.gravatar.com\/avatar\/120f6fcae7b3b47a7730cb9943f612f4909f68ac5284b5f40ac1c4615fd70576?s=96&d=mm&r=g","caption":"Giurca Sorin"},"url":"https:\/\/urbeamea.ro\/albaiulia\/author\/sorin\/"}]}},"_links":{"self":[{"href":"https:\/\/urbeamea.ro\/albaiulia\/wp-json\/wp\/v2\/posts\/121831","targetHints":{"allow":["GET"]}}],"collection":[{"href":"https:\/\/urbeamea.ro\/albaiulia\/wp-json\/wp\/v2\/posts"}],"about":[{"href":"https:\/\/urbeamea.ro\/albaiulia\/wp-json\/wp\/v2\/types\/post"}],"author":[{"embeddable":true,"href":"https:\/\/urbeamea.ro\/albaiulia\/wp-json\/wp\/v2\/users\/28"}],"replies":[{"embeddable":true,"href":"https:\/\/urbeamea.ro\/albaiulia\/wp-json\/wp\/v2\/comments?post=121831"}],"version-history":[{"count":1,"href":"https:\/\/urbeamea.ro\/albaiulia\/wp-json\/wp\/v2\/posts\/121831\/revisions"}],"predecessor-version":[{"id":121833,"href":"https:\/\/urbeamea.ro\/albaiulia\/wp-json\/wp\/v2\/posts\/121831\/revisions\/121833"}],"wp:featuredmedia":[{"embeddable":true,"href":"https:\/\/urbeamea.ro\/albaiulia\/wp-json\/wp\/v2\/media\/121832"}],"wp:attachment":[{"href":"https:\/\/urbeamea.ro\/albaiulia\/wp-json\/wp\/v2\/media?parent=121831"}],"wp:term":[{"taxonomy":"category","embeddable":true,"href":"https:\/\/urbeamea.ro\/albaiulia\/wp-json\/wp\/v2\/categories?post=121831"},{"taxonomy":"post_tag","embeddable":true,"href":"https:\/\/urbeamea.ro\/albaiulia\/wp-json\/wp\/v2\/tags?post=121831"}],"curies":[{"name":"wp","href":"https:\/\/api.w.org\/{rel}","templated":true}]}}