{"id":121834,"date":"2026-04-02T11:39:45","date_gmt":"2026-04-02T08:39:45","guid":{"rendered":"https:\/\/urbeamea.ro\/albaiulia\/?p=121834"},"modified":"2026-04-02T11:39:49","modified_gmt":"2026-04-02T08:39:49","slug":"joi-ora-1500-vernisajul-expozitiei-semne-si-simboluri-crestine-prin-arta-de-sarbatorile-pascale-semnata-de-artistul-cristian-sergiu-ianza","status":"publish","type":"post","link":"https:\/\/urbeamea.ro\/albaiulia\/joi-ora-1500-vernisajul-expozitiei-semne-si-simboluri-crestine-prin-arta-de-sarbatorile-pascale-semnata-de-artistul-cristian-sergiu-ianza\/","title":{"rendered":"Joi, ora 15:00 Vernisajul expozi\u021biei &#8222;Semne \u0219i simboluri cre\u0219tine prin art\u0103 de s\u0103rb\u0103torile Pascale&#8221;, semnat\u0103 de artistul Cristian Sergiu Ianza"},"content":{"rendered":"\n<p> <strong>Joi, 2 aprilie, ora 15.00, va avea loc vernisajul expozi\u021biei &#8222;Semne \u0219i simboluri cre\u0219tine prin art\u0103 de s\u0103rb\u0103torile pascale&#8221; realizat\u0103 de Cristian Sergiu Ianza.<\/strong><\/p>\n\n\n\n<p>Evenimentul va avea loc la sediul Prim\u0103riei Alba Iulia, Calea Mo\u021bilor nr. 5A.<\/p>\n\n\n\n<p>Cristian Sergiu Ianza este un artist plastic din Petro\u015fani, cu sute de expozi\u0163ii la activ \u015fi lucr\u0103ri \u00een colec\u0163ii din toat\u0103 lumea, o figur\u0103 proeminent\u0103 \u00een arta contemporan\u0103 rom\u00e2neasc\u0103 \u0219i european\u0103, fiind recunoscut nu doar ca un creator talentat (sculptor \u0219i ceramist), ci \u0219i ca un important \u201eambasador cultural\u201d \u00eentre Rom\u00e2nia \u0219i Germania.<\/p>\n\n\n\n<p>Evenimentul este organizat \u00een parteneriat cu Funda\u021bia &#8222;Ianza-Art Inter-Cultural&#8221; \u0219i Uniunea Arti\u0219tilor Plastici din Rom\u00e2nia.<\/p>\n\n\n\n<figure class=\"wp-block-image size-large\"><img loading=\"lazy\" decoding=\"async\" width=\"905\" height=\"1280\" src=\"https:\/\/urbeamea.ro\/albaiulia\/wp-content\/uploads\/2026\/04\/FB_IMG_1775119049647-905x1280.jpg\" alt=\"\" class=\"wp-image-121835\" srcset=\"https:\/\/urbeamea.ro\/albaiulia\/wp-content\/uploads\/2026\/04\/FB_IMG_1775119049647-905x1280.jpg 905w, https:\/\/urbeamea.ro\/albaiulia\/wp-content\/uploads\/2026\/04\/FB_IMG_1775119049647-453x640.jpg 453w, https:\/\/urbeamea.ro\/albaiulia\/wp-content\/uploads\/2026\/04\/FB_IMG_1775119049647-106x150.jpg 106w, https:\/\/urbeamea.ro\/albaiulia\/wp-content\/uploads\/2026\/04\/FB_IMG_1775119049647-768x1086.jpg 768w, https:\/\/urbeamea.ro\/albaiulia\/wp-content\/uploads\/2026\/04\/FB_IMG_1775119049647-1086x1536.jpg 1086w, https:\/\/urbeamea.ro\/albaiulia\/wp-content\/uploads\/2026\/04\/FB_IMG_1775119049647.jpg 1448w\" sizes=\"auto, (max-width: 905px) 100vw, 905px\" \/><\/figure>\n\n\n\n<p><\/p>\n","protected":false},"excerpt":{"rendered":"<p>Joi, 2 aprilie, ora 15.00, va avea loc vernisajul expozi\u021biei &#8222;Semne \u0219i simboluri cre\u0219tine prin art\u0103 de s\u0103rb\u0103torile pascale&#8221; realizat\u0103 de Cristian Sergiu Ianza. Evenimentul va avea loc la sediul Prim\u0103riei Alba Iulia, Calea Mo\u021bilor nr. 5A. Cristian Sergiu Ianza este un artist plastic din Petro\u015fani, cu sute de expozi\u0163ii la activ \u015fi lucr\u0103ri \u00een &hellip;<\/p>\n","protected":false},"author":28,"featured_media":121835,"comment_status":"open","ping_status":"open","sticky":false,"template":"","format":"standard","meta":{"inline_featured_image":false,"footnotes":""},"categories":[23926,2038,2039,4,2036,2034,1,61,16344],"tags":[25561],"class_list":["post-121834","post","type-post","status-publish","format-standard","has-post-thumbnail","hentry","category-actualitate","category-cultura","category-educatie","category-eveniment","category-monden","category-social","category-stiri-urbane","category-turism","category-urbea-mea","tag-vernisaj-expozitie-2"],"yoast_head":"<!-- This site is optimized with the Yoast SEO plugin v27.4 - https:\/\/yoast.com\/product\/yoast-seo-wordpress\/ -->\n<title>Joi, ora 15:00 Vernisajul expozi\u021biei &quot;Semne \u0219i simboluri cre\u0219tine prin art\u0103 de s\u0103rb\u0103torile Pascale&quot;, semnat\u0103 de artistul Cristian Sergiu Ianza - Revista Urbea Mea - Revista de Alba<\/title>\n<meta name=\"description\" content=\"Joi, 2 aprilie, ora 15.00, va avea loc vernisajul expozi\u021biei &quot;Semne \u0219i simboluri cre\u0219tine prin art\u0103 de s\u0103rb\u0103torile pascale&quot; realizat\u0103 de Cristian Sergiu\" \/>\n<meta name=\"robots\" content=\"index, follow, max-snippet:-1, max-image-preview:large, max-video-preview:-1\" \/>\n<link rel=\"canonical\" href=\"https:\/\/urbeamea.ro\/albaiulia\/joi-ora-1500-vernisajul-expozitiei-semne-si-simboluri-crestine-prin-arta-de-sarbatorile-pascale-semnata-de-artistul-cristian-sergiu-ianza\/\" \/>\n<meta name=\"twitter:card\" content=\"summary_large_image\" \/>\n<meta name=\"twitter:title\" content=\"Joi, ora 15:00 Vernisajul expozi\u021biei &quot;Semne \u0219i simboluri cre\u0219tine prin art\u0103 de s\u0103rb\u0103torile Pascale&quot;, semnat\u0103 de artistul Cristian Sergiu Ianza - Revista Urbea Mea - Revista de Alba\" \/>\n<meta name=\"twitter:description\" content=\"Joi, 2 aprilie, ora 15.00, va avea loc vernisajul expozi\u021biei &quot;Semne \u0219i simboluri cre\u0219tine prin art\u0103 de s\u0103rb\u0103torile pascale&quot; realizat\u0103 de Cristian Sergiu\" \/>\n<meta name=\"twitter:image\" content=\"https:\/\/urbeamea.ro\/albaiulia\/wp-content\/uploads\/2026\/04\/FB_IMG_1775119049647.jpg\" \/>\n<meta name=\"twitter:creator\" content=\"@urbeameaweb\" \/>\n<meta name=\"twitter:site\" content=\"@urbeameaweb\" \/>\n<script type=\"application\/ld+json\" class=\"yoast-schema-graph\">{\"@context\":\"https:\\\/\\\/schema.org\",\"@graph\":[{\"@type\":\"Article\",\"@id\":\"https:\\\/\\\/urbeamea.ro\\\/albaiulia\\\/joi-ora-1500-vernisajul-expozitiei-semne-si-simboluri-crestine-prin-arta-de-sarbatorile-pascale-semnata-de-artistul-cristian-sergiu-ianza\\\/#article\",\"isPartOf\":{\"@id\":\"https:\\\/\\\/urbeamea.ro\\\/albaiulia\\\/joi-ora-1500-vernisajul-expozitiei-semne-si-simboluri-crestine-prin-arta-de-sarbatorile-pascale-semnata-de-artistul-cristian-sergiu-ianza\\\/\"},\"author\":{\"name\":\"Giurca Sorin\",\"@id\":\"https:\\\/\\\/urbeamea.ro\\\/albaiulia\\\/#\\\/schema\\\/person\\\/5db3854ac38c1cc9f0ab4092d6a20f02\"},\"headline\":\"Joi, ora 15:00 Vernisajul expozi\u021biei &#8222;Semne \u0219i simboluri cre\u0219tine prin art\u0103 de s\u0103rb\u0103torile Pascale&#8221;, semnat\u0103 de artistul Cristian Sergiu Ianza\",\"datePublished\":\"2026-04-02T08:39:45+00:00\",\"dateModified\":\"2026-04-02T08:39:49+00:00\",\"mainEntityOfPage\":{\"@id\":\"https:\\\/\\\/urbeamea.ro\\\/albaiulia\\\/joi-ora-1500-vernisajul-expozitiei-semne-si-simboluri-crestine-prin-arta-de-sarbatorile-pascale-semnata-de-artistul-cristian-sergiu-ianza\\\/\"},\"wordCount\":141,\"commentCount\":0,\"image\":{\"@id\":\"https:\\\/\\\/urbeamea.ro\\\/albaiulia\\\/joi-ora-1500-vernisajul-expozitiei-semne-si-simboluri-crestine-prin-arta-de-sarbatorile-pascale-semnata-de-artistul-cristian-sergiu-ianza\\\/#primaryimage\"},\"thumbnailUrl\":\"https:\\\/\\\/urbeamea.ro\\\/albaiulia\\\/wp-content\\\/uploads\\\/2026\\\/04\\\/FB_IMG_1775119049647.jpg\",\"keywords\":[\"Vernisaj expozi\u021bie\"],\"articleSection\":[\"Actualitate\",\"Cultur\u0103\",\"Educa\u021bie\",\"Evenimente\",\"Monden\",\"Social\",\"\u015etiri Urbane\",\"Turism \u0219i Ghidaj turistic\",\"Urbea Mea\"],\"inLanguage\":\"ro-RO\",\"potentialAction\":[{\"@type\":\"CommentAction\",\"name\":\"Comment\",\"target\":[\"https:\\\/\\\/urbeamea.ro\\\/albaiulia\\\/joi-ora-1500-vernisajul-expozitiei-semne-si-simboluri-crestine-prin-arta-de-sarbatorile-pascale-semnata-de-artistul-cristian-sergiu-ianza\\\/#respond\"]}]},{\"@type\":\"WebPage\",\"@id\":\"https:\\\/\\\/urbeamea.ro\\\/albaiulia\\\/joi-ora-1500-vernisajul-expozitiei-semne-si-simboluri-crestine-prin-arta-de-sarbatorile-pascale-semnata-de-artistul-cristian-sergiu-ianza\\\/\",\"url\":\"https:\\\/\\\/urbeamea.ro\\\/albaiulia\\\/joi-ora-1500-vernisajul-expozitiei-semne-si-simboluri-crestine-prin-arta-de-sarbatorile-pascale-semnata-de-artistul-cristian-sergiu-ianza\\\/\",\"name\":\"Joi, ora 15:00 Vernisajul expozi\u021biei \\\"Semne \u0219i simboluri cre\u0219tine prin art\u0103 de s\u0103rb\u0103torile Pascale\\\", semnat\u0103 de artistul Cristian Sergiu Ianza - Revista Urbea Mea - Revista de Alba\",\"isPartOf\":{\"@id\":\"https:\\\/\\\/urbeamea.ro\\\/albaiulia\\\/#website\"},\"primaryImageOfPage\":{\"@id\":\"https:\\\/\\\/urbeamea.ro\\\/albaiulia\\\/joi-ora-1500-vernisajul-expozitiei-semne-si-simboluri-crestine-prin-arta-de-sarbatorile-pascale-semnata-de-artistul-cristian-sergiu-ianza\\\/#primaryimage\"},\"image\":{\"@id\":\"https:\\\/\\\/urbeamea.ro\\\/albaiulia\\\/joi-ora-1500-vernisajul-expozitiei-semne-si-simboluri-crestine-prin-arta-de-sarbatorile-pascale-semnata-de-artistul-cristian-sergiu-ianza\\\/#primaryimage\"},\"thumbnailUrl\":\"https:\\\/\\\/urbeamea.ro\\\/albaiulia\\\/wp-content\\\/uploads\\\/2026\\\/04\\\/FB_IMG_1775119049647.jpg\",\"datePublished\":\"2026-04-02T08:39:45+00:00\",\"dateModified\":\"2026-04-02T08:39:49+00:00\",\"author\":{\"@id\":\"https:\\\/\\\/urbeamea.ro\\\/albaiulia\\\/#\\\/schema\\\/person\\\/5db3854ac38c1cc9f0ab4092d6a20f02\"},\"description\":\"Joi, 2 aprilie, ora 15.00, va avea loc vernisajul expozi\u021biei \\\"Semne \u0219i simboluri cre\u0219tine prin art\u0103 de s\u0103rb\u0103torile pascale\\\" realizat\u0103 de Cristian Sergiu\",\"breadcrumb\":{\"@id\":\"https:\\\/\\\/urbeamea.ro\\\/albaiulia\\\/joi-ora-1500-vernisajul-expozitiei-semne-si-simboluri-crestine-prin-arta-de-sarbatorile-pascale-semnata-de-artistul-cristian-sergiu-ianza\\\/#breadcrumb\"},\"inLanguage\":\"ro-RO\",\"potentialAction\":[{\"@type\":\"ReadAction\",\"target\":[\"https:\\\/\\\/urbeamea.ro\\\/albaiulia\\\/joi-ora-1500-vernisajul-expozitiei-semne-si-simboluri-crestine-prin-arta-de-sarbatorile-pascale-semnata-de-artistul-cristian-sergiu-ianza\\\/\"]}]},{\"@type\":\"ImageObject\",\"inLanguage\":\"ro-RO\",\"@id\":\"https:\\\/\\\/urbeamea.ro\\\/albaiulia\\\/joi-ora-1500-vernisajul-expozitiei-semne-si-simboluri-crestine-prin-arta-de-sarbatorile-pascale-semnata-de-artistul-cristian-sergiu-ianza\\\/#primaryimage\",\"url\":\"https:\\\/\\\/urbeamea.ro\\\/albaiulia\\\/wp-content\\\/uploads\\\/2026\\\/04\\\/FB_IMG_1775119049647.jpg\",\"contentUrl\":\"https:\\\/\\\/urbeamea.ro\\\/albaiulia\\\/wp-content\\\/uploads\\\/2026\\\/04\\\/FB_IMG_1775119049647.jpg\",\"width\":1448,\"height\":2048},{\"@type\":\"BreadcrumbList\",\"@id\":\"https:\\\/\\\/urbeamea.ro\\\/albaiulia\\\/joi-ora-1500-vernisajul-expozitiei-semne-si-simboluri-crestine-prin-arta-de-sarbatorile-pascale-semnata-de-artistul-cristian-sergiu-ianza\\\/#breadcrumb\",\"itemListElement\":[{\"@type\":\"ListItem\",\"position\":1,\"name\":\"Prima pagin\u0103\",\"item\":\"https:\\\/\\\/urbeamea.ro\\\/albaiulia\\\/\"},{\"@type\":\"ListItem\",\"position\":2,\"name\":\"Joi, ora 15:00 Vernisajul expozi\u021biei &#8222;Semne \u0219i simboluri cre\u0219tine prin art\u0103 de s\u0103rb\u0103torile Pascale&#8221;, semnat\u0103 de artistul Cristian Sergiu Ianza\"}]},{\"@type\":\"WebSite\",\"@id\":\"https:\\\/\\\/urbeamea.ro\\\/albaiulia\\\/#website\",\"url\":\"https:\\\/\\\/urbeamea.ro\\\/albaiulia\\\/\",\"name\":\"Revista Urbea Mea, Stiri urbane\",\"description\":\"Evenimente \u0219i \u0219tiri din Alba Iulia, Sebe\u0219, Aiud, Blaj\",\"potentialAction\":[{\"@type\":\"SearchAction\",\"target\":{\"@type\":\"EntryPoint\",\"urlTemplate\":\"https:\\\/\\\/urbeamea.ro\\\/albaiulia\\\/?s={search_term_string}\"},\"query-input\":{\"@type\":\"PropertyValueSpecification\",\"valueRequired\":true,\"valueName\":\"search_term_string\"}}],\"inLanguage\":\"ro-RO\"},{\"@type\":\"Person\",\"@id\":\"https:\\\/\\\/urbeamea.ro\\\/albaiulia\\\/#\\\/schema\\\/person\\\/5db3854ac38c1cc9f0ab4092d6a20f02\",\"name\":\"Giurca Sorin\",\"image\":{\"@type\":\"ImageObject\",\"inLanguage\":\"ro-RO\",\"@id\":\"https:\\\/\\\/secure.gravatar.com\\\/avatar\\\/120f6fcae7b3b47a7730cb9943f612f4909f68ac5284b5f40ac1c4615fd70576?s=96&d=mm&r=g\",\"url\":\"https:\\\/\\\/secure.gravatar.com\\\/avatar\\\/120f6fcae7b3b47a7730cb9943f612f4909f68ac5284b5f40ac1c4615fd70576?s=96&d=mm&r=g\",\"contentUrl\":\"https:\\\/\\\/secure.gravatar.com\\\/avatar\\\/120f6fcae7b3b47a7730cb9943f612f4909f68ac5284b5f40ac1c4615fd70576?s=96&d=mm&r=g\",\"caption\":\"Giurca Sorin\"},\"url\":\"https:\\\/\\\/urbeamea.ro\\\/albaiulia\\\/author\\\/sorin\\\/\"}]}<\/script>\n<!-- \/ Yoast SEO plugin. -->","yoast_head_json":{"title":"Joi, ora 15:00 Vernisajul expozi\u021biei \"Semne \u0219i simboluri cre\u0219tine prin art\u0103 de s\u0103rb\u0103torile Pascale\", semnat\u0103 de artistul Cristian Sergiu Ianza - Revista Urbea Mea - Revista de Alba","description":"Joi, 2 aprilie, ora 15.00, va avea loc vernisajul expozi\u021biei \"Semne \u0219i simboluri cre\u0219tine prin art\u0103 de s\u0103rb\u0103torile pascale\" realizat\u0103 de Cristian Sergiu","robots":{"index":"index","follow":"follow","max-snippet":"max-snippet:-1","max-image-preview":"max-image-preview:large","max-video-preview":"max-video-preview:-1"},"canonical":"https:\/\/urbeamea.ro\/albaiulia\/joi-ora-1500-vernisajul-expozitiei-semne-si-simboluri-crestine-prin-arta-de-sarbatorile-pascale-semnata-de-artistul-cristian-sergiu-ianza\/","twitter_card":"summary_large_image","twitter_title":"Joi, ora 15:00 Vernisajul expozi\u021biei \"Semne \u0219i simboluri cre\u0219tine prin art\u0103 de s\u0103rb\u0103torile Pascale\", semnat\u0103 de artistul Cristian Sergiu Ianza - Revista Urbea Mea - Revista de Alba","twitter_description":"Joi, 2 aprilie, ora 15.00, va avea loc vernisajul expozi\u021biei \"Semne \u0219i simboluri cre\u0219tine prin art\u0103 de s\u0103rb\u0103torile pascale\" realizat\u0103 de Cristian Sergiu","twitter_image":"https:\/\/urbeamea.ro\/albaiulia\/wp-content\/uploads\/2026\/04\/FB_IMG_1775119049647.jpg","twitter_creator":"@urbeameaweb","twitter_site":"@urbeameaweb","schema":{"@context":"https:\/\/schema.org","@graph":[{"@type":"Article","@id":"https:\/\/urbeamea.ro\/albaiulia\/joi-ora-1500-vernisajul-expozitiei-semne-si-simboluri-crestine-prin-arta-de-sarbatorile-pascale-semnata-de-artistul-cristian-sergiu-ianza\/#article","isPartOf":{"@id":"https:\/\/urbeamea.ro\/albaiulia\/joi-ora-1500-vernisajul-expozitiei-semne-si-simboluri-crestine-prin-arta-de-sarbatorile-pascale-semnata-de-artistul-cristian-sergiu-ianza\/"},"author":{"name":"Giurca Sorin","@id":"https:\/\/urbeamea.ro\/albaiulia\/#\/schema\/person\/5db3854ac38c1cc9f0ab4092d6a20f02"},"headline":"Joi, ora 15:00 Vernisajul expozi\u021biei &#8222;Semne \u0219i simboluri cre\u0219tine prin art\u0103 de s\u0103rb\u0103torile Pascale&#8221;, semnat\u0103 de artistul Cristian Sergiu Ianza","datePublished":"2026-04-02T08:39:45+00:00","dateModified":"2026-04-02T08:39:49+00:00","mainEntityOfPage":{"@id":"https:\/\/urbeamea.ro\/albaiulia\/joi-ora-1500-vernisajul-expozitiei-semne-si-simboluri-crestine-prin-arta-de-sarbatorile-pascale-semnata-de-artistul-cristian-sergiu-ianza\/"},"wordCount":141,"commentCount":0,"image":{"@id":"https:\/\/urbeamea.ro\/albaiulia\/joi-ora-1500-vernisajul-expozitiei-semne-si-simboluri-crestine-prin-arta-de-sarbatorile-pascale-semnata-de-artistul-cristian-sergiu-ianza\/#primaryimage"},"thumbnailUrl":"https:\/\/urbeamea.ro\/albaiulia\/wp-content\/uploads\/2026\/04\/FB_IMG_1775119049647.jpg","keywords":["Vernisaj expozi\u021bie"],"articleSection":["Actualitate","Cultur\u0103","Educa\u021bie","Evenimente","Monden","Social","\u015etiri Urbane","Turism \u0219i Ghidaj turistic","Urbea Mea"],"inLanguage":"ro-RO","potentialAction":[{"@type":"CommentAction","name":"Comment","target":["https:\/\/urbeamea.ro\/albaiulia\/joi-ora-1500-vernisajul-expozitiei-semne-si-simboluri-crestine-prin-arta-de-sarbatorile-pascale-semnata-de-artistul-cristian-sergiu-ianza\/#respond"]}]},{"@type":"WebPage","@id":"https:\/\/urbeamea.ro\/albaiulia\/joi-ora-1500-vernisajul-expozitiei-semne-si-simboluri-crestine-prin-arta-de-sarbatorile-pascale-semnata-de-artistul-cristian-sergiu-ianza\/","url":"https:\/\/urbeamea.ro\/albaiulia\/joi-ora-1500-vernisajul-expozitiei-semne-si-simboluri-crestine-prin-arta-de-sarbatorile-pascale-semnata-de-artistul-cristian-sergiu-ianza\/","name":"Joi, ora 15:00 Vernisajul expozi\u021biei \"Semne \u0219i simboluri cre\u0219tine prin art\u0103 de s\u0103rb\u0103torile Pascale\", semnat\u0103 de artistul Cristian Sergiu Ianza - Revista Urbea Mea - Revista de Alba","isPartOf":{"@id":"https:\/\/urbeamea.ro\/albaiulia\/#website"},"primaryImageOfPage":{"@id":"https:\/\/urbeamea.ro\/albaiulia\/joi-ora-1500-vernisajul-expozitiei-semne-si-simboluri-crestine-prin-arta-de-sarbatorile-pascale-semnata-de-artistul-cristian-sergiu-ianza\/#primaryimage"},"image":{"@id":"https:\/\/urbeamea.ro\/albaiulia\/joi-ora-1500-vernisajul-expozitiei-semne-si-simboluri-crestine-prin-arta-de-sarbatorile-pascale-semnata-de-artistul-cristian-sergiu-ianza\/#primaryimage"},"thumbnailUrl":"https:\/\/urbeamea.ro\/albaiulia\/wp-content\/uploads\/2026\/04\/FB_IMG_1775119049647.jpg","datePublished":"2026-04-02T08:39:45+00:00","dateModified":"2026-04-02T08:39:49+00:00","author":{"@id":"https:\/\/urbeamea.ro\/albaiulia\/#\/schema\/person\/5db3854ac38c1cc9f0ab4092d6a20f02"},"description":"Joi, 2 aprilie, ora 15.00, va avea loc vernisajul expozi\u021biei \"Semne \u0219i simboluri cre\u0219tine prin art\u0103 de s\u0103rb\u0103torile pascale\" realizat\u0103 de Cristian Sergiu","breadcrumb":{"@id":"https:\/\/urbeamea.ro\/albaiulia\/joi-ora-1500-vernisajul-expozitiei-semne-si-simboluri-crestine-prin-arta-de-sarbatorile-pascale-semnata-de-artistul-cristian-sergiu-ianza\/#breadcrumb"},"inLanguage":"ro-RO","potentialAction":[{"@type":"ReadAction","target":["https:\/\/urbeamea.ro\/albaiulia\/joi-ora-1500-vernisajul-expozitiei-semne-si-simboluri-crestine-prin-arta-de-sarbatorile-pascale-semnata-de-artistul-cristian-sergiu-ianza\/"]}]},{"@type":"ImageObject","inLanguage":"ro-RO","@id":"https:\/\/urbeamea.ro\/albaiulia\/joi-ora-1500-vernisajul-expozitiei-semne-si-simboluri-crestine-prin-arta-de-sarbatorile-pascale-semnata-de-artistul-cristian-sergiu-ianza\/#primaryimage","url":"https:\/\/urbeamea.ro\/albaiulia\/wp-content\/uploads\/2026\/04\/FB_IMG_1775119049647.jpg","contentUrl":"https:\/\/urbeamea.ro\/albaiulia\/wp-content\/uploads\/2026\/04\/FB_IMG_1775119049647.jpg","width":1448,"height":2048},{"@type":"BreadcrumbList","@id":"https:\/\/urbeamea.ro\/albaiulia\/joi-ora-1500-vernisajul-expozitiei-semne-si-simboluri-crestine-prin-arta-de-sarbatorile-pascale-semnata-de-artistul-cristian-sergiu-ianza\/#breadcrumb","itemListElement":[{"@type":"ListItem","position":1,"name":"Prima pagin\u0103","item":"https:\/\/urbeamea.ro\/albaiulia\/"},{"@type":"ListItem","position":2,"name":"Joi, ora 15:00 Vernisajul expozi\u021biei &#8222;Semne \u0219i simboluri cre\u0219tine prin art\u0103 de s\u0103rb\u0103torile Pascale&#8221;, semnat\u0103 de artistul Cristian Sergiu Ianza"}]},{"@type":"WebSite","@id":"https:\/\/urbeamea.ro\/albaiulia\/#website","url":"https:\/\/urbeamea.ro\/albaiulia\/","name":"Revista Urbea Mea, Stiri urbane","description":"Evenimente \u0219i \u0219tiri din Alba Iulia, Sebe\u0219, Aiud, Blaj","potentialAction":[{"@type":"SearchAction","target":{"@type":"EntryPoint","urlTemplate":"https:\/\/urbeamea.ro\/albaiulia\/?s={search_term_string}"},"query-input":{"@type":"PropertyValueSpecification","valueRequired":true,"valueName":"search_term_string"}}],"inLanguage":"ro-RO"},{"@type":"Person","@id":"https:\/\/urbeamea.ro\/albaiulia\/#\/schema\/person\/5db3854ac38c1cc9f0ab4092d6a20f02","name":"Giurca Sorin","image":{"@type":"ImageObject","inLanguage":"ro-RO","@id":"https:\/\/secure.gravatar.com\/avatar\/120f6fcae7b3b47a7730cb9943f612f4909f68ac5284b5f40ac1c4615fd70576?s=96&d=mm&r=g","url":"https:\/\/secure.gravatar.com\/avatar\/120f6fcae7b3b47a7730cb9943f612f4909f68ac5284b5f40ac1c4615fd70576?s=96&d=mm&r=g","contentUrl":"https:\/\/secure.gravatar.com\/avatar\/120f6fcae7b3b47a7730cb9943f612f4909f68ac5284b5f40ac1c4615fd70576?s=96&d=mm&r=g","caption":"Giurca Sorin"},"url":"https:\/\/urbeamea.ro\/albaiulia\/author\/sorin\/"}]}},"_links":{"self":[{"href":"https:\/\/urbeamea.ro\/albaiulia\/wp-json\/wp\/v2\/posts\/121834","targetHints":{"allow":["GET"]}}],"collection":[{"href":"https:\/\/urbeamea.ro\/albaiulia\/wp-json\/wp\/v2\/posts"}],"about":[{"href":"https:\/\/urbeamea.ro\/albaiulia\/wp-json\/wp\/v2\/types\/post"}],"author":[{"embeddable":true,"href":"https:\/\/urbeamea.ro\/albaiulia\/wp-json\/wp\/v2\/users\/28"}],"replies":[{"embeddable":true,"href":"https:\/\/urbeamea.ro\/albaiulia\/wp-json\/wp\/v2\/comments?post=121834"}],"version-history":[{"count":1,"href":"https:\/\/urbeamea.ro\/albaiulia\/wp-json\/wp\/v2\/posts\/121834\/revisions"}],"predecessor-version":[{"id":121836,"href":"https:\/\/urbeamea.ro\/albaiulia\/wp-json\/wp\/v2\/posts\/121834\/revisions\/121836"}],"wp:featuredmedia":[{"embeddable":true,"href":"https:\/\/urbeamea.ro\/albaiulia\/wp-json\/wp\/v2\/media\/121835"}],"wp:attachment":[{"href":"https:\/\/urbeamea.ro\/albaiulia\/wp-json\/wp\/v2\/media?parent=121834"}],"wp:term":[{"taxonomy":"category","embeddable":true,"href":"https:\/\/urbeamea.ro\/albaiulia\/wp-json\/wp\/v2\/categories?post=121834"},{"taxonomy":"post_tag","embeddable":true,"href":"https:\/\/urbeamea.ro\/albaiulia\/wp-json\/wp\/v2\/tags?post=121834"}],"curies":[{"name":"wp","href":"https:\/\/api.w.org\/{rel}","templated":true}]}}