{"id":121837,"date":"2026-04-03T13:18:44","date_gmt":"2026-04-03T10:18:44","guid":{"rendered":"https:\/\/urbeamea.ro\/albaiulia\/?p=121837"},"modified":"2026-04-03T13:18:47","modified_gmt":"2026-04-03T10:18:47","slug":"astazi-ora-1700-icoana-din-suflet-in-pregatirea-saptamanii-mari-expozitie-de-icoane-traditionale-recital-de-pricesne-si-atelier-de-initiere-in-olarit-la-depozitul-de-ceramica-v","status":"publish","type":"post","link":"https:\/\/urbeamea.ro\/albaiulia\/astazi-ora-1700-icoana-din-suflet-in-pregatirea-saptamanii-mari-expozitie-de-icoane-traditionale-recital-de-pricesne-si-atelier-de-initiere-in-olarit-la-depozitul-de-ceramica-v\/","title":{"rendered":"Ast\u0103zi, ora 17:00 \u201eIcoana din suflet, \u00een preg\u0103tirea S\u0103pt\u0103m\u00e2nii Mari\u201d: Expozi\u021bie de icoane tradi\u021bionale, recital de pricesne \u0219i atelier de ini\u021biere \u00een ol\u0103rit, la Depozitul de Ceramic\u0103 Veche din Alba Iulia"},"content":{"rendered":"\n<p><strong>\u00cen<\/strong> <strong>preajma S\u0103pt\u0103m\u00e2nii Mari, \u00een data de 3 aprilie 2026, ora 17:00, v\u0103 invit\u0103m la un demers cultural care aduce \u00eempreun\u0103 tradi\u021bia, credin\u021ba \u0219i educa\u021bia artistic\u0103, la Depozitul de Ceramic\u0103 Veche din Cetatea Alba Carolina.<\/strong><\/p>\n\n\n\n<p>Sub titlul \u201eIcoana din suflet, \u00een preg\u0103tirea S\u0103pt\u0103m\u00e2nii Mari\u201d, evenimentul propune un parcurs firesc prin trei forme autentice de expresie:<\/p>\n\n\n\n<p>\ud83d\udd38 Expozi\u021bie de icoane tradi\u021bionale: lucr\u0103ri realizate de cursan\u021bi ai \u0218colii de arte \u0219i me\u0219te\u0219uguri din cadrul Centrului de Cultur\u0103 \u201eAugustin Bena\u201d, coordona\u021bi de prof. dr. Ioana Raica, \u00een care sensibilitatea \u0219i rigoarea tehnicii se \u00eent\u00e2lnesc \u00een spiritul artei sacre.<\/p>\n\n\n\n<p>\ud83d\udd38 Recital de pricesne \u0219i c\u00e2nt\u0103ri religioase sus\u021binut de grupul vocal tradi\u021bional \u201eMuguri de Tezaur\u201d, coordonat de prof. Leontina F\u0103rca\u0219, \u00eentr-o interpretare care p\u0103streaz\u0103 cur\u0103\u021benia \u0219i for\u021ba emo\u021bional\u0103 a repertoriului.<\/p>\n\n\n\n<p>\ud83d\udd38 Atelier de ini\u021biere \u00een ol\u0103rit, coordonat de prof. Olga Oloieru, o invita\u021bie la redescoperirea gestului me\u0219te\u0219ug\u0103resc \u0219i a r\u0103bd\u0103rii care st\u0103 la baza formelor durabile.<\/p>\n\n\n\n<p>Evenimentul face parte din programul \u201e\u0218coala de arte \u0219i me\u0219te\u0219uguri \u00een comunitate: educa\u021bie \u0219i expresie artistic\u0103\u201d \u0219i propune o \u00eent\u00e2lnire deschis\u0103 cu valorile care ne definesc.<\/p>\n\n\n\n<figure class=\"wp-block-image size-large\"><img loading=\"lazy\" decoding=\"async\" width=\"1040\" height=\"1280\" src=\"https:\/\/urbeamea.ro\/albaiulia\/wp-content\/uploads\/2026\/04\/FB_IMG_1775210857215-1040x1280.jpg\" alt=\"\" class=\"wp-image-121838\" srcset=\"https:\/\/urbeamea.ro\/albaiulia\/wp-content\/uploads\/2026\/04\/FB_IMG_1775210857215-1040x1280.jpg 1040w, https:\/\/urbeamea.ro\/albaiulia\/wp-content\/uploads\/2026\/04\/FB_IMG_1775210857215-520x640.jpg 520w, https:\/\/urbeamea.ro\/albaiulia\/wp-content\/uploads\/2026\/04\/FB_IMG_1775210857215-122x150.jpg 122w, https:\/\/urbeamea.ro\/albaiulia\/wp-content\/uploads\/2026\/04\/FB_IMG_1775210857215-768x945.jpg 768w, https:\/\/urbeamea.ro\/albaiulia\/wp-content\/uploads\/2026\/04\/FB_IMG_1775210857215-1248x1536.jpg 1248w, https:\/\/urbeamea.ro\/albaiulia\/wp-content\/uploads\/2026\/04\/FB_IMG_1775210857215.jpg 1664w\" sizes=\"auto, (max-width: 1040px) 100vw, 1040px\" \/><\/figure>\n\n\n\n<p><\/p>\n","protected":false},"excerpt":{"rendered":"<p>\u00cen preajma S\u0103pt\u0103m\u00e2nii Mari, \u00een data de 3 aprilie 2026, ora 17:00, v\u0103 invit\u0103m la un demers cultural care aduce \u00eempreun\u0103 tradi\u021bia, credin\u021ba \u0219i educa\u021bia artistic\u0103, la Depozitul de Ceramic\u0103 Veche din Cetatea Alba Carolina. Sub titlul \u201eIcoana din suflet, \u00een preg\u0103tirea S\u0103pt\u0103m\u00e2nii Mari\u201d, evenimentul propune un parcurs firesc prin trei forme autentice de expresie: &hellip;<\/p>\n","protected":false},"author":28,"featured_media":121838,"comment_status":"open","ping_status":"open","sticky":false,"template":"","format":"standard","meta":{"inline_featured_image":false,"footnotes":""},"categories":[23926,2038,4,2036,16567,2034,1,16344],"tags":[25512,17487],"class_list":["post-121837","post","type-post","status-publish","format-standard","has-post-thumbnail","hentry","category-actualitate","category-cultura","category-eveniment","category-monden","category-muzica","category-social","category-stiri-urbane","category-urbea-mea","tag-depozitul-de-ceramica-veche","tag-icoana-din-sufletul-meu"],"yoast_head":"<!-- This site is optimized with the Yoast SEO plugin v27.4 - https:\/\/yoast.com\/product\/yoast-seo-wordpress\/ -->\n<title>Ast\u0103zi, ora 17:00 \u201eIcoana din suflet, \u00een preg\u0103tirea S\u0103pt\u0103m\u00e2nii Mari\u201d: Expozi\u021bie de icoane tradi\u021bionale, recital de pricesne \u0219i atelier de ini\u021biere \u00een ol\u0103rit, la Depozitul de Ceramic\u0103 Veche din Alba Iulia - Revista Urbea Mea - Revista de Alba<\/title>\n<meta name=\"description\" content=\"\u00cen preajma S\u0103pt\u0103m\u00e2nii Mari, \u00een data de 3 aprilie 2026, ora 17:00, v\u0103 invit\u0103m la un demers cultural care aduce \u00eempreun\u0103 tradi\u021bia, credin\u021ba \u0219i educa\u021bia\" \/>\n<meta name=\"robots\" content=\"index, follow, max-snippet:-1, max-image-preview:large, max-video-preview:-1\" \/>\n<link rel=\"canonical\" href=\"https:\/\/urbeamea.ro\/albaiulia\/astazi-ora-1700-icoana-din-suflet-in-pregatirea-saptamanii-mari-expozitie-de-icoane-traditionale-recital-de-pricesne-si-atelier-de-initiere-in-olarit-la-depozitul-de-ceramica-v\/\" \/>\n<meta name=\"twitter:card\" content=\"summary_large_image\" \/>\n<meta name=\"twitter:title\" content=\"Ast\u0103zi, ora 17:00 \u201eIcoana din suflet, \u00een preg\u0103tirea S\u0103pt\u0103m\u00e2nii Mari\u201d: Expozi\u021bie de icoane tradi\u021bionale, recital de pricesne \u0219i atelier de ini\u021biere \u00een ol\u0103rit, la Depozitul de Ceramic\u0103 Veche din Alba Iulia - Revista Urbea Mea - Revista de Alba\" \/>\n<meta name=\"twitter:description\" content=\"\u00cen preajma S\u0103pt\u0103m\u00e2nii Mari, \u00een data de 3 aprilie 2026, ora 17:00, v\u0103 invit\u0103m la un demers cultural care aduce \u00eempreun\u0103 tradi\u021bia, credin\u021ba \u0219i educa\u021bia\" \/>\n<meta name=\"twitter:image\" content=\"https:\/\/urbeamea.ro\/albaiulia\/wp-content\/uploads\/2026\/04\/FB_IMG_1775210857215.jpg\" \/>\n<meta name=\"twitter:creator\" content=\"@urbeameaweb\" \/>\n<meta name=\"twitter:site\" content=\"@urbeameaweb\" \/>\n<script type=\"application\/ld+json\" class=\"yoast-schema-graph\">{\"@context\":\"https:\\\/\\\/schema.org\",\"@graph\":[{\"@type\":\"Article\",\"@id\":\"https:\\\/\\\/urbeamea.ro\\\/albaiulia\\\/astazi-ora-1700-icoana-din-suflet-in-pregatirea-saptamanii-mari-expozitie-de-icoane-traditionale-recital-de-pricesne-si-atelier-de-initiere-in-olarit-la-depozitul-de-ceramica-v\\\/#article\",\"isPartOf\":{\"@id\":\"https:\\\/\\\/urbeamea.ro\\\/albaiulia\\\/astazi-ora-1700-icoana-din-suflet-in-pregatirea-saptamanii-mari-expozitie-de-icoane-traditionale-recital-de-pricesne-si-atelier-de-initiere-in-olarit-la-depozitul-de-ceramica-v\\\/\"},\"author\":{\"name\":\"Giurca Sorin\",\"@id\":\"https:\\\/\\\/urbeamea.ro\\\/albaiulia\\\/#\\\/schema\\\/person\\\/5db3854ac38c1cc9f0ab4092d6a20f02\"},\"headline\":\"Ast\u0103zi, ora 17:00 \u201eIcoana din suflet, \u00een preg\u0103tirea S\u0103pt\u0103m\u00e2nii Mari\u201d: Expozi\u021bie de icoane tradi\u021bionale, recital de pricesne \u0219i atelier de ini\u021biere \u00een ol\u0103rit, la Depozitul de Ceramic\u0103 Veche din Alba Iulia\",\"datePublished\":\"2026-04-03T10:18:44+00:00\",\"dateModified\":\"2026-04-03T10:18:47+00:00\",\"mainEntityOfPage\":{\"@id\":\"https:\\\/\\\/urbeamea.ro\\\/albaiulia\\\/astazi-ora-1700-icoana-din-suflet-in-pregatirea-saptamanii-mari-expozitie-de-icoane-traditionale-recital-de-pricesne-si-atelier-de-initiere-in-olarit-la-depozitul-de-ceramica-v\\\/\"},\"wordCount\":250,\"commentCount\":0,\"image\":{\"@id\":\"https:\\\/\\\/urbeamea.ro\\\/albaiulia\\\/astazi-ora-1700-icoana-din-suflet-in-pregatirea-saptamanii-mari-expozitie-de-icoane-traditionale-recital-de-pricesne-si-atelier-de-initiere-in-olarit-la-depozitul-de-ceramica-v\\\/#primaryimage\"},\"thumbnailUrl\":\"https:\\\/\\\/urbeamea.ro\\\/albaiulia\\\/wp-content\\\/uploads\\\/2026\\\/04\\\/FB_IMG_1775210857215.jpg\",\"keywords\":[\"Depozitul de Ceramic\u0103 Veche\",\"icoana din sufletul meu\"],\"articleSection\":[\"Actualitate\",\"Cultur\u0103\",\"Evenimente\",\"Monden\",\"Muzic\u0103\",\"Social\",\"\u015etiri Urbane\",\"Urbea Mea\"],\"inLanguage\":\"ro-RO\",\"potentialAction\":[{\"@type\":\"CommentAction\",\"name\":\"Comment\",\"target\":[\"https:\\\/\\\/urbeamea.ro\\\/albaiulia\\\/astazi-ora-1700-icoana-din-suflet-in-pregatirea-saptamanii-mari-expozitie-de-icoane-traditionale-recital-de-pricesne-si-atelier-de-initiere-in-olarit-la-depozitul-de-ceramica-v\\\/#respond\"]}]},{\"@type\":\"WebPage\",\"@id\":\"https:\\\/\\\/urbeamea.ro\\\/albaiulia\\\/astazi-ora-1700-icoana-din-suflet-in-pregatirea-saptamanii-mari-expozitie-de-icoane-traditionale-recital-de-pricesne-si-atelier-de-initiere-in-olarit-la-depozitul-de-ceramica-v\\\/\",\"url\":\"https:\\\/\\\/urbeamea.ro\\\/albaiulia\\\/astazi-ora-1700-icoana-din-suflet-in-pregatirea-saptamanii-mari-expozitie-de-icoane-traditionale-recital-de-pricesne-si-atelier-de-initiere-in-olarit-la-depozitul-de-ceramica-v\\\/\",\"name\":\"Ast\u0103zi, ora 17:00 \u201eIcoana din suflet, \u00een preg\u0103tirea S\u0103pt\u0103m\u00e2nii Mari\u201d: Expozi\u021bie de icoane tradi\u021bionale, recital de pricesne \u0219i atelier de ini\u021biere \u00een ol\u0103rit, la Depozitul de Ceramic\u0103 Veche din Alba Iulia - Revista Urbea Mea - Revista de Alba\",\"isPartOf\":{\"@id\":\"https:\\\/\\\/urbeamea.ro\\\/albaiulia\\\/#website\"},\"primaryImageOfPage\":{\"@id\":\"https:\\\/\\\/urbeamea.ro\\\/albaiulia\\\/astazi-ora-1700-icoana-din-suflet-in-pregatirea-saptamanii-mari-expozitie-de-icoane-traditionale-recital-de-pricesne-si-atelier-de-initiere-in-olarit-la-depozitul-de-ceramica-v\\\/#primaryimage\"},\"image\":{\"@id\":\"https:\\\/\\\/urbeamea.ro\\\/albaiulia\\\/astazi-ora-1700-icoana-din-suflet-in-pregatirea-saptamanii-mari-expozitie-de-icoane-traditionale-recital-de-pricesne-si-atelier-de-initiere-in-olarit-la-depozitul-de-ceramica-v\\\/#primaryimage\"},\"thumbnailUrl\":\"https:\\\/\\\/urbeamea.ro\\\/albaiulia\\\/wp-content\\\/uploads\\\/2026\\\/04\\\/FB_IMG_1775210857215.jpg\",\"datePublished\":\"2026-04-03T10:18:44+00:00\",\"dateModified\":\"2026-04-03T10:18:47+00:00\",\"author\":{\"@id\":\"https:\\\/\\\/urbeamea.ro\\\/albaiulia\\\/#\\\/schema\\\/person\\\/5db3854ac38c1cc9f0ab4092d6a20f02\"},\"description\":\"\u00cen preajma S\u0103pt\u0103m\u00e2nii Mari, \u00een data de 3 aprilie 2026, ora 17:00, v\u0103 invit\u0103m la un demers cultural care aduce \u00eempreun\u0103 tradi\u021bia, credin\u021ba \u0219i educa\u021bia\",\"breadcrumb\":{\"@id\":\"https:\\\/\\\/urbeamea.ro\\\/albaiulia\\\/astazi-ora-1700-icoana-din-suflet-in-pregatirea-saptamanii-mari-expozitie-de-icoane-traditionale-recital-de-pricesne-si-atelier-de-initiere-in-olarit-la-depozitul-de-ceramica-v\\\/#breadcrumb\"},\"inLanguage\":\"ro-RO\",\"potentialAction\":[{\"@type\":\"ReadAction\",\"target\":[\"https:\\\/\\\/urbeamea.ro\\\/albaiulia\\\/astazi-ora-1700-icoana-din-suflet-in-pregatirea-saptamanii-mari-expozitie-de-icoane-traditionale-recital-de-pricesne-si-atelier-de-initiere-in-olarit-la-depozitul-de-ceramica-v\\\/\"]}]},{\"@type\":\"ImageObject\",\"inLanguage\":\"ro-RO\",\"@id\":\"https:\\\/\\\/urbeamea.ro\\\/albaiulia\\\/astazi-ora-1700-icoana-din-suflet-in-pregatirea-saptamanii-mari-expozitie-de-icoane-traditionale-recital-de-pricesne-si-atelier-de-initiere-in-olarit-la-depozitul-de-ceramica-v\\\/#primaryimage\",\"url\":\"https:\\\/\\\/urbeamea.ro\\\/albaiulia\\\/wp-content\\\/uploads\\\/2026\\\/04\\\/FB_IMG_1775210857215.jpg\",\"contentUrl\":\"https:\\\/\\\/urbeamea.ro\\\/albaiulia\\\/wp-content\\\/uploads\\\/2026\\\/04\\\/FB_IMG_1775210857215.jpg\",\"width\":1664,\"height\":2048},{\"@type\":\"BreadcrumbList\",\"@id\":\"https:\\\/\\\/urbeamea.ro\\\/albaiulia\\\/astazi-ora-1700-icoana-din-suflet-in-pregatirea-saptamanii-mari-expozitie-de-icoane-traditionale-recital-de-pricesne-si-atelier-de-initiere-in-olarit-la-depozitul-de-ceramica-v\\\/#breadcrumb\",\"itemListElement\":[{\"@type\":\"ListItem\",\"position\":1,\"name\":\"Prima pagin\u0103\",\"item\":\"https:\\\/\\\/urbeamea.ro\\\/albaiulia\\\/\"},{\"@type\":\"ListItem\",\"position\":2,\"name\":\"Ast\u0103zi, ora 17:00 \u201eIcoana din suflet, \u00een preg\u0103tirea S\u0103pt\u0103m\u00e2nii Mari\u201d: Expozi\u021bie de icoane tradi\u021bionale, recital de pricesne \u0219i atelier de ini\u021biere \u00een ol\u0103rit, la Depozitul de Ceramic\u0103 Veche din Alba Iulia\"}]},{\"@type\":\"WebSite\",\"@id\":\"https:\\\/\\\/urbeamea.ro\\\/albaiulia\\\/#website\",\"url\":\"https:\\\/\\\/urbeamea.ro\\\/albaiulia\\\/\",\"name\":\"Revista Urbea Mea, Stiri urbane\",\"description\":\"Evenimente \u0219i \u0219tiri din Alba Iulia, Sebe\u0219, Aiud, Blaj\",\"potentialAction\":[{\"@type\":\"SearchAction\",\"target\":{\"@type\":\"EntryPoint\",\"urlTemplate\":\"https:\\\/\\\/urbeamea.ro\\\/albaiulia\\\/?s={search_term_string}\"},\"query-input\":{\"@type\":\"PropertyValueSpecification\",\"valueRequired\":true,\"valueName\":\"search_term_string\"}}],\"inLanguage\":\"ro-RO\"},{\"@type\":\"Person\",\"@id\":\"https:\\\/\\\/urbeamea.ro\\\/albaiulia\\\/#\\\/schema\\\/person\\\/5db3854ac38c1cc9f0ab4092d6a20f02\",\"name\":\"Giurca Sorin\",\"image\":{\"@type\":\"ImageObject\",\"inLanguage\":\"ro-RO\",\"@id\":\"https:\\\/\\\/secure.gravatar.com\\\/avatar\\\/120f6fcae7b3b47a7730cb9943f612f4909f68ac5284b5f40ac1c4615fd70576?s=96&d=mm&r=g\",\"url\":\"https:\\\/\\\/secure.gravatar.com\\\/avatar\\\/120f6fcae7b3b47a7730cb9943f612f4909f68ac5284b5f40ac1c4615fd70576?s=96&d=mm&r=g\",\"contentUrl\":\"https:\\\/\\\/secure.gravatar.com\\\/avatar\\\/120f6fcae7b3b47a7730cb9943f612f4909f68ac5284b5f40ac1c4615fd70576?s=96&d=mm&r=g\",\"caption\":\"Giurca Sorin\"},\"url\":\"https:\\\/\\\/urbeamea.ro\\\/albaiulia\\\/author\\\/sorin\\\/\"}]}<\/script>\n<!-- \/ Yoast SEO plugin. -->","yoast_head_json":{"title":"Ast\u0103zi, ora 17:00 \u201eIcoana din suflet, \u00een preg\u0103tirea S\u0103pt\u0103m\u00e2nii Mari\u201d: Expozi\u021bie de icoane tradi\u021bionale, recital de pricesne \u0219i atelier de ini\u021biere \u00een ol\u0103rit, la Depozitul de Ceramic\u0103 Veche din Alba Iulia - Revista Urbea Mea - Revista de Alba","description":"\u00cen preajma S\u0103pt\u0103m\u00e2nii Mari, \u00een data de 3 aprilie 2026, ora 17:00, v\u0103 invit\u0103m la un demers cultural care aduce \u00eempreun\u0103 tradi\u021bia, credin\u021ba \u0219i educa\u021bia","robots":{"index":"index","follow":"follow","max-snippet":"max-snippet:-1","max-image-preview":"max-image-preview:large","max-video-preview":"max-video-preview:-1"},"canonical":"https:\/\/urbeamea.ro\/albaiulia\/astazi-ora-1700-icoana-din-suflet-in-pregatirea-saptamanii-mari-expozitie-de-icoane-traditionale-recital-de-pricesne-si-atelier-de-initiere-in-olarit-la-depozitul-de-ceramica-v\/","twitter_card":"summary_large_image","twitter_title":"Ast\u0103zi, ora 17:00 \u201eIcoana din suflet, \u00een preg\u0103tirea S\u0103pt\u0103m\u00e2nii Mari\u201d: Expozi\u021bie de icoane tradi\u021bionale, recital de pricesne \u0219i atelier de ini\u021biere \u00een ol\u0103rit, la Depozitul de Ceramic\u0103 Veche din Alba Iulia - Revista Urbea Mea - Revista de Alba","twitter_description":"\u00cen preajma S\u0103pt\u0103m\u00e2nii Mari, \u00een data de 3 aprilie 2026, ora 17:00, v\u0103 invit\u0103m la un demers cultural care aduce \u00eempreun\u0103 tradi\u021bia, credin\u021ba \u0219i educa\u021bia","twitter_image":"https:\/\/urbeamea.ro\/albaiulia\/wp-content\/uploads\/2026\/04\/FB_IMG_1775210857215.jpg","twitter_creator":"@urbeameaweb","twitter_site":"@urbeameaweb","schema":{"@context":"https:\/\/schema.org","@graph":[{"@type":"Article","@id":"https:\/\/urbeamea.ro\/albaiulia\/astazi-ora-1700-icoana-din-suflet-in-pregatirea-saptamanii-mari-expozitie-de-icoane-traditionale-recital-de-pricesne-si-atelier-de-initiere-in-olarit-la-depozitul-de-ceramica-v\/#article","isPartOf":{"@id":"https:\/\/urbeamea.ro\/albaiulia\/astazi-ora-1700-icoana-din-suflet-in-pregatirea-saptamanii-mari-expozitie-de-icoane-traditionale-recital-de-pricesne-si-atelier-de-initiere-in-olarit-la-depozitul-de-ceramica-v\/"},"author":{"name":"Giurca Sorin","@id":"https:\/\/urbeamea.ro\/albaiulia\/#\/schema\/person\/5db3854ac38c1cc9f0ab4092d6a20f02"},"headline":"Ast\u0103zi, ora 17:00 \u201eIcoana din suflet, \u00een preg\u0103tirea S\u0103pt\u0103m\u00e2nii Mari\u201d: Expozi\u021bie de icoane tradi\u021bionale, recital de pricesne \u0219i atelier de ini\u021biere \u00een ol\u0103rit, la Depozitul de Ceramic\u0103 Veche din Alba Iulia","datePublished":"2026-04-03T10:18:44+00:00","dateModified":"2026-04-03T10:18:47+00:00","mainEntityOfPage":{"@id":"https:\/\/urbeamea.ro\/albaiulia\/astazi-ora-1700-icoana-din-suflet-in-pregatirea-saptamanii-mari-expozitie-de-icoane-traditionale-recital-de-pricesne-si-atelier-de-initiere-in-olarit-la-depozitul-de-ceramica-v\/"},"wordCount":250,"commentCount":0,"image":{"@id":"https:\/\/urbeamea.ro\/albaiulia\/astazi-ora-1700-icoana-din-suflet-in-pregatirea-saptamanii-mari-expozitie-de-icoane-traditionale-recital-de-pricesne-si-atelier-de-initiere-in-olarit-la-depozitul-de-ceramica-v\/#primaryimage"},"thumbnailUrl":"https:\/\/urbeamea.ro\/albaiulia\/wp-content\/uploads\/2026\/04\/FB_IMG_1775210857215.jpg","keywords":["Depozitul de Ceramic\u0103 Veche","icoana din sufletul meu"],"articleSection":["Actualitate","Cultur\u0103","Evenimente","Monden","Muzic\u0103","Social","\u015etiri Urbane","Urbea Mea"],"inLanguage":"ro-RO","potentialAction":[{"@type":"CommentAction","name":"Comment","target":["https:\/\/urbeamea.ro\/albaiulia\/astazi-ora-1700-icoana-din-suflet-in-pregatirea-saptamanii-mari-expozitie-de-icoane-traditionale-recital-de-pricesne-si-atelier-de-initiere-in-olarit-la-depozitul-de-ceramica-v\/#respond"]}]},{"@type":"WebPage","@id":"https:\/\/urbeamea.ro\/albaiulia\/astazi-ora-1700-icoana-din-suflet-in-pregatirea-saptamanii-mari-expozitie-de-icoane-traditionale-recital-de-pricesne-si-atelier-de-initiere-in-olarit-la-depozitul-de-ceramica-v\/","url":"https:\/\/urbeamea.ro\/albaiulia\/astazi-ora-1700-icoana-din-suflet-in-pregatirea-saptamanii-mari-expozitie-de-icoane-traditionale-recital-de-pricesne-si-atelier-de-initiere-in-olarit-la-depozitul-de-ceramica-v\/","name":"Ast\u0103zi, ora 17:00 \u201eIcoana din suflet, \u00een preg\u0103tirea S\u0103pt\u0103m\u00e2nii Mari\u201d: Expozi\u021bie de icoane tradi\u021bionale, recital de pricesne \u0219i atelier de ini\u021biere \u00een ol\u0103rit, la Depozitul de Ceramic\u0103 Veche din Alba Iulia - Revista Urbea Mea - Revista de Alba","isPartOf":{"@id":"https:\/\/urbeamea.ro\/albaiulia\/#website"},"primaryImageOfPage":{"@id":"https:\/\/urbeamea.ro\/albaiulia\/astazi-ora-1700-icoana-din-suflet-in-pregatirea-saptamanii-mari-expozitie-de-icoane-traditionale-recital-de-pricesne-si-atelier-de-initiere-in-olarit-la-depozitul-de-ceramica-v\/#primaryimage"},"image":{"@id":"https:\/\/urbeamea.ro\/albaiulia\/astazi-ora-1700-icoana-din-suflet-in-pregatirea-saptamanii-mari-expozitie-de-icoane-traditionale-recital-de-pricesne-si-atelier-de-initiere-in-olarit-la-depozitul-de-ceramica-v\/#primaryimage"},"thumbnailUrl":"https:\/\/urbeamea.ro\/albaiulia\/wp-content\/uploads\/2026\/04\/FB_IMG_1775210857215.jpg","datePublished":"2026-04-03T10:18:44+00:00","dateModified":"2026-04-03T10:18:47+00:00","author":{"@id":"https:\/\/urbeamea.ro\/albaiulia\/#\/schema\/person\/5db3854ac38c1cc9f0ab4092d6a20f02"},"description":"\u00cen preajma S\u0103pt\u0103m\u00e2nii Mari, \u00een data de 3 aprilie 2026, ora 17:00, v\u0103 invit\u0103m la un demers cultural care aduce \u00eempreun\u0103 tradi\u021bia, credin\u021ba \u0219i educa\u021bia","breadcrumb":{"@id":"https:\/\/urbeamea.ro\/albaiulia\/astazi-ora-1700-icoana-din-suflet-in-pregatirea-saptamanii-mari-expozitie-de-icoane-traditionale-recital-de-pricesne-si-atelier-de-initiere-in-olarit-la-depozitul-de-ceramica-v\/#breadcrumb"},"inLanguage":"ro-RO","potentialAction":[{"@type":"ReadAction","target":["https:\/\/urbeamea.ro\/albaiulia\/astazi-ora-1700-icoana-din-suflet-in-pregatirea-saptamanii-mari-expozitie-de-icoane-traditionale-recital-de-pricesne-si-atelier-de-initiere-in-olarit-la-depozitul-de-ceramica-v\/"]}]},{"@type":"ImageObject","inLanguage":"ro-RO","@id":"https:\/\/urbeamea.ro\/albaiulia\/astazi-ora-1700-icoana-din-suflet-in-pregatirea-saptamanii-mari-expozitie-de-icoane-traditionale-recital-de-pricesne-si-atelier-de-initiere-in-olarit-la-depozitul-de-ceramica-v\/#primaryimage","url":"https:\/\/urbeamea.ro\/albaiulia\/wp-content\/uploads\/2026\/04\/FB_IMG_1775210857215.jpg","contentUrl":"https:\/\/urbeamea.ro\/albaiulia\/wp-content\/uploads\/2026\/04\/FB_IMG_1775210857215.jpg","width":1664,"height":2048},{"@type":"BreadcrumbList","@id":"https:\/\/urbeamea.ro\/albaiulia\/astazi-ora-1700-icoana-din-suflet-in-pregatirea-saptamanii-mari-expozitie-de-icoane-traditionale-recital-de-pricesne-si-atelier-de-initiere-in-olarit-la-depozitul-de-ceramica-v\/#breadcrumb","itemListElement":[{"@type":"ListItem","position":1,"name":"Prima pagin\u0103","item":"https:\/\/urbeamea.ro\/albaiulia\/"},{"@type":"ListItem","position":2,"name":"Ast\u0103zi, ora 17:00 \u201eIcoana din suflet, \u00een preg\u0103tirea S\u0103pt\u0103m\u00e2nii Mari\u201d: Expozi\u021bie de icoane tradi\u021bionale, recital de pricesne \u0219i atelier de ini\u021biere \u00een ol\u0103rit, la Depozitul de Ceramic\u0103 Veche din Alba Iulia"}]},{"@type":"WebSite","@id":"https:\/\/urbeamea.ro\/albaiulia\/#website","url":"https:\/\/urbeamea.ro\/albaiulia\/","name":"Revista Urbea Mea, Stiri urbane","description":"Evenimente \u0219i \u0219tiri din Alba Iulia, Sebe\u0219, Aiud, Blaj","potentialAction":[{"@type":"SearchAction","target":{"@type":"EntryPoint","urlTemplate":"https:\/\/urbeamea.ro\/albaiulia\/?s={search_term_string}"},"query-input":{"@type":"PropertyValueSpecification","valueRequired":true,"valueName":"search_term_string"}}],"inLanguage":"ro-RO"},{"@type":"Person","@id":"https:\/\/urbeamea.ro\/albaiulia\/#\/schema\/person\/5db3854ac38c1cc9f0ab4092d6a20f02","name":"Giurca Sorin","image":{"@type":"ImageObject","inLanguage":"ro-RO","@id":"https:\/\/secure.gravatar.com\/avatar\/120f6fcae7b3b47a7730cb9943f612f4909f68ac5284b5f40ac1c4615fd70576?s=96&d=mm&r=g","url":"https:\/\/secure.gravatar.com\/avatar\/120f6fcae7b3b47a7730cb9943f612f4909f68ac5284b5f40ac1c4615fd70576?s=96&d=mm&r=g","contentUrl":"https:\/\/secure.gravatar.com\/avatar\/120f6fcae7b3b47a7730cb9943f612f4909f68ac5284b5f40ac1c4615fd70576?s=96&d=mm&r=g","caption":"Giurca Sorin"},"url":"https:\/\/urbeamea.ro\/albaiulia\/author\/sorin\/"}]}},"_links":{"self":[{"href":"https:\/\/urbeamea.ro\/albaiulia\/wp-json\/wp\/v2\/posts\/121837","targetHints":{"allow":["GET"]}}],"collection":[{"href":"https:\/\/urbeamea.ro\/albaiulia\/wp-json\/wp\/v2\/posts"}],"about":[{"href":"https:\/\/urbeamea.ro\/albaiulia\/wp-json\/wp\/v2\/types\/post"}],"author":[{"embeddable":true,"href":"https:\/\/urbeamea.ro\/albaiulia\/wp-json\/wp\/v2\/users\/28"}],"replies":[{"embeddable":true,"href":"https:\/\/urbeamea.ro\/albaiulia\/wp-json\/wp\/v2\/comments?post=121837"}],"version-history":[{"count":1,"href":"https:\/\/urbeamea.ro\/albaiulia\/wp-json\/wp\/v2\/posts\/121837\/revisions"}],"predecessor-version":[{"id":121839,"href":"https:\/\/urbeamea.ro\/albaiulia\/wp-json\/wp\/v2\/posts\/121837\/revisions\/121839"}],"wp:featuredmedia":[{"embeddable":true,"href":"https:\/\/urbeamea.ro\/albaiulia\/wp-json\/wp\/v2\/media\/121838"}],"wp:attachment":[{"href":"https:\/\/urbeamea.ro\/albaiulia\/wp-json\/wp\/v2\/media?parent=121837"}],"wp:term":[{"taxonomy":"category","embeddable":true,"href":"https:\/\/urbeamea.ro\/albaiulia\/wp-json\/wp\/v2\/categories?post=121837"},{"taxonomy":"post_tag","embeddable":true,"href":"https:\/\/urbeamea.ro\/albaiulia\/wp-json\/wp\/v2\/tags?post=121837"}],"curies":[{"name":"wp","href":"https:\/\/api.w.org\/{rel}","templated":true}]}}