{"id":121840,"date":"2026-04-03T15:09:01","date_gmt":"2026-04-03T12:09:01","guid":{"rendered":"https:\/\/urbeamea.ro\/albaiulia\/?p=121840"},"modified":"2026-04-03T15:09:04","modified_gmt":"2026-04-03T12:09:04","slug":"din-sebes-catre-lume-10-ani-de-productie-9g-tronic","status":"publish","type":"post","link":"https:\/\/urbeamea.ro\/albaiulia\/din-sebes-catre-lume-10-ani-de-productie-9g-tronic\/","title":{"rendered":"Din Sebe\u0219 c\u0103tre lume: 10 ani de produc\u021bie 9G\u2011TRONIC"},"content":{"rendered":"\n<h2 class=\"wp-block-heading\">De 16 ani, prezen\u021ba Mercedes\u2011Benz la Sebe\u0219 se remarc\u0103 prin performan\u021b\u0103 industrial\u0103 constant\u0103 \u0219i dezvoltarea unor capabilit\u0103\u021bi de produc\u021bie solide. \u00cen ultimul deceniu, loca\u021bia \u2013 Star Assembly \u2013 a devenit \u0219i un punct cheie pentru asamblarea transmisiei 9G\u2011TRONIC, una dintre cele mai avansate cutii de vitez\u0103 automate din lume.<\/h2>\n\n\n\n<p>Pe 4 aprilie 2026, unitatea a marcat zece ani de la lansarea oficial\u0103 a produc\u021biei. \u00cen acest timp, peste \u0219apte milioane de unit\u0103\u021bi 9G\u2011TRONIC au fost asamblate aici, consolid\u00e2nd rolul Rom\u00e2niei \u0219i, implicit, al ora\u0219ului Sebe\u0219, \u00een re\u021beaua global\u0103 de produc\u021bie a sistemelor de propulsie Mercedes\u2011Benz.<\/p>\n\n\n\n<p>Procesul de produc\u021bie se bazeaz\u0103 pe expertiza construit\u0103 \u0219i perfec\u021bionat\u0103 \u00een timp, contribuind la performan\u021ba, eficien\u021ba \u0219i confortul a milioane de vehicule la nivel mondial. \u00cen prezent, aici sunt asamblate 28 de variante ale transmisiei, inclusiv versiuni compatibile cu sisteme hibride \u0219i solu\u021bii cu Integrated Starter Generator (ISG), reflect\u00e2nd capacitatea loca\u021biei de a sus\u021bine o gam\u0103 larg\u0103 de modele \u0219i cerin\u021be tehnice.<\/p>\n\n\n\n<figure class=\"wp-block-image size-large\"><img loading=\"lazy\" decoding=\"async\" width=\"1280\" height=\"854\" src=\"https:\/\/urbeamea.ro\/albaiulia\/wp-content\/uploads\/2026\/04\/IMG-226-1280x854.jpg\" alt=\"\" class=\"wp-image-121842\" srcset=\"https:\/\/urbeamea.ro\/albaiulia\/wp-content\/uploads\/2026\/04\/IMG-226-1280x854.jpg 1280w, https:\/\/urbeamea.ro\/albaiulia\/wp-content\/uploads\/2026\/04\/IMG-226-640x427.jpg 640w, https:\/\/urbeamea.ro\/albaiulia\/wp-content\/uploads\/2026\/04\/IMG-226-150x100.jpg 150w, https:\/\/urbeamea.ro\/albaiulia\/wp-content\/uploads\/2026\/04\/IMG-226-768x512.jpg 768w, https:\/\/urbeamea.ro\/albaiulia\/wp-content\/uploads\/2026\/04\/IMG-226-1536x1024.jpg 1536w, https:\/\/urbeamea.ro\/albaiulia\/wp-content\/uploads\/2026\/04\/IMG-226.jpg 1600w\" sizes=\"auto, (max-width: 1280px) 100vw, 1280px\" \/><\/figure>\n\n\n\n<p><strong>Eficien\u021b\u0103, precizie \u0219i impact global<\/strong><\/p>\n\n\n\n<p>Lansat\u0103 la nivel interna\u021bional \u00een 2013, transmisia 9G\u2011TRONIC a reprezentat un pas important \u00een evolu\u021bia tehnologiei cutiilor de vitez\u0103 automate. Cu nou\u0103 trepte, aceasta permite func\u021bionarea motorului \u00een zona optim\u0103 de eficien\u021b\u0103, reduc\u00e2nd consumul de combustibil f\u0103r\u0103 a compromite performan\u021ba sau confortul specifice vehiculelor Mercedes\u2011Benz.<\/p>\n\n\n\n<p>La Sebe\u0219, asamblarea se realizeaz\u0103 \u00eentr-un mediu industrial \u00eenalt standardizat, conceput pentru consisten\u021b\u0103 \u0219i fiabilitate. Procesele de produc\u021bie sunt sus\u021binute de sisteme digitale care monitorizeaz\u0103 fiecare etap\u0103 \u00een timp real, de la montaj p\u00e2n\u0103 la inspec\u021bia final\u0103. Acest \u201eshopfloor digital\u201d le permite echipelor s\u0103 ia decizii informate, s\u0103 men\u021bin\u0103 standarde stricte de calitate \u0219i s\u0103 \u00eembun\u0103t\u0103\u021beasc\u0103 permanent procesele prin optimiz\u0103ri bazate pe date.<\/p>\n\n\n\n<p>Tehnologia completeaz\u0103 expertiza uman\u0103, transform\u00e2nd datele, procesele \u0219i disciplina industrial\u0103 \u00een performan\u021b\u0103 opera\u021bional\u0103 sustenabil\u0103, astfel \u00eenc\u00e2t fiecare transmisie 9G\u2011TRONIC s\u0103 respecte standardele exigente Mercedes\u2011Benz.<\/p>\n\n\n\n<p>Introducerea produc\u021biei 9G\u2011TRONIC \u00een Rom\u00e2nia a reprezentat, de asemenea, un pas major \u00een extinderea re\u021belei globale de produc\u021bie Mercedes\u2011Benz. Star Assembly este a doua loca\u021bie din lume, dup\u0103 Hedelfingen (Germania), care produce aceast\u0103 transmisie.<\/p>\n\n\n\n<p>De-a lungul timpului, rolul fabricii a crescut constant. Volumele de produc\u021bie reflect\u0103 contribu\u021bia sa stabil\u0103 la amprenta global\u0103, iar continuitatea opera\u021biunilor confirm\u0103 at\u00e2t puterea industrial\u0103 a loca\u021biei, c\u00e2t \u0219i \u00eencrederea acordat\u0103 echipelor locale.<\/p>\n\n\n\n<p>Expertiza acumulat\u0103 \u00een produc\u021bia de transmisii a creat, totodat\u0103, baza pentru extinderea c\u0103tre noi tehnologii, inclusiv asamblarea de unit\u0103\u021bi de propulsie electric\u0103, consolid\u00e2nd pozi\u021bia ora\u0219ului Sebe\u0219 \u00een re\u021beaua global\u0103 de produc\u021bie a sistemelor de propulsie.<\/p>\n\n\n\n<p>\u00cen spatele fiec\u0103rei transmisii 9G\u2011TRONIC se afl\u0103 munca operatorilor, inginerilor, tehnicienilor \u0219i speciali\u0219tilor care asigur\u0103 excelen\u021ba standardelor Mercedes\u2011Benz.<\/p>\n\n\n\n<p><strong>\u201ePentru echipele noastre din Rom\u00e2nia, 9G<\/strong><strong>\u2011<\/strong><strong>TRONIC <\/strong><strong>\u00ee<\/strong><strong>nseamn<\/strong><strong>\u0103<\/strong><strong> zece ani de responsabilitate, implicare <\/strong><strong>\u0219<\/strong><strong>i dezvoltare continu<\/strong><strong>\u0103<\/strong><strong>. Fiecare transmisie produs<\/strong><strong>\u0103<\/strong><strong> la Sebe<\/strong><strong>\u0219<\/strong><strong> reflect<\/strong><strong>\u0103<\/strong><strong> aten<\/strong><strong>\u021b<\/strong><strong>ia la detalii <\/strong><strong>\u0219<\/strong><strong>i profesionalismul colegilor no<\/strong><strong>\u0219<\/strong><strong>tri. Le mul<\/strong><strong>\u021b<\/strong><strong>umim tuturor celor care au fost parte din aceast<\/strong><strong>\u0103<\/strong><strong> c<\/strong><strong>\u0103<\/strong><strong>l<\/strong><strong>\u0103<\/strong><strong>torie <\/strong><strong>\u2013<\/strong><strong> de la primele etape de produc<\/strong><strong>\u021b<\/strong><strong>ie p<\/strong><strong>\u00e2<\/strong><strong>n<\/strong><strong>\u0103<\/strong><strong> ast<\/strong><strong>\u0103<\/strong><strong>zi. Prin munca <\/strong><strong>\u0219<\/strong><strong>i dedicarea lor, Sebe<\/strong><strong>\u0219<\/strong><strong> a devenit un reper de <\/strong><strong>\u00ee<\/strong><strong>ncredere <\/strong><strong>\u00ee<\/strong><strong>n re<\/strong><strong>\u021b<\/strong><strong>eaua global<\/strong><strong>\u0103<\/strong><strong> Mercedes<\/strong><strong>\u2011<\/strong><strong>Benz.<\/strong><strong>\u201d<\/strong><\/p>\n\n\n\n<p>Gheorghe Achim, director general Star Transmission \u0219i Star Assembly<\/p>\n\n\n\n<p>Aceast\u0103 combina\u021bie \u00eentre know\u2011how local \u0219i expertiz\u0103 interna\u021bional\u0103 define\u0219te cultura opera\u021bional\u0103 a fabricii.<\/p>\n\n\n\n<p><strong>Privind spre viitor<\/strong><\/p>\n\n\n\n<p>Pe m\u0103sur\u0103 ce peisajul automotive continu\u0103 s\u0103 evolueze, condus de electrificare \u0219i digitalizare, loca\u021biile din Sebe\u0219 \u0219i Cugir r\u0103m\u00e2n implicate activ \u00een aceast\u0103 transformare.<\/p>\n\n\n\n<p>De la produc\u021bia de transmisii la componente pentru sisteme de propulsie electrice, capabilit\u0103\u021bile dezvoltate aici continu\u0103 s\u0103 sus\u021bin\u0103 urm\u0103toarea genera\u021bie de solu\u021bii de mobilitate.<\/p>\n\n\n\n<p><strong>Despre Star Assembly<\/strong><\/p>\n\n\n\n<p>Star Assembly, filial\u0103 de\u021binut\u0103 integral de Mercedes-Benz Group AG, este situat\u0103 \u00een Sebe\u0219, Rom\u00e2nia, \u0219i este component\u0103 cheie a re\u021belei globale de produc\u021bie a sistemelor de propulsie. De la \u00eenfiin\u021barea sa \u00een 2013, uzina s-a specializat \u00een asamblarea mai multor tipuri de cutii de vitez\u0103 \u0219i a f\u0103cut deja un pas important spre mobilitatea electric\u0103 \u00een anul 2020, odat\u0103 cu demararea produc\u021biei unit\u0103\u021bilor hibride pentru transmisia automat\u0103 cu dublu ambreiaj \u0219i 8 trepte. Prin investi\u021bii continue \u00een inova\u021bie, digitalizare \u0219i dezvoltarea personalului, Star Assembly combin\u0103 expertiza avansat\u0103 \u00een produc\u021bie cu echipa \u00eenalt calificat\u0103, livr\u00e2nd componente re\u021belei globale de produc\u021bie Mercedes-Benz. Noul proiect de asamblare a unit\u0103\u021bilor de propulsie electric\u0103 accelereaz\u0103 \u0219i mai mult transformarea c\u0103tre un viitor complet electric.<\/p>\n\n\n\n<figure class=\"wp-block-image size-large\"><img loading=\"lazy\" decoding=\"async\" width=\"1280\" height=\"960\" src=\"https:\/\/urbeamea.ro\/albaiulia\/wp-content\/uploads\/2026\/04\/25C0278_020-1280x960.jpg\" alt=\"\" class=\"wp-image-121841\" srcset=\"https:\/\/urbeamea.ro\/albaiulia\/wp-content\/uploads\/2026\/04\/25C0278_020-1280x960.jpg 1280w, https:\/\/urbeamea.ro\/albaiulia\/wp-content\/uploads\/2026\/04\/25C0278_020-640x480.jpg 640w, https:\/\/urbeamea.ro\/albaiulia\/wp-content\/uploads\/2026\/04\/25C0278_020-150x113.jpg 150w, https:\/\/urbeamea.ro\/albaiulia\/wp-content\/uploads\/2026\/04\/25C0278_020-768x576.jpg 768w, https:\/\/urbeamea.ro\/albaiulia\/wp-content\/uploads\/2026\/04\/25C0278_020-1536x1152.jpg 1536w, https:\/\/urbeamea.ro\/albaiulia\/wp-content\/uploads\/2026\/04\/25C0278_020.jpg 1600w\" sizes=\"auto, (max-width: 1280px) 100vw, 1280px\" \/><\/figure>\n","protected":false},"excerpt":{"rendered":"<p>De 16 ani, prezen\u021ba Mercedes\u2011Benz la Sebe\u0219 se remarc\u0103 prin performan\u021b\u0103 industrial\u0103 constant\u0103 \u0219i dezvoltarea unor capabilit\u0103\u021bi de produc\u021bie solide. \u00cen ultimul deceniu, loca\u021bia \u2013 Star Assembly \u2013 a devenit \u0219i un punct cheie pentru asamblarea transmisiei 9G\u2011TRONIC, una dintre cele mai avansate cutii de vitez\u0103 automate din lume. Pe 4 aprilie 2026, unitatea a &hellip;<\/p>\n","protected":false},"author":16,"featured_media":121843,"comment_status":"open","ping_status":"open","sticky":false,"template":"","format":"standard","meta":{"inline_featured_image":false,"footnotes":""},"categories":[1],"tags":[],"class_list":["post-121840","post","type-post","status-publish","format-standard","has-post-thumbnail","hentry","category-stiri-urbane"],"yoast_head":"<!-- This site is optimized with the Yoast SEO plugin v27.4 - https:\/\/yoast.com\/product\/yoast-seo-wordpress\/ -->\n<title>Din Sebe\u0219 c\u0103tre lume: 10 ani de produc\u021bie 9G\u2011TRONIC - Revista Urbea Mea - Revista de Alba<\/title>\n<meta name=\"description\" content=\"De 16 ani, prezen\u021ba Mercedes\u2011Benz la Sebe\u0219 se remarc\u0103 prin performan\u021b\u0103 industrial\u0103 constant\u0103 \u0219i dezvoltarea unor capabilit\u0103\u021bi de produc\u021bie solide. \u00cen\" \/>\n<meta name=\"robots\" content=\"index, follow, max-snippet:-1, max-image-preview:large, max-video-preview:-1\" \/>\n<link rel=\"canonical\" href=\"https:\/\/urbeamea.ro\/albaiulia\/din-sebes-catre-lume-10-ani-de-productie-9g-tronic\/\" \/>\n<meta name=\"twitter:card\" content=\"summary_large_image\" \/>\n<meta name=\"twitter:title\" content=\"Din Sebe\u0219 c\u0103tre lume: 10 ani de produc\u021bie 9G\u2011TRONIC - Revista Urbea Mea - Revista de Alba\" \/>\n<meta name=\"twitter:description\" content=\"De 16 ani, prezen\u021ba Mercedes\u2011Benz la Sebe\u0219 se remarc\u0103 prin performan\u021b\u0103 industrial\u0103 constant\u0103 \u0219i dezvoltarea unor capabilit\u0103\u021bi de produc\u021bie solide. \u00cen\" \/>\n<meta name=\"twitter:image\" content=\"https:\/\/urbeamea.ro\/albaiulia\/wp-content\/uploads\/2026\/04\/10-ani-productie.png\" \/>\n<meta name=\"twitter:creator\" content=\"@urbeameaweb\" \/>\n<meta name=\"twitter:site\" content=\"@urbeameaweb\" \/>\n<script type=\"application\/ld+json\" class=\"yoast-schema-graph\">{\"@context\":\"https:\\\/\\\/schema.org\",\"@graph\":[{\"@type\":\"Article\",\"@id\":\"https:\\\/\\\/urbeamea.ro\\\/albaiulia\\\/din-sebes-catre-lume-10-ani-de-productie-9g-tronic\\\/#article\",\"isPartOf\":{\"@id\":\"https:\\\/\\\/urbeamea.ro\\\/albaiulia\\\/din-sebes-catre-lume-10-ani-de-productie-9g-tronic\\\/\"},\"author\":{\"name\":\"Redac\u021bia UrbeaMea\",\"@id\":\"https:\\\/\\\/urbeamea.ro\\\/albaiulia\\\/#\\\/schema\\\/person\\\/272ae98052f8ee8980f59848df070247\"},\"headline\":\"Din Sebe\u0219 c\u0103tre lume: 10 ani de produc\u021bie 9G\u2011TRONIC\",\"datePublished\":\"2026-04-03T12:09:01+00:00\",\"dateModified\":\"2026-04-03T12:09:04+00:00\",\"mainEntityOfPage\":{\"@id\":\"https:\\\/\\\/urbeamea.ro\\\/albaiulia\\\/din-sebes-catre-lume-10-ani-de-productie-9g-tronic\\\/\"},\"wordCount\":787,\"commentCount\":0,\"image\":{\"@id\":\"https:\\\/\\\/urbeamea.ro\\\/albaiulia\\\/din-sebes-catre-lume-10-ani-de-productie-9g-tronic\\\/#primaryimage\"},\"thumbnailUrl\":\"https:\\\/\\\/urbeamea.ro\\\/albaiulia\\\/wp-content\\\/uploads\\\/2026\\\/04\\\/10-ani-productie.png\",\"articleSection\":[\"\u015etiri Urbane\"],\"inLanguage\":\"ro-RO\",\"potentialAction\":[{\"@type\":\"CommentAction\",\"name\":\"Comment\",\"target\":[\"https:\\\/\\\/urbeamea.ro\\\/albaiulia\\\/din-sebes-catre-lume-10-ani-de-productie-9g-tronic\\\/#respond\"]}]},{\"@type\":\"WebPage\",\"@id\":\"https:\\\/\\\/urbeamea.ro\\\/albaiulia\\\/din-sebes-catre-lume-10-ani-de-productie-9g-tronic\\\/\",\"url\":\"https:\\\/\\\/urbeamea.ro\\\/albaiulia\\\/din-sebes-catre-lume-10-ani-de-productie-9g-tronic\\\/\",\"name\":\"Din Sebe\u0219 c\u0103tre lume: 10 ani de produc\u021bie 9G\u2011TRONIC - Revista Urbea Mea - Revista de Alba\",\"isPartOf\":{\"@id\":\"https:\\\/\\\/urbeamea.ro\\\/albaiulia\\\/#website\"},\"primaryImageOfPage\":{\"@id\":\"https:\\\/\\\/urbeamea.ro\\\/albaiulia\\\/din-sebes-catre-lume-10-ani-de-productie-9g-tronic\\\/#primaryimage\"},\"image\":{\"@id\":\"https:\\\/\\\/urbeamea.ro\\\/albaiulia\\\/din-sebes-catre-lume-10-ani-de-productie-9g-tronic\\\/#primaryimage\"},\"thumbnailUrl\":\"https:\\\/\\\/urbeamea.ro\\\/albaiulia\\\/wp-content\\\/uploads\\\/2026\\\/04\\\/10-ani-productie.png\",\"datePublished\":\"2026-04-03T12:09:01+00:00\",\"dateModified\":\"2026-04-03T12:09:04+00:00\",\"author\":{\"@id\":\"https:\\\/\\\/urbeamea.ro\\\/albaiulia\\\/#\\\/schema\\\/person\\\/272ae98052f8ee8980f59848df070247\"},\"description\":\"De 16 ani, prezen\u021ba Mercedes\u2011Benz la Sebe\u0219 se remarc\u0103 prin performan\u021b\u0103 industrial\u0103 constant\u0103 \u0219i dezvoltarea unor capabilit\u0103\u021bi de produc\u021bie solide. \u00cen\",\"breadcrumb\":{\"@id\":\"https:\\\/\\\/urbeamea.ro\\\/albaiulia\\\/din-sebes-catre-lume-10-ani-de-productie-9g-tronic\\\/#breadcrumb\"},\"inLanguage\":\"ro-RO\",\"potentialAction\":[{\"@type\":\"ReadAction\",\"target\":[\"https:\\\/\\\/urbeamea.ro\\\/albaiulia\\\/din-sebes-catre-lume-10-ani-de-productie-9g-tronic\\\/\"]}]},{\"@type\":\"ImageObject\",\"inLanguage\":\"ro-RO\",\"@id\":\"https:\\\/\\\/urbeamea.ro\\\/albaiulia\\\/din-sebes-catre-lume-10-ani-de-productie-9g-tronic\\\/#primaryimage\",\"url\":\"https:\\\/\\\/urbeamea.ro\\\/albaiulia\\\/wp-content\\\/uploads\\\/2026\\\/04\\\/10-ani-productie.png\",\"contentUrl\":\"https:\\\/\\\/urbeamea.ro\\\/albaiulia\\\/wp-content\\\/uploads\\\/2026\\\/04\\\/10-ani-productie.png\",\"width\":1024,\"height\":768},{\"@type\":\"BreadcrumbList\",\"@id\":\"https:\\\/\\\/urbeamea.ro\\\/albaiulia\\\/din-sebes-catre-lume-10-ani-de-productie-9g-tronic\\\/#breadcrumb\",\"itemListElement\":[{\"@type\":\"ListItem\",\"position\":1,\"name\":\"Prima pagin\u0103\",\"item\":\"https:\\\/\\\/urbeamea.ro\\\/albaiulia\\\/\"},{\"@type\":\"ListItem\",\"position\":2,\"name\":\"Din Sebe\u0219 c\u0103tre lume: 10 ani de produc\u021bie 9G\u2011TRONIC\"}]},{\"@type\":\"WebSite\",\"@id\":\"https:\\\/\\\/urbeamea.ro\\\/albaiulia\\\/#website\",\"url\":\"https:\\\/\\\/urbeamea.ro\\\/albaiulia\\\/\",\"name\":\"Revista Urbea Mea, Stiri urbane\",\"description\":\"Evenimente \u0219i \u0219tiri din Alba Iulia, Sebe\u0219, Aiud, Blaj\",\"potentialAction\":[{\"@type\":\"SearchAction\",\"target\":{\"@type\":\"EntryPoint\",\"urlTemplate\":\"https:\\\/\\\/urbeamea.ro\\\/albaiulia\\\/?s={search_term_string}\"},\"query-input\":{\"@type\":\"PropertyValueSpecification\",\"valueRequired\":true,\"valueName\":\"search_term_string\"}}],\"inLanguage\":\"ro-RO\"},{\"@type\":\"Person\",\"@id\":\"https:\\\/\\\/urbeamea.ro\\\/albaiulia\\\/#\\\/schema\\\/person\\\/272ae98052f8ee8980f59848df070247\",\"name\":\"Redac\u021bia UrbeaMea\",\"image\":{\"@type\":\"ImageObject\",\"inLanguage\":\"ro-RO\",\"@id\":\"https:\\\/\\\/secure.gravatar.com\\\/avatar\\\/9ce5a9435071fa1037e8468053ead8e513dbbff59009d3069aadb85506d85a27?s=96&d=mm&r=g\",\"url\":\"https:\\\/\\\/secure.gravatar.com\\\/avatar\\\/9ce5a9435071fa1037e8468053ead8e513dbbff59009d3069aadb85506d85a27?s=96&d=mm&r=g\",\"contentUrl\":\"https:\\\/\\\/secure.gravatar.com\\\/avatar\\\/9ce5a9435071fa1037e8468053ead8e513dbbff59009d3069aadb85506d85a27?s=96&d=mm&r=g\",\"caption\":\"Redac\u021bia UrbeaMea\"},\"description\":\"contact@urbeamea.ro\",\"sameAs\":[\"https:\\\/\\\/www.urbeamea.ro\"],\"url\":\"https:\\\/\\\/urbeamea.ro\\\/albaiulia\\\/author\\\/redactia-urbeamea\\\/\"}]}<\/script>\n<!-- \/ Yoast SEO plugin. -->","yoast_head_json":{"title":"Din Sebe\u0219 c\u0103tre lume: 10 ani de produc\u021bie 9G\u2011TRONIC - Revista Urbea Mea - Revista de Alba","description":"De 16 ani, prezen\u021ba Mercedes\u2011Benz la Sebe\u0219 se remarc\u0103 prin performan\u021b\u0103 industrial\u0103 constant\u0103 \u0219i dezvoltarea unor capabilit\u0103\u021bi de produc\u021bie solide. \u00cen","robots":{"index":"index","follow":"follow","max-snippet":"max-snippet:-1","max-image-preview":"max-image-preview:large","max-video-preview":"max-video-preview:-1"},"canonical":"https:\/\/urbeamea.ro\/albaiulia\/din-sebes-catre-lume-10-ani-de-productie-9g-tronic\/","twitter_card":"summary_large_image","twitter_title":"Din Sebe\u0219 c\u0103tre lume: 10 ani de produc\u021bie 9G\u2011TRONIC - Revista Urbea Mea - Revista de Alba","twitter_description":"De 16 ani, prezen\u021ba Mercedes\u2011Benz la Sebe\u0219 se remarc\u0103 prin performan\u021b\u0103 industrial\u0103 constant\u0103 \u0219i dezvoltarea unor capabilit\u0103\u021bi de produc\u021bie solide. \u00cen","twitter_image":"https:\/\/urbeamea.ro\/albaiulia\/wp-content\/uploads\/2026\/04\/10-ani-productie.png","twitter_creator":"@urbeameaweb","twitter_site":"@urbeameaweb","schema":{"@context":"https:\/\/schema.org","@graph":[{"@type":"Article","@id":"https:\/\/urbeamea.ro\/albaiulia\/din-sebes-catre-lume-10-ani-de-productie-9g-tronic\/#article","isPartOf":{"@id":"https:\/\/urbeamea.ro\/albaiulia\/din-sebes-catre-lume-10-ani-de-productie-9g-tronic\/"},"author":{"name":"Redac\u021bia UrbeaMea","@id":"https:\/\/urbeamea.ro\/albaiulia\/#\/schema\/person\/272ae98052f8ee8980f59848df070247"},"headline":"Din Sebe\u0219 c\u0103tre lume: 10 ani de produc\u021bie 9G\u2011TRONIC","datePublished":"2026-04-03T12:09:01+00:00","dateModified":"2026-04-03T12:09:04+00:00","mainEntityOfPage":{"@id":"https:\/\/urbeamea.ro\/albaiulia\/din-sebes-catre-lume-10-ani-de-productie-9g-tronic\/"},"wordCount":787,"commentCount":0,"image":{"@id":"https:\/\/urbeamea.ro\/albaiulia\/din-sebes-catre-lume-10-ani-de-productie-9g-tronic\/#primaryimage"},"thumbnailUrl":"https:\/\/urbeamea.ro\/albaiulia\/wp-content\/uploads\/2026\/04\/10-ani-productie.png","articleSection":["\u015etiri Urbane"],"inLanguage":"ro-RO","potentialAction":[{"@type":"CommentAction","name":"Comment","target":["https:\/\/urbeamea.ro\/albaiulia\/din-sebes-catre-lume-10-ani-de-productie-9g-tronic\/#respond"]}]},{"@type":"WebPage","@id":"https:\/\/urbeamea.ro\/albaiulia\/din-sebes-catre-lume-10-ani-de-productie-9g-tronic\/","url":"https:\/\/urbeamea.ro\/albaiulia\/din-sebes-catre-lume-10-ani-de-productie-9g-tronic\/","name":"Din Sebe\u0219 c\u0103tre lume: 10 ani de produc\u021bie 9G\u2011TRONIC - Revista Urbea Mea - Revista de Alba","isPartOf":{"@id":"https:\/\/urbeamea.ro\/albaiulia\/#website"},"primaryImageOfPage":{"@id":"https:\/\/urbeamea.ro\/albaiulia\/din-sebes-catre-lume-10-ani-de-productie-9g-tronic\/#primaryimage"},"image":{"@id":"https:\/\/urbeamea.ro\/albaiulia\/din-sebes-catre-lume-10-ani-de-productie-9g-tronic\/#primaryimage"},"thumbnailUrl":"https:\/\/urbeamea.ro\/albaiulia\/wp-content\/uploads\/2026\/04\/10-ani-productie.png","datePublished":"2026-04-03T12:09:01+00:00","dateModified":"2026-04-03T12:09:04+00:00","author":{"@id":"https:\/\/urbeamea.ro\/albaiulia\/#\/schema\/person\/272ae98052f8ee8980f59848df070247"},"description":"De 16 ani, prezen\u021ba Mercedes\u2011Benz la Sebe\u0219 se remarc\u0103 prin performan\u021b\u0103 industrial\u0103 constant\u0103 \u0219i dezvoltarea unor capabilit\u0103\u021bi de produc\u021bie solide. \u00cen","breadcrumb":{"@id":"https:\/\/urbeamea.ro\/albaiulia\/din-sebes-catre-lume-10-ani-de-productie-9g-tronic\/#breadcrumb"},"inLanguage":"ro-RO","potentialAction":[{"@type":"ReadAction","target":["https:\/\/urbeamea.ro\/albaiulia\/din-sebes-catre-lume-10-ani-de-productie-9g-tronic\/"]}]},{"@type":"ImageObject","inLanguage":"ro-RO","@id":"https:\/\/urbeamea.ro\/albaiulia\/din-sebes-catre-lume-10-ani-de-productie-9g-tronic\/#primaryimage","url":"https:\/\/urbeamea.ro\/albaiulia\/wp-content\/uploads\/2026\/04\/10-ani-productie.png","contentUrl":"https:\/\/urbeamea.ro\/albaiulia\/wp-content\/uploads\/2026\/04\/10-ani-productie.png","width":1024,"height":768},{"@type":"BreadcrumbList","@id":"https:\/\/urbeamea.ro\/albaiulia\/din-sebes-catre-lume-10-ani-de-productie-9g-tronic\/#breadcrumb","itemListElement":[{"@type":"ListItem","position":1,"name":"Prima pagin\u0103","item":"https:\/\/urbeamea.ro\/albaiulia\/"},{"@type":"ListItem","position":2,"name":"Din Sebe\u0219 c\u0103tre lume: 10 ani de produc\u021bie 9G\u2011TRONIC"}]},{"@type":"WebSite","@id":"https:\/\/urbeamea.ro\/albaiulia\/#website","url":"https:\/\/urbeamea.ro\/albaiulia\/","name":"Revista Urbea Mea, Stiri urbane","description":"Evenimente \u0219i \u0219tiri din Alba Iulia, Sebe\u0219, Aiud, Blaj","potentialAction":[{"@type":"SearchAction","target":{"@type":"EntryPoint","urlTemplate":"https:\/\/urbeamea.ro\/albaiulia\/?s={search_term_string}"},"query-input":{"@type":"PropertyValueSpecification","valueRequired":true,"valueName":"search_term_string"}}],"inLanguage":"ro-RO"},{"@type":"Person","@id":"https:\/\/urbeamea.ro\/albaiulia\/#\/schema\/person\/272ae98052f8ee8980f59848df070247","name":"Redac\u021bia UrbeaMea","image":{"@type":"ImageObject","inLanguage":"ro-RO","@id":"https:\/\/secure.gravatar.com\/avatar\/9ce5a9435071fa1037e8468053ead8e513dbbff59009d3069aadb85506d85a27?s=96&d=mm&r=g","url":"https:\/\/secure.gravatar.com\/avatar\/9ce5a9435071fa1037e8468053ead8e513dbbff59009d3069aadb85506d85a27?s=96&d=mm&r=g","contentUrl":"https:\/\/secure.gravatar.com\/avatar\/9ce5a9435071fa1037e8468053ead8e513dbbff59009d3069aadb85506d85a27?s=96&d=mm&r=g","caption":"Redac\u021bia UrbeaMea"},"description":"contact@urbeamea.ro","sameAs":["https:\/\/www.urbeamea.ro"],"url":"https:\/\/urbeamea.ro\/albaiulia\/author\/redactia-urbeamea\/"}]}},"_links":{"self":[{"href":"https:\/\/urbeamea.ro\/albaiulia\/wp-json\/wp\/v2\/posts\/121840","targetHints":{"allow":["GET"]}}],"collection":[{"href":"https:\/\/urbeamea.ro\/albaiulia\/wp-json\/wp\/v2\/posts"}],"about":[{"href":"https:\/\/urbeamea.ro\/albaiulia\/wp-json\/wp\/v2\/types\/post"}],"author":[{"embeddable":true,"href":"https:\/\/urbeamea.ro\/albaiulia\/wp-json\/wp\/v2\/users\/16"}],"replies":[{"embeddable":true,"href":"https:\/\/urbeamea.ro\/albaiulia\/wp-json\/wp\/v2\/comments?post=121840"}],"version-history":[{"count":1,"href":"https:\/\/urbeamea.ro\/albaiulia\/wp-json\/wp\/v2\/posts\/121840\/revisions"}],"predecessor-version":[{"id":121844,"href":"https:\/\/urbeamea.ro\/albaiulia\/wp-json\/wp\/v2\/posts\/121840\/revisions\/121844"}],"wp:featuredmedia":[{"embeddable":true,"href":"https:\/\/urbeamea.ro\/albaiulia\/wp-json\/wp\/v2\/media\/121843"}],"wp:attachment":[{"href":"https:\/\/urbeamea.ro\/albaiulia\/wp-json\/wp\/v2\/media?parent=121840"}],"wp:term":[{"taxonomy":"category","embeddable":true,"href":"https:\/\/urbeamea.ro\/albaiulia\/wp-json\/wp\/v2\/categories?post=121840"},{"taxonomy":"post_tag","embeddable":true,"href":"https:\/\/urbeamea.ro\/albaiulia\/wp-json\/wp\/v2\/tags?post=121840"}],"curies":[{"name":"wp","href":"https:\/\/api.w.org\/{rel}","templated":true}]}}