{"id":121845,"date":"2026-04-05T14:14:38","date_gmt":"2026-04-05T11:14:38","guid":{"rendered":"https:\/\/urbeamea.ro\/albaiulia\/?p=121845"},"modified":"2026-04-05T14:14:41","modified_gmt":"2026-04-05T11:14:41","slug":"7-aprilie-ora-1100-statuia-cult-a-zeitei-sanatatii-hygieia-exponatul-lunii-aprilie-la-muzeul-national-al-unirii-alba-iulia","status":"publish","type":"post","link":"https:\/\/urbeamea.ro\/albaiulia\/7-aprilie-ora-1100-statuia-cult-a-zeitei-sanatatii-hygieia-exponatul-lunii-aprilie-la-muzeul-national-al-unirii-alba-iulia\/","title":{"rendered":"7 aprilie, ora 11:00 Statuia\u2011cult a zei\u021bei s\u0103n\u0103t\u0103\u021bii, Hygieia, exponatul lunii aprilie la Muzeul Na\u021bional al Unirii Alba Iulia"},"content":{"rendered":"\n<p><strong>Muzeul Na\u021bional al Unirii Alba Iulia \u0219i Consiliul Jude\u021bean Alba invit\u0103 publicul \u0219i mediul academic la vernisajul unei piese excep\u021bionale din colec\u021bia muzeal\u0103 \u2014 statuia\u2011cult a zei\u021bei s\u0103n\u0103t\u0103\u021bii, Hygieia, restaurat\u0103 recent \u0219i prezentat\u0103 \u00eentr\u2011un context dedicat valorific\u0103rii patrimoniului roman provincial.<\/strong><\/p>\n\n\n\n<p>Descoperit\u0103 \u00een 1899 de Adalbert Cserni, \u00een fostul glacis al cet\u0103\u021bii bastionare, piesa din marmur\u0103 alb\u0103 provine dintr\u2011o ni\u0219\u0103 a unui templu (asklepieion) sau a unui edificiu public situat \u00een proximitatea sediului guvernatorilor Daciei romane, \u00eentre actualele Bulevardul Ferdinand I, strada Octavian Goga \u0219i strada Munteniei. <\/p>\n\n\n\n<p>Al\u0103turi de zei\u021b\u0103 se afl\u0103 figura lui Hypnos, reprezentat ca un acolit \u00eenaripat, adormit, menit s\u0103 vegheze suferin\u021ba bolnavilor.<\/p>\n\n\n\n<p>Lucrarea, relevant\u0103 pentru studiul circula\u021biei tipurilor iconografice greco\u2011romane \u00een provinciile nord\u2011danubiene, eviden\u021biaz\u0103 calitatea me\u0219te\u0219ugului \u0219i filia\u021biile stilistice ale atelierelor provinciale. <\/p>\n\n\n\n<p>Restaurarea recent\u0103, realizat\u0103 cu deosebit\u0103 minu\u021biozitate de restauratoarea Sidonia P. Olea \u00een laboratorul Muzeului Na\u021bional al Unirii Alba Iulia, a permis reconstituirea lecturii plastice \u0219i a detaliilor tehnice ale operei.<\/p>\n\n\n\n<p>Vernisajul va avea loc mar\u021bi, 7 aprilie 2026, de la ora 11:00, la Muzeul Na\u021bional al Unirii Alba Iulia (etajul 1).<\/p>\n\n\n\n<p>Evenimentul, organizat de Muzeul Na\u021bional al Unirii Alba Iulia cu sprijinul Consiliului Jude\u021bean Alba, va fi transmis live pe pagina de Facebook a muzeului.<\/p>\n\n\n\n<p>Prezentarea va fi sus\u021binut\u0103 de dr. Radu Ota \u0219i dr. Sidonia P. Olea, care vor oferi perspective istorico\u2011artistice \u0219i tehnice asupra piesei \u0219i interven\u021biei de restaurare.<\/p>\n\n\n\n<figure class=\"wp-block-image size-large\"><img loading=\"lazy\" decoding=\"async\" width=\"904\" height=\"1280\" src=\"https:\/\/urbeamea.ro\/albaiulia\/wp-content\/uploads\/2026\/04\/FB_IMG_1775387372995-904x1280.jpg\" alt=\"\" class=\"wp-image-121846\" srcset=\"https:\/\/urbeamea.ro\/albaiulia\/wp-content\/uploads\/2026\/04\/FB_IMG_1775387372995-904x1280.jpg 904w, https:\/\/urbeamea.ro\/albaiulia\/wp-content\/uploads\/2026\/04\/FB_IMG_1775387372995-452x640.jpg 452w, https:\/\/urbeamea.ro\/albaiulia\/wp-content\/uploads\/2026\/04\/FB_IMG_1775387372995-106x150.jpg 106w, https:\/\/urbeamea.ro\/albaiulia\/wp-content\/uploads\/2026\/04\/FB_IMG_1775387372995-768x1088.jpg 768w, https:\/\/urbeamea.ro\/albaiulia\/wp-content\/uploads\/2026\/04\/FB_IMG_1775387372995-1085x1536.jpg 1085w, https:\/\/urbeamea.ro\/albaiulia\/wp-content\/uploads\/2026\/04\/FB_IMG_1775387372995.jpg 1446w\" sizes=\"auto, (max-width: 904px) 100vw, 904px\" \/><\/figure>\n","protected":false},"excerpt":{"rendered":"<p>Muzeul Na\u021bional al Unirii Alba Iulia \u0219i Consiliul Jude\u021bean Alba invit\u0103 publicul \u0219i mediul academic la vernisajul unei piese excep\u021bionale din colec\u021bia muzeal\u0103 \u2014 statuia\u2011cult a zei\u021bei s\u0103n\u0103t\u0103\u021bii, Hygieia, restaurat\u0103 recent \u0219i prezentat\u0103 \u00eentr\u2011un context dedicat valorific\u0103rii patrimoniului roman provincial. Descoperit\u0103 \u00een 1899 de Adalbert Cserni, \u00een fostul glacis al cet\u0103\u021bii bastionare, piesa din marmur\u0103 &hellip;<\/p>\n","protected":false},"author":28,"featured_media":121846,"comment_status":"open","ping_status":"open","sticky":false,"template":"","format":"standard","meta":{"inline_featured_image":false,"footnotes":""},"categories":[23926,2038,4,8857,2034,1,61,16344],"tags":[4269,25052],"class_list":["post-121845","post","type-post","status-publish","format-standard","has-post-thumbnail","hentry","category-actualitate","category-cultura","category-eveniment","category-istorie","category-social","category-stiri-urbane","category-turism","category-urbea-mea","tag-exponatul-lunii-aprilie","tag-muzeul-national-al-unirii-2"],"yoast_head":"<!-- This site is optimized with the Yoast SEO plugin v27.4 - https:\/\/yoast.com\/product\/yoast-seo-wordpress\/ -->\n<title>7 aprilie, ora 11:00 Statuia\u2011cult a zei\u021bei s\u0103n\u0103t\u0103\u021bii, Hygieia, exponatul lunii aprilie la Muzeul Na\u021bional al Unirii Alba Iulia - Revista Urbea Mea - Revista de Alba<\/title>\n<meta name=\"description\" content=\"Muzeul Na\u021bional al Unirii Alba Iulia \u0219i Consiliul Jude\u021bean Alba invit\u0103 publicul \u0219i mediul academic la vernisajul unei piese excep\u021bionale din colec\u021bia\" \/>\n<meta name=\"robots\" content=\"index, follow, max-snippet:-1, max-image-preview:large, max-video-preview:-1\" \/>\n<link rel=\"canonical\" href=\"https:\/\/urbeamea.ro\/albaiulia\/7-aprilie-ora-1100-statuia-cult-a-zeitei-sanatatii-hygieia-exponatul-lunii-aprilie-la-muzeul-national-al-unirii-alba-iulia\/\" \/>\n<meta name=\"twitter:card\" content=\"summary_large_image\" \/>\n<meta name=\"twitter:title\" content=\"7 aprilie, ora 11:00 Statuia\u2011cult a zei\u021bei s\u0103n\u0103t\u0103\u021bii, Hygieia, exponatul lunii aprilie la Muzeul Na\u021bional al Unirii Alba Iulia - Revista Urbea Mea - Revista de Alba\" \/>\n<meta name=\"twitter:description\" content=\"Muzeul Na\u021bional al Unirii Alba Iulia \u0219i Consiliul Jude\u021bean Alba invit\u0103 publicul \u0219i mediul academic la vernisajul unei piese excep\u021bionale din colec\u021bia\" \/>\n<meta name=\"twitter:image\" content=\"https:\/\/urbeamea.ro\/albaiulia\/wp-content\/uploads\/2026\/04\/FB_IMG_1775387372995.jpg\" \/>\n<meta name=\"twitter:creator\" content=\"@urbeameaweb\" \/>\n<meta name=\"twitter:site\" content=\"@urbeameaweb\" \/>\n<script type=\"application\/ld+json\" class=\"yoast-schema-graph\">{\"@context\":\"https:\\\/\\\/schema.org\",\"@graph\":[{\"@type\":\"Article\",\"@id\":\"https:\\\/\\\/urbeamea.ro\\\/albaiulia\\\/7-aprilie-ora-1100-statuia-cult-a-zeitei-sanatatii-hygieia-exponatul-lunii-aprilie-la-muzeul-national-al-unirii-alba-iulia\\\/#article\",\"isPartOf\":{\"@id\":\"https:\\\/\\\/urbeamea.ro\\\/albaiulia\\\/7-aprilie-ora-1100-statuia-cult-a-zeitei-sanatatii-hygieia-exponatul-lunii-aprilie-la-muzeul-national-al-unirii-alba-iulia\\\/\"},\"author\":{\"name\":\"Giurca Sorin\",\"@id\":\"https:\\\/\\\/urbeamea.ro\\\/albaiulia\\\/#\\\/schema\\\/person\\\/5db3854ac38c1cc9f0ab4092d6a20f02\"},\"headline\":\"7 aprilie, ora 11:00 Statuia\u2011cult a zei\u021bei s\u0103n\u0103t\u0103\u021bii, Hygieia, exponatul lunii aprilie la Muzeul Na\u021bional al Unirii Alba Iulia\",\"datePublished\":\"2026-04-05T11:14:38+00:00\",\"dateModified\":\"2026-04-05T11:14:41+00:00\",\"mainEntityOfPage\":{\"@id\":\"https:\\\/\\\/urbeamea.ro\\\/albaiulia\\\/7-aprilie-ora-1100-statuia-cult-a-zeitei-sanatatii-hygieia-exponatul-lunii-aprilie-la-muzeul-national-al-unirii-alba-iulia\\\/\"},\"wordCount\":274,\"commentCount\":0,\"image\":{\"@id\":\"https:\\\/\\\/urbeamea.ro\\\/albaiulia\\\/7-aprilie-ora-1100-statuia-cult-a-zeitei-sanatatii-hygieia-exponatul-lunii-aprilie-la-muzeul-national-al-unirii-alba-iulia\\\/#primaryimage\"},\"thumbnailUrl\":\"https:\\\/\\\/urbeamea.ro\\\/albaiulia\\\/wp-content\\\/uploads\\\/2026\\\/04\\\/FB_IMG_1775387372995.jpg\",\"keywords\":[\"exponatul lunii aprilie\",\"Muzeul Na\u021bional al Unirii\"],\"articleSection\":[\"Actualitate\",\"Cultur\u0103\",\"Evenimente\",\"Istorie\",\"Social\",\"\u015etiri Urbane\",\"Turism \u0219i Ghidaj turistic\",\"Urbea Mea\"],\"inLanguage\":\"ro-RO\",\"potentialAction\":[{\"@type\":\"CommentAction\",\"name\":\"Comment\",\"target\":[\"https:\\\/\\\/urbeamea.ro\\\/albaiulia\\\/7-aprilie-ora-1100-statuia-cult-a-zeitei-sanatatii-hygieia-exponatul-lunii-aprilie-la-muzeul-national-al-unirii-alba-iulia\\\/#respond\"]}]},{\"@type\":\"WebPage\",\"@id\":\"https:\\\/\\\/urbeamea.ro\\\/albaiulia\\\/7-aprilie-ora-1100-statuia-cult-a-zeitei-sanatatii-hygieia-exponatul-lunii-aprilie-la-muzeul-national-al-unirii-alba-iulia\\\/\",\"url\":\"https:\\\/\\\/urbeamea.ro\\\/albaiulia\\\/7-aprilie-ora-1100-statuia-cult-a-zeitei-sanatatii-hygieia-exponatul-lunii-aprilie-la-muzeul-national-al-unirii-alba-iulia\\\/\",\"name\":\"7 aprilie, ora 11:00 Statuia\u2011cult a zei\u021bei s\u0103n\u0103t\u0103\u021bii, Hygieia, exponatul lunii aprilie la Muzeul Na\u021bional al Unirii Alba Iulia - Revista Urbea Mea - Revista de Alba\",\"isPartOf\":{\"@id\":\"https:\\\/\\\/urbeamea.ro\\\/albaiulia\\\/#website\"},\"primaryImageOfPage\":{\"@id\":\"https:\\\/\\\/urbeamea.ro\\\/albaiulia\\\/7-aprilie-ora-1100-statuia-cult-a-zeitei-sanatatii-hygieia-exponatul-lunii-aprilie-la-muzeul-national-al-unirii-alba-iulia\\\/#primaryimage\"},\"image\":{\"@id\":\"https:\\\/\\\/urbeamea.ro\\\/albaiulia\\\/7-aprilie-ora-1100-statuia-cult-a-zeitei-sanatatii-hygieia-exponatul-lunii-aprilie-la-muzeul-national-al-unirii-alba-iulia\\\/#primaryimage\"},\"thumbnailUrl\":\"https:\\\/\\\/urbeamea.ro\\\/albaiulia\\\/wp-content\\\/uploads\\\/2026\\\/04\\\/FB_IMG_1775387372995.jpg\",\"datePublished\":\"2026-04-05T11:14:38+00:00\",\"dateModified\":\"2026-04-05T11:14:41+00:00\",\"author\":{\"@id\":\"https:\\\/\\\/urbeamea.ro\\\/albaiulia\\\/#\\\/schema\\\/person\\\/5db3854ac38c1cc9f0ab4092d6a20f02\"},\"description\":\"Muzeul Na\u021bional al Unirii Alba Iulia \u0219i Consiliul Jude\u021bean Alba invit\u0103 publicul \u0219i mediul academic la vernisajul unei piese excep\u021bionale din colec\u021bia\",\"breadcrumb\":{\"@id\":\"https:\\\/\\\/urbeamea.ro\\\/albaiulia\\\/7-aprilie-ora-1100-statuia-cult-a-zeitei-sanatatii-hygieia-exponatul-lunii-aprilie-la-muzeul-national-al-unirii-alba-iulia\\\/#breadcrumb\"},\"inLanguage\":\"ro-RO\",\"potentialAction\":[{\"@type\":\"ReadAction\",\"target\":[\"https:\\\/\\\/urbeamea.ro\\\/albaiulia\\\/7-aprilie-ora-1100-statuia-cult-a-zeitei-sanatatii-hygieia-exponatul-lunii-aprilie-la-muzeul-national-al-unirii-alba-iulia\\\/\"]}]},{\"@type\":\"ImageObject\",\"inLanguage\":\"ro-RO\",\"@id\":\"https:\\\/\\\/urbeamea.ro\\\/albaiulia\\\/7-aprilie-ora-1100-statuia-cult-a-zeitei-sanatatii-hygieia-exponatul-lunii-aprilie-la-muzeul-national-al-unirii-alba-iulia\\\/#primaryimage\",\"url\":\"https:\\\/\\\/urbeamea.ro\\\/albaiulia\\\/wp-content\\\/uploads\\\/2026\\\/04\\\/FB_IMG_1775387372995.jpg\",\"contentUrl\":\"https:\\\/\\\/urbeamea.ro\\\/albaiulia\\\/wp-content\\\/uploads\\\/2026\\\/04\\\/FB_IMG_1775387372995.jpg\",\"width\":1446,\"height\":2048},{\"@type\":\"BreadcrumbList\",\"@id\":\"https:\\\/\\\/urbeamea.ro\\\/albaiulia\\\/7-aprilie-ora-1100-statuia-cult-a-zeitei-sanatatii-hygieia-exponatul-lunii-aprilie-la-muzeul-national-al-unirii-alba-iulia\\\/#breadcrumb\",\"itemListElement\":[{\"@type\":\"ListItem\",\"position\":1,\"name\":\"Prima pagin\u0103\",\"item\":\"https:\\\/\\\/urbeamea.ro\\\/albaiulia\\\/\"},{\"@type\":\"ListItem\",\"position\":2,\"name\":\"7 aprilie, ora 11:00 Statuia\u2011cult a zei\u021bei s\u0103n\u0103t\u0103\u021bii, Hygieia, exponatul lunii aprilie la Muzeul Na\u021bional al Unirii Alba Iulia\"}]},{\"@type\":\"WebSite\",\"@id\":\"https:\\\/\\\/urbeamea.ro\\\/albaiulia\\\/#website\",\"url\":\"https:\\\/\\\/urbeamea.ro\\\/albaiulia\\\/\",\"name\":\"Revista Urbea Mea, Stiri urbane\",\"description\":\"Evenimente \u0219i \u0219tiri din Alba Iulia, Sebe\u0219, Aiud, Blaj\",\"potentialAction\":[{\"@type\":\"SearchAction\",\"target\":{\"@type\":\"EntryPoint\",\"urlTemplate\":\"https:\\\/\\\/urbeamea.ro\\\/albaiulia\\\/?s={search_term_string}\"},\"query-input\":{\"@type\":\"PropertyValueSpecification\",\"valueRequired\":true,\"valueName\":\"search_term_string\"}}],\"inLanguage\":\"ro-RO\"},{\"@type\":\"Person\",\"@id\":\"https:\\\/\\\/urbeamea.ro\\\/albaiulia\\\/#\\\/schema\\\/person\\\/5db3854ac38c1cc9f0ab4092d6a20f02\",\"name\":\"Giurca Sorin\",\"image\":{\"@type\":\"ImageObject\",\"inLanguage\":\"ro-RO\",\"@id\":\"https:\\\/\\\/secure.gravatar.com\\\/avatar\\\/120f6fcae7b3b47a7730cb9943f612f4909f68ac5284b5f40ac1c4615fd70576?s=96&d=mm&r=g\",\"url\":\"https:\\\/\\\/secure.gravatar.com\\\/avatar\\\/120f6fcae7b3b47a7730cb9943f612f4909f68ac5284b5f40ac1c4615fd70576?s=96&d=mm&r=g\",\"contentUrl\":\"https:\\\/\\\/secure.gravatar.com\\\/avatar\\\/120f6fcae7b3b47a7730cb9943f612f4909f68ac5284b5f40ac1c4615fd70576?s=96&d=mm&r=g\",\"caption\":\"Giurca Sorin\"},\"url\":\"https:\\\/\\\/urbeamea.ro\\\/albaiulia\\\/author\\\/sorin\\\/\"}]}<\/script>\n<!-- \/ Yoast SEO plugin. -->","yoast_head_json":{"title":"7 aprilie, ora 11:00 Statuia\u2011cult a zei\u021bei s\u0103n\u0103t\u0103\u021bii, Hygieia, exponatul lunii aprilie la Muzeul Na\u021bional al Unirii Alba Iulia - Revista Urbea Mea - Revista de Alba","description":"Muzeul Na\u021bional al Unirii Alba Iulia \u0219i Consiliul Jude\u021bean Alba invit\u0103 publicul \u0219i mediul academic la vernisajul unei piese excep\u021bionale din colec\u021bia","robots":{"index":"index","follow":"follow","max-snippet":"max-snippet:-1","max-image-preview":"max-image-preview:large","max-video-preview":"max-video-preview:-1"},"canonical":"https:\/\/urbeamea.ro\/albaiulia\/7-aprilie-ora-1100-statuia-cult-a-zeitei-sanatatii-hygieia-exponatul-lunii-aprilie-la-muzeul-national-al-unirii-alba-iulia\/","twitter_card":"summary_large_image","twitter_title":"7 aprilie, ora 11:00 Statuia\u2011cult a zei\u021bei s\u0103n\u0103t\u0103\u021bii, Hygieia, exponatul lunii aprilie la Muzeul Na\u021bional al Unirii Alba Iulia - Revista Urbea Mea - Revista de Alba","twitter_description":"Muzeul Na\u021bional al Unirii Alba Iulia \u0219i Consiliul Jude\u021bean Alba invit\u0103 publicul \u0219i mediul academic la vernisajul unei piese excep\u021bionale din colec\u021bia","twitter_image":"https:\/\/urbeamea.ro\/albaiulia\/wp-content\/uploads\/2026\/04\/FB_IMG_1775387372995.jpg","twitter_creator":"@urbeameaweb","twitter_site":"@urbeameaweb","schema":{"@context":"https:\/\/schema.org","@graph":[{"@type":"Article","@id":"https:\/\/urbeamea.ro\/albaiulia\/7-aprilie-ora-1100-statuia-cult-a-zeitei-sanatatii-hygieia-exponatul-lunii-aprilie-la-muzeul-national-al-unirii-alba-iulia\/#article","isPartOf":{"@id":"https:\/\/urbeamea.ro\/albaiulia\/7-aprilie-ora-1100-statuia-cult-a-zeitei-sanatatii-hygieia-exponatul-lunii-aprilie-la-muzeul-national-al-unirii-alba-iulia\/"},"author":{"name":"Giurca Sorin","@id":"https:\/\/urbeamea.ro\/albaiulia\/#\/schema\/person\/5db3854ac38c1cc9f0ab4092d6a20f02"},"headline":"7 aprilie, ora 11:00 Statuia\u2011cult a zei\u021bei s\u0103n\u0103t\u0103\u021bii, Hygieia, exponatul lunii aprilie la Muzeul Na\u021bional al Unirii Alba Iulia","datePublished":"2026-04-05T11:14:38+00:00","dateModified":"2026-04-05T11:14:41+00:00","mainEntityOfPage":{"@id":"https:\/\/urbeamea.ro\/albaiulia\/7-aprilie-ora-1100-statuia-cult-a-zeitei-sanatatii-hygieia-exponatul-lunii-aprilie-la-muzeul-national-al-unirii-alba-iulia\/"},"wordCount":274,"commentCount":0,"image":{"@id":"https:\/\/urbeamea.ro\/albaiulia\/7-aprilie-ora-1100-statuia-cult-a-zeitei-sanatatii-hygieia-exponatul-lunii-aprilie-la-muzeul-national-al-unirii-alba-iulia\/#primaryimage"},"thumbnailUrl":"https:\/\/urbeamea.ro\/albaiulia\/wp-content\/uploads\/2026\/04\/FB_IMG_1775387372995.jpg","keywords":["exponatul lunii aprilie","Muzeul Na\u021bional al Unirii"],"articleSection":["Actualitate","Cultur\u0103","Evenimente","Istorie","Social","\u015etiri Urbane","Turism \u0219i Ghidaj turistic","Urbea Mea"],"inLanguage":"ro-RO","potentialAction":[{"@type":"CommentAction","name":"Comment","target":["https:\/\/urbeamea.ro\/albaiulia\/7-aprilie-ora-1100-statuia-cult-a-zeitei-sanatatii-hygieia-exponatul-lunii-aprilie-la-muzeul-national-al-unirii-alba-iulia\/#respond"]}]},{"@type":"WebPage","@id":"https:\/\/urbeamea.ro\/albaiulia\/7-aprilie-ora-1100-statuia-cult-a-zeitei-sanatatii-hygieia-exponatul-lunii-aprilie-la-muzeul-national-al-unirii-alba-iulia\/","url":"https:\/\/urbeamea.ro\/albaiulia\/7-aprilie-ora-1100-statuia-cult-a-zeitei-sanatatii-hygieia-exponatul-lunii-aprilie-la-muzeul-national-al-unirii-alba-iulia\/","name":"7 aprilie, ora 11:00 Statuia\u2011cult a zei\u021bei s\u0103n\u0103t\u0103\u021bii, Hygieia, exponatul lunii aprilie la Muzeul Na\u021bional al Unirii Alba Iulia - Revista Urbea Mea - Revista de Alba","isPartOf":{"@id":"https:\/\/urbeamea.ro\/albaiulia\/#website"},"primaryImageOfPage":{"@id":"https:\/\/urbeamea.ro\/albaiulia\/7-aprilie-ora-1100-statuia-cult-a-zeitei-sanatatii-hygieia-exponatul-lunii-aprilie-la-muzeul-national-al-unirii-alba-iulia\/#primaryimage"},"image":{"@id":"https:\/\/urbeamea.ro\/albaiulia\/7-aprilie-ora-1100-statuia-cult-a-zeitei-sanatatii-hygieia-exponatul-lunii-aprilie-la-muzeul-national-al-unirii-alba-iulia\/#primaryimage"},"thumbnailUrl":"https:\/\/urbeamea.ro\/albaiulia\/wp-content\/uploads\/2026\/04\/FB_IMG_1775387372995.jpg","datePublished":"2026-04-05T11:14:38+00:00","dateModified":"2026-04-05T11:14:41+00:00","author":{"@id":"https:\/\/urbeamea.ro\/albaiulia\/#\/schema\/person\/5db3854ac38c1cc9f0ab4092d6a20f02"},"description":"Muzeul Na\u021bional al Unirii Alba Iulia \u0219i Consiliul Jude\u021bean Alba invit\u0103 publicul \u0219i mediul academic la vernisajul unei piese excep\u021bionale din colec\u021bia","breadcrumb":{"@id":"https:\/\/urbeamea.ro\/albaiulia\/7-aprilie-ora-1100-statuia-cult-a-zeitei-sanatatii-hygieia-exponatul-lunii-aprilie-la-muzeul-national-al-unirii-alba-iulia\/#breadcrumb"},"inLanguage":"ro-RO","potentialAction":[{"@type":"ReadAction","target":["https:\/\/urbeamea.ro\/albaiulia\/7-aprilie-ora-1100-statuia-cult-a-zeitei-sanatatii-hygieia-exponatul-lunii-aprilie-la-muzeul-national-al-unirii-alba-iulia\/"]}]},{"@type":"ImageObject","inLanguage":"ro-RO","@id":"https:\/\/urbeamea.ro\/albaiulia\/7-aprilie-ora-1100-statuia-cult-a-zeitei-sanatatii-hygieia-exponatul-lunii-aprilie-la-muzeul-national-al-unirii-alba-iulia\/#primaryimage","url":"https:\/\/urbeamea.ro\/albaiulia\/wp-content\/uploads\/2026\/04\/FB_IMG_1775387372995.jpg","contentUrl":"https:\/\/urbeamea.ro\/albaiulia\/wp-content\/uploads\/2026\/04\/FB_IMG_1775387372995.jpg","width":1446,"height":2048},{"@type":"BreadcrumbList","@id":"https:\/\/urbeamea.ro\/albaiulia\/7-aprilie-ora-1100-statuia-cult-a-zeitei-sanatatii-hygieia-exponatul-lunii-aprilie-la-muzeul-national-al-unirii-alba-iulia\/#breadcrumb","itemListElement":[{"@type":"ListItem","position":1,"name":"Prima pagin\u0103","item":"https:\/\/urbeamea.ro\/albaiulia\/"},{"@type":"ListItem","position":2,"name":"7 aprilie, ora 11:00 Statuia\u2011cult a zei\u021bei s\u0103n\u0103t\u0103\u021bii, Hygieia, exponatul lunii aprilie la Muzeul Na\u021bional al Unirii Alba Iulia"}]},{"@type":"WebSite","@id":"https:\/\/urbeamea.ro\/albaiulia\/#website","url":"https:\/\/urbeamea.ro\/albaiulia\/","name":"Revista Urbea Mea, Stiri urbane","description":"Evenimente \u0219i \u0219tiri din Alba Iulia, Sebe\u0219, Aiud, Blaj","potentialAction":[{"@type":"SearchAction","target":{"@type":"EntryPoint","urlTemplate":"https:\/\/urbeamea.ro\/albaiulia\/?s={search_term_string}"},"query-input":{"@type":"PropertyValueSpecification","valueRequired":true,"valueName":"search_term_string"}}],"inLanguage":"ro-RO"},{"@type":"Person","@id":"https:\/\/urbeamea.ro\/albaiulia\/#\/schema\/person\/5db3854ac38c1cc9f0ab4092d6a20f02","name":"Giurca Sorin","image":{"@type":"ImageObject","inLanguage":"ro-RO","@id":"https:\/\/secure.gravatar.com\/avatar\/120f6fcae7b3b47a7730cb9943f612f4909f68ac5284b5f40ac1c4615fd70576?s=96&d=mm&r=g","url":"https:\/\/secure.gravatar.com\/avatar\/120f6fcae7b3b47a7730cb9943f612f4909f68ac5284b5f40ac1c4615fd70576?s=96&d=mm&r=g","contentUrl":"https:\/\/secure.gravatar.com\/avatar\/120f6fcae7b3b47a7730cb9943f612f4909f68ac5284b5f40ac1c4615fd70576?s=96&d=mm&r=g","caption":"Giurca Sorin"},"url":"https:\/\/urbeamea.ro\/albaiulia\/author\/sorin\/"}]}},"_links":{"self":[{"href":"https:\/\/urbeamea.ro\/albaiulia\/wp-json\/wp\/v2\/posts\/121845","targetHints":{"allow":["GET"]}}],"collection":[{"href":"https:\/\/urbeamea.ro\/albaiulia\/wp-json\/wp\/v2\/posts"}],"about":[{"href":"https:\/\/urbeamea.ro\/albaiulia\/wp-json\/wp\/v2\/types\/post"}],"author":[{"embeddable":true,"href":"https:\/\/urbeamea.ro\/albaiulia\/wp-json\/wp\/v2\/users\/28"}],"replies":[{"embeddable":true,"href":"https:\/\/urbeamea.ro\/albaiulia\/wp-json\/wp\/v2\/comments?post=121845"}],"version-history":[{"count":1,"href":"https:\/\/urbeamea.ro\/albaiulia\/wp-json\/wp\/v2\/posts\/121845\/revisions"}],"predecessor-version":[{"id":121847,"href":"https:\/\/urbeamea.ro\/albaiulia\/wp-json\/wp\/v2\/posts\/121845\/revisions\/121847"}],"wp:featuredmedia":[{"embeddable":true,"href":"https:\/\/urbeamea.ro\/albaiulia\/wp-json\/wp\/v2\/media\/121846"}],"wp:attachment":[{"href":"https:\/\/urbeamea.ro\/albaiulia\/wp-json\/wp\/v2\/media?parent=121845"}],"wp:term":[{"taxonomy":"category","embeddable":true,"href":"https:\/\/urbeamea.ro\/albaiulia\/wp-json\/wp\/v2\/categories?post=121845"},{"taxonomy":"post_tag","embeddable":true,"href":"https:\/\/urbeamea.ro\/albaiulia\/wp-json\/wp\/v2\/tags?post=121845"}],"curies":[{"name":"wp","href":"https:\/\/api.w.org\/{rel}","templated":true}]}}