{"id":121848,"date":"2026-04-05T14:35:42","date_gmt":"2026-04-05T11:35:42","guid":{"rendered":"https:\/\/urbeamea.ro\/albaiulia\/?p=121848"},"modified":"2026-04-05T14:35:45","modified_gmt":"2026-04-05T11:35:45","slug":"duminica-ora-1900-volei-alba-blaj-dinamo-bucuresti-in-finala-cupei-romaniei-meciul-se-disputata-in-alba-blaj-arena","status":"publish","type":"post","link":"https:\/\/urbeamea.ro\/albaiulia\/duminica-ora-1900-volei-alba-blaj-dinamo-bucuresti-in-finala-cupei-romaniei-meciul-se-disputata-in-alba-blaj-arena\/","title":{"rendered":"Duminic\u0103, ora 19:00 Volei Alba Blaj \u2013 Dinamo Bucure\u0219ti, \u00een finala Cupei Rom\u00e2niei. Meciul se disputat\u0103 \u00een &#8222;Alba Blaj Arena&#8221;"},"content":{"rendered":"\n<p><strong>Volei Alba Blaj va \u00eent\u00e2lni duminic\u0103, 5 aprilie, cu \u00eencepere de la ora 19:00, \u00een \u201eAlba Blaj Arena\u201d, forma\u021bia Dinamo Bucure\u0219ti, \u00een finala Cupei Rom\u00e2niei la volei feminin.<\/strong><\/p>\n\n\n\n<p>Meciul va fi transmis pe TVR Sport.<\/p>\n\n\n\n<p>Forma\u021bia gazd\u0103 \u00eencearc\u0103 s\u0103-\u0219i p\u0103streze trofeul pus \u00een joc (anul trecut a \u00eenvins-o \u00een final\u0103 pe CSO Voluntari cu 3-1) \u00een fa\u021ba uneia dintre cele dou\u0103 forma\u021bii care au \u00eenvins-o \u00een acest sezon.<\/p>\n\n\n\n<p>Dinamo a c\u00e2\u0219tigat cu scorul de 3-1 meciul de pe teren propriu, din returul Diviziei A1, \u00een ianuarie \u0219i de aceea prive\u0219te cu \u00eencredere la cucerirea primului trofeu din 2012.<\/p>\n\n\n\n<p>Atunci, bucure\u0219tencele au cucerit tot Cupa Rom\u00e2niei.<\/p>\n\n\n\n<p>Pentru a ajunge \u00een final\u0103, cele cele dou\u0103 forma\u021bii au trecut cu c\u00e2te dou\u0103 victorii de adversarele din semifinale.<\/p>\n\n\n\n<p>Volei Alba Blaj cu 3-2 \u0219i 3-1 de CSO Voluntari, iar Dinamo cu 3-0 \u0219i 3-1 de CSM Bucure\u0219ti.<\/p>\n\n\n\n<figure class=\"wp-block-image size-large\"><img loading=\"lazy\" decoding=\"async\" width=\"1024\" height=\"1280\" src=\"https:\/\/urbeamea.ro\/albaiulia\/wp-content\/uploads\/2026\/04\/FB_IMG_1775388090088-1024x1280.jpg\" alt=\"\" class=\"wp-image-121849\" srcset=\"https:\/\/urbeamea.ro\/albaiulia\/wp-content\/uploads\/2026\/04\/FB_IMG_1775388090088-1024x1280.jpg 1024w, https:\/\/urbeamea.ro\/albaiulia\/wp-content\/uploads\/2026\/04\/FB_IMG_1775388090088-512x640.jpg 512w, https:\/\/urbeamea.ro\/albaiulia\/wp-content\/uploads\/2026\/04\/FB_IMG_1775388090088-120x150.jpg 120w, https:\/\/urbeamea.ro\/albaiulia\/wp-content\/uploads\/2026\/04\/FB_IMG_1775388090088-768x960.jpg 768w, https:\/\/urbeamea.ro\/albaiulia\/wp-content\/uploads\/2026\/04\/FB_IMG_1775388090088-1229x1536.jpg 1229w, https:\/\/urbeamea.ro\/albaiulia\/wp-content\/uploads\/2026\/04\/FB_IMG_1775388090088.jpg 1638w\" sizes=\"auto, (max-width: 1024px) 100vw, 1024px\" \/><\/figure>\n\n\n\n<p><\/p>\n","protected":false},"excerpt":{"rendered":"<p>Volei Alba Blaj va \u00eent\u00e2lni duminic\u0103, 5 aprilie, cu \u00eencepere de la ora 19:00, \u00een \u201eAlba Blaj Arena\u201d, forma\u021bia Dinamo Bucure\u0219ti, \u00een finala Cupei Rom\u00e2niei la volei feminin. Meciul va fi transmis pe TVR Sport. Forma\u021bia gazd\u0103 \u00eencearc\u0103 s\u0103-\u0219i p\u0103streze trofeul pus \u00een joc (anul trecut a \u00eenvins-o \u00een final\u0103 pe CSO Voluntari cu 3-1) &hellip;<\/p>\n","protected":false},"author":28,"featured_media":121849,"comment_status":"open","ping_status":"open","sticky":false,"template":"","format":"standard","meta":{"inline_featured_image":false,"footnotes":""},"categories":[23926,4,2037,1,16344],"tags":[25266,24970],"class_list":["post-121848","post","type-post","status-publish","format-standard","has-post-thumbnail","hentry","category-actualitate","category-eveniment","category-sport","category-stiri-urbane","category-urbea-mea","tag-cupa-romaniei-2","tag-volei-alba-blaj"],"yoast_head":"<!-- This site is optimized with the Yoast SEO plugin v27.4 - https:\/\/yoast.com\/product\/yoast-seo-wordpress\/ -->\n<title>Duminic\u0103, ora 19:00 Volei Alba Blaj \u2013 Dinamo Bucure\u0219ti, \u00een finala Cupei Rom\u00e2niei. Meciul se disputat\u0103 \u00een &quot;Alba Blaj Arena&quot; - Revista Urbea Mea - Revista de Alba<\/title>\n<meta name=\"description\" content=\"Volei Alba Blaj va \u00eent\u00e2lni duminic\u0103, 5 aprilie, cu \u00eencepere de la ora 19:00, \u00een \u201eAlba Blaj Arena\u201d, forma\u021bia Dinamo Bucure\u0219ti, \u00een finala Cupei Rom\u00e2niei la\" \/>\n<meta name=\"robots\" content=\"index, follow, max-snippet:-1, max-image-preview:large, max-video-preview:-1\" \/>\n<link rel=\"canonical\" href=\"https:\/\/urbeamea.ro\/albaiulia\/duminica-ora-1900-volei-alba-blaj-dinamo-bucuresti-in-finala-cupei-romaniei-meciul-se-disputata-in-alba-blaj-arena\/\" \/>\n<meta name=\"twitter:card\" content=\"summary_large_image\" \/>\n<meta name=\"twitter:title\" content=\"Duminic\u0103, ora 19:00 Volei Alba Blaj \u2013 Dinamo Bucure\u0219ti, \u00een finala Cupei Rom\u00e2niei. Meciul se disputat\u0103 \u00een &quot;Alba Blaj Arena&quot; - Revista Urbea Mea - Revista de Alba\" \/>\n<meta name=\"twitter:description\" content=\"Volei Alba Blaj va \u00eent\u00e2lni duminic\u0103, 5 aprilie, cu \u00eencepere de la ora 19:00, \u00een \u201eAlba Blaj Arena\u201d, forma\u021bia Dinamo Bucure\u0219ti, \u00een finala Cupei Rom\u00e2niei la\" \/>\n<meta name=\"twitter:image\" content=\"https:\/\/urbeamea.ro\/albaiulia\/wp-content\/uploads\/2026\/04\/FB_IMG_1775388090088.jpg\" \/>\n<meta name=\"twitter:creator\" content=\"@urbeameaweb\" \/>\n<meta name=\"twitter:site\" content=\"@urbeameaweb\" \/>\n<script type=\"application\/ld+json\" class=\"yoast-schema-graph\">{\"@context\":\"https:\\\/\\\/schema.org\",\"@graph\":[{\"@type\":\"Article\",\"@id\":\"https:\\\/\\\/urbeamea.ro\\\/albaiulia\\\/duminica-ora-1900-volei-alba-blaj-dinamo-bucuresti-in-finala-cupei-romaniei-meciul-se-disputata-in-alba-blaj-arena\\\/#article\",\"isPartOf\":{\"@id\":\"https:\\\/\\\/urbeamea.ro\\\/albaiulia\\\/duminica-ora-1900-volei-alba-blaj-dinamo-bucuresti-in-finala-cupei-romaniei-meciul-se-disputata-in-alba-blaj-arena\\\/\"},\"author\":{\"name\":\"Giurca Sorin\",\"@id\":\"https:\\\/\\\/urbeamea.ro\\\/albaiulia\\\/#\\\/schema\\\/person\\\/5db3854ac38c1cc9f0ab4092d6a20f02\"},\"headline\":\"Duminic\u0103, ora 19:00 Volei Alba Blaj \u2013 Dinamo Bucure\u0219ti, \u00een finala Cupei Rom\u00e2niei. Meciul se disputat\u0103 \u00een &#8222;Alba Blaj Arena&#8221;\",\"datePublished\":\"2026-04-05T11:35:42+00:00\",\"dateModified\":\"2026-04-05T11:35:45+00:00\",\"mainEntityOfPage\":{\"@id\":\"https:\\\/\\\/urbeamea.ro\\\/albaiulia\\\/duminica-ora-1900-volei-alba-blaj-dinamo-bucuresti-in-finala-cupei-romaniei-meciul-se-disputata-in-alba-blaj-arena\\\/\"},\"wordCount\":177,\"commentCount\":0,\"image\":{\"@id\":\"https:\\\/\\\/urbeamea.ro\\\/albaiulia\\\/duminica-ora-1900-volei-alba-blaj-dinamo-bucuresti-in-finala-cupei-romaniei-meciul-se-disputata-in-alba-blaj-arena\\\/#primaryimage\"},\"thumbnailUrl\":\"https:\\\/\\\/urbeamea.ro\\\/albaiulia\\\/wp-content\\\/uploads\\\/2026\\\/04\\\/FB_IMG_1775388090088.jpg\",\"keywords\":[\"Cupa Rom\u00e2niei\",\"volei alba blaj\"],\"articleSection\":[\"Actualitate\",\"Evenimente\",\"Sport\",\"\u015etiri Urbane\",\"Urbea Mea\"],\"inLanguage\":\"ro-RO\",\"potentialAction\":[{\"@type\":\"CommentAction\",\"name\":\"Comment\",\"target\":[\"https:\\\/\\\/urbeamea.ro\\\/albaiulia\\\/duminica-ora-1900-volei-alba-blaj-dinamo-bucuresti-in-finala-cupei-romaniei-meciul-se-disputata-in-alba-blaj-arena\\\/#respond\"]}]},{\"@type\":\"WebPage\",\"@id\":\"https:\\\/\\\/urbeamea.ro\\\/albaiulia\\\/duminica-ora-1900-volei-alba-blaj-dinamo-bucuresti-in-finala-cupei-romaniei-meciul-se-disputata-in-alba-blaj-arena\\\/\",\"url\":\"https:\\\/\\\/urbeamea.ro\\\/albaiulia\\\/duminica-ora-1900-volei-alba-blaj-dinamo-bucuresti-in-finala-cupei-romaniei-meciul-se-disputata-in-alba-blaj-arena\\\/\",\"name\":\"Duminic\u0103, ora 19:00 Volei Alba Blaj \u2013 Dinamo Bucure\u0219ti, \u00een finala Cupei Rom\u00e2niei. Meciul se disputat\u0103 \u00een \\\"Alba Blaj Arena\\\" - Revista Urbea Mea - Revista de Alba\",\"isPartOf\":{\"@id\":\"https:\\\/\\\/urbeamea.ro\\\/albaiulia\\\/#website\"},\"primaryImageOfPage\":{\"@id\":\"https:\\\/\\\/urbeamea.ro\\\/albaiulia\\\/duminica-ora-1900-volei-alba-blaj-dinamo-bucuresti-in-finala-cupei-romaniei-meciul-se-disputata-in-alba-blaj-arena\\\/#primaryimage\"},\"image\":{\"@id\":\"https:\\\/\\\/urbeamea.ro\\\/albaiulia\\\/duminica-ora-1900-volei-alba-blaj-dinamo-bucuresti-in-finala-cupei-romaniei-meciul-se-disputata-in-alba-blaj-arena\\\/#primaryimage\"},\"thumbnailUrl\":\"https:\\\/\\\/urbeamea.ro\\\/albaiulia\\\/wp-content\\\/uploads\\\/2026\\\/04\\\/FB_IMG_1775388090088.jpg\",\"datePublished\":\"2026-04-05T11:35:42+00:00\",\"dateModified\":\"2026-04-05T11:35:45+00:00\",\"author\":{\"@id\":\"https:\\\/\\\/urbeamea.ro\\\/albaiulia\\\/#\\\/schema\\\/person\\\/5db3854ac38c1cc9f0ab4092d6a20f02\"},\"description\":\"Volei Alba Blaj va \u00eent\u00e2lni duminic\u0103, 5 aprilie, cu \u00eencepere de la ora 19:00, \u00een \u201eAlba Blaj Arena\u201d, forma\u021bia Dinamo Bucure\u0219ti, \u00een finala Cupei Rom\u00e2niei la\",\"breadcrumb\":{\"@id\":\"https:\\\/\\\/urbeamea.ro\\\/albaiulia\\\/duminica-ora-1900-volei-alba-blaj-dinamo-bucuresti-in-finala-cupei-romaniei-meciul-se-disputata-in-alba-blaj-arena\\\/#breadcrumb\"},\"inLanguage\":\"ro-RO\",\"potentialAction\":[{\"@type\":\"ReadAction\",\"target\":[\"https:\\\/\\\/urbeamea.ro\\\/albaiulia\\\/duminica-ora-1900-volei-alba-blaj-dinamo-bucuresti-in-finala-cupei-romaniei-meciul-se-disputata-in-alba-blaj-arena\\\/\"]}]},{\"@type\":\"ImageObject\",\"inLanguage\":\"ro-RO\",\"@id\":\"https:\\\/\\\/urbeamea.ro\\\/albaiulia\\\/duminica-ora-1900-volei-alba-blaj-dinamo-bucuresti-in-finala-cupei-romaniei-meciul-se-disputata-in-alba-blaj-arena\\\/#primaryimage\",\"url\":\"https:\\\/\\\/urbeamea.ro\\\/albaiulia\\\/wp-content\\\/uploads\\\/2026\\\/04\\\/FB_IMG_1775388090088.jpg\",\"contentUrl\":\"https:\\\/\\\/urbeamea.ro\\\/albaiulia\\\/wp-content\\\/uploads\\\/2026\\\/04\\\/FB_IMG_1775388090088.jpg\",\"width\":1638,\"height\":2048},{\"@type\":\"BreadcrumbList\",\"@id\":\"https:\\\/\\\/urbeamea.ro\\\/albaiulia\\\/duminica-ora-1900-volei-alba-blaj-dinamo-bucuresti-in-finala-cupei-romaniei-meciul-se-disputata-in-alba-blaj-arena\\\/#breadcrumb\",\"itemListElement\":[{\"@type\":\"ListItem\",\"position\":1,\"name\":\"Prima pagin\u0103\",\"item\":\"https:\\\/\\\/urbeamea.ro\\\/albaiulia\\\/\"},{\"@type\":\"ListItem\",\"position\":2,\"name\":\"Duminic\u0103, ora 19:00 Volei Alba Blaj \u2013 Dinamo Bucure\u0219ti, \u00een finala Cupei Rom\u00e2niei. Meciul se disputat\u0103 \u00een &#8222;Alba Blaj Arena&#8221;\"}]},{\"@type\":\"WebSite\",\"@id\":\"https:\\\/\\\/urbeamea.ro\\\/albaiulia\\\/#website\",\"url\":\"https:\\\/\\\/urbeamea.ro\\\/albaiulia\\\/\",\"name\":\"Revista Urbea Mea, Stiri urbane\",\"description\":\"Evenimente \u0219i \u0219tiri din Alba Iulia, Sebe\u0219, Aiud, Blaj\",\"potentialAction\":[{\"@type\":\"SearchAction\",\"target\":{\"@type\":\"EntryPoint\",\"urlTemplate\":\"https:\\\/\\\/urbeamea.ro\\\/albaiulia\\\/?s={search_term_string}\"},\"query-input\":{\"@type\":\"PropertyValueSpecification\",\"valueRequired\":true,\"valueName\":\"search_term_string\"}}],\"inLanguage\":\"ro-RO\"},{\"@type\":\"Person\",\"@id\":\"https:\\\/\\\/urbeamea.ro\\\/albaiulia\\\/#\\\/schema\\\/person\\\/5db3854ac38c1cc9f0ab4092d6a20f02\",\"name\":\"Giurca Sorin\",\"image\":{\"@type\":\"ImageObject\",\"inLanguage\":\"ro-RO\",\"@id\":\"https:\\\/\\\/secure.gravatar.com\\\/avatar\\\/120f6fcae7b3b47a7730cb9943f612f4909f68ac5284b5f40ac1c4615fd70576?s=96&d=mm&r=g\",\"url\":\"https:\\\/\\\/secure.gravatar.com\\\/avatar\\\/120f6fcae7b3b47a7730cb9943f612f4909f68ac5284b5f40ac1c4615fd70576?s=96&d=mm&r=g\",\"contentUrl\":\"https:\\\/\\\/secure.gravatar.com\\\/avatar\\\/120f6fcae7b3b47a7730cb9943f612f4909f68ac5284b5f40ac1c4615fd70576?s=96&d=mm&r=g\",\"caption\":\"Giurca Sorin\"},\"url\":\"https:\\\/\\\/urbeamea.ro\\\/albaiulia\\\/author\\\/sorin\\\/\"}]}<\/script>\n<!-- \/ Yoast SEO plugin. -->","yoast_head_json":{"title":"Duminic\u0103, ora 19:00 Volei Alba Blaj \u2013 Dinamo Bucure\u0219ti, \u00een finala Cupei Rom\u00e2niei. Meciul se disputat\u0103 \u00een \"Alba Blaj Arena\" - Revista Urbea Mea - Revista de Alba","description":"Volei Alba Blaj va \u00eent\u00e2lni duminic\u0103, 5 aprilie, cu \u00eencepere de la ora 19:00, \u00een \u201eAlba Blaj Arena\u201d, forma\u021bia Dinamo Bucure\u0219ti, \u00een finala Cupei Rom\u00e2niei la","robots":{"index":"index","follow":"follow","max-snippet":"max-snippet:-1","max-image-preview":"max-image-preview:large","max-video-preview":"max-video-preview:-1"},"canonical":"https:\/\/urbeamea.ro\/albaiulia\/duminica-ora-1900-volei-alba-blaj-dinamo-bucuresti-in-finala-cupei-romaniei-meciul-se-disputata-in-alba-blaj-arena\/","twitter_card":"summary_large_image","twitter_title":"Duminic\u0103, ora 19:00 Volei Alba Blaj \u2013 Dinamo Bucure\u0219ti, \u00een finala Cupei Rom\u00e2niei. Meciul se disputat\u0103 \u00een \"Alba Blaj Arena\" - Revista Urbea Mea - Revista de Alba","twitter_description":"Volei Alba Blaj va \u00eent\u00e2lni duminic\u0103, 5 aprilie, cu \u00eencepere de la ora 19:00, \u00een \u201eAlba Blaj Arena\u201d, forma\u021bia Dinamo Bucure\u0219ti, \u00een finala Cupei Rom\u00e2niei la","twitter_image":"https:\/\/urbeamea.ro\/albaiulia\/wp-content\/uploads\/2026\/04\/FB_IMG_1775388090088.jpg","twitter_creator":"@urbeameaweb","twitter_site":"@urbeameaweb","schema":{"@context":"https:\/\/schema.org","@graph":[{"@type":"Article","@id":"https:\/\/urbeamea.ro\/albaiulia\/duminica-ora-1900-volei-alba-blaj-dinamo-bucuresti-in-finala-cupei-romaniei-meciul-se-disputata-in-alba-blaj-arena\/#article","isPartOf":{"@id":"https:\/\/urbeamea.ro\/albaiulia\/duminica-ora-1900-volei-alba-blaj-dinamo-bucuresti-in-finala-cupei-romaniei-meciul-se-disputata-in-alba-blaj-arena\/"},"author":{"name":"Giurca Sorin","@id":"https:\/\/urbeamea.ro\/albaiulia\/#\/schema\/person\/5db3854ac38c1cc9f0ab4092d6a20f02"},"headline":"Duminic\u0103, ora 19:00 Volei Alba Blaj \u2013 Dinamo Bucure\u0219ti, \u00een finala Cupei Rom\u00e2niei. Meciul se disputat\u0103 \u00een &#8222;Alba Blaj Arena&#8221;","datePublished":"2026-04-05T11:35:42+00:00","dateModified":"2026-04-05T11:35:45+00:00","mainEntityOfPage":{"@id":"https:\/\/urbeamea.ro\/albaiulia\/duminica-ora-1900-volei-alba-blaj-dinamo-bucuresti-in-finala-cupei-romaniei-meciul-se-disputata-in-alba-blaj-arena\/"},"wordCount":177,"commentCount":0,"image":{"@id":"https:\/\/urbeamea.ro\/albaiulia\/duminica-ora-1900-volei-alba-blaj-dinamo-bucuresti-in-finala-cupei-romaniei-meciul-se-disputata-in-alba-blaj-arena\/#primaryimage"},"thumbnailUrl":"https:\/\/urbeamea.ro\/albaiulia\/wp-content\/uploads\/2026\/04\/FB_IMG_1775388090088.jpg","keywords":["Cupa Rom\u00e2niei","volei alba blaj"],"articleSection":["Actualitate","Evenimente","Sport","\u015etiri Urbane","Urbea Mea"],"inLanguage":"ro-RO","potentialAction":[{"@type":"CommentAction","name":"Comment","target":["https:\/\/urbeamea.ro\/albaiulia\/duminica-ora-1900-volei-alba-blaj-dinamo-bucuresti-in-finala-cupei-romaniei-meciul-se-disputata-in-alba-blaj-arena\/#respond"]}]},{"@type":"WebPage","@id":"https:\/\/urbeamea.ro\/albaiulia\/duminica-ora-1900-volei-alba-blaj-dinamo-bucuresti-in-finala-cupei-romaniei-meciul-se-disputata-in-alba-blaj-arena\/","url":"https:\/\/urbeamea.ro\/albaiulia\/duminica-ora-1900-volei-alba-blaj-dinamo-bucuresti-in-finala-cupei-romaniei-meciul-se-disputata-in-alba-blaj-arena\/","name":"Duminic\u0103, ora 19:00 Volei Alba Blaj \u2013 Dinamo Bucure\u0219ti, \u00een finala Cupei Rom\u00e2niei. Meciul se disputat\u0103 \u00een \"Alba Blaj Arena\" - Revista Urbea Mea - Revista de Alba","isPartOf":{"@id":"https:\/\/urbeamea.ro\/albaiulia\/#website"},"primaryImageOfPage":{"@id":"https:\/\/urbeamea.ro\/albaiulia\/duminica-ora-1900-volei-alba-blaj-dinamo-bucuresti-in-finala-cupei-romaniei-meciul-se-disputata-in-alba-blaj-arena\/#primaryimage"},"image":{"@id":"https:\/\/urbeamea.ro\/albaiulia\/duminica-ora-1900-volei-alba-blaj-dinamo-bucuresti-in-finala-cupei-romaniei-meciul-se-disputata-in-alba-blaj-arena\/#primaryimage"},"thumbnailUrl":"https:\/\/urbeamea.ro\/albaiulia\/wp-content\/uploads\/2026\/04\/FB_IMG_1775388090088.jpg","datePublished":"2026-04-05T11:35:42+00:00","dateModified":"2026-04-05T11:35:45+00:00","author":{"@id":"https:\/\/urbeamea.ro\/albaiulia\/#\/schema\/person\/5db3854ac38c1cc9f0ab4092d6a20f02"},"description":"Volei Alba Blaj va \u00eent\u00e2lni duminic\u0103, 5 aprilie, cu \u00eencepere de la ora 19:00, \u00een \u201eAlba Blaj Arena\u201d, forma\u021bia Dinamo Bucure\u0219ti, \u00een finala Cupei Rom\u00e2niei la","breadcrumb":{"@id":"https:\/\/urbeamea.ro\/albaiulia\/duminica-ora-1900-volei-alba-blaj-dinamo-bucuresti-in-finala-cupei-romaniei-meciul-se-disputata-in-alba-blaj-arena\/#breadcrumb"},"inLanguage":"ro-RO","potentialAction":[{"@type":"ReadAction","target":["https:\/\/urbeamea.ro\/albaiulia\/duminica-ora-1900-volei-alba-blaj-dinamo-bucuresti-in-finala-cupei-romaniei-meciul-se-disputata-in-alba-blaj-arena\/"]}]},{"@type":"ImageObject","inLanguage":"ro-RO","@id":"https:\/\/urbeamea.ro\/albaiulia\/duminica-ora-1900-volei-alba-blaj-dinamo-bucuresti-in-finala-cupei-romaniei-meciul-se-disputata-in-alba-blaj-arena\/#primaryimage","url":"https:\/\/urbeamea.ro\/albaiulia\/wp-content\/uploads\/2026\/04\/FB_IMG_1775388090088.jpg","contentUrl":"https:\/\/urbeamea.ro\/albaiulia\/wp-content\/uploads\/2026\/04\/FB_IMG_1775388090088.jpg","width":1638,"height":2048},{"@type":"BreadcrumbList","@id":"https:\/\/urbeamea.ro\/albaiulia\/duminica-ora-1900-volei-alba-blaj-dinamo-bucuresti-in-finala-cupei-romaniei-meciul-se-disputata-in-alba-blaj-arena\/#breadcrumb","itemListElement":[{"@type":"ListItem","position":1,"name":"Prima pagin\u0103","item":"https:\/\/urbeamea.ro\/albaiulia\/"},{"@type":"ListItem","position":2,"name":"Duminic\u0103, ora 19:00 Volei Alba Blaj \u2013 Dinamo Bucure\u0219ti, \u00een finala Cupei Rom\u00e2niei. Meciul se disputat\u0103 \u00een &#8222;Alba Blaj Arena&#8221;"}]},{"@type":"WebSite","@id":"https:\/\/urbeamea.ro\/albaiulia\/#website","url":"https:\/\/urbeamea.ro\/albaiulia\/","name":"Revista Urbea Mea, Stiri urbane","description":"Evenimente \u0219i \u0219tiri din Alba Iulia, Sebe\u0219, Aiud, Blaj","potentialAction":[{"@type":"SearchAction","target":{"@type":"EntryPoint","urlTemplate":"https:\/\/urbeamea.ro\/albaiulia\/?s={search_term_string}"},"query-input":{"@type":"PropertyValueSpecification","valueRequired":true,"valueName":"search_term_string"}}],"inLanguage":"ro-RO"},{"@type":"Person","@id":"https:\/\/urbeamea.ro\/albaiulia\/#\/schema\/person\/5db3854ac38c1cc9f0ab4092d6a20f02","name":"Giurca Sorin","image":{"@type":"ImageObject","inLanguage":"ro-RO","@id":"https:\/\/secure.gravatar.com\/avatar\/120f6fcae7b3b47a7730cb9943f612f4909f68ac5284b5f40ac1c4615fd70576?s=96&d=mm&r=g","url":"https:\/\/secure.gravatar.com\/avatar\/120f6fcae7b3b47a7730cb9943f612f4909f68ac5284b5f40ac1c4615fd70576?s=96&d=mm&r=g","contentUrl":"https:\/\/secure.gravatar.com\/avatar\/120f6fcae7b3b47a7730cb9943f612f4909f68ac5284b5f40ac1c4615fd70576?s=96&d=mm&r=g","caption":"Giurca Sorin"},"url":"https:\/\/urbeamea.ro\/albaiulia\/author\/sorin\/"}]}},"_links":{"self":[{"href":"https:\/\/urbeamea.ro\/albaiulia\/wp-json\/wp\/v2\/posts\/121848","targetHints":{"allow":["GET"]}}],"collection":[{"href":"https:\/\/urbeamea.ro\/albaiulia\/wp-json\/wp\/v2\/posts"}],"about":[{"href":"https:\/\/urbeamea.ro\/albaiulia\/wp-json\/wp\/v2\/types\/post"}],"author":[{"embeddable":true,"href":"https:\/\/urbeamea.ro\/albaiulia\/wp-json\/wp\/v2\/users\/28"}],"replies":[{"embeddable":true,"href":"https:\/\/urbeamea.ro\/albaiulia\/wp-json\/wp\/v2\/comments?post=121848"}],"version-history":[{"count":1,"href":"https:\/\/urbeamea.ro\/albaiulia\/wp-json\/wp\/v2\/posts\/121848\/revisions"}],"predecessor-version":[{"id":121850,"href":"https:\/\/urbeamea.ro\/albaiulia\/wp-json\/wp\/v2\/posts\/121848\/revisions\/121850"}],"wp:featuredmedia":[{"embeddable":true,"href":"https:\/\/urbeamea.ro\/albaiulia\/wp-json\/wp\/v2\/media\/121849"}],"wp:attachment":[{"href":"https:\/\/urbeamea.ro\/albaiulia\/wp-json\/wp\/v2\/media?parent=121848"}],"wp:term":[{"taxonomy":"category","embeddable":true,"href":"https:\/\/urbeamea.ro\/albaiulia\/wp-json\/wp\/v2\/categories?post=121848"},{"taxonomy":"post_tag","embeddable":true,"href":"https:\/\/urbeamea.ro\/albaiulia\/wp-json\/wp\/v2\/tags?post=121848"}],"curies":[{"name":"wp","href":"https:\/\/api.w.org\/{rel}","templated":true}]}}