{"id":121851,"date":"2026-04-06T10:35:43","date_gmt":"2026-04-06T07:35:43","guid":{"rendered":"https:\/\/urbeamea.ro\/albaiulia\/?p=121851"},"modified":"2026-04-06T10:35:47","modified_gmt":"2026-04-06T07:35:47","slug":"expozitia-episcopatul-lui-vasile-moga-1811-1845-o-reevaluare-documentara-la-sebes","status":"publish","type":"post","link":"https:\/\/urbeamea.ro\/albaiulia\/expozitia-episcopatul-lui-vasile-moga-1811-1845-o-reevaluare-documentara-la-sebes\/","title":{"rendered":"Expozi\u021bia \u201eEpiscopatul lui Vasile Moga (1811-1845). O reevaluare documentar\u0103\u201d, la Sebe\u0219"},"content":{"rendered":"\n<p>Mar\u021bi, 7 aprilie 2026, \u00eencep\u00e2nd cu ora 18.00, \u00een spa\u021biul expozi\u021bional al Prim\u0103riei Municipiului Sebe\u0219 va avea loc vernisajul expozi\u021biei temporare \u201eEpiscopatul lui Vasile Moga (1811\u20131845). O reevaluare documentar\u0103\u201d, \u00een prezen\u021ba curatorului acesteia, dr. Ioana Rustoiu, de la Muzeul Na\u021bional al Unirii Alba Iulia.<\/p>\n\n\n\n<p>Expozi\u021bia este organizat\u0103 de Muzeul Na\u021bional al Unirii Alba Iulia, \u00een parteneriat cu Serviciul Jude\u021bean Alba al Arhivelor Na\u021bionale, Arhiepiscopia Ortodox\u0103 de Alba Iulia \u0219i Muzeul Municipal \u201eIoan Raica\u201d Sebe\u0219, fiind itinerat\u0103 la Sebe\u0219 cu sprijinul Centrului Cultural \u201eLucian Blaga\u201d Sebe\u0219.<\/p>\n\n\n\n<p>Proiectul expozi\u021bional propune o incursiune documentar\u0103 \u00een contextul istoric al epocii \u0219i \u00een activitatea episcopului Vasile Moga (1774-1845), personalitate marcant\u0103 a vie\u021bii religioase \u0219i culturale din Transilvania \u00eenceputului de secol al XIX-lea. N\u0103scut la Sebe\u0219, \u00eentr-o familie cu tradi\u021bie preo\u021beasc\u0103, Vasile Moga a fost ales episcop \u00een anul 1810 \u0219i hirotonit \u00een 1811, devenind primul episcop ortodox rom\u00e2n al Transilvaniei dup\u0103 mai bine de un secol \u00een care scaunul episcopal a fost ocupat de ierarhi str\u0103ini.<\/p>\n\n\n\n<p>Demersul expozi\u021bional \u00ee\u0219i propune o reevaluare a episcopatului s\u0103u, o perioad\u0103 adesea insuficient cercetat\u0103 sau interpretat\u0103 unilateral, oferind publicului o perspectiv\u0103 nuan\u021bat\u0103 asupra provoc\u0103rilor \u0219i realiz\u0103rilor sale.<\/p>\n\n\n\n<p>Expozi\u021bia aduce \u00een aten\u021bia publicului aspecte mai pu\u021bin cunoscute privind organizarea Bisericii Ortodoxe din Transilvania \u00een perioada 1810-1850, eviden\u021biind rolul esen\u021bial al episcopului \u00een reorganizarea eparhiei, sus\u021binerea educa\u021biei, disciplinarea clerului \u0219i ap\u0103rarea identit\u0103\u021bii confesionale \u0219i na\u021bionale.<\/p>\n\n\n\n<p>\u00cen plan local, episcopul s-a implicat direct \u00een sus\u021binerea comunit\u0103\u021bii din Sebe\u0219, sprijinind construc\u021bia noii biserici ortodoxe a ora\u0219ului (\u00eenceput\u0103 \u00een 1817). Demersul a fost marcat de dificult\u0103\u021bi \u0219i dispute cu autorit\u0103\u021bile locale privind finan\u021barea, iar edificiul, sfin\u021bit \u00een anul 1828 \u00een prezen\u021ba episcopului, a primit hramul \u201e\u00cenvierea Domnului\u201d, \u00een contextul unor evenimente familiale tragice.<\/p>\n\n\n\n<p>Evenimentul face parte din seria manifest\u0103rilor dedicate comemor\u0103rii a 180 de ani de la moartea episcopului Vasile Moga, subliniind importan\u021ba contribu\u021biei sale la dezvoltarea vie\u021bii religioase \u0219i culturale a rom\u00e2nilor din Transilvania.<\/p>\n\n\n\n<p>Publicul este invitat s\u0103 descopere aceast\u0103 pagin\u0103 important\u0103 de istorie local\u0103 \u0219i na\u021bional\u0103, \u00eentr-un demers muzeal bazat pe cercetare documentar\u0103 \u0219i valorificarea patrimoniului. V\u0103 a\u0219tept\u0103m la vernisaj!<\/p>\n","protected":false},"excerpt":{"rendered":"<p>Mar\u021bi, 7 aprilie 2026, \u00eencep\u00e2nd cu ora 18.00, \u00een spa\u021biul expozi\u021bional al Prim\u0103riei Municipiului Sebe\u0219 va avea loc vernisajul expozi\u021biei temporare \u201eEpiscopatul lui Vasile Moga (1811\u20131845). O reevaluare documentar\u0103\u201d, \u00een prezen\u021ba curatorului acesteia, dr. Ioana Rustoiu, de la Muzeul Na\u021bional al Unirii Alba Iulia. Expozi\u021bia este organizat\u0103 de Muzeul Na\u021bional al Unirii Alba Iulia, \u00een &hellip;<\/p>\n","protected":false},"author":16,"featured_media":121852,"comment_status":"open","ping_status":"open","sticky":false,"template":"","format":"standard","meta":{"inline_featured_image":false,"footnotes":""},"categories":[4],"tags":[],"class_list":["post-121851","post","type-post","status-publish","format-standard","has-post-thumbnail","hentry","category-eveniment"],"yoast_head":"<!-- This site is optimized with the Yoast SEO plugin v27.4 - https:\/\/yoast.com\/product\/yoast-seo-wordpress\/ -->\n<title>Expozi\u021bia \u201eEpiscopatul lui Vasile Moga (1811-1845). O reevaluare documentar\u0103\u201d, la Sebe\u0219 - Revista Urbea Mea - Revista de Alba<\/title>\n<meta name=\"description\" content=\"Mar\u021bi, 7 aprilie 2026, \u00eencep\u00e2nd cu ora 18.00, \u00een spa\u021biul expozi\u021bional al Prim\u0103riei Municipiului Sebe\u0219 va avea loc vernisajul expozi\u021biei temporare\" \/>\n<meta name=\"robots\" content=\"index, follow, max-snippet:-1, max-image-preview:large, max-video-preview:-1\" \/>\n<link rel=\"canonical\" href=\"https:\/\/urbeamea.ro\/albaiulia\/expozitia-episcopatul-lui-vasile-moga-1811-1845-o-reevaluare-documentara-la-sebes\/\" \/>\n<meta name=\"twitter:card\" content=\"summary_large_image\" \/>\n<meta name=\"twitter:title\" content=\"Expozi\u021bia \u201eEpiscopatul lui Vasile Moga (1811-1845). O reevaluare documentar\u0103\u201d, la Sebe\u0219 - Revista Urbea Mea - Revista de Alba\" \/>\n<meta name=\"twitter:description\" content=\"Mar\u021bi, 7 aprilie 2026, \u00eencep\u00e2nd cu ora 18.00, \u00een spa\u021biul expozi\u021bional al Prim\u0103riei Municipiului Sebe\u0219 va avea loc vernisajul expozi\u021biei temporare\" \/>\n<meta name=\"twitter:image\" content=\"https:\/\/urbeamea.ro\/albaiulia\/wp-content\/uploads\/2026\/04\/afis-Moga.jpg\" \/>\n<meta name=\"twitter:creator\" content=\"@urbeameaweb\" \/>\n<meta name=\"twitter:site\" content=\"@urbeameaweb\" \/>\n<script type=\"application\/ld+json\" class=\"yoast-schema-graph\">{\"@context\":\"https:\\\/\\\/schema.org\",\"@graph\":[{\"@type\":\"Article\",\"@id\":\"https:\\\/\\\/urbeamea.ro\\\/albaiulia\\\/expozitia-episcopatul-lui-vasile-moga-1811-1845-o-reevaluare-documentara-la-sebes\\\/#article\",\"isPartOf\":{\"@id\":\"https:\\\/\\\/urbeamea.ro\\\/albaiulia\\\/expozitia-episcopatul-lui-vasile-moga-1811-1845-o-reevaluare-documentara-la-sebes\\\/\"},\"author\":{\"name\":\"Redac\u021bia UrbeaMea\",\"@id\":\"https:\\\/\\\/urbeamea.ro\\\/albaiulia\\\/#\\\/schema\\\/person\\\/272ae98052f8ee8980f59848df070247\"},\"headline\":\"Expozi\u021bia \u201eEpiscopatul lui Vasile Moga (1811-1845). O reevaluare documentar\u0103\u201d, la Sebe\u0219\",\"datePublished\":\"2026-04-06T07:35:43+00:00\",\"dateModified\":\"2026-04-06T07:35:47+00:00\",\"mainEntityOfPage\":{\"@id\":\"https:\\\/\\\/urbeamea.ro\\\/albaiulia\\\/expozitia-episcopatul-lui-vasile-moga-1811-1845-o-reevaluare-documentara-la-sebes\\\/\"},\"wordCount\":393,\"commentCount\":0,\"image\":{\"@id\":\"https:\\\/\\\/urbeamea.ro\\\/albaiulia\\\/expozitia-episcopatul-lui-vasile-moga-1811-1845-o-reevaluare-documentara-la-sebes\\\/#primaryimage\"},\"thumbnailUrl\":\"https:\\\/\\\/urbeamea.ro\\\/albaiulia\\\/wp-content\\\/uploads\\\/2026\\\/04\\\/afis-Moga.jpg\",\"articleSection\":[\"Evenimente\"],\"inLanguage\":\"ro-RO\",\"potentialAction\":[{\"@type\":\"CommentAction\",\"name\":\"Comment\",\"target\":[\"https:\\\/\\\/urbeamea.ro\\\/albaiulia\\\/expozitia-episcopatul-lui-vasile-moga-1811-1845-o-reevaluare-documentara-la-sebes\\\/#respond\"]}]},{\"@type\":\"WebPage\",\"@id\":\"https:\\\/\\\/urbeamea.ro\\\/albaiulia\\\/expozitia-episcopatul-lui-vasile-moga-1811-1845-o-reevaluare-documentara-la-sebes\\\/\",\"url\":\"https:\\\/\\\/urbeamea.ro\\\/albaiulia\\\/expozitia-episcopatul-lui-vasile-moga-1811-1845-o-reevaluare-documentara-la-sebes\\\/\",\"name\":\"Expozi\u021bia \u201eEpiscopatul lui Vasile Moga (1811-1845). O reevaluare documentar\u0103\u201d, la Sebe\u0219 - Revista Urbea Mea - Revista de Alba\",\"isPartOf\":{\"@id\":\"https:\\\/\\\/urbeamea.ro\\\/albaiulia\\\/#website\"},\"primaryImageOfPage\":{\"@id\":\"https:\\\/\\\/urbeamea.ro\\\/albaiulia\\\/expozitia-episcopatul-lui-vasile-moga-1811-1845-o-reevaluare-documentara-la-sebes\\\/#primaryimage\"},\"image\":{\"@id\":\"https:\\\/\\\/urbeamea.ro\\\/albaiulia\\\/expozitia-episcopatul-lui-vasile-moga-1811-1845-o-reevaluare-documentara-la-sebes\\\/#primaryimage\"},\"thumbnailUrl\":\"https:\\\/\\\/urbeamea.ro\\\/albaiulia\\\/wp-content\\\/uploads\\\/2026\\\/04\\\/afis-Moga.jpg\",\"datePublished\":\"2026-04-06T07:35:43+00:00\",\"dateModified\":\"2026-04-06T07:35:47+00:00\",\"author\":{\"@id\":\"https:\\\/\\\/urbeamea.ro\\\/albaiulia\\\/#\\\/schema\\\/person\\\/272ae98052f8ee8980f59848df070247\"},\"description\":\"Mar\u021bi, 7 aprilie 2026, \u00eencep\u00e2nd cu ora 18.00, \u00een spa\u021biul expozi\u021bional al Prim\u0103riei Municipiului Sebe\u0219 va avea loc vernisajul expozi\u021biei temporare\",\"breadcrumb\":{\"@id\":\"https:\\\/\\\/urbeamea.ro\\\/albaiulia\\\/expozitia-episcopatul-lui-vasile-moga-1811-1845-o-reevaluare-documentara-la-sebes\\\/#breadcrumb\"},\"inLanguage\":\"ro-RO\",\"potentialAction\":[{\"@type\":\"ReadAction\",\"target\":[\"https:\\\/\\\/urbeamea.ro\\\/albaiulia\\\/expozitia-episcopatul-lui-vasile-moga-1811-1845-o-reevaluare-documentara-la-sebes\\\/\"]}]},{\"@type\":\"ImageObject\",\"inLanguage\":\"ro-RO\",\"@id\":\"https:\\\/\\\/urbeamea.ro\\\/albaiulia\\\/expozitia-episcopatul-lui-vasile-moga-1811-1845-o-reevaluare-documentara-la-sebes\\\/#primaryimage\",\"url\":\"https:\\\/\\\/urbeamea.ro\\\/albaiulia\\\/wp-content\\\/uploads\\\/2026\\\/04\\\/afis-Moga.jpg\",\"contentUrl\":\"https:\\\/\\\/urbeamea.ro\\\/albaiulia\\\/wp-content\\\/uploads\\\/2026\\\/04\\\/afis-Moga.jpg\",\"width\":1131,\"height\":1600},{\"@type\":\"BreadcrumbList\",\"@id\":\"https:\\\/\\\/urbeamea.ro\\\/albaiulia\\\/expozitia-episcopatul-lui-vasile-moga-1811-1845-o-reevaluare-documentara-la-sebes\\\/#breadcrumb\",\"itemListElement\":[{\"@type\":\"ListItem\",\"position\":1,\"name\":\"Prima pagin\u0103\",\"item\":\"https:\\\/\\\/urbeamea.ro\\\/albaiulia\\\/\"},{\"@type\":\"ListItem\",\"position\":2,\"name\":\"Expozi\u021bia \u201eEpiscopatul lui Vasile Moga (1811-1845). O reevaluare documentar\u0103\u201d, la Sebe\u0219\"}]},{\"@type\":\"WebSite\",\"@id\":\"https:\\\/\\\/urbeamea.ro\\\/albaiulia\\\/#website\",\"url\":\"https:\\\/\\\/urbeamea.ro\\\/albaiulia\\\/\",\"name\":\"Revista Urbea Mea, Stiri urbane\",\"description\":\"Evenimente \u0219i \u0219tiri din Alba Iulia, Sebe\u0219, Aiud, Blaj\",\"potentialAction\":[{\"@type\":\"SearchAction\",\"target\":{\"@type\":\"EntryPoint\",\"urlTemplate\":\"https:\\\/\\\/urbeamea.ro\\\/albaiulia\\\/?s={search_term_string}\"},\"query-input\":{\"@type\":\"PropertyValueSpecification\",\"valueRequired\":true,\"valueName\":\"search_term_string\"}}],\"inLanguage\":\"ro-RO\"},{\"@type\":\"Person\",\"@id\":\"https:\\\/\\\/urbeamea.ro\\\/albaiulia\\\/#\\\/schema\\\/person\\\/272ae98052f8ee8980f59848df070247\",\"name\":\"Redac\u021bia UrbeaMea\",\"image\":{\"@type\":\"ImageObject\",\"inLanguage\":\"ro-RO\",\"@id\":\"https:\\\/\\\/secure.gravatar.com\\\/avatar\\\/9ce5a9435071fa1037e8468053ead8e513dbbff59009d3069aadb85506d85a27?s=96&d=mm&r=g\",\"url\":\"https:\\\/\\\/secure.gravatar.com\\\/avatar\\\/9ce5a9435071fa1037e8468053ead8e513dbbff59009d3069aadb85506d85a27?s=96&d=mm&r=g\",\"contentUrl\":\"https:\\\/\\\/secure.gravatar.com\\\/avatar\\\/9ce5a9435071fa1037e8468053ead8e513dbbff59009d3069aadb85506d85a27?s=96&d=mm&r=g\",\"caption\":\"Redac\u021bia UrbeaMea\"},\"description\":\"contact@urbeamea.ro\",\"sameAs\":[\"https:\\\/\\\/www.urbeamea.ro\"],\"url\":\"https:\\\/\\\/urbeamea.ro\\\/albaiulia\\\/author\\\/redactia-urbeamea\\\/\"}]}<\/script>\n<!-- \/ Yoast SEO plugin. -->","yoast_head_json":{"title":"Expozi\u021bia \u201eEpiscopatul lui Vasile Moga (1811-1845). O reevaluare documentar\u0103\u201d, la Sebe\u0219 - Revista Urbea Mea - Revista de Alba","description":"Mar\u021bi, 7 aprilie 2026, \u00eencep\u00e2nd cu ora 18.00, \u00een spa\u021biul expozi\u021bional al Prim\u0103riei Municipiului Sebe\u0219 va avea loc vernisajul expozi\u021biei temporare","robots":{"index":"index","follow":"follow","max-snippet":"max-snippet:-1","max-image-preview":"max-image-preview:large","max-video-preview":"max-video-preview:-1"},"canonical":"https:\/\/urbeamea.ro\/albaiulia\/expozitia-episcopatul-lui-vasile-moga-1811-1845-o-reevaluare-documentara-la-sebes\/","twitter_card":"summary_large_image","twitter_title":"Expozi\u021bia \u201eEpiscopatul lui Vasile Moga (1811-1845). O reevaluare documentar\u0103\u201d, la Sebe\u0219 - Revista Urbea Mea - Revista de Alba","twitter_description":"Mar\u021bi, 7 aprilie 2026, \u00eencep\u00e2nd cu ora 18.00, \u00een spa\u021biul expozi\u021bional al Prim\u0103riei Municipiului Sebe\u0219 va avea loc vernisajul expozi\u021biei temporare","twitter_image":"https:\/\/urbeamea.ro\/albaiulia\/wp-content\/uploads\/2026\/04\/afis-Moga.jpg","twitter_creator":"@urbeameaweb","twitter_site":"@urbeameaweb","schema":{"@context":"https:\/\/schema.org","@graph":[{"@type":"Article","@id":"https:\/\/urbeamea.ro\/albaiulia\/expozitia-episcopatul-lui-vasile-moga-1811-1845-o-reevaluare-documentara-la-sebes\/#article","isPartOf":{"@id":"https:\/\/urbeamea.ro\/albaiulia\/expozitia-episcopatul-lui-vasile-moga-1811-1845-o-reevaluare-documentara-la-sebes\/"},"author":{"name":"Redac\u021bia UrbeaMea","@id":"https:\/\/urbeamea.ro\/albaiulia\/#\/schema\/person\/272ae98052f8ee8980f59848df070247"},"headline":"Expozi\u021bia \u201eEpiscopatul lui Vasile Moga (1811-1845). O reevaluare documentar\u0103\u201d, la Sebe\u0219","datePublished":"2026-04-06T07:35:43+00:00","dateModified":"2026-04-06T07:35:47+00:00","mainEntityOfPage":{"@id":"https:\/\/urbeamea.ro\/albaiulia\/expozitia-episcopatul-lui-vasile-moga-1811-1845-o-reevaluare-documentara-la-sebes\/"},"wordCount":393,"commentCount":0,"image":{"@id":"https:\/\/urbeamea.ro\/albaiulia\/expozitia-episcopatul-lui-vasile-moga-1811-1845-o-reevaluare-documentara-la-sebes\/#primaryimage"},"thumbnailUrl":"https:\/\/urbeamea.ro\/albaiulia\/wp-content\/uploads\/2026\/04\/afis-Moga.jpg","articleSection":["Evenimente"],"inLanguage":"ro-RO","potentialAction":[{"@type":"CommentAction","name":"Comment","target":["https:\/\/urbeamea.ro\/albaiulia\/expozitia-episcopatul-lui-vasile-moga-1811-1845-o-reevaluare-documentara-la-sebes\/#respond"]}]},{"@type":"WebPage","@id":"https:\/\/urbeamea.ro\/albaiulia\/expozitia-episcopatul-lui-vasile-moga-1811-1845-o-reevaluare-documentara-la-sebes\/","url":"https:\/\/urbeamea.ro\/albaiulia\/expozitia-episcopatul-lui-vasile-moga-1811-1845-o-reevaluare-documentara-la-sebes\/","name":"Expozi\u021bia \u201eEpiscopatul lui Vasile Moga (1811-1845). O reevaluare documentar\u0103\u201d, la Sebe\u0219 - Revista Urbea Mea - Revista de Alba","isPartOf":{"@id":"https:\/\/urbeamea.ro\/albaiulia\/#website"},"primaryImageOfPage":{"@id":"https:\/\/urbeamea.ro\/albaiulia\/expozitia-episcopatul-lui-vasile-moga-1811-1845-o-reevaluare-documentara-la-sebes\/#primaryimage"},"image":{"@id":"https:\/\/urbeamea.ro\/albaiulia\/expozitia-episcopatul-lui-vasile-moga-1811-1845-o-reevaluare-documentara-la-sebes\/#primaryimage"},"thumbnailUrl":"https:\/\/urbeamea.ro\/albaiulia\/wp-content\/uploads\/2026\/04\/afis-Moga.jpg","datePublished":"2026-04-06T07:35:43+00:00","dateModified":"2026-04-06T07:35:47+00:00","author":{"@id":"https:\/\/urbeamea.ro\/albaiulia\/#\/schema\/person\/272ae98052f8ee8980f59848df070247"},"description":"Mar\u021bi, 7 aprilie 2026, \u00eencep\u00e2nd cu ora 18.00, \u00een spa\u021biul expozi\u021bional al Prim\u0103riei Municipiului Sebe\u0219 va avea loc vernisajul expozi\u021biei temporare","breadcrumb":{"@id":"https:\/\/urbeamea.ro\/albaiulia\/expozitia-episcopatul-lui-vasile-moga-1811-1845-o-reevaluare-documentara-la-sebes\/#breadcrumb"},"inLanguage":"ro-RO","potentialAction":[{"@type":"ReadAction","target":["https:\/\/urbeamea.ro\/albaiulia\/expozitia-episcopatul-lui-vasile-moga-1811-1845-o-reevaluare-documentara-la-sebes\/"]}]},{"@type":"ImageObject","inLanguage":"ro-RO","@id":"https:\/\/urbeamea.ro\/albaiulia\/expozitia-episcopatul-lui-vasile-moga-1811-1845-o-reevaluare-documentara-la-sebes\/#primaryimage","url":"https:\/\/urbeamea.ro\/albaiulia\/wp-content\/uploads\/2026\/04\/afis-Moga.jpg","contentUrl":"https:\/\/urbeamea.ro\/albaiulia\/wp-content\/uploads\/2026\/04\/afis-Moga.jpg","width":1131,"height":1600},{"@type":"BreadcrumbList","@id":"https:\/\/urbeamea.ro\/albaiulia\/expozitia-episcopatul-lui-vasile-moga-1811-1845-o-reevaluare-documentara-la-sebes\/#breadcrumb","itemListElement":[{"@type":"ListItem","position":1,"name":"Prima pagin\u0103","item":"https:\/\/urbeamea.ro\/albaiulia\/"},{"@type":"ListItem","position":2,"name":"Expozi\u021bia \u201eEpiscopatul lui Vasile Moga (1811-1845). O reevaluare documentar\u0103\u201d, la Sebe\u0219"}]},{"@type":"WebSite","@id":"https:\/\/urbeamea.ro\/albaiulia\/#website","url":"https:\/\/urbeamea.ro\/albaiulia\/","name":"Revista Urbea Mea, Stiri urbane","description":"Evenimente \u0219i \u0219tiri din Alba Iulia, Sebe\u0219, Aiud, Blaj","potentialAction":[{"@type":"SearchAction","target":{"@type":"EntryPoint","urlTemplate":"https:\/\/urbeamea.ro\/albaiulia\/?s={search_term_string}"},"query-input":{"@type":"PropertyValueSpecification","valueRequired":true,"valueName":"search_term_string"}}],"inLanguage":"ro-RO"},{"@type":"Person","@id":"https:\/\/urbeamea.ro\/albaiulia\/#\/schema\/person\/272ae98052f8ee8980f59848df070247","name":"Redac\u021bia UrbeaMea","image":{"@type":"ImageObject","inLanguage":"ro-RO","@id":"https:\/\/secure.gravatar.com\/avatar\/9ce5a9435071fa1037e8468053ead8e513dbbff59009d3069aadb85506d85a27?s=96&d=mm&r=g","url":"https:\/\/secure.gravatar.com\/avatar\/9ce5a9435071fa1037e8468053ead8e513dbbff59009d3069aadb85506d85a27?s=96&d=mm&r=g","contentUrl":"https:\/\/secure.gravatar.com\/avatar\/9ce5a9435071fa1037e8468053ead8e513dbbff59009d3069aadb85506d85a27?s=96&d=mm&r=g","caption":"Redac\u021bia UrbeaMea"},"description":"contact@urbeamea.ro","sameAs":["https:\/\/www.urbeamea.ro"],"url":"https:\/\/urbeamea.ro\/albaiulia\/author\/redactia-urbeamea\/"}]}},"_links":{"self":[{"href":"https:\/\/urbeamea.ro\/albaiulia\/wp-json\/wp\/v2\/posts\/121851","targetHints":{"allow":["GET"]}}],"collection":[{"href":"https:\/\/urbeamea.ro\/albaiulia\/wp-json\/wp\/v2\/posts"}],"about":[{"href":"https:\/\/urbeamea.ro\/albaiulia\/wp-json\/wp\/v2\/types\/post"}],"author":[{"embeddable":true,"href":"https:\/\/urbeamea.ro\/albaiulia\/wp-json\/wp\/v2\/users\/16"}],"replies":[{"embeddable":true,"href":"https:\/\/urbeamea.ro\/albaiulia\/wp-json\/wp\/v2\/comments?post=121851"}],"version-history":[{"count":1,"href":"https:\/\/urbeamea.ro\/albaiulia\/wp-json\/wp\/v2\/posts\/121851\/revisions"}],"predecessor-version":[{"id":121853,"href":"https:\/\/urbeamea.ro\/albaiulia\/wp-json\/wp\/v2\/posts\/121851\/revisions\/121853"}],"wp:featuredmedia":[{"embeddable":true,"href":"https:\/\/urbeamea.ro\/albaiulia\/wp-json\/wp\/v2\/media\/121852"}],"wp:attachment":[{"href":"https:\/\/urbeamea.ro\/albaiulia\/wp-json\/wp\/v2\/media?parent=121851"}],"wp:term":[{"taxonomy":"category","embeddable":true,"href":"https:\/\/urbeamea.ro\/albaiulia\/wp-json\/wp\/v2\/categories?post=121851"},{"taxonomy":"post_tag","embeddable":true,"href":"https:\/\/urbeamea.ro\/albaiulia\/wp-json\/wp\/v2\/tags?post=121851"}],"curies":[{"name":"wp","href":"https:\/\/api.w.org\/{rel}","templated":true}]}}