{"id":121867,"date":"2026-04-08T12:33:55","date_gmt":"2026-04-08T09:33:55","guid":{"rendered":"https:\/\/urbeamea.ro\/albaiulia\/?p=121867"},"modified":"2026-04-08T12:33:59","modified_gmt":"2026-04-08T09:33:59","slug":"credinciosii-din-blaj-uniti-in-rugaciune-pe-calea-crucii-in-saptamana-mare","status":"publish","type":"post","link":"https:\/\/urbeamea.ro\/albaiulia\/credinciosii-din-blaj-uniti-in-rugaciune-pe-calea-crucii-in-saptamana-mare\/","title":{"rendered":"Credincio\u0219ii din Blaj, uni\u021bi \u00een rug\u0103ciune pe Calea Crucii, \u00een S\u0103pt\u0103m\u00e2na Mare"},"content":{"rendered":"\n<p><strong>\u00cen<\/strong> <strong>spirit de rug\u0103ciune \u0219i comuniune, credincio\u0219ii greco-catolic au parcurs \u00eempreun\u0103, mar\u021bi 7 aprilie 2026, Calea Crucii cu procesiune pe str\u0103zile Blajului, retr\u0103ind simbolic drumul suferin\u021bei M\u00e2ntuitorului \u00een aceste zile sfinte ale S\u0103pt\u0103m\u00e2nii Mari.<\/strong><\/p>\n\n\n\n<p>Cu binecuv\u00e2ntarea Preafericirii Sale Claudiu-Lucian Pop, Arhiepiscopul Major al Bisericii Rom\u00e2ne Unite cu Roma, Greco-Catolic\u0103, procesiunea a fost condus\u0103 de Preasfin\u021bia Sa Cristian Dumitru Cri\u0219an, Episcop auxiliar al Arhieparhiei de Alba Iulia \u0219i F\u0103g\u0103ra\u0219.<\/p>\n\n\n\n<p>Procesiunea a \u00eenceput la Capela Arhiereilor \u2013 Parohia Blaj II \u0219i s-a \u00eencheiat la Catedrala Arhiepiscopal\u0103 Major\u0103 \u201eSf\u00e2nta Treime\u201d \u2013 Parohia Blaj I, str\u0103b\u0103t\u00e2nd str\u0103zile municipiului Blaj \u00eentr-o m\u0103rturie vie de credin\u021b\u0103.<\/p>\n\n\n\n<p>Purt\u00e2nd crucea \u0219i rostind rug\u0103ciunile celor cincisprezece sta\u021biuni, participan\u021bii \u0219i-au \u00eendreptat inimile spre taina \u00cenvierii, contempl\u00e2nd Patimile Domnului \u0219i preg\u0103tindu-se suflete\u0219te pentru lumina biruin\u021bei asupra mor\u021bii.<\/p>\n\n\n\n<p>&#8222;Cu binecuv\u00e2ntarea Preafericitului P\u0103rinte Claudiu, Arhiepiscopul Major al Bisericii Rom\u00e2ne Unite cu Roma, Greco-Catolic\u0103, \u0219i \u00een acest an s-a desf\u0103\u0219urat tradi\u021bionala Cale a Crucii, cu procesiune pe str\u0103zile Blajului \u2013 Mica Rom\u0103.<\/p>\n\n\n\n<p> Pe Calea Crucii am retr\u0103it \u00een mod simbolic drumul suferin\u021bei M\u00e2ntuitorului nostru Isus Cristos, g\u00e2ndindu-ne fiecare la crucea noastr\u0103, la via\u021ba noastr\u0103, \u0219i \u00een\u0103l\u021b\u00e2nd rug\u0103ciuni pentru to\u021bi cei care sufer\u0103 din cauza r\u0103zboaielor \u0219i a violen\u021belor\u201d, a declarat Preasfin\u021bia Sa Cristian, Episcop auxiliar al Arhieparhiei de Alba Iulia \u0219i F\u0103g\u0103ra\u0219.<\/p>\n\n\n\n<p>Calea Crucii a cuprins cincisprezece opriri: cele paisprezece sta\u021biuni tradi\u021bionale, care evoc\u0103 momentele esen\u021biale ale p\u0103timirii \u0219i drumului M\u00e2ntuitorului de la condamnarea la moarte p\u00e2n\u0103 la punerea \u00een morm\u00e2nt, la care s-a ad\u0103ugat sta\u021biunea a cincisprezecea, simbol al \u00cenvierii Domnului, \u00een spiritul speran\u021bei pascale.<\/p>\n\n\n\n<p>\u201eEste o tradi\u021bie la Blaj ca, \u00een S\u0103pt\u0103m\u00e2na Mare, s\u0103 ne rug\u0103m \u00eempreun\u0103 Calea Crucii, al\u0103turi de credincio\u0219i de toate v\u00e2rstele, iar acest lucru ne bucur\u0103, deoarece ofer\u0103 o m\u0103rturie vie de credin\u021b\u0103, speran\u021b\u0103 \u0219i iubire.<\/p>\n\n\n\n<p>Am \u00eencheiat Calea Crucii \u00een Catedral\u0103 cu o sta\u021biune special\u0103, a cincisprezecea \u2013 sta\u021biunea \u00cenvierii \u2013 pentru a sublinia c\u0103 mergem cu to\u021bii pe drumul \u00cenvierii \u0219i c\u0103 moartea nu are ultimul cuv\u00e2nt\u201d, a afirmat p\u0103rintele Liviu Ursu, Vicar Judec\u0103toresc \u0219i paroh al Capelei Arhiereilor din Blaj.<\/p>\n\n\n\n<p>\u201eCrucii Tale ne \u00eenchin\u0103m, Cristoase, \u0219i Sf\u00e2nt\u0103 \u00cenvierea Ta o l\u0103ud\u0103m \u0219i o m\u0103rim!\u201d<\/p>\n\n\n\n<figure class=\"wp-block-gallery has-nested-images columns-default is-cropped wp-block-gallery-1 is-layout-flex wp-block-gallery-is-layout-flex\">\n<figure class=\"wp-block-image size-large\"><img loading=\"lazy\" decoding=\"async\" width=\"1280\" height=\"851\" data-id=\"121874\" src=\"https:\/\/urbeamea.ro\/albaiulia\/wp-content\/uploads\/2026\/04\/FB_IMG_1775640437673-1280x851.jpg\" alt=\"\" class=\"wp-image-121874\" srcset=\"https:\/\/urbeamea.ro\/albaiulia\/wp-content\/uploads\/2026\/04\/FB_IMG_1775640437673-1280x851.jpg 1280w, https:\/\/urbeamea.ro\/albaiulia\/wp-content\/uploads\/2026\/04\/FB_IMG_1775640437673-640x426.jpg 640w, https:\/\/urbeamea.ro\/albaiulia\/wp-content\/uploads\/2026\/04\/FB_IMG_1775640437673-150x100.jpg 150w, https:\/\/urbeamea.ro\/albaiulia\/wp-content\/uploads\/2026\/04\/FB_IMG_1775640437673-768x511.jpg 768w, https:\/\/urbeamea.ro\/albaiulia\/wp-content\/uploads\/2026\/04\/FB_IMG_1775640437673-1536x1022.jpg 1536w, https:\/\/urbeamea.ro\/albaiulia\/wp-content\/uploads\/2026\/04\/FB_IMG_1775640437673.jpg 2048w\" sizes=\"auto, (max-width: 1280px) 100vw, 1280px\" \/><\/figure>\n\n\n\n<figure class=\"wp-block-image size-large\"><img loading=\"lazy\" decoding=\"async\" width=\"1280\" height=\"852\" data-id=\"121878\" src=\"https:\/\/urbeamea.ro\/albaiulia\/wp-content\/uploads\/2026\/04\/FB_IMG_1775640437660-1280x852.jpg\" alt=\"\" class=\"wp-image-121878\" srcset=\"https:\/\/urbeamea.ro\/albaiulia\/wp-content\/uploads\/2026\/04\/FB_IMG_1775640437660-1280x852.jpg 1280w, https:\/\/urbeamea.ro\/albaiulia\/wp-content\/uploads\/2026\/04\/FB_IMG_1775640437660-640x426.jpg 640w, https:\/\/urbeamea.ro\/albaiulia\/wp-content\/uploads\/2026\/04\/FB_IMG_1775640437660-150x100.jpg 150w, https:\/\/urbeamea.ro\/albaiulia\/wp-content\/uploads\/2026\/04\/FB_IMG_1775640437660-768x511.jpg 768w, https:\/\/urbeamea.ro\/albaiulia\/wp-content\/uploads\/2026\/04\/FB_IMG_1775640437660-1536x1022.jpg 1536w, https:\/\/urbeamea.ro\/albaiulia\/wp-content\/uploads\/2026\/04\/FB_IMG_1775640437660.jpg 2048w\" sizes=\"auto, (max-width: 1280px) 100vw, 1280px\" \/><\/figure>\n\n\n\n<figure class=\"wp-block-image size-large\"><img loading=\"lazy\" decoding=\"async\" width=\"1280\" height=\"819\" data-id=\"121870\" src=\"https:\/\/urbeamea.ro\/albaiulia\/wp-content\/uploads\/2026\/04\/FB_IMG_1775640423815-1280x819.jpg\" alt=\"\" class=\"wp-image-121870\" srcset=\"https:\/\/urbeamea.ro\/albaiulia\/wp-content\/uploads\/2026\/04\/FB_IMG_1775640423815-1280x819.jpg 1280w, https:\/\/urbeamea.ro\/albaiulia\/wp-content\/uploads\/2026\/04\/FB_IMG_1775640423815-640x409.jpg 640w, https:\/\/urbeamea.ro\/albaiulia\/wp-content\/uploads\/2026\/04\/FB_IMG_1775640423815-150x96.jpg 150w, https:\/\/urbeamea.ro\/albaiulia\/wp-content\/uploads\/2026\/04\/FB_IMG_1775640423815-768x491.jpg 768w, https:\/\/urbeamea.ro\/albaiulia\/wp-content\/uploads\/2026\/04\/FB_IMG_1775640423815-1536x983.jpg 1536w, https:\/\/urbeamea.ro\/albaiulia\/wp-content\/uploads\/2026\/04\/FB_IMG_1775640423815.jpg 2048w\" sizes=\"auto, (max-width: 1280px) 100vw, 1280px\" \/><\/figure>\n\n\n\n<figure class=\"wp-block-image size-large\"><img loading=\"lazy\" decoding=\"async\" width=\"1280\" height=\"819\" data-id=\"121869\" src=\"https:\/\/urbeamea.ro\/albaiulia\/wp-content\/uploads\/2026\/04\/FB_IMG_1775640432022-1280x819.jpg\" alt=\"\" class=\"wp-image-121869\" srcset=\"https:\/\/urbeamea.ro\/albaiulia\/wp-content\/uploads\/2026\/04\/FB_IMG_1775640432022-1280x819.jpg 1280w, https:\/\/urbeamea.ro\/albaiulia\/wp-content\/uploads\/2026\/04\/FB_IMG_1775640432022-640x410.jpg 640w, https:\/\/urbeamea.ro\/albaiulia\/wp-content\/uploads\/2026\/04\/FB_IMG_1775640432022-150x96.jpg 150w, https:\/\/urbeamea.ro\/albaiulia\/wp-content\/uploads\/2026\/04\/FB_IMG_1775640432022-768x492.jpg 768w, https:\/\/urbeamea.ro\/albaiulia\/wp-content\/uploads\/2026\/04\/FB_IMG_1775640432022-1536x983.jpg 1536w, https:\/\/urbeamea.ro\/albaiulia\/wp-content\/uploads\/2026\/04\/FB_IMG_1775640432022.jpg 2048w\" sizes=\"auto, (max-width: 1280px) 100vw, 1280px\" \/><\/figure>\n\n\n\n<figure class=\"wp-block-image size-large\"><img loading=\"lazy\" decoding=\"async\" width=\"1280\" height=\"852\" data-id=\"121868\" src=\"https:\/\/urbeamea.ro\/albaiulia\/wp-content\/uploads\/2026\/04\/FB_IMG_1775640416957-1280x852.jpg\" alt=\"\" class=\"wp-image-121868\" srcset=\"https:\/\/urbeamea.ro\/albaiulia\/wp-content\/uploads\/2026\/04\/FB_IMG_1775640416957-1280x852.jpg 1280w, https:\/\/urbeamea.ro\/albaiulia\/wp-content\/uploads\/2026\/04\/FB_IMG_1775640416957-640x426.jpg 640w, https:\/\/urbeamea.ro\/albaiulia\/wp-content\/uploads\/2026\/04\/FB_IMG_1775640416957-150x100.jpg 150w, https:\/\/urbeamea.ro\/albaiulia\/wp-content\/uploads\/2026\/04\/FB_IMG_1775640416957-768x511.jpg 768w, https:\/\/urbeamea.ro\/albaiulia\/wp-content\/uploads\/2026\/04\/FB_IMG_1775640416957-1536x1022.jpg 1536w, https:\/\/urbeamea.ro\/albaiulia\/wp-content\/uploads\/2026\/04\/FB_IMG_1775640416957.jpg 2048w\" sizes=\"auto, (max-width: 1280px) 100vw, 1280px\" \/><\/figure>\n\n\n\n<figure class=\"wp-block-image size-large\"><img loading=\"lazy\" decoding=\"async\" width=\"1280\" height=\"808\" data-id=\"121876\" src=\"https:\/\/urbeamea.ro\/albaiulia\/wp-content\/uploads\/2026\/04\/FB_IMG_1775640419407-1280x808.jpg\" alt=\"\" class=\"wp-image-121876\" srcset=\"https:\/\/urbeamea.ro\/albaiulia\/wp-content\/uploads\/2026\/04\/FB_IMG_1775640419407-1280x808.jpg 1280w, https:\/\/urbeamea.ro\/albaiulia\/wp-content\/uploads\/2026\/04\/FB_IMG_1775640419407-640x404.jpg 640w, https:\/\/urbeamea.ro\/albaiulia\/wp-content\/uploads\/2026\/04\/FB_IMG_1775640419407-150x95.jpg 150w, https:\/\/urbeamea.ro\/albaiulia\/wp-content\/uploads\/2026\/04\/FB_IMG_1775640419407-768x485.jpg 768w, https:\/\/urbeamea.ro\/albaiulia\/wp-content\/uploads\/2026\/04\/FB_IMG_1775640419407-1536x970.jpg 1536w, https:\/\/urbeamea.ro\/albaiulia\/wp-content\/uploads\/2026\/04\/FB_IMG_1775640419407.jpg 2048w\" sizes=\"auto, (max-width: 1280px) 100vw, 1280px\" \/><\/figure>\n\n\n\n<figure class=\"wp-block-image size-large\"><img loading=\"lazy\" decoding=\"async\" width=\"1280\" height=\"864\" data-id=\"121877\" src=\"https:\/\/urbeamea.ro\/albaiulia\/wp-content\/uploads\/2026\/04\/FB_IMG_1775640417657-1280x864.jpg\" alt=\"\" class=\"wp-image-121877\" srcset=\"https:\/\/urbeamea.ro\/albaiulia\/wp-content\/uploads\/2026\/04\/FB_IMG_1775640417657-1280x864.jpg 1280w, https:\/\/urbeamea.ro\/albaiulia\/wp-content\/uploads\/2026\/04\/FB_IMG_1775640417657-640x432.jpg 640w, https:\/\/urbeamea.ro\/albaiulia\/wp-content\/uploads\/2026\/04\/FB_IMG_1775640417657-150x101.jpg 150w, https:\/\/urbeamea.ro\/albaiulia\/wp-content\/uploads\/2026\/04\/FB_IMG_1775640417657-768x518.jpg 768w, https:\/\/urbeamea.ro\/albaiulia\/wp-content\/uploads\/2026\/04\/FB_IMG_1775640417657-1536x1037.jpg 1536w, https:\/\/urbeamea.ro\/albaiulia\/wp-content\/uploads\/2026\/04\/FB_IMG_1775640417657-220x150.jpg 220w, https:\/\/urbeamea.ro\/albaiulia\/wp-content\/uploads\/2026\/04\/FB_IMG_1775640417657.jpg 2048w\" sizes=\"auto, (max-width: 1280px) 100vw, 1280px\" \/><\/figure>\n\n\n\n<figure class=\"wp-block-image size-large\"><img loading=\"lazy\" decoding=\"async\" width=\"1280\" height=\"904\" data-id=\"121872\" src=\"https:\/\/urbeamea.ro\/albaiulia\/wp-content\/uploads\/2026\/04\/FB_IMG_1775640417370-1280x904.jpg\" alt=\"\" class=\"wp-image-121872\" srcset=\"https:\/\/urbeamea.ro\/albaiulia\/wp-content\/uploads\/2026\/04\/FB_IMG_1775640417370-1280x904.jpg 1280w, https:\/\/urbeamea.ro\/albaiulia\/wp-content\/uploads\/2026\/04\/FB_IMG_1775640417370-640x452.jpg 640w, https:\/\/urbeamea.ro\/albaiulia\/wp-content\/uploads\/2026\/04\/FB_IMG_1775640417370-150x106.jpg 150w, https:\/\/urbeamea.ro\/albaiulia\/wp-content\/uploads\/2026\/04\/FB_IMG_1775640417370-768x543.jpg 768w, https:\/\/urbeamea.ro\/albaiulia\/wp-content\/uploads\/2026\/04\/FB_IMG_1775640417370-1536x1085.jpg 1536w, https:\/\/urbeamea.ro\/albaiulia\/wp-content\/uploads\/2026\/04\/FB_IMG_1775640417370.jpg 2048w\" sizes=\"auto, (max-width: 1280px) 100vw, 1280px\" \/><\/figure>\n\n\n\n<figure class=\"wp-block-image size-large\"><img loading=\"lazy\" decoding=\"async\" width=\"1280\" height=\"852\" data-id=\"121879\" src=\"https:\/\/urbeamea.ro\/albaiulia\/wp-content\/uploads\/2026\/04\/FB_IMG_1775640401860-1280x852.jpg\" alt=\"\" class=\"wp-image-121879\" srcset=\"https:\/\/urbeamea.ro\/albaiulia\/wp-content\/uploads\/2026\/04\/FB_IMG_1775640401860-1280x852.jpg 1280w, https:\/\/urbeamea.ro\/albaiulia\/wp-content\/uploads\/2026\/04\/FB_IMG_1775640401860-640x426.jpg 640w, https:\/\/urbeamea.ro\/albaiulia\/wp-content\/uploads\/2026\/04\/FB_IMG_1775640401860-150x100.jpg 150w, https:\/\/urbeamea.ro\/albaiulia\/wp-content\/uploads\/2026\/04\/FB_IMG_1775640401860-768x511.jpg 768w, https:\/\/urbeamea.ro\/albaiulia\/wp-content\/uploads\/2026\/04\/FB_IMG_1775640401860-1536x1022.jpg 1536w, https:\/\/urbeamea.ro\/albaiulia\/wp-content\/uploads\/2026\/04\/FB_IMG_1775640401860.jpg 2048w\" sizes=\"auto, (max-width: 1280px) 100vw, 1280px\" \/><\/figure>\n\n\n\n<figure class=\"wp-block-image size-large\"><img loading=\"lazy\" decoding=\"async\" width=\"1280\" height=\"894\" data-id=\"121883\" src=\"https:\/\/urbeamea.ro\/albaiulia\/wp-content\/uploads\/2026\/04\/FB_IMG_1775640404615-1280x894.jpg\" alt=\"\" class=\"wp-image-121883\" srcset=\"https:\/\/urbeamea.ro\/albaiulia\/wp-content\/uploads\/2026\/04\/FB_IMG_1775640404615-1280x894.jpg 1280w, https:\/\/urbeamea.ro\/albaiulia\/wp-content\/uploads\/2026\/04\/FB_IMG_1775640404615-640x447.jpg 640w, https:\/\/urbeamea.ro\/albaiulia\/wp-content\/uploads\/2026\/04\/FB_IMG_1775640404615-150x105.jpg 150w, https:\/\/urbeamea.ro\/albaiulia\/wp-content\/uploads\/2026\/04\/FB_IMG_1775640404615-768x536.jpg 768w, https:\/\/urbeamea.ro\/albaiulia\/wp-content\/uploads\/2026\/04\/FB_IMG_1775640404615-1536x1073.jpg 1536w, https:\/\/urbeamea.ro\/albaiulia\/wp-content\/uploads\/2026\/04\/FB_IMG_1775640404615.jpg 2048w\" sizes=\"auto, (max-width: 1280px) 100vw, 1280px\" \/><\/figure>\n\n\n\n<figure class=\"wp-block-image size-large\"><img loading=\"lazy\" decoding=\"async\" width=\"1280\" height=\"823\" data-id=\"121885\" src=\"https:\/\/urbeamea.ro\/albaiulia\/wp-content\/uploads\/2026\/04\/FB_IMG_1775640392433-1280x823.jpg\" alt=\"\" class=\"wp-image-121885\" srcset=\"https:\/\/urbeamea.ro\/albaiulia\/wp-content\/uploads\/2026\/04\/FB_IMG_1775640392433-1280x823.jpg 1280w, https:\/\/urbeamea.ro\/albaiulia\/wp-content\/uploads\/2026\/04\/FB_IMG_1775640392433-640x411.jpg 640w, https:\/\/urbeamea.ro\/albaiulia\/wp-content\/uploads\/2026\/04\/FB_IMG_1775640392433-150x96.jpg 150w, https:\/\/urbeamea.ro\/albaiulia\/wp-content\/uploads\/2026\/04\/FB_IMG_1775640392433-768x494.jpg 768w, https:\/\/urbeamea.ro\/albaiulia\/wp-content\/uploads\/2026\/04\/FB_IMG_1775640392433-1536x987.jpg 1536w, https:\/\/urbeamea.ro\/albaiulia\/wp-content\/uploads\/2026\/04\/FB_IMG_1775640392433.jpg 2048w\" sizes=\"auto, (max-width: 1280px) 100vw, 1280px\" \/><\/figure>\n\n\n\n<figure class=\"wp-block-image size-large\"><img loading=\"lazy\" decoding=\"async\" width=\"1280\" height=\"816\" data-id=\"121871\" src=\"https:\/\/urbeamea.ro\/albaiulia\/wp-content\/uploads\/2026\/04\/FB_IMG_1775640398648-1280x816.jpg\" alt=\"\" class=\"wp-image-121871\" srcset=\"https:\/\/urbeamea.ro\/albaiulia\/wp-content\/uploads\/2026\/04\/FB_IMG_1775640398648-1280x816.jpg 1280w, https:\/\/urbeamea.ro\/albaiulia\/wp-content\/uploads\/2026\/04\/FB_IMG_1775640398648-640x408.jpg 640w, https:\/\/urbeamea.ro\/albaiulia\/wp-content\/uploads\/2026\/04\/FB_IMG_1775640398648-150x96.jpg 150w, https:\/\/urbeamea.ro\/albaiulia\/wp-content\/uploads\/2026\/04\/FB_IMG_1775640398648-768x489.jpg 768w, https:\/\/urbeamea.ro\/albaiulia\/wp-content\/uploads\/2026\/04\/FB_IMG_1775640398648-1536x979.jpg 1536w, https:\/\/urbeamea.ro\/albaiulia\/wp-content\/uploads\/2026\/04\/FB_IMG_1775640398648.jpg 2048w\" sizes=\"auto, (max-width: 1280px) 100vw, 1280px\" \/><\/figure>\n\n\n\n<figure class=\"wp-block-image size-large\"><img loading=\"lazy\" decoding=\"async\" width=\"1280\" height=\"852\" data-id=\"121884\" src=\"https:\/\/urbeamea.ro\/albaiulia\/wp-content\/uploads\/2026\/04\/FB_IMG_1775640385191-1280x852.jpg\" alt=\"\" class=\"wp-image-121884\" srcset=\"https:\/\/urbeamea.ro\/albaiulia\/wp-content\/uploads\/2026\/04\/FB_IMG_1775640385191-1280x852.jpg 1280w, https:\/\/urbeamea.ro\/albaiulia\/wp-content\/uploads\/2026\/04\/FB_IMG_1775640385191-640x426.jpg 640w, https:\/\/urbeamea.ro\/albaiulia\/wp-content\/uploads\/2026\/04\/FB_IMG_1775640385191-150x100.jpg 150w, https:\/\/urbeamea.ro\/albaiulia\/wp-content\/uploads\/2026\/04\/FB_IMG_1775640385191-768x511.jpg 768w, https:\/\/urbeamea.ro\/albaiulia\/wp-content\/uploads\/2026\/04\/FB_IMG_1775640385191-1536x1022.jpg 1536w, https:\/\/urbeamea.ro\/albaiulia\/wp-content\/uploads\/2026\/04\/FB_IMG_1775640385191.jpg 2048w\" sizes=\"auto, (max-width: 1280px) 100vw, 1280px\" \/><\/figure>\n\n\n\n<figure class=\"wp-block-image size-large\"><img loading=\"lazy\" decoding=\"async\" width=\"1280\" height=\"852\" data-id=\"121880\" src=\"https:\/\/urbeamea.ro\/albaiulia\/wp-content\/uploads\/2026\/04\/FB_IMG_1775640382993-1280x852.jpg\" alt=\"\" class=\"wp-image-121880\" srcset=\"https:\/\/urbeamea.ro\/albaiulia\/wp-content\/uploads\/2026\/04\/FB_IMG_1775640382993-1280x852.jpg 1280w, https:\/\/urbeamea.ro\/albaiulia\/wp-content\/uploads\/2026\/04\/FB_IMG_1775640382993-640x426.jpg 640w, https:\/\/urbeamea.ro\/albaiulia\/wp-content\/uploads\/2026\/04\/FB_IMG_1775640382993-150x100.jpg 150w, https:\/\/urbeamea.ro\/albaiulia\/wp-content\/uploads\/2026\/04\/FB_IMG_1775640382993-768x511.jpg 768w, https:\/\/urbeamea.ro\/albaiulia\/wp-content\/uploads\/2026\/04\/FB_IMG_1775640382993-1536x1022.jpg 1536w, https:\/\/urbeamea.ro\/albaiulia\/wp-content\/uploads\/2026\/04\/FB_IMG_1775640382993.jpg 2048w\" sizes=\"auto, (max-width: 1280px) 100vw, 1280px\" \/><\/figure>\n\n\n\n<figure class=\"wp-block-image size-large\"><img loading=\"lazy\" decoding=\"async\" width=\"1280\" height=\"720\" data-id=\"121886\" src=\"https:\/\/urbeamea.ro\/albaiulia\/wp-content\/uploads\/2026\/04\/FB_IMG_1775640379286-1280x720.jpg\" alt=\"\" class=\"wp-image-121886\" srcset=\"https:\/\/urbeamea.ro\/albaiulia\/wp-content\/uploads\/2026\/04\/FB_IMG_1775640379286-1280x720.jpg 1280w, https:\/\/urbeamea.ro\/albaiulia\/wp-content\/uploads\/2026\/04\/FB_IMG_1775640379286-640x360.jpg 640w, https:\/\/urbeamea.ro\/albaiulia\/wp-content\/uploads\/2026\/04\/FB_IMG_1775640379286-150x84.jpg 150w, https:\/\/urbeamea.ro\/albaiulia\/wp-content\/uploads\/2026\/04\/FB_IMG_1775640379286-768x432.jpg 768w, https:\/\/urbeamea.ro\/albaiulia\/wp-content\/uploads\/2026\/04\/FB_IMG_1775640379286-1536x864.jpg 1536w, https:\/\/urbeamea.ro\/albaiulia\/wp-content\/uploads\/2026\/04\/FB_IMG_1775640379286-390x220.jpg 390w, https:\/\/urbeamea.ro\/albaiulia\/wp-content\/uploads\/2026\/04\/FB_IMG_1775640379286.jpg 2048w\" sizes=\"auto, (max-width: 1280px) 100vw, 1280px\" \/><figcaption class=\"wp-element-caption\">default<\/figcaption><\/figure>\n\n\n\n<figure class=\"wp-block-image size-large\"><img loading=\"lazy\" decoding=\"async\" width=\"1280\" height=\"720\" data-id=\"121882\" src=\"https:\/\/urbeamea.ro\/albaiulia\/wp-content\/uploads\/2026\/04\/FB_IMG_1775640373720-1280x720.jpg\" alt=\"\" class=\"wp-image-121882\" srcset=\"https:\/\/urbeamea.ro\/albaiulia\/wp-content\/uploads\/2026\/04\/FB_IMG_1775640373720-1280x720.jpg 1280w, https:\/\/urbeamea.ro\/albaiulia\/wp-content\/uploads\/2026\/04\/FB_IMG_1775640373720-640x360.jpg 640w, https:\/\/urbeamea.ro\/albaiulia\/wp-content\/uploads\/2026\/04\/FB_IMG_1775640373720-150x84.jpg 150w, https:\/\/urbeamea.ro\/albaiulia\/wp-content\/uploads\/2026\/04\/FB_IMG_1775640373720-768x432.jpg 768w, https:\/\/urbeamea.ro\/albaiulia\/wp-content\/uploads\/2026\/04\/FB_IMG_1775640373720-1536x864.jpg 1536w, https:\/\/urbeamea.ro\/albaiulia\/wp-content\/uploads\/2026\/04\/FB_IMG_1775640373720-390x220.jpg 390w, https:\/\/urbeamea.ro\/albaiulia\/wp-content\/uploads\/2026\/04\/FB_IMG_1775640373720.jpg 2048w\" sizes=\"auto, (max-width: 1280px) 100vw, 1280px\" \/><figcaption class=\"wp-element-caption\">default<\/figcaption><\/figure>\n\n\n\n<figure class=\"wp-block-image size-large\"><img loading=\"lazy\" decoding=\"async\" width=\"1280\" height=\"937\" data-id=\"121875\" src=\"https:\/\/urbeamea.ro\/albaiulia\/wp-content\/uploads\/2026\/04\/FB_IMG_1775640376301-1280x937.jpg\" alt=\"\" class=\"wp-image-121875\" srcset=\"https:\/\/urbeamea.ro\/albaiulia\/wp-content\/uploads\/2026\/04\/FB_IMG_1775640376301-1280x937.jpg 1280w, https:\/\/urbeamea.ro\/albaiulia\/wp-content\/uploads\/2026\/04\/FB_IMG_1775640376301-640x468.jpg 640w, https:\/\/urbeamea.ro\/albaiulia\/wp-content\/uploads\/2026\/04\/FB_IMG_1775640376301-150x110.jpg 150w, https:\/\/urbeamea.ro\/albaiulia\/wp-content\/uploads\/2026\/04\/FB_IMG_1775640376301-768x562.jpg 768w, https:\/\/urbeamea.ro\/albaiulia\/wp-content\/uploads\/2026\/04\/FB_IMG_1775640376301-1536x1124.jpg 1536w, https:\/\/urbeamea.ro\/albaiulia\/wp-content\/uploads\/2026\/04\/FB_IMG_1775640376301.jpg 2048w\" sizes=\"auto, (max-width: 1280px) 100vw, 1280px\" \/><\/figure>\n\n\n\n<figure class=\"wp-block-image size-large\"><img loading=\"lazy\" decoding=\"async\" width=\"1013\" height=\"1280\" data-id=\"121873\" src=\"https:\/\/urbeamea.ro\/albaiulia\/wp-content\/uploads\/2026\/04\/FB_IMG_1775640368091-1013x1280.jpg\" alt=\"\" class=\"wp-image-121873\" srcset=\"https:\/\/urbeamea.ro\/albaiulia\/wp-content\/uploads\/2026\/04\/FB_IMG_1775640368091-1013x1280.jpg 1013w, https:\/\/urbeamea.ro\/albaiulia\/wp-content\/uploads\/2026\/04\/FB_IMG_1775640368091-506x640.jpg 506w, https:\/\/urbeamea.ro\/albaiulia\/wp-content\/uploads\/2026\/04\/FB_IMG_1775640368091-119x150.jpg 119w, https:\/\/urbeamea.ro\/albaiulia\/wp-content\/uploads\/2026\/04\/FB_IMG_1775640368091-768x971.jpg 768w, https:\/\/urbeamea.ro\/albaiulia\/wp-content\/uploads\/2026\/04\/FB_IMG_1775640368091-1215x1536.jpg 1215w, https:\/\/urbeamea.ro\/albaiulia\/wp-content\/uploads\/2026\/04\/FB_IMG_1775640368091.jpg 1620w\" sizes=\"auto, (max-width: 1013px) 100vw, 1013px\" \/><\/figure>\n\n\n\n<figure class=\"wp-block-image size-large\"><img loading=\"lazy\" decoding=\"async\" width=\"852\" height=\"1280\" data-id=\"121881\" src=\"https:\/\/urbeamea.ro\/albaiulia\/wp-content\/uploads\/2026\/04\/FB_IMG_1775640365394-852x1280.jpg\" alt=\"\" class=\"wp-image-121881\" srcset=\"https:\/\/urbeamea.ro\/albaiulia\/wp-content\/uploads\/2026\/04\/FB_IMG_1775640365394-852x1280.jpg 852w, https:\/\/urbeamea.ro\/albaiulia\/wp-content\/uploads\/2026\/04\/FB_IMG_1775640365394-426x640.jpg 426w, https:\/\/urbeamea.ro\/albaiulia\/wp-content\/uploads\/2026\/04\/FB_IMG_1775640365394-100x150.jpg 100w, https:\/\/urbeamea.ro\/albaiulia\/wp-content\/uploads\/2026\/04\/FB_IMG_1775640365394-768x1154.jpg 768w, https:\/\/urbeamea.ro\/albaiulia\/wp-content\/uploads\/2026\/04\/FB_IMG_1775640365394-1022x1536.jpg 1022w, https:\/\/urbeamea.ro\/albaiulia\/wp-content\/uploads\/2026\/04\/FB_IMG_1775640365394.jpg 1363w\" sizes=\"auto, (max-width: 852px) 100vw, 852px\" \/><\/figure>\n<\/figure>\n\n\n\n<p><\/p>\n","protected":false},"excerpt":{"rendered":"<p>\u00cen spirit de rug\u0103ciune \u0219i comuniune, credincio\u0219ii greco-catolic au parcurs \u00eempreun\u0103, mar\u021bi 7 aprilie 2026, Calea Crucii cu procesiune pe str\u0103zile Blajului, retr\u0103ind simbolic drumul suferin\u021bei M\u00e2ntuitorului \u00een aceste zile sfinte ale S\u0103pt\u0103m\u00e2nii Mari. Cu binecuv\u00e2ntarea Preafericirii Sale Claudiu-Lucian Pop, Arhiepiscopul Major al Bisericii Rom\u00e2ne Unite cu Roma, Greco-Catolic\u0103, procesiunea a fost condus\u0103 de Preasfin\u021bia &hellip;<\/p>\n","protected":false},"author":28,"featured_media":121870,"comment_status":"open","ping_status":"open","sticky":false,"template":"","format":"standard","meta":{"inline_featured_image":false,"footnotes":""},"categories":[23926,4,2034,1,16344],"tags":[25562],"class_list":["post-121867","post","type-post","status-publish","format-standard","has-post-thumbnail","hentry","category-actualitate","category-eveniment","category-social","category-stiri-urbane","category-urbea-mea","tag-calea-crucii"],"yoast_head":"<!-- This site is optimized with the Yoast SEO plugin v27.4 - https:\/\/yoast.com\/product\/yoast-seo-wordpress\/ -->\n<title>Credincio\u0219ii din Blaj, uni\u021bi \u00een rug\u0103ciune pe Calea Crucii, \u00een S\u0103pt\u0103m\u00e2na Mare - Revista Urbea Mea - Revista de Alba<\/title>\n<meta name=\"description\" content=\"\u00cen spirit de rug\u0103ciune \u0219i comuniune, credincio\u0219ii greco-catolic au parcurs \u00eempreun\u0103, mar\u021bi 7 aprilie 2026, Calea Crucii cu procesiune pe str\u0103zile\" \/>\n<meta name=\"robots\" content=\"index, follow, max-snippet:-1, max-image-preview:large, max-video-preview:-1\" \/>\n<link rel=\"canonical\" href=\"https:\/\/urbeamea.ro\/albaiulia\/credinciosii-din-blaj-uniti-in-rugaciune-pe-calea-crucii-in-saptamana-mare\/\" \/>\n<meta name=\"twitter:card\" content=\"summary_large_image\" \/>\n<meta name=\"twitter:title\" content=\"Credincio\u0219ii din Blaj, uni\u021bi \u00een rug\u0103ciune pe Calea Crucii, \u00een S\u0103pt\u0103m\u00e2na Mare - Revista Urbea Mea - Revista de Alba\" \/>\n<meta name=\"twitter:description\" content=\"\u00cen spirit de rug\u0103ciune \u0219i comuniune, credincio\u0219ii greco-catolic au parcurs \u00eempreun\u0103, mar\u021bi 7 aprilie 2026, Calea Crucii cu procesiune pe str\u0103zile\" \/>\n<meta name=\"twitter:image\" content=\"https:\/\/urbeamea.ro\/albaiulia\/wp-content\/uploads\/2026\/04\/FB_IMG_1775640423815.jpg\" \/>\n<meta name=\"twitter:creator\" content=\"@urbeameaweb\" \/>\n<meta name=\"twitter:site\" content=\"@urbeameaweb\" \/>\n<script type=\"application\/ld+json\" class=\"yoast-schema-graph\">{\"@context\":\"https:\\\/\\\/schema.org\",\"@graph\":[{\"@type\":\"Article\",\"@id\":\"https:\\\/\\\/urbeamea.ro\\\/albaiulia\\\/credinciosii-din-blaj-uniti-in-rugaciune-pe-calea-crucii-in-saptamana-mare\\\/#article\",\"isPartOf\":{\"@id\":\"https:\\\/\\\/urbeamea.ro\\\/albaiulia\\\/credinciosii-din-blaj-uniti-in-rugaciune-pe-calea-crucii-in-saptamana-mare\\\/\"},\"author\":{\"name\":\"Giurca Sorin\",\"@id\":\"https:\\\/\\\/urbeamea.ro\\\/albaiulia\\\/#\\\/schema\\\/person\\\/5db3854ac38c1cc9f0ab4092d6a20f02\"},\"headline\":\"Credincio\u0219ii din Blaj, uni\u021bi \u00een rug\u0103ciune pe Calea Crucii, \u00een S\u0103pt\u0103m\u00e2na Mare\",\"datePublished\":\"2026-04-08T09:33:55+00:00\",\"dateModified\":\"2026-04-08T09:33:59+00:00\",\"mainEntityOfPage\":{\"@id\":\"https:\\\/\\\/urbeamea.ro\\\/albaiulia\\\/credinciosii-din-blaj-uniti-in-rugaciune-pe-calea-crucii-in-saptamana-mare\\\/\"},\"wordCount\":443,\"commentCount\":0,\"image\":{\"@id\":\"https:\\\/\\\/urbeamea.ro\\\/albaiulia\\\/credinciosii-din-blaj-uniti-in-rugaciune-pe-calea-crucii-in-saptamana-mare\\\/#primaryimage\"},\"thumbnailUrl\":\"https:\\\/\\\/urbeamea.ro\\\/albaiulia\\\/wp-content\\\/uploads\\\/2026\\\/04\\\/FB_IMG_1775640423815.jpg\",\"keywords\":[\"Calea Crucii\"],\"articleSection\":[\"Actualitate\",\"Evenimente\",\"Social\",\"\u015etiri Urbane\",\"Urbea Mea\"],\"inLanguage\":\"ro-RO\",\"potentialAction\":[{\"@type\":\"CommentAction\",\"name\":\"Comment\",\"target\":[\"https:\\\/\\\/urbeamea.ro\\\/albaiulia\\\/credinciosii-din-blaj-uniti-in-rugaciune-pe-calea-crucii-in-saptamana-mare\\\/#respond\"]}]},{\"@type\":\"WebPage\",\"@id\":\"https:\\\/\\\/urbeamea.ro\\\/albaiulia\\\/credinciosii-din-blaj-uniti-in-rugaciune-pe-calea-crucii-in-saptamana-mare\\\/\",\"url\":\"https:\\\/\\\/urbeamea.ro\\\/albaiulia\\\/credinciosii-din-blaj-uniti-in-rugaciune-pe-calea-crucii-in-saptamana-mare\\\/\",\"name\":\"Credincio\u0219ii din Blaj, uni\u021bi \u00een rug\u0103ciune pe Calea Crucii, \u00een S\u0103pt\u0103m\u00e2na Mare - Revista Urbea Mea - Revista de Alba\",\"isPartOf\":{\"@id\":\"https:\\\/\\\/urbeamea.ro\\\/albaiulia\\\/#website\"},\"primaryImageOfPage\":{\"@id\":\"https:\\\/\\\/urbeamea.ro\\\/albaiulia\\\/credinciosii-din-blaj-uniti-in-rugaciune-pe-calea-crucii-in-saptamana-mare\\\/#primaryimage\"},\"image\":{\"@id\":\"https:\\\/\\\/urbeamea.ro\\\/albaiulia\\\/credinciosii-din-blaj-uniti-in-rugaciune-pe-calea-crucii-in-saptamana-mare\\\/#primaryimage\"},\"thumbnailUrl\":\"https:\\\/\\\/urbeamea.ro\\\/albaiulia\\\/wp-content\\\/uploads\\\/2026\\\/04\\\/FB_IMG_1775640423815.jpg\",\"datePublished\":\"2026-04-08T09:33:55+00:00\",\"dateModified\":\"2026-04-08T09:33:59+00:00\",\"author\":{\"@id\":\"https:\\\/\\\/urbeamea.ro\\\/albaiulia\\\/#\\\/schema\\\/person\\\/5db3854ac38c1cc9f0ab4092d6a20f02\"},\"description\":\"\u00cen spirit de rug\u0103ciune \u0219i comuniune, credincio\u0219ii greco-catolic au parcurs \u00eempreun\u0103, mar\u021bi 7 aprilie 2026, Calea Crucii cu procesiune pe str\u0103zile\",\"breadcrumb\":{\"@id\":\"https:\\\/\\\/urbeamea.ro\\\/albaiulia\\\/credinciosii-din-blaj-uniti-in-rugaciune-pe-calea-crucii-in-saptamana-mare\\\/#breadcrumb\"},\"inLanguage\":\"ro-RO\",\"potentialAction\":[{\"@type\":\"ReadAction\",\"target\":[\"https:\\\/\\\/urbeamea.ro\\\/albaiulia\\\/credinciosii-din-blaj-uniti-in-rugaciune-pe-calea-crucii-in-saptamana-mare\\\/\"]}]},{\"@type\":\"ImageObject\",\"inLanguage\":\"ro-RO\",\"@id\":\"https:\\\/\\\/urbeamea.ro\\\/albaiulia\\\/credinciosii-din-blaj-uniti-in-rugaciune-pe-calea-crucii-in-saptamana-mare\\\/#primaryimage\",\"url\":\"https:\\\/\\\/urbeamea.ro\\\/albaiulia\\\/wp-content\\\/uploads\\\/2026\\\/04\\\/FB_IMG_1775640423815.jpg\",\"contentUrl\":\"https:\\\/\\\/urbeamea.ro\\\/albaiulia\\\/wp-content\\\/uploads\\\/2026\\\/04\\\/FB_IMG_1775640423815.jpg\",\"width\":2048,\"height\":1310},{\"@type\":\"BreadcrumbList\",\"@id\":\"https:\\\/\\\/urbeamea.ro\\\/albaiulia\\\/credinciosii-din-blaj-uniti-in-rugaciune-pe-calea-crucii-in-saptamana-mare\\\/#breadcrumb\",\"itemListElement\":[{\"@type\":\"ListItem\",\"position\":1,\"name\":\"Prima pagin\u0103\",\"item\":\"https:\\\/\\\/urbeamea.ro\\\/albaiulia\\\/\"},{\"@type\":\"ListItem\",\"position\":2,\"name\":\"Credincio\u0219ii din Blaj, uni\u021bi \u00een rug\u0103ciune pe Calea Crucii, \u00een S\u0103pt\u0103m\u00e2na Mare\"}]},{\"@type\":\"WebSite\",\"@id\":\"https:\\\/\\\/urbeamea.ro\\\/albaiulia\\\/#website\",\"url\":\"https:\\\/\\\/urbeamea.ro\\\/albaiulia\\\/\",\"name\":\"Revista Urbea Mea, Stiri urbane\",\"description\":\"Evenimente \u0219i \u0219tiri din Alba Iulia, Sebe\u0219, Aiud, Blaj\",\"potentialAction\":[{\"@type\":\"SearchAction\",\"target\":{\"@type\":\"EntryPoint\",\"urlTemplate\":\"https:\\\/\\\/urbeamea.ro\\\/albaiulia\\\/?s={search_term_string}\"},\"query-input\":{\"@type\":\"PropertyValueSpecification\",\"valueRequired\":true,\"valueName\":\"search_term_string\"}}],\"inLanguage\":\"ro-RO\"},{\"@type\":\"Person\",\"@id\":\"https:\\\/\\\/urbeamea.ro\\\/albaiulia\\\/#\\\/schema\\\/person\\\/5db3854ac38c1cc9f0ab4092d6a20f02\",\"name\":\"Giurca Sorin\",\"image\":{\"@type\":\"ImageObject\",\"inLanguage\":\"ro-RO\",\"@id\":\"https:\\\/\\\/secure.gravatar.com\\\/avatar\\\/120f6fcae7b3b47a7730cb9943f612f4909f68ac5284b5f40ac1c4615fd70576?s=96&d=mm&r=g\",\"url\":\"https:\\\/\\\/secure.gravatar.com\\\/avatar\\\/120f6fcae7b3b47a7730cb9943f612f4909f68ac5284b5f40ac1c4615fd70576?s=96&d=mm&r=g\",\"contentUrl\":\"https:\\\/\\\/secure.gravatar.com\\\/avatar\\\/120f6fcae7b3b47a7730cb9943f612f4909f68ac5284b5f40ac1c4615fd70576?s=96&d=mm&r=g\",\"caption\":\"Giurca Sorin\"},\"url\":\"https:\\\/\\\/urbeamea.ro\\\/albaiulia\\\/author\\\/sorin\\\/\"}]}<\/script>\n<!-- \/ Yoast SEO plugin. -->","yoast_head_json":{"title":"Credincio\u0219ii din Blaj, uni\u021bi \u00een rug\u0103ciune pe Calea Crucii, \u00een S\u0103pt\u0103m\u00e2na Mare - Revista Urbea Mea - Revista de Alba","description":"\u00cen spirit de rug\u0103ciune \u0219i comuniune, credincio\u0219ii greco-catolic au parcurs \u00eempreun\u0103, mar\u021bi 7 aprilie 2026, Calea Crucii cu procesiune pe str\u0103zile","robots":{"index":"index","follow":"follow","max-snippet":"max-snippet:-1","max-image-preview":"max-image-preview:large","max-video-preview":"max-video-preview:-1"},"canonical":"https:\/\/urbeamea.ro\/albaiulia\/credinciosii-din-blaj-uniti-in-rugaciune-pe-calea-crucii-in-saptamana-mare\/","twitter_card":"summary_large_image","twitter_title":"Credincio\u0219ii din Blaj, uni\u021bi \u00een rug\u0103ciune pe Calea Crucii, \u00een S\u0103pt\u0103m\u00e2na Mare - Revista Urbea Mea - Revista de Alba","twitter_description":"\u00cen spirit de rug\u0103ciune \u0219i comuniune, credincio\u0219ii greco-catolic au parcurs \u00eempreun\u0103, mar\u021bi 7 aprilie 2026, Calea Crucii cu procesiune pe str\u0103zile","twitter_image":"https:\/\/urbeamea.ro\/albaiulia\/wp-content\/uploads\/2026\/04\/FB_IMG_1775640423815.jpg","twitter_creator":"@urbeameaweb","twitter_site":"@urbeameaweb","schema":{"@context":"https:\/\/schema.org","@graph":[{"@type":"Article","@id":"https:\/\/urbeamea.ro\/albaiulia\/credinciosii-din-blaj-uniti-in-rugaciune-pe-calea-crucii-in-saptamana-mare\/#article","isPartOf":{"@id":"https:\/\/urbeamea.ro\/albaiulia\/credinciosii-din-blaj-uniti-in-rugaciune-pe-calea-crucii-in-saptamana-mare\/"},"author":{"name":"Giurca Sorin","@id":"https:\/\/urbeamea.ro\/albaiulia\/#\/schema\/person\/5db3854ac38c1cc9f0ab4092d6a20f02"},"headline":"Credincio\u0219ii din Blaj, uni\u021bi \u00een rug\u0103ciune pe Calea Crucii, \u00een S\u0103pt\u0103m\u00e2na Mare","datePublished":"2026-04-08T09:33:55+00:00","dateModified":"2026-04-08T09:33:59+00:00","mainEntityOfPage":{"@id":"https:\/\/urbeamea.ro\/albaiulia\/credinciosii-din-blaj-uniti-in-rugaciune-pe-calea-crucii-in-saptamana-mare\/"},"wordCount":443,"commentCount":0,"image":{"@id":"https:\/\/urbeamea.ro\/albaiulia\/credinciosii-din-blaj-uniti-in-rugaciune-pe-calea-crucii-in-saptamana-mare\/#primaryimage"},"thumbnailUrl":"https:\/\/urbeamea.ro\/albaiulia\/wp-content\/uploads\/2026\/04\/FB_IMG_1775640423815.jpg","keywords":["Calea Crucii"],"articleSection":["Actualitate","Evenimente","Social","\u015etiri Urbane","Urbea Mea"],"inLanguage":"ro-RO","potentialAction":[{"@type":"CommentAction","name":"Comment","target":["https:\/\/urbeamea.ro\/albaiulia\/credinciosii-din-blaj-uniti-in-rugaciune-pe-calea-crucii-in-saptamana-mare\/#respond"]}]},{"@type":"WebPage","@id":"https:\/\/urbeamea.ro\/albaiulia\/credinciosii-din-blaj-uniti-in-rugaciune-pe-calea-crucii-in-saptamana-mare\/","url":"https:\/\/urbeamea.ro\/albaiulia\/credinciosii-din-blaj-uniti-in-rugaciune-pe-calea-crucii-in-saptamana-mare\/","name":"Credincio\u0219ii din Blaj, uni\u021bi \u00een rug\u0103ciune pe Calea Crucii, \u00een S\u0103pt\u0103m\u00e2na Mare - Revista Urbea Mea - Revista de Alba","isPartOf":{"@id":"https:\/\/urbeamea.ro\/albaiulia\/#website"},"primaryImageOfPage":{"@id":"https:\/\/urbeamea.ro\/albaiulia\/credinciosii-din-blaj-uniti-in-rugaciune-pe-calea-crucii-in-saptamana-mare\/#primaryimage"},"image":{"@id":"https:\/\/urbeamea.ro\/albaiulia\/credinciosii-din-blaj-uniti-in-rugaciune-pe-calea-crucii-in-saptamana-mare\/#primaryimage"},"thumbnailUrl":"https:\/\/urbeamea.ro\/albaiulia\/wp-content\/uploads\/2026\/04\/FB_IMG_1775640423815.jpg","datePublished":"2026-04-08T09:33:55+00:00","dateModified":"2026-04-08T09:33:59+00:00","author":{"@id":"https:\/\/urbeamea.ro\/albaiulia\/#\/schema\/person\/5db3854ac38c1cc9f0ab4092d6a20f02"},"description":"\u00cen spirit de rug\u0103ciune \u0219i comuniune, credincio\u0219ii greco-catolic au parcurs \u00eempreun\u0103, mar\u021bi 7 aprilie 2026, Calea Crucii cu procesiune pe str\u0103zile","breadcrumb":{"@id":"https:\/\/urbeamea.ro\/albaiulia\/credinciosii-din-blaj-uniti-in-rugaciune-pe-calea-crucii-in-saptamana-mare\/#breadcrumb"},"inLanguage":"ro-RO","potentialAction":[{"@type":"ReadAction","target":["https:\/\/urbeamea.ro\/albaiulia\/credinciosii-din-blaj-uniti-in-rugaciune-pe-calea-crucii-in-saptamana-mare\/"]}]},{"@type":"ImageObject","inLanguage":"ro-RO","@id":"https:\/\/urbeamea.ro\/albaiulia\/credinciosii-din-blaj-uniti-in-rugaciune-pe-calea-crucii-in-saptamana-mare\/#primaryimage","url":"https:\/\/urbeamea.ro\/albaiulia\/wp-content\/uploads\/2026\/04\/FB_IMG_1775640423815.jpg","contentUrl":"https:\/\/urbeamea.ro\/albaiulia\/wp-content\/uploads\/2026\/04\/FB_IMG_1775640423815.jpg","width":2048,"height":1310},{"@type":"BreadcrumbList","@id":"https:\/\/urbeamea.ro\/albaiulia\/credinciosii-din-blaj-uniti-in-rugaciune-pe-calea-crucii-in-saptamana-mare\/#breadcrumb","itemListElement":[{"@type":"ListItem","position":1,"name":"Prima pagin\u0103","item":"https:\/\/urbeamea.ro\/albaiulia\/"},{"@type":"ListItem","position":2,"name":"Credincio\u0219ii din Blaj, uni\u021bi \u00een rug\u0103ciune pe Calea Crucii, \u00een S\u0103pt\u0103m\u00e2na Mare"}]},{"@type":"WebSite","@id":"https:\/\/urbeamea.ro\/albaiulia\/#website","url":"https:\/\/urbeamea.ro\/albaiulia\/","name":"Revista Urbea Mea, Stiri urbane","description":"Evenimente \u0219i \u0219tiri din Alba Iulia, Sebe\u0219, Aiud, Blaj","potentialAction":[{"@type":"SearchAction","target":{"@type":"EntryPoint","urlTemplate":"https:\/\/urbeamea.ro\/albaiulia\/?s={search_term_string}"},"query-input":{"@type":"PropertyValueSpecification","valueRequired":true,"valueName":"search_term_string"}}],"inLanguage":"ro-RO"},{"@type":"Person","@id":"https:\/\/urbeamea.ro\/albaiulia\/#\/schema\/person\/5db3854ac38c1cc9f0ab4092d6a20f02","name":"Giurca Sorin","image":{"@type":"ImageObject","inLanguage":"ro-RO","@id":"https:\/\/secure.gravatar.com\/avatar\/120f6fcae7b3b47a7730cb9943f612f4909f68ac5284b5f40ac1c4615fd70576?s=96&d=mm&r=g","url":"https:\/\/secure.gravatar.com\/avatar\/120f6fcae7b3b47a7730cb9943f612f4909f68ac5284b5f40ac1c4615fd70576?s=96&d=mm&r=g","contentUrl":"https:\/\/secure.gravatar.com\/avatar\/120f6fcae7b3b47a7730cb9943f612f4909f68ac5284b5f40ac1c4615fd70576?s=96&d=mm&r=g","caption":"Giurca Sorin"},"url":"https:\/\/urbeamea.ro\/albaiulia\/author\/sorin\/"}]}},"_links":{"self":[{"href":"https:\/\/urbeamea.ro\/albaiulia\/wp-json\/wp\/v2\/posts\/121867","targetHints":{"allow":["GET"]}}],"collection":[{"href":"https:\/\/urbeamea.ro\/albaiulia\/wp-json\/wp\/v2\/posts"}],"about":[{"href":"https:\/\/urbeamea.ro\/albaiulia\/wp-json\/wp\/v2\/types\/post"}],"author":[{"embeddable":true,"href":"https:\/\/urbeamea.ro\/albaiulia\/wp-json\/wp\/v2\/users\/28"}],"replies":[{"embeddable":true,"href":"https:\/\/urbeamea.ro\/albaiulia\/wp-json\/wp\/v2\/comments?post=121867"}],"version-history":[{"count":1,"href":"https:\/\/urbeamea.ro\/albaiulia\/wp-json\/wp\/v2\/posts\/121867\/revisions"}],"predecessor-version":[{"id":121887,"href":"https:\/\/urbeamea.ro\/albaiulia\/wp-json\/wp\/v2\/posts\/121867\/revisions\/121887"}],"wp:featuredmedia":[{"embeddable":true,"href":"https:\/\/urbeamea.ro\/albaiulia\/wp-json\/wp\/v2\/media\/121870"}],"wp:attachment":[{"href":"https:\/\/urbeamea.ro\/albaiulia\/wp-json\/wp\/v2\/media?parent=121867"}],"wp:term":[{"taxonomy":"category","embeddable":true,"href":"https:\/\/urbeamea.ro\/albaiulia\/wp-json\/wp\/v2\/categories?post=121867"},{"taxonomy":"post_tag","embeddable":true,"href":"https:\/\/urbeamea.ro\/albaiulia\/wp-json\/wp\/v2\/tags?post=121867"}],"curies":[{"name":"wp","href":"https:\/\/api.w.org\/{rel}","templated":true}]}}