{"id":121888,"date":"2026-04-08T16:00:00","date_gmt":"2026-04-08T13:00:00","guid":{"rendered":"https:\/\/urbeamea.ro\/albaiulia\/?p=121888"},"modified":"2026-04-08T16:00:03","modified_gmt":"2026-04-08T13:00:03","slug":"actiune-a-politistilor-din-alba-derulata-in-statiile-cfr-si-trecerilor-la-nivel-cu-calea-ferata","status":"publish","type":"post","link":"https:\/\/urbeamea.ro\/albaiulia\/actiune-a-politistilor-din-alba-derulata-in-statiile-cfr-si-trecerilor-la-nivel-cu-calea-ferata\/","title":{"rendered":"Ac\u021biune a poli\u021bi\u0219tilor din Alba, derulat\u0103 \u00een sta\u021biile CFR \u0219i trecerilor la nivel cu calea ferat\u0103"},"content":{"rendered":"\n<p><strong>Poli\u021bi\u0219tii din Alba au derulat mar\u021bi, o ac\u021biune \u00een sta\u021biile CFR \u0219i trecerilor la nivel cu calea ferat\u0103.<\/strong><\/p>\n\n\n\n<p>Potrivit IPJ Alba, poli\u021bi\u0219tii din cadrul Serviciului Jude\u021bean de Poli\u021bie Transporturi Alba, sprijini\u021bi de poli\u021bi\u0219tii Serviciului Criminalistic \u2013 Compartimentul Poli\u021bie Canin\u0103 din cadrul Inspectoratului de Poli\u021bie Jude\u021bean Alba, au desf\u0103\u0219urat ieri, 7 aprilie 2026, pe raza jude\u021bului Alba, o ac\u021biune al c\u0103rei obiectiv l-a constituit siguran\u021ba \u00een zona sta\u021biilor \u0219i trecerilor la nivel cu calea ferat\u0103.<\/p>\n\n\n\n<p>Ac\u021biunea a vizat cre\u0219terea gradului de siguran\u021b\u0103 a cet\u0103\u021benilor afla\u021bi \u00een sta\u021biile de cale ferat\u0103 \u0219i trenuri de c\u0103l\u0103tori, depistarea persoanelor urm\u0103rite \u00een temeiul legii, prevenirea \u0219i combaterea traficului \u0219i consumului de droguri, precum \u0219i prevenirea \u0219i combaterea faptelor antisociale.<\/p>\n\n\n\n<p>Efortul comun de cre\u0219tere a gradului de siguran\u021b\u0103 public\u0103 s-a concretizat \u00een controale efectuate at\u00e2t \u00een sta\u021biile CF, c\u00e2t \u0219i \u00een trenurile de c\u0103l\u0103tori.<\/p>\n\n\n\n<p>\u00cen vederea prevenirii faptelor antisociale \u0219i cre\u0219terii gradului de siguran\u021b\u0103 a cet\u0103\u021benilor, astfel de ac\u021biuni vor fi desf\u0103\u0219urate \u0219i \u00een perioada urm\u0103toare.<\/p>\n\n\n\n<figure class=\"wp-block-gallery has-nested-images columns-default is-cropped wp-block-gallery-1 is-layout-flex wp-block-gallery-is-layout-flex\">\n<figure class=\"wp-block-image size-large\"><img loading=\"lazy\" decoding=\"async\" width=\"800\" height=\"600\" data-id=\"121890\" src=\"https:\/\/urbeamea.ro\/albaiulia\/wp-content\/uploads\/2026\/04\/big_WhatsApp-Image-2026-04-08-at-14.12.07.jpeg\" alt=\"\" class=\"wp-image-121890\" srcset=\"https:\/\/urbeamea.ro\/albaiulia\/wp-content\/uploads\/2026\/04\/big_WhatsApp-Image-2026-04-08-at-14.12.07.jpeg 800w, https:\/\/urbeamea.ro\/albaiulia\/wp-content\/uploads\/2026\/04\/big_WhatsApp-Image-2026-04-08-at-14.12.07-640x480.jpeg 640w, https:\/\/urbeamea.ro\/albaiulia\/wp-content\/uploads\/2026\/04\/big_WhatsApp-Image-2026-04-08-at-14.12.07-150x113.jpeg 150w, https:\/\/urbeamea.ro\/albaiulia\/wp-content\/uploads\/2026\/04\/big_WhatsApp-Image-2026-04-08-at-14.12.07-768x576.jpeg 768w\" sizes=\"auto, (max-width: 800px) 100vw, 800px\" \/><\/figure>\n\n\n\n<figure class=\"wp-block-image size-large\"><img loading=\"lazy\" decoding=\"async\" width=\"800\" height=\"600\" data-id=\"121891\" src=\"https:\/\/urbeamea.ro\/albaiulia\/wp-content\/uploads\/2026\/04\/big_WhatsApp-Image-2026-04-08-at-14.11.22.jpeg\" alt=\"\" class=\"wp-image-121891\" srcset=\"https:\/\/urbeamea.ro\/albaiulia\/wp-content\/uploads\/2026\/04\/big_WhatsApp-Image-2026-04-08-at-14.11.22.jpeg 800w, https:\/\/urbeamea.ro\/albaiulia\/wp-content\/uploads\/2026\/04\/big_WhatsApp-Image-2026-04-08-at-14.11.22-640x480.jpeg 640w, https:\/\/urbeamea.ro\/albaiulia\/wp-content\/uploads\/2026\/04\/big_WhatsApp-Image-2026-04-08-at-14.11.22-150x113.jpeg 150w, https:\/\/urbeamea.ro\/albaiulia\/wp-content\/uploads\/2026\/04\/big_WhatsApp-Image-2026-04-08-at-14.11.22-768x576.jpeg 768w\" sizes=\"auto, (max-width: 800px) 100vw, 800px\" \/><\/figure>\n\n\n\n<figure class=\"wp-block-image size-large\"><img loading=\"lazy\" decoding=\"async\" width=\"166\" height=\"111\" data-id=\"121889\" src=\"https:\/\/urbeamea.ro\/albaiulia\/wp-content\/uploads\/2026\/04\/small_WhatsApp-Image-2026-04-08-at-14.09.59.jpeg\" alt=\"\" class=\"wp-image-121889\" srcset=\"https:\/\/urbeamea.ro\/albaiulia\/wp-content\/uploads\/2026\/04\/small_WhatsApp-Image-2026-04-08-at-14.09.59.jpeg 166w, https:\/\/urbeamea.ro\/albaiulia\/wp-content\/uploads\/2026\/04\/small_WhatsApp-Image-2026-04-08-at-14.09.59-150x100.jpeg 150w\" sizes=\"auto, (max-width: 166px) 100vw, 166px\" \/><\/figure>\n\n\n\n<figure class=\"wp-block-image size-large\"><img loading=\"lazy\" decoding=\"async\" width=\"540\" height=\"315\" data-id=\"121892\" src=\"https:\/\/urbeamea.ro\/albaiulia\/wp-content\/uploads\/2026\/04\/big_whatsapp_image_2026-04-08_at_14.10.23.jpeg\" alt=\"\" class=\"wp-image-121892\" srcset=\"https:\/\/urbeamea.ro\/albaiulia\/wp-content\/uploads\/2026\/04\/big_whatsapp_image_2026-04-08_at_14.10.23.jpeg 540w, https:\/\/urbeamea.ro\/albaiulia\/wp-content\/uploads\/2026\/04\/big_whatsapp_image_2026-04-08_at_14.10.23-150x88.jpeg 150w\" sizes=\"auto, (max-width: 540px) 100vw, 540px\" \/><\/figure>\n<\/figure>\n","protected":false},"excerpt":{"rendered":"<p>Poli\u021bi\u0219tii din Alba au derulat mar\u021bi, o ac\u021biune \u00een sta\u021biile CFR \u0219i trecerilor la nivel cu calea ferat\u0103. Potrivit IPJ Alba, poli\u021bi\u0219tii din cadrul Serviciului Jude\u021bean de Poli\u021bie Transporturi Alba, sprijini\u021bi de poli\u021bi\u0219tii Serviciului Criminalistic \u2013 Compartimentul Poli\u021bie Canin\u0103 din cadrul Inspectoratului de Poli\u021bie Jude\u021bean Alba, au desf\u0103\u0219urat ieri, 7 aprilie 2026, pe raza jude\u021bului &hellip;<\/p>\n","protected":false},"author":28,"featured_media":121892,"comment_status":"open","ping_status":"open","sticky":false,"template":"","format":"standard","meta":{"inline_featured_image":false,"footnotes":""},"categories":[23926,4,2034,1,16344],"tags":[25563],"class_list":["post-121888","post","type-post","status-publish","format-standard","has-post-thumbnail","hentry","category-actualitate","category-eveniment","category-social","category-stiri-urbane","category-urbea-mea","tag-actiune-politie"],"yoast_head":"<!-- This site is optimized with the Yoast SEO plugin v27.4 - https:\/\/yoast.com\/product\/yoast-seo-wordpress\/ -->\n<title>Ac\u021biune a poli\u021bi\u0219tilor din Alba, derulat\u0103 \u00een sta\u021biile CFR \u0219i trecerilor la nivel cu calea ferat\u0103 - Revista Urbea Mea - Revista de Alba<\/title>\n<meta name=\"description\" content=\"Poli\u021bi\u0219tii din Alba au derulat mar\u021bi, o ac\u021biune \u00een sta\u021biile CFR \u0219i trecerilor la nivel cu calea ferat\u0103. Potrivit IPJ Alba, poli\u021bi\u0219tii din cadrul\" \/>\n<meta name=\"robots\" content=\"index, follow, max-snippet:-1, max-image-preview:large, max-video-preview:-1\" \/>\n<link rel=\"canonical\" href=\"https:\/\/urbeamea.ro\/albaiulia\/actiune-a-politistilor-din-alba-derulata-in-statiile-cfr-si-trecerilor-la-nivel-cu-calea-ferata\/\" \/>\n<meta name=\"twitter:card\" content=\"summary_large_image\" \/>\n<meta name=\"twitter:title\" content=\"Ac\u021biune a poli\u021bi\u0219tilor din Alba, derulat\u0103 \u00een sta\u021biile CFR \u0219i trecerilor la nivel cu calea ferat\u0103 - Revista Urbea Mea - Revista de Alba\" \/>\n<meta name=\"twitter:description\" content=\"Poli\u021bi\u0219tii din Alba au derulat mar\u021bi, o ac\u021biune \u00een sta\u021biile CFR \u0219i trecerilor la nivel cu calea ferat\u0103. Potrivit IPJ Alba, poli\u021bi\u0219tii din cadrul\" \/>\n<meta name=\"twitter:image\" content=\"https:\/\/urbeamea.ro\/albaiulia\/wp-content\/uploads\/2026\/04\/big_whatsapp_image_2026-04-08_at_14.10.23.jpeg\" \/>\n<meta name=\"twitter:creator\" content=\"@urbeameaweb\" \/>\n<meta name=\"twitter:site\" content=\"@urbeameaweb\" \/>\n<script type=\"application\/ld+json\" class=\"yoast-schema-graph\">{\"@context\":\"https:\\\/\\\/schema.org\",\"@graph\":[{\"@type\":\"Article\",\"@id\":\"https:\\\/\\\/urbeamea.ro\\\/albaiulia\\\/actiune-a-politistilor-din-alba-derulata-in-statiile-cfr-si-trecerilor-la-nivel-cu-calea-ferata\\\/#article\",\"isPartOf\":{\"@id\":\"https:\\\/\\\/urbeamea.ro\\\/albaiulia\\\/actiune-a-politistilor-din-alba-derulata-in-statiile-cfr-si-trecerilor-la-nivel-cu-calea-ferata\\\/\"},\"author\":{\"name\":\"Giurca Sorin\",\"@id\":\"https:\\\/\\\/urbeamea.ro\\\/albaiulia\\\/#\\\/schema\\\/person\\\/5db3854ac38c1cc9f0ab4092d6a20f02\"},\"headline\":\"Ac\u021biune a poli\u021bi\u0219tilor din Alba, derulat\u0103 \u00een sta\u021biile CFR \u0219i trecerilor la nivel cu calea ferat\u0103\",\"datePublished\":\"2026-04-08T13:00:00+00:00\",\"dateModified\":\"2026-04-08T13:00:03+00:00\",\"mainEntityOfPage\":{\"@id\":\"https:\\\/\\\/urbeamea.ro\\\/albaiulia\\\/actiune-a-politistilor-din-alba-derulata-in-statiile-cfr-si-trecerilor-la-nivel-cu-calea-ferata\\\/\"},\"wordCount\":217,\"commentCount\":0,\"image\":{\"@id\":\"https:\\\/\\\/urbeamea.ro\\\/albaiulia\\\/actiune-a-politistilor-din-alba-derulata-in-statiile-cfr-si-trecerilor-la-nivel-cu-calea-ferata\\\/#primaryimage\"},\"thumbnailUrl\":\"https:\\\/\\\/urbeamea.ro\\\/albaiulia\\\/wp-content\\\/uploads\\\/2026\\\/04\\\/big_whatsapp_image_2026-04-08_at_14.10.23.jpeg\",\"keywords\":[\"Ac\u021biune poli\u021bie\"],\"articleSection\":[\"Actualitate\",\"Evenimente\",\"Social\",\"\u015etiri Urbane\",\"Urbea Mea\"],\"inLanguage\":\"ro-RO\",\"potentialAction\":[{\"@type\":\"CommentAction\",\"name\":\"Comment\",\"target\":[\"https:\\\/\\\/urbeamea.ro\\\/albaiulia\\\/actiune-a-politistilor-din-alba-derulata-in-statiile-cfr-si-trecerilor-la-nivel-cu-calea-ferata\\\/#respond\"]}]},{\"@type\":\"WebPage\",\"@id\":\"https:\\\/\\\/urbeamea.ro\\\/albaiulia\\\/actiune-a-politistilor-din-alba-derulata-in-statiile-cfr-si-trecerilor-la-nivel-cu-calea-ferata\\\/\",\"url\":\"https:\\\/\\\/urbeamea.ro\\\/albaiulia\\\/actiune-a-politistilor-din-alba-derulata-in-statiile-cfr-si-trecerilor-la-nivel-cu-calea-ferata\\\/\",\"name\":\"Ac\u021biune a poli\u021bi\u0219tilor din Alba, derulat\u0103 \u00een sta\u021biile CFR \u0219i trecerilor la nivel cu calea ferat\u0103 - Revista Urbea Mea - Revista de Alba\",\"isPartOf\":{\"@id\":\"https:\\\/\\\/urbeamea.ro\\\/albaiulia\\\/#website\"},\"primaryImageOfPage\":{\"@id\":\"https:\\\/\\\/urbeamea.ro\\\/albaiulia\\\/actiune-a-politistilor-din-alba-derulata-in-statiile-cfr-si-trecerilor-la-nivel-cu-calea-ferata\\\/#primaryimage\"},\"image\":{\"@id\":\"https:\\\/\\\/urbeamea.ro\\\/albaiulia\\\/actiune-a-politistilor-din-alba-derulata-in-statiile-cfr-si-trecerilor-la-nivel-cu-calea-ferata\\\/#primaryimage\"},\"thumbnailUrl\":\"https:\\\/\\\/urbeamea.ro\\\/albaiulia\\\/wp-content\\\/uploads\\\/2026\\\/04\\\/big_whatsapp_image_2026-04-08_at_14.10.23.jpeg\",\"datePublished\":\"2026-04-08T13:00:00+00:00\",\"dateModified\":\"2026-04-08T13:00:03+00:00\",\"author\":{\"@id\":\"https:\\\/\\\/urbeamea.ro\\\/albaiulia\\\/#\\\/schema\\\/person\\\/5db3854ac38c1cc9f0ab4092d6a20f02\"},\"description\":\"Poli\u021bi\u0219tii din Alba au derulat mar\u021bi, o ac\u021biune \u00een sta\u021biile CFR \u0219i trecerilor la nivel cu calea ferat\u0103. Potrivit IPJ Alba, poli\u021bi\u0219tii din cadrul\",\"breadcrumb\":{\"@id\":\"https:\\\/\\\/urbeamea.ro\\\/albaiulia\\\/actiune-a-politistilor-din-alba-derulata-in-statiile-cfr-si-trecerilor-la-nivel-cu-calea-ferata\\\/#breadcrumb\"},\"inLanguage\":\"ro-RO\",\"potentialAction\":[{\"@type\":\"ReadAction\",\"target\":[\"https:\\\/\\\/urbeamea.ro\\\/albaiulia\\\/actiune-a-politistilor-din-alba-derulata-in-statiile-cfr-si-trecerilor-la-nivel-cu-calea-ferata\\\/\"]}]},{\"@type\":\"ImageObject\",\"inLanguage\":\"ro-RO\",\"@id\":\"https:\\\/\\\/urbeamea.ro\\\/albaiulia\\\/actiune-a-politistilor-din-alba-derulata-in-statiile-cfr-si-trecerilor-la-nivel-cu-calea-ferata\\\/#primaryimage\",\"url\":\"https:\\\/\\\/urbeamea.ro\\\/albaiulia\\\/wp-content\\\/uploads\\\/2026\\\/04\\\/big_whatsapp_image_2026-04-08_at_14.10.23.jpeg\",\"contentUrl\":\"https:\\\/\\\/urbeamea.ro\\\/albaiulia\\\/wp-content\\\/uploads\\\/2026\\\/04\\\/big_whatsapp_image_2026-04-08_at_14.10.23.jpeg\",\"width\":540,\"height\":315},{\"@type\":\"BreadcrumbList\",\"@id\":\"https:\\\/\\\/urbeamea.ro\\\/albaiulia\\\/actiune-a-politistilor-din-alba-derulata-in-statiile-cfr-si-trecerilor-la-nivel-cu-calea-ferata\\\/#breadcrumb\",\"itemListElement\":[{\"@type\":\"ListItem\",\"position\":1,\"name\":\"Prima pagin\u0103\",\"item\":\"https:\\\/\\\/urbeamea.ro\\\/albaiulia\\\/\"},{\"@type\":\"ListItem\",\"position\":2,\"name\":\"Ac\u021biune a poli\u021bi\u0219tilor din Alba, derulat\u0103 \u00een sta\u021biile CFR \u0219i trecerilor la nivel cu calea ferat\u0103\"}]},{\"@type\":\"WebSite\",\"@id\":\"https:\\\/\\\/urbeamea.ro\\\/albaiulia\\\/#website\",\"url\":\"https:\\\/\\\/urbeamea.ro\\\/albaiulia\\\/\",\"name\":\"Revista Urbea Mea, Stiri urbane\",\"description\":\"Evenimente \u0219i \u0219tiri din Alba Iulia, Sebe\u0219, Aiud, Blaj\",\"potentialAction\":[{\"@type\":\"SearchAction\",\"target\":{\"@type\":\"EntryPoint\",\"urlTemplate\":\"https:\\\/\\\/urbeamea.ro\\\/albaiulia\\\/?s={search_term_string}\"},\"query-input\":{\"@type\":\"PropertyValueSpecification\",\"valueRequired\":true,\"valueName\":\"search_term_string\"}}],\"inLanguage\":\"ro-RO\"},{\"@type\":\"Person\",\"@id\":\"https:\\\/\\\/urbeamea.ro\\\/albaiulia\\\/#\\\/schema\\\/person\\\/5db3854ac38c1cc9f0ab4092d6a20f02\",\"name\":\"Giurca Sorin\",\"image\":{\"@type\":\"ImageObject\",\"inLanguage\":\"ro-RO\",\"@id\":\"https:\\\/\\\/secure.gravatar.com\\\/avatar\\\/120f6fcae7b3b47a7730cb9943f612f4909f68ac5284b5f40ac1c4615fd70576?s=96&d=mm&r=g\",\"url\":\"https:\\\/\\\/secure.gravatar.com\\\/avatar\\\/120f6fcae7b3b47a7730cb9943f612f4909f68ac5284b5f40ac1c4615fd70576?s=96&d=mm&r=g\",\"contentUrl\":\"https:\\\/\\\/secure.gravatar.com\\\/avatar\\\/120f6fcae7b3b47a7730cb9943f612f4909f68ac5284b5f40ac1c4615fd70576?s=96&d=mm&r=g\",\"caption\":\"Giurca Sorin\"},\"url\":\"https:\\\/\\\/urbeamea.ro\\\/albaiulia\\\/author\\\/sorin\\\/\"}]}<\/script>\n<!-- \/ Yoast SEO plugin. -->","yoast_head_json":{"title":"Ac\u021biune a poli\u021bi\u0219tilor din Alba, derulat\u0103 \u00een sta\u021biile CFR \u0219i trecerilor la nivel cu calea ferat\u0103 - Revista Urbea Mea - Revista de Alba","description":"Poli\u021bi\u0219tii din Alba au derulat mar\u021bi, o ac\u021biune \u00een sta\u021biile CFR \u0219i trecerilor la nivel cu calea ferat\u0103. Potrivit IPJ Alba, poli\u021bi\u0219tii din cadrul","robots":{"index":"index","follow":"follow","max-snippet":"max-snippet:-1","max-image-preview":"max-image-preview:large","max-video-preview":"max-video-preview:-1"},"canonical":"https:\/\/urbeamea.ro\/albaiulia\/actiune-a-politistilor-din-alba-derulata-in-statiile-cfr-si-trecerilor-la-nivel-cu-calea-ferata\/","twitter_card":"summary_large_image","twitter_title":"Ac\u021biune a poli\u021bi\u0219tilor din Alba, derulat\u0103 \u00een sta\u021biile CFR \u0219i trecerilor la nivel cu calea ferat\u0103 - Revista Urbea Mea - Revista de Alba","twitter_description":"Poli\u021bi\u0219tii din Alba au derulat mar\u021bi, o ac\u021biune \u00een sta\u021biile CFR \u0219i trecerilor la nivel cu calea ferat\u0103. Potrivit IPJ Alba, poli\u021bi\u0219tii din cadrul","twitter_image":"https:\/\/urbeamea.ro\/albaiulia\/wp-content\/uploads\/2026\/04\/big_whatsapp_image_2026-04-08_at_14.10.23.jpeg","twitter_creator":"@urbeameaweb","twitter_site":"@urbeameaweb","schema":{"@context":"https:\/\/schema.org","@graph":[{"@type":"Article","@id":"https:\/\/urbeamea.ro\/albaiulia\/actiune-a-politistilor-din-alba-derulata-in-statiile-cfr-si-trecerilor-la-nivel-cu-calea-ferata\/#article","isPartOf":{"@id":"https:\/\/urbeamea.ro\/albaiulia\/actiune-a-politistilor-din-alba-derulata-in-statiile-cfr-si-trecerilor-la-nivel-cu-calea-ferata\/"},"author":{"name":"Giurca Sorin","@id":"https:\/\/urbeamea.ro\/albaiulia\/#\/schema\/person\/5db3854ac38c1cc9f0ab4092d6a20f02"},"headline":"Ac\u021biune a poli\u021bi\u0219tilor din Alba, derulat\u0103 \u00een sta\u021biile CFR \u0219i trecerilor la nivel cu calea ferat\u0103","datePublished":"2026-04-08T13:00:00+00:00","dateModified":"2026-04-08T13:00:03+00:00","mainEntityOfPage":{"@id":"https:\/\/urbeamea.ro\/albaiulia\/actiune-a-politistilor-din-alba-derulata-in-statiile-cfr-si-trecerilor-la-nivel-cu-calea-ferata\/"},"wordCount":217,"commentCount":0,"image":{"@id":"https:\/\/urbeamea.ro\/albaiulia\/actiune-a-politistilor-din-alba-derulata-in-statiile-cfr-si-trecerilor-la-nivel-cu-calea-ferata\/#primaryimage"},"thumbnailUrl":"https:\/\/urbeamea.ro\/albaiulia\/wp-content\/uploads\/2026\/04\/big_whatsapp_image_2026-04-08_at_14.10.23.jpeg","keywords":["Ac\u021biune poli\u021bie"],"articleSection":["Actualitate","Evenimente","Social","\u015etiri Urbane","Urbea Mea"],"inLanguage":"ro-RO","potentialAction":[{"@type":"CommentAction","name":"Comment","target":["https:\/\/urbeamea.ro\/albaiulia\/actiune-a-politistilor-din-alba-derulata-in-statiile-cfr-si-trecerilor-la-nivel-cu-calea-ferata\/#respond"]}]},{"@type":"WebPage","@id":"https:\/\/urbeamea.ro\/albaiulia\/actiune-a-politistilor-din-alba-derulata-in-statiile-cfr-si-trecerilor-la-nivel-cu-calea-ferata\/","url":"https:\/\/urbeamea.ro\/albaiulia\/actiune-a-politistilor-din-alba-derulata-in-statiile-cfr-si-trecerilor-la-nivel-cu-calea-ferata\/","name":"Ac\u021biune a poli\u021bi\u0219tilor din Alba, derulat\u0103 \u00een sta\u021biile CFR \u0219i trecerilor la nivel cu calea ferat\u0103 - Revista Urbea Mea - Revista de Alba","isPartOf":{"@id":"https:\/\/urbeamea.ro\/albaiulia\/#website"},"primaryImageOfPage":{"@id":"https:\/\/urbeamea.ro\/albaiulia\/actiune-a-politistilor-din-alba-derulata-in-statiile-cfr-si-trecerilor-la-nivel-cu-calea-ferata\/#primaryimage"},"image":{"@id":"https:\/\/urbeamea.ro\/albaiulia\/actiune-a-politistilor-din-alba-derulata-in-statiile-cfr-si-trecerilor-la-nivel-cu-calea-ferata\/#primaryimage"},"thumbnailUrl":"https:\/\/urbeamea.ro\/albaiulia\/wp-content\/uploads\/2026\/04\/big_whatsapp_image_2026-04-08_at_14.10.23.jpeg","datePublished":"2026-04-08T13:00:00+00:00","dateModified":"2026-04-08T13:00:03+00:00","author":{"@id":"https:\/\/urbeamea.ro\/albaiulia\/#\/schema\/person\/5db3854ac38c1cc9f0ab4092d6a20f02"},"description":"Poli\u021bi\u0219tii din Alba au derulat mar\u021bi, o ac\u021biune \u00een sta\u021biile CFR \u0219i trecerilor la nivel cu calea ferat\u0103. Potrivit IPJ Alba, poli\u021bi\u0219tii din cadrul","breadcrumb":{"@id":"https:\/\/urbeamea.ro\/albaiulia\/actiune-a-politistilor-din-alba-derulata-in-statiile-cfr-si-trecerilor-la-nivel-cu-calea-ferata\/#breadcrumb"},"inLanguage":"ro-RO","potentialAction":[{"@type":"ReadAction","target":["https:\/\/urbeamea.ro\/albaiulia\/actiune-a-politistilor-din-alba-derulata-in-statiile-cfr-si-trecerilor-la-nivel-cu-calea-ferata\/"]}]},{"@type":"ImageObject","inLanguage":"ro-RO","@id":"https:\/\/urbeamea.ro\/albaiulia\/actiune-a-politistilor-din-alba-derulata-in-statiile-cfr-si-trecerilor-la-nivel-cu-calea-ferata\/#primaryimage","url":"https:\/\/urbeamea.ro\/albaiulia\/wp-content\/uploads\/2026\/04\/big_whatsapp_image_2026-04-08_at_14.10.23.jpeg","contentUrl":"https:\/\/urbeamea.ro\/albaiulia\/wp-content\/uploads\/2026\/04\/big_whatsapp_image_2026-04-08_at_14.10.23.jpeg","width":540,"height":315},{"@type":"BreadcrumbList","@id":"https:\/\/urbeamea.ro\/albaiulia\/actiune-a-politistilor-din-alba-derulata-in-statiile-cfr-si-trecerilor-la-nivel-cu-calea-ferata\/#breadcrumb","itemListElement":[{"@type":"ListItem","position":1,"name":"Prima pagin\u0103","item":"https:\/\/urbeamea.ro\/albaiulia\/"},{"@type":"ListItem","position":2,"name":"Ac\u021biune a poli\u021bi\u0219tilor din Alba, derulat\u0103 \u00een sta\u021biile CFR \u0219i trecerilor la nivel cu calea ferat\u0103"}]},{"@type":"WebSite","@id":"https:\/\/urbeamea.ro\/albaiulia\/#website","url":"https:\/\/urbeamea.ro\/albaiulia\/","name":"Revista Urbea Mea, Stiri urbane","description":"Evenimente \u0219i \u0219tiri din Alba Iulia, Sebe\u0219, Aiud, Blaj","potentialAction":[{"@type":"SearchAction","target":{"@type":"EntryPoint","urlTemplate":"https:\/\/urbeamea.ro\/albaiulia\/?s={search_term_string}"},"query-input":{"@type":"PropertyValueSpecification","valueRequired":true,"valueName":"search_term_string"}}],"inLanguage":"ro-RO"},{"@type":"Person","@id":"https:\/\/urbeamea.ro\/albaiulia\/#\/schema\/person\/5db3854ac38c1cc9f0ab4092d6a20f02","name":"Giurca Sorin","image":{"@type":"ImageObject","inLanguage":"ro-RO","@id":"https:\/\/secure.gravatar.com\/avatar\/120f6fcae7b3b47a7730cb9943f612f4909f68ac5284b5f40ac1c4615fd70576?s=96&d=mm&r=g","url":"https:\/\/secure.gravatar.com\/avatar\/120f6fcae7b3b47a7730cb9943f612f4909f68ac5284b5f40ac1c4615fd70576?s=96&d=mm&r=g","contentUrl":"https:\/\/secure.gravatar.com\/avatar\/120f6fcae7b3b47a7730cb9943f612f4909f68ac5284b5f40ac1c4615fd70576?s=96&d=mm&r=g","caption":"Giurca Sorin"},"url":"https:\/\/urbeamea.ro\/albaiulia\/author\/sorin\/"}]}},"_links":{"self":[{"href":"https:\/\/urbeamea.ro\/albaiulia\/wp-json\/wp\/v2\/posts\/121888","targetHints":{"allow":["GET"]}}],"collection":[{"href":"https:\/\/urbeamea.ro\/albaiulia\/wp-json\/wp\/v2\/posts"}],"about":[{"href":"https:\/\/urbeamea.ro\/albaiulia\/wp-json\/wp\/v2\/types\/post"}],"author":[{"embeddable":true,"href":"https:\/\/urbeamea.ro\/albaiulia\/wp-json\/wp\/v2\/users\/28"}],"replies":[{"embeddable":true,"href":"https:\/\/urbeamea.ro\/albaiulia\/wp-json\/wp\/v2\/comments?post=121888"}],"version-history":[{"count":1,"href":"https:\/\/urbeamea.ro\/albaiulia\/wp-json\/wp\/v2\/posts\/121888\/revisions"}],"predecessor-version":[{"id":121893,"href":"https:\/\/urbeamea.ro\/albaiulia\/wp-json\/wp\/v2\/posts\/121888\/revisions\/121893"}],"wp:featuredmedia":[{"embeddable":true,"href":"https:\/\/urbeamea.ro\/albaiulia\/wp-json\/wp\/v2\/media\/121892"}],"wp:attachment":[{"href":"https:\/\/urbeamea.ro\/albaiulia\/wp-json\/wp\/v2\/media?parent=121888"}],"wp:term":[{"taxonomy":"category","embeddable":true,"href":"https:\/\/urbeamea.ro\/albaiulia\/wp-json\/wp\/v2\/categories?post=121888"},{"taxonomy":"post_tag","embeddable":true,"href":"https:\/\/urbeamea.ro\/albaiulia\/wp-json\/wp\/v2\/tags?post=121888"}],"curies":[{"name":"wp","href":"https:\/\/api.w.org\/{rel}","templated":true}]}}