{"id":121969,"date":"2026-04-26T15:18:17","date_gmt":"2026-04-26T12:18:17","guid":{"rendered":"https:\/\/urbeamea.ro\/albaiulia\/?p=121969"},"modified":"2026-04-26T15:18:19","modified_gmt":"2026-04-26T12:18:19","slug":"29-aprilie-ora-1730-biblioteca-judeteana-lucian-blaga-alba-isi-prezinta-publicatiile-in-fata-publicului-din-cugir","status":"publish","type":"post","link":"https:\/\/urbeamea.ro\/albaiulia\/29-aprilie-ora-1730-biblioteca-judeteana-lucian-blaga-alba-isi-prezinta-publicatiile-in-fata-publicului-din-cugir\/","title":{"rendered":"29 aprilie, ora 17:30 Biblioteca Jude\u021bean\u0103 &#8222;Lucian Blaga&#8221; Alba, \u00ee\u0219i prezint\u0103 publica\u021biile \u00een fa\u021ba publicului din Cugir"},"content":{"rendered":"\n<p><strong>Consiliul Jude\u021bean Alba, Biblioteca Jude\u021bean\u0103 \u201eLucian Blaga\u201d Alba, Prim\u0103ria Ora\u0219ului Cugir \u0219i Centrul Cultural \u201eValentin Uritescu\u201d Cugir v\u0103 invit\u0103 la un eveniment cultural dedicat promov\u0103rii unor noi apari\u021bii editoriale, ap\u0103rute prin intermediul proiectului 8.6 Produc\u021bii editoriale<\/strong>. <\/p>\n\n\n\n<p>Evenimentul reune\u0219te reprezentan\u021bi ai administra\u021biei \u0219i ai institu\u021biilor de cultur\u0103, autori, membri ai comunit\u0103\u021bii culturale \u0219i ai Cenaclului Cultural \u201eCugiria\u201d \u0219i publicul iubitor de carte, \u00eentr-un cadru deschis dialogului \u0219i creativit\u0103\u021bii contemporane.<\/p>\n\n\n\n<p>Programul manifest\u0103rii culturale cuprinde lansarea publica\u021biilor Bibliotecii Jude\u021bene \u201eLucian Blaga\u201d Alba: revistele \u201eDiscobolul\u201d, \u201eVia\u021ba bibliotecii\u201d \u0219i \u201eMetodica\u201d, antologiile \u201eVerbum\u201d, \u201ePove\u0219ti de noapte bun\u0103\u201d \u0219i \u201ePe \u021b\u0103rmul poeziei\u201d (volum bilingv rom\u00e2no-francez) \u0219i volumul \u201eBiblioterapia\u201d.<\/p>\n\n\n\n<p>Un loc aparte \u00een programul evenimentului \u00eel vor avea lansarea revistei \u201eDiscobolul International\u201d nr. 1 (revist\u0103 tradus\u0103 integral \u00een limba englez\u0103) \u0219i prezentarea volumului \u201eConferin\u021bele bibliotecii\u201d, \u00een prezen\u021ba autorului Alin Tomu\u0219.<\/p>\n\n\n\n<p>Seara se va \u00eencheia cu un moment special al membrilor Clubului Cultural \u201eCugiria\u201d \u0219i cu o sesiune de autografe, fotografii \u0219i socializare care ofer\u0103 participan\u021bilor oportunitatea de a interac\u021biona direct cu invita\u021bii \u0219i autorii prezen\u021bi.<\/p>\n\n\n\n<p>Prin acest demers, organizatorii \u00ee\u0219i reafirm\u0103 rolul de promotori ai culturii scrise \u0219i al dialogului intelectual, sus\u021bin\u00e2nd crea\u021bia literar\u0103 \u0219i accesul publicului la resurse culturale de calitate. <\/p>\n\n\n\n<p>Publicul este invitat s\u0103 participe \u00een num\u0103r c\u00e2t mai mare \u0219i s\u0103 se bucure de o experien\u021b\u0103 cultural\u0103 deosebit\u0103.<\/p>\n\n\n\n<figure class=\"wp-block-image size-large\"><img loading=\"lazy\" decoding=\"async\" width=\"1280\" height=\"905\" src=\"https:\/\/urbeamea.ro\/albaiulia\/wp-content\/uploads\/2026\/04\/FB_IMG_1777205574586-1280x905.jpg\" alt=\"\" class=\"wp-image-121970\" srcset=\"https:\/\/urbeamea.ro\/albaiulia\/wp-content\/uploads\/2026\/04\/FB_IMG_1777205574586-1280x905.jpg 1280w, https:\/\/urbeamea.ro\/albaiulia\/wp-content\/uploads\/2026\/04\/FB_IMG_1777205574586-640x453.jpg 640w, https:\/\/urbeamea.ro\/albaiulia\/wp-content\/uploads\/2026\/04\/FB_IMG_1777205574586-150x106.jpg 150w, https:\/\/urbeamea.ro\/albaiulia\/wp-content\/uploads\/2026\/04\/FB_IMG_1777205574586-768x543.jpg 768w, https:\/\/urbeamea.ro\/albaiulia\/wp-content\/uploads\/2026\/04\/FB_IMG_1777205574586-1536x1086.jpg 1536w, https:\/\/urbeamea.ro\/albaiulia\/wp-content\/uploads\/2026\/04\/FB_IMG_1777205574586.jpg 2048w\" sizes=\"auto, (max-width: 1280px) 100vw, 1280px\" \/><\/figure>\n","protected":false},"excerpt":{"rendered":"<p>Consiliul Jude\u021bean Alba, Biblioteca Jude\u021bean\u0103 \u201eLucian Blaga\u201d Alba, Prim\u0103ria Ora\u0219ului Cugir \u0219i Centrul Cultural \u201eValentin Uritescu\u201d Cugir v\u0103 invit\u0103 la un eveniment cultural dedicat promov\u0103rii unor noi apari\u021bii editoriale, ap\u0103rute prin intermediul proiectului 8.6 Produc\u021bii editoriale. Evenimentul reune\u0219te reprezentan\u021bi ai administra\u021biei \u0219i ai institu\u021biilor de cultur\u0103, autori, membri ai comunit\u0103\u021bii culturale \u0219i ai Cenaclului Cultural &hellip;<\/p>\n","protected":false},"author":28,"featured_media":121970,"comment_status":"open","ping_status":"open","sticky":false,"template":"","format":"standard","meta":{"inline_featured_image":false,"footnotes":""},"categories":[23926,2038,4,25,2036,2034,1,61,16344],"tags":[25294,1424],"class_list":["post-121969","post","type-post","status-publish","format-standard","has-post-thumbnail","hentry","category-actualitate","category-cultura","category-eveniment","category-lifestyle-fashion","category-monden","category-social","category-stiri-urbane","category-turism","category-urbea-mea","tag-biblioteca-judeteana-lucian-blaga-2","tag-cugir"],"yoast_head":"<!-- This site is optimized with the Yoast SEO plugin v27.4 - https:\/\/yoast.com\/product\/yoast-seo-wordpress\/ -->\n<title>29 aprilie, ora 17:30 Biblioteca Jude\u021bean\u0103 &quot;Lucian Blaga&quot; Alba, \u00ee\u0219i prezint\u0103 publica\u021biile \u00een fa\u021ba publicului din Cugir - Revista Urbea Mea - Revista de Alba<\/title>\n<meta name=\"description\" content=\"Consiliul Jude\u021bean Alba, Biblioteca Jude\u021bean\u0103 \u201eLucian Blaga\u201d Alba, Prim\u0103ria Ora\u0219ului Cugir \u0219i Centrul Cultural \u201eValentin Uritescu\u201d Cugir v\u0103 invit\u0103 la un\" \/>\n<meta name=\"robots\" content=\"index, follow, max-snippet:-1, max-image-preview:large, max-video-preview:-1\" \/>\n<link rel=\"canonical\" href=\"https:\/\/urbeamea.ro\/albaiulia\/29-aprilie-ora-1730-biblioteca-judeteana-lucian-blaga-alba-isi-prezinta-publicatiile-in-fata-publicului-din-cugir\/\" \/>\n<meta name=\"twitter:card\" content=\"summary_large_image\" \/>\n<meta name=\"twitter:title\" content=\"29 aprilie, ora 17:30 Biblioteca Jude\u021bean\u0103 &quot;Lucian Blaga&quot; Alba, \u00ee\u0219i prezint\u0103 publica\u021biile \u00een fa\u021ba publicului din Cugir - Revista Urbea Mea - Revista de Alba\" \/>\n<meta name=\"twitter:description\" content=\"Consiliul Jude\u021bean Alba, Biblioteca Jude\u021bean\u0103 \u201eLucian Blaga\u201d Alba, Prim\u0103ria Ora\u0219ului Cugir \u0219i Centrul Cultural \u201eValentin Uritescu\u201d Cugir v\u0103 invit\u0103 la un\" \/>\n<meta name=\"twitter:image\" content=\"https:\/\/urbeamea.ro\/albaiulia\/wp-content\/uploads\/2026\/04\/FB_IMG_1777205574586.jpg\" \/>\n<meta name=\"twitter:creator\" content=\"@urbeameaweb\" \/>\n<meta name=\"twitter:site\" content=\"@urbeameaweb\" \/>\n<script type=\"application\/ld+json\" class=\"yoast-schema-graph\">{\"@context\":\"https:\\\/\\\/schema.org\",\"@graph\":[{\"@type\":\"Article\",\"@id\":\"https:\\\/\\\/urbeamea.ro\\\/albaiulia\\\/29-aprilie-ora-1730-biblioteca-judeteana-lucian-blaga-alba-isi-prezinta-publicatiile-in-fata-publicului-din-cugir\\\/#article\",\"isPartOf\":{\"@id\":\"https:\\\/\\\/urbeamea.ro\\\/albaiulia\\\/29-aprilie-ora-1730-biblioteca-judeteana-lucian-blaga-alba-isi-prezinta-publicatiile-in-fata-publicului-din-cugir\\\/\"},\"author\":{\"name\":\"Giurca Sorin\",\"@id\":\"https:\\\/\\\/urbeamea.ro\\\/albaiulia\\\/#\\\/schema\\\/person\\\/5db3854ac38c1cc9f0ab4092d6a20f02\"},\"headline\":\"29 aprilie, ora 17:30 Biblioteca Jude\u021bean\u0103 &#8222;Lucian Blaga&#8221; Alba, \u00ee\u0219i prezint\u0103 publica\u021biile \u00een fa\u021ba publicului din Cugir\",\"datePublished\":\"2026-04-26T12:18:17+00:00\",\"dateModified\":\"2026-04-26T12:18:19+00:00\",\"mainEntityOfPage\":{\"@id\":\"https:\\\/\\\/urbeamea.ro\\\/albaiulia\\\/29-aprilie-ora-1730-biblioteca-judeteana-lucian-blaga-alba-isi-prezinta-publicatiile-in-fata-publicului-din-cugir\\\/\"},\"wordCount\":260,\"commentCount\":0,\"image\":{\"@id\":\"https:\\\/\\\/urbeamea.ro\\\/albaiulia\\\/29-aprilie-ora-1730-biblioteca-judeteana-lucian-blaga-alba-isi-prezinta-publicatiile-in-fata-publicului-din-cugir\\\/#primaryimage\"},\"thumbnailUrl\":\"https:\\\/\\\/urbeamea.ro\\\/albaiulia\\\/wp-content\\\/uploads\\\/2026\\\/04\\\/FB_IMG_1777205574586.jpg\",\"keywords\":[\"Biblioteca Jude\u021bean\u0103 Lucian Blaga\",\"cugir\"],\"articleSection\":[\"Actualitate\",\"Cultur\u0103\",\"Evenimente\",\"Lifestyle &amp; Fashion\",\"Monden\",\"Social\",\"\u015etiri Urbane\",\"Turism \u0219i Ghidaj turistic\",\"Urbea Mea\"],\"inLanguage\":\"ro-RO\",\"potentialAction\":[{\"@type\":\"CommentAction\",\"name\":\"Comment\",\"target\":[\"https:\\\/\\\/urbeamea.ro\\\/albaiulia\\\/29-aprilie-ora-1730-biblioteca-judeteana-lucian-blaga-alba-isi-prezinta-publicatiile-in-fata-publicului-din-cugir\\\/#respond\"]}]},{\"@type\":\"WebPage\",\"@id\":\"https:\\\/\\\/urbeamea.ro\\\/albaiulia\\\/29-aprilie-ora-1730-biblioteca-judeteana-lucian-blaga-alba-isi-prezinta-publicatiile-in-fata-publicului-din-cugir\\\/\",\"url\":\"https:\\\/\\\/urbeamea.ro\\\/albaiulia\\\/29-aprilie-ora-1730-biblioteca-judeteana-lucian-blaga-alba-isi-prezinta-publicatiile-in-fata-publicului-din-cugir\\\/\",\"name\":\"29 aprilie, ora 17:30 Biblioteca Jude\u021bean\u0103 \\\"Lucian Blaga\\\" Alba, \u00ee\u0219i prezint\u0103 publica\u021biile \u00een fa\u021ba publicului din Cugir - Revista Urbea Mea - Revista de Alba\",\"isPartOf\":{\"@id\":\"https:\\\/\\\/urbeamea.ro\\\/albaiulia\\\/#website\"},\"primaryImageOfPage\":{\"@id\":\"https:\\\/\\\/urbeamea.ro\\\/albaiulia\\\/29-aprilie-ora-1730-biblioteca-judeteana-lucian-blaga-alba-isi-prezinta-publicatiile-in-fata-publicului-din-cugir\\\/#primaryimage\"},\"image\":{\"@id\":\"https:\\\/\\\/urbeamea.ro\\\/albaiulia\\\/29-aprilie-ora-1730-biblioteca-judeteana-lucian-blaga-alba-isi-prezinta-publicatiile-in-fata-publicului-din-cugir\\\/#primaryimage\"},\"thumbnailUrl\":\"https:\\\/\\\/urbeamea.ro\\\/albaiulia\\\/wp-content\\\/uploads\\\/2026\\\/04\\\/FB_IMG_1777205574586.jpg\",\"datePublished\":\"2026-04-26T12:18:17+00:00\",\"dateModified\":\"2026-04-26T12:18:19+00:00\",\"author\":{\"@id\":\"https:\\\/\\\/urbeamea.ro\\\/albaiulia\\\/#\\\/schema\\\/person\\\/5db3854ac38c1cc9f0ab4092d6a20f02\"},\"description\":\"Consiliul Jude\u021bean Alba, Biblioteca Jude\u021bean\u0103 \u201eLucian Blaga\u201d Alba, Prim\u0103ria Ora\u0219ului Cugir \u0219i Centrul Cultural \u201eValentin Uritescu\u201d Cugir v\u0103 invit\u0103 la un\",\"breadcrumb\":{\"@id\":\"https:\\\/\\\/urbeamea.ro\\\/albaiulia\\\/29-aprilie-ora-1730-biblioteca-judeteana-lucian-blaga-alba-isi-prezinta-publicatiile-in-fata-publicului-din-cugir\\\/#breadcrumb\"},\"inLanguage\":\"ro-RO\",\"potentialAction\":[{\"@type\":\"ReadAction\",\"target\":[\"https:\\\/\\\/urbeamea.ro\\\/albaiulia\\\/29-aprilie-ora-1730-biblioteca-judeteana-lucian-blaga-alba-isi-prezinta-publicatiile-in-fata-publicului-din-cugir\\\/\"]}]},{\"@type\":\"ImageObject\",\"inLanguage\":\"ro-RO\",\"@id\":\"https:\\\/\\\/urbeamea.ro\\\/albaiulia\\\/29-aprilie-ora-1730-biblioteca-judeteana-lucian-blaga-alba-isi-prezinta-publicatiile-in-fata-publicului-din-cugir\\\/#primaryimage\",\"url\":\"https:\\\/\\\/urbeamea.ro\\\/albaiulia\\\/wp-content\\\/uploads\\\/2026\\\/04\\\/FB_IMG_1777205574586.jpg\",\"contentUrl\":\"https:\\\/\\\/urbeamea.ro\\\/albaiulia\\\/wp-content\\\/uploads\\\/2026\\\/04\\\/FB_IMG_1777205574586.jpg\",\"width\":2048,\"height\":1448},{\"@type\":\"BreadcrumbList\",\"@id\":\"https:\\\/\\\/urbeamea.ro\\\/albaiulia\\\/29-aprilie-ora-1730-biblioteca-judeteana-lucian-blaga-alba-isi-prezinta-publicatiile-in-fata-publicului-din-cugir\\\/#breadcrumb\",\"itemListElement\":[{\"@type\":\"ListItem\",\"position\":1,\"name\":\"Prima pagin\u0103\",\"item\":\"https:\\\/\\\/urbeamea.ro\\\/albaiulia\\\/\"},{\"@type\":\"ListItem\",\"position\":2,\"name\":\"29 aprilie, ora 17:30 Biblioteca Jude\u021bean\u0103 &#8222;Lucian Blaga&#8221; Alba, \u00ee\u0219i prezint\u0103 publica\u021biile \u00een fa\u021ba publicului din Cugir\"}]},{\"@type\":\"WebSite\",\"@id\":\"https:\\\/\\\/urbeamea.ro\\\/albaiulia\\\/#website\",\"url\":\"https:\\\/\\\/urbeamea.ro\\\/albaiulia\\\/\",\"name\":\"Revista Urbea Mea, Stiri urbane\",\"description\":\"Evenimente \u0219i \u0219tiri din Alba Iulia, Sebe\u0219, Aiud, Blaj\",\"potentialAction\":[{\"@type\":\"SearchAction\",\"target\":{\"@type\":\"EntryPoint\",\"urlTemplate\":\"https:\\\/\\\/urbeamea.ro\\\/albaiulia\\\/?s={search_term_string}\"},\"query-input\":{\"@type\":\"PropertyValueSpecification\",\"valueRequired\":true,\"valueName\":\"search_term_string\"}}],\"inLanguage\":\"ro-RO\"},{\"@type\":\"Person\",\"@id\":\"https:\\\/\\\/urbeamea.ro\\\/albaiulia\\\/#\\\/schema\\\/person\\\/5db3854ac38c1cc9f0ab4092d6a20f02\",\"name\":\"Giurca Sorin\",\"image\":{\"@type\":\"ImageObject\",\"inLanguage\":\"ro-RO\",\"@id\":\"https:\\\/\\\/secure.gravatar.com\\\/avatar\\\/120f6fcae7b3b47a7730cb9943f612f4909f68ac5284b5f40ac1c4615fd70576?s=96&d=mm&r=g\",\"url\":\"https:\\\/\\\/secure.gravatar.com\\\/avatar\\\/120f6fcae7b3b47a7730cb9943f612f4909f68ac5284b5f40ac1c4615fd70576?s=96&d=mm&r=g\",\"contentUrl\":\"https:\\\/\\\/secure.gravatar.com\\\/avatar\\\/120f6fcae7b3b47a7730cb9943f612f4909f68ac5284b5f40ac1c4615fd70576?s=96&d=mm&r=g\",\"caption\":\"Giurca Sorin\"},\"url\":\"https:\\\/\\\/urbeamea.ro\\\/albaiulia\\\/author\\\/sorin\\\/\"}]}<\/script>\n<!-- \/ Yoast SEO plugin. -->","yoast_head_json":{"title":"29 aprilie, ora 17:30 Biblioteca Jude\u021bean\u0103 \"Lucian Blaga\" Alba, \u00ee\u0219i prezint\u0103 publica\u021biile \u00een fa\u021ba publicului din Cugir - Revista Urbea Mea - Revista de Alba","description":"Consiliul Jude\u021bean Alba, Biblioteca Jude\u021bean\u0103 \u201eLucian Blaga\u201d Alba, Prim\u0103ria Ora\u0219ului Cugir \u0219i Centrul Cultural \u201eValentin Uritescu\u201d Cugir v\u0103 invit\u0103 la un","robots":{"index":"index","follow":"follow","max-snippet":"max-snippet:-1","max-image-preview":"max-image-preview:large","max-video-preview":"max-video-preview:-1"},"canonical":"https:\/\/urbeamea.ro\/albaiulia\/29-aprilie-ora-1730-biblioteca-judeteana-lucian-blaga-alba-isi-prezinta-publicatiile-in-fata-publicului-din-cugir\/","twitter_card":"summary_large_image","twitter_title":"29 aprilie, ora 17:30 Biblioteca Jude\u021bean\u0103 \"Lucian Blaga\" Alba, \u00ee\u0219i prezint\u0103 publica\u021biile \u00een fa\u021ba publicului din Cugir - Revista Urbea Mea - Revista de Alba","twitter_description":"Consiliul Jude\u021bean Alba, Biblioteca Jude\u021bean\u0103 \u201eLucian Blaga\u201d Alba, Prim\u0103ria Ora\u0219ului Cugir \u0219i Centrul Cultural \u201eValentin Uritescu\u201d Cugir v\u0103 invit\u0103 la un","twitter_image":"https:\/\/urbeamea.ro\/albaiulia\/wp-content\/uploads\/2026\/04\/FB_IMG_1777205574586.jpg","twitter_creator":"@urbeameaweb","twitter_site":"@urbeameaweb","schema":{"@context":"https:\/\/schema.org","@graph":[{"@type":"Article","@id":"https:\/\/urbeamea.ro\/albaiulia\/29-aprilie-ora-1730-biblioteca-judeteana-lucian-blaga-alba-isi-prezinta-publicatiile-in-fata-publicului-din-cugir\/#article","isPartOf":{"@id":"https:\/\/urbeamea.ro\/albaiulia\/29-aprilie-ora-1730-biblioteca-judeteana-lucian-blaga-alba-isi-prezinta-publicatiile-in-fata-publicului-din-cugir\/"},"author":{"name":"Giurca Sorin","@id":"https:\/\/urbeamea.ro\/albaiulia\/#\/schema\/person\/5db3854ac38c1cc9f0ab4092d6a20f02"},"headline":"29 aprilie, ora 17:30 Biblioteca Jude\u021bean\u0103 &#8222;Lucian Blaga&#8221; Alba, \u00ee\u0219i prezint\u0103 publica\u021biile \u00een fa\u021ba publicului din Cugir","datePublished":"2026-04-26T12:18:17+00:00","dateModified":"2026-04-26T12:18:19+00:00","mainEntityOfPage":{"@id":"https:\/\/urbeamea.ro\/albaiulia\/29-aprilie-ora-1730-biblioteca-judeteana-lucian-blaga-alba-isi-prezinta-publicatiile-in-fata-publicului-din-cugir\/"},"wordCount":260,"commentCount":0,"image":{"@id":"https:\/\/urbeamea.ro\/albaiulia\/29-aprilie-ora-1730-biblioteca-judeteana-lucian-blaga-alba-isi-prezinta-publicatiile-in-fata-publicului-din-cugir\/#primaryimage"},"thumbnailUrl":"https:\/\/urbeamea.ro\/albaiulia\/wp-content\/uploads\/2026\/04\/FB_IMG_1777205574586.jpg","keywords":["Biblioteca Jude\u021bean\u0103 Lucian Blaga","cugir"],"articleSection":["Actualitate","Cultur\u0103","Evenimente","Lifestyle &amp; Fashion","Monden","Social","\u015etiri Urbane","Turism \u0219i Ghidaj turistic","Urbea Mea"],"inLanguage":"ro-RO","potentialAction":[{"@type":"CommentAction","name":"Comment","target":["https:\/\/urbeamea.ro\/albaiulia\/29-aprilie-ora-1730-biblioteca-judeteana-lucian-blaga-alba-isi-prezinta-publicatiile-in-fata-publicului-din-cugir\/#respond"]}]},{"@type":"WebPage","@id":"https:\/\/urbeamea.ro\/albaiulia\/29-aprilie-ora-1730-biblioteca-judeteana-lucian-blaga-alba-isi-prezinta-publicatiile-in-fata-publicului-din-cugir\/","url":"https:\/\/urbeamea.ro\/albaiulia\/29-aprilie-ora-1730-biblioteca-judeteana-lucian-blaga-alba-isi-prezinta-publicatiile-in-fata-publicului-din-cugir\/","name":"29 aprilie, ora 17:30 Biblioteca Jude\u021bean\u0103 \"Lucian Blaga\" Alba, \u00ee\u0219i prezint\u0103 publica\u021biile \u00een fa\u021ba publicului din Cugir - Revista Urbea Mea - Revista de Alba","isPartOf":{"@id":"https:\/\/urbeamea.ro\/albaiulia\/#website"},"primaryImageOfPage":{"@id":"https:\/\/urbeamea.ro\/albaiulia\/29-aprilie-ora-1730-biblioteca-judeteana-lucian-blaga-alba-isi-prezinta-publicatiile-in-fata-publicului-din-cugir\/#primaryimage"},"image":{"@id":"https:\/\/urbeamea.ro\/albaiulia\/29-aprilie-ora-1730-biblioteca-judeteana-lucian-blaga-alba-isi-prezinta-publicatiile-in-fata-publicului-din-cugir\/#primaryimage"},"thumbnailUrl":"https:\/\/urbeamea.ro\/albaiulia\/wp-content\/uploads\/2026\/04\/FB_IMG_1777205574586.jpg","datePublished":"2026-04-26T12:18:17+00:00","dateModified":"2026-04-26T12:18:19+00:00","author":{"@id":"https:\/\/urbeamea.ro\/albaiulia\/#\/schema\/person\/5db3854ac38c1cc9f0ab4092d6a20f02"},"description":"Consiliul Jude\u021bean Alba, Biblioteca Jude\u021bean\u0103 \u201eLucian Blaga\u201d Alba, Prim\u0103ria Ora\u0219ului Cugir \u0219i Centrul Cultural \u201eValentin Uritescu\u201d Cugir v\u0103 invit\u0103 la un","breadcrumb":{"@id":"https:\/\/urbeamea.ro\/albaiulia\/29-aprilie-ora-1730-biblioteca-judeteana-lucian-blaga-alba-isi-prezinta-publicatiile-in-fata-publicului-din-cugir\/#breadcrumb"},"inLanguage":"ro-RO","potentialAction":[{"@type":"ReadAction","target":["https:\/\/urbeamea.ro\/albaiulia\/29-aprilie-ora-1730-biblioteca-judeteana-lucian-blaga-alba-isi-prezinta-publicatiile-in-fata-publicului-din-cugir\/"]}]},{"@type":"ImageObject","inLanguage":"ro-RO","@id":"https:\/\/urbeamea.ro\/albaiulia\/29-aprilie-ora-1730-biblioteca-judeteana-lucian-blaga-alba-isi-prezinta-publicatiile-in-fata-publicului-din-cugir\/#primaryimage","url":"https:\/\/urbeamea.ro\/albaiulia\/wp-content\/uploads\/2026\/04\/FB_IMG_1777205574586.jpg","contentUrl":"https:\/\/urbeamea.ro\/albaiulia\/wp-content\/uploads\/2026\/04\/FB_IMG_1777205574586.jpg","width":2048,"height":1448},{"@type":"BreadcrumbList","@id":"https:\/\/urbeamea.ro\/albaiulia\/29-aprilie-ora-1730-biblioteca-judeteana-lucian-blaga-alba-isi-prezinta-publicatiile-in-fata-publicului-din-cugir\/#breadcrumb","itemListElement":[{"@type":"ListItem","position":1,"name":"Prima pagin\u0103","item":"https:\/\/urbeamea.ro\/albaiulia\/"},{"@type":"ListItem","position":2,"name":"29 aprilie, ora 17:30 Biblioteca Jude\u021bean\u0103 &#8222;Lucian Blaga&#8221; Alba, \u00ee\u0219i prezint\u0103 publica\u021biile \u00een fa\u021ba publicului din Cugir"}]},{"@type":"WebSite","@id":"https:\/\/urbeamea.ro\/albaiulia\/#website","url":"https:\/\/urbeamea.ro\/albaiulia\/","name":"Revista Urbea Mea, Stiri urbane","description":"Evenimente \u0219i \u0219tiri din Alba Iulia, Sebe\u0219, Aiud, Blaj","potentialAction":[{"@type":"SearchAction","target":{"@type":"EntryPoint","urlTemplate":"https:\/\/urbeamea.ro\/albaiulia\/?s={search_term_string}"},"query-input":{"@type":"PropertyValueSpecification","valueRequired":true,"valueName":"search_term_string"}}],"inLanguage":"ro-RO"},{"@type":"Person","@id":"https:\/\/urbeamea.ro\/albaiulia\/#\/schema\/person\/5db3854ac38c1cc9f0ab4092d6a20f02","name":"Giurca Sorin","image":{"@type":"ImageObject","inLanguage":"ro-RO","@id":"https:\/\/secure.gravatar.com\/avatar\/120f6fcae7b3b47a7730cb9943f612f4909f68ac5284b5f40ac1c4615fd70576?s=96&d=mm&r=g","url":"https:\/\/secure.gravatar.com\/avatar\/120f6fcae7b3b47a7730cb9943f612f4909f68ac5284b5f40ac1c4615fd70576?s=96&d=mm&r=g","contentUrl":"https:\/\/secure.gravatar.com\/avatar\/120f6fcae7b3b47a7730cb9943f612f4909f68ac5284b5f40ac1c4615fd70576?s=96&d=mm&r=g","caption":"Giurca Sorin"},"url":"https:\/\/urbeamea.ro\/albaiulia\/author\/sorin\/"}]}},"_links":{"self":[{"href":"https:\/\/urbeamea.ro\/albaiulia\/wp-json\/wp\/v2\/posts\/121969","targetHints":{"allow":["GET"]}}],"collection":[{"href":"https:\/\/urbeamea.ro\/albaiulia\/wp-json\/wp\/v2\/posts"}],"about":[{"href":"https:\/\/urbeamea.ro\/albaiulia\/wp-json\/wp\/v2\/types\/post"}],"author":[{"embeddable":true,"href":"https:\/\/urbeamea.ro\/albaiulia\/wp-json\/wp\/v2\/users\/28"}],"replies":[{"embeddable":true,"href":"https:\/\/urbeamea.ro\/albaiulia\/wp-json\/wp\/v2\/comments?post=121969"}],"version-history":[{"count":1,"href":"https:\/\/urbeamea.ro\/albaiulia\/wp-json\/wp\/v2\/posts\/121969\/revisions"}],"predecessor-version":[{"id":121971,"href":"https:\/\/urbeamea.ro\/albaiulia\/wp-json\/wp\/v2\/posts\/121969\/revisions\/121971"}],"wp:featuredmedia":[{"embeddable":true,"href":"https:\/\/urbeamea.ro\/albaiulia\/wp-json\/wp\/v2\/media\/121970"}],"wp:attachment":[{"href":"https:\/\/urbeamea.ro\/albaiulia\/wp-json\/wp\/v2\/media?parent=121969"}],"wp:term":[{"taxonomy":"category","embeddable":true,"href":"https:\/\/urbeamea.ro\/albaiulia\/wp-json\/wp\/v2\/categories?post=121969"},{"taxonomy":"post_tag","embeddable":true,"href":"https:\/\/urbeamea.ro\/albaiulia\/wp-json\/wp\/v2\/tags?post=121969"}],"curies":[{"name":"wp","href":"https:\/\/api.w.org\/{rel}","templated":true}]}}