{"id":121973,"date":"2026-04-28T12:06:41","date_gmt":"2026-04-28T09:06:41","guid":{"rendered":"https:\/\/urbeamea.ro\/albaiulia\/?p=121973"},"modified":"2026-04-28T12:06:43","modified_gmt":"2026-04-28T09:06:43","slug":"andrea-buontempo-elev-al-colegiului-militar-din-alba-iulia-a-obtinut-premiul-i-la-etapa-nationala-a-olimpiadei-de-limba-italiana","status":"publish","type":"post","link":"https:\/\/urbeamea.ro\/albaiulia\/andrea-buontempo-elev-al-colegiului-militar-din-alba-iulia-a-obtinut-premiul-i-la-etapa-nationala-a-olimpiadei-de-limba-italiana\/","title":{"rendered":"Andrea Buontempo, elev al Colegiului Militar din Alba Iulia, a ob\u021binut Premiul I la etapa na\u021bional\u0103 a Olimpiadei de Limba Italian\u0103"},"content":{"rendered":"\n<p><strong>Elevul sergent Andrea Buontempo (clasa a XI-a) a reu\u0219it o performan\u021b\u0103 deosebit\u0103 la etapa na\u021bional\u0103 a Olimpiadei de Limbi Romanice \u2013 Limba Italian\u0103, ob\u021binerea Premiului I.<\/strong><\/p>\n\n\n\n<p> Rezultatul este suma efortului constant depus \u00een preg\u0103tire, perseveren\u021bei \u0219i pasiunii elevului pentru limba \u0219i cultura italian\u0103. Reu\u0219ita de anul trecut la aceea\u0219i olimpiad\u0103, Premiul III, l-a motivat pe Andrea \u0219i mai mult pentru a continua s\u0103 \u00eenve\u021be \u0219i s\u0103 se perfec\u021bioneze \u00een studiul limbii italiene. <\/p>\n\n\n\n<p>Orele de studiu individual, disciplina \u0219i dorin\u021ba constant\u0103 de autodep\u0103\u0219ire au contribuit esen\u021bial la ob\u021binerea acestei performan\u021be.<\/p>\n\n\n\n<p>&#8222;S\u0103 urc pe prima treapt\u0103 a podiumului \u0219i s\u0103 aduc medalia de aur de la Etapa Na\u021bional\u0103 a Olimpiadei de Limbi Romanice \u2013 limba italian\u0103 reprezint\u0103 una dintre cele mai mari realiz\u0103ri ale mele, de care m\u0103 bucur enorm, mai ales c\u0103 o ob\u021bin reprezent\u00e2nd acest colegiu militar.<\/p>\n\n\n\n<p> Olimpiada de la Foc\u0219ani a fost cu siguran\u021b\u0103 una dintre cele mai frumoase experien\u021be tr\u0103ite \u00een anii de liceu. Am legat prietenii noi \u0219i m-am re\u00eent\u00e2lnit cu fo\u0219ti colegi de competi\u021bie. Subiectele au fost o adev\u0103rat\u0103 provocare, iar faptul c\u0103 m-am preg\u0103tit pe cont propriu transform\u0103 acest rezultat \u00eentr-o satisfac\u021bie \u0219i mai mare. Sunt m\u00e2ndru c\u0103, prin aceast\u0103 performan\u021b\u0103 excep\u021bional\u0103, pot duce numele colegiului nostru pe cele mai \u00eenalte trepte ale excelen\u021bei educa\u021bionale\u201d, a spus elevul sergent Andrea Buontempo.<\/p>\n\n\n\n<p>Felicit\u0103ri Andrea pentru aceast\u0103 performan\u021b\u0103, \u00ee\u021bi dorim mult succes \u00een continuare!.<\/p>\n\n\n\n<figure class=\"wp-block-gallery has-nested-images columns-default is-cropped wp-block-gallery-1 is-layout-flex wp-block-gallery-is-layout-flex\">\n<figure class=\"wp-block-image size-large\"><img loading=\"lazy\" decoding=\"async\" width=\"920\" height=\"1280\" data-id=\"121974\" src=\"https:\/\/urbeamea.ro\/albaiulia\/wp-content\/uploads\/2026\/04\/FB_IMG_1777366847387-920x1280.jpg\" alt=\"\" class=\"wp-image-121974\" srcset=\"https:\/\/urbeamea.ro\/albaiulia\/wp-content\/uploads\/2026\/04\/FB_IMG_1777366847387-920x1280.jpg 920w, https:\/\/urbeamea.ro\/albaiulia\/wp-content\/uploads\/2026\/04\/FB_IMG_1777366847387-460x640.jpg 460w, https:\/\/urbeamea.ro\/albaiulia\/wp-content\/uploads\/2026\/04\/FB_IMG_1777366847387-108x150.jpg 108w, https:\/\/urbeamea.ro\/albaiulia\/wp-content\/uploads\/2026\/04\/FB_IMG_1777366847387-768x1069.jpg 768w, https:\/\/urbeamea.ro\/albaiulia\/wp-content\/uploads\/2026\/04\/FB_IMG_1777366847387-1104x1536.jpg 1104w, https:\/\/urbeamea.ro\/albaiulia\/wp-content\/uploads\/2026\/04\/FB_IMG_1777366847387.jpg 1472w\" sizes=\"auto, (max-width: 920px) 100vw, 920px\" \/><\/figure>\n\n\n\n<figure class=\"wp-block-image size-large\"><img loading=\"lazy\" decoding=\"async\" width=\"1280\" height=\"980\" data-id=\"121975\" src=\"https:\/\/urbeamea.ro\/albaiulia\/wp-content\/uploads\/2026\/04\/FB_IMG_1777366850210-1280x980.jpg\" alt=\"\" class=\"wp-image-121975\" srcset=\"https:\/\/urbeamea.ro\/albaiulia\/wp-content\/uploads\/2026\/04\/FB_IMG_1777366850210-1280x980.jpg 1280w, https:\/\/urbeamea.ro\/albaiulia\/wp-content\/uploads\/2026\/04\/FB_IMG_1777366850210-640x490.jpg 640w, https:\/\/urbeamea.ro\/albaiulia\/wp-content\/uploads\/2026\/04\/FB_IMG_1777366850210-150x115.jpg 150w, https:\/\/urbeamea.ro\/albaiulia\/wp-content\/uploads\/2026\/04\/FB_IMG_1777366850210-768x588.jpg 768w, https:\/\/urbeamea.ro\/albaiulia\/wp-content\/uploads\/2026\/04\/FB_IMG_1777366850210-1536x1177.jpg 1536w, https:\/\/urbeamea.ro\/albaiulia\/wp-content\/uploads\/2026\/04\/FB_IMG_1777366850210.jpg 1799w\" sizes=\"auto, (max-width: 1280px) 100vw, 1280px\" \/><\/figure>\n<\/figure>\n","protected":false},"excerpt":{"rendered":"<p>Elevul sergent Andrea Buontempo (clasa a XI-a) a reu\u0219it o performan\u021b\u0103 deosebit\u0103 la etapa na\u021bional\u0103 a Olimpiadei de Limbi Romanice \u2013 Limba Italian\u0103, ob\u021binerea Premiului I. Rezultatul este suma efortului constant depus \u00een preg\u0103tire, perseveren\u021bei \u0219i pasiunii elevului pentru limba \u0219i cultura italian\u0103. Reu\u0219ita de anul trecut la aceea\u0219i olimpiad\u0103, Premiul III, l-a motivat pe &hellip;<\/p>\n","protected":false},"author":28,"featured_media":121974,"comment_status":"open","ping_status":"open","sticky":false,"template":"","format":"standard","meta":{"inline_featured_image":false,"footnotes":""},"categories":[23926,2039,2034,1,16344],"tags":[937],"class_list":["post-121973","post","type-post","status-publish","format-standard","has-post-thumbnail","hentry","category-actualitate","category-educatie","category-social","category-stiri-urbane","category-urbea-mea","tag-colegiul-national-militar-mihai-viteazul"],"yoast_head":"<!-- This site is optimized with the Yoast SEO plugin v27.4 - https:\/\/yoast.com\/product\/yoast-seo-wordpress\/ -->\n<title>Andrea Buontempo, elev al Colegiului Militar din Alba Iulia, a ob\u021binut Premiul I la etapa na\u021bional\u0103 a Olimpiadei de Limba Italian\u0103 - Revista Urbea Mea - Revista de Alba<\/title>\n<meta name=\"description\" content=\"Elevul sergent Andrea Buontempo (clasa a XI-a) a reu\u0219it o performan\u021b\u0103 deosebit\u0103 la etapa na\u021bional\u0103 a Olimpiadei de Limbi Romanice \u2013 Limba Italian\u0103,\" \/>\n<meta name=\"robots\" content=\"index, follow, max-snippet:-1, max-image-preview:large, max-video-preview:-1\" \/>\n<link rel=\"canonical\" href=\"https:\/\/urbeamea.ro\/albaiulia\/andrea-buontempo-elev-al-colegiului-militar-din-alba-iulia-a-obtinut-premiul-i-la-etapa-nationala-a-olimpiadei-de-limba-italiana\/\" \/>\n<meta name=\"twitter:card\" content=\"summary_large_image\" \/>\n<meta name=\"twitter:title\" content=\"Andrea Buontempo, elev al Colegiului Militar din Alba Iulia, a ob\u021binut Premiul I la etapa na\u021bional\u0103 a Olimpiadei de Limba Italian\u0103 - Revista Urbea Mea - Revista de Alba\" \/>\n<meta name=\"twitter:description\" content=\"Elevul sergent Andrea Buontempo (clasa a XI-a) a reu\u0219it o performan\u021b\u0103 deosebit\u0103 la etapa na\u021bional\u0103 a Olimpiadei de Limbi Romanice \u2013 Limba Italian\u0103,\" \/>\n<meta name=\"twitter:image\" content=\"https:\/\/urbeamea.ro\/albaiulia\/wp-content\/uploads\/2026\/04\/FB_IMG_1777366847387.jpg\" \/>\n<meta name=\"twitter:creator\" content=\"@urbeameaweb\" \/>\n<meta name=\"twitter:site\" content=\"@urbeameaweb\" \/>\n<script type=\"application\/ld+json\" class=\"yoast-schema-graph\">{\"@context\":\"https:\\\/\\\/schema.org\",\"@graph\":[{\"@type\":\"Article\",\"@id\":\"https:\\\/\\\/urbeamea.ro\\\/albaiulia\\\/andrea-buontempo-elev-al-colegiului-militar-din-alba-iulia-a-obtinut-premiul-i-la-etapa-nationala-a-olimpiadei-de-limba-italiana\\\/#article\",\"isPartOf\":{\"@id\":\"https:\\\/\\\/urbeamea.ro\\\/albaiulia\\\/andrea-buontempo-elev-al-colegiului-militar-din-alba-iulia-a-obtinut-premiul-i-la-etapa-nationala-a-olimpiadei-de-limba-italiana\\\/\"},\"author\":{\"name\":\"Giurca Sorin\",\"@id\":\"https:\\\/\\\/urbeamea.ro\\\/albaiulia\\\/#\\\/schema\\\/person\\\/5db3854ac38c1cc9f0ab4092d6a20f02\"},\"headline\":\"Andrea Buontempo, elev al Colegiului Militar din Alba Iulia, a ob\u021binut Premiul I la etapa na\u021bional\u0103 a Olimpiadei de Limba Italian\u0103\",\"datePublished\":\"2026-04-28T09:06:41+00:00\",\"dateModified\":\"2026-04-28T09:06:43+00:00\",\"mainEntityOfPage\":{\"@id\":\"https:\\\/\\\/urbeamea.ro\\\/albaiulia\\\/andrea-buontempo-elev-al-colegiului-militar-din-alba-iulia-a-obtinut-premiul-i-la-etapa-nationala-a-olimpiadei-de-limba-italiana\\\/\"},\"wordCount\":281,\"commentCount\":0,\"image\":{\"@id\":\"https:\\\/\\\/urbeamea.ro\\\/albaiulia\\\/andrea-buontempo-elev-al-colegiului-militar-din-alba-iulia-a-obtinut-premiul-i-la-etapa-nationala-a-olimpiadei-de-limba-italiana\\\/#primaryimage\"},\"thumbnailUrl\":\"https:\\\/\\\/urbeamea.ro\\\/albaiulia\\\/wp-content\\\/uploads\\\/2026\\\/04\\\/FB_IMG_1777366847387.jpg\",\"keywords\":[\"colegiul national militar mihai viteazul\"],\"articleSection\":[\"Actualitate\",\"Educa\u021bie\",\"Social\",\"\u015etiri Urbane\",\"Urbea Mea\"],\"inLanguage\":\"ro-RO\",\"potentialAction\":[{\"@type\":\"CommentAction\",\"name\":\"Comment\",\"target\":[\"https:\\\/\\\/urbeamea.ro\\\/albaiulia\\\/andrea-buontempo-elev-al-colegiului-militar-din-alba-iulia-a-obtinut-premiul-i-la-etapa-nationala-a-olimpiadei-de-limba-italiana\\\/#respond\"]}]},{\"@type\":\"WebPage\",\"@id\":\"https:\\\/\\\/urbeamea.ro\\\/albaiulia\\\/andrea-buontempo-elev-al-colegiului-militar-din-alba-iulia-a-obtinut-premiul-i-la-etapa-nationala-a-olimpiadei-de-limba-italiana\\\/\",\"url\":\"https:\\\/\\\/urbeamea.ro\\\/albaiulia\\\/andrea-buontempo-elev-al-colegiului-militar-din-alba-iulia-a-obtinut-premiul-i-la-etapa-nationala-a-olimpiadei-de-limba-italiana\\\/\",\"name\":\"Andrea Buontempo, elev al Colegiului Militar din Alba Iulia, a ob\u021binut Premiul I la etapa na\u021bional\u0103 a Olimpiadei de Limba Italian\u0103 - Revista Urbea Mea - Revista de Alba\",\"isPartOf\":{\"@id\":\"https:\\\/\\\/urbeamea.ro\\\/albaiulia\\\/#website\"},\"primaryImageOfPage\":{\"@id\":\"https:\\\/\\\/urbeamea.ro\\\/albaiulia\\\/andrea-buontempo-elev-al-colegiului-militar-din-alba-iulia-a-obtinut-premiul-i-la-etapa-nationala-a-olimpiadei-de-limba-italiana\\\/#primaryimage\"},\"image\":{\"@id\":\"https:\\\/\\\/urbeamea.ro\\\/albaiulia\\\/andrea-buontempo-elev-al-colegiului-militar-din-alba-iulia-a-obtinut-premiul-i-la-etapa-nationala-a-olimpiadei-de-limba-italiana\\\/#primaryimage\"},\"thumbnailUrl\":\"https:\\\/\\\/urbeamea.ro\\\/albaiulia\\\/wp-content\\\/uploads\\\/2026\\\/04\\\/FB_IMG_1777366847387.jpg\",\"datePublished\":\"2026-04-28T09:06:41+00:00\",\"dateModified\":\"2026-04-28T09:06:43+00:00\",\"author\":{\"@id\":\"https:\\\/\\\/urbeamea.ro\\\/albaiulia\\\/#\\\/schema\\\/person\\\/5db3854ac38c1cc9f0ab4092d6a20f02\"},\"description\":\"Elevul sergent Andrea Buontempo (clasa a XI-a) a reu\u0219it o performan\u021b\u0103 deosebit\u0103 la etapa na\u021bional\u0103 a Olimpiadei de Limbi Romanice \u2013 Limba Italian\u0103,\",\"breadcrumb\":{\"@id\":\"https:\\\/\\\/urbeamea.ro\\\/albaiulia\\\/andrea-buontempo-elev-al-colegiului-militar-din-alba-iulia-a-obtinut-premiul-i-la-etapa-nationala-a-olimpiadei-de-limba-italiana\\\/#breadcrumb\"},\"inLanguage\":\"ro-RO\",\"potentialAction\":[{\"@type\":\"ReadAction\",\"target\":[\"https:\\\/\\\/urbeamea.ro\\\/albaiulia\\\/andrea-buontempo-elev-al-colegiului-militar-din-alba-iulia-a-obtinut-premiul-i-la-etapa-nationala-a-olimpiadei-de-limba-italiana\\\/\"]}]},{\"@type\":\"ImageObject\",\"inLanguage\":\"ro-RO\",\"@id\":\"https:\\\/\\\/urbeamea.ro\\\/albaiulia\\\/andrea-buontempo-elev-al-colegiului-militar-din-alba-iulia-a-obtinut-premiul-i-la-etapa-nationala-a-olimpiadei-de-limba-italiana\\\/#primaryimage\",\"url\":\"https:\\\/\\\/urbeamea.ro\\\/albaiulia\\\/wp-content\\\/uploads\\\/2026\\\/04\\\/FB_IMG_1777366847387.jpg\",\"contentUrl\":\"https:\\\/\\\/urbeamea.ro\\\/albaiulia\\\/wp-content\\\/uploads\\\/2026\\\/04\\\/FB_IMG_1777366847387.jpg\",\"width\":1472,\"height\":2048},{\"@type\":\"BreadcrumbList\",\"@id\":\"https:\\\/\\\/urbeamea.ro\\\/albaiulia\\\/andrea-buontempo-elev-al-colegiului-militar-din-alba-iulia-a-obtinut-premiul-i-la-etapa-nationala-a-olimpiadei-de-limba-italiana\\\/#breadcrumb\",\"itemListElement\":[{\"@type\":\"ListItem\",\"position\":1,\"name\":\"Prima pagin\u0103\",\"item\":\"https:\\\/\\\/urbeamea.ro\\\/albaiulia\\\/\"},{\"@type\":\"ListItem\",\"position\":2,\"name\":\"Andrea Buontempo, elev al Colegiului Militar din Alba Iulia, a ob\u021binut Premiul I la etapa na\u021bional\u0103 a Olimpiadei de Limba Italian\u0103\"}]},{\"@type\":\"WebSite\",\"@id\":\"https:\\\/\\\/urbeamea.ro\\\/albaiulia\\\/#website\",\"url\":\"https:\\\/\\\/urbeamea.ro\\\/albaiulia\\\/\",\"name\":\"Revista Urbea Mea, Stiri urbane\",\"description\":\"Evenimente \u0219i \u0219tiri din Alba Iulia, Sebe\u0219, Aiud, Blaj\",\"potentialAction\":[{\"@type\":\"SearchAction\",\"target\":{\"@type\":\"EntryPoint\",\"urlTemplate\":\"https:\\\/\\\/urbeamea.ro\\\/albaiulia\\\/?s={search_term_string}\"},\"query-input\":{\"@type\":\"PropertyValueSpecification\",\"valueRequired\":true,\"valueName\":\"search_term_string\"}}],\"inLanguage\":\"ro-RO\"},{\"@type\":\"Person\",\"@id\":\"https:\\\/\\\/urbeamea.ro\\\/albaiulia\\\/#\\\/schema\\\/person\\\/5db3854ac38c1cc9f0ab4092d6a20f02\",\"name\":\"Giurca Sorin\",\"image\":{\"@type\":\"ImageObject\",\"inLanguage\":\"ro-RO\",\"@id\":\"https:\\\/\\\/secure.gravatar.com\\\/avatar\\\/120f6fcae7b3b47a7730cb9943f612f4909f68ac5284b5f40ac1c4615fd70576?s=96&d=mm&r=g\",\"url\":\"https:\\\/\\\/secure.gravatar.com\\\/avatar\\\/120f6fcae7b3b47a7730cb9943f612f4909f68ac5284b5f40ac1c4615fd70576?s=96&d=mm&r=g\",\"contentUrl\":\"https:\\\/\\\/secure.gravatar.com\\\/avatar\\\/120f6fcae7b3b47a7730cb9943f612f4909f68ac5284b5f40ac1c4615fd70576?s=96&d=mm&r=g\",\"caption\":\"Giurca Sorin\"},\"url\":\"https:\\\/\\\/urbeamea.ro\\\/albaiulia\\\/author\\\/sorin\\\/\"}]}<\/script>\n<!-- \/ Yoast SEO plugin. -->","yoast_head_json":{"title":"Andrea Buontempo, elev al Colegiului Militar din Alba Iulia, a ob\u021binut Premiul I la etapa na\u021bional\u0103 a Olimpiadei de Limba Italian\u0103 - Revista Urbea Mea - Revista de Alba","description":"Elevul sergent Andrea Buontempo (clasa a XI-a) a reu\u0219it o performan\u021b\u0103 deosebit\u0103 la etapa na\u021bional\u0103 a Olimpiadei de Limbi Romanice \u2013 Limba Italian\u0103,","robots":{"index":"index","follow":"follow","max-snippet":"max-snippet:-1","max-image-preview":"max-image-preview:large","max-video-preview":"max-video-preview:-1"},"canonical":"https:\/\/urbeamea.ro\/albaiulia\/andrea-buontempo-elev-al-colegiului-militar-din-alba-iulia-a-obtinut-premiul-i-la-etapa-nationala-a-olimpiadei-de-limba-italiana\/","twitter_card":"summary_large_image","twitter_title":"Andrea Buontempo, elev al Colegiului Militar din Alba Iulia, a ob\u021binut Premiul I la etapa na\u021bional\u0103 a Olimpiadei de Limba Italian\u0103 - Revista Urbea Mea - Revista de Alba","twitter_description":"Elevul sergent Andrea Buontempo (clasa a XI-a) a reu\u0219it o performan\u021b\u0103 deosebit\u0103 la etapa na\u021bional\u0103 a Olimpiadei de Limbi Romanice \u2013 Limba Italian\u0103,","twitter_image":"https:\/\/urbeamea.ro\/albaiulia\/wp-content\/uploads\/2026\/04\/FB_IMG_1777366847387.jpg","twitter_creator":"@urbeameaweb","twitter_site":"@urbeameaweb","schema":{"@context":"https:\/\/schema.org","@graph":[{"@type":"Article","@id":"https:\/\/urbeamea.ro\/albaiulia\/andrea-buontempo-elev-al-colegiului-militar-din-alba-iulia-a-obtinut-premiul-i-la-etapa-nationala-a-olimpiadei-de-limba-italiana\/#article","isPartOf":{"@id":"https:\/\/urbeamea.ro\/albaiulia\/andrea-buontempo-elev-al-colegiului-militar-din-alba-iulia-a-obtinut-premiul-i-la-etapa-nationala-a-olimpiadei-de-limba-italiana\/"},"author":{"name":"Giurca Sorin","@id":"https:\/\/urbeamea.ro\/albaiulia\/#\/schema\/person\/5db3854ac38c1cc9f0ab4092d6a20f02"},"headline":"Andrea Buontempo, elev al Colegiului Militar din Alba Iulia, a ob\u021binut Premiul I la etapa na\u021bional\u0103 a Olimpiadei de Limba Italian\u0103","datePublished":"2026-04-28T09:06:41+00:00","dateModified":"2026-04-28T09:06:43+00:00","mainEntityOfPage":{"@id":"https:\/\/urbeamea.ro\/albaiulia\/andrea-buontempo-elev-al-colegiului-militar-din-alba-iulia-a-obtinut-premiul-i-la-etapa-nationala-a-olimpiadei-de-limba-italiana\/"},"wordCount":281,"commentCount":0,"image":{"@id":"https:\/\/urbeamea.ro\/albaiulia\/andrea-buontempo-elev-al-colegiului-militar-din-alba-iulia-a-obtinut-premiul-i-la-etapa-nationala-a-olimpiadei-de-limba-italiana\/#primaryimage"},"thumbnailUrl":"https:\/\/urbeamea.ro\/albaiulia\/wp-content\/uploads\/2026\/04\/FB_IMG_1777366847387.jpg","keywords":["colegiul national militar mihai viteazul"],"articleSection":["Actualitate","Educa\u021bie","Social","\u015etiri Urbane","Urbea Mea"],"inLanguage":"ro-RO","potentialAction":[{"@type":"CommentAction","name":"Comment","target":["https:\/\/urbeamea.ro\/albaiulia\/andrea-buontempo-elev-al-colegiului-militar-din-alba-iulia-a-obtinut-premiul-i-la-etapa-nationala-a-olimpiadei-de-limba-italiana\/#respond"]}]},{"@type":"WebPage","@id":"https:\/\/urbeamea.ro\/albaiulia\/andrea-buontempo-elev-al-colegiului-militar-din-alba-iulia-a-obtinut-premiul-i-la-etapa-nationala-a-olimpiadei-de-limba-italiana\/","url":"https:\/\/urbeamea.ro\/albaiulia\/andrea-buontempo-elev-al-colegiului-militar-din-alba-iulia-a-obtinut-premiul-i-la-etapa-nationala-a-olimpiadei-de-limba-italiana\/","name":"Andrea Buontempo, elev al Colegiului Militar din Alba Iulia, a ob\u021binut Premiul I la etapa na\u021bional\u0103 a Olimpiadei de Limba Italian\u0103 - Revista Urbea Mea - Revista de Alba","isPartOf":{"@id":"https:\/\/urbeamea.ro\/albaiulia\/#website"},"primaryImageOfPage":{"@id":"https:\/\/urbeamea.ro\/albaiulia\/andrea-buontempo-elev-al-colegiului-militar-din-alba-iulia-a-obtinut-premiul-i-la-etapa-nationala-a-olimpiadei-de-limba-italiana\/#primaryimage"},"image":{"@id":"https:\/\/urbeamea.ro\/albaiulia\/andrea-buontempo-elev-al-colegiului-militar-din-alba-iulia-a-obtinut-premiul-i-la-etapa-nationala-a-olimpiadei-de-limba-italiana\/#primaryimage"},"thumbnailUrl":"https:\/\/urbeamea.ro\/albaiulia\/wp-content\/uploads\/2026\/04\/FB_IMG_1777366847387.jpg","datePublished":"2026-04-28T09:06:41+00:00","dateModified":"2026-04-28T09:06:43+00:00","author":{"@id":"https:\/\/urbeamea.ro\/albaiulia\/#\/schema\/person\/5db3854ac38c1cc9f0ab4092d6a20f02"},"description":"Elevul sergent Andrea Buontempo (clasa a XI-a) a reu\u0219it o performan\u021b\u0103 deosebit\u0103 la etapa na\u021bional\u0103 a Olimpiadei de Limbi Romanice \u2013 Limba Italian\u0103,","breadcrumb":{"@id":"https:\/\/urbeamea.ro\/albaiulia\/andrea-buontempo-elev-al-colegiului-militar-din-alba-iulia-a-obtinut-premiul-i-la-etapa-nationala-a-olimpiadei-de-limba-italiana\/#breadcrumb"},"inLanguage":"ro-RO","potentialAction":[{"@type":"ReadAction","target":["https:\/\/urbeamea.ro\/albaiulia\/andrea-buontempo-elev-al-colegiului-militar-din-alba-iulia-a-obtinut-premiul-i-la-etapa-nationala-a-olimpiadei-de-limba-italiana\/"]}]},{"@type":"ImageObject","inLanguage":"ro-RO","@id":"https:\/\/urbeamea.ro\/albaiulia\/andrea-buontempo-elev-al-colegiului-militar-din-alba-iulia-a-obtinut-premiul-i-la-etapa-nationala-a-olimpiadei-de-limba-italiana\/#primaryimage","url":"https:\/\/urbeamea.ro\/albaiulia\/wp-content\/uploads\/2026\/04\/FB_IMG_1777366847387.jpg","contentUrl":"https:\/\/urbeamea.ro\/albaiulia\/wp-content\/uploads\/2026\/04\/FB_IMG_1777366847387.jpg","width":1472,"height":2048},{"@type":"BreadcrumbList","@id":"https:\/\/urbeamea.ro\/albaiulia\/andrea-buontempo-elev-al-colegiului-militar-din-alba-iulia-a-obtinut-premiul-i-la-etapa-nationala-a-olimpiadei-de-limba-italiana\/#breadcrumb","itemListElement":[{"@type":"ListItem","position":1,"name":"Prima pagin\u0103","item":"https:\/\/urbeamea.ro\/albaiulia\/"},{"@type":"ListItem","position":2,"name":"Andrea Buontempo, elev al Colegiului Militar din Alba Iulia, a ob\u021binut Premiul I la etapa na\u021bional\u0103 a Olimpiadei de Limba Italian\u0103"}]},{"@type":"WebSite","@id":"https:\/\/urbeamea.ro\/albaiulia\/#website","url":"https:\/\/urbeamea.ro\/albaiulia\/","name":"Revista Urbea Mea, Stiri urbane","description":"Evenimente \u0219i \u0219tiri din Alba Iulia, Sebe\u0219, Aiud, Blaj","potentialAction":[{"@type":"SearchAction","target":{"@type":"EntryPoint","urlTemplate":"https:\/\/urbeamea.ro\/albaiulia\/?s={search_term_string}"},"query-input":{"@type":"PropertyValueSpecification","valueRequired":true,"valueName":"search_term_string"}}],"inLanguage":"ro-RO"},{"@type":"Person","@id":"https:\/\/urbeamea.ro\/albaiulia\/#\/schema\/person\/5db3854ac38c1cc9f0ab4092d6a20f02","name":"Giurca Sorin","image":{"@type":"ImageObject","inLanguage":"ro-RO","@id":"https:\/\/secure.gravatar.com\/avatar\/120f6fcae7b3b47a7730cb9943f612f4909f68ac5284b5f40ac1c4615fd70576?s=96&d=mm&r=g","url":"https:\/\/secure.gravatar.com\/avatar\/120f6fcae7b3b47a7730cb9943f612f4909f68ac5284b5f40ac1c4615fd70576?s=96&d=mm&r=g","contentUrl":"https:\/\/secure.gravatar.com\/avatar\/120f6fcae7b3b47a7730cb9943f612f4909f68ac5284b5f40ac1c4615fd70576?s=96&d=mm&r=g","caption":"Giurca Sorin"},"url":"https:\/\/urbeamea.ro\/albaiulia\/author\/sorin\/"}]}},"_links":{"self":[{"href":"https:\/\/urbeamea.ro\/albaiulia\/wp-json\/wp\/v2\/posts\/121973","targetHints":{"allow":["GET"]}}],"collection":[{"href":"https:\/\/urbeamea.ro\/albaiulia\/wp-json\/wp\/v2\/posts"}],"about":[{"href":"https:\/\/urbeamea.ro\/albaiulia\/wp-json\/wp\/v2\/types\/post"}],"author":[{"embeddable":true,"href":"https:\/\/urbeamea.ro\/albaiulia\/wp-json\/wp\/v2\/users\/28"}],"replies":[{"embeddable":true,"href":"https:\/\/urbeamea.ro\/albaiulia\/wp-json\/wp\/v2\/comments?post=121973"}],"version-history":[{"count":1,"href":"https:\/\/urbeamea.ro\/albaiulia\/wp-json\/wp\/v2\/posts\/121973\/revisions"}],"predecessor-version":[{"id":121976,"href":"https:\/\/urbeamea.ro\/albaiulia\/wp-json\/wp\/v2\/posts\/121973\/revisions\/121976"}],"wp:featuredmedia":[{"embeddable":true,"href":"https:\/\/urbeamea.ro\/albaiulia\/wp-json\/wp\/v2\/media\/121974"}],"wp:attachment":[{"href":"https:\/\/urbeamea.ro\/albaiulia\/wp-json\/wp\/v2\/media?parent=121973"}],"wp:term":[{"taxonomy":"category","embeddable":true,"href":"https:\/\/urbeamea.ro\/albaiulia\/wp-json\/wp\/v2\/categories?post=121973"},{"taxonomy":"post_tag","embeddable":true,"href":"https:\/\/urbeamea.ro\/albaiulia\/wp-json\/wp\/v2\/tags?post=121973"}],"curies":[{"name":"wp","href":"https:\/\/api.w.org\/{rel}","templated":true}]}}