{"id":121983,"date":"2026-04-30T11:27:42","date_gmt":"2026-04-30T08:27:42","guid":{"rendered":"https:\/\/urbeamea.ro\/albaiulia\/?p=121983"},"modified":"2026-04-30T11:27:44","modified_gmt":"2026-04-30T08:27:44","slug":"programul-de-circulatie-al-autobuzelor-in-ziua-de-1-mai","status":"publish","type":"post","link":"https:\/\/urbeamea.ro\/albaiulia\/programul-de-circulatie-al-autobuzelor-in-ziua-de-1-mai\/","title":{"rendered":"Programul de circula\u021bie al autobuzelor \u00een ziua de 1 Mai"},"content":{"rendered":"\n<p>\u00cen <strong>ziua de 1 Mai, autobuzele Societ\u0103\u021bii de Transport Public, vor circula dup\u0103 programul unei zile de duminic\u0103.<\/strong><\/p>\n\n\n\n<p>\u00cen data de 1 Mai 2026, \u00een Zonele Metropolitane 1-7, programul de circula\u021bie al Societ\u0103\u021bii de Transport Public S.A. Alba Iulia va fi program corespunz\u0103tor unei zile de duminic\u0103.<\/p>\n\n\n\n<p>Foarte important: autobuzele programate s\u0103 transporte angaja\u021bii societ\u0103\u021bilor comerciale vor circula normal, \u00een func\u021bie de programul de lucru stabilit anterior!<\/p>\n\n\n\n<p>Informa\u021biile referitoare la programul de circula\u021bie \u00een zona tarifar\u0103 1 (Alba Iulia, Mice\u0219ti, B\u0103r\u0103ban\u021b, Oarda, P\u00e2cli\u0219a) se pot ob\u021bine de la dispeceratul STP, la num\u0103rul de telefon 0258\/812826.<\/p>\n\n\n\n<p>Pentru informa\u021bii legate de programul de circula\u021bie \u00een zonele tarifare 2-7 (Dr\u00e2mbar, Teleac, Limba, S\u00eentimbru, Ciugud, \u0218ard, H\u0103pria, Totoi, \u0218eu\u0219a, Oiejdea, Ighiu, Lunca Ampoi\u021bei, Ampoi\u021ba, Lunca Mete\u0219ului, Remetea, Galtiu, \u021aelna, Bucerdea Vinoas\u0103, Craiva, Ighiel, Galda de Jos, Dumitra, Mesentea, Co\u0219lariu, Henig, Teiu\u0219, Cric\u0103u, Benic, Tibru, Galda de Sus, Mihal\u021b, Obreja, Poiana Galdei, Strem\u021b, Cetea, Geomal, Geoagiu de Sus, \u00centregalde, Valea M\u0103n\u0103stirii, Berghin, Ghirbom, Vingard) c\u0103l\u0103torii pot apela Autogara STP, la num\u0103rul de telefon 0258\/812967 sau 0258\/810588. Informa\u021biile sunt disponibile \u0219i pe site-ul www.stpalba.ro.<\/p>\n\n\n\n<figure class=\"wp-block-image size-large\"><img loading=\"lazy\" decoding=\"async\" width=\"1280\" height=\"713\" src=\"https:\/\/urbeamea.ro\/albaiulia\/wp-content\/uploads\/2026\/04\/alba-iulia-autobuze-1280x713.jpg\" alt=\"\" class=\"wp-image-121984\" srcset=\"https:\/\/urbeamea.ro\/albaiulia\/wp-content\/uploads\/2026\/04\/alba-iulia-autobuze-1280x713.jpg 1280w, https:\/\/urbeamea.ro\/albaiulia\/wp-content\/uploads\/2026\/04\/alba-iulia-autobuze-640x357.jpg 640w, https:\/\/urbeamea.ro\/albaiulia\/wp-content\/uploads\/2026\/04\/alba-iulia-autobuze-150x84.jpg 150w, https:\/\/urbeamea.ro\/albaiulia\/wp-content\/uploads\/2026\/04\/alba-iulia-autobuze-768x428.jpg 768w, https:\/\/urbeamea.ro\/albaiulia\/wp-content\/uploads\/2026\/04\/alba-iulia-autobuze-1536x856.jpg 1536w, https:\/\/urbeamea.ro\/albaiulia\/wp-content\/uploads\/2026\/04\/alba-iulia-autobuze.jpg 1568w\" sizes=\"auto, (max-width: 1280px) 100vw, 1280px\" \/><\/figure>\n\n\n\n<p><\/p>\n","protected":false},"excerpt":{"rendered":"<p>\u00cen ziua de 1 Mai, autobuzele Societ\u0103\u021bii de Transport Public, vor circula dup\u0103 programul unei zile de duminic\u0103. \u00cen data de 1 Mai 2026, \u00een Zonele Metropolitane 1-7, programul de circula\u021bie al Societ\u0103\u021bii de Transport Public S.A. Alba Iulia va fi program corespunz\u0103tor unei zile de duminic\u0103. Foarte important: autobuzele programate s\u0103 transporte angaja\u021bii societ\u0103\u021bilor &hellip;<\/p>\n","protected":false},"author":28,"featured_media":121984,"comment_status":"open","ping_status":"open","sticky":false,"template":"","format":"standard","meta":{"inline_featured_image":false,"footnotes":""},"categories":[23926,4,2034,1,16344],"tags":[1149],"class_list":["post-121983","post","type-post","status-publish","format-standard","has-post-thumbnail","hentry","category-actualitate","category-eveniment","category-social","category-stiri-urbane","category-urbea-mea","tag-stp-alba-iulia"],"yoast_head":"<!-- This site is optimized with the Yoast SEO plugin v27.4 - https:\/\/yoast.com\/product\/yoast-seo-wordpress\/ -->\n<title>Programul de circula\u021bie al autobuzelor \u00een ziua de 1 Mai - Revista Urbea Mea - Revista de Alba<\/title>\n<meta name=\"description\" content=\"\u00cen ziua de 1 Mai, autobuzele Societ\u0103\u021bii de Transport Public, vor circula dup\u0103 programul unei zile de duminic\u0103. \u00cen data de 1 Mai 2026, \u00een Zonele\" \/>\n<meta name=\"robots\" content=\"index, follow, max-snippet:-1, max-image-preview:large, max-video-preview:-1\" \/>\n<link rel=\"canonical\" href=\"https:\/\/urbeamea.ro\/albaiulia\/programul-de-circulatie-al-autobuzelor-in-ziua-de-1-mai\/\" \/>\n<meta name=\"twitter:card\" content=\"summary_large_image\" \/>\n<meta name=\"twitter:title\" content=\"Programul de circula\u021bie al autobuzelor \u00een ziua de 1 Mai - Revista Urbea Mea - Revista de Alba\" \/>\n<meta name=\"twitter:description\" content=\"\u00cen ziua de 1 Mai, autobuzele Societ\u0103\u021bii de Transport Public, vor circula dup\u0103 programul unei zile de duminic\u0103. \u00cen data de 1 Mai 2026, \u00een Zonele\" \/>\n<meta name=\"twitter:image\" content=\"https:\/\/urbeamea.ro\/albaiulia\/wp-content\/uploads\/2026\/04\/alba-iulia-autobuze.jpg\" \/>\n<meta name=\"twitter:creator\" content=\"@urbeameaweb\" \/>\n<meta name=\"twitter:site\" content=\"@urbeameaweb\" \/>\n<script type=\"application\/ld+json\" class=\"yoast-schema-graph\">{\"@context\":\"https:\\\/\\\/schema.org\",\"@graph\":[{\"@type\":\"Article\",\"@id\":\"https:\\\/\\\/urbeamea.ro\\\/albaiulia\\\/programul-de-circulatie-al-autobuzelor-in-ziua-de-1-mai\\\/#article\",\"isPartOf\":{\"@id\":\"https:\\\/\\\/urbeamea.ro\\\/albaiulia\\\/programul-de-circulatie-al-autobuzelor-in-ziua-de-1-mai\\\/\"},\"author\":{\"name\":\"Giurca Sorin\",\"@id\":\"https:\\\/\\\/urbeamea.ro\\\/albaiulia\\\/#\\\/schema\\\/person\\\/5db3854ac38c1cc9f0ab4092d6a20f02\"},\"headline\":\"Programul de circula\u021bie al autobuzelor \u00een ziua de 1 Mai\",\"datePublished\":\"2026-04-30T08:27:42+00:00\",\"dateModified\":\"2026-04-30T08:27:44+00:00\",\"mainEntityOfPage\":{\"@id\":\"https:\\\/\\\/urbeamea.ro\\\/albaiulia\\\/programul-de-circulatie-al-autobuzelor-in-ziua-de-1-mai\\\/\"},\"wordCount\":217,\"commentCount\":0,\"image\":{\"@id\":\"https:\\\/\\\/urbeamea.ro\\\/albaiulia\\\/programul-de-circulatie-al-autobuzelor-in-ziua-de-1-mai\\\/#primaryimage\"},\"thumbnailUrl\":\"https:\\\/\\\/urbeamea.ro\\\/albaiulia\\\/wp-content\\\/uploads\\\/2026\\\/04\\\/alba-iulia-autobuze.jpg\",\"keywords\":[\"STP Alba Iulia\"],\"articleSection\":[\"Actualitate\",\"Evenimente\",\"Social\",\"\u015etiri Urbane\",\"Urbea Mea\"],\"inLanguage\":\"ro-RO\",\"potentialAction\":[{\"@type\":\"CommentAction\",\"name\":\"Comment\",\"target\":[\"https:\\\/\\\/urbeamea.ro\\\/albaiulia\\\/programul-de-circulatie-al-autobuzelor-in-ziua-de-1-mai\\\/#respond\"]}]},{\"@type\":\"WebPage\",\"@id\":\"https:\\\/\\\/urbeamea.ro\\\/albaiulia\\\/programul-de-circulatie-al-autobuzelor-in-ziua-de-1-mai\\\/\",\"url\":\"https:\\\/\\\/urbeamea.ro\\\/albaiulia\\\/programul-de-circulatie-al-autobuzelor-in-ziua-de-1-mai\\\/\",\"name\":\"Programul de circula\u021bie al autobuzelor \u00een ziua de 1 Mai - Revista Urbea Mea - Revista de Alba\",\"isPartOf\":{\"@id\":\"https:\\\/\\\/urbeamea.ro\\\/albaiulia\\\/#website\"},\"primaryImageOfPage\":{\"@id\":\"https:\\\/\\\/urbeamea.ro\\\/albaiulia\\\/programul-de-circulatie-al-autobuzelor-in-ziua-de-1-mai\\\/#primaryimage\"},\"image\":{\"@id\":\"https:\\\/\\\/urbeamea.ro\\\/albaiulia\\\/programul-de-circulatie-al-autobuzelor-in-ziua-de-1-mai\\\/#primaryimage\"},\"thumbnailUrl\":\"https:\\\/\\\/urbeamea.ro\\\/albaiulia\\\/wp-content\\\/uploads\\\/2026\\\/04\\\/alba-iulia-autobuze.jpg\",\"datePublished\":\"2026-04-30T08:27:42+00:00\",\"dateModified\":\"2026-04-30T08:27:44+00:00\",\"author\":{\"@id\":\"https:\\\/\\\/urbeamea.ro\\\/albaiulia\\\/#\\\/schema\\\/person\\\/5db3854ac38c1cc9f0ab4092d6a20f02\"},\"description\":\"\u00cen ziua de 1 Mai, autobuzele Societ\u0103\u021bii de Transport Public, vor circula dup\u0103 programul unei zile de duminic\u0103. \u00cen data de 1 Mai 2026, \u00een Zonele\",\"breadcrumb\":{\"@id\":\"https:\\\/\\\/urbeamea.ro\\\/albaiulia\\\/programul-de-circulatie-al-autobuzelor-in-ziua-de-1-mai\\\/#breadcrumb\"},\"inLanguage\":\"ro-RO\",\"potentialAction\":[{\"@type\":\"ReadAction\",\"target\":[\"https:\\\/\\\/urbeamea.ro\\\/albaiulia\\\/programul-de-circulatie-al-autobuzelor-in-ziua-de-1-mai\\\/\"]}]},{\"@type\":\"ImageObject\",\"inLanguage\":\"ro-RO\",\"@id\":\"https:\\\/\\\/urbeamea.ro\\\/albaiulia\\\/programul-de-circulatie-al-autobuzelor-in-ziua-de-1-mai\\\/#primaryimage\",\"url\":\"https:\\\/\\\/urbeamea.ro\\\/albaiulia\\\/wp-content\\\/uploads\\\/2026\\\/04\\\/alba-iulia-autobuze.jpg\",\"contentUrl\":\"https:\\\/\\\/urbeamea.ro\\\/albaiulia\\\/wp-content\\\/uploads\\\/2026\\\/04\\\/alba-iulia-autobuze.jpg\",\"width\":1568,\"height\":874},{\"@type\":\"BreadcrumbList\",\"@id\":\"https:\\\/\\\/urbeamea.ro\\\/albaiulia\\\/programul-de-circulatie-al-autobuzelor-in-ziua-de-1-mai\\\/#breadcrumb\",\"itemListElement\":[{\"@type\":\"ListItem\",\"position\":1,\"name\":\"Prima pagin\u0103\",\"item\":\"https:\\\/\\\/urbeamea.ro\\\/albaiulia\\\/\"},{\"@type\":\"ListItem\",\"position\":2,\"name\":\"Programul de circula\u021bie al autobuzelor \u00een ziua de 1 Mai\"}]},{\"@type\":\"WebSite\",\"@id\":\"https:\\\/\\\/urbeamea.ro\\\/albaiulia\\\/#website\",\"url\":\"https:\\\/\\\/urbeamea.ro\\\/albaiulia\\\/\",\"name\":\"Revista Urbea Mea, Stiri urbane\",\"description\":\"Evenimente \u0219i \u0219tiri din Alba Iulia, Sebe\u0219, Aiud, Blaj\",\"potentialAction\":[{\"@type\":\"SearchAction\",\"target\":{\"@type\":\"EntryPoint\",\"urlTemplate\":\"https:\\\/\\\/urbeamea.ro\\\/albaiulia\\\/?s={search_term_string}\"},\"query-input\":{\"@type\":\"PropertyValueSpecification\",\"valueRequired\":true,\"valueName\":\"search_term_string\"}}],\"inLanguage\":\"ro-RO\"},{\"@type\":\"Person\",\"@id\":\"https:\\\/\\\/urbeamea.ro\\\/albaiulia\\\/#\\\/schema\\\/person\\\/5db3854ac38c1cc9f0ab4092d6a20f02\",\"name\":\"Giurca Sorin\",\"image\":{\"@type\":\"ImageObject\",\"inLanguage\":\"ro-RO\",\"@id\":\"https:\\\/\\\/secure.gravatar.com\\\/avatar\\\/120f6fcae7b3b47a7730cb9943f612f4909f68ac5284b5f40ac1c4615fd70576?s=96&d=mm&r=g\",\"url\":\"https:\\\/\\\/secure.gravatar.com\\\/avatar\\\/120f6fcae7b3b47a7730cb9943f612f4909f68ac5284b5f40ac1c4615fd70576?s=96&d=mm&r=g\",\"contentUrl\":\"https:\\\/\\\/secure.gravatar.com\\\/avatar\\\/120f6fcae7b3b47a7730cb9943f612f4909f68ac5284b5f40ac1c4615fd70576?s=96&d=mm&r=g\",\"caption\":\"Giurca Sorin\"},\"url\":\"https:\\\/\\\/urbeamea.ro\\\/albaiulia\\\/author\\\/sorin\\\/\"}]}<\/script>\n<!-- \/ Yoast SEO plugin. -->","yoast_head_json":{"title":"Programul de circula\u021bie al autobuzelor \u00een ziua de 1 Mai - Revista Urbea Mea - Revista de Alba","description":"\u00cen ziua de 1 Mai, autobuzele Societ\u0103\u021bii de Transport Public, vor circula dup\u0103 programul unei zile de duminic\u0103. \u00cen data de 1 Mai 2026, \u00een Zonele","robots":{"index":"index","follow":"follow","max-snippet":"max-snippet:-1","max-image-preview":"max-image-preview:large","max-video-preview":"max-video-preview:-1"},"canonical":"https:\/\/urbeamea.ro\/albaiulia\/programul-de-circulatie-al-autobuzelor-in-ziua-de-1-mai\/","twitter_card":"summary_large_image","twitter_title":"Programul de circula\u021bie al autobuzelor \u00een ziua de 1 Mai - Revista Urbea Mea - Revista de Alba","twitter_description":"\u00cen ziua de 1 Mai, autobuzele Societ\u0103\u021bii de Transport Public, vor circula dup\u0103 programul unei zile de duminic\u0103. \u00cen data de 1 Mai 2026, \u00een Zonele","twitter_image":"https:\/\/urbeamea.ro\/albaiulia\/wp-content\/uploads\/2026\/04\/alba-iulia-autobuze.jpg","twitter_creator":"@urbeameaweb","twitter_site":"@urbeameaweb","schema":{"@context":"https:\/\/schema.org","@graph":[{"@type":"Article","@id":"https:\/\/urbeamea.ro\/albaiulia\/programul-de-circulatie-al-autobuzelor-in-ziua-de-1-mai\/#article","isPartOf":{"@id":"https:\/\/urbeamea.ro\/albaiulia\/programul-de-circulatie-al-autobuzelor-in-ziua-de-1-mai\/"},"author":{"name":"Giurca Sorin","@id":"https:\/\/urbeamea.ro\/albaiulia\/#\/schema\/person\/5db3854ac38c1cc9f0ab4092d6a20f02"},"headline":"Programul de circula\u021bie al autobuzelor \u00een ziua de 1 Mai","datePublished":"2026-04-30T08:27:42+00:00","dateModified":"2026-04-30T08:27:44+00:00","mainEntityOfPage":{"@id":"https:\/\/urbeamea.ro\/albaiulia\/programul-de-circulatie-al-autobuzelor-in-ziua-de-1-mai\/"},"wordCount":217,"commentCount":0,"image":{"@id":"https:\/\/urbeamea.ro\/albaiulia\/programul-de-circulatie-al-autobuzelor-in-ziua-de-1-mai\/#primaryimage"},"thumbnailUrl":"https:\/\/urbeamea.ro\/albaiulia\/wp-content\/uploads\/2026\/04\/alba-iulia-autobuze.jpg","keywords":["STP Alba Iulia"],"articleSection":["Actualitate","Evenimente","Social","\u015etiri Urbane","Urbea Mea"],"inLanguage":"ro-RO","potentialAction":[{"@type":"CommentAction","name":"Comment","target":["https:\/\/urbeamea.ro\/albaiulia\/programul-de-circulatie-al-autobuzelor-in-ziua-de-1-mai\/#respond"]}]},{"@type":"WebPage","@id":"https:\/\/urbeamea.ro\/albaiulia\/programul-de-circulatie-al-autobuzelor-in-ziua-de-1-mai\/","url":"https:\/\/urbeamea.ro\/albaiulia\/programul-de-circulatie-al-autobuzelor-in-ziua-de-1-mai\/","name":"Programul de circula\u021bie al autobuzelor \u00een ziua de 1 Mai - Revista Urbea Mea - Revista de Alba","isPartOf":{"@id":"https:\/\/urbeamea.ro\/albaiulia\/#website"},"primaryImageOfPage":{"@id":"https:\/\/urbeamea.ro\/albaiulia\/programul-de-circulatie-al-autobuzelor-in-ziua-de-1-mai\/#primaryimage"},"image":{"@id":"https:\/\/urbeamea.ro\/albaiulia\/programul-de-circulatie-al-autobuzelor-in-ziua-de-1-mai\/#primaryimage"},"thumbnailUrl":"https:\/\/urbeamea.ro\/albaiulia\/wp-content\/uploads\/2026\/04\/alba-iulia-autobuze.jpg","datePublished":"2026-04-30T08:27:42+00:00","dateModified":"2026-04-30T08:27:44+00:00","author":{"@id":"https:\/\/urbeamea.ro\/albaiulia\/#\/schema\/person\/5db3854ac38c1cc9f0ab4092d6a20f02"},"description":"\u00cen ziua de 1 Mai, autobuzele Societ\u0103\u021bii de Transport Public, vor circula dup\u0103 programul unei zile de duminic\u0103. \u00cen data de 1 Mai 2026, \u00een Zonele","breadcrumb":{"@id":"https:\/\/urbeamea.ro\/albaiulia\/programul-de-circulatie-al-autobuzelor-in-ziua-de-1-mai\/#breadcrumb"},"inLanguage":"ro-RO","potentialAction":[{"@type":"ReadAction","target":["https:\/\/urbeamea.ro\/albaiulia\/programul-de-circulatie-al-autobuzelor-in-ziua-de-1-mai\/"]}]},{"@type":"ImageObject","inLanguage":"ro-RO","@id":"https:\/\/urbeamea.ro\/albaiulia\/programul-de-circulatie-al-autobuzelor-in-ziua-de-1-mai\/#primaryimage","url":"https:\/\/urbeamea.ro\/albaiulia\/wp-content\/uploads\/2026\/04\/alba-iulia-autobuze.jpg","contentUrl":"https:\/\/urbeamea.ro\/albaiulia\/wp-content\/uploads\/2026\/04\/alba-iulia-autobuze.jpg","width":1568,"height":874},{"@type":"BreadcrumbList","@id":"https:\/\/urbeamea.ro\/albaiulia\/programul-de-circulatie-al-autobuzelor-in-ziua-de-1-mai\/#breadcrumb","itemListElement":[{"@type":"ListItem","position":1,"name":"Prima pagin\u0103","item":"https:\/\/urbeamea.ro\/albaiulia\/"},{"@type":"ListItem","position":2,"name":"Programul de circula\u021bie al autobuzelor \u00een ziua de 1 Mai"}]},{"@type":"WebSite","@id":"https:\/\/urbeamea.ro\/albaiulia\/#website","url":"https:\/\/urbeamea.ro\/albaiulia\/","name":"Revista Urbea Mea, Stiri urbane","description":"Evenimente \u0219i \u0219tiri din Alba Iulia, Sebe\u0219, Aiud, Blaj","potentialAction":[{"@type":"SearchAction","target":{"@type":"EntryPoint","urlTemplate":"https:\/\/urbeamea.ro\/albaiulia\/?s={search_term_string}"},"query-input":{"@type":"PropertyValueSpecification","valueRequired":true,"valueName":"search_term_string"}}],"inLanguage":"ro-RO"},{"@type":"Person","@id":"https:\/\/urbeamea.ro\/albaiulia\/#\/schema\/person\/5db3854ac38c1cc9f0ab4092d6a20f02","name":"Giurca Sorin","image":{"@type":"ImageObject","inLanguage":"ro-RO","@id":"https:\/\/secure.gravatar.com\/avatar\/120f6fcae7b3b47a7730cb9943f612f4909f68ac5284b5f40ac1c4615fd70576?s=96&d=mm&r=g","url":"https:\/\/secure.gravatar.com\/avatar\/120f6fcae7b3b47a7730cb9943f612f4909f68ac5284b5f40ac1c4615fd70576?s=96&d=mm&r=g","contentUrl":"https:\/\/secure.gravatar.com\/avatar\/120f6fcae7b3b47a7730cb9943f612f4909f68ac5284b5f40ac1c4615fd70576?s=96&d=mm&r=g","caption":"Giurca Sorin"},"url":"https:\/\/urbeamea.ro\/albaiulia\/author\/sorin\/"}]}},"_links":{"self":[{"href":"https:\/\/urbeamea.ro\/albaiulia\/wp-json\/wp\/v2\/posts\/121983","targetHints":{"allow":["GET"]}}],"collection":[{"href":"https:\/\/urbeamea.ro\/albaiulia\/wp-json\/wp\/v2\/posts"}],"about":[{"href":"https:\/\/urbeamea.ro\/albaiulia\/wp-json\/wp\/v2\/types\/post"}],"author":[{"embeddable":true,"href":"https:\/\/urbeamea.ro\/albaiulia\/wp-json\/wp\/v2\/users\/28"}],"replies":[{"embeddable":true,"href":"https:\/\/urbeamea.ro\/albaiulia\/wp-json\/wp\/v2\/comments?post=121983"}],"version-history":[{"count":1,"href":"https:\/\/urbeamea.ro\/albaiulia\/wp-json\/wp\/v2\/posts\/121983\/revisions"}],"predecessor-version":[{"id":121985,"href":"https:\/\/urbeamea.ro\/albaiulia\/wp-json\/wp\/v2\/posts\/121983\/revisions\/121985"}],"wp:featuredmedia":[{"embeddable":true,"href":"https:\/\/urbeamea.ro\/albaiulia\/wp-json\/wp\/v2\/media\/121984"}],"wp:attachment":[{"href":"https:\/\/urbeamea.ro\/albaiulia\/wp-json\/wp\/v2\/media?parent=121983"}],"wp:term":[{"taxonomy":"category","embeddable":true,"href":"https:\/\/urbeamea.ro\/albaiulia\/wp-json\/wp\/v2\/categories?post=121983"},{"taxonomy":"post_tag","embeddable":true,"href":"https:\/\/urbeamea.ro\/albaiulia\/wp-json\/wp\/v2\/tags?post=121983"}],"curies":[{"name":"wp","href":"https:\/\/api.w.org\/{rel}","templated":true}]}}