{"id":121986,"date":"2026-04-30T12:00:17","date_gmt":"2026-04-30T09:00:17","guid":{"rendered":"https:\/\/urbeamea.ro\/albaiulia\/?p=121986"},"modified":"2026-04-30T12:00:18","modified_gmt":"2026-04-30T09:00:18","slug":"de-la-1-mai-garda-cetatii-alba-carolina-revine-cu-salve-de-tun-si-un-spectacol-istoric-de-exceptie","status":"publish","type":"post","link":"https:\/\/urbeamea.ro\/albaiulia\/de-la-1-mai-garda-cetatii-alba-carolina-revine-cu-salve-de-tun-si-un-spectacol-istoric-de-exceptie\/","title":{"rendered":"De la 1 Mai: Garda Cet\u0103\u021bii Alba Carolina revine cu salve de tun \u0219i un spectacol istoric de excep\u021bie"},"content":{"rendered":"\n<p>Dup\u0103 6 ani, salvele de tun vor r\u0103suna din nou \u00een Alba Iulia. Ceremonialul schimbului de gard\u0103 revine, de la 1 mai, \u00een Cetatea Alba Carolina, \u00eentr-o formul\u0103 spectaculoas\u0103, care promite s\u0103 duc\u0103 reprezenta\u021biile istorice la un alt nivel.<\/p>\n\n\n\n<p>Publicul va putea urm\u0103ri defilarea G\u0103rzii Cet\u0103\u021bii, inspirat\u0103 de armata habsburgic\u0103 din secolul al XVIII-lea, dar \u0219i momente de reconstituire care transform\u0103 esplanadele Por\u021bilor a IV-a \u0219i a III-a \u00eentr-o adev\u0103rat\u0103 scen\u0103 de istorie vie. Spectatorii nu vor asista doar la un ceremonial, ci la o lec\u021bie de istorie despre Cetatea bastionar\u0103, despre via\u021ba de garnizoan\u0103, despre uniforme, arme, steaguri \u0219i simbolurile militare ale epocii.<\/p>\n\n\n\n<p>Prima reprezenta\u021bie din acest sezon are loc vineri, 1 mai, de la ora 20:00. \u00cen mod excep\u021bional, deschiderea sezonului va fi marcat\u0103 de Garda mare, cu 22 de solda\u021bi \u0219i 4 cai, iar ceremonialul va readuce \u00een Cetate emo\u021bia \u0219i for\u021ba salvelor de tun.<\/p>\n\n\n\n<p>Uniformele purtate de Garda Cet\u0103\u021bii au ca surs\u0103 de inspira\u021bie echipamentul militar din a doua jum\u0103tate a secolului al XVIII-lea. Acestea fac trimitere la regimentul prezent \u00een Cetatea bastionar\u0103 \u00een jurul anului 1763, cunoscut mai t\u00e2rziu drept Regimentul de Infanterie nr. 45, \u00eentr-o perioad\u0103 \u00een care fortifica\u021bia avea rol de garnizoan\u0103 a Imperiului Habsburgic. Fiecare element al costumelor a fost ales \u00een urma unei document\u0103ri istorice, pentru ca reprezenta\u021biile s\u0103 redea c\u00e2t mai fidel atmosfera acelei epoci.<\/p>\n\n\n\n<p>P\u00e2n\u0103 la 1 octombrie, programul reprezenta\u021biilor G\u0103rzii Cet\u0103\u021bii va fi urm\u0103torul:<\/p>\n\n\n\n<ul class=\"wp-block-list\">\n<li>Vineri, ora 20:00 \u2013 Garda mic\u0103, format\u0103 din 12 solda\u021bi<\/li>\n\n\n\n<li>S\u00e2mb\u0103t\u0103, ora 20:00 \u2013 Garda mare, format\u0103 din 22 de solda\u021bi \u0219i 4 cai, ceremonialul urm\u00e2nd s\u0103 se \u00eencheie cu dou\u0103 salve de tun<\/li>\n\n\n\n<li>Duminic\u0103, ora 12:00 \u2013 Garda mic\u0103, format\u0103 din 12 solda\u021bi<\/li>\n<\/ul>\n\n\n\n<p>Prin excep\u021bie, \u00een aceast\u0103 s\u0103pt\u0103m\u00e2n\u0103, pentru a marca \u00eenceputul sezonului turistic, Garda mare va defila vineri, 1 mai, de la ora 20:00, iar Garda mic\u0103 va avea reprezenta\u021bie s\u00e2mb\u0103t\u0103, 2 mai, de la aceea\u0219i or\u0103.<\/p>\n\n\n\n<p>Ceremonialul schimbului de Gard\u0103 este organizat \u0219i prezentat de Centrul Cultural Palatul Principilor din Alba Iulia.<\/p>\n","protected":false},"excerpt":{"rendered":"<p>Dup\u0103 6 ani, salvele de tun vor r\u0103suna din nou \u00een Alba Iulia. Ceremonialul schimbului de gard\u0103 revine, de la 1 mai, \u00een Cetatea Alba Carolina, \u00eentr-o formul\u0103 spectaculoas\u0103, care promite s\u0103 duc\u0103 reprezenta\u021biile istorice la un alt nivel. Publicul va putea urm\u0103ri defilarea G\u0103rzii Cet\u0103\u021bii, inspirat\u0103 de armata habsburgic\u0103 din secolul al XVIII-lea, dar &hellip;<\/p>\n","protected":false},"author":16,"featured_media":121987,"comment_status":"open","ping_status":"open","sticky":false,"template":"","format":"standard","meta":{"inline_featured_image":false,"footnotes":""},"categories":[4],"tags":[],"class_list":["post-121986","post","type-post","status-publish","format-standard","has-post-thumbnail","hentry","category-eveniment"],"yoast_head":"<!-- This site is optimized with the Yoast SEO plugin v27.4 - https:\/\/yoast.com\/product\/yoast-seo-wordpress\/ -->\n<title>De la 1 Mai: Garda Cet\u0103\u021bii Alba Carolina revine cu salve de tun \u0219i un spectacol istoric de excep\u021bie - Revista Urbea Mea - Revista de Alba<\/title>\n<meta name=\"description\" content=\"Dup\u0103 6 ani, salvele de tun vor r\u0103suna din nou \u00een Alba Iulia. Ceremonialul schimbului de gard\u0103 revine, de la 1 mai, \u00een Cetatea Alba Carolina, \u00eentr-o\" \/>\n<meta name=\"robots\" content=\"index, follow, max-snippet:-1, max-image-preview:large, max-video-preview:-1\" \/>\n<link rel=\"canonical\" href=\"https:\/\/urbeamea.ro\/albaiulia\/de-la-1-mai-garda-cetatii-alba-carolina-revine-cu-salve-de-tun-si-un-spectacol-istoric-de-exceptie\/\" \/>\n<meta name=\"twitter:card\" content=\"summary_large_image\" \/>\n<meta name=\"twitter:title\" content=\"De la 1 Mai: Garda Cet\u0103\u021bii Alba Carolina revine cu salve de tun \u0219i un spectacol istoric de excep\u021bie - Revista Urbea Mea - Revista de Alba\" \/>\n<meta name=\"twitter:description\" content=\"Dup\u0103 6 ani, salvele de tun vor r\u0103suna din nou \u00een Alba Iulia. Ceremonialul schimbului de gard\u0103 revine, de la 1 mai, \u00een Cetatea Alba Carolina, \u00eentr-o\" \/>\n<meta name=\"twitter:image\" content=\"https:\/\/urbeamea.ro\/albaiulia\/wp-content\/uploads\/2026\/04\/GardaCetatiiVaidean.jpg\" \/>\n<meta name=\"twitter:creator\" content=\"@urbeameaweb\" \/>\n<meta name=\"twitter:site\" content=\"@urbeameaweb\" \/>\n<script type=\"application\/ld+json\" class=\"yoast-schema-graph\">{\"@context\":\"https:\\\/\\\/schema.org\",\"@graph\":[{\"@type\":\"Article\",\"@id\":\"https:\\\/\\\/urbeamea.ro\\\/albaiulia\\\/de-la-1-mai-garda-cetatii-alba-carolina-revine-cu-salve-de-tun-si-un-spectacol-istoric-de-exceptie\\\/#article\",\"isPartOf\":{\"@id\":\"https:\\\/\\\/urbeamea.ro\\\/albaiulia\\\/de-la-1-mai-garda-cetatii-alba-carolina-revine-cu-salve-de-tun-si-un-spectacol-istoric-de-exceptie\\\/\"},\"author\":{\"name\":\"Redac\u021bia UrbeaMea\",\"@id\":\"https:\\\/\\\/urbeamea.ro\\\/albaiulia\\\/#\\\/schema\\\/person\\\/272ae98052f8ee8980f59848df070247\"},\"headline\":\"De la 1 Mai: Garda Cet\u0103\u021bii Alba Carolina revine cu salve de tun \u0219i un spectacol istoric de excep\u021bie\",\"datePublished\":\"2026-04-30T09:00:17+00:00\",\"dateModified\":\"2026-04-30T09:00:18+00:00\",\"mainEntityOfPage\":{\"@id\":\"https:\\\/\\\/urbeamea.ro\\\/albaiulia\\\/de-la-1-mai-garda-cetatii-alba-carolina-revine-cu-salve-de-tun-si-un-spectacol-istoric-de-exceptie\\\/\"},\"wordCount\":370,\"commentCount\":0,\"image\":{\"@id\":\"https:\\\/\\\/urbeamea.ro\\\/albaiulia\\\/de-la-1-mai-garda-cetatii-alba-carolina-revine-cu-salve-de-tun-si-un-spectacol-istoric-de-exceptie\\\/#primaryimage\"},\"thumbnailUrl\":\"https:\\\/\\\/urbeamea.ro\\\/albaiulia\\\/wp-content\\\/uploads\\\/2026\\\/04\\\/GardaCetatiiVaidean.jpg\",\"articleSection\":[\"Evenimente\"],\"inLanguage\":\"ro-RO\",\"potentialAction\":[{\"@type\":\"CommentAction\",\"name\":\"Comment\",\"target\":[\"https:\\\/\\\/urbeamea.ro\\\/albaiulia\\\/de-la-1-mai-garda-cetatii-alba-carolina-revine-cu-salve-de-tun-si-un-spectacol-istoric-de-exceptie\\\/#respond\"]}]},{\"@type\":\"WebPage\",\"@id\":\"https:\\\/\\\/urbeamea.ro\\\/albaiulia\\\/de-la-1-mai-garda-cetatii-alba-carolina-revine-cu-salve-de-tun-si-un-spectacol-istoric-de-exceptie\\\/\",\"url\":\"https:\\\/\\\/urbeamea.ro\\\/albaiulia\\\/de-la-1-mai-garda-cetatii-alba-carolina-revine-cu-salve-de-tun-si-un-spectacol-istoric-de-exceptie\\\/\",\"name\":\"De la 1 Mai: Garda Cet\u0103\u021bii Alba Carolina revine cu salve de tun \u0219i un spectacol istoric de excep\u021bie - Revista Urbea Mea - Revista de Alba\",\"isPartOf\":{\"@id\":\"https:\\\/\\\/urbeamea.ro\\\/albaiulia\\\/#website\"},\"primaryImageOfPage\":{\"@id\":\"https:\\\/\\\/urbeamea.ro\\\/albaiulia\\\/de-la-1-mai-garda-cetatii-alba-carolina-revine-cu-salve-de-tun-si-un-spectacol-istoric-de-exceptie\\\/#primaryimage\"},\"image\":{\"@id\":\"https:\\\/\\\/urbeamea.ro\\\/albaiulia\\\/de-la-1-mai-garda-cetatii-alba-carolina-revine-cu-salve-de-tun-si-un-spectacol-istoric-de-exceptie\\\/#primaryimage\"},\"thumbnailUrl\":\"https:\\\/\\\/urbeamea.ro\\\/albaiulia\\\/wp-content\\\/uploads\\\/2026\\\/04\\\/GardaCetatiiVaidean.jpg\",\"datePublished\":\"2026-04-30T09:00:17+00:00\",\"dateModified\":\"2026-04-30T09:00:18+00:00\",\"author\":{\"@id\":\"https:\\\/\\\/urbeamea.ro\\\/albaiulia\\\/#\\\/schema\\\/person\\\/272ae98052f8ee8980f59848df070247\"},\"description\":\"Dup\u0103 6 ani, salvele de tun vor r\u0103suna din nou \u00een Alba Iulia. Ceremonialul schimbului de gard\u0103 revine, de la 1 mai, \u00een Cetatea Alba Carolina, \u00eentr-o\",\"breadcrumb\":{\"@id\":\"https:\\\/\\\/urbeamea.ro\\\/albaiulia\\\/de-la-1-mai-garda-cetatii-alba-carolina-revine-cu-salve-de-tun-si-un-spectacol-istoric-de-exceptie\\\/#breadcrumb\"},\"inLanguage\":\"ro-RO\",\"potentialAction\":[{\"@type\":\"ReadAction\",\"target\":[\"https:\\\/\\\/urbeamea.ro\\\/albaiulia\\\/de-la-1-mai-garda-cetatii-alba-carolina-revine-cu-salve-de-tun-si-un-spectacol-istoric-de-exceptie\\\/\"]}]},{\"@type\":\"ImageObject\",\"inLanguage\":\"ro-RO\",\"@id\":\"https:\\\/\\\/urbeamea.ro\\\/albaiulia\\\/de-la-1-mai-garda-cetatii-alba-carolina-revine-cu-salve-de-tun-si-un-spectacol-istoric-de-exceptie\\\/#primaryimage\",\"url\":\"https:\\\/\\\/urbeamea.ro\\\/albaiulia\\\/wp-content\\\/uploads\\\/2026\\\/04\\\/GardaCetatiiVaidean.jpg\",\"contentUrl\":\"https:\\\/\\\/urbeamea.ro\\\/albaiulia\\\/wp-content\\\/uploads\\\/2026\\\/04\\\/GardaCetatiiVaidean.jpg\",\"width\":1224,\"height\":816},{\"@type\":\"BreadcrumbList\",\"@id\":\"https:\\\/\\\/urbeamea.ro\\\/albaiulia\\\/de-la-1-mai-garda-cetatii-alba-carolina-revine-cu-salve-de-tun-si-un-spectacol-istoric-de-exceptie\\\/#breadcrumb\",\"itemListElement\":[{\"@type\":\"ListItem\",\"position\":1,\"name\":\"Prima pagin\u0103\",\"item\":\"https:\\\/\\\/urbeamea.ro\\\/albaiulia\\\/\"},{\"@type\":\"ListItem\",\"position\":2,\"name\":\"De la 1 Mai: Garda Cet\u0103\u021bii Alba Carolina revine cu salve de tun \u0219i un spectacol istoric de excep\u021bie\"}]},{\"@type\":\"WebSite\",\"@id\":\"https:\\\/\\\/urbeamea.ro\\\/albaiulia\\\/#website\",\"url\":\"https:\\\/\\\/urbeamea.ro\\\/albaiulia\\\/\",\"name\":\"Revista Urbea Mea, Stiri urbane\",\"description\":\"Evenimente \u0219i \u0219tiri din Alba Iulia, Sebe\u0219, Aiud, Blaj\",\"potentialAction\":[{\"@type\":\"SearchAction\",\"target\":{\"@type\":\"EntryPoint\",\"urlTemplate\":\"https:\\\/\\\/urbeamea.ro\\\/albaiulia\\\/?s={search_term_string}\"},\"query-input\":{\"@type\":\"PropertyValueSpecification\",\"valueRequired\":true,\"valueName\":\"search_term_string\"}}],\"inLanguage\":\"ro-RO\"},{\"@type\":\"Person\",\"@id\":\"https:\\\/\\\/urbeamea.ro\\\/albaiulia\\\/#\\\/schema\\\/person\\\/272ae98052f8ee8980f59848df070247\",\"name\":\"Redac\u021bia UrbeaMea\",\"image\":{\"@type\":\"ImageObject\",\"inLanguage\":\"ro-RO\",\"@id\":\"https:\\\/\\\/secure.gravatar.com\\\/avatar\\\/9ce5a9435071fa1037e8468053ead8e513dbbff59009d3069aadb85506d85a27?s=96&d=mm&r=g\",\"url\":\"https:\\\/\\\/secure.gravatar.com\\\/avatar\\\/9ce5a9435071fa1037e8468053ead8e513dbbff59009d3069aadb85506d85a27?s=96&d=mm&r=g\",\"contentUrl\":\"https:\\\/\\\/secure.gravatar.com\\\/avatar\\\/9ce5a9435071fa1037e8468053ead8e513dbbff59009d3069aadb85506d85a27?s=96&d=mm&r=g\",\"caption\":\"Redac\u021bia UrbeaMea\"},\"description\":\"contact@urbeamea.ro\",\"sameAs\":[\"https:\\\/\\\/www.urbeamea.ro\"],\"url\":\"https:\\\/\\\/urbeamea.ro\\\/albaiulia\\\/author\\\/redactia-urbeamea\\\/\"}]}<\/script>\n<!-- \/ Yoast SEO plugin. -->","yoast_head_json":{"title":"De la 1 Mai: Garda Cet\u0103\u021bii Alba Carolina revine cu salve de tun \u0219i un spectacol istoric de excep\u021bie - Revista Urbea Mea - Revista de Alba","description":"Dup\u0103 6 ani, salvele de tun vor r\u0103suna din nou \u00een Alba Iulia. Ceremonialul schimbului de gard\u0103 revine, de la 1 mai, \u00een Cetatea Alba Carolina, \u00eentr-o","robots":{"index":"index","follow":"follow","max-snippet":"max-snippet:-1","max-image-preview":"max-image-preview:large","max-video-preview":"max-video-preview:-1"},"canonical":"https:\/\/urbeamea.ro\/albaiulia\/de-la-1-mai-garda-cetatii-alba-carolina-revine-cu-salve-de-tun-si-un-spectacol-istoric-de-exceptie\/","twitter_card":"summary_large_image","twitter_title":"De la 1 Mai: Garda Cet\u0103\u021bii Alba Carolina revine cu salve de tun \u0219i un spectacol istoric de excep\u021bie - Revista Urbea Mea - Revista de Alba","twitter_description":"Dup\u0103 6 ani, salvele de tun vor r\u0103suna din nou \u00een Alba Iulia. Ceremonialul schimbului de gard\u0103 revine, de la 1 mai, \u00een Cetatea Alba Carolina, \u00eentr-o","twitter_image":"https:\/\/urbeamea.ro\/albaiulia\/wp-content\/uploads\/2026\/04\/GardaCetatiiVaidean.jpg","twitter_creator":"@urbeameaweb","twitter_site":"@urbeameaweb","schema":{"@context":"https:\/\/schema.org","@graph":[{"@type":"Article","@id":"https:\/\/urbeamea.ro\/albaiulia\/de-la-1-mai-garda-cetatii-alba-carolina-revine-cu-salve-de-tun-si-un-spectacol-istoric-de-exceptie\/#article","isPartOf":{"@id":"https:\/\/urbeamea.ro\/albaiulia\/de-la-1-mai-garda-cetatii-alba-carolina-revine-cu-salve-de-tun-si-un-spectacol-istoric-de-exceptie\/"},"author":{"name":"Redac\u021bia UrbeaMea","@id":"https:\/\/urbeamea.ro\/albaiulia\/#\/schema\/person\/272ae98052f8ee8980f59848df070247"},"headline":"De la 1 Mai: Garda Cet\u0103\u021bii Alba Carolina revine cu salve de tun \u0219i un spectacol istoric de excep\u021bie","datePublished":"2026-04-30T09:00:17+00:00","dateModified":"2026-04-30T09:00:18+00:00","mainEntityOfPage":{"@id":"https:\/\/urbeamea.ro\/albaiulia\/de-la-1-mai-garda-cetatii-alba-carolina-revine-cu-salve-de-tun-si-un-spectacol-istoric-de-exceptie\/"},"wordCount":370,"commentCount":0,"image":{"@id":"https:\/\/urbeamea.ro\/albaiulia\/de-la-1-mai-garda-cetatii-alba-carolina-revine-cu-salve-de-tun-si-un-spectacol-istoric-de-exceptie\/#primaryimage"},"thumbnailUrl":"https:\/\/urbeamea.ro\/albaiulia\/wp-content\/uploads\/2026\/04\/GardaCetatiiVaidean.jpg","articleSection":["Evenimente"],"inLanguage":"ro-RO","potentialAction":[{"@type":"CommentAction","name":"Comment","target":["https:\/\/urbeamea.ro\/albaiulia\/de-la-1-mai-garda-cetatii-alba-carolina-revine-cu-salve-de-tun-si-un-spectacol-istoric-de-exceptie\/#respond"]}]},{"@type":"WebPage","@id":"https:\/\/urbeamea.ro\/albaiulia\/de-la-1-mai-garda-cetatii-alba-carolina-revine-cu-salve-de-tun-si-un-spectacol-istoric-de-exceptie\/","url":"https:\/\/urbeamea.ro\/albaiulia\/de-la-1-mai-garda-cetatii-alba-carolina-revine-cu-salve-de-tun-si-un-spectacol-istoric-de-exceptie\/","name":"De la 1 Mai: Garda Cet\u0103\u021bii Alba Carolina revine cu salve de tun \u0219i un spectacol istoric de excep\u021bie - Revista Urbea Mea - Revista de Alba","isPartOf":{"@id":"https:\/\/urbeamea.ro\/albaiulia\/#website"},"primaryImageOfPage":{"@id":"https:\/\/urbeamea.ro\/albaiulia\/de-la-1-mai-garda-cetatii-alba-carolina-revine-cu-salve-de-tun-si-un-spectacol-istoric-de-exceptie\/#primaryimage"},"image":{"@id":"https:\/\/urbeamea.ro\/albaiulia\/de-la-1-mai-garda-cetatii-alba-carolina-revine-cu-salve-de-tun-si-un-spectacol-istoric-de-exceptie\/#primaryimage"},"thumbnailUrl":"https:\/\/urbeamea.ro\/albaiulia\/wp-content\/uploads\/2026\/04\/GardaCetatiiVaidean.jpg","datePublished":"2026-04-30T09:00:17+00:00","dateModified":"2026-04-30T09:00:18+00:00","author":{"@id":"https:\/\/urbeamea.ro\/albaiulia\/#\/schema\/person\/272ae98052f8ee8980f59848df070247"},"description":"Dup\u0103 6 ani, salvele de tun vor r\u0103suna din nou \u00een Alba Iulia. Ceremonialul schimbului de gard\u0103 revine, de la 1 mai, \u00een Cetatea Alba Carolina, \u00eentr-o","breadcrumb":{"@id":"https:\/\/urbeamea.ro\/albaiulia\/de-la-1-mai-garda-cetatii-alba-carolina-revine-cu-salve-de-tun-si-un-spectacol-istoric-de-exceptie\/#breadcrumb"},"inLanguage":"ro-RO","potentialAction":[{"@type":"ReadAction","target":["https:\/\/urbeamea.ro\/albaiulia\/de-la-1-mai-garda-cetatii-alba-carolina-revine-cu-salve-de-tun-si-un-spectacol-istoric-de-exceptie\/"]}]},{"@type":"ImageObject","inLanguage":"ro-RO","@id":"https:\/\/urbeamea.ro\/albaiulia\/de-la-1-mai-garda-cetatii-alba-carolina-revine-cu-salve-de-tun-si-un-spectacol-istoric-de-exceptie\/#primaryimage","url":"https:\/\/urbeamea.ro\/albaiulia\/wp-content\/uploads\/2026\/04\/GardaCetatiiVaidean.jpg","contentUrl":"https:\/\/urbeamea.ro\/albaiulia\/wp-content\/uploads\/2026\/04\/GardaCetatiiVaidean.jpg","width":1224,"height":816},{"@type":"BreadcrumbList","@id":"https:\/\/urbeamea.ro\/albaiulia\/de-la-1-mai-garda-cetatii-alba-carolina-revine-cu-salve-de-tun-si-un-spectacol-istoric-de-exceptie\/#breadcrumb","itemListElement":[{"@type":"ListItem","position":1,"name":"Prima pagin\u0103","item":"https:\/\/urbeamea.ro\/albaiulia\/"},{"@type":"ListItem","position":2,"name":"De la 1 Mai: Garda Cet\u0103\u021bii Alba Carolina revine cu salve de tun \u0219i un spectacol istoric de excep\u021bie"}]},{"@type":"WebSite","@id":"https:\/\/urbeamea.ro\/albaiulia\/#website","url":"https:\/\/urbeamea.ro\/albaiulia\/","name":"Revista Urbea Mea, Stiri urbane","description":"Evenimente \u0219i \u0219tiri din Alba Iulia, Sebe\u0219, Aiud, Blaj","potentialAction":[{"@type":"SearchAction","target":{"@type":"EntryPoint","urlTemplate":"https:\/\/urbeamea.ro\/albaiulia\/?s={search_term_string}"},"query-input":{"@type":"PropertyValueSpecification","valueRequired":true,"valueName":"search_term_string"}}],"inLanguage":"ro-RO"},{"@type":"Person","@id":"https:\/\/urbeamea.ro\/albaiulia\/#\/schema\/person\/272ae98052f8ee8980f59848df070247","name":"Redac\u021bia UrbeaMea","image":{"@type":"ImageObject","inLanguage":"ro-RO","@id":"https:\/\/secure.gravatar.com\/avatar\/9ce5a9435071fa1037e8468053ead8e513dbbff59009d3069aadb85506d85a27?s=96&d=mm&r=g","url":"https:\/\/secure.gravatar.com\/avatar\/9ce5a9435071fa1037e8468053ead8e513dbbff59009d3069aadb85506d85a27?s=96&d=mm&r=g","contentUrl":"https:\/\/secure.gravatar.com\/avatar\/9ce5a9435071fa1037e8468053ead8e513dbbff59009d3069aadb85506d85a27?s=96&d=mm&r=g","caption":"Redac\u021bia UrbeaMea"},"description":"contact@urbeamea.ro","sameAs":["https:\/\/www.urbeamea.ro"],"url":"https:\/\/urbeamea.ro\/albaiulia\/author\/redactia-urbeamea\/"}]}},"_links":{"self":[{"href":"https:\/\/urbeamea.ro\/albaiulia\/wp-json\/wp\/v2\/posts\/121986","targetHints":{"allow":["GET"]}}],"collection":[{"href":"https:\/\/urbeamea.ro\/albaiulia\/wp-json\/wp\/v2\/posts"}],"about":[{"href":"https:\/\/urbeamea.ro\/albaiulia\/wp-json\/wp\/v2\/types\/post"}],"author":[{"embeddable":true,"href":"https:\/\/urbeamea.ro\/albaiulia\/wp-json\/wp\/v2\/users\/16"}],"replies":[{"embeddable":true,"href":"https:\/\/urbeamea.ro\/albaiulia\/wp-json\/wp\/v2\/comments?post=121986"}],"version-history":[{"count":1,"href":"https:\/\/urbeamea.ro\/albaiulia\/wp-json\/wp\/v2\/posts\/121986\/revisions"}],"predecessor-version":[{"id":121988,"href":"https:\/\/urbeamea.ro\/albaiulia\/wp-json\/wp\/v2\/posts\/121986\/revisions\/121988"}],"wp:featuredmedia":[{"embeddable":true,"href":"https:\/\/urbeamea.ro\/albaiulia\/wp-json\/wp\/v2\/media\/121987"}],"wp:attachment":[{"href":"https:\/\/urbeamea.ro\/albaiulia\/wp-json\/wp\/v2\/media?parent=121986"}],"wp:term":[{"taxonomy":"category","embeddable":true,"href":"https:\/\/urbeamea.ro\/albaiulia\/wp-json\/wp\/v2\/categories?post=121986"},{"taxonomy":"post_tag","embeddable":true,"href":"https:\/\/urbeamea.ro\/albaiulia\/wp-json\/wp\/v2\/tags?post=121986"}],"curies":[{"name":"wp","href":"https:\/\/api.w.org\/{rel}","templated":true}]}}